{"id":12826,"date":"2024-11-04T11:02:22","date_gmt":"2024-11-04T10:02:22","guid":{"rendered":"https:\/\/radiolitoral.com\/?p=12826"},"modified":"2024-11-04T12:14:06","modified_gmt":"2024-11-04T11:14:06","slug":"benissa-rebaixa-libi-per-equilibrar-els-pressupostos-despres-de-la-pujada-de-la-taxa-de-recollida-de-fem","status":"publish","type":"post","link":"https:\/\/radiolitoral.com\/ca\/2024\/11\/benissa-rebaixa-libi-per-a-equilibrar-els-pressupostos-despres-de-la-pujada-de-la-taxa-de-recollida-de-fem\/","title":{"rendered":"Benissa rebaixa l&#039;IBI per \u00abequilibrar els pressupostos\u00bb despr\u00e9s de la pujada de la taxa de recollida de fem"},"content":{"rendered":"<p>L&#039;Ajuntament de Benissa ha donat llum verda a la modificaci\u00f3 de l&#039;ordenan\u00e7a fiscal reguladora de la <strong>taxa de residus<\/strong> al ple ordinari del mes d&#039;octubre, celebrat el passat dimarts 29. <span class=\"hiddenSuggestion\">Aquesta<\/span>\u00a0actualitzaci\u00f3 sorgix per l&#039;exig\u00e8ncia de la llei estatal 7\/2022 de residus i s\u00f2ls contaminants, amb l&#039;objectiu d&#039;establir una economia circular que\u00a0<strong>cobreixi els costos directes i indirectes<\/strong> de la recollida, transport i tractament dels residus.<\/p>\n<p>Segons ha explicat el regidor d&#039;Hisenda, Vicent Ferrer, aquesta normativa obliga a ajustar la taxa de residus perqu\u00e8 deix de ser deficit\u00e0ria a partir de l&#039;any 2025. Actualment, el cost de la recollida de residus ascendeix a 2.405.244,15 \u20ac, mentre que la recaptaci\u00f3 per aquesta taxa \u00e9s de 1.414.123,30 \u20ac, el que genera un d\u00e8ficit de quasi un mili\u00f3 d&#039;euros.<\/p>\n<h4><strong>Zonas i noves tarifes per al 2025<\/strong><\/h4>\n<p>Per adaptar-se a la normativa europea que promou el principi de \u201cqui contamina, paga\u201d, <strong>Benissa ha estat dividida en cinc zones<\/strong>: zona urbana, zona litoral, Rac\u00f3 de Galeno\/Los Bancales, disseminat i urbanitzacions, amb preus espec\u00edfics per a cada una. El regidor ha detallat que aquesta divisi\u00f3 <strong>es basa en el valor catastral i la densitat de poblaci\u00f3<\/strong>.<\/p>\n<p>Vicente Ferrer ha destacat que \u201c<strong>el preu de cada zona no ser\u00e0 fix<\/strong> els propers anys, sin\u00f3 que podr\u00e0 variar. A partir del 2025, implementarem mecanismes per aplicar el principi de qui contamina, paga, amb l&#039;objectiu que cada llar de Benissa pagui en funci\u00f3 de si fa correctament la separaci\u00f3 de residus\u201d.<\/p>\n<p><a href=\"https:\/\/media.radiolitoral.com\/wp-content\/uploads\/2024\/11\/04105457\/tasas-basura-benissa.png\"><img loading=\"lazy\" decoding=\"async\" class=\"size-full wp-image-12827 aligncenter\" src=\"https:\/\/media.radiolitoral.com\/wp-content\/uploads\/2024\/11\/04105457\/tasas-basura-benissa.png\" alt=\"\" width=\"745\" height=\"258\" srcset=\"https:\/\/media.radiolitoral.com\/wp-content\/uploads\/2024\/11\/04105457\/tasas-basura-benissa.png 745w, https:\/\/media.radiolitoral.com\/wp-content\/uploads\/2024\/11\/04105457\/tasas-basura-benissa-300x104.png 300w, https:\/\/media.radiolitoral.com\/wp-content\/uploads\/2024\/11\/04105457\/tasas-basura-benissa-18x6.png 18w, https:\/\/media.radiolitoral.com\/wp-content\/uploads\/2024\/11\/04105457\/tasas-basura-benissa-100x35.png 100w, https:\/\/media.radiolitoral.com\/wp-content\/uploads\/2024\/11\/04105457\/tasas-basura-benissa-200x69.png 200w\" sizes=\"auto, (max-width: 745px) 100vw, 745px\" \/><\/a><\/p>\n<h4><strong>Ampliaci\u00f3 del servei de reciclatge i nous contenidors<\/strong><\/h4>\n<p>El proper any tamb\u00e9 \u00e9s<strong> renovar\u00e0 el sistema de contenedors<\/strong> del municipi, incloent-hi la implantaci\u00f3 de contenedors intel\u00b7ligents per facilitar la separaci\u00f3 dels residus. A m\u00e9s, es refor\u00e7ar\u00e0 el servei de l&#039;ecoparc m\u00f2bil, actualment disponible cada mi\u00e9rcoles de 14.30 a 18.30 h al passeig Joaqu\u00edn Piera i Mariana Torres, per fomentar la gesti\u00f3 correcta de residus especials.<\/p>\n<p>\u201cDes que traslladarem l&#039;ecoparc m\u00f2bil al centre del poble, hem notat un augment significatiu del seu \u00fas\u201d, ha afirmat Ferrer.<\/p>\n<h4><strong>Baixada de l&#039;IBI per al 2025<\/strong><\/h4>\n<p>Paral\u00b7lelament, el ple ha aprovat la <strong>rebaixa de l&#039;Impost sobre B\u00e9ns Immobles<\/strong> (IBI) per al proper any, amb una reducci\u00f3 del 18,75%. Aix\u00f2 significar\u00e0 que, per exemple, una vivenda que actualment paga 1.000 \u20ac passar\u00e0 a pagar 812,50 \u20ac el 2025. Aquesta mesura pret\u00e9n alleujar la pressi\u00f3 fiscal dels ve\u00efns de Benissa.<\/p>\n<h4><strong>Ahorrament en gasto energ\u00e8tica i ajustos pressupostaris<\/strong><\/h4>\n<p>A m\u00e9s de la regulaci\u00f3 de la taxa de residus, l&#039;Ajuntament calcula <strong>ahorrar prop d&#039;un mili\u00f3 d&#039;euros a la factura de la llum<\/strong> gr\u00e0cies a un nou conveni amb les empreses el\u00e8ctriques. L&#039;alcalde Arturo Poquet ha ressaltat que \u201caquestes mesures, juntament amb l&#039;ajust del gasto corrent a les diferents \u00e0rees municipals, ens han perm\u00e8s rebaixar l&#039;IBI per al proper any\u201d.<\/p>\n<p>Amb aquestes iniciatives econ\u00f2miques ja aprovades, el consistori presentar\u00e0 el Pressupost Municipal de 2025 les properes setmanas.<\/p>","protected":false},"excerpt":{"rendered":"<p>L&#8217;Ajuntament de Benissa ha donat llum verda a la modificaci\u00f3 de l&#8217;ordenan\u00e7a fiscal reguladora de la taxa de residus en el ple ordinari del mes d&#8217;octubre, celebrat el passat dimarts 29. Aquesta\u00a0actualitzaci\u00f3\u00a0sorgix\u00a0per l&#8217;exig\u00e8ncia de la llei estatal 7\/2022 de residus i s\u00f2ls contaminants, amb l&#8217;objectiu d&#8217;establir una economia circular que\u00a0cobrisca\u00a0els costos directes i indirectes de [&#8230;]<\/p>\n<p><a class=\"btn btn-secondary understrap-read-more-link\" href=\"https:\/\/radiolitoral.com\/ca\/2024\/11\/benissa-rebaixa-libi-per-a-equilibrar-els-pressupostos-despres-de-la-pujada-de-la-taxa-de-recollida-de-fem\/\">Continua llegint&#8230;<span class=\"screen-reader-text\"> from Benissa rebaixa l&#8217;IBI per a \u00abequilibrar els pressupostos\u00bb despr\u00e9s de la pujada de la taxa de recollida de fem<\/span><\/a><\/p>\n","protected":false},"author":14,"featured_media":1375,"comment_status":"open","ping_status":"closed","sticky":false,"template":"","format":"standard","meta":{"_acf_changed":false,"inline_featured_image":false,"footnotes":""},"categories":[13],"tags":[126,2225,2692,2691],"class_list":["post-12826","post","type-post","status-publish","format-standard","has-post-thumbnail","hentry","category-politica","tag-benissa","tag-ibi","tag-impuestos","tag-tasa-de-basuras","cobertura-benissa"],"acf":[],"yoast_head":"<!-- This site is optimized with the Yoast SEO plugin v27.5 - https:\/\/yoast.com\/product\/yoast-seo-wordpress\/ -->\n<title>Benissa rebaixa l&#039;IBI per a &quot;equilibrar els pressupostos&quot; despr\u00e9s de la pujada de la taxa de recollida de fem | R\u00e0dio Litoral<\/title>\n<meta name=\"description\" content=\"La moci\u00f3 es va aprovar en el ple d&#039;octubre davant les cr\u00edtiques de l&#039;oposici\u00f3\" \/>\n<meta name=\"robots\" content=\"index, follow, max-snippet:-1, max-image-preview:large, max-video-preview:-1\" \/>\n<link rel=\"canonical\" href=\"https:\/\/radiolitoral.com\/ca\/2024\/11\/benissa-rebaixa-libi-per-equilibrar-els-pressupostos-despres-de-la-pujada-de-la-taxa-de-recollida-de-fem\/\" \/>\n<meta property=\"og:locale\" content=\"ca_ES\" \/>\n<meta property=\"og:type\" content=\"article\" \/>\n<meta property=\"og:title\" content=\"Benissa rebaixa l&#039;IBI per a &quot;equilibrar els pressupostos&quot; despr\u00e9s de la pujada de la taxa de recollida de fem | R\u00e0dio Litoral\" \/>\n<meta property=\"og:description\" content=\"La moci\u00f3 es va aprovar en el ple d&#039;octubre davant les cr\u00edtiques de l&#039;oposici\u00f3\" \/>\n<meta property=\"og:url\" content=\"https:\/\/radiolitoral.com\/ca\/2024\/11\/benissa-rebaixa-libi-per-equilibrar-els-pressupostos-despres-de-la-pujada-de-la-taxa-de-recollida-de-fem\/\" \/>\n<meta property=\"og:site_name\" content=\"R\u00e0dio Litoral\" \/>\n<meta property=\"article:publisher\" content=\"https:\/\/www.facebook.com\/Laradiolitoral\/\" \/>\n<meta property=\"article:published_time\" content=\"2024-11-04T10:02:22+00:00\" \/>\n<meta property=\"article:modified_time\" content=\"2024-11-04T11:14:06+00:00\" \/>\n<meta property=\"og:image\" content=\"https:\/\/media.radiolitoral.com\/wp-content\/uploads\/2023\/03\/16141701\/basuras.jpg\" \/>\n\t<meta property=\"og:image:width\" content=\"800\" \/>\n\t<meta property=\"og:image:height\" content=\"533\" \/>\n\t<meta property=\"og:image:type\" content=\"image\/jpeg\" \/>\n<meta name=\"author\" content=\"Redacci\u00f3n\" \/>\n<meta name=\"twitter:card\" content=\"summary_large_image\" \/>\n<meta name=\"twitter:label1\" content=\"Escrit per\" \/>\n\t<meta name=\"twitter:data1\" content=\"Redacci\u00f3n\" \/>\n\t<meta name=\"twitter:label2\" content=\"Temps estimat de lectura\" \/>\n\t<meta name=\"twitter:data2\" content=\"3 minuts\" \/>\n<script type=\"application\/ld+json\" class=\"yoast-schema-graph\">{\"@context\":\"https:\\\/\\\/schema.org\",\"@graph\":[{\"@type\":\"NewsArticle\",\"@id\":\"https:\\\/\\\/radiolitoral.com\\\/2024\\\/11\\\/benissa-rebaixa-libi-per-a-equilibrar-els-pressupostos-despres-de-la-pujada-de-la-taxa-de-recollida-de-fem\\\/#article\",\"isPartOf\":{\"@id\":\"https:\\\/\\\/radiolitoral.com\\\/2024\\\/11\\\/benissa-rebaixa-libi-per-a-equilibrar-els-pressupostos-despres-de-la-pujada-de-la-taxa-de-recollida-de-fem\\\/\"},\"author\":{\"name\":\"Redacci\u00f3n\",\"@id\":\"https:\\\/\\\/radiolitoral.com\\\/#\\\/schema\\\/person\\\/96b739642eb3bedb532aac3812d23307\"},\"headline\":\"Benissa rebaixa l&#8217;IBI per a \u00abequilibrar els pressupostos\u00bb despr\u00e9s de la pujada de la taxa de recollida de fem\",\"datePublished\":\"2024-11-04T10:02:22+00:00\",\"dateModified\":\"2024-11-04T11:14:06+00:00\",\"mainEntityOfPage\":{\"@id\":\"https:\\\/\\\/radiolitoral.com\\\/2024\\\/11\\\/benissa-rebaixa-libi-per-a-equilibrar-els-pressupostos-despres-de-la-pujada-de-la-taxa-de-recollida-de-fem\\\/\"},\"wordCount\":524,\"commentCount\":0,\"publisher\":{\"@id\":\"https:\\\/\\\/radiolitoral.com\\\/#organization\"},\"image\":{\"@id\":\"https:\\\/\\\/radiolitoral.com\\\/2024\\\/11\\\/benissa-rebaixa-libi-per-a-equilibrar-els-pressupostos-despres-de-la-pujada-de-la-taxa-de-recollida-de-fem\\\/#primaryimage\"},\"thumbnailUrl\":\"https:\\\/\\\/media.radiolitoral.com\\\/wp-content\\\/uploads\\\/2023\\\/03\\\/16141701\\\/basuras.jpg\",\"keywords\":[\"Benissa\",\"IBI\",\"impuestos\",\"tasa de basuras\"],\"articleSection\":[\"Pol\u00edtica\"],\"inLanguage\":\"ca\",\"potentialAction\":[{\"@type\":\"CommentAction\",\"name\":\"Comment\",\"target\":[\"https:\\\/\\\/radiolitoral.com\\\/2024\\\/11\\\/benissa-rebaixa-libi-per-a-equilibrar-els-pressupostos-despres-de-la-pujada-de-la-taxa-de-recollida-de-fem\\\/#respond\"]}]},{\"@type\":[\"WebPage\",\"ItemPage\"],\"@id\":\"https:\\\/\\\/radiolitoral.com\\\/2024\\\/11\\\/benissa-rebaixa-libi-per-a-equilibrar-els-pressupostos-despres-de-la-pujada-de-la-taxa-de-recollida-de-fem\\\/\",\"url\":\"https:\\\/\\\/radiolitoral.com\\\/2024\\\/11\\\/benissa-rebaixa-libi-per-a-equilibrar-els-pressupostos-despres-de-la-pujada-de-la-taxa-de-recollida-de-fem\\\/\",\"name\":\"Benissa rebaixa l'IBI per a \\\"equilibrar els pressupostos\\\" despr\u00e9s de la pujada de la taxa de recollida de fem | R\u00e0dio Litoral\",\"isPartOf\":{\"@id\":\"https:\\\/\\\/radiolitoral.com\\\/#website\"},\"primaryImageOfPage\":{\"@id\":\"https:\\\/\\\/radiolitoral.com\\\/2024\\\/11\\\/benissa-rebaixa-libi-per-a-equilibrar-els-pressupostos-despres-de-la-pujada-de-la-taxa-de-recollida-de-fem\\\/#primaryimage\"},\"image\":{\"@id\":\"https:\\\/\\\/radiolitoral.com\\\/2024\\\/11\\\/benissa-rebaixa-libi-per-a-equilibrar-els-pressupostos-despres-de-la-pujada-de-la-taxa-de-recollida-de-fem\\\/#primaryimage\"},\"thumbnailUrl\":\"https:\\\/\\\/media.radiolitoral.com\\\/wp-content\\\/uploads\\\/2023\\\/03\\\/16141701\\\/basuras.jpg\",\"datePublished\":\"2024-11-04T10:02:22+00:00\",\"dateModified\":\"2024-11-04T11:14:06+00:00\",\"description\":\"La moci\u00f3 es va aprovar en el ple d'octubre davant les cr\u00edtiques de l'oposici\u00f3\",\"breadcrumb\":{\"@id\":\"https:\\\/\\\/radiolitoral.com\\\/2024\\\/11\\\/benissa-rebaixa-libi-per-a-equilibrar-els-pressupostos-despres-de-la-pujada-de-la-taxa-de-recollida-de-fem\\\/#breadcrumb\"},\"inLanguage\":\"ca\",\"potentialAction\":[{\"@type\":\"ReadAction\",\"target\":[\"https:\\\/\\\/radiolitoral.com\\\/2024\\\/11\\\/benissa-rebaixa-libi-per-a-equilibrar-els-pressupostos-despres-de-la-pujada-de-la-taxa-de-recollida-de-fem\\\/\"]}]},{\"@type\":\"ImageObject\",\"inLanguage\":\"ca\",\"@id\":\"https:\\\/\\\/radiolitoral.com\\\/2024\\\/11\\\/benissa-rebaixa-libi-per-a-equilibrar-els-pressupostos-despres-de-la-pujada-de-la-taxa-de-recollida-de-fem\\\/#primaryimage\",\"url\":\"https:\\\/\\\/media.radiolitoral.com\\\/wp-content\\\/uploads\\\/2023\\\/03\\\/16141701\\\/basuras.jpg\",\"contentUrl\":\"https:\\\/\\\/media.radiolitoral.com\\\/wp-content\\\/uploads\\\/2023\\\/03\\\/16141701\\\/basuras.jpg\",\"width\":800,\"height\":533},{\"@type\":\"BreadcrumbList\",\"@id\":\"https:\\\/\\\/radiolitoral.com\\\/2024\\\/11\\\/benissa-rebaixa-libi-per-a-equilibrar-els-pressupostos-despres-de-la-pujada-de-la-taxa-de-recollida-de-fem\\\/#breadcrumb\",\"itemListElement\":[{\"@type\":\"ListItem\",\"position\":1,\"name\":\"Portada\",\"item\":\"https:\\\/\\\/radiolitoral.com\\\/\"},{\"@type\":\"ListItem\",\"position\":2,\"name\":\"Benissa rebaixa l&#8217;IBI per a \u00abequilibrar els pressupostos\u00bb despr\u00e9s de la pujada de la taxa de recollida de fem\"}]},{\"@type\":\"WebSite\",\"@id\":\"https:\\\/\\\/radiolitoral.com\\\/#website\",\"url\":\"https:\\\/\\\/radiolitoral.com\\\/\",\"name\":\"Radio Litoral\",\"description\":\"La radio local de la Marina Alta\",\"publisher\":{\"@id\":\"https:\\\/\\\/radiolitoral.com\\\/#organization\"},\"alternateName\":\"Litoral FM\",\"potentialAction\":[{\"@type\":\"SearchAction\",\"target\":{\"@type\":\"EntryPoint\",\"urlTemplate\":\"https:\\\/\\\/radiolitoral.com\\\/?s={search_term_string}\"},\"query-input\":{\"@type\":\"PropertyValueSpecification\",\"valueRequired\":true,\"valueName\":\"search_term_string\"}}],\"inLanguage\":\"ca\"},{\"@type\":\"Organization\",\"@id\":\"https:\\\/\\\/radiolitoral.com\\\/#organization\",\"name\":\"Radio Litoral\",\"url\":\"https:\\\/\\\/radiolitoral.com\\\/\",\"logo\":{\"@type\":\"ImageObject\",\"inLanguage\":\"ca\",\"@id\":\"https:\\\/\\\/radiolitoral.com\\\/#\\\/schema\\\/logo\\\/image\\\/\",\"url\":\"https:\\\/\\\/media.radiolitoral.com\\\/wp-content\\\/uploads\\\/2023\\\/02\\\/24143238\\\/CL-V-RadioLitoral696.png\",\"contentUrl\":\"https:\\\/\\\/media.radiolitoral.com\\\/wp-content\\\/uploads\\\/2023\\\/02\\\/24143238\\\/CL-V-RadioLitoral696.png\",\"width\":696,\"height\":696,\"caption\":\"Radio Litoral\"},\"image\":{\"@id\":\"https:\\\/\\\/radiolitoral.com\\\/#\\\/schema\\\/logo\\\/image\\\/\"},\"sameAs\":[\"https:\\\/\\\/www.facebook.com\\\/Laradiolitoral\\\/\"]},{\"@type\":\"Person\",\"@id\":\"https:\\\/\\\/radiolitoral.com\\\/#\\\/schema\\\/person\\\/96b739642eb3bedb532aac3812d23307\",\"name\":\"Redacci\u00f3n\",\"image\":{\"@type\":\"ImageObject\",\"inLanguage\":\"ca\",\"@id\":\"https:\\\/\\\/secure.gravatar.com\\\/avatar\\\/30cd06129ee90411dd9c7cbdcf17464181d1a3c7b072e92070ea75a25cf0097e?s=96&d=mm&r=g\",\"url\":\"https:\\\/\\\/secure.gravatar.com\\\/avatar\\\/30cd06129ee90411dd9c7cbdcf17464181d1a3c7b072e92070ea75a25cf0097e?s=96&d=mm&r=g\",\"contentUrl\":\"https:\\\/\\\/secure.gravatar.com\\\/avatar\\\/30cd06129ee90411dd9c7cbdcf17464181d1a3c7b072e92070ea75a25cf0097e?s=96&d=mm&r=g\",\"caption\":\"Redacci\u00f3n\"},\"url\":\"https:\\\/\\\/radiolitoral.com\\\/ca\\\/author\\\/kevin-carrio\\\/\"}]}<\/script>\n<!-- \/ Yoast SEO plugin. -->","yoast_head_json":{"title":"Benissa rebaixa l&#039;IBI per &quot;equilibrar els pressupostos&quot; despr\u00e9s de la pujada de la taxa de recollida de fem | R\u00e0dio Litoral","description":"La moci\u00f3 es va aprovar al ple d&#039;octubre davant les cr\u00edtiques de l&#039;oposici\u00f3","robots":{"index":"index","follow":"follow","max-snippet":"max-snippet:-1","max-image-preview":"max-image-preview:large","max-video-preview":"max-video-preview:-1"},"canonical":"https:\/\/radiolitoral.com\/ca\/2024\/11\/benissa-rebaixa-libi-per-equilibrar-els-pressupostos-despres-de-la-pujada-de-la-taxa-de-recollida-de-fem\/","og_locale":"ca_ES","og_type":"article","og_title":"Benissa rebaixa l'IBI per a \"equilibrar els pressupostos\" despr\u00e9s de la pujada de la taxa de recollida de fem | R\u00e0dio Litoral","og_description":"La moci\u00f3 es va aprovar en el ple d'octubre davant les cr\u00edtiques de l'oposici\u00f3","og_url":"https:\/\/radiolitoral.com\/ca\/2024\/11\/benissa-rebaixa-libi-per-equilibrar-els-pressupostos-despres-de-la-pujada-de-la-taxa-de-recollida-de-fem\/","og_site_name":"R\u00e0dio Litoral","article_publisher":"https:\/\/www.facebook.com\/Laradiolitoral\/","article_published_time":"2024-11-04T10:02:22+00:00","article_modified_time":"2024-11-04T11:14:06+00:00","og_image":[{"width":800,"height":533,"url":"https:\/\/media.radiolitoral.com\/wp-content\/uploads\/2023\/03\/16141701\/basuras.jpg","type":"image\/jpeg"}],"author":"Redacci\u00f3n","twitter_card":"summary_large_image","twitter_misc":{"Escrit per":"Redacci\u00f3n","Temps estimat de lectura":"3 minuts"},"schema":{"@context":"https:\/\/schema.org","@graph":[{"@type":"NewsArticle","@id":"https:\/\/radiolitoral.com\/2024\/11\/benissa-rebaixa-libi-per-a-equilibrar-els-pressupostos-despres-de-la-pujada-de-la-taxa-de-recollida-de-fem\/#article","isPartOf":{"@id":"https:\/\/radiolitoral.com\/2024\/11\/benissa-rebaixa-libi-per-a-equilibrar-els-pressupostos-despres-de-la-pujada-de-la-taxa-de-recollida-de-fem\/"},"author":{"name":"Redacci\u00f3n","@id":"https:\/\/radiolitoral.com\/#\/schema\/person\/96b739642eb3bedb532aac3812d23307"},"headline":"Benissa rebaixa l&#8217;IBI per a \u00abequilibrar els pressupostos\u00bb despr\u00e9s de la pujada de la taxa de recollida de fem","datePublished":"2024-11-04T10:02:22+00:00","dateModified":"2024-11-04T11:14:06+00:00","mainEntityOfPage":{"@id":"https:\/\/radiolitoral.com\/2024\/11\/benissa-rebaixa-libi-per-a-equilibrar-els-pressupostos-despres-de-la-pujada-de-la-taxa-de-recollida-de-fem\/"},"wordCount":524,"commentCount":0,"publisher":{"@id":"https:\/\/radiolitoral.com\/#organization"},"image":{"@id":"https:\/\/radiolitoral.com\/2024\/11\/benissa-rebaixa-libi-per-a-equilibrar-els-pressupostos-despres-de-la-pujada-de-la-taxa-de-recollida-de-fem\/#primaryimage"},"thumbnailUrl":"https:\/\/media.radiolitoral.com\/wp-content\/uploads\/2023\/03\/16141701\/basuras.jpg","keywords":["Benissa","IBI","impuestos","tasa de basuras"],"articleSection":["Pol\u00edtica"],"inLanguage":"ca","potentialAction":[{"@type":"CommentAction","name":"Comment","target":["https:\/\/radiolitoral.com\/2024\/11\/benissa-rebaixa-libi-per-a-equilibrar-els-pressupostos-despres-de-la-pujada-de-la-taxa-de-recollida-de-fem\/#respond"]}]},{"@type":["WebPage","ItemPage"],"@id":"https:\/\/radiolitoral.com\/2024\/11\/benissa-rebaixa-libi-per-a-equilibrar-els-pressupostos-despres-de-la-pujada-de-la-taxa-de-recollida-de-fem\/","url":"https:\/\/radiolitoral.com\/2024\/11\/benissa-rebaixa-libi-per-a-equilibrar-els-pressupostos-despres-de-la-pujada-de-la-taxa-de-recollida-de-fem\/","name":"Benissa rebaixa l&#039;IBI per &quot;equilibrar els pressupostos&quot; despr\u00e9s de la pujada de la taxa de recollida de fem | R\u00e0dio Litoral","isPartOf":{"@id":"https:\/\/radiolitoral.com\/#website"},"primaryImageOfPage":{"@id":"https:\/\/radiolitoral.com\/2024\/11\/benissa-rebaixa-libi-per-a-equilibrar-els-pressupostos-despres-de-la-pujada-de-la-taxa-de-recollida-de-fem\/#primaryimage"},"image":{"@id":"https:\/\/radiolitoral.com\/2024\/11\/benissa-rebaixa-libi-per-a-equilibrar-els-pressupostos-despres-de-la-pujada-de-la-taxa-de-recollida-de-fem\/#primaryimage"},"thumbnailUrl":"https:\/\/media.radiolitoral.com\/wp-content\/uploads\/2023\/03\/16141701\/basuras.jpg","datePublished":"2024-11-04T10:02:22+00:00","dateModified":"2024-11-04T11:14:06+00:00","description":"La moci\u00f3 es va aprovar al ple d&#039;octubre davant les cr\u00edtiques de l&#039;oposici\u00f3","breadcrumb":{"@id":"https:\/\/radiolitoral.com\/2024\/11\/benissa-rebaixa-libi-per-a-equilibrar-els-pressupostos-despres-de-la-pujada-de-la-taxa-de-recollida-de-fem\/#breadcrumb"},"inLanguage":"ca","potentialAction":[{"@type":"ReadAction","target":["https:\/\/radiolitoral.com\/2024\/11\/benissa-rebaixa-libi-per-a-equilibrar-els-pressupostos-despres-de-la-pujada-de-la-taxa-de-recollida-de-fem\/"]}]},{"@type":"ImageObject","inLanguage":"ca","@id":"https:\/\/radiolitoral.com\/2024\/11\/benissa-rebaixa-libi-per-a-equilibrar-els-pressupostos-despres-de-la-pujada-de-la-taxa-de-recollida-de-fem\/#primaryimage","url":"https:\/\/media.radiolitoral.com\/wp-content\/uploads\/2023\/03\/16141701\/basuras.jpg","contentUrl":"https:\/\/media.radiolitoral.com\/wp-content\/uploads\/2023\/03\/16141701\/basuras.jpg","width":800,"height":533},{"@type":"BreadcrumbList","@id":"https:\/\/radiolitoral.com\/2024\/11\/benissa-rebaixa-libi-per-a-equilibrar-els-pressupostos-despres-de-la-pujada-de-la-taxa-de-recollida-de-fem\/#breadcrumb","itemListElement":[{"@type":"ListItem","position":1,"name":"Portada","item":"https:\/\/radiolitoral.com\/"},{"@type":"ListItem","position":2,"name":"Benissa rebaixa l&#8217;IBI per a \u00abequilibrar els pressupostos\u00bb despr\u00e9s de la pujada de la taxa de recollida de fem"}]},{"@type":"WebSite","@id":"https:\/\/radiolitoral.com\/#website","url":"https:\/\/radiolitoral.com\/","name":"R\u00e0dio Litoral","description":"La r\u00e0dio local de la Marina Alta","publisher":{"@id":"https:\/\/radiolitoral.com\/#organization"},"alternateName":"Litoral FM","potentialAction":[{"@type":"SearchAction","target":{"@type":"EntryPoint","urlTemplate":"https:\/\/radiolitoral.com\/?s={search_term_string}"},"query-input":{"@type":"PropertyValueSpecification","valueRequired":true,"valueName":"search_term_string"}}],"inLanguage":"ca"},{"@type":"Organization","@id":"https:\/\/radiolitoral.com\/#organization","name":"R\u00e0dio Litoral","url":"https:\/\/radiolitoral.com\/","logo":{"@type":"ImageObject","inLanguage":"ca","@id":"https:\/\/radiolitoral.com\/#\/schema\/logo\/image\/","url":"https:\/\/media.radiolitoral.com\/wp-content\/uploads\/2023\/02\/24143238\/CL-V-RadioLitoral696.png","contentUrl":"https:\/\/media.radiolitoral.com\/wp-content\/uploads\/2023\/02\/24143238\/CL-V-RadioLitoral696.png","width":696,"height":696,"caption":"Radio Litoral"},"image":{"@id":"https:\/\/radiolitoral.com\/#\/schema\/logo\/image\/"},"sameAs":["https:\/\/www.facebook.com\/Laradiolitoral\/"]},{"@type":"Person","@id":"https:\/\/radiolitoral.com\/#\/schema\/person\/96b739642eb3bedb532aac3812d23307","name":"Redacci\u00f3","image":{"@type":"ImageObject","inLanguage":"ca","@id":"https:\/\/secure.gravatar.com\/avatar\/30cd06129ee90411dd9c7cbdcf17464181d1a3c7b072e92070ea75a25cf0097e?s=96&d=mm&r=g","url":"https:\/\/secure.gravatar.com\/avatar\/30cd06129ee90411dd9c7cbdcf17464181d1a3c7b072e92070ea75a25cf0097e?s=96&d=mm&r=g","contentUrl":"https:\/\/secure.gravatar.com\/avatar\/30cd06129ee90411dd9c7cbdcf17464181d1a3c7b072e92070ea75a25cf0097e?s=96&d=mm&r=g","caption":"Redacci\u00f3n"},"url":"https:\/\/radiolitoral.com\/ca\/author\/kevin-carrio\/"}]}},"_links":{"self":[{"href":"https:\/\/radiolitoral.com\/ca\/wp-json\/wp\/v2\/posts\/12826","targetHints":{"allow":["GET"]}}],"collection":[{"href":"https:\/\/radiolitoral.com\/ca\/wp-json\/wp\/v2\/posts"}],"about":[{"href":"https:\/\/radiolitoral.com\/ca\/wp-json\/wp\/v2\/types\/post"}],"author":[{"embeddable":true,"href":"https:\/\/radiolitoral.com\/ca\/wp-json\/wp\/v2\/users\/14"}],"replies":[{"embeddable":true,"href":"https:\/\/radiolitoral.com\/ca\/wp-json\/wp\/v2\/comments?post=12826"}],"version-history":[{"count":3,"href":"https:\/\/radiolitoral.com\/ca\/wp-json\/wp\/v2\/posts\/12826\/revisions"}],"predecessor-version":[{"id":12831,"href":"https:\/\/radiolitoral.com\/ca\/wp-json\/wp\/v2\/posts\/12826\/revisions\/12831"}],"wp:featuredmedia":[{"embeddable":true,"href":"https:\/\/radiolitoral.com\/ca\/wp-json\/wp\/v2\/media\/1375"}],"wp:attachment":[{"href":"https:\/\/radiolitoral.com\/ca\/wp-json\/wp\/v2\/media?parent=12826"}],"wp:term":[{"taxonomy":"category","embeddable":true,"href":"https:\/\/radiolitoral.com\/ca\/wp-json\/wp\/v2\/categories?post=12826"},{"taxonomy":"post_tag","embeddable":true,"href":"https:\/\/radiolitoral.com\/ca\/wp-json\/wp\/v2\/tags?post=12826"}],"curies":[{"name":"wp","href":"https:\/\/api.w.org\/{rel}","templated":true}]}}