{"id":12821,"date":"2024-11-01T13:56:04","date_gmt":"2024-11-01T12:56:04","guid":{"rendered":"https:\/\/radiolitoral.com\/?p=12821"},"modified":"2024-11-01T17:55:28","modified_gmt":"2024-11-01T16:55:28","slug":"urgent-collaboracio-dempreses-privades-necessaria-per-ajudar-a-valencia-davant-els-efectes-de-la-dana","status":"publish","type":"post","link":"https:\/\/radiolitoral.com\/ca\/2024\/11\/urgent-collaboracio-dempreses-privades-necessaria-per-a-ajudar-a-valencia-davant-els-efectes-de-la-dana\/","title":{"rendered":"Urgent: Col\u00b7laboraci\u00f3 d&#039;empreses privades necess\u00e0ria per ajudar Val\u00e8ncia davant els efectes de la DANA"},"content":{"rendered":"<p>La <strong>manca de recursos i l&#039;enduriment del fang dificulten les tasques de rescat i neteja<\/strong> a Val\u00e8ncia <strong>despr\u00e9s del devastador pas de la <span class=\"hiddenSpellError\">DANA<\/span>.<\/strong><\/p>\n<p>La situaci\u00f3 a la ciutat \u00e9s cr\u00edtica i requereix una intervenci\u00f3 urgent per ajudar els ve\u00efns afectats, que estan vivint <span class=\"hiddenSuggestion\">aquesta<\/span> experi\u00e8ncia al l\u00edmit i necessiten el suport de tots per recuperar la normalitat.<\/p>\n<p>Per <span class=\"hiddenSuggestion\">aquest<\/span> motiu, es fa una crida especial a la <strong>col\u00b7laboraci\u00f3 d&#039;empreses<\/strong> privades per a cobrir les necessitats urgents a l&#039;\u00e0rea.<\/p>\n<p><span class=\"hiddenGrammarError\">S&#039;indica que e<\/span>s necessita amb <strong>urg\u00e8ncia maquin\u00e0ria <span class=\"hiddenGrammarError\">pesada<\/span>,<\/strong> com tractors i altres mitjans mec\u00e0nics que puguin ajudar a la remoci\u00f3 del fang i el trasllat d&#039;escombraries.<\/p>\n<p>Les persones i empreses que desitgeu col\u00b7laborar podeu posar-vos en contacte amb el 112 per coordinar l&#039;ajuda.<\/p>\n<p><strong>\u00c9s important coordinar-se amb el 112 per evitar col\u00b7lapsar les carreteres i permetre el pas dels serveis m\u00e8dics i d&#039;emerg\u00e8ncia.<\/strong><\/p>\n<p>Cada aportaci\u00f3 \u00e9s fonamental en <span class=\"hiddenSuggestion\">aquests<\/span> moments, i s&#039;agra\u00efx de bestreta el suport solidari de tots.<\/p>","protected":false},"excerpt":{"rendered":"<p>La falta de recursos i l&#8217;enduriment del fang dificulten les labors de rescat i neteja a Val\u00e8ncia despr\u00e9s del devastador pas de la DANA. La situaci\u00f3 a la ciutat \u00e9s cr\u00edtica i requerix una intervenci\u00f3 urgent per a ajudar els ve\u00efns afectats, que estan vivint aquesta experi\u00e8ncia al l\u00edmit i necessiten el suport de tots [&#8230;]<\/p>\n<p><a class=\"btn btn-secondary understrap-read-more-link\" href=\"https:\/\/radiolitoral.com\/ca\/2024\/11\/urgent-collaboracio-dempreses-privades-necessaria-per-a-ajudar-a-valencia-davant-els-efectes-de-la-dana\/\">Continua llegint&#8230;<span class=\"screen-reader-text\"> from Urgent: Col\u00b7laboraci\u00f3 d&#8217;empreses privades necess\u00e0ria per a ajudar a Val\u00e8ncia davant els efectes de la DANA<\/span><\/a><\/p>\n","protected":false},"author":13,"featured_media":12822,"comment_status":"open","ping_status":"closed","sticky":false,"template":"","format":"standard","meta":{"_acf_changed":false,"inline_featured_image":false,"footnotes":""},"categories":[46],"tags":[2690,2689,314,1160,715],"class_list":["post-12821","post","type-post","status-publish","format-standard","has-post-thumbnail","hentry","category-sociedad","tag-damnificados-dana","tag-dana-valencia","tag-marina-alta","tag-sociedad","tag-solidaridad","cobertura-marina-alta"],"acf":[],"yoast_head":"<!-- This site is optimized with the Yoast SEO plugin v27.5 - https:\/\/yoast.com\/product\/yoast-seo-wordpress\/ -->\n<title>Urgent: Col\u00b7laboraci\u00f3 d&#039;empreses privades necess\u00e0ria per a ajudar a Val\u00e8ncia davant els efectes de la DANA | R\u00e0dio Litoral<\/title>\n<meta name=\"description\" content=\"La situaci\u00f3 cr\u00edtica exigix recursos com maquin\u00e0ria pesada i tractors per a fer front a les tasques de rescat i neteja La situaci\u00f3 cr\u00edtica exigix recursos com maquin\u00e0ria pesada i tractors per a fer front a les tasques de rescat i neteja\" \/>\n<meta name=\"robots\" content=\"index, follow, max-snippet:-1, max-image-preview:large, max-video-preview:-1\" \/>\n<link rel=\"canonical\" href=\"https:\/\/radiolitoral.com\/ca\/2024\/11\/urgent-collaboracio-dempreses-privades-necessaria-per-ajudar-a-valencia-davant-els-efectes-de-la-dana\/\" \/>\n<meta property=\"og:locale\" content=\"ca_ES\" \/>\n<meta property=\"og:type\" content=\"article\" \/>\n<meta property=\"og:title\" content=\"Urgent: Col\u00b7laboraci\u00f3 d&#039;empreses privades necess\u00e0ria per a ajudar a Val\u00e8ncia davant els efectes de la DANA | R\u00e0dio Litoral\" \/>\n<meta property=\"og:description\" content=\"La situaci\u00f3 cr\u00edtica exigix recursos com maquin\u00e0ria pesada i tractors per a fer front a les tasques de rescat i neteja La situaci\u00f3 cr\u00edtica exigix recursos com maquin\u00e0ria pesada i tractors per a fer front a les tasques de rescat i neteja\" \/>\n<meta property=\"og:url\" content=\"https:\/\/radiolitoral.com\/ca\/2024\/11\/urgent-collaboracio-dempreses-privades-necessaria-per-ajudar-a-valencia-davant-els-efectes-de-la-dana\/\" \/>\n<meta property=\"og:site_name\" content=\"R\u00e0dio Litoral\" \/>\n<meta property=\"article:publisher\" content=\"https:\/\/www.facebook.com\/Laradiolitoral\/\" \/>\n<meta property=\"article:published_time\" content=\"2024-11-01T12:56:04+00:00\" \/>\n<meta property=\"article:modified_time\" content=\"2024-11-01T16:55:28+00:00\" \/>\n<meta property=\"og:image\" content=\"https:\/\/media.radiolitoral.com\/wp-content\/uploads\/2024\/11\/01134247\/valencia-ultima.jpg\" \/>\n\t<meta property=\"og:image:width\" content=\"900\" \/>\n\t<meta property=\"og:image:height\" content=\"600\" \/>\n\t<meta property=\"og:image:type\" content=\"image\/jpeg\" \/>\n<meta name=\"author\" content=\"Redacci\u00f3n\" \/>\n<meta name=\"twitter:card\" content=\"summary_large_image\" \/>\n<meta name=\"twitter:label1\" content=\"Escrit per\" \/>\n\t<meta name=\"twitter:data1\" content=\"Redacci\u00f3n\" \/>\n\t<meta name=\"twitter:label2\" content=\"Temps estimat de lectura\" \/>\n\t<meta name=\"twitter:data2\" content=\"2 minuts\" \/>\n<script type=\"application\/ld+json\" class=\"yoast-schema-graph\">{\"@context\":\"https:\\\/\\\/schema.org\",\"@graph\":[{\"@type\":\"NewsArticle\",\"@id\":\"https:\\\/\\\/radiolitoral.com\\\/2024\\\/11\\\/urgent-collaboracio-dempreses-privades-necessaria-per-a-ajudar-a-valencia-davant-els-efectes-de-la-dana\\\/#article\",\"isPartOf\":{\"@id\":\"https:\\\/\\\/radiolitoral.com\\\/2024\\\/11\\\/urgent-collaboracio-dempreses-privades-necessaria-per-a-ajudar-a-valencia-davant-els-efectes-de-la-dana\\\/\"},\"author\":{\"name\":\"Redacci\u00f3n\",\"@id\":\"https:\\\/\\\/radiolitoral.com\\\/#\\\/schema\\\/person\\\/f2b2343c49b5d721857cc1002bfdb151\"},\"headline\":\"Urgent: Col\u00b7laboraci\u00f3 d&#8217;empreses privades necess\u00e0ria per a ajudar a Val\u00e8ncia davant els efectes de la DANA\",\"datePublished\":\"2024-11-01T12:56:04+00:00\",\"dateModified\":\"2024-11-01T16:55:28+00:00\",\"mainEntityOfPage\":{\"@id\":\"https:\\\/\\\/radiolitoral.com\\\/2024\\\/11\\\/urgent-collaboracio-dempreses-privades-necessaria-per-a-ajudar-a-valencia-davant-els-efectes-de-la-dana\\\/\"},\"wordCount\":203,\"commentCount\":0,\"publisher\":{\"@id\":\"https:\\\/\\\/radiolitoral.com\\\/#organization\"},\"image\":{\"@id\":\"https:\\\/\\\/radiolitoral.com\\\/2024\\\/11\\\/urgent-collaboracio-dempreses-privades-necessaria-per-a-ajudar-a-valencia-davant-els-efectes-de-la-dana\\\/#primaryimage\"},\"thumbnailUrl\":\"https:\\\/\\\/media.radiolitoral.com\\\/wp-content\\\/uploads\\\/2024\\\/11\\\/01134247\\\/valencia-ultima.jpg\",\"keywords\":[\"damnificados DANA\",\"DANA Valencia\",\"Marina Alta\",\"sociedad\",\"Solidaridad\"],\"articleSection\":[\"Sociedad\"],\"inLanguage\":\"ca\",\"potentialAction\":[{\"@type\":\"CommentAction\",\"name\":\"Comment\",\"target\":[\"https:\\\/\\\/radiolitoral.com\\\/2024\\\/11\\\/urgent-collaboracio-dempreses-privades-necessaria-per-a-ajudar-a-valencia-davant-els-efectes-de-la-dana\\\/#respond\"]}]},{\"@type\":[\"WebPage\",\"ItemPage\"],\"@id\":\"https:\\\/\\\/radiolitoral.com\\\/2024\\\/11\\\/urgent-collaboracio-dempreses-privades-necessaria-per-a-ajudar-a-valencia-davant-els-efectes-de-la-dana\\\/\",\"url\":\"https:\\\/\\\/radiolitoral.com\\\/2024\\\/11\\\/urgent-collaboracio-dempreses-privades-necessaria-per-a-ajudar-a-valencia-davant-els-efectes-de-la-dana\\\/\",\"name\":\"Urgent: Col\u00b7laboraci\u00f3 d'empreses privades necess\u00e0ria per a ajudar a Val\u00e8ncia davant els efectes de la DANA | R\u00e0dio Litoral\",\"isPartOf\":{\"@id\":\"https:\\\/\\\/radiolitoral.com\\\/#website\"},\"primaryImageOfPage\":{\"@id\":\"https:\\\/\\\/radiolitoral.com\\\/2024\\\/11\\\/urgent-collaboracio-dempreses-privades-necessaria-per-a-ajudar-a-valencia-davant-els-efectes-de-la-dana\\\/#primaryimage\"},\"image\":{\"@id\":\"https:\\\/\\\/radiolitoral.com\\\/2024\\\/11\\\/urgent-collaboracio-dempreses-privades-necessaria-per-a-ajudar-a-valencia-davant-els-efectes-de-la-dana\\\/#primaryimage\"},\"thumbnailUrl\":\"https:\\\/\\\/media.radiolitoral.com\\\/wp-content\\\/uploads\\\/2024\\\/11\\\/01134247\\\/valencia-ultima.jpg\",\"datePublished\":\"2024-11-01T12:56:04+00:00\",\"dateModified\":\"2024-11-01T16:55:28+00:00\",\"description\":\"La situaci\u00f3 cr\u00edtica exigix recursos com maquin\u00e0ria pesada i tractors per a fer front a les tasques de rescat i neteja La situaci\u00f3 cr\u00edtica exigix recursos com maquin\u00e0ria pesada i tractors per a fer front a les tasques de rescat i neteja\",\"breadcrumb\":{\"@id\":\"https:\\\/\\\/radiolitoral.com\\\/2024\\\/11\\\/urgent-collaboracio-dempreses-privades-necessaria-per-a-ajudar-a-valencia-davant-els-efectes-de-la-dana\\\/#breadcrumb\"},\"inLanguage\":\"ca\",\"potentialAction\":[{\"@type\":\"ReadAction\",\"target\":[\"https:\\\/\\\/radiolitoral.com\\\/2024\\\/11\\\/urgent-collaboracio-dempreses-privades-necessaria-per-a-ajudar-a-valencia-davant-els-efectes-de-la-dana\\\/\"]}]},{\"@type\":\"ImageObject\",\"inLanguage\":\"ca\",\"@id\":\"https:\\\/\\\/radiolitoral.com\\\/2024\\\/11\\\/urgent-collaboracio-dempreses-privades-necessaria-per-a-ajudar-a-valencia-davant-els-efectes-de-la-dana\\\/#primaryimage\",\"url\":\"https:\\\/\\\/media.radiolitoral.com\\\/wp-content\\\/uploads\\\/2024\\\/11\\\/01134247\\\/valencia-ultima.jpg\",\"contentUrl\":\"https:\\\/\\\/media.radiolitoral.com\\\/wp-content\\\/uploads\\\/2024\\\/11\\\/01134247\\\/valencia-ultima.jpg\",\"width\":900,\"height\":600},{\"@type\":\"BreadcrumbList\",\"@id\":\"https:\\\/\\\/radiolitoral.com\\\/2024\\\/11\\\/urgent-collaboracio-dempreses-privades-necessaria-per-a-ajudar-a-valencia-davant-els-efectes-de-la-dana\\\/#breadcrumb\",\"itemListElement\":[{\"@type\":\"ListItem\",\"position\":1,\"name\":\"Portada\",\"item\":\"https:\\\/\\\/radiolitoral.com\\\/\"},{\"@type\":\"ListItem\",\"position\":2,\"name\":\"Urgent: Col\u00b7laboraci\u00f3 d&#8217;empreses privades necess\u00e0ria per a ajudar a Val\u00e8ncia davant els efectes de la DANA\"}]},{\"@type\":\"WebSite\",\"@id\":\"https:\\\/\\\/radiolitoral.com\\\/#website\",\"url\":\"https:\\\/\\\/radiolitoral.com\\\/\",\"name\":\"Radio Litoral\",\"description\":\"La radio local de la Marina Alta\",\"publisher\":{\"@id\":\"https:\\\/\\\/radiolitoral.com\\\/#organization\"},\"alternateName\":\"Litoral FM\",\"potentialAction\":[{\"@type\":\"SearchAction\",\"target\":{\"@type\":\"EntryPoint\",\"urlTemplate\":\"https:\\\/\\\/radiolitoral.com\\\/?s={search_term_string}\"},\"query-input\":{\"@type\":\"PropertyValueSpecification\",\"valueRequired\":true,\"valueName\":\"search_term_string\"}}],\"inLanguage\":\"ca\"},{\"@type\":\"Organization\",\"@id\":\"https:\\\/\\\/radiolitoral.com\\\/#organization\",\"name\":\"Radio Litoral\",\"url\":\"https:\\\/\\\/radiolitoral.com\\\/\",\"logo\":{\"@type\":\"ImageObject\",\"inLanguage\":\"ca\",\"@id\":\"https:\\\/\\\/radiolitoral.com\\\/#\\\/schema\\\/logo\\\/image\\\/\",\"url\":\"https:\\\/\\\/media.radiolitoral.com\\\/wp-content\\\/uploads\\\/2023\\\/02\\\/24143238\\\/CL-V-RadioLitoral696.png\",\"contentUrl\":\"https:\\\/\\\/media.radiolitoral.com\\\/wp-content\\\/uploads\\\/2023\\\/02\\\/24143238\\\/CL-V-RadioLitoral696.png\",\"width\":696,\"height\":696,\"caption\":\"Radio Litoral\"},\"image\":{\"@id\":\"https:\\\/\\\/radiolitoral.com\\\/#\\\/schema\\\/logo\\\/image\\\/\"},\"sameAs\":[\"https:\\\/\\\/www.facebook.com\\\/Laradiolitoral\\\/\"]},{\"@type\":\"Person\",\"@id\":\"https:\\\/\\\/radiolitoral.com\\\/#\\\/schema\\\/person\\\/f2b2343c49b5d721857cc1002bfdb151\",\"name\":\"Redacci\u00f3n\",\"image\":{\"@type\":\"ImageObject\",\"inLanguage\":\"ca\",\"@id\":\"https:\\\/\\\/secure.gravatar.com\\\/avatar\\\/f771d896c203ad8b3382d7905cfcce5a5c9b008b84b3cd9114e9b9f4cb63f789?s=96&d=mm&r=g\",\"url\":\"https:\\\/\\\/secure.gravatar.com\\\/avatar\\\/f771d896c203ad8b3382d7905cfcce5a5c9b008b84b3cd9114e9b9f4cb63f789?s=96&d=mm&r=g\",\"contentUrl\":\"https:\\\/\\\/secure.gravatar.com\\\/avatar\\\/f771d896c203ad8b3382d7905cfcce5a5c9b008b84b3cd9114e9b9f4cb63f789?s=96&d=mm&r=g\",\"caption\":\"Redacci\u00f3n\"},\"url\":\"https:\\\/\\\/radiolitoral.com\\\/ca\\\/author\\\/miriam-pagan\\\/\"}]}<\/script>\n<!-- \/ Yoast SEO plugin. -->","yoast_head_json":{"title":"Urgent: Col\u00b7laboraci\u00f3 d&#039;empreses privades necess\u00e0ria per ajudar Val\u00e8ncia davant els efectes de la DANA | R\u00e0dio Litoral","description":"La situaci\u00f3 cr\u00edtica exigeix recursos com maquin\u00e0ria pesada i tractors per fer front a les tasques de rescat i neteja La situaci\u00f3 cr\u00edtica exigeix recursos com maquin\u00e0ria pesada i tractors per fer front a les tasques de rescat i neteja","robots":{"index":"index","follow":"follow","max-snippet":"max-snippet:-1","max-image-preview":"max-image-preview:large","max-video-preview":"max-video-preview:-1"},"canonical":"https:\/\/radiolitoral.com\/ca\/2024\/11\/urgent-collaboracio-dempreses-privades-necessaria-per-ajudar-a-valencia-davant-els-efectes-de-la-dana\/","og_locale":"ca_ES","og_type":"article","og_title":"Urgent: Col\u00b7laboraci\u00f3 d'empreses privades necess\u00e0ria per a ajudar a Val\u00e8ncia davant els efectes de la DANA | R\u00e0dio Litoral","og_description":"La situaci\u00f3 cr\u00edtica exigix recursos com maquin\u00e0ria pesada i tractors per a fer front a les tasques de rescat i neteja La situaci\u00f3 cr\u00edtica exigix recursos com maquin\u00e0ria pesada i tractors per a fer front a les tasques de rescat i neteja","og_url":"https:\/\/radiolitoral.com\/ca\/2024\/11\/urgent-collaboracio-dempreses-privades-necessaria-per-ajudar-a-valencia-davant-els-efectes-de-la-dana\/","og_site_name":"R\u00e0dio Litoral","article_publisher":"https:\/\/www.facebook.com\/Laradiolitoral\/","article_published_time":"2024-11-01T12:56:04+00:00","article_modified_time":"2024-11-01T16:55:28+00:00","og_image":[{"width":900,"height":600,"url":"https:\/\/media.radiolitoral.com\/wp-content\/uploads\/2024\/11\/01134247\/valencia-ultima.jpg","type":"image\/jpeg"}],"author":"Redacci\u00f3n","twitter_card":"summary_large_image","twitter_misc":{"Escrit per":"Redacci\u00f3n","Temps estimat de lectura":"2 minuts"},"schema":{"@context":"https:\/\/schema.org","@graph":[{"@type":"NewsArticle","@id":"https:\/\/radiolitoral.com\/2024\/11\/urgent-collaboracio-dempreses-privades-necessaria-per-a-ajudar-a-valencia-davant-els-efectes-de-la-dana\/#article","isPartOf":{"@id":"https:\/\/radiolitoral.com\/2024\/11\/urgent-collaboracio-dempreses-privades-necessaria-per-a-ajudar-a-valencia-davant-els-efectes-de-la-dana\/"},"author":{"name":"Redacci\u00f3n","@id":"https:\/\/radiolitoral.com\/#\/schema\/person\/f2b2343c49b5d721857cc1002bfdb151"},"headline":"Urgent: Col\u00b7laboraci\u00f3 d&#8217;empreses privades necess\u00e0ria per a ajudar a Val\u00e8ncia davant els efectes de la DANA","datePublished":"2024-11-01T12:56:04+00:00","dateModified":"2024-11-01T16:55:28+00:00","mainEntityOfPage":{"@id":"https:\/\/radiolitoral.com\/2024\/11\/urgent-collaboracio-dempreses-privades-necessaria-per-a-ajudar-a-valencia-davant-els-efectes-de-la-dana\/"},"wordCount":203,"commentCount":0,"publisher":{"@id":"https:\/\/radiolitoral.com\/#organization"},"image":{"@id":"https:\/\/radiolitoral.com\/2024\/11\/urgent-collaboracio-dempreses-privades-necessaria-per-a-ajudar-a-valencia-davant-els-efectes-de-la-dana\/#primaryimage"},"thumbnailUrl":"https:\/\/media.radiolitoral.com\/wp-content\/uploads\/2024\/11\/01134247\/valencia-ultima.jpg","keywords":["damnificados DANA","DANA Valencia","Marina Alta","sociedad","Solidaridad"],"articleSection":["Sociedad"],"inLanguage":"ca","potentialAction":[{"@type":"CommentAction","name":"Comment","target":["https:\/\/radiolitoral.com\/2024\/11\/urgent-collaboracio-dempreses-privades-necessaria-per-a-ajudar-a-valencia-davant-els-efectes-de-la-dana\/#respond"]}]},{"@type":["WebPage","ItemPage"],"@id":"https:\/\/radiolitoral.com\/2024\/11\/urgent-collaboracio-dempreses-privades-necessaria-per-a-ajudar-a-valencia-davant-els-efectes-de-la-dana\/","url":"https:\/\/radiolitoral.com\/2024\/11\/urgent-collaboracio-dempreses-privades-necessaria-per-a-ajudar-a-valencia-davant-els-efectes-de-la-dana\/","name":"Urgent: Col\u00b7laboraci\u00f3 d&#039;empreses privades necess\u00e0ria per ajudar Val\u00e8ncia davant els efectes de la DANA | R\u00e0dio Litoral","isPartOf":{"@id":"https:\/\/radiolitoral.com\/#website"},"primaryImageOfPage":{"@id":"https:\/\/radiolitoral.com\/2024\/11\/urgent-collaboracio-dempreses-privades-necessaria-per-a-ajudar-a-valencia-davant-els-efectes-de-la-dana\/#primaryimage"},"image":{"@id":"https:\/\/radiolitoral.com\/2024\/11\/urgent-collaboracio-dempreses-privades-necessaria-per-a-ajudar-a-valencia-davant-els-efectes-de-la-dana\/#primaryimage"},"thumbnailUrl":"https:\/\/media.radiolitoral.com\/wp-content\/uploads\/2024\/11\/01134247\/valencia-ultima.jpg","datePublished":"2024-11-01T12:56:04+00:00","dateModified":"2024-11-01T16:55:28+00:00","description":"La situaci\u00f3 cr\u00edtica exigeix recursos com maquin\u00e0ria pesada i tractors per fer front a les tasques de rescat i neteja La situaci\u00f3 cr\u00edtica exigeix recursos com maquin\u00e0ria pesada i tractors per fer front a les tasques de rescat i neteja","breadcrumb":{"@id":"https:\/\/radiolitoral.com\/2024\/11\/urgent-collaboracio-dempreses-privades-necessaria-per-a-ajudar-a-valencia-davant-els-efectes-de-la-dana\/#breadcrumb"},"inLanguage":"ca","potentialAction":[{"@type":"ReadAction","target":["https:\/\/radiolitoral.com\/2024\/11\/urgent-collaboracio-dempreses-privades-necessaria-per-a-ajudar-a-valencia-davant-els-efectes-de-la-dana\/"]}]},{"@type":"ImageObject","inLanguage":"ca","@id":"https:\/\/radiolitoral.com\/2024\/11\/urgent-collaboracio-dempreses-privades-necessaria-per-a-ajudar-a-valencia-davant-els-efectes-de-la-dana\/#primaryimage","url":"https:\/\/media.radiolitoral.com\/wp-content\/uploads\/2024\/11\/01134247\/valencia-ultima.jpg","contentUrl":"https:\/\/media.radiolitoral.com\/wp-content\/uploads\/2024\/11\/01134247\/valencia-ultima.jpg","width":900,"height":600},{"@type":"BreadcrumbList","@id":"https:\/\/radiolitoral.com\/2024\/11\/urgent-collaboracio-dempreses-privades-necessaria-per-a-ajudar-a-valencia-davant-els-efectes-de-la-dana\/#breadcrumb","itemListElement":[{"@type":"ListItem","position":1,"name":"Portada","item":"https:\/\/radiolitoral.com\/"},{"@type":"ListItem","position":2,"name":"Urgent: Col\u00b7laboraci\u00f3 d&#8217;empreses privades necess\u00e0ria per a ajudar a Val\u00e8ncia davant els efectes de la DANA"}]},{"@type":"WebSite","@id":"https:\/\/radiolitoral.com\/#website","url":"https:\/\/radiolitoral.com\/","name":"R\u00e0dio Litoral","description":"La r\u00e0dio local de la Marina Alta","publisher":{"@id":"https:\/\/radiolitoral.com\/#organization"},"alternateName":"Litoral FM","potentialAction":[{"@type":"SearchAction","target":{"@type":"EntryPoint","urlTemplate":"https:\/\/radiolitoral.com\/?s={search_term_string}"},"query-input":{"@type":"PropertyValueSpecification","valueRequired":true,"valueName":"search_term_string"}}],"inLanguage":"ca"},{"@type":"Organization","@id":"https:\/\/radiolitoral.com\/#organization","name":"R\u00e0dio Litoral","url":"https:\/\/radiolitoral.com\/","logo":{"@type":"ImageObject","inLanguage":"ca","@id":"https:\/\/radiolitoral.com\/#\/schema\/logo\/image\/","url":"https:\/\/media.radiolitoral.com\/wp-content\/uploads\/2023\/02\/24143238\/CL-V-RadioLitoral696.png","contentUrl":"https:\/\/media.radiolitoral.com\/wp-content\/uploads\/2023\/02\/24143238\/CL-V-RadioLitoral696.png","width":696,"height":696,"caption":"Radio Litoral"},"image":{"@id":"https:\/\/radiolitoral.com\/#\/schema\/logo\/image\/"},"sameAs":["https:\/\/www.facebook.com\/Laradiolitoral\/"]},{"@type":"Person","@id":"https:\/\/radiolitoral.com\/#\/schema\/person\/f2b2343c49b5d721857cc1002bfdb151","name":"Redacci\u00f3","image":{"@type":"ImageObject","inLanguage":"ca","@id":"https:\/\/secure.gravatar.com\/avatar\/f771d896c203ad8b3382d7905cfcce5a5c9b008b84b3cd9114e9b9f4cb63f789?s=96&d=mm&r=g","url":"https:\/\/secure.gravatar.com\/avatar\/f771d896c203ad8b3382d7905cfcce5a5c9b008b84b3cd9114e9b9f4cb63f789?s=96&d=mm&r=g","contentUrl":"https:\/\/secure.gravatar.com\/avatar\/f771d896c203ad8b3382d7905cfcce5a5c9b008b84b3cd9114e9b9f4cb63f789?s=96&d=mm&r=g","caption":"Redacci\u00f3n"},"url":"https:\/\/radiolitoral.com\/ca\/author\/miriam-pagan\/"}]}},"_links":{"self":[{"href":"https:\/\/radiolitoral.com\/ca\/wp-json\/wp\/v2\/posts\/12821","targetHints":{"allow":["GET"]}}],"collection":[{"href":"https:\/\/radiolitoral.com\/ca\/wp-json\/wp\/v2\/posts"}],"about":[{"href":"https:\/\/radiolitoral.com\/ca\/wp-json\/wp\/v2\/types\/post"}],"author":[{"embeddable":true,"href":"https:\/\/radiolitoral.com\/ca\/wp-json\/wp\/v2\/users\/13"}],"replies":[{"embeddable":true,"href":"https:\/\/radiolitoral.com\/ca\/wp-json\/wp\/v2\/comments?post=12821"}],"version-history":[{"count":1,"href":"https:\/\/radiolitoral.com\/ca\/wp-json\/wp\/v2\/posts\/12821\/revisions"}],"predecessor-version":[{"id":12823,"href":"https:\/\/radiolitoral.com\/ca\/wp-json\/wp\/v2\/posts\/12821\/revisions\/12823"}],"wp:featuredmedia":[{"embeddable":true,"href":"https:\/\/radiolitoral.com\/ca\/wp-json\/wp\/v2\/media\/12822"}],"wp:attachment":[{"href":"https:\/\/radiolitoral.com\/ca\/wp-json\/wp\/v2\/media?parent=12821"}],"wp:term":[{"taxonomy":"category","embeddable":true,"href":"https:\/\/radiolitoral.com\/ca\/wp-json\/wp\/v2\/categories?post=12821"},{"taxonomy":"post_tag","embeddable":true,"href":"https:\/\/radiolitoral.com\/ca\/wp-json\/wp\/v2\/tags?post=12821"}],"curies":[{"name":"wp","href":"https:\/\/api.w.org\/{rel}","templated":true}]}}