{"id":1282,"date":"2023-03-14T13:49:36","date_gmt":"2023-03-14T12:49:36","guid":{"rendered":"https:\/\/radiolitoral.com\/?p=1282"},"modified":"2023-03-14T14:16:26","modified_gmt":"2023-03-14T13:16:26","slug":"1282","status":"publish","type":"post","link":"https:\/\/radiolitoral.com\/ca\/2023\/03\/1282\/","title":{"rendered":"El ple calp\u00ed aprova tramitar la modificaci\u00f3 PGOU per tal de definir l&#039;estructura verda"},"content":{"rendered":"<p>Ahir a la tarda <strong>ple de Calp<\/strong> va aprovar iniciar la tramitaci\u00f3 d&#039;una <strong>modificaci\u00f3 PGOU per tal de definir l&#039;estructura verda<\/strong> de Calp. La Conselleria ha daprovar aquesta modificaci\u00f3, la qual afecta a lordenaci\u00f3 estructural del terme municipal i suposa convertir zones no urbanitzables en zones verdes, aportant major protecci\u00f3 a aquests espais. L\u00b4objectiu d\u00b4aquesta mesura, segons els responsables pol\u00edtics, \u00e9s preservar el paisatge de Calp.<\/p>\n<p>Una iniciativa que sorgeix a partir d\u201fun decret del Consell que permet la instal\u00b7laci\u00f3 d\u201fhorts solars en zones no urbanitzables.<\/p>\n<p><strong>Aix\u00ed ho va exposar Juan Manuel del Pino,regidor de Territori.<\/strong><\/p>\n<audio class=\"wp-audio-shortcode\" id=\"audio-1282-1\" preload=\"none\" style=\"width: 100%;\" controls=\"controls\"><source type=\"audio\/mpeg\" src=\"https:\/\/media.radiolitoral.com\/wp-content\/uploads\/2023\/03\/14141351\/Del-Pino-PGOU-1.mp3?_=1\" \/><a href=\"https:\/\/media.radiolitoral.com\/wp-content\/uploads\/2023\/03\/14141351\/Del-Pino-PGOU-1.mp3\">https:\/\/media.radiolitoral.com\/wp-content\/uploads\/2023\/03\/14141351\/Del-Pino-PGOU-1.mp3<\/a><\/audio>\n<p>El punt va tirar endavant amb els vots favorables de l&#039;equip de govern, (PP i Ciutadans), i Comprom\u00eds, i l&#039;abstenci\u00f3 del grup socialista i Defendamos Calpe.<\/p>\n<p>&nbsp;<\/p>","protected":false},"excerpt":{"rendered":"<p>La tarde de ayer el pleno de Calp aprob\u00f3 iniciar la tramitaci\u00f3n de una modificaci\u00f3n PGOU con el fin de definir la estructura verde de Calp. La Conseller\u00eda tiene que aprobar esta modificaci\u00f3n, la cual afecta a la ordenaci\u00f3n estructural del t\u00e9rmino municipal y supone convertir zonas no urbanizables en zonas verdes, aportando mayor protecci\u00f3n [&#8230;]<\/p>\n<p><a class=\"btn btn-secondary understrap-read-more-link\" href=\"https:\/\/radiolitoral.com\/ca\/2023\/03\/1282\/\">Continua llegint&#8230;<span class=\"screen-reader-text\"> from El pleno calpino aprueba tramitar la modificaci\u00f3n PGOU con el fin de definir la estructura verde<\/span><\/a><\/p>\n","protected":false},"author":13,"featured_media":1284,"comment_status":"open","ping_status":"closed","sticky":false,"template":"","format":"standard","meta":{"_acf_changed":false,"inline_featured_image":false,"footnotes":""},"categories":[13],"tags":[204,178,205],"class_list":["post-1282","post","type-post","status-publish","format-standard","has-post-thumbnail","hentry","category-politica","tag-pgou-calp","tag-pleno-calp","tag-zonas-verdes","cobertura-calp"],"acf":[],"yoast_head":"<!-- This site is optimized with the Yoast SEO plugin v27.5 - https:\/\/yoast.com\/product\/yoast-seo-wordpress\/ -->\n<title>El pleno calpino aprueba tramitar la modificaci\u00f3n PGOU con el fin de definir la estructura verde | R\u00e0dio Litoral<\/title>\n<meta name=\"description\" content=\"Una iniciativa que surge a partir de un decreto del Consell que permite la instalaci\u00f3n de huertos solares en zonas no urbanizables\" \/>\n<meta name=\"robots\" content=\"index, follow, max-snippet:-1, max-image-preview:large, max-video-preview:-1\" \/>\n<link rel=\"canonical\" href=\"https:\/\/radiolitoral.com\/ca\/2023\/03\/1282\/\" \/>\n<meta property=\"og:locale\" content=\"ca_ES\" \/>\n<meta property=\"og:type\" content=\"article\" \/>\n<meta property=\"og:title\" content=\"El pleno calpino aprueba tramitar la modificaci\u00f3n PGOU con el fin de definir la estructura verde | R\u00e0dio Litoral\" \/>\n<meta property=\"og:description\" content=\"Una iniciativa que surge a partir de un decreto del Consell que permite la instalaci\u00f3n de huertos solares en zonas no urbanizables\" \/>\n<meta property=\"og:url\" content=\"https:\/\/radiolitoral.com\/ca\/2023\/03\/1282\/\" \/>\n<meta property=\"og:site_name\" content=\"R\u00e0dio Litoral\" \/>\n<meta property=\"article:publisher\" content=\"https:\/\/www.facebook.com\/Laradiolitoral\/\" \/>\n<meta property=\"article:published_time\" content=\"2023-03-14T12:49:36+00:00\" \/>\n<meta property=\"article:modified_time\" content=\"2023-03-14T13:16:26+00:00\" \/>\n<meta property=\"og:image\" content=\"https:\/\/media.radiolitoral.com\/wp-content\/uploads\/2023\/03\/14134928\/pleno-1.jpg\" \/>\n\t<meta property=\"og:image:width\" content=\"1437\" \/>\n\t<meta property=\"og:image:height\" content=\"699\" \/>\n\t<meta property=\"og:image:type\" content=\"image\/jpeg\" \/>\n<meta name=\"author\" content=\"Redacci\u00f3n\" \/>\n<meta name=\"twitter:card\" content=\"summary_large_image\" \/>\n<meta name=\"twitter:label1\" content=\"Escrit per\" \/>\n\t<meta name=\"twitter:data1\" content=\"Redacci\u00f3n\" \/>\n\t<meta name=\"twitter:label2\" content=\"Temps estimat de lectura\" \/>\n\t<meta name=\"twitter:data2\" content=\"1 minut\" \/>\n<script type=\"application\/ld+json\" class=\"yoast-schema-graph\">{\"@context\":\"https:\\\/\\\/schema.org\",\"@graph\":[{\"@type\":\"NewsArticle\",\"@id\":\"https:\\\/\\\/radiolitoral.com\\\/2023\\\/03\\\/1282\\\/#article\",\"isPartOf\":{\"@id\":\"https:\\\/\\\/radiolitoral.com\\\/2023\\\/03\\\/1282\\\/\"},\"author\":{\"name\":\"Redacci\u00f3n\",\"@id\":\"https:\\\/\\\/radiolitoral.com\\\/#\\\/schema\\\/person\\\/f2b2343c49b5d721857cc1002bfdb151\"},\"headline\":\"El pleno calpino aprueba tramitar la modificaci\u00f3n PGOU con el fin de definir la estructura verde\",\"datePublished\":\"2023-03-14T12:49:36+00:00\",\"dateModified\":\"2023-03-14T13:16:26+00:00\",\"mainEntityOfPage\":{\"@id\":\"https:\\\/\\\/radiolitoral.com\\\/2023\\\/03\\\/1282\\\/\"},\"wordCount\":171,\"commentCount\":0,\"publisher\":{\"@id\":\"https:\\\/\\\/radiolitoral.com\\\/#organization\"},\"image\":{\"@id\":\"https:\\\/\\\/radiolitoral.com\\\/2023\\\/03\\\/1282\\\/#primaryimage\"},\"thumbnailUrl\":\"https:\\\/\\\/media.radiolitoral.com\\\/wp-content\\\/uploads\\\/2023\\\/03\\\/14134928\\\/pleno-1.jpg\",\"keywords\":[\"PGOU Calp\",\"pleno Calp\",\"zonas verdes\"],\"articleSection\":[\"Pol\u00edtica\"],\"inLanguage\":\"ca\",\"potentialAction\":[{\"@type\":\"CommentAction\",\"name\":\"Comment\",\"target\":[\"https:\\\/\\\/radiolitoral.com\\\/2023\\\/03\\\/1282\\\/#respond\"]}]},{\"@type\":[\"WebPage\",\"ItemPage\"],\"@id\":\"https:\\\/\\\/radiolitoral.com\\\/2023\\\/03\\\/1282\\\/\",\"url\":\"https:\\\/\\\/radiolitoral.com\\\/2023\\\/03\\\/1282\\\/\",\"name\":\"El pleno calpino aprueba tramitar la modificaci\u00f3n PGOU con el fin de definir la estructura verde | R\u00e0dio Litoral\",\"isPartOf\":{\"@id\":\"https:\\\/\\\/radiolitoral.com\\\/#website\"},\"primaryImageOfPage\":{\"@id\":\"https:\\\/\\\/radiolitoral.com\\\/2023\\\/03\\\/1282\\\/#primaryimage\"},\"image\":{\"@id\":\"https:\\\/\\\/radiolitoral.com\\\/2023\\\/03\\\/1282\\\/#primaryimage\"},\"thumbnailUrl\":\"https:\\\/\\\/media.radiolitoral.com\\\/wp-content\\\/uploads\\\/2023\\\/03\\\/14134928\\\/pleno-1.jpg\",\"datePublished\":\"2023-03-14T12:49:36+00:00\",\"dateModified\":\"2023-03-14T13:16:26+00:00\",\"description\":\"Una iniciativa que surge a partir de un decreto del Consell que permite la instalaci\u00f3n de huertos solares en zonas no urbanizables\",\"breadcrumb\":{\"@id\":\"https:\\\/\\\/radiolitoral.com\\\/2023\\\/03\\\/1282\\\/#breadcrumb\"},\"inLanguage\":\"ca\",\"potentialAction\":[{\"@type\":\"ReadAction\",\"target\":[\"https:\\\/\\\/radiolitoral.com\\\/2023\\\/03\\\/1282\\\/\"]}]},{\"@type\":\"ImageObject\",\"inLanguage\":\"ca\",\"@id\":\"https:\\\/\\\/radiolitoral.com\\\/2023\\\/03\\\/1282\\\/#primaryimage\",\"url\":\"https:\\\/\\\/media.radiolitoral.com\\\/wp-content\\\/uploads\\\/2023\\\/03\\\/14134928\\\/pleno-1.jpg\",\"contentUrl\":\"https:\\\/\\\/media.radiolitoral.com\\\/wp-content\\\/uploads\\\/2023\\\/03\\\/14134928\\\/pleno-1.jpg\",\"width\":1437,\"height\":699},{\"@type\":\"BreadcrumbList\",\"@id\":\"https:\\\/\\\/radiolitoral.com\\\/2023\\\/03\\\/1282\\\/#breadcrumb\",\"itemListElement\":[{\"@type\":\"ListItem\",\"position\":1,\"name\":\"Portada\",\"item\":\"https:\\\/\\\/radiolitoral.com\\\/\"},{\"@type\":\"ListItem\",\"position\":2,\"name\":\"El pleno calpino aprueba tramitar la modificaci\u00f3n PGOU con el fin de definir la estructura verde\"}]},{\"@type\":\"WebSite\",\"@id\":\"https:\\\/\\\/radiolitoral.com\\\/#website\",\"url\":\"https:\\\/\\\/radiolitoral.com\\\/\",\"name\":\"Radio Litoral\",\"description\":\"La radio local de la Marina Alta\",\"publisher\":{\"@id\":\"https:\\\/\\\/radiolitoral.com\\\/#organization\"},\"alternateName\":\"Litoral FM\",\"potentialAction\":[{\"@type\":\"SearchAction\",\"target\":{\"@type\":\"EntryPoint\",\"urlTemplate\":\"https:\\\/\\\/radiolitoral.com\\\/?s={search_term_string}\"},\"query-input\":{\"@type\":\"PropertyValueSpecification\",\"valueRequired\":true,\"valueName\":\"search_term_string\"}}],\"inLanguage\":\"ca\"},{\"@type\":\"Organization\",\"@id\":\"https:\\\/\\\/radiolitoral.com\\\/#organization\",\"name\":\"Radio Litoral\",\"url\":\"https:\\\/\\\/radiolitoral.com\\\/\",\"logo\":{\"@type\":\"ImageObject\",\"inLanguage\":\"ca\",\"@id\":\"https:\\\/\\\/radiolitoral.com\\\/#\\\/schema\\\/logo\\\/image\\\/\",\"url\":\"https:\\\/\\\/media.radiolitoral.com\\\/wp-content\\\/uploads\\\/2023\\\/02\\\/24143238\\\/CL-V-RadioLitoral696.png\",\"contentUrl\":\"https:\\\/\\\/media.radiolitoral.com\\\/wp-content\\\/uploads\\\/2023\\\/02\\\/24143238\\\/CL-V-RadioLitoral696.png\",\"width\":696,\"height\":696,\"caption\":\"Radio Litoral\"},\"image\":{\"@id\":\"https:\\\/\\\/radiolitoral.com\\\/#\\\/schema\\\/logo\\\/image\\\/\"},\"sameAs\":[\"https:\\\/\\\/www.facebook.com\\\/Laradiolitoral\\\/\"]},{\"@type\":\"Person\",\"@id\":\"https:\\\/\\\/radiolitoral.com\\\/#\\\/schema\\\/person\\\/f2b2343c49b5d721857cc1002bfdb151\",\"name\":\"Redacci\u00f3n\",\"image\":{\"@type\":\"ImageObject\",\"inLanguage\":\"ca\",\"@id\":\"https:\\\/\\\/secure.gravatar.com\\\/avatar\\\/f771d896c203ad8b3382d7905cfcce5a5c9b008b84b3cd9114e9b9f4cb63f789?s=96&d=mm&r=g\",\"url\":\"https:\\\/\\\/secure.gravatar.com\\\/avatar\\\/f771d896c203ad8b3382d7905cfcce5a5c9b008b84b3cd9114e9b9f4cb63f789?s=96&d=mm&r=g\",\"contentUrl\":\"https:\\\/\\\/secure.gravatar.com\\\/avatar\\\/f771d896c203ad8b3382d7905cfcce5a5c9b008b84b3cd9114e9b9f4cb63f789?s=96&d=mm&r=g\",\"caption\":\"Redacci\u00f3n\"},\"url\":\"https:\\\/\\\/radiolitoral.com\\\/ca\\\/author\\\/miriam-pagan\\\/\"}]}<\/script>\n<!-- \/ Yoast SEO plugin. -->","yoast_head_json":{"title":"El ple calp\u00ed aprova tramitar la modificaci\u00f3 PGOU per definir l&#039;estructura verda | R\u00e0dio Litoral","description":"Una iniciativa que sorgeix a partir d&#039;un decret del Consell que permet instal\u00b7lar horts solars en zones no urbanitzables","robots":{"index":"index","follow":"follow","max-snippet":"max-snippet:-1","max-image-preview":"max-image-preview:large","max-video-preview":"max-video-preview:-1"},"canonical":"https:\/\/radiolitoral.com\/ca\/2023\/03\/1282\/","og_locale":"ca_ES","og_type":"article","og_title":"El pleno calpino aprueba tramitar la modificaci\u00f3n PGOU con el fin de definir la estructura verde | R\u00e0dio Litoral","og_description":"Una iniciativa que surge a partir de un decreto del Consell que permite la instalaci\u00f3n de huertos solares en zonas no urbanizables","og_url":"https:\/\/radiolitoral.com\/ca\/2023\/03\/1282\/","og_site_name":"R\u00e0dio Litoral","article_publisher":"https:\/\/www.facebook.com\/Laradiolitoral\/","article_published_time":"2023-03-14T12:49:36+00:00","article_modified_time":"2023-03-14T13:16:26+00:00","og_image":[{"width":1437,"height":699,"url":"https:\/\/media.radiolitoral.com\/wp-content\/uploads\/2023\/03\/14134928\/pleno-1.jpg","type":"image\/jpeg"}],"author":"Redacci\u00f3n","twitter_card":"summary_large_image","twitter_misc":{"Escrit per":"Redacci\u00f3n","Temps estimat de lectura":"1 minut"},"schema":{"@context":"https:\/\/schema.org","@graph":[{"@type":"NewsArticle","@id":"https:\/\/radiolitoral.com\/2023\/03\/1282\/#article","isPartOf":{"@id":"https:\/\/radiolitoral.com\/2023\/03\/1282\/"},"author":{"name":"Redacci\u00f3n","@id":"https:\/\/radiolitoral.com\/#\/schema\/person\/f2b2343c49b5d721857cc1002bfdb151"},"headline":"El pleno calpino aprueba tramitar la modificaci\u00f3n PGOU con el fin de definir la estructura verde","datePublished":"2023-03-14T12:49:36+00:00","dateModified":"2023-03-14T13:16:26+00:00","mainEntityOfPage":{"@id":"https:\/\/radiolitoral.com\/2023\/03\/1282\/"},"wordCount":171,"commentCount":0,"publisher":{"@id":"https:\/\/radiolitoral.com\/#organization"},"image":{"@id":"https:\/\/radiolitoral.com\/2023\/03\/1282\/#primaryimage"},"thumbnailUrl":"https:\/\/media.radiolitoral.com\/wp-content\/uploads\/2023\/03\/14134928\/pleno-1.jpg","keywords":["PGOU Calp","pleno Calp","zonas verdes"],"articleSection":["Pol\u00edtica"],"inLanguage":"ca","potentialAction":[{"@type":"CommentAction","name":"Comment","target":["https:\/\/radiolitoral.com\/2023\/03\/1282\/#respond"]}]},{"@type":["WebPage","ItemPage"],"@id":"https:\/\/radiolitoral.com\/2023\/03\/1282\/","url":"https:\/\/radiolitoral.com\/2023\/03\/1282\/","name":"El ple calp\u00ed aprova tramitar la modificaci\u00f3 PGOU per definir l&#039;estructura verda | R\u00e0dio Litoral","isPartOf":{"@id":"https:\/\/radiolitoral.com\/#website"},"primaryImageOfPage":{"@id":"https:\/\/radiolitoral.com\/2023\/03\/1282\/#primaryimage"},"image":{"@id":"https:\/\/radiolitoral.com\/2023\/03\/1282\/#primaryimage"},"thumbnailUrl":"https:\/\/media.radiolitoral.com\/wp-content\/uploads\/2023\/03\/14134928\/pleno-1.jpg","datePublished":"2023-03-14T12:49:36+00:00","dateModified":"2023-03-14T13:16:26+00:00","description":"Una iniciativa que sorgeix a partir d&#039;un decret del Consell que permet instal\u00b7lar horts solars en zones no urbanitzables","breadcrumb":{"@id":"https:\/\/radiolitoral.com\/2023\/03\/1282\/#breadcrumb"},"inLanguage":"ca","potentialAction":[{"@type":"ReadAction","target":["https:\/\/radiolitoral.com\/2023\/03\/1282\/"]}]},{"@type":"ImageObject","inLanguage":"ca","@id":"https:\/\/radiolitoral.com\/2023\/03\/1282\/#primaryimage","url":"https:\/\/media.radiolitoral.com\/wp-content\/uploads\/2023\/03\/14134928\/pleno-1.jpg","contentUrl":"https:\/\/media.radiolitoral.com\/wp-content\/uploads\/2023\/03\/14134928\/pleno-1.jpg","width":1437,"height":699},{"@type":"BreadcrumbList","@id":"https:\/\/radiolitoral.com\/2023\/03\/1282\/#breadcrumb","itemListElement":[{"@type":"ListItem","position":1,"name":"Portada","item":"https:\/\/radiolitoral.com\/"},{"@type":"ListItem","position":2,"name":"El pleno calpino aprueba tramitar la modificaci\u00f3n PGOU con el fin de definir la estructura verde"}]},{"@type":"WebSite","@id":"https:\/\/radiolitoral.com\/#website","url":"https:\/\/radiolitoral.com\/","name":"R\u00e0dio Litoral","description":"La r\u00e0dio local de la Marina Alta","publisher":{"@id":"https:\/\/radiolitoral.com\/#organization"},"alternateName":"Litoral FM","potentialAction":[{"@type":"SearchAction","target":{"@type":"EntryPoint","urlTemplate":"https:\/\/radiolitoral.com\/?s={search_term_string}"},"query-input":{"@type":"PropertyValueSpecification","valueRequired":true,"valueName":"search_term_string"}}],"inLanguage":"ca"},{"@type":"Organization","@id":"https:\/\/radiolitoral.com\/#organization","name":"R\u00e0dio Litoral","url":"https:\/\/radiolitoral.com\/","logo":{"@type":"ImageObject","inLanguage":"ca","@id":"https:\/\/radiolitoral.com\/#\/schema\/logo\/image\/","url":"https:\/\/media.radiolitoral.com\/wp-content\/uploads\/2023\/02\/24143238\/CL-V-RadioLitoral696.png","contentUrl":"https:\/\/media.radiolitoral.com\/wp-content\/uploads\/2023\/02\/24143238\/CL-V-RadioLitoral696.png","width":696,"height":696,"caption":"Radio Litoral"},"image":{"@id":"https:\/\/radiolitoral.com\/#\/schema\/logo\/image\/"},"sameAs":["https:\/\/www.facebook.com\/Laradiolitoral\/"]},{"@type":"Person","@id":"https:\/\/radiolitoral.com\/#\/schema\/person\/f2b2343c49b5d721857cc1002bfdb151","name":"Redacci\u00f3","image":{"@type":"ImageObject","inLanguage":"ca","@id":"https:\/\/secure.gravatar.com\/avatar\/f771d896c203ad8b3382d7905cfcce5a5c9b008b84b3cd9114e9b9f4cb63f789?s=96&d=mm&r=g","url":"https:\/\/secure.gravatar.com\/avatar\/f771d896c203ad8b3382d7905cfcce5a5c9b008b84b3cd9114e9b9f4cb63f789?s=96&d=mm&r=g","contentUrl":"https:\/\/secure.gravatar.com\/avatar\/f771d896c203ad8b3382d7905cfcce5a5c9b008b84b3cd9114e9b9f4cb63f789?s=96&d=mm&r=g","caption":"Redacci\u00f3n"},"url":"https:\/\/radiolitoral.com\/ca\/author\/miriam-pagan\/"}]}},"_links":{"self":[{"href":"https:\/\/radiolitoral.com\/ca\/wp-json\/wp\/v2\/posts\/1282","targetHints":{"allow":["GET"]}}],"collection":[{"href":"https:\/\/radiolitoral.com\/ca\/wp-json\/wp\/v2\/posts"}],"about":[{"href":"https:\/\/radiolitoral.com\/ca\/wp-json\/wp\/v2\/types\/post"}],"author":[{"embeddable":true,"href":"https:\/\/radiolitoral.com\/ca\/wp-json\/wp\/v2\/users\/13"}],"replies":[{"embeddable":true,"href":"https:\/\/radiolitoral.com\/ca\/wp-json\/wp\/v2\/comments?post=1282"}],"version-history":[{"count":5,"href":"https:\/\/radiolitoral.com\/ca\/wp-json\/wp\/v2\/posts\/1282\/revisions"}],"predecessor-version":[{"id":1306,"href":"https:\/\/radiolitoral.com\/ca\/wp-json\/wp\/v2\/posts\/1282\/revisions\/1306"}],"wp:featuredmedia":[{"embeddable":true,"href":"https:\/\/radiolitoral.com\/ca\/wp-json\/wp\/v2\/media\/1284"}],"wp:attachment":[{"href":"https:\/\/radiolitoral.com\/ca\/wp-json\/wp\/v2\/media?parent=1282"}],"wp:term":[{"taxonomy":"category","embeddable":true,"href":"https:\/\/radiolitoral.com\/ca\/wp-json\/wp\/v2\/categories?post=1282"},{"taxonomy":"post_tag","embeddable":true,"href":"https:\/\/radiolitoral.com\/ca\/wp-json\/wp\/v2\/tags?post=1282"}],"curies":[{"name":"wp","href":"https:\/\/api.w.org\/{rel}","templated":true}]}}