{"id":12809,"date":"2024-11-01T12:57:55","date_gmt":"2024-11-01T11:57:55","guid":{"rendered":"https:\/\/radiolitoral.com\/?p=12809"},"modified":"2024-11-01T12:57:55","modified_gmt":"2024-11-01T11:57:55","slug":"punts-de-recollida-a-la-marina-alta-per-als-damnificats-de-la-dana-a-valencia","status":"publish","type":"post","link":"https:\/\/radiolitoral.com\/ca\/2024\/11\/punts-de-recollida-a-la-marina-alta-per-als-damnificats-de-la-dana-a-valencia\/","title":{"rendered":"Punts de recollida a la Marina Alta per als damnificats de la DANA a Val\u00e8ncia"},"content":{"rendered":"<p>La <strong>Marina Alta<\/strong> continua mostrant el seu <strong>comprom\u00eds amb les v\u00edctimas de la DANA a Val\u00e8ncia<\/strong> amb diversos punts de recollida habilitats a diferents municipis per recollir productes de primera necessitat.<\/p>\n<p>A continuaci\u00f3, detallem els llocs i horaris de recollida a cada poblaci\u00f3.<\/p>\n<h3>Benissa<\/h3>\n<p>L&#039;Ajuntament de Benissa ha habilitat el<strong> Palau Sant Pere per recollir aliments i productes b\u00e0sics el divendres 1 de novembre, fins a les 13 hores<\/strong>.<\/p>\n<p>Els productes necessaris, segons la Federaci\u00f3 Valenciana de Municipis i Prov\u00edncies (FVMP), inclouen aigua, llet, embotit, pa, pa de motlle, llaunes de tonyina, articles de neteja personal, neteja dom\u00e8stica, p\u00e0lquers i compresos.<\/p>\n<p><img loading=\"lazy\" decoding=\"async\" class=\"alignnone wp-image-12811 size-full\" src=\"https:\/\/media.radiolitoral.com\/wp-content\/uploads\/2024\/11\/01125214\/Benissa-punto-recogida-DANA-Valencia.jpg\" alt=\"\" width=\"1080\" height=\"1080\" srcset=\"https:\/\/media.radiolitoral.com\/wp-content\/uploads\/2024\/11\/01125214\/Benissa-punto-recogida-DANA-Valencia.jpg 1080w, https:\/\/media.radiolitoral.com\/wp-content\/uploads\/2024\/11\/01125214\/Benissa-punto-recogida-DANA-Valencia-300x300.jpg 300w, https:\/\/media.radiolitoral.com\/wp-content\/uploads\/2024\/11\/01125214\/Benissa-punto-recogida-DANA-Valencia-1024x1024.jpg 1024w, https:\/\/media.radiolitoral.com\/wp-content\/uploads\/2024\/11\/01125214\/Benissa-punto-recogida-DANA-Valencia-150x150.jpg 150w, https:\/\/media.radiolitoral.com\/wp-content\/uploads\/2024\/11\/01125214\/Benissa-punto-recogida-DANA-Valencia-768x768.jpg 768w, https:\/\/media.radiolitoral.com\/wp-content\/uploads\/2024\/11\/01125214\/Benissa-punto-recogida-DANA-Valencia-12x12.jpg 12w, https:\/\/media.radiolitoral.com\/wp-content\/uploads\/2024\/11\/01125214\/Benissa-punto-recogida-DANA-Valencia-1000x1000.jpg 1000w, https:\/\/media.radiolitoral.com\/wp-content\/uploads\/2024\/11\/01125214\/Benissa-punto-recogida-DANA-Valencia-100x100.jpg 100w, https:\/\/media.radiolitoral.com\/wp-content\/uploads\/2024\/11\/01125214\/Benissa-punto-recogida-DANA-Valencia-200x200.jpg 200w\" sizes=\"auto, (max-width: 1080px) 100vw, 1080px\" \/><\/p>\n<h3>Ondara<\/h3>\n<p>L&#039;Ajuntament d&#039;Ondara organitza l&#039;enviament de material per a les persones afectades per la DANA amb recollida <strong>dissabte 2 de novembre, de 10 a 13:30 hores a la mat\u00ed i de 16 a 19:30 hores a la tarda, al Prado d&#039;Ondara.<\/strong><\/p>\n<p>El diumenge 3 de novembre, la Policia Local d&#039;Ondara traslladar\u00e0 les donacions a les zones afectades.<\/p>\n<p><img loading=\"lazy\" decoding=\"async\" class=\"alignnone wp-image-12812 size-full\" src=\"https:\/\/media.radiolitoral.com\/wp-content\/uploads\/2024\/11\/01125300\/Ondara-punto-recogida-DANA-Valencia.jpg\" alt=\"\" width=\"1131\" height=\"1600\" srcset=\"https:\/\/media.radiolitoral.com\/wp-content\/uploads\/2024\/11\/01125300\/Ondara-punto-recogida-DANA-Valencia.jpg 1131w, https:\/\/media.radiolitoral.com\/wp-content\/uploads\/2024\/11\/01125300\/Ondara-punto-recogida-DANA-Valencia-212x300.jpg 212w, https:\/\/media.radiolitoral.com\/wp-content\/uploads\/2024\/11\/01125300\/Ondara-punto-recogida-DANA-Valencia-724x1024.jpg 724w, https:\/\/media.radiolitoral.com\/wp-content\/uploads\/2024\/11\/01125300\/Ondara-punto-recogida-DANA-Valencia-768x1086.jpg 768w, https:\/\/media.radiolitoral.com\/wp-content\/uploads\/2024\/11\/01125300\/Ondara-punto-recogida-DANA-Valencia-1086x1536.jpg 1086w, https:\/\/media.radiolitoral.com\/wp-content\/uploads\/2024\/11\/01125300\/Ondara-punto-recogida-DANA-Valencia-8x12.jpg 8w, https:\/\/media.radiolitoral.com\/wp-content\/uploads\/2024\/11\/01125300\/Ondara-punto-recogida-DANA-Valencia-707x1000.jpg 707w, https:\/\/media.radiolitoral.com\/wp-content\/uploads\/2024\/11\/01125300\/Ondara-punto-recogida-DANA-Valencia-71x100.jpg 71w, https:\/\/media.radiolitoral.com\/wp-content\/uploads\/2024\/11\/01125300\/Ondara-punto-recogida-DANA-Valencia-141x200.jpg 141w\" sizes=\"auto, (max-width: 1131px) 100vw, 1131px\" \/><\/p>\n<h3>Centre Comercial Portal de la Marina<\/h3>\n<p>El Centre Comercial Portal de la Marina disposa un punt de recollida a<strong> l&#039;acc\u00e9s de Carrefour, el dissabte 2 de novembre.<\/strong> Els horaris s\u00f3n <strong>de 10 a 13:30 hores per la mat\u00ed i de 16 a 19:30 hores per la tarda<\/strong>.<\/p>\n<p>Es poden donar aliments no peribles, aigua embotellada, productes d&#039;higiene personal, menjar per a animals, roba i mantes en bon estat.<\/p>\n<p><img loading=\"lazy\" decoding=\"async\" class=\"alignnone wp-image-12813 size-full\" src=\"https:\/\/media.radiolitoral.com\/wp-content\/uploads\/2024\/11\/01125344\/Portal-de-la-Marina-punto-recogida-DANA-Valencia.jpg\" alt=\"\" width=\"1080\" height=\"1346\" srcset=\"https:\/\/media.radiolitoral.com\/wp-content\/uploads\/2024\/11\/01125344\/Portal-de-la-Marina-punto-recogida-DANA-Valencia.jpg 1080w, https:\/\/media.radiolitoral.com\/wp-content\/uploads\/2024\/11\/01125344\/Portal-de-la-Marina-punto-recogida-DANA-Valencia-241x300.jpg 241w, https:\/\/media.radiolitoral.com\/wp-content\/uploads\/2024\/11\/01125344\/Portal-de-la-Marina-punto-recogida-DANA-Valencia-822x1024.jpg 822w, https:\/\/media.radiolitoral.com\/wp-content\/uploads\/2024\/11\/01125344\/Portal-de-la-Marina-punto-recogida-DANA-Valencia-768x957.jpg 768w, https:\/\/media.radiolitoral.com\/wp-content\/uploads\/2024\/11\/01125344\/Portal-de-la-Marina-punto-recogida-DANA-Valencia-10x12.jpg 10w, https:\/\/media.radiolitoral.com\/wp-content\/uploads\/2024\/11\/01125344\/Portal-de-la-Marina-punto-recogida-DANA-Valencia-802x1000.jpg 802w, https:\/\/media.radiolitoral.com\/wp-content\/uploads\/2024\/11\/01125344\/Portal-de-la-Marina-punto-recogida-DANA-Valencia-80x100.jpg 80w, https:\/\/media.radiolitoral.com\/wp-content\/uploads\/2024\/11\/01125344\/Portal-de-la-Marina-punto-recogida-DANA-Valencia-160x200.jpg 160w\" sizes=\"auto, (max-width: 1080px) 100vw, 1080px\" \/><\/p>\n<h3>Teulada Moraira<\/h3>\n<p>A Teulada Moraira, <strong>des del divendres 1 de novembre<\/strong>, s&#039;habilitin dos punts de recollida: la <strong>pista de front\u00f3 de Teulada i l&#039;Espai La Senieta de Moraira.<\/strong><\/p>\n<p>Horari: de 10 a 14 hores i de 16 a 19 hores. La FVMP sol\u00b7licitar\u00e0 els productes en funci\u00f3 de les necessitats.<\/p>\n<p><img loading=\"lazy\" decoding=\"async\" class=\"alignnone wp-image-12814 size-full\" src=\"https:\/\/media.radiolitoral.com\/wp-content\/uploads\/2024\/11\/01125425\/Teulada-punto-recogida-DANA-Valencia.jpg\" alt=\"\" width=\"1080\" height=\"1080\" srcset=\"https:\/\/media.radiolitoral.com\/wp-content\/uploads\/2024\/11\/01125425\/Teulada-punto-recogida-DANA-Valencia.jpg 1080w, https:\/\/media.radiolitoral.com\/wp-content\/uploads\/2024\/11\/01125425\/Teulada-punto-recogida-DANA-Valencia-300x300.jpg 300w, https:\/\/media.radiolitoral.com\/wp-content\/uploads\/2024\/11\/01125425\/Teulada-punto-recogida-DANA-Valencia-1024x1024.jpg 1024w, https:\/\/media.radiolitoral.com\/wp-content\/uploads\/2024\/11\/01125425\/Teulada-punto-recogida-DANA-Valencia-150x150.jpg 150w, https:\/\/media.radiolitoral.com\/wp-content\/uploads\/2024\/11\/01125425\/Teulada-punto-recogida-DANA-Valencia-768x768.jpg 768w, https:\/\/media.radiolitoral.com\/wp-content\/uploads\/2024\/11\/01125425\/Teulada-punto-recogida-DANA-Valencia-12x12.jpg 12w, https:\/\/media.radiolitoral.com\/wp-content\/uploads\/2024\/11\/01125425\/Teulada-punto-recogida-DANA-Valencia-1000x1000.jpg 1000w, https:\/\/media.radiolitoral.com\/wp-content\/uploads\/2024\/11\/01125425\/Teulada-punto-recogida-DANA-Valencia-100x100.jpg 100w, https:\/\/media.radiolitoral.com\/wp-content\/uploads\/2024\/11\/01125425\/Teulada-punto-recogida-DANA-Valencia-200x200.jpg 200w\" sizes=\"auto, (max-width: 1080px) 100vw, 1080px\" \/><\/p>\n<h3>Gata de Gorgos<\/h3>\n<p>L&#039;Ajuntament de Gata de Gorgos organitza una recollida al <strong>pavell\u00f3 municipal, carrer de les Sorts, el dissabte 2 de novembre<\/strong>, de 10 a 20 hores.<\/p>\n<p>Es demana seguir estrictament la llista de productes requerits.<\/p>\n<p><img loading=\"lazy\" decoding=\"async\" class=\"alignnone wp-image-12815 size-full\" src=\"https:\/\/media.radiolitoral.com\/wp-content\/uploads\/2024\/11\/01125508\/Gata-de-Gorgos-punto-recogida-DANA-Valencia.jpg\" alt=\"\" width=\"1131\" height=\"1600\" srcset=\"https:\/\/media.radiolitoral.com\/wp-content\/uploads\/2024\/11\/01125508\/Gata-de-Gorgos-punto-recogida-DANA-Valencia.jpg 1131w, https:\/\/media.radiolitoral.com\/wp-content\/uploads\/2024\/11\/01125508\/Gata-de-Gorgos-punto-recogida-DANA-Valencia-212x300.jpg 212w, https:\/\/media.radiolitoral.com\/wp-content\/uploads\/2024\/11\/01125508\/Gata-de-Gorgos-punto-recogida-DANA-Valencia-724x1024.jpg 724w, https:\/\/media.radiolitoral.com\/wp-content\/uploads\/2024\/11\/01125508\/Gata-de-Gorgos-punto-recogida-DANA-Valencia-768x1086.jpg 768w, https:\/\/media.radiolitoral.com\/wp-content\/uploads\/2024\/11\/01125508\/Gata-de-Gorgos-punto-recogida-DANA-Valencia-1086x1536.jpg 1086w, https:\/\/media.radiolitoral.com\/wp-content\/uploads\/2024\/11\/01125508\/Gata-de-Gorgos-punto-recogida-DANA-Valencia-8x12.jpg 8w, https:\/\/media.radiolitoral.com\/wp-content\/uploads\/2024\/11\/01125508\/Gata-de-Gorgos-punto-recogida-DANA-Valencia-707x1000.jpg 707w, https:\/\/media.radiolitoral.com\/wp-content\/uploads\/2024\/11\/01125508\/Gata-de-Gorgos-punto-recogida-DANA-Valencia-71x100.jpg 71w, https:\/\/media.radiolitoral.com\/wp-content\/uploads\/2024\/11\/01125508\/Gata-de-Gorgos-punto-recogida-DANA-Valencia-141x200.jpg 141w\" sizes=\"auto, (max-width: 1131px) 100vw, 1131px\" \/><\/p>\n<h3>El Poble Nou de Benitatxell<\/h3>\n<p>Al Poble Nou de Benitatxell, el punt de recollida es troba al<strong> magatzem del cam\u00ed de l&#039;Albiar, 2.<\/strong><\/p>\n<p>Horari: <strong>dissabte 2 i 4 de novembre, de 10 a 14 hores i de 16 a 18 hores.<\/strong><\/p>\n<p>Es necessiten productes de neteja, higiene, alimentaci\u00f3 no perible i altres articles com bateries externes i llums frontals.<\/p>\n<p><img loading=\"lazy\" decoding=\"async\" class=\"alignnone wp-image-12816 size-full\" src=\"https:\/\/media.radiolitoral.com\/wp-content\/uploads\/2024\/11\/01125540\/Benitatxell-punto-recogida-DANA-Valencia.jpeg\" alt=\"\" width=\"1080\" height=\"1080\" srcset=\"https:\/\/media.radiolitoral.com\/wp-content\/uploads\/2024\/11\/01125540\/Benitatxell-punto-recogida-DANA-Valencia.jpeg 1080w, https:\/\/media.radiolitoral.com\/wp-content\/uploads\/2024\/11\/01125540\/Benitatxell-punto-recogida-DANA-Valencia-300x300.jpeg 300w, https:\/\/media.radiolitoral.com\/wp-content\/uploads\/2024\/11\/01125540\/Benitatxell-punto-recogida-DANA-Valencia-1024x1024.jpeg 1024w, https:\/\/media.radiolitoral.com\/wp-content\/uploads\/2024\/11\/01125540\/Benitatxell-punto-recogida-DANA-Valencia-150x150.jpeg 150w, https:\/\/media.radiolitoral.com\/wp-content\/uploads\/2024\/11\/01125540\/Benitatxell-punto-recogida-DANA-Valencia-768x768.jpeg 768w, https:\/\/media.radiolitoral.com\/wp-content\/uploads\/2024\/11\/01125540\/Benitatxell-punto-recogida-DANA-Valencia-12x12.jpeg 12w, https:\/\/media.radiolitoral.com\/wp-content\/uploads\/2024\/11\/01125540\/Benitatxell-punto-recogida-DANA-Valencia-1000x1000.jpeg 1000w, https:\/\/media.radiolitoral.com\/wp-content\/uploads\/2024\/11\/01125540\/Benitatxell-punto-recogida-DANA-Valencia-100x100.jpeg 100w, https:\/\/media.radiolitoral.com\/wp-content\/uploads\/2024\/11\/01125540\/Benitatxell-punto-recogida-DANA-Valencia-200x200.jpeg 200w\" sizes=\"auto, (max-width: 1080px) 100vw, 1080px\" \/><\/p>\n<h3>Els Poblets<\/h3>\n<p>El punt de recollida als Poblets s&#039;ubica a la<strong> Sala Multiusos (Mirarrosa),<\/strong> el <strong>dissabte 2 de novembre,<\/strong> amb horari de 10 a 14 hores i de 16 a 20 hores.<\/p>\n<p>La FVMP coordina els enviaments per assegurar que el material recollit segueixi concretament el que cal.<\/p>\n<p><img loading=\"lazy\" decoding=\"async\" class=\"alignnone wp-image-12817 size-full\" src=\"https:\/\/media.radiolitoral.com\/wp-content\/uploads\/2024\/11\/01125641\/Els-Poblets-punto-recogida-DANA-Valencia.jpg\" alt=\"\" width=\"1448\" height=\"2048\" srcset=\"https:\/\/media.radiolitoral.com\/wp-content\/uploads\/2024\/11\/01125641\/Els-Poblets-punto-recogida-DANA-Valencia.jpg 1448w, https:\/\/media.radiolitoral.com\/wp-content\/uploads\/2024\/11\/01125641\/Els-Poblets-punto-recogida-DANA-Valencia-212x300.jpg 212w, https:\/\/media.radiolitoral.com\/wp-content\/uploads\/2024\/11\/01125641\/Els-Poblets-punto-recogida-DANA-Valencia-724x1024.jpg 724w, https:\/\/media.radiolitoral.com\/wp-content\/uploads\/2024\/11\/01125641\/Els-Poblets-punto-recogida-DANA-Valencia-768x1086.jpg 768w, https:\/\/media.radiolitoral.com\/wp-content\/uploads\/2024\/11\/01125641\/Els-Poblets-punto-recogida-DANA-Valencia-1086x1536.jpg 1086w, https:\/\/media.radiolitoral.com\/wp-content\/uploads\/2024\/11\/01125641\/Els-Poblets-punto-recogida-DANA-Valencia-8x12.jpg 8w, https:\/\/media.radiolitoral.com\/wp-content\/uploads\/2024\/11\/01125641\/Els-Poblets-punto-recogida-DANA-Valencia-707x1000.jpg 707w, https:\/\/media.radiolitoral.com\/wp-content\/uploads\/2024\/11\/01125641\/Els-Poblets-punto-recogida-DANA-Valencia-71x100.jpg 71w, https:\/\/media.radiolitoral.com\/wp-content\/uploads\/2024\/11\/01125641\/Els-Poblets-punto-recogida-DANA-Valencia-141x200.jpg 141w\" sizes=\"auto, (max-width: 1448px) 100vw, 1448px\" \/><\/p>\n<h3>El Verger<\/h3>\n<p>Al Verger, el <strong>Centre Social, c\/Alm\u00e0ssera, 20,<\/strong> acollir\u00e0 la recollida el <strong>divendres 1 de novembre<\/strong>, de 10 a 20 hores, i el<strong> dissabte 2 de novembre<\/strong> al mateix horari.<\/p>\n<p><img loading=\"lazy\" decoding=\"async\" class=\"alignnone wp-image-12818 size-full\" src=\"https:\/\/media.radiolitoral.com\/wp-content\/uploads\/2024\/11\/01125723\/El-Verger-punto-recogida-DANA-Valencia.jpg\" alt=\"\" width=\"1131\" height=\"1600\" srcset=\"https:\/\/media.radiolitoral.com\/wp-content\/uploads\/2024\/11\/01125723\/El-Verger-punto-recogida-DANA-Valencia.jpg 1131w, https:\/\/media.radiolitoral.com\/wp-content\/uploads\/2024\/11\/01125723\/El-Verger-punto-recogida-DANA-Valencia-212x300.jpg 212w, https:\/\/media.radiolitoral.com\/wp-content\/uploads\/2024\/11\/01125723\/El-Verger-punto-recogida-DANA-Valencia-724x1024.jpg 724w, https:\/\/media.radiolitoral.com\/wp-content\/uploads\/2024\/11\/01125723\/El-Verger-punto-recogida-DANA-Valencia-768x1086.jpg 768w, https:\/\/media.radiolitoral.com\/wp-content\/uploads\/2024\/11\/01125723\/El-Verger-punto-recogida-DANA-Valencia-1086x1536.jpg 1086w, https:\/\/media.radiolitoral.com\/wp-content\/uploads\/2024\/11\/01125723\/El-Verger-punto-recogida-DANA-Valencia-8x12.jpg 8w, https:\/\/media.radiolitoral.com\/wp-content\/uploads\/2024\/11\/01125723\/El-Verger-punto-recogida-DANA-Valencia-707x1000.jpg 707w, https:\/\/media.radiolitoral.com\/wp-content\/uploads\/2024\/11\/01125723\/El-Verger-punto-recogida-DANA-Valencia-71x100.jpg 71w, https:\/\/media.radiolitoral.com\/wp-content\/uploads\/2024\/11\/01125723\/El-Verger-punto-recogida-DANA-Valencia-141x200.jpg 141w\" sizes=\"auto, (max-width: 1131px) 100vw, 1131px\" \/><\/p>\n<h3>La Vall de Gallinera<\/h3>\n<p>Els ve\u00efns de La Vall de Gallinera poden fer les vostres aportacions<strong> a partir del dilluns 4 de novembre, a l&#039;edifici de l&#039;ajuntament,<\/strong> entre les 11 i les 15 hores. Es demanen productes essencials com aigua, llet, embotit, pa, llaunes de tonyina, articles de neteja i productes d&#039;higiene personal.<\/p>\n<p>La Marina Alta \u00e9s mobilitza per ajudar les v\u00edctimas de la DANA de Val\u00e8ncia, amb el suport de la FVMP i la col\u00b7laboraci\u00f3 dels municipis i la ciutadania.<\/p>\n<p>&nbsp;<\/p>","protected":false},"excerpt":{"rendered":"<p>La Marina Alta continua mostrant el seu comprom\u00eds amb les v\u00edctimes de la DANA a Val\u00e8ncia amb diversos punts de recollida habilitats a diferents municipis per arreplegar productes de primera necessitat. A continuaci\u00f3, detallem els llocs i horaris de recollida en cada poblaci\u00f3. Benissa L\u2019Ajuntament de Benissa ha habilitat el Palau Sant Pere per recollir [&#8230;]<\/p>\n<p><a class=\"btn btn-secondary understrap-read-more-link\" href=\"https:\/\/radiolitoral.com\/ca\/2024\/11\/punts-de-recollida-a-la-marina-alta-per-als-damnificats-de-la-dana-a-valencia\/\">Continua llegint&#8230;<span class=\"screen-reader-text\"> from Punts de recollida a la Marina Alta per als damnificats de la DANA a Val\u00e8ncia<\/span><\/a><\/p>\n","protected":false},"author":13,"featured_media":12810,"comment_status":"open","ping_status":"closed","sticky":false,"template":"","format":"standard","meta":{"_acf_changed":false,"inline_featured_image":false,"footnotes":""},"categories":[46],"tags":[2690,2689,314,1160,715],"class_list":["post-12809","post","type-post","status-publish","format-standard","has-post-thumbnail","hentry","category-sociedad","tag-damnificados-dana","tag-dana-valencia","tag-marina-alta","tag-sociedad","tag-solidaridad","cobertura-marina-alta"],"acf":[],"yoast_head":"<!-- This site is optimized with the Yoast SEO plugin v27.5 - https:\/\/yoast.com\/product\/yoast-seo-wordpress\/ -->\n<title>Punts de recollida a la Marina Alta per als damnificats de la DANA a Val\u00e8ncia | R\u00e0dio Litoral<\/title>\n<meta name=\"description\" content=\"Municipis com Benissa, Ondara, Teulada Moraira, Gata de Gorgos, i m\u00e9s, s&#039;organitzen per recollir productes essencials Municipis com Benissa, Ondara, Teulada Moraira, Gata de Gorgos, i m\u00e9s, s&#039;organitzen per recollir productes essencials\" \/>\n<meta name=\"robots\" content=\"index, follow, max-snippet:-1, max-image-preview:large, max-video-preview:-1\" \/>\n<link rel=\"canonical\" href=\"https:\/\/radiolitoral.com\/ca\/2024\/11\/punts-de-recollida-a-la-marina-alta-per-als-damnificats-de-la-dana-a-valencia\/\" \/>\n<meta property=\"og:locale\" content=\"ca_ES\" \/>\n<meta property=\"og:type\" content=\"article\" \/>\n<meta property=\"og:title\" content=\"Punts de recollida a la Marina Alta per als damnificats de la DANA a Val\u00e8ncia | R\u00e0dio Litoral\" \/>\n<meta property=\"og:description\" content=\"Municipis com Benissa, Ondara, Teulada Moraira, Gata de Gorgos, i m\u00e9s, s&#039;organitzen per recollir productes essencials Municipis com Benissa, Ondara, Teulada Moraira, Gata de Gorgos, i m\u00e9s, s&#039;organitzen per recollir productes essencials\" \/>\n<meta property=\"og:url\" content=\"https:\/\/radiolitoral.com\/ca\/2024\/11\/punts-de-recollida-a-la-marina-alta-per-als-damnificats-de-la-dana-a-valencia\/\" \/>\n<meta property=\"og:site_name\" content=\"R\u00e0dio Litoral\" \/>\n<meta property=\"article:publisher\" content=\"https:\/\/www.facebook.com\/Laradiolitoral\/\" \/>\n<meta property=\"article:published_time\" content=\"2024-11-01T11:57:55+00:00\" \/>\n<meta property=\"og:image\" content=\"https:\/\/media.radiolitoral.com\/wp-content\/uploads\/2024\/11\/01125057\/DANA-Valencia-Paiporta-EFE-Biel-Alino.webp\" \/>\n\t<meta property=\"og:image:width\" content=\"900\" \/>\n\t<meta property=\"og:image:height\" content=\"600\" \/>\n\t<meta property=\"og:image:type\" content=\"image\/webp\" \/>\n<meta name=\"author\" content=\"Redacci\u00f3n\" \/>\n<meta name=\"twitter:card\" content=\"summary_large_image\" \/>\n<meta name=\"twitter:label1\" content=\"Escrit per\" \/>\n\t<meta name=\"twitter:data1\" content=\"Redacci\u00f3n\" \/>\n\t<meta name=\"twitter:label2\" content=\"Temps estimat de lectura\" \/>\n\t<meta name=\"twitter:data2\" content=\"5 minuts\" \/>\n<script type=\"application\/ld+json\" class=\"yoast-schema-graph\">{\"@context\":\"https:\\\/\\\/schema.org\",\"@graph\":[{\"@type\":\"NewsArticle\",\"@id\":\"https:\\\/\\\/radiolitoral.com\\\/2024\\\/11\\\/punts-de-recollida-a-la-marina-alta-per-als-damnificats-de-la-dana-a-valencia\\\/#article\",\"isPartOf\":{\"@id\":\"https:\\\/\\\/radiolitoral.com\\\/2024\\\/11\\\/punts-de-recollida-a-la-marina-alta-per-als-damnificats-de-la-dana-a-valencia\\\/\"},\"author\":{\"name\":\"Redacci\u00f3n\",\"@id\":\"https:\\\/\\\/radiolitoral.com\\\/#\\\/schema\\\/person\\\/f2b2343c49b5d721857cc1002bfdb151\"},\"headline\":\"Punts de recollida a la Marina Alta per als damnificats de la DANA a Val\u00e8ncia\",\"datePublished\":\"2024-11-01T11:57:55+00:00\",\"mainEntityOfPage\":{\"@id\":\"https:\\\/\\\/radiolitoral.com\\\/2024\\\/11\\\/punts-de-recollida-a-la-marina-alta-per-als-damnificats-de-la-dana-a-valencia\\\/\"},\"wordCount\":545,\"commentCount\":0,\"publisher\":{\"@id\":\"https:\\\/\\\/radiolitoral.com\\\/#organization\"},\"image\":{\"@id\":\"https:\\\/\\\/radiolitoral.com\\\/2024\\\/11\\\/punts-de-recollida-a-la-marina-alta-per-als-damnificats-de-la-dana-a-valencia\\\/#primaryimage\"},\"thumbnailUrl\":\"https:\\\/\\\/media.radiolitoral.com\\\/wp-content\\\/uploads\\\/2024\\\/11\\\/01125057\\\/DANA-Valencia-Paiporta-EFE-Biel-Alino.webp\",\"keywords\":[\"damnificados DANA\",\"DANA Valencia\",\"Marina Alta\",\"sociedad\",\"Solidaridad\"],\"articleSection\":[\"Sociedad\"],\"inLanguage\":\"ca\",\"potentialAction\":[{\"@type\":\"CommentAction\",\"name\":\"Comment\",\"target\":[\"https:\\\/\\\/radiolitoral.com\\\/2024\\\/11\\\/punts-de-recollida-a-la-marina-alta-per-als-damnificats-de-la-dana-a-valencia\\\/#respond\"]}]},{\"@type\":[\"WebPage\",\"ItemPage\"],\"@id\":\"https:\\\/\\\/radiolitoral.com\\\/2024\\\/11\\\/punts-de-recollida-a-la-marina-alta-per-als-damnificats-de-la-dana-a-valencia\\\/\",\"url\":\"https:\\\/\\\/radiolitoral.com\\\/2024\\\/11\\\/punts-de-recollida-a-la-marina-alta-per-als-damnificats-de-la-dana-a-valencia\\\/\",\"name\":\"Punts de recollida a la Marina Alta per als damnificats de la DANA a Val\u00e8ncia | R\u00e0dio Litoral\",\"isPartOf\":{\"@id\":\"https:\\\/\\\/radiolitoral.com\\\/#website\"},\"primaryImageOfPage\":{\"@id\":\"https:\\\/\\\/radiolitoral.com\\\/2024\\\/11\\\/punts-de-recollida-a-la-marina-alta-per-als-damnificats-de-la-dana-a-valencia\\\/#primaryimage\"},\"image\":{\"@id\":\"https:\\\/\\\/radiolitoral.com\\\/2024\\\/11\\\/punts-de-recollida-a-la-marina-alta-per-als-damnificats-de-la-dana-a-valencia\\\/#primaryimage\"},\"thumbnailUrl\":\"https:\\\/\\\/media.radiolitoral.com\\\/wp-content\\\/uploads\\\/2024\\\/11\\\/01125057\\\/DANA-Valencia-Paiporta-EFE-Biel-Alino.webp\",\"datePublished\":\"2024-11-01T11:57:55+00:00\",\"description\":\"Municipis com Benissa, Ondara, Teulada Moraira, Gata de Gorgos, i m\u00e9s, s'organitzen per recollir productes essencials Municipis com Benissa, Ondara, Teulada Moraira, Gata de Gorgos, i m\u00e9s, s'organitzen per recollir productes essencials\",\"breadcrumb\":{\"@id\":\"https:\\\/\\\/radiolitoral.com\\\/2024\\\/11\\\/punts-de-recollida-a-la-marina-alta-per-als-damnificats-de-la-dana-a-valencia\\\/#breadcrumb\"},\"inLanguage\":\"ca\",\"potentialAction\":[{\"@type\":\"ReadAction\",\"target\":[\"https:\\\/\\\/radiolitoral.com\\\/2024\\\/11\\\/punts-de-recollida-a-la-marina-alta-per-als-damnificats-de-la-dana-a-valencia\\\/\"]}]},{\"@type\":\"ImageObject\",\"inLanguage\":\"ca\",\"@id\":\"https:\\\/\\\/radiolitoral.com\\\/2024\\\/11\\\/punts-de-recollida-a-la-marina-alta-per-als-damnificats-de-la-dana-a-valencia\\\/#primaryimage\",\"url\":\"https:\\\/\\\/media.radiolitoral.com\\\/wp-content\\\/uploads\\\/2024\\\/11\\\/01125057\\\/DANA-Valencia-Paiporta-EFE-Biel-Alino.webp\",\"contentUrl\":\"https:\\\/\\\/media.radiolitoral.com\\\/wp-content\\\/uploads\\\/2024\\\/11\\\/01125057\\\/DANA-Valencia-Paiporta-EFE-Biel-Alino.webp\",\"width\":900,\"height\":600},{\"@type\":\"BreadcrumbList\",\"@id\":\"https:\\\/\\\/radiolitoral.com\\\/2024\\\/11\\\/punts-de-recollida-a-la-marina-alta-per-als-damnificats-de-la-dana-a-valencia\\\/#breadcrumb\",\"itemListElement\":[{\"@type\":\"ListItem\",\"position\":1,\"name\":\"Portada\",\"item\":\"https:\\\/\\\/radiolitoral.com\\\/\"},{\"@type\":\"ListItem\",\"position\":2,\"name\":\"Punts de recollida a la Marina Alta per als damnificats de la DANA a Val\u00e8ncia\"}]},{\"@type\":\"WebSite\",\"@id\":\"https:\\\/\\\/radiolitoral.com\\\/#website\",\"url\":\"https:\\\/\\\/radiolitoral.com\\\/\",\"name\":\"Radio Litoral\",\"description\":\"La radio local de la Marina Alta\",\"publisher\":{\"@id\":\"https:\\\/\\\/radiolitoral.com\\\/#organization\"},\"alternateName\":\"Litoral FM\",\"potentialAction\":[{\"@type\":\"SearchAction\",\"target\":{\"@type\":\"EntryPoint\",\"urlTemplate\":\"https:\\\/\\\/radiolitoral.com\\\/?s={search_term_string}\"},\"query-input\":{\"@type\":\"PropertyValueSpecification\",\"valueRequired\":true,\"valueName\":\"search_term_string\"}}],\"inLanguage\":\"ca\"},{\"@type\":\"Organization\",\"@id\":\"https:\\\/\\\/radiolitoral.com\\\/#organization\",\"name\":\"Radio Litoral\",\"url\":\"https:\\\/\\\/radiolitoral.com\\\/\",\"logo\":{\"@type\":\"ImageObject\",\"inLanguage\":\"ca\",\"@id\":\"https:\\\/\\\/radiolitoral.com\\\/#\\\/schema\\\/logo\\\/image\\\/\",\"url\":\"https:\\\/\\\/media.radiolitoral.com\\\/wp-content\\\/uploads\\\/2023\\\/02\\\/24143238\\\/CL-V-RadioLitoral696.png\",\"contentUrl\":\"https:\\\/\\\/media.radiolitoral.com\\\/wp-content\\\/uploads\\\/2023\\\/02\\\/24143238\\\/CL-V-RadioLitoral696.png\",\"width\":696,\"height\":696,\"caption\":\"Radio Litoral\"},\"image\":{\"@id\":\"https:\\\/\\\/radiolitoral.com\\\/#\\\/schema\\\/logo\\\/image\\\/\"},\"sameAs\":[\"https:\\\/\\\/www.facebook.com\\\/Laradiolitoral\\\/\"]},{\"@type\":\"Person\",\"@id\":\"https:\\\/\\\/radiolitoral.com\\\/#\\\/schema\\\/person\\\/f2b2343c49b5d721857cc1002bfdb151\",\"name\":\"Redacci\u00f3n\",\"image\":{\"@type\":\"ImageObject\",\"inLanguage\":\"ca\",\"@id\":\"https:\\\/\\\/secure.gravatar.com\\\/avatar\\\/f771d896c203ad8b3382d7905cfcce5a5c9b008b84b3cd9114e9b9f4cb63f789?s=96&d=mm&r=g\",\"url\":\"https:\\\/\\\/secure.gravatar.com\\\/avatar\\\/f771d896c203ad8b3382d7905cfcce5a5c9b008b84b3cd9114e9b9f4cb63f789?s=96&d=mm&r=g\",\"contentUrl\":\"https:\\\/\\\/secure.gravatar.com\\\/avatar\\\/f771d896c203ad8b3382d7905cfcce5a5c9b008b84b3cd9114e9b9f4cb63f789?s=96&d=mm&r=g\",\"caption\":\"Redacci\u00f3n\"},\"url\":\"https:\\\/\\\/radiolitoral.com\\\/ca\\\/author\\\/miriam-pagan\\\/\"}]}<\/script>\n<!-- \/ Yoast SEO plugin. -->","yoast_head_json":{"title":"Punts de recollida a la Marina Alta per als damnificats de la DANA a Val\u00e8ncia | R\u00e0dio Litoral","description":"Municipis com Benissa, Ondara, Teulada Moraira, Gata de Gorgos, i m\u00e9s, s&#039;organitzen per recollir productes essencials Municipis com Benissa, Ondara, Teulada Moraira, Gata de Gorgos, i m\u00e9s, s&#039;organitzen per recollir productes essencials","robots":{"index":"index","follow":"follow","max-snippet":"max-snippet:-1","max-image-preview":"max-image-preview:large","max-video-preview":"max-video-preview:-1"},"canonical":"https:\/\/radiolitoral.com\/ca\/2024\/11\/punts-de-recollida-a-la-marina-alta-per-als-damnificats-de-la-dana-a-valencia\/","og_locale":"ca_ES","og_type":"article","og_title":"Punts de recollida a la Marina Alta per als damnificats de la DANA a Val\u00e8ncia | R\u00e0dio Litoral","og_description":"Municipis com Benissa, Ondara, Teulada Moraira, Gata de Gorgos, i m\u00e9s, s'organitzen per recollir productes essencials Municipis com Benissa, Ondara, Teulada Moraira, Gata de Gorgos, i m\u00e9s, s'organitzen per recollir productes essencials","og_url":"https:\/\/radiolitoral.com\/ca\/2024\/11\/punts-de-recollida-a-la-marina-alta-per-als-damnificats-de-la-dana-a-valencia\/","og_site_name":"R\u00e0dio Litoral","article_publisher":"https:\/\/www.facebook.com\/Laradiolitoral\/","article_published_time":"2024-11-01T11:57:55+00:00","og_image":[{"width":900,"height":600,"url":"https:\/\/media.radiolitoral.com\/wp-content\/uploads\/2024\/11\/01125057\/DANA-Valencia-Paiporta-EFE-Biel-Alino.webp","type":"image\/webp"}],"author":"Redacci\u00f3n","twitter_card":"summary_large_image","twitter_misc":{"Escrit per":"Redacci\u00f3n","Temps estimat de lectura":"5 minuts"},"schema":{"@context":"https:\/\/schema.org","@graph":[{"@type":"NewsArticle","@id":"https:\/\/radiolitoral.com\/2024\/11\/punts-de-recollida-a-la-marina-alta-per-als-damnificats-de-la-dana-a-valencia\/#article","isPartOf":{"@id":"https:\/\/radiolitoral.com\/2024\/11\/punts-de-recollida-a-la-marina-alta-per-als-damnificats-de-la-dana-a-valencia\/"},"author":{"name":"Redacci\u00f3n","@id":"https:\/\/radiolitoral.com\/#\/schema\/person\/f2b2343c49b5d721857cc1002bfdb151"},"headline":"Punts de recollida a la Marina Alta per als damnificats de la DANA a Val\u00e8ncia","datePublished":"2024-11-01T11:57:55+00:00","mainEntityOfPage":{"@id":"https:\/\/radiolitoral.com\/2024\/11\/punts-de-recollida-a-la-marina-alta-per-als-damnificats-de-la-dana-a-valencia\/"},"wordCount":545,"commentCount":0,"publisher":{"@id":"https:\/\/radiolitoral.com\/#organization"},"image":{"@id":"https:\/\/radiolitoral.com\/2024\/11\/punts-de-recollida-a-la-marina-alta-per-als-damnificats-de-la-dana-a-valencia\/#primaryimage"},"thumbnailUrl":"https:\/\/media.radiolitoral.com\/wp-content\/uploads\/2024\/11\/01125057\/DANA-Valencia-Paiporta-EFE-Biel-Alino.webp","keywords":["damnificados DANA","DANA Valencia","Marina Alta","sociedad","Solidaridad"],"articleSection":["Sociedad"],"inLanguage":"ca","potentialAction":[{"@type":"CommentAction","name":"Comment","target":["https:\/\/radiolitoral.com\/2024\/11\/punts-de-recollida-a-la-marina-alta-per-als-damnificats-de-la-dana-a-valencia\/#respond"]}]},{"@type":["WebPage","ItemPage"],"@id":"https:\/\/radiolitoral.com\/2024\/11\/punts-de-recollida-a-la-marina-alta-per-als-damnificats-de-la-dana-a-valencia\/","url":"https:\/\/radiolitoral.com\/2024\/11\/punts-de-recollida-a-la-marina-alta-per-als-damnificats-de-la-dana-a-valencia\/","name":"Punts de recollida a la Marina Alta per als damnificats de la DANA a Val\u00e8ncia | R\u00e0dio Litoral","isPartOf":{"@id":"https:\/\/radiolitoral.com\/#website"},"primaryImageOfPage":{"@id":"https:\/\/radiolitoral.com\/2024\/11\/punts-de-recollida-a-la-marina-alta-per-als-damnificats-de-la-dana-a-valencia\/#primaryimage"},"image":{"@id":"https:\/\/radiolitoral.com\/2024\/11\/punts-de-recollida-a-la-marina-alta-per-als-damnificats-de-la-dana-a-valencia\/#primaryimage"},"thumbnailUrl":"https:\/\/media.radiolitoral.com\/wp-content\/uploads\/2024\/11\/01125057\/DANA-Valencia-Paiporta-EFE-Biel-Alino.webp","datePublished":"2024-11-01T11:57:55+00:00","description":"Municipis com Benissa, Ondara, Teulada Moraira, Gata de Gorgos, i m\u00e9s, s&#039;organitzen per recollir productes essencials Municipis com Benissa, Ondara, Teulada Moraira, Gata de Gorgos, i m\u00e9s, s&#039;organitzen per recollir productes essencials","breadcrumb":{"@id":"https:\/\/radiolitoral.com\/2024\/11\/punts-de-recollida-a-la-marina-alta-per-als-damnificats-de-la-dana-a-valencia\/#breadcrumb"},"inLanguage":"ca","potentialAction":[{"@type":"ReadAction","target":["https:\/\/radiolitoral.com\/2024\/11\/punts-de-recollida-a-la-marina-alta-per-als-damnificats-de-la-dana-a-valencia\/"]}]},{"@type":"ImageObject","inLanguage":"ca","@id":"https:\/\/radiolitoral.com\/2024\/11\/punts-de-recollida-a-la-marina-alta-per-als-damnificats-de-la-dana-a-valencia\/#primaryimage","url":"https:\/\/media.radiolitoral.com\/wp-content\/uploads\/2024\/11\/01125057\/DANA-Valencia-Paiporta-EFE-Biel-Alino.webp","contentUrl":"https:\/\/media.radiolitoral.com\/wp-content\/uploads\/2024\/11\/01125057\/DANA-Valencia-Paiporta-EFE-Biel-Alino.webp","width":900,"height":600},{"@type":"BreadcrumbList","@id":"https:\/\/radiolitoral.com\/2024\/11\/punts-de-recollida-a-la-marina-alta-per-als-damnificats-de-la-dana-a-valencia\/#breadcrumb","itemListElement":[{"@type":"ListItem","position":1,"name":"Portada","item":"https:\/\/radiolitoral.com\/"},{"@type":"ListItem","position":2,"name":"Punts de recollida a la Marina Alta per als damnificats de la DANA a Val\u00e8ncia"}]},{"@type":"WebSite","@id":"https:\/\/radiolitoral.com\/#website","url":"https:\/\/radiolitoral.com\/","name":"R\u00e0dio Litoral","description":"La r\u00e0dio local de la Marina Alta","publisher":{"@id":"https:\/\/radiolitoral.com\/#organization"},"alternateName":"Litoral FM","potentialAction":[{"@type":"SearchAction","target":{"@type":"EntryPoint","urlTemplate":"https:\/\/radiolitoral.com\/?s={search_term_string}"},"query-input":{"@type":"PropertyValueSpecification","valueRequired":true,"valueName":"search_term_string"}}],"inLanguage":"ca"},{"@type":"Organization","@id":"https:\/\/radiolitoral.com\/#organization","name":"R\u00e0dio Litoral","url":"https:\/\/radiolitoral.com\/","logo":{"@type":"ImageObject","inLanguage":"ca","@id":"https:\/\/radiolitoral.com\/#\/schema\/logo\/image\/","url":"https:\/\/media.radiolitoral.com\/wp-content\/uploads\/2023\/02\/24143238\/CL-V-RadioLitoral696.png","contentUrl":"https:\/\/media.radiolitoral.com\/wp-content\/uploads\/2023\/02\/24143238\/CL-V-RadioLitoral696.png","width":696,"height":696,"caption":"Radio Litoral"},"image":{"@id":"https:\/\/radiolitoral.com\/#\/schema\/logo\/image\/"},"sameAs":["https:\/\/www.facebook.com\/Laradiolitoral\/"]},{"@type":"Person","@id":"https:\/\/radiolitoral.com\/#\/schema\/person\/f2b2343c49b5d721857cc1002bfdb151","name":"Redacci\u00f3","image":{"@type":"ImageObject","inLanguage":"ca","@id":"https:\/\/secure.gravatar.com\/avatar\/f771d896c203ad8b3382d7905cfcce5a5c9b008b84b3cd9114e9b9f4cb63f789?s=96&d=mm&r=g","url":"https:\/\/secure.gravatar.com\/avatar\/f771d896c203ad8b3382d7905cfcce5a5c9b008b84b3cd9114e9b9f4cb63f789?s=96&d=mm&r=g","contentUrl":"https:\/\/secure.gravatar.com\/avatar\/f771d896c203ad8b3382d7905cfcce5a5c9b008b84b3cd9114e9b9f4cb63f789?s=96&d=mm&r=g","caption":"Redacci\u00f3n"},"url":"https:\/\/radiolitoral.com\/ca\/author\/miriam-pagan\/"}]}},"_links":{"self":[{"href":"https:\/\/radiolitoral.com\/ca\/wp-json\/wp\/v2\/posts\/12809","targetHints":{"allow":["GET"]}}],"collection":[{"href":"https:\/\/radiolitoral.com\/ca\/wp-json\/wp\/v2\/posts"}],"about":[{"href":"https:\/\/radiolitoral.com\/ca\/wp-json\/wp\/v2\/types\/post"}],"author":[{"embeddable":true,"href":"https:\/\/radiolitoral.com\/ca\/wp-json\/wp\/v2\/users\/13"}],"replies":[{"embeddable":true,"href":"https:\/\/radiolitoral.com\/ca\/wp-json\/wp\/v2\/comments?post=12809"}],"version-history":[{"count":1,"href":"https:\/\/radiolitoral.com\/ca\/wp-json\/wp\/v2\/posts\/12809\/revisions"}],"predecessor-version":[{"id":12819,"href":"https:\/\/radiolitoral.com\/ca\/wp-json\/wp\/v2\/posts\/12809\/revisions\/12819"}],"wp:featuredmedia":[{"embeddable":true,"href":"https:\/\/radiolitoral.com\/ca\/wp-json\/wp\/v2\/media\/12810"}],"wp:attachment":[{"href":"https:\/\/radiolitoral.com\/ca\/wp-json\/wp\/v2\/media?parent=12809"}],"wp:term":[{"taxonomy":"category","embeddable":true,"href":"https:\/\/radiolitoral.com\/ca\/wp-json\/wp\/v2\/categories?post=12809"},{"taxonomy":"post_tag","embeddable":true,"href":"https:\/\/radiolitoral.com\/ca\/wp-json\/wp\/v2\/tags?post=12809"}],"curies":[{"name":"wp","href":"https:\/\/api.w.org\/{rel}","templated":true}]}}