{"id":12794,"date":"2024-10-31T12:49:36","date_gmt":"2024-10-31T11:49:36","guid":{"rendered":"https:\/\/radiolitoral.com\/?p=12794"},"modified":"2024-10-31T12:49:36","modified_gmt":"2024-10-31T11:49:36","slug":"suspens-de-les-competicions-de-basquet-per-la-dana","status":"publish","type":"post","link":"https:\/\/radiolitoral.com\/ca\/2024\/10\/suspensio-de-les-competicions-de-basquet-per-la-dana\/","title":{"rendered":"Suspensi\u00f3 de les competicions de b\u00e0squet per la DANA"},"content":{"rendered":"<p data-pm-slice=\"1 1 []\">La <strong>Federaci\u00f3 Espanyola de B\u00e0squet<\/strong> ha anunciat la suspensi\u00f3 de tots els partits corresponents a les competicions que organitza i que estaven programats al territori de la Comunitat Valenciana per al proper cap de setmana. Aquesta decisi\u00f3 s&#039;ha pres arran de la trag\u00e8dia provocada per la DANA, que ha afectat especialment la prov\u00edncia de Val\u00e8ncia.<\/p>\n<p>Per la seva banda, la <strong>Federaci\u00f3 Valenciana de B\u00e0squet<\/strong> tamb\u00e9 s&#039;ha adherit a la decisi\u00f3 de la <strong>Direcci\u00f3 General de l&#039;Esport de la Comunitat Valenciana<\/strong>, paralitzant totes les competicions programades durant els tres dies de dol oficial declarats. Aquesta suspensi\u00f3 inclou tots els partits previstos els dies 31 doctubre, 1 i 2 de novembre.<\/p>\n<p>No obstant aix\u00f2, la Federaci\u00f3 permet als clubs, a criteri propi, programar partits per al diumenge 3 de novembre, amb l&#039;objectiu d&#039;alleujar els problemes d&#039;agenda que poden sorgir degut al gran volum de partits ajornats i al calendari ja molt sobrecarregat de les competicions.<\/p>\n<p>&nbsp;<\/p>","protected":false},"excerpt":{"rendered":"<p>La Federaci\u00f3 Espanyola de B\u00e0squet ha anunciat la suspensi\u00f3 de tots els partits corresponents a les competicions que organitza i que estaven programats al territori de la Comunitat Valenciana per al pr\u00f2xim cap de setmana. Aquesta decisi\u00f3 s\u2019ha pres arran de la trag\u00e8dia provocada per la DANA, que ha afectat especialment la prov\u00edncia de Val\u00e8ncia. [&#8230;]<\/p>\n<p><a class=\"btn btn-secondary understrap-read-more-link\" href=\"https:\/\/radiolitoral.com\/ca\/2024\/10\/suspensio-de-les-competicions-de-basquet-per-la-dana\/\">Continua llegint&#8230;<span class=\"screen-reader-text\"> from Suspensi\u00f3 de les competicions de b\u00e0squet per la DANA<\/span><\/a><\/p>\n","protected":false},"author":12,"featured_media":12795,"comment_status":"open","ping_status":"closed","sticky":false,"template":"","format":"standard","meta":{"_acf_changed":false,"inline_featured_image":false,"footnotes":""},"categories":[5],"tags":[6,2688,1704,2687],"class_list":["post-12794","post","type-post","status-publish","format-standard","has-post-thumbnail","hentry","category-deportes","tag-deportes","tag-direccio-general-de-lesport-de-la-comunitat-valenciana","tag-federacio-espanyola-de-basquet","tag-federacio-valenciana-de-basquet","cobertura-denia"],"acf":[],"yoast_head":"<!-- This site is optimized with the Yoast SEO plugin v27.5 - https:\/\/yoast.com\/product\/yoast-seo-wordpress\/ -->\n<title>Suspensi\u00f3 de les competicions de b\u00e0squet per la DANA | R\u00e0dio Litoral<\/title>\n<meta name=\"description\" content=\"La Federaci\u00f3 Espanyola susp\u00e9 tots els partits a la Comunitat Valenciana i la FBCV paralitza les competicions pels dies de dol oficialLa Federaci\u00f3 Espanyola susp\u00e9 tots els partits a la Comunitat Valenciana i la FBCV paralitza les competicions pels dies de dol oficial\" \/>\n<meta name=\"robots\" content=\"index, follow, max-snippet:-1, max-image-preview:large, max-video-preview:-1\" \/>\n<link rel=\"canonical\" href=\"https:\/\/radiolitoral.com\/ca\/2024\/10\/suspens-de-les-competicions-de-basquet-per-la-dana\/\" \/>\n<meta property=\"og:locale\" content=\"ca_ES\" \/>\n<meta property=\"og:type\" content=\"article\" \/>\n<meta property=\"og:title\" content=\"Suspensi\u00f3 de les competicions de b\u00e0squet per la DANA | R\u00e0dio Litoral\" \/>\n<meta property=\"og:description\" content=\"La Federaci\u00f3 Espanyola susp\u00e9 tots els partits a la Comunitat Valenciana i la FBCV paralitza les competicions pels dies de dol oficialLa Federaci\u00f3 Espanyola susp\u00e9 tots els partits a la Comunitat Valenciana i la FBCV paralitza les competicions pels dies de dol oficial\" \/>\n<meta property=\"og:url\" content=\"https:\/\/radiolitoral.com\/ca\/2024\/10\/suspens-de-les-competicions-de-basquet-per-la-dana\/\" \/>\n<meta property=\"og:site_name\" content=\"R\u00e0dio Litoral\" \/>\n<meta property=\"article:publisher\" content=\"https:\/\/www.facebook.com\/Laradiolitoral\/\" \/>\n<meta property=\"article:published_time\" content=\"2024-10-31T11:49:36+00:00\" \/>\n<meta property=\"og:image\" content=\"https:\/\/media.radiolitoral.com\/wp-content\/uploads\/2024\/10\/31124906\/DSC_0218-scaled.jpg\" \/>\n\t<meta property=\"og:image:width\" content=\"2560\" \/>\n\t<meta property=\"og:image:height\" content=\"1707\" \/>\n\t<meta property=\"og:image:type\" content=\"image\/jpeg\" \/>\n<meta name=\"author\" content=\"Javier Zamora\" \/>\n<meta name=\"twitter:card\" content=\"summary_large_image\" \/>\n<meta name=\"twitter:label1\" content=\"Escrit per\" \/>\n\t<meta name=\"twitter:data1\" content=\"Javier Zamora\" \/>\n\t<meta name=\"twitter:label2\" content=\"Temps estimat de lectura\" \/>\n\t<meta name=\"twitter:data2\" content=\"2 minuts\" \/>\n<script type=\"application\/ld+json\" class=\"yoast-schema-graph\">{\"@context\":\"https:\\\/\\\/schema.org\",\"@graph\":[{\"@type\":\"NewsArticle\",\"@id\":\"https:\\\/\\\/radiolitoral.com\\\/2024\\\/10\\\/suspensio-de-les-competicions-de-basquet-per-la-dana\\\/#article\",\"isPartOf\":{\"@id\":\"https:\\\/\\\/radiolitoral.com\\\/2024\\\/10\\\/suspensio-de-les-competicions-de-basquet-per-la-dana\\\/\"},\"author\":{\"name\":\"Javier Zamora\",\"@id\":\"https:\\\/\\\/radiolitoral.com\\\/#\\\/schema\\\/person\\\/7b1480b5caeb5acdd4ec6379caf62b22\"},\"headline\":\"Suspensi\u00f3 de les competicions de b\u00e0squet per la DANA\",\"datePublished\":\"2024-10-31T11:49:36+00:00\",\"mainEntityOfPage\":{\"@id\":\"https:\\\/\\\/radiolitoral.com\\\/2024\\\/10\\\/suspensio-de-les-competicions-de-basquet-per-la-dana\\\/\"},\"wordCount\":173,\"commentCount\":0,\"publisher\":{\"@id\":\"https:\\\/\\\/radiolitoral.com\\\/#organization\"},\"image\":{\"@id\":\"https:\\\/\\\/radiolitoral.com\\\/2024\\\/10\\\/suspensio-de-les-competicions-de-basquet-per-la-dana\\\/#primaryimage\"},\"thumbnailUrl\":\"https:\\\/\\\/media.radiolitoral.com\\\/wp-content\\\/uploads\\\/2024\\\/10\\\/31124906\\\/DSC_0218-scaled.jpg\",\"keywords\":[\"deportes\",\"Direcci\u00f3 General de l'Esport de la Comunitat Valenciana\",\"Federaci\u00f3 Espanyola de B\u00e0squet\",\"Federaci\u00f3 Valenciana de B\u00e0squet\"],\"articleSection\":[\"Deportes\"],\"inLanguage\":\"ca\",\"potentialAction\":[{\"@type\":\"CommentAction\",\"name\":\"Comment\",\"target\":[\"https:\\\/\\\/radiolitoral.com\\\/2024\\\/10\\\/suspensio-de-les-competicions-de-basquet-per-la-dana\\\/#respond\"]}]},{\"@type\":[\"WebPage\",\"ItemPage\"],\"@id\":\"https:\\\/\\\/radiolitoral.com\\\/2024\\\/10\\\/suspensio-de-les-competicions-de-basquet-per-la-dana\\\/\",\"url\":\"https:\\\/\\\/radiolitoral.com\\\/2024\\\/10\\\/suspensio-de-les-competicions-de-basquet-per-la-dana\\\/\",\"name\":\"Suspensi\u00f3 de les competicions de b\u00e0squet per la DANA | R\u00e0dio Litoral\",\"isPartOf\":{\"@id\":\"https:\\\/\\\/radiolitoral.com\\\/#website\"},\"primaryImageOfPage\":{\"@id\":\"https:\\\/\\\/radiolitoral.com\\\/2024\\\/10\\\/suspensio-de-les-competicions-de-basquet-per-la-dana\\\/#primaryimage\"},\"image\":{\"@id\":\"https:\\\/\\\/radiolitoral.com\\\/2024\\\/10\\\/suspensio-de-les-competicions-de-basquet-per-la-dana\\\/#primaryimage\"},\"thumbnailUrl\":\"https:\\\/\\\/media.radiolitoral.com\\\/wp-content\\\/uploads\\\/2024\\\/10\\\/31124906\\\/DSC_0218-scaled.jpg\",\"datePublished\":\"2024-10-31T11:49:36+00:00\",\"description\":\"La Federaci\u00f3 Espanyola susp\u00e9 tots els partits a la Comunitat Valenciana i la FBCV paralitza les competicions pels dies de dol oficialLa Federaci\u00f3 Espanyola susp\u00e9 tots els partits a la Comunitat Valenciana i la FBCV paralitza les competicions pels dies de dol oficial\",\"breadcrumb\":{\"@id\":\"https:\\\/\\\/radiolitoral.com\\\/2024\\\/10\\\/suspensio-de-les-competicions-de-basquet-per-la-dana\\\/#breadcrumb\"},\"inLanguage\":\"ca\",\"potentialAction\":[{\"@type\":\"ReadAction\",\"target\":[\"https:\\\/\\\/radiolitoral.com\\\/2024\\\/10\\\/suspensio-de-les-competicions-de-basquet-per-la-dana\\\/\"]}]},{\"@type\":\"ImageObject\",\"inLanguage\":\"ca\",\"@id\":\"https:\\\/\\\/radiolitoral.com\\\/2024\\\/10\\\/suspensio-de-les-competicions-de-basquet-per-la-dana\\\/#primaryimage\",\"url\":\"https:\\\/\\\/media.radiolitoral.com\\\/wp-content\\\/uploads\\\/2024\\\/10\\\/31124906\\\/DSC_0218-scaled.jpg\",\"contentUrl\":\"https:\\\/\\\/media.radiolitoral.com\\\/wp-content\\\/uploads\\\/2024\\\/10\\\/31124906\\\/DSC_0218-scaled.jpg\",\"width\":2560,\"height\":1707},{\"@type\":\"BreadcrumbList\",\"@id\":\"https:\\\/\\\/radiolitoral.com\\\/2024\\\/10\\\/suspensio-de-les-competicions-de-basquet-per-la-dana\\\/#breadcrumb\",\"itemListElement\":[{\"@type\":\"ListItem\",\"position\":1,\"name\":\"Portada\",\"item\":\"https:\\\/\\\/radiolitoral.com\\\/\"},{\"@type\":\"ListItem\",\"position\":2,\"name\":\"Suspensi\u00f3 de les competicions de b\u00e0squet per la DANA\"}]},{\"@type\":\"WebSite\",\"@id\":\"https:\\\/\\\/radiolitoral.com\\\/#website\",\"url\":\"https:\\\/\\\/radiolitoral.com\\\/\",\"name\":\"Radio Litoral\",\"description\":\"La radio local de la Marina Alta\",\"publisher\":{\"@id\":\"https:\\\/\\\/radiolitoral.com\\\/#organization\"},\"alternateName\":\"Litoral FM\",\"potentialAction\":[{\"@type\":\"SearchAction\",\"target\":{\"@type\":\"EntryPoint\",\"urlTemplate\":\"https:\\\/\\\/radiolitoral.com\\\/?s={search_term_string}\"},\"query-input\":{\"@type\":\"PropertyValueSpecification\",\"valueRequired\":true,\"valueName\":\"search_term_string\"}}],\"inLanguage\":\"ca\"},{\"@type\":\"Organization\",\"@id\":\"https:\\\/\\\/radiolitoral.com\\\/#organization\",\"name\":\"Radio Litoral\",\"url\":\"https:\\\/\\\/radiolitoral.com\\\/\",\"logo\":{\"@type\":\"ImageObject\",\"inLanguage\":\"ca\",\"@id\":\"https:\\\/\\\/radiolitoral.com\\\/#\\\/schema\\\/logo\\\/image\\\/\",\"url\":\"https:\\\/\\\/media.radiolitoral.com\\\/wp-content\\\/uploads\\\/2023\\\/02\\\/24143238\\\/CL-V-RadioLitoral696.png\",\"contentUrl\":\"https:\\\/\\\/media.radiolitoral.com\\\/wp-content\\\/uploads\\\/2023\\\/02\\\/24143238\\\/CL-V-RadioLitoral696.png\",\"width\":696,\"height\":696,\"caption\":\"Radio Litoral\"},\"image\":{\"@id\":\"https:\\\/\\\/radiolitoral.com\\\/#\\\/schema\\\/logo\\\/image\\\/\"},\"sameAs\":[\"https:\\\/\\\/www.facebook.com\\\/Laradiolitoral\\\/\"]},{\"@type\":\"Person\",\"@id\":\"https:\\\/\\\/radiolitoral.com\\\/#\\\/schema\\\/person\\\/7b1480b5caeb5acdd4ec6379caf62b22\",\"name\":\"Javier Zamora\",\"image\":{\"@type\":\"ImageObject\",\"inLanguage\":\"ca\",\"@id\":\"https:\\\/\\\/secure.gravatar.com\\\/avatar\\\/467a11f6918c7d619c4043fc6fa2d3853053107973f05b6e9c04ea6c4e3a7b3f?s=96&d=mm&r=g\",\"url\":\"https:\\\/\\\/secure.gravatar.com\\\/avatar\\\/467a11f6918c7d619c4043fc6fa2d3853053107973f05b6e9c04ea6c4e3a7b3f?s=96&d=mm&r=g\",\"contentUrl\":\"https:\\\/\\\/secure.gravatar.com\\\/avatar\\\/467a11f6918c7d619c4043fc6fa2d3853053107973f05b6e9c04ea6c4e3a7b3f?s=96&d=mm&r=g\",\"caption\":\"Javier Zamora\"},\"url\":\"https:\\\/\\\/radiolitoral.com\\\/ca\\\/author\\\/javier-zamora\\\/\"}]}<\/script>\n<!-- \/ Yoast SEO plugin. -->","yoast_head_json":{"title":"Suspensi\u00f3 de les competicions de b\u00e0squet per la DANA | R\u00e0dio Litoral","description":"La Federaci\u00f3 Espanyola vaig suspendre tots els partits a la Comunitat Valenciana i la FBCV paralitza les competicions pels dies de dol oficial","robots":{"index":"index","follow":"follow","max-snippet":"max-snippet:-1","max-image-preview":"max-image-preview:large","max-video-preview":"max-video-preview:-1"},"canonical":"https:\/\/radiolitoral.com\/ca\/2024\/10\/suspens-de-les-competicions-de-basquet-per-la-dana\/","og_locale":"ca_ES","og_type":"article","og_title":"Suspensi\u00f3 de les competicions de b\u00e0squet per la DANA | R\u00e0dio Litoral","og_description":"La Federaci\u00f3 Espanyola susp\u00e9 tots els partits a la Comunitat Valenciana i la FBCV paralitza les competicions pels dies de dol oficialLa Federaci\u00f3 Espanyola susp\u00e9 tots els partits a la Comunitat Valenciana i la FBCV paralitza les competicions pels dies de dol oficial","og_url":"https:\/\/radiolitoral.com\/ca\/2024\/10\/suspens-de-les-competicions-de-basquet-per-la-dana\/","og_site_name":"R\u00e0dio Litoral","article_publisher":"https:\/\/www.facebook.com\/Laradiolitoral\/","article_published_time":"2024-10-31T11:49:36+00:00","og_image":[{"width":2560,"height":1707,"url":"https:\/\/media.radiolitoral.com\/wp-content\/uploads\/2024\/10\/31124906\/DSC_0218-scaled.jpg","type":"image\/jpeg"}],"author":"Javier Zamora","twitter_card":"summary_large_image","twitter_misc":{"Escrit per":"Javier Zamora","Temps estimat de lectura":"2 minuts"},"schema":{"@context":"https:\/\/schema.org","@graph":[{"@type":"NewsArticle","@id":"https:\/\/radiolitoral.com\/2024\/10\/suspensio-de-les-competicions-de-basquet-per-la-dana\/#article","isPartOf":{"@id":"https:\/\/radiolitoral.com\/2024\/10\/suspensio-de-les-competicions-de-basquet-per-la-dana\/"},"author":{"name":"Javier Zamora","@id":"https:\/\/radiolitoral.com\/#\/schema\/person\/7b1480b5caeb5acdd4ec6379caf62b22"},"headline":"Suspensi\u00f3 de les competicions de b\u00e0squet per la DANA","datePublished":"2024-10-31T11:49:36+00:00","mainEntityOfPage":{"@id":"https:\/\/radiolitoral.com\/2024\/10\/suspensio-de-les-competicions-de-basquet-per-la-dana\/"},"wordCount":173,"commentCount":0,"publisher":{"@id":"https:\/\/radiolitoral.com\/#organization"},"image":{"@id":"https:\/\/radiolitoral.com\/2024\/10\/suspensio-de-les-competicions-de-basquet-per-la-dana\/#primaryimage"},"thumbnailUrl":"https:\/\/media.radiolitoral.com\/wp-content\/uploads\/2024\/10\/31124906\/DSC_0218-scaled.jpg","keywords":["deportes","Direcci\u00f3 General de l'Esport de la Comunitat Valenciana","Federaci\u00f3 Espanyola de B\u00e0squet","Federaci\u00f3 Valenciana de B\u00e0squet"],"articleSection":["Deportes"],"inLanguage":"ca","potentialAction":[{"@type":"CommentAction","name":"Comment","target":["https:\/\/radiolitoral.com\/2024\/10\/suspensio-de-les-competicions-de-basquet-per-la-dana\/#respond"]}]},{"@type":["WebPage","ItemPage"],"@id":"https:\/\/radiolitoral.com\/2024\/10\/suspensio-de-les-competicions-de-basquet-per-la-dana\/","url":"https:\/\/radiolitoral.com\/2024\/10\/suspensio-de-les-competicions-de-basquet-per-la-dana\/","name":"Suspensi\u00f3 de les competicions de b\u00e0squet per la DANA | R\u00e0dio Litoral","isPartOf":{"@id":"https:\/\/radiolitoral.com\/#website"},"primaryImageOfPage":{"@id":"https:\/\/radiolitoral.com\/2024\/10\/suspensio-de-les-competicions-de-basquet-per-la-dana\/#primaryimage"},"image":{"@id":"https:\/\/radiolitoral.com\/2024\/10\/suspensio-de-les-competicions-de-basquet-per-la-dana\/#primaryimage"},"thumbnailUrl":"https:\/\/media.radiolitoral.com\/wp-content\/uploads\/2024\/10\/31124906\/DSC_0218-scaled.jpg","datePublished":"2024-10-31T11:49:36+00:00","description":"La Federaci\u00f3 Espanyola vaig suspendre tots els partits a la Comunitat Valenciana i la FBCV paralitza les competicions pels dies de dol oficial","breadcrumb":{"@id":"https:\/\/radiolitoral.com\/2024\/10\/suspensio-de-les-competicions-de-basquet-per-la-dana\/#breadcrumb"},"inLanguage":"ca","potentialAction":[{"@type":"ReadAction","target":["https:\/\/radiolitoral.com\/2024\/10\/suspensio-de-les-competicions-de-basquet-per-la-dana\/"]}]},{"@type":"ImageObject","inLanguage":"ca","@id":"https:\/\/radiolitoral.com\/2024\/10\/suspensio-de-les-competicions-de-basquet-per-la-dana\/#primaryimage","url":"https:\/\/media.radiolitoral.com\/wp-content\/uploads\/2024\/10\/31124906\/DSC_0218-scaled.jpg","contentUrl":"https:\/\/media.radiolitoral.com\/wp-content\/uploads\/2024\/10\/31124906\/DSC_0218-scaled.jpg","width":2560,"height":1707},{"@type":"BreadcrumbList","@id":"https:\/\/radiolitoral.com\/2024\/10\/suspensio-de-les-competicions-de-basquet-per-la-dana\/#breadcrumb","itemListElement":[{"@type":"ListItem","position":1,"name":"Portada","item":"https:\/\/radiolitoral.com\/"},{"@type":"ListItem","position":2,"name":"Suspensi\u00f3 de les competicions de b\u00e0squet per la DANA"}]},{"@type":"WebSite","@id":"https:\/\/radiolitoral.com\/#website","url":"https:\/\/radiolitoral.com\/","name":"R\u00e0dio Litoral","description":"La r\u00e0dio local de la Marina Alta","publisher":{"@id":"https:\/\/radiolitoral.com\/#organization"},"alternateName":"Litoral FM","potentialAction":[{"@type":"SearchAction","target":{"@type":"EntryPoint","urlTemplate":"https:\/\/radiolitoral.com\/?s={search_term_string}"},"query-input":{"@type":"PropertyValueSpecification","valueRequired":true,"valueName":"search_term_string"}}],"inLanguage":"ca"},{"@type":"Organization","@id":"https:\/\/radiolitoral.com\/#organization","name":"R\u00e0dio Litoral","url":"https:\/\/radiolitoral.com\/","logo":{"@type":"ImageObject","inLanguage":"ca","@id":"https:\/\/radiolitoral.com\/#\/schema\/logo\/image\/","url":"https:\/\/media.radiolitoral.com\/wp-content\/uploads\/2023\/02\/24143238\/CL-V-RadioLitoral696.png","contentUrl":"https:\/\/media.radiolitoral.com\/wp-content\/uploads\/2023\/02\/24143238\/CL-V-RadioLitoral696.png","width":696,"height":696,"caption":"Radio Litoral"},"image":{"@id":"https:\/\/radiolitoral.com\/#\/schema\/logo\/image\/"},"sameAs":["https:\/\/www.facebook.com\/Laradiolitoral\/"]},{"@type":"Person","@id":"https:\/\/radiolitoral.com\/#\/schema\/person\/7b1480b5caeb5acdd4ec6379caf62b22","name":"Javier Zamora","image":{"@type":"ImageObject","inLanguage":"ca","@id":"https:\/\/secure.gravatar.com\/avatar\/467a11f6918c7d619c4043fc6fa2d3853053107973f05b6e9c04ea6c4e3a7b3f?s=96&d=mm&r=g","url":"https:\/\/secure.gravatar.com\/avatar\/467a11f6918c7d619c4043fc6fa2d3853053107973f05b6e9c04ea6c4e3a7b3f?s=96&d=mm&r=g","contentUrl":"https:\/\/secure.gravatar.com\/avatar\/467a11f6918c7d619c4043fc6fa2d3853053107973f05b6e9c04ea6c4e3a7b3f?s=96&d=mm&r=g","caption":"Javier Zamora"},"url":"https:\/\/radiolitoral.com\/ca\/author\/javier-zamora\/"}]}},"_links":{"self":[{"href":"https:\/\/radiolitoral.com\/ca\/wp-json\/wp\/v2\/posts\/12794","targetHints":{"allow":["GET"]}}],"collection":[{"href":"https:\/\/radiolitoral.com\/ca\/wp-json\/wp\/v2\/posts"}],"about":[{"href":"https:\/\/radiolitoral.com\/ca\/wp-json\/wp\/v2\/types\/post"}],"author":[{"embeddable":true,"href":"https:\/\/radiolitoral.com\/ca\/wp-json\/wp\/v2\/users\/12"}],"replies":[{"embeddable":true,"href":"https:\/\/radiolitoral.com\/ca\/wp-json\/wp\/v2\/comments?post=12794"}],"version-history":[{"count":2,"href":"https:\/\/radiolitoral.com\/ca\/wp-json\/wp\/v2\/posts\/12794\/revisions"}],"predecessor-version":[{"id":12797,"href":"https:\/\/radiolitoral.com\/ca\/wp-json\/wp\/v2\/posts\/12794\/revisions\/12797"}],"wp:featuredmedia":[{"embeddable":true,"href":"https:\/\/radiolitoral.com\/ca\/wp-json\/wp\/v2\/media\/12795"}],"wp:attachment":[{"href":"https:\/\/radiolitoral.com\/ca\/wp-json\/wp\/v2\/media?parent=12794"}],"wp:term":[{"taxonomy":"category","embeddable":true,"href":"https:\/\/radiolitoral.com\/ca\/wp-json\/wp\/v2\/categories?post=12794"},{"taxonomy":"post_tag","embeddable":true,"href":"https:\/\/radiolitoral.com\/ca\/wp-json\/wp\/v2\/tags?post=12794"}],"curies":[{"name":"wp","href":"https:\/\/api.w.org\/{rel}","templated":true}]}}