{"id":12788,"date":"2024-10-31T12:42:12","date_gmt":"2024-10-31T11:42:12","guid":{"rendered":"https:\/\/radiolitoral.com\/?p=12788"},"modified":"2024-11-18T14:23:01","modified_gmt":"2024-11-18T13:23:01","slug":"joan-ivars-fins-que-no-van-arribar-els-tanatoris-al-difunt-sel-vetllava-tota-nitlamortallament-el-feien-les-dones","status":"publish","type":"post","link":"https:\/\/radiolitoral.com\/ca\/2024\/10\/joan-ivars-fins-que-no-van-arribar-els-tanatoris-al-difunt-sel-vetllava-tota-nitlamortallament-el-feien-les-dones\/","title":{"rendered":"Joan Ivars \u201cFins que no van arribar els tanatoris, al difunt se&#039;l vetllava tota la nit,\u2026l&#039;amortallament el feien les dones\u201d"},"content":{"rendered":"<p>Estrenam el mes de novembre amb una cita obligada als cementiris segons marca la tradici\u00f3. Amunt <strong>Dia de Tots Sants<\/strong>, una data en qu\u00e8 honrem i recordem els \u00e9ssers estimats que ja no hi s\u00f3n. \u00c9s per aix\u00f2 que hem compartit el <strong>Primer Caf\u00e8<\/strong> de hui amb <strong>Joan Ivars, doctor en Filologia Catalana, conferenciant i divulgador de la cultura popular,<\/strong> per parlar de les tradicions relacionades amb la <strong>mort<\/strong>, els <strong>rituals funeraris<\/strong> i el m\u00e9s enll\u00e0.<\/p>\n<p>Com ens ha explicat Ivars, aquesta \u00e9s una celebraci\u00f3 mil\u00b7len\u00e0ria, que \u00e9s remonta a la cultura cl\u00e0ssica, a l&#039;\u00e8poca romana, i arriba als nostres dies mantenint alguns costums i tradicions, per\u00f2 que ha deixat enrere altres usos i pr\u00e0ctiques.<\/p>\n<p>Amortallar el difunt. Acompanyar durant tota la nit el cos sense vida de la persona morta. Guardar al menys cinc anys de dol rigor\u00f3s en el cas de les dones, tenyint la roba de negre i reprimint els comportaments m\u00e9s alegres i festius. O contractar ploraners. Aquestes s\u00f3n algunes de les tradicions relacionades amb la mort, que ens ha compartit Joan Ivars.<\/p>\n<p>Tamb\u00e9 ens ha explicat com eren els funerals d&#039;antany, les particularitats d&#039;aquest ritual quan el difunt era un infant o el simbolisme del toc de campans, els c\u00e0ntics religiosos i altres curiositats pr\u00f2pies dels municipis de la comarca, com Teulada, on es portava a la imatge de la Divina Pastora en processat davant de la porta de la casa del difunt.<strong>\u00a0<\/strong><\/p>\n<p>Podeu escortar l&#039;entrevista \u00edntegra aqu\u00ed.<\/p>\n<audio class=\"wp-audio-shortcode\" id=\"audio-12788-1\" preload=\"none\" style=\"width: 100%;\" controls=\"controls\"><source type=\"audio\/mpeg\" src=\"https:\/\/media.radiolitoral.com\/wp-content\/uploads\/2024\/10\/31113436\/El-Primer-Cafe-Tots-Sants-Joan-Ivars.mp3?_=1\" \/><a href=\"https:\/\/media.radiolitoral.com\/wp-content\/uploads\/2024\/10\/31113436\/El-Primer-Cafe-Tots-Sants-Joan-Ivars.mp3\">https:\/\/media.radiolitoral.com\/wp-content\/uploads\/2024\/10\/31113436\/El-Primer-Cafe-Tots-Sants-Joan-Ivars.mp3<\/a><\/audio>","protected":false},"excerpt":{"rendered":"<p>Estrenem el mes de novembre amb una cita obligada als cementeris segons marca la tradici\u00f3. Arriba el Dia de Tots Sants, una data en qu\u00e8 honrem i recordem els \u00e9ssers estimats que ja no hi s\u00f3n. \u00c9s per aix\u00f2 que hem compartit el Primer Caf\u00e9 de hui amb Joan Ivars, doctor en Filologia Catalana, conferenciant [&#8230;]<\/p>\n<p><a class=\"btn btn-secondary understrap-read-more-link\" href=\"https:\/\/radiolitoral.com\/ca\/2024\/10\/joan-ivars-fins-que-no-van-arribar-els-tanatoris-al-difunt-sel-vetllava-tota-nitlamortallament-el-feien-les-dones\/\">Continua llegint&#8230;<span class=\"screen-reader-text\"> from Joan Ivars \u201cFins que no van arribar els tanatoris, al difunt se\u2019l vetllava tota la nit,\u2026l\u2019amortallament el feien les dones\u201d<\/span><\/a><\/p>\n","protected":false},"author":13,"featured_media":12790,"comment_status":"open","ping_status":"closed","sticky":false,"template":"","format":"standard","meta":{"_acf_changed":false,"inline_featured_image":false,"footnotes":""},"categories":[2753,276],"tags":[2679,2666,2686,2312,2685,2680],"class_list":["post-12788","post","type-post","status-publish","format-standard","has-post-thumbnail","hentry","category-entrevistas","category-fiestas","tag-cultura-popular","tag-dia-de-tots-sants","tag-mort","tag-primer-cafe","tag-rites-funeraris","tag-tradicions","cobertura-marina-alta"],"acf":[],"yoast_head":"<!-- This site is optimized with the Yoast SEO plugin v27.5 - https:\/\/yoast.com\/product\/yoast-seo-wordpress\/ -->\n<title>Joan Ivars \u201cFins que no van arribar els tanatoris, al difunt se\u2019l vetllava tota la nit,\u2026l\u2019amortallament el feien les dones\u201d | R\u00e0dio Litoral<\/title>\n<meta name=\"description\" content=\"Davant la Festivitat de Tots Sants hem recuperat amb el fil\u00f2leg i divulgador Joan Ivars les tradicions vinculades a la mort\" \/>\n<meta name=\"robots\" content=\"index, follow, max-snippet:-1, max-image-preview:large, max-video-preview:-1\" \/>\n<link rel=\"canonical\" href=\"https:\/\/radiolitoral.com\/ca\/2024\/10\/joan-ivars-fins-que-no-van-arribar-els-tanatoris-al-difunt-sel-vetllava-tota-nitlamortallament-el-feien-les-dones\/\" \/>\n<meta property=\"og:locale\" content=\"ca_ES\" \/>\n<meta property=\"og:type\" content=\"article\" \/>\n<meta property=\"og:title\" content=\"Joan Ivars \u201cFins que no van arribar els tanatoris, al difunt se\u2019l vetllava tota la nit,\u2026l\u2019amortallament el feien les dones\u201d | R\u00e0dio Litoral\" \/>\n<meta property=\"og:description\" content=\"Davant la Festivitat de Tots Sants hem recuperat amb el fil\u00f2leg i divulgador Joan Ivars les tradicions vinculades a la mort\" \/>\n<meta property=\"og:url\" content=\"https:\/\/radiolitoral.com\/ca\/2024\/10\/joan-ivars-fins-que-no-van-arribar-els-tanatoris-al-difunt-sel-vetllava-tota-nitlamortallament-el-feien-les-dones\/\" \/>\n<meta property=\"og:site_name\" content=\"R\u00e0dio Litoral\" \/>\n<meta property=\"article:publisher\" content=\"https:\/\/www.facebook.com\/Laradiolitoral\/\" \/>\n<meta property=\"article:published_time\" content=\"2024-10-31T11:42:12+00:00\" \/>\n<meta property=\"article:modified_time\" content=\"2024-11-18T13:23:01+00:00\" \/>\n<meta property=\"og:image\" content=\"https:\/\/media.radiolitoral.com\/wp-content\/uploads\/2024\/10\/31114621\/Joan-Ivars-Primer-Cafe.jpeg\" \/>\n\t<meta property=\"og:image:width\" content=\"2000\" \/>\n\t<meta property=\"og:image:height\" content=\"1500\" \/>\n\t<meta property=\"og:image:type\" content=\"image\/jpeg\" \/>\n<meta name=\"author\" content=\"Redacci\u00f3n\" \/>\n<meta name=\"twitter:card\" content=\"summary_large_image\" \/>\n<meta name=\"twitter:label1\" content=\"Escrit per\" \/>\n\t<meta name=\"twitter:data1\" content=\"Redacci\u00f3n\" \/>\n\t<meta name=\"twitter:label2\" content=\"Temps estimat de lectura\" \/>\n\t<meta name=\"twitter:data2\" content=\"2 minuts\" \/>\n<script type=\"application\/ld+json\" class=\"yoast-schema-graph\">{\"@context\":\"https:\\\/\\\/schema.org\",\"@graph\":[{\"@type\":\"NewsArticle\",\"@id\":\"https:\\\/\\\/radiolitoral.com\\\/2024\\\/10\\\/joan-ivars-fins-que-no-van-arribar-els-tanatoris-al-difunt-sel-vetllava-tota-nitlamortallament-el-feien-les-dones\\\/#article\",\"isPartOf\":{\"@id\":\"https:\\\/\\\/radiolitoral.com\\\/2024\\\/10\\\/joan-ivars-fins-que-no-van-arribar-els-tanatoris-al-difunt-sel-vetllava-tota-nitlamortallament-el-feien-les-dones\\\/\"},\"author\":{\"name\":\"Redacci\u00f3n\",\"@id\":\"https:\\\/\\\/radiolitoral.com\\\/#\\\/schema\\\/person\\\/f2b2343c49b5d721857cc1002bfdb151\"},\"headline\":\"Joan Ivars \u201cFins que no van arribar els tanatoris, al difunt se\u2019l vetllava tota la nit,\u2026l\u2019amortallament el feien les dones\u201d\",\"datePublished\":\"2024-10-31T11:42:12+00:00\",\"dateModified\":\"2024-11-18T13:23:01+00:00\",\"mainEntityOfPage\":{\"@id\":\"https:\\\/\\\/radiolitoral.com\\\/2024\\\/10\\\/joan-ivars-fins-que-no-van-arribar-els-tanatoris-al-difunt-sel-vetllava-tota-nitlamortallament-el-feien-les-dones\\\/\"},\"wordCount\":295,\"commentCount\":0,\"publisher\":{\"@id\":\"https:\\\/\\\/radiolitoral.com\\\/#organization\"},\"image\":{\"@id\":\"https:\\\/\\\/radiolitoral.com\\\/2024\\\/10\\\/joan-ivars-fins-que-no-van-arribar-els-tanatoris-al-difunt-sel-vetllava-tota-nitlamortallament-el-feien-les-dones\\\/#primaryimage\"},\"thumbnailUrl\":\"https:\\\/\\\/media.radiolitoral.com\\\/wp-content\\\/uploads\\\/2024\\\/10\\\/31114621\\\/Joan-Ivars-Primer-Cafe.jpeg\",\"keywords\":[\"Cultura popular\",\"Dia de Tots Sants\",\"Mort\",\"Primer Caf\u00e9\",\"Rites funeraris\",\"Tradicions\"],\"articleSection\":[\"Entrevistas\",\"Fiestas\"],\"inLanguage\":\"ca\",\"potentialAction\":[{\"@type\":\"CommentAction\",\"name\":\"Comment\",\"target\":[\"https:\\\/\\\/radiolitoral.com\\\/2024\\\/10\\\/joan-ivars-fins-que-no-van-arribar-els-tanatoris-al-difunt-sel-vetllava-tota-nitlamortallament-el-feien-les-dones\\\/#respond\"]}]},{\"@type\":[\"WebPage\",\"ItemPage\"],\"@id\":\"https:\\\/\\\/radiolitoral.com\\\/2024\\\/10\\\/joan-ivars-fins-que-no-van-arribar-els-tanatoris-al-difunt-sel-vetllava-tota-nitlamortallament-el-feien-les-dones\\\/\",\"url\":\"https:\\\/\\\/radiolitoral.com\\\/2024\\\/10\\\/joan-ivars-fins-que-no-van-arribar-els-tanatoris-al-difunt-sel-vetllava-tota-nitlamortallament-el-feien-les-dones\\\/\",\"name\":\"Joan Ivars \u201cFins que no van arribar els tanatoris, al difunt se\u2019l vetllava tota la nit,\u2026l\u2019amortallament el feien les dones\u201d | R\u00e0dio Litoral\",\"isPartOf\":{\"@id\":\"https:\\\/\\\/radiolitoral.com\\\/#website\"},\"primaryImageOfPage\":{\"@id\":\"https:\\\/\\\/radiolitoral.com\\\/2024\\\/10\\\/joan-ivars-fins-que-no-van-arribar-els-tanatoris-al-difunt-sel-vetllava-tota-nitlamortallament-el-feien-les-dones\\\/#primaryimage\"},\"image\":{\"@id\":\"https:\\\/\\\/radiolitoral.com\\\/2024\\\/10\\\/joan-ivars-fins-que-no-van-arribar-els-tanatoris-al-difunt-sel-vetllava-tota-nitlamortallament-el-feien-les-dones\\\/#primaryimage\"},\"thumbnailUrl\":\"https:\\\/\\\/media.radiolitoral.com\\\/wp-content\\\/uploads\\\/2024\\\/10\\\/31114621\\\/Joan-Ivars-Primer-Cafe.jpeg\",\"datePublished\":\"2024-10-31T11:42:12+00:00\",\"dateModified\":\"2024-11-18T13:23:01+00:00\",\"description\":\"Davant la Festivitat de Tots Sants hem recuperat amb el fil\u00f2leg i divulgador Joan Ivars les tradicions vinculades a la mort\",\"breadcrumb\":{\"@id\":\"https:\\\/\\\/radiolitoral.com\\\/2024\\\/10\\\/joan-ivars-fins-que-no-van-arribar-els-tanatoris-al-difunt-sel-vetllava-tota-nitlamortallament-el-feien-les-dones\\\/#breadcrumb\"},\"inLanguage\":\"ca\",\"potentialAction\":[{\"@type\":\"ReadAction\",\"target\":[\"https:\\\/\\\/radiolitoral.com\\\/2024\\\/10\\\/joan-ivars-fins-que-no-van-arribar-els-tanatoris-al-difunt-sel-vetllava-tota-nitlamortallament-el-feien-les-dones\\\/\"]}]},{\"@type\":\"ImageObject\",\"inLanguage\":\"ca\",\"@id\":\"https:\\\/\\\/radiolitoral.com\\\/2024\\\/10\\\/joan-ivars-fins-que-no-van-arribar-els-tanatoris-al-difunt-sel-vetllava-tota-nitlamortallament-el-feien-les-dones\\\/#primaryimage\",\"url\":\"https:\\\/\\\/media.radiolitoral.com\\\/wp-content\\\/uploads\\\/2024\\\/10\\\/31114621\\\/Joan-Ivars-Primer-Cafe.jpeg\",\"contentUrl\":\"https:\\\/\\\/media.radiolitoral.com\\\/wp-content\\\/uploads\\\/2024\\\/10\\\/31114621\\\/Joan-Ivars-Primer-Cafe.jpeg\",\"width\":2000,\"height\":1500},{\"@type\":\"BreadcrumbList\",\"@id\":\"https:\\\/\\\/radiolitoral.com\\\/2024\\\/10\\\/joan-ivars-fins-que-no-van-arribar-els-tanatoris-al-difunt-sel-vetllava-tota-nitlamortallament-el-feien-les-dones\\\/#breadcrumb\",\"itemListElement\":[{\"@type\":\"ListItem\",\"position\":1,\"name\":\"Portada\",\"item\":\"https:\\\/\\\/radiolitoral.com\\\/\"},{\"@type\":\"ListItem\",\"position\":2,\"name\":\"Joan Ivars \u201cFins que no van arribar els tanatoris, al difunt se\u2019l vetllava tota la nit,\u2026l\u2019amortallament el feien les dones\u201d\"}]},{\"@type\":\"WebSite\",\"@id\":\"https:\\\/\\\/radiolitoral.com\\\/#website\",\"url\":\"https:\\\/\\\/radiolitoral.com\\\/\",\"name\":\"Radio Litoral\",\"description\":\"La radio local de la Marina Alta\",\"publisher\":{\"@id\":\"https:\\\/\\\/radiolitoral.com\\\/#organization\"},\"alternateName\":\"Litoral FM\",\"potentialAction\":[{\"@type\":\"SearchAction\",\"target\":{\"@type\":\"EntryPoint\",\"urlTemplate\":\"https:\\\/\\\/radiolitoral.com\\\/?s={search_term_string}\"},\"query-input\":{\"@type\":\"PropertyValueSpecification\",\"valueRequired\":true,\"valueName\":\"search_term_string\"}}],\"inLanguage\":\"ca\"},{\"@type\":\"Organization\",\"@id\":\"https:\\\/\\\/radiolitoral.com\\\/#organization\",\"name\":\"Radio Litoral\",\"url\":\"https:\\\/\\\/radiolitoral.com\\\/\",\"logo\":{\"@type\":\"ImageObject\",\"inLanguage\":\"ca\",\"@id\":\"https:\\\/\\\/radiolitoral.com\\\/#\\\/schema\\\/logo\\\/image\\\/\",\"url\":\"https:\\\/\\\/media.radiolitoral.com\\\/wp-content\\\/uploads\\\/2023\\\/02\\\/24143238\\\/CL-V-RadioLitoral696.png\",\"contentUrl\":\"https:\\\/\\\/media.radiolitoral.com\\\/wp-content\\\/uploads\\\/2023\\\/02\\\/24143238\\\/CL-V-RadioLitoral696.png\",\"width\":696,\"height\":696,\"caption\":\"Radio Litoral\"},\"image\":{\"@id\":\"https:\\\/\\\/radiolitoral.com\\\/#\\\/schema\\\/logo\\\/image\\\/\"},\"sameAs\":[\"https:\\\/\\\/www.facebook.com\\\/Laradiolitoral\\\/\"]},{\"@type\":\"Person\",\"@id\":\"https:\\\/\\\/radiolitoral.com\\\/#\\\/schema\\\/person\\\/f2b2343c49b5d721857cc1002bfdb151\",\"name\":\"Redacci\u00f3n\",\"image\":{\"@type\":\"ImageObject\",\"inLanguage\":\"ca\",\"@id\":\"https:\\\/\\\/secure.gravatar.com\\\/avatar\\\/f771d896c203ad8b3382d7905cfcce5a5c9b008b84b3cd9114e9b9f4cb63f789?s=96&d=mm&r=g\",\"url\":\"https:\\\/\\\/secure.gravatar.com\\\/avatar\\\/f771d896c203ad8b3382d7905cfcce5a5c9b008b84b3cd9114e9b9f4cb63f789?s=96&d=mm&r=g\",\"contentUrl\":\"https:\\\/\\\/secure.gravatar.com\\\/avatar\\\/f771d896c203ad8b3382d7905cfcce5a5c9b008b84b3cd9114e9b9f4cb63f789?s=96&d=mm&r=g\",\"caption\":\"Redacci\u00f3n\"},\"url\":\"https:\\\/\\\/radiolitoral.com\\\/ca\\\/author\\\/miriam-pagan\\\/\"}]}<\/script>\n<!-- \/ Yoast SEO plugin. -->","yoast_head_json":{"title":"Joan Ivars \u201cFins que no van arribar els tanatoris, al difunt se&#039;l vetllava tota la nit,\u2026l&#039;amortallament el feien les dones\u201d |","description":"Davant la Festivitat de Tots Sants hem recuperat amb el fil\u00f2leg i el divulgador Joan Ivars les tradicions vinculades a la mort","robots":{"index":"index","follow":"follow","max-snippet":"max-snippet:-1","max-image-preview":"max-image-preview:large","max-video-preview":"max-video-preview:-1"},"canonical":"https:\/\/radiolitoral.com\/ca\/2024\/10\/joan-ivars-fins-que-no-van-arribar-els-tanatoris-al-difunt-sel-vetllava-tota-nitlamortallament-el-feien-les-dones\/","og_locale":"ca_ES","og_type":"article","og_title":"Joan Ivars \u201cFins que no van arribar els tanatoris, al difunt se\u2019l vetllava tota la nit,\u2026l\u2019amortallament el feien les dones\u201d | R\u00e0dio Litoral","og_description":"Davant la Festivitat de Tots Sants hem recuperat amb el fil\u00f2leg i divulgador Joan Ivars les tradicions vinculades a la mort","og_url":"https:\/\/radiolitoral.com\/ca\/2024\/10\/joan-ivars-fins-que-no-van-arribar-els-tanatoris-al-difunt-sel-vetllava-tota-nitlamortallament-el-feien-les-dones\/","og_site_name":"R\u00e0dio Litoral","article_publisher":"https:\/\/www.facebook.com\/Laradiolitoral\/","article_published_time":"2024-10-31T11:42:12+00:00","article_modified_time":"2024-11-18T13:23:01+00:00","og_image":[{"width":2000,"height":1500,"url":"https:\/\/media.radiolitoral.com\/wp-content\/uploads\/2024\/10\/31114621\/Joan-Ivars-Primer-Cafe.jpeg","type":"image\/jpeg"}],"author":"Redacci\u00f3n","twitter_card":"summary_large_image","twitter_misc":{"Escrit per":"Redacci\u00f3n","Temps estimat de lectura":"2 minuts"},"schema":{"@context":"https:\/\/schema.org","@graph":[{"@type":"NewsArticle","@id":"https:\/\/radiolitoral.com\/2024\/10\/joan-ivars-fins-que-no-van-arribar-els-tanatoris-al-difunt-sel-vetllava-tota-nitlamortallament-el-feien-les-dones\/#article","isPartOf":{"@id":"https:\/\/radiolitoral.com\/2024\/10\/joan-ivars-fins-que-no-van-arribar-els-tanatoris-al-difunt-sel-vetllava-tota-nitlamortallament-el-feien-les-dones\/"},"author":{"name":"Redacci\u00f3n","@id":"https:\/\/radiolitoral.com\/#\/schema\/person\/f2b2343c49b5d721857cc1002bfdb151"},"headline":"Joan Ivars \u201cFins que no van arribar els tanatoris, al difunt se\u2019l vetllava tota la nit,\u2026l\u2019amortallament el feien les dones\u201d","datePublished":"2024-10-31T11:42:12+00:00","dateModified":"2024-11-18T13:23:01+00:00","mainEntityOfPage":{"@id":"https:\/\/radiolitoral.com\/2024\/10\/joan-ivars-fins-que-no-van-arribar-els-tanatoris-al-difunt-sel-vetllava-tota-nitlamortallament-el-feien-les-dones\/"},"wordCount":295,"commentCount":0,"publisher":{"@id":"https:\/\/radiolitoral.com\/#organization"},"image":{"@id":"https:\/\/radiolitoral.com\/2024\/10\/joan-ivars-fins-que-no-van-arribar-els-tanatoris-al-difunt-sel-vetllava-tota-nitlamortallament-el-feien-les-dones\/#primaryimage"},"thumbnailUrl":"https:\/\/media.radiolitoral.com\/wp-content\/uploads\/2024\/10\/31114621\/Joan-Ivars-Primer-Cafe.jpeg","keywords":["Cultura popular","Dia de Tots Sants","Mort","Primer Caf\u00e9","Rites funeraris","Tradicions"],"articleSection":["Entrevistas","Fiestas"],"inLanguage":"ca","potentialAction":[{"@type":"CommentAction","name":"Comment","target":["https:\/\/radiolitoral.com\/2024\/10\/joan-ivars-fins-que-no-van-arribar-els-tanatoris-al-difunt-sel-vetllava-tota-nitlamortallament-el-feien-les-dones\/#respond"]}]},{"@type":["WebPage","ItemPage"],"@id":"https:\/\/radiolitoral.com\/2024\/10\/joan-ivars-fins-que-no-van-arribar-els-tanatoris-al-difunt-sel-vetllava-tota-nitlamortallament-el-feien-les-dones\/","url":"https:\/\/radiolitoral.com\/2024\/10\/joan-ivars-fins-que-no-van-arribar-els-tanatoris-al-difunt-sel-vetllava-tota-nitlamortallament-el-feien-les-dones\/","name":"Joan Ivars \u201cFins que no van arribar els tanatoris, al difunt se&#039;l vetllava tota la nit,\u2026l&#039;amortallament el feien les dones\u201d |","isPartOf":{"@id":"https:\/\/radiolitoral.com\/#website"},"primaryImageOfPage":{"@id":"https:\/\/radiolitoral.com\/2024\/10\/joan-ivars-fins-que-no-van-arribar-els-tanatoris-al-difunt-sel-vetllava-tota-nitlamortallament-el-feien-les-dones\/#primaryimage"},"image":{"@id":"https:\/\/radiolitoral.com\/2024\/10\/joan-ivars-fins-que-no-van-arribar-els-tanatoris-al-difunt-sel-vetllava-tota-nitlamortallament-el-feien-les-dones\/#primaryimage"},"thumbnailUrl":"https:\/\/media.radiolitoral.com\/wp-content\/uploads\/2024\/10\/31114621\/Joan-Ivars-Primer-Cafe.jpeg","datePublished":"2024-10-31T11:42:12+00:00","dateModified":"2024-11-18T13:23:01+00:00","description":"Davant la Festivitat de Tots Sants hem recuperat amb el fil\u00f2leg i el divulgador Joan Ivars les tradicions vinculades a la mort","breadcrumb":{"@id":"https:\/\/radiolitoral.com\/2024\/10\/joan-ivars-fins-que-no-van-arribar-els-tanatoris-al-difunt-sel-vetllava-tota-nitlamortallament-el-feien-les-dones\/#breadcrumb"},"inLanguage":"ca","potentialAction":[{"@type":"ReadAction","target":["https:\/\/radiolitoral.com\/2024\/10\/joan-ivars-fins-que-no-van-arribar-els-tanatoris-al-difunt-sel-vetllava-tota-nitlamortallament-el-feien-les-dones\/"]}]},{"@type":"ImageObject","inLanguage":"ca","@id":"https:\/\/radiolitoral.com\/2024\/10\/joan-ivars-fins-que-no-van-arribar-els-tanatoris-al-difunt-sel-vetllava-tota-nitlamortallament-el-feien-les-dones\/#primaryimage","url":"https:\/\/media.radiolitoral.com\/wp-content\/uploads\/2024\/10\/31114621\/Joan-Ivars-Primer-Cafe.jpeg","contentUrl":"https:\/\/media.radiolitoral.com\/wp-content\/uploads\/2024\/10\/31114621\/Joan-Ivars-Primer-Cafe.jpeg","width":2000,"height":1500},{"@type":"BreadcrumbList","@id":"https:\/\/radiolitoral.com\/2024\/10\/joan-ivars-fins-que-no-van-arribar-els-tanatoris-al-difunt-sel-vetllava-tota-nitlamortallament-el-feien-les-dones\/#breadcrumb","itemListElement":[{"@type":"ListItem","position":1,"name":"Portada","item":"https:\/\/radiolitoral.com\/"},{"@type":"ListItem","position":2,"name":"Joan Ivars \u201cFins que no van arribar els tanatoris, al difunt se\u2019l vetllava tota la nit,\u2026l\u2019amortallament el feien les dones\u201d"}]},{"@type":"WebSite","@id":"https:\/\/radiolitoral.com\/#website","url":"https:\/\/radiolitoral.com\/","name":"R\u00e0dio Litoral","description":"La r\u00e0dio local de la Marina Alta","publisher":{"@id":"https:\/\/radiolitoral.com\/#organization"},"alternateName":"Litoral FM","potentialAction":[{"@type":"SearchAction","target":{"@type":"EntryPoint","urlTemplate":"https:\/\/radiolitoral.com\/?s={search_term_string}"},"query-input":{"@type":"PropertyValueSpecification","valueRequired":true,"valueName":"search_term_string"}}],"inLanguage":"ca"},{"@type":"Organization","@id":"https:\/\/radiolitoral.com\/#organization","name":"R\u00e0dio Litoral","url":"https:\/\/radiolitoral.com\/","logo":{"@type":"ImageObject","inLanguage":"ca","@id":"https:\/\/radiolitoral.com\/#\/schema\/logo\/image\/","url":"https:\/\/media.radiolitoral.com\/wp-content\/uploads\/2023\/02\/24143238\/CL-V-RadioLitoral696.png","contentUrl":"https:\/\/media.radiolitoral.com\/wp-content\/uploads\/2023\/02\/24143238\/CL-V-RadioLitoral696.png","width":696,"height":696,"caption":"Radio Litoral"},"image":{"@id":"https:\/\/radiolitoral.com\/#\/schema\/logo\/image\/"},"sameAs":["https:\/\/www.facebook.com\/Laradiolitoral\/"]},{"@type":"Person","@id":"https:\/\/radiolitoral.com\/#\/schema\/person\/f2b2343c49b5d721857cc1002bfdb151","name":"Redacci\u00f3","image":{"@type":"ImageObject","inLanguage":"ca","@id":"https:\/\/secure.gravatar.com\/avatar\/f771d896c203ad8b3382d7905cfcce5a5c9b008b84b3cd9114e9b9f4cb63f789?s=96&d=mm&r=g","url":"https:\/\/secure.gravatar.com\/avatar\/f771d896c203ad8b3382d7905cfcce5a5c9b008b84b3cd9114e9b9f4cb63f789?s=96&d=mm&r=g","contentUrl":"https:\/\/secure.gravatar.com\/avatar\/f771d896c203ad8b3382d7905cfcce5a5c9b008b84b3cd9114e9b9f4cb63f789?s=96&d=mm&r=g","caption":"Redacci\u00f3n"},"url":"https:\/\/radiolitoral.com\/ca\/author\/miriam-pagan\/"}]}},"_links":{"self":[{"href":"https:\/\/radiolitoral.com\/ca\/wp-json\/wp\/v2\/posts\/12788","targetHints":{"allow":["GET"]}}],"collection":[{"href":"https:\/\/radiolitoral.com\/ca\/wp-json\/wp\/v2\/posts"}],"about":[{"href":"https:\/\/radiolitoral.com\/ca\/wp-json\/wp\/v2\/types\/post"}],"author":[{"embeddable":true,"href":"https:\/\/radiolitoral.com\/ca\/wp-json\/wp\/v2\/users\/13"}],"replies":[{"embeddable":true,"href":"https:\/\/radiolitoral.com\/ca\/wp-json\/wp\/v2\/comments?post=12788"}],"version-history":[{"count":4,"href":"https:\/\/radiolitoral.com\/ca\/wp-json\/wp\/v2\/posts\/12788\/revisions"}],"predecessor-version":[{"id":12801,"href":"https:\/\/radiolitoral.com\/ca\/wp-json\/wp\/v2\/posts\/12788\/revisions\/12801"}],"wp:featuredmedia":[{"embeddable":true,"href":"https:\/\/radiolitoral.com\/ca\/wp-json\/wp\/v2\/media\/12790"}],"wp:attachment":[{"href":"https:\/\/radiolitoral.com\/ca\/wp-json\/wp\/v2\/media?parent=12788"}],"wp:term":[{"taxonomy":"category","embeddable":true,"href":"https:\/\/radiolitoral.com\/ca\/wp-json\/wp\/v2\/categories?post=12788"},{"taxonomy":"post_tag","embeddable":true,"href":"https:\/\/radiolitoral.com\/ca\/wp-json\/wp\/v2\/tags?post=12788"}],"curies":[{"name":"wp","href":"https:\/\/api.w.org\/{rel}","templated":true}]}}