{"id":12776,"date":"2024-10-31T09:51:23","date_gmt":"2024-10-31T08:51:23","guid":{"rendered":"https:\/\/radiolitoral.com\/?p=12776"},"modified":"2024-10-31T12:55:09","modified_gmt":"2024-10-31T11:55:09","slug":"la-ffcv-ajorna-tota-la-jornada-futbolistica","status":"publish","type":"post","link":"https:\/\/radiolitoral.com\/ca\/2024\/10\/la-ffcv-ajorna-tota-la-jornada-futbolistica\/","title":{"rendered":"La FFCV ajorna tota la jornada futbol\u00edstica"},"content":{"rendered":"<p>La <strong>Federaci\u00f3 de Futbol de la Comunitat Valenciana (FFCV)<\/strong> desitja, en primer lloc, expressar la seva tristes i consternaci\u00f3 per tot el que ha ocorregut a causa de la DANA que ha arrasat gran part de la prov\u00edncia de Val\u00e8ncia. Per aix\u00f2, la FFCV transmet el m\u00e9s <strong>sincer dol als familiars i amics<\/strong> de les persones que han perdut la vida, en nom del futbol i futbol sala de la Comunitat Valenciana, aix\u00ed com el m\u00e0xim suport i comprensi\u00f3 amb tots els afectats per aquest temporal.<\/p>\n<p>A m\u00e9s, la FFCV vol recon\u00e8ixer la tasca de totes les forces de seguretat, protecci\u00f3 civil, serveis d&#039;emerg\u00e8ncies, bombers i altres autoritats que treballin sense descans per restituir part dels danys causats. Tamb\u00e9 vol destacar la valentia de tots aquells herois i hero\u00efnes an\u00f2nims que han salvat vinyes gr\u00e0cies a la seva determinaci\u00f3 i coratge.<\/p>\n<h2>Ajornats tots els partits<\/h2>\n<p>Per tant, amb la finalitat de mostrar solidaritat i condol amb els afectats, la FFCV ha decidit <strong>ajornar tots els partits<\/strong> que s&#039;havien de disputar en la propera jornada a la Comunitat Valenciana, des del jueus fins al diumenge, a totes les categories territorials, <strong>tant de futbol i futbol sala base com amateur<\/strong>, aix\u00ed com les competicions nacionals delegades a la FFCV: <strong>Tercera Federaci\u00f3 i Lliga Nacional Juvenil de futbol i Tercera Divisi\u00f3 de futbol sala<\/strong>.<\/p>\n<p>La FFCV tamb\u00e9 proposa que es guardi un minut de silenci en tots els partits de la jornada seg\u00fcent, que es disputaran als camps de la Comunitat Valenciana, com a mostra de respecte a les v\u00edctimas.<\/p>\n<p>Finalment, la FFCV vol agrader la multitud de missatges de condol que est\u00e0 rebent del m\u00f3n del futbol i anima tots els clubs a expressar el seu suport p\u00fablicament a les seves xarxes socials, aix\u00ed com a realitzar qualsevol activitat d&#039;ajuda a les v\u00edctimes del temporal .<\/p>","protected":false},"excerpt":{"rendered":"<p>La Federaci\u00f3 de Futbol de la Comunitat Valenciana (FFCV) desitja, en primer lloc, expressar la seua tristesa i consternaci\u00f3 per tot el que ha ocorregut a causa de la DANA que ha arrasat gran part de la prov\u00edncia de Val\u00e8ncia. Per aix\u00f2, la FFCV transmet el m\u00e9s sincer condol als familiars i amics de les [&#8230;]<\/p>\n<p><a class=\"btn btn-secondary understrap-read-more-link\" href=\"https:\/\/radiolitoral.com\/ca\/2024\/10\/la-ffcv-ajorna-tota-la-jornada-futbolistica\/\">Continua llegint&#8230;<span class=\"screen-reader-text\"> from La FFCV ajorna tota la jornada futbol\u00edstica<\/span><\/a><\/p>\n","protected":false},"author":12,"featured_media":12780,"comment_status":"open","ping_status":"closed","sticky":false,"template":"","format":"standard","meta":{"_acf_changed":false,"inline_featured_image":false,"footnotes":""},"categories":[5],"tags":[6,1224,2683],"class_list":["post-12776","post","type-post","status-publish","format-standard","has-post-thumbnail","hentry","category-deportes","tag-deportes","tag-federacio-de-futbol-de-la-comunitat-valenciana","tag-ffcv","cobertura-denia"],"acf":[],"yoast_head":"<!-- This site is optimized with the Yoast SEO plugin v27.5 - https:\/\/yoast.com\/product\/yoast-seo-wordpress\/ -->\n<title>La FFCV ajorna tota la jornada futbol\u00edstica | R\u00e0dio Litoral<\/title>\n<meta name=\"description\" content=\"Des de la federaci\u00f3 s&#039;ha expressat el condol a totes les fam\u00edlies dels morts de la DANA Des de la federaci\u00f3 s&#039;ha expressat el condol a totes les fam\u00edlies de les mates de la DANA\" \/>\n<meta name=\"robots\" content=\"index, follow, max-snippet:-1, max-image-preview:large, max-video-preview:-1\" \/>\n<link rel=\"canonical\" href=\"https:\/\/radiolitoral.com\/ca\/2024\/10\/la-ffcv-ajorna-tota-la-jornada-futbolistica\/\" \/>\n<meta property=\"og:locale\" content=\"ca_ES\" \/>\n<meta property=\"og:type\" content=\"article\" \/>\n<meta property=\"og:title\" content=\"La FFCV ajorna tota la jornada futbol\u00edstica | R\u00e0dio Litoral\" \/>\n<meta property=\"og:description\" content=\"Des de la federaci\u00f3 s&#039;ha expressat el condol a totes les fam\u00edlies dels morts de la DANA Des de la federaci\u00f3 s&#039;ha expressat el condol a totes les fam\u00edlies de les mates de la DANA\" \/>\n<meta property=\"og:url\" content=\"https:\/\/radiolitoral.com\/ca\/2024\/10\/la-ffcv-ajorna-tota-la-jornada-futbolistica\/\" \/>\n<meta property=\"og:site_name\" content=\"R\u00e0dio Litoral\" \/>\n<meta property=\"article:publisher\" content=\"https:\/\/www.facebook.com\/Laradiolitoral\/\" \/>\n<meta property=\"article:published_time\" content=\"2024-10-31T08:51:23+00:00\" \/>\n<meta property=\"article:modified_time\" content=\"2024-10-31T11:55:09+00:00\" \/>\n<meta property=\"og:image\" content=\"https:\/\/media.radiolitoral.com\/wp-content\/uploads\/2024\/10\/30225239\/Suspendida.jpg\" \/>\n\t<meta property=\"og:image:width\" content=\"1024\" \/>\n\t<meta property=\"og:image:height\" content=\"594\" \/>\n\t<meta property=\"og:image:type\" content=\"image\/jpeg\" \/>\n<meta name=\"author\" content=\"Javier Zamora\" \/>\n<meta name=\"twitter:card\" content=\"summary_large_image\" \/>\n<meta name=\"twitter:label1\" content=\"Escrit per\" \/>\n\t<meta name=\"twitter:data1\" content=\"Javier Zamora\" \/>\n\t<meta name=\"twitter:label2\" content=\"Temps estimat de lectura\" \/>\n\t<meta name=\"twitter:data2\" content=\"2 minuts\" \/>\n<script type=\"application\/ld+json\" class=\"yoast-schema-graph\">{\"@context\":\"https:\\\/\\\/schema.org\",\"@graph\":[{\"@type\":\"NewsArticle\",\"@id\":\"https:\\\/\\\/radiolitoral.com\\\/2024\\\/10\\\/la-ffcv-ajorna-tota-la-jornada-futbolistica\\\/#article\",\"isPartOf\":{\"@id\":\"https:\\\/\\\/radiolitoral.com\\\/2024\\\/10\\\/la-ffcv-ajorna-tota-la-jornada-futbolistica\\\/\"},\"author\":{\"name\":\"Javier Zamora\",\"@id\":\"https:\\\/\\\/radiolitoral.com\\\/#\\\/schema\\\/person\\\/7b1480b5caeb5acdd4ec6379caf62b22\"},\"headline\":\"La FFCV ajorna tota la jornada futbol\u00edstica\",\"datePublished\":\"2024-10-31T08:51:23+00:00\",\"dateModified\":\"2024-10-31T11:55:09+00:00\",\"mainEntityOfPage\":{\"@id\":\"https:\\\/\\\/radiolitoral.com\\\/2024\\\/10\\\/la-ffcv-ajorna-tota-la-jornada-futbolistica\\\/\"},\"wordCount\":331,\"commentCount\":0,\"publisher\":{\"@id\":\"https:\\\/\\\/radiolitoral.com\\\/#organization\"},\"image\":{\"@id\":\"https:\\\/\\\/radiolitoral.com\\\/2024\\\/10\\\/la-ffcv-ajorna-tota-la-jornada-futbolistica\\\/#primaryimage\"},\"thumbnailUrl\":\"https:\\\/\\\/media.radiolitoral.com\\\/wp-content\\\/uploads\\\/2024\\\/10\\\/30225239\\\/Suspendida.jpg\",\"keywords\":[\"deportes\",\"Federaci\u00f3 de Futbol de la Comunitat Valenciana\",\"FFCV\"],\"articleSection\":[\"Deportes\"],\"inLanguage\":\"ca\",\"potentialAction\":[{\"@type\":\"CommentAction\",\"name\":\"Comment\",\"target\":[\"https:\\\/\\\/radiolitoral.com\\\/2024\\\/10\\\/la-ffcv-ajorna-tota-la-jornada-futbolistica\\\/#respond\"]}]},{\"@type\":[\"WebPage\",\"ItemPage\"],\"@id\":\"https:\\\/\\\/radiolitoral.com\\\/2024\\\/10\\\/la-ffcv-ajorna-tota-la-jornada-futbolistica\\\/\",\"url\":\"https:\\\/\\\/radiolitoral.com\\\/2024\\\/10\\\/la-ffcv-ajorna-tota-la-jornada-futbolistica\\\/\",\"name\":\"La FFCV ajorna tota la jornada futbol\u00edstica | R\u00e0dio Litoral\",\"isPartOf\":{\"@id\":\"https:\\\/\\\/radiolitoral.com\\\/#website\"},\"primaryImageOfPage\":{\"@id\":\"https:\\\/\\\/radiolitoral.com\\\/2024\\\/10\\\/la-ffcv-ajorna-tota-la-jornada-futbolistica\\\/#primaryimage\"},\"image\":{\"@id\":\"https:\\\/\\\/radiolitoral.com\\\/2024\\\/10\\\/la-ffcv-ajorna-tota-la-jornada-futbolistica\\\/#primaryimage\"},\"thumbnailUrl\":\"https:\\\/\\\/media.radiolitoral.com\\\/wp-content\\\/uploads\\\/2024\\\/10\\\/30225239\\\/Suspendida.jpg\",\"datePublished\":\"2024-10-31T08:51:23+00:00\",\"dateModified\":\"2024-10-31T11:55:09+00:00\",\"description\":\"Des de la federaci\u00f3 s'ha expressat el condol a totes les fam\u00edlies dels morts de la DANA Des de la federaci\u00f3 s'ha expressat el condol a totes les fam\u00edlies de les mates de la DANA\",\"breadcrumb\":{\"@id\":\"https:\\\/\\\/radiolitoral.com\\\/2024\\\/10\\\/la-ffcv-ajorna-tota-la-jornada-futbolistica\\\/#breadcrumb\"},\"inLanguage\":\"ca\",\"potentialAction\":[{\"@type\":\"ReadAction\",\"target\":[\"https:\\\/\\\/radiolitoral.com\\\/2024\\\/10\\\/la-ffcv-ajorna-tota-la-jornada-futbolistica\\\/\"]}]},{\"@type\":\"ImageObject\",\"inLanguage\":\"ca\",\"@id\":\"https:\\\/\\\/radiolitoral.com\\\/2024\\\/10\\\/la-ffcv-ajorna-tota-la-jornada-futbolistica\\\/#primaryimage\",\"url\":\"https:\\\/\\\/media.radiolitoral.com\\\/wp-content\\\/uploads\\\/2024\\\/10\\\/30225239\\\/Suspendida.jpg\",\"contentUrl\":\"https:\\\/\\\/media.radiolitoral.com\\\/wp-content\\\/uploads\\\/2024\\\/10\\\/30225239\\\/Suspendida.jpg\",\"width\":1024,\"height\":594},{\"@type\":\"BreadcrumbList\",\"@id\":\"https:\\\/\\\/radiolitoral.com\\\/2024\\\/10\\\/la-ffcv-ajorna-tota-la-jornada-futbolistica\\\/#breadcrumb\",\"itemListElement\":[{\"@type\":\"ListItem\",\"position\":1,\"name\":\"Portada\",\"item\":\"https:\\\/\\\/radiolitoral.com\\\/\"},{\"@type\":\"ListItem\",\"position\":2,\"name\":\"La FFCV ajorna tota la jornada futbol\u00edstica\"}]},{\"@type\":\"WebSite\",\"@id\":\"https:\\\/\\\/radiolitoral.com\\\/#website\",\"url\":\"https:\\\/\\\/radiolitoral.com\\\/\",\"name\":\"Radio Litoral\",\"description\":\"La radio local de la Marina Alta\",\"publisher\":{\"@id\":\"https:\\\/\\\/radiolitoral.com\\\/#organization\"},\"alternateName\":\"Litoral FM\",\"potentialAction\":[{\"@type\":\"SearchAction\",\"target\":{\"@type\":\"EntryPoint\",\"urlTemplate\":\"https:\\\/\\\/radiolitoral.com\\\/?s={search_term_string}\"},\"query-input\":{\"@type\":\"PropertyValueSpecification\",\"valueRequired\":true,\"valueName\":\"search_term_string\"}}],\"inLanguage\":\"ca\"},{\"@type\":\"Organization\",\"@id\":\"https:\\\/\\\/radiolitoral.com\\\/#organization\",\"name\":\"Radio Litoral\",\"url\":\"https:\\\/\\\/radiolitoral.com\\\/\",\"logo\":{\"@type\":\"ImageObject\",\"inLanguage\":\"ca\",\"@id\":\"https:\\\/\\\/radiolitoral.com\\\/#\\\/schema\\\/logo\\\/image\\\/\",\"url\":\"https:\\\/\\\/media.radiolitoral.com\\\/wp-content\\\/uploads\\\/2023\\\/02\\\/24143238\\\/CL-V-RadioLitoral696.png\",\"contentUrl\":\"https:\\\/\\\/media.radiolitoral.com\\\/wp-content\\\/uploads\\\/2023\\\/02\\\/24143238\\\/CL-V-RadioLitoral696.png\",\"width\":696,\"height\":696,\"caption\":\"Radio Litoral\"},\"image\":{\"@id\":\"https:\\\/\\\/radiolitoral.com\\\/#\\\/schema\\\/logo\\\/image\\\/\"},\"sameAs\":[\"https:\\\/\\\/www.facebook.com\\\/Laradiolitoral\\\/\"]},{\"@type\":\"Person\",\"@id\":\"https:\\\/\\\/radiolitoral.com\\\/#\\\/schema\\\/person\\\/7b1480b5caeb5acdd4ec6379caf62b22\",\"name\":\"Javier Zamora\",\"image\":{\"@type\":\"ImageObject\",\"inLanguage\":\"ca\",\"@id\":\"https:\\\/\\\/secure.gravatar.com\\\/avatar\\\/467a11f6918c7d619c4043fc6fa2d3853053107973f05b6e9c04ea6c4e3a7b3f?s=96&d=mm&r=g\",\"url\":\"https:\\\/\\\/secure.gravatar.com\\\/avatar\\\/467a11f6918c7d619c4043fc6fa2d3853053107973f05b6e9c04ea6c4e3a7b3f?s=96&d=mm&r=g\",\"contentUrl\":\"https:\\\/\\\/secure.gravatar.com\\\/avatar\\\/467a11f6918c7d619c4043fc6fa2d3853053107973f05b6e9c04ea6c4e3a7b3f?s=96&d=mm&r=g\",\"caption\":\"Javier Zamora\"},\"url\":\"https:\\\/\\\/radiolitoral.com\\\/ca\\\/author\\\/javier-zamora\\\/\"}]}<\/script>\n<!-- \/ Yoast SEO plugin. -->","yoast_head_json":{"title":"La FFCV ajorna tota la jornada futbol\u00edstica | R\u00e0dio Litoral","description":"Des de la federaci\u00f3 s&#039;ha expressat el dol a totes les fam\u00edlies dels morts de la DANA Des de la federaci\u00f3 s&#039;ha expressat el dol a totes les fam\u00edlies de les mates de la DANA","robots":{"index":"index","follow":"follow","max-snippet":"max-snippet:-1","max-image-preview":"max-image-preview:large","max-video-preview":"max-video-preview:-1"},"canonical":"https:\/\/radiolitoral.com\/ca\/2024\/10\/la-ffcv-ajorna-tota-la-jornada-futbolistica\/","og_locale":"ca_ES","og_type":"article","og_title":"La FFCV ajorna tota la jornada futbol\u00edstica | R\u00e0dio Litoral","og_description":"Des de la federaci\u00f3 s'ha expressat el condol a totes les fam\u00edlies dels morts de la DANA Des de la federaci\u00f3 s'ha expressat el condol a totes les fam\u00edlies de les mates de la DANA","og_url":"https:\/\/radiolitoral.com\/ca\/2024\/10\/la-ffcv-ajorna-tota-la-jornada-futbolistica\/","og_site_name":"R\u00e0dio Litoral","article_publisher":"https:\/\/www.facebook.com\/Laradiolitoral\/","article_published_time":"2024-10-31T08:51:23+00:00","article_modified_time":"2024-10-31T11:55:09+00:00","og_image":[{"width":1024,"height":594,"url":"https:\/\/media.radiolitoral.com\/wp-content\/uploads\/2024\/10\/30225239\/Suspendida.jpg","type":"image\/jpeg"}],"author":"Javier Zamora","twitter_card":"summary_large_image","twitter_misc":{"Escrit per":"Javier Zamora","Temps estimat de lectura":"2 minuts"},"schema":{"@context":"https:\/\/schema.org","@graph":[{"@type":"NewsArticle","@id":"https:\/\/radiolitoral.com\/2024\/10\/la-ffcv-ajorna-tota-la-jornada-futbolistica\/#article","isPartOf":{"@id":"https:\/\/radiolitoral.com\/2024\/10\/la-ffcv-ajorna-tota-la-jornada-futbolistica\/"},"author":{"name":"Javier Zamora","@id":"https:\/\/radiolitoral.com\/#\/schema\/person\/7b1480b5caeb5acdd4ec6379caf62b22"},"headline":"La FFCV ajorna tota la jornada futbol\u00edstica","datePublished":"2024-10-31T08:51:23+00:00","dateModified":"2024-10-31T11:55:09+00:00","mainEntityOfPage":{"@id":"https:\/\/radiolitoral.com\/2024\/10\/la-ffcv-ajorna-tota-la-jornada-futbolistica\/"},"wordCount":331,"commentCount":0,"publisher":{"@id":"https:\/\/radiolitoral.com\/#organization"},"image":{"@id":"https:\/\/radiolitoral.com\/2024\/10\/la-ffcv-ajorna-tota-la-jornada-futbolistica\/#primaryimage"},"thumbnailUrl":"https:\/\/media.radiolitoral.com\/wp-content\/uploads\/2024\/10\/30225239\/Suspendida.jpg","keywords":["deportes","Federaci\u00f3 de Futbol de la Comunitat Valenciana","FFCV"],"articleSection":["Deportes"],"inLanguage":"ca","potentialAction":[{"@type":"CommentAction","name":"Comment","target":["https:\/\/radiolitoral.com\/2024\/10\/la-ffcv-ajorna-tota-la-jornada-futbolistica\/#respond"]}]},{"@type":["WebPage","ItemPage"],"@id":"https:\/\/radiolitoral.com\/2024\/10\/la-ffcv-ajorna-tota-la-jornada-futbolistica\/","url":"https:\/\/radiolitoral.com\/2024\/10\/la-ffcv-ajorna-tota-la-jornada-futbolistica\/","name":"La FFCV ajorna tota la jornada futbol\u00edstica | R\u00e0dio Litoral","isPartOf":{"@id":"https:\/\/radiolitoral.com\/#website"},"primaryImageOfPage":{"@id":"https:\/\/radiolitoral.com\/2024\/10\/la-ffcv-ajorna-tota-la-jornada-futbolistica\/#primaryimage"},"image":{"@id":"https:\/\/radiolitoral.com\/2024\/10\/la-ffcv-ajorna-tota-la-jornada-futbolistica\/#primaryimage"},"thumbnailUrl":"https:\/\/media.radiolitoral.com\/wp-content\/uploads\/2024\/10\/30225239\/Suspendida.jpg","datePublished":"2024-10-31T08:51:23+00:00","dateModified":"2024-10-31T11:55:09+00:00","description":"Des de la federaci\u00f3 s&#039;ha expressat el dol a totes les fam\u00edlies dels morts de la DANA Des de la federaci\u00f3 s&#039;ha expressat el dol a totes les fam\u00edlies de les mates de la DANA","breadcrumb":{"@id":"https:\/\/radiolitoral.com\/2024\/10\/la-ffcv-ajorna-tota-la-jornada-futbolistica\/#breadcrumb"},"inLanguage":"ca","potentialAction":[{"@type":"ReadAction","target":["https:\/\/radiolitoral.com\/2024\/10\/la-ffcv-ajorna-tota-la-jornada-futbolistica\/"]}]},{"@type":"ImageObject","inLanguage":"ca","@id":"https:\/\/radiolitoral.com\/2024\/10\/la-ffcv-ajorna-tota-la-jornada-futbolistica\/#primaryimage","url":"https:\/\/media.radiolitoral.com\/wp-content\/uploads\/2024\/10\/30225239\/Suspendida.jpg","contentUrl":"https:\/\/media.radiolitoral.com\/wp-content\/uploads\/2024\/10\/30225239\/Suspendida.jpg","width":1024,"height":594},{"@type":"BreadcrumbList","@id":"https:\/\/radiolitoral.com\/2024\/10\/la-ffcv-ajorna-tota-la-jornada-futbolistica\/#breadcrumb","itemListElement":[{"@type":"ListItem","position":1,"name":"Portada","item":"https:\/\/radiolitoral.com\/"},{"@type":"ListItem","position":2,"name":"La FFCV ajorna tota la jornada futbol\u00edstica"}]},{"@type":"WebSite","@id":"https:\/\/radiolitoral.com\/#website","url":"https:\/\/radiolitoral.com\/","name":"R\u00e0dio Litoral","description":"La r\u00e0dio local de la Marina Alta","publisher":{"@id":"https:\/\/radiolitoral.com\/#organization"},"alternateName":"Litoral FM","potentialAction":[{"@type":"SearchAction","target":{"@type":"EntryPoint","urlTemplate":"https:\/\/radiolitoral.com\/?s={search_term_string}"},"query-input":{"@type":"PropertyValueSpecification","valueRequired":true,"valueName":"search_term_string"}}],"inLanguage":"ca"},{"@type":"Organization","@id":"https:\/\/radiolitoral.com\/#organization","name":"R\u00e0dio Litoral","url":"https:\/\/radiolitoral.com\/","logo":{"@type":"ImageObject","inLanguage":"ca","@id":"https:\/\/radiolitoral.com\/#\/schema\/logo\/image\/","url":"https:\/\/media.radiolitoral.com\/wp-content\/uploads\/2023\/02\/24143238\/CL-V-RadioLitoral696.png","contentUrl":"https:\/\/media.radiolitoral.com\/wp-content\/uploads\/2023\/02\/24143238\/CL-V-RadioLitoral696.png","width":696,"height":696,"caption":"Radio Litoral"},"image":{"@id":"https:\/\/radiolitoral.com\/#\/schema\/logo\/image\/"},"sameAs":["https:\/\/www.facebook.com\/Laradiolitoral\/"]},{"@type":"Person","@id":"https:\/\/radiolitoral.com\/#\/schema\/person\/7b1480b5caeb5acdd4ec6379caf62b22","name":"Javier Zamora","image":{"@type":"ImageObject","inLanguage":"ca","@id":"https:\/\/secure.gravatar.com\/avatar\/467a11f6918c7d619c4043fc6fa2d3853053107973f05b6e9c04ea6c4e3a7b3f?s=96&d=mm&r=g","url":"https:\/\/secure.gravatar.com\/avatar\/467a11f6918c7d619c4043fc6fa2d3853053107973f05b6e9c04ea6c4e3a7b3f?s=96&d=mm&r=g","contentUrl":"https:\/\/secure.gravatar.com\/avatar\/467a11f6918c7d619c4043fc6fa2d3853053107973f05b6e9c04ea6c4e3a7b3f?s=96&d=mm&r=g","caption":"Javier Zamora"},"url":"https:\/\/radiolitoral.com\/ca\/author\/javier-zamora\/"}]}},"_links":{"self":[{"href":"https:\/\/radiolitoral.com\/ca\/wp-json\/wp\/v2\/posts\/12776","targetHints":{"allow":["GET"]}}],"collection":[{"href":"https:\/\/radiolitoral.com\/ca\/wp-json\/wp\/v2\/posts"}],"about":[{"href":"https:\/\/radiolitoral.com\/ca\/wp-json\/wp\/v2\/types\/post"}],"author":[{"embeddable":true,"href":"https:\/\/radiolitoral.com\/ca\/wp-json\/wp\/v2\/users\/12"}],"replies":[{"embeddable":true,"href":"https:\/\/radiolitoral.com\/ca\/wp-json\/wp\/v2\/comments?post=12776"}],"version-history":[{"count":4,"href":"https:\/\/radiolitoral.com\/ca\/wp-json\/wp\/v2\/posts\/12776\/revisions"}],"predecessor-version":[{"id":12799,"href":"https:\/\/radiolitoral.com\/ca\/wp-json\/wp\/v2\/posts\/12776\/revisions\/12799"}],"wp:featuredmedia":[{"embeddable":true,"href":"https:\/\/radiolitoral.com\/ca\/wp-json\/wp\/v2\/media\/12780"}],"wp:attachment":[{"href":"https:\/\/radiolitoral.com\/ca\/wp-json\/wp\/v2\/media?parent=12776"}],"wp:term":[{"taxonomy":"category","embeddable":true,"href":"https:\/\/radiolitoral.com\/ca\/wp-json\/wp\/v2\/categories?post=12776"},{"taxonomy":"post_tag","embeddable":true,"href":"https:\/\/radiolitoral.com\/ca\/wp-json\/wp\/v2\/tags?post=12776"}],"curies":[{"name":"wp","href":"https:\/\/api.w.org\/{rel}","templated":true}]}}