{"id":12746,"date":"2024-10-30T10:08:25","date_gmt":"2024-10-30T09:08:25","guid":{"rendered":"https:\/\/radiolitoral.com\/?p=12746"},"modified":"2024-10-30T10:08:25","modified_gmt":"2024-10-30T09:08:25","slug":"daniela-avella-del-cg-les-marines-es-proclama-campiona-provincial-en-copa-base","status":"publish","type":"post","link":"https:\/\/radiolitoral.com\/ca\/2024\/10\/daniela-avella-del-cg-les-marines-es-proclama-campiona-provincial-en-copa-base\/","title":{"rendered":"Daniela Avell\u00e0 del CG Les Marines \u00e9s proclama Campiona Provincial a Copa Base"},"content":{"rendered":"<p>Les gimnastes del <strong>Club\u00a0<span class=\"hiddenSpellError\">Gimn\u00e0stica<\/span>\u00a0Les Marines<\/strong> es van despla\u00e7ar fins a la Vila Joiosa el dissabte passat per disputar la <strong>fase Provincial de la Copa Base Individual<\/strong>. Quatre dels cinc representants del club aconseguiran les cobejades places per a l&#039;auton\u00f2mic, destacant l&#039;or de <strong>Daniela Avell\u00e0<\/strong> en categoria alev\u00ed.<\/p>\n<p><strong><span class=\"hiddenSpellError\">Sanchia<\/span>\u00a0Roberts<\/strong> va ser la primera a sortir al tap\u00eds. La cadet va realitzar un bon exercici que li va valdre per ser quinta provincial. Quedant-se a les portes d&#039;estar entre les 10 millors de la Comunitat que aconseguien la passada.<\/p>\n<p>A continuaci\u00f3 era el torn de Daniela Avell\u00e0, qui malgrat algunes imprecisions aconseguia al\u00e7ar-se amb el t\u00edtol de <strong>Campiona Provincial<\/strong>, assegurat su participaci\u00f3 en la fase auton\u00f2mica.<\/p>\n<p>Per concloure la competici\u00f3 la benjam\u00ed\u00a0<strong><span class=\"hiddenSpellError\">Almudena<\/span>\u00a0<span class=\"hiddenSpellError\">Buigues<\/span><\/strong>\u00a0es quedava molt prop del p\u00f2dium sent <strong>quarta<\/strong> provincial. Seguida de la seva companya\u00a0<strong><span class=\"hiddenSpellError\">Katya<\/span>\u00a0<span class=\"hiddenSpellError\">Devko<\/span><\/strong>\u00a0qui era <strong>quinta<\/strong> i\u00a0<strong><span class=\"hiddenSpellError\">Zaira<\/span>\u00a0Bessa<\/strong> aconseguia ser <strong>sexta<\/strong> provincial. D&#039;aquesta manera les tres gimnastes, benjamins aconseguien l&#039;anhelada pla\u00e7a a l&#039;auton\u00f2mic.<\/p>\n<figure id=\"attachment_12748\" aria-describedby=\"caption-attachment-12748\" style=\"width: 1024px\" class=\"wp-caption alignnone\"><img loading=\"lazy\" decoding=\"async\" class=\"wp-image-12748 size-full\" src=\"https:\/\/media.radiolitoral.com\/wp-content\/uploads\/2024\/10\/29130645\/Entrenadoras-con-gimnasta-del-CG-Les-Marines.jpg\" alt=\"\" width=\"1024\" height=\"642\" srcset=\"https:\/\/media.radiolitoral.com\/wp-content\/uploads\/2024\/10\/29130645\/Entrenadoras-con-gimnasta-del-CG-Les-Marines.jpg 1024w, https:\/\/media.radiolitoral.com\/wp-content\/uploads\/2024\/10\/29130645\/Entrenadoras-con-gimnasta-del-CG-Les-Marines-300x188.jpg 300w, https:\/\/media.radiolitoral.com\/wp-content\/uploads\/2024\/10\/29130645\/Entrenadoras-con-gimnasta-del-CG-Les-Marines-768x482.jpg 768w, https:\/\/media.radiolitoral.com\/wp-content\/uploads\/2024\/10\/29130645\/Entrenadoras-con-gimnasta-del-CG-Les-Marines-18x12.jpg 18w, https:\/\/media.radiolitoral.com\/wp-content\/uploads\/2024\/10\/29130645\/Entrenadoras-con-gimnasta-del-CG-Les-Marines-1000x627.jpg 1000w, https:\/\/media.radiolitoral.com\/wp-content\/uploads\/2024\/10\/29130645\/Entrenadoras-con-gimnasta-del-CG-Les-Marines-100x63.jpg 100w, https:\/\/media.radiolitoral.com\/wp-content\/uploads\/2024\/10\/29130645\/Entrenadoras-con-gimnasta-del-CG-Les-Marines-200x125.jpg 200w\" sizes=\"auto, (max-width: 1024px) 100vw, 1024px\" \/><figcaption id=\"caption-attachment-12748\" class=\"wp-caption-text\">Katya Trukhacheva despr\u00e9s de la competici\u00f3 | CG Les Marines<\/figcaption><\/figure>\n<p>Com a fermall final\u00a0<strong><span class=\"hiddenSpellError\">Katya<\/span>\u00a0<span class=\"hiddenSpellError\">Trukhacheva<\/span><\/strong>, cedida al <strong>Club Riba Roja<\/strong> disputava la <strong>fase provincial del Campionat d&#039;Espanya de conjunts Absolut<\/strong>.\u00a0<span class=\"hiddenSpellError\">Katya<\/span>\u00a0i les seves companyes van destacar sobre la resta de contrincants i aconseguien al\u00e7ar-se amb el t\u00edtol de <strong>campions provincials<\/strong> a Primera Categoria.<\/p>\n<p>Des del club donen l&#039;enhorabona a t\u00e8cnics, directiva i gimnastes pels bons resultats en aquest provincial, aix\u00ed com agrader el suport a parells i patrocinadors.<\/p>","protected":false},"excerpt":{"rendered":"<p>Les gimnastes del Club\u00a0Gimnasia\u00a0Les Marines es van despla\u00e7ar fins a La Vila Joiosa dissabte passat per a disputar la fase Provincial de la Copa Base Individual. Quatre de les cinc representants del club van aconseguir les cobejades places per a l&#8217;auton\u00f2mic, destacant l&#8217;or de Daniela Avell\u00e0 en categoria alev\u00ed. Sanchia\u00a0Roberts va ser la primera a [&#8230;]<\/p>\n<p><a class=\"btn btn-secondary understrap-read-more-link\" href=\"https:\/\/radiolitoral.com\/ca\/2024\/10\/daniela-avella-del-cg-les-marines-es-proclama-campiona-provincial-en-copa-base\/\">Continua llegint&#8230;<span class=\"screen-reader-text\"> from Daniela Avell\u00e0 del CG Les Marines es proclama Campiona Provincial en Copa Base<\/span><\/a><\/p>\n","protected":false},"author":12,"featured_media":12747,"comment_status":"open","ping_status":"closed","sticky":false,"template":"","format":"standard","meta":{"_acf_changed":false,"inline_featured_image":false,"footnotes":""},"categories":[5],"tags":[877,992,880,6,1360,1323,993,1362],"class_list":["post-12746","post","type-post","status-publish","format-standard","has-post-thumbnail","hentry","category-deportes","tag-almudena-buigues","tag-club-gimnasia-les-marines","tag-daniela-avella","tag-deportes","tag-katya-devko","tag-katya-trukhacheva","tag-sanchia-roberts","tag-zaira-bessa","cobertura-calp"],"acf":[],"yoast_head":"<!-- This site is optimized with the Yoast SEO plugin v27.5 - https:\/\/yoast.com\/product\/yoast-seo-wordpress\/ -->\n<title>Daniela Avell\u00e0 del CG Les Marines es proclama Campiona Provincial en Copa Base | R\u00e0dio Litoral<\/title>\n<meta name=\"description\" content=\"Katya Trukhacheva s&#039;emporta l&#039;or en conjunts de Primera Categoria amb el Club Riba Roja Katya Trukhacheva s&#039;emporta l&#039;or en conjunts de Primera Categoria amb el Club Riba Roja\" \/>\n<meta name=\"robots\" content=\"index, follow, max-snippet:-1, max-image-preview:large, max-video-preview:-1\" \/>\n<link rel=\"canonical\" href=\"https:\/\/radiolitoral.com\/ca\/2024\/10\/daniela-avella-del-cg-les-marines-es-proclama-campiona-provincial-en-copa-base\/\" \/>\n<meta property=\"og:locale\" content=\"ca_ES\" \/>\n<meta property=\"og:type\" content=\"article\" \/>\n<meta property=\"og:title\" content=\"Daniela Avell\u00e0 del CG Les Marines es proclama Campiona Provincial en Copa Base | R\u00e0dio Litoral\" \/>\n<meta property=\"og:description\" content=\"Katya Trukhacheva s&#039;emporta l&#039;or en conjunts de Primera Categoria amb el Club Riba Roja Katya Trukhacheva s&#039;emporta l&#039;or en conjunts de Primera Categoria amb el Club Riba Roja\" \/>\n<meta property=\"og:url\" content=\"https:\/\/radiolitoral.com\/ca\/2024\/10\/daniela-avella-del-cg-les-marines-es-proclama-campiona-provincial-en-copa-base\/\" \/>\n<meta property=\"og:site_name\" content=\"R\u00e0dio Litoral\" \/>\n<meta property=\"article:publisher\" content=\"https:\/\/www.facebook.com\/Laradiolitoral\/\" \/>\n<meta property=\"article:published_time\" content=\"2024-10-30T09:08:25+00:00\" \/>\n<meta property=\"og:image\" content=\"https:\/\/media.radiolitoral.com\/wp-content\/uploads\/2024\/10\/29130622\/ALMUDENA-ZAIRA-KATYA-Y-DANIELA.jpg\" \/>\n\t<meta property=\"og:image:width\" content=\"1024\" \/>\n\t<meta property=\"og:image:height\" content=\"505\" \/>\n\t<meta property=\"og:image:type\" content=\"image\/jpeg\" \/>\n<meta name=\"author\" content=\"Javier Zamora\" \/>\n<meta name=\"twitter:card\" content=\"summary_large_image\" \/>\n<meta name=\"twitter:label1\" content=\"Escrit per\" \/>\n\t<meta name=\"twitter:data1\" content=\"Javier Zamora\" \/>\n\t<meta name=\"twitter:label2\" content=\"Temps estimat de lectura\" \/>\n\t<meta name=\"twitter:data2\" content=\"2 minuts\" \/>\n<script type=\"application\/ld+json\" class=\"yoast-schema-graph\">{\"@context\":\"https:\\\/\\\/schema.org\",\"@graph\":[{\"@type\":\"NewsArticle\",\"@id\":\"https:\\\/\\\/radiolitoral.com\\\/2024\\\/10\\\/daniela-avella-del-cg-les-marines-es-proclama-campiona-provincial-en-copa-base\\\/#article\",\"isPartOf\":{\"@id\":\"https:\\\/\\\/radiolitoral.com\\\/2024\\\/10\\\/daniela-avella-del-cg-les-marines-es-proclama-campiona-provincial-en-copa-base\\\/\"},\"author\":{\"name\":\"Javier Zamora\",\"@id\":\"https:\\\/\\\/radiolitoral.com\\\/#\\\/schema\\\/person\\\/7b1480b5caeb5acdd4ec6379caf62b22\"},\"headline\":\"Daniela Avell\u00e0 del CG Les Marines es proclama Campiona Provincial en Copa Base\",\"datePublished\":\"2024-10-30T09:08:25+00:00\",\"mainEntityOfPage\":{\"@id\":\"https:\\\/\\\/radiolitoral.com\\\/2024\\\/10\\\/daniela-avella-del-cg-les-marines-es-proclama-campiona-provincial-en-copa-base\\\/\"},\"wordCount\":287,\"commentCount\":0,\"publisher\":{\"@id\":\"https:\\\/\\\/radiolitoral.com\\\/#organization\"},\"image\":{\"@id\":\"https:\\\/\\\/radiolitoral.com\\\/2024\\\/10\\\/daniela-avella-del-cg-les-marines-es-proclama-campiona-provincial-en-copa-base\\\/#primaryimage\"},\"thumbnailUrl\":\"https:\\\/\\\/media.radiolitoral.com\\\/wp-content\\\/uploads\\\/2024\\\/10\\\/29130622\\\/ALMUDENA-ZAIRA-KATYA-Y-DANIELA.jpg\",\"keywords\":[\"Almudena Buigues\",\"Club Gimnasia Les Marines\",\"Daniela Avell\u00e1\",\"deportes\",\"Katya Devko\",\"Katya Trukhacheva\",\"Sanchia Roberts\",\"Zaira Bessa\"],\"articleSection\":[\"Deportes\"],\"inLanguage\":\"ca\",\"potentialAction\":[{\"@type\":\"CommentAction\",\"name\":\"Comment\",\"target\":[\"https:\\\/\\\/radiolitoral.com\\\/2024\\\/10\\\/daniela-avella-del-cg-les-marines-es-proclama-campiona-provincial-en-copa-base\\\/#respond\"]}]},{\"@type\":[\"WebPage\",\"ItemPage\"],\"@id\":\"https:\\\/\\\/radiolitoral.com\\\/2024\\\/10\\\/daniela-avella-del-cg-les-marines-es-proclama-campiona-provincial-en-copa-base\\\/\",\"url\":\"https:\\\/\\\/radiolitoral.com\\\/2024\\\/10\\\/daniela-avella-del-cg-les-marines-es-proclama-campiona-provincial-en-copa-base\\\/\",\"name\":\"Daniela Avell\u00e0 del CG Les Marines es proclama Campiona Provincial en Copa Base | R\u00e0dio Litoral\",\"isPartOf\":{\"@id\":\"https:\\\/\\\/radiolitoral.com\\\/#website\"},\"primaryImageOfPage\":{\"@id\":\"https:\\\/\\\/radiolitoral.com\\\/2024\\\/10\\\/daniela-avella-del-cg-les-marines-es-proclama-campiona-provincial-en-copa-base\\\/#primaryimage\"},\"image\":{\"@id\":\"https:\\\/\\\/radiolitoral.com\\\/2024\\\/10\\\/daniela-avella-del-cg-les-marines-es-proclama-campiona-provincial-en-copa-base\\\/#primaryimage\"},\"thumbnailUrl\":\"https:\\\/\\\/media.radiolitoral.com\\\/wp-content\\\/uploads\\\/2024\\\/10\\\/29130622\\\/ALMUDENA-ZAIRA-KATYA-Y-DANIELA.jpg\",\"datePublished\":\"2024-10-30T09:08:25+00:00\",\"description\":\"Katya Trukhacheva s'emporta l'or en conjunts de Primera Categoria amb el Club Riba Roja Katya Trukhacheva s'emporta l'or en conjunts de Primera Categoria amb el Club Riba Roja\",\"breadcrumb\":{\"@id\":\"https:\\\/\\\/radiolitoral.com\\\/2024\\\/10\\\/daniela-avella-del-cg-les-marines-es-proclama-campiona-provincial-en-copa-base\\\/#breadcrumb\"},\"inLanguage\":\"ca\",\"potentialAction\":[{\"@type\":\"ReadAction\",\"target\":[\"https:\\\/\\\/radiolitoral.com\\\/2024\\\/10\\\/daniela-avella-del-cg-les-marines-es-proclama-campiona-provincial-en-copa-base\\\/\"]}]},{\"@type\":\"ImageObject\",\"inLanguage\":\"ca\",\"@id\":\"https:\\\/\\\/radiolitoral.com\\\/2024\\\/10\\\/daniela-avella-del-cg-les-marines-es-proclama-campiona-provincial-en-copa-base\\\/#primaryimage\",\"url\":\"https:\\\/\\\/media.radiolitoral.com\\\/wp-content\\\/uploads\\\/2024\\\/10\\\/29130622\\\/ALMUDENA-ZAIRA-KATYA-Y-DANIELA.jpg\",\"contentUrl\":\"https:\\\/\\\/media.radiolitoral.com\\\/wp-content\\\/uploads\\\/2024\\\/10\\\/29130622\\\/ALMUDENA-ZAIRA-KATYA-Y-DANIELA.jpg\",\"width\":1024,\"height\":505},{\"@type\":\"BreadcrumbList\",\"@id\":\"https:\\\/\\\/radiolitoral.com\\\/2024\\\/10\\\/daniela-avella-del-cg-les-marines-es-proclama-campiona-provincial-en-copa-base\\\/#breadcrumb\",\"itemListElement\":[{\"@type\":\"ListItem\",\"position\":1,\"name\":\"Portada\",\"item\":\"https:\\\/\\\/radiolitoral.com\\\/\"},{\"@type\":\"ListItem\",\"position\":2,\"name\":\"Daniela Avell\u00e0 del CG Les Marines es proclama Campiona Provincial en Copa Base\"}]},{\"@type\":\"WebSite\",\"@id\":\"https:\\\/\\\/radiolitoral.com\\\/#website\",\"url\":\"https:\\\/\\\/radiolitoral.com\\\/\",\"name\":\"Radio Litoral\",\"description\":\"La radio local de la Marina Alta\",\"publisher\":{\"@id\":\"https:\\\/\\\/radiolitoral.com\\\/#organization\"},\"alternateName\":\"Litoral FM\",\"potentialAction\":[{\"@type\":\"SearchAction\",\"target\":{\"@type\":\"EntryPoint\",\"urlTemplate\":\"https:\\\/\\\/radiolitoral.com\\\/?s={search_term_string}\"},\"query-input\":{\"@type\":\"PropertyValueSpecification\",\"valueRequired\":true,\"valueName\":\"search_term_string\"}}],\"inLanguage\":\"ca\"},{\"@type\":\"Organization\",\"@id\":\"https:\\\/\\\/radiolitoral.com\\\/#organization\",\"name\":\"Radio Litoral\",\"url\":\"https:\\\/\\\/radiolitoral.com\\\/\",\"logo\":{\"@type\":\"ImageObject\",\"inLanguage\":\"ca\",\"@id\":\"https:\\\/\\\/radiolitoral.com\\\/#\\\/schema\\\/logo\\\/image\\\/\",\"url\":\"https:\\\/\\\/media.radiolitoral.com\\\/wp-content\\\/uploads\\\/2023\\\/02\\\/24143238\\\/CL-V-RadioLitoral696.png\",\"contentUrl\":\"https:\\\/\\\/media.radiolitoral.com\\\/wp-content\\\/uploads\\\/2023\\\/02\\\/24143238\\\/CL-V-RadioLitoral696.png\",\"width\":696,\"height\":696,\"caption\":\"Radio Litoral\"},\"image\":{\"@id\":\"https:\\\/\\\/radiolitoral.com\\\/#\\\/schema\\\/logo\\\/image\\\/\"},\"sameAs\":[\"https:\\\/\\\/www.facebook.com\\\/Laradiolitoral\\\/\"]},{\"@type\":\"Person\",\"@id\":\"https:\\\/\\\/radiolitoral.com\\\/#\\\/schema\\\/person\\\/7b1480b5caeb5acdd4ec6379caf62b22\",\"name\":\"Javier Zamora\",\"image\":{\"@type\":\"ImageObject\",\"inLanguage\":\"ca\",\"@id\":\"https:\\\/\\\/secure.gravatar.com\\\/avatar\\\/467a11f6918c7d619c4043fc6fa2d3853053107973f05b6e9c04ea6c4e3a7b3f?s=96&d=mm&r=g\",\"url\":\"https:\\\/\\\/secure.gravatar.com\\\/avatar\\\/467a11f6918c7d619c4043fc6fa2d3853053107973f05b6e9c04ea6c4e3a7b3f?s=96&d=mm&r=g\",\"contentUrl\":\"https:\\\/\\\/secure.gravatar.com\\\/avatar\\\/467a11f6918c7d619c4043fc6fa2d3853053107973f05b6e9c04ea6c4e3a7b3f?s=96&d=mm&r=g\",\"caption\":\"Javier Zamora\"},\"url\":\"https:\\\/\\\/radiolitoral.com\\\/ca\\\/author\\\/javier-zamora\\\/\"}]}<\/script>\n<!-- \/ Yoast SEO plugin. -->","yoast_head_json":{"title":"Daniela Avell\u00e0 del CG Les Marines \u00e9s proclama Campiona Provincial a Copa Base | R\u00e0dio Litoral","description":"Katya Trukhacheva s&#039;emporta l&#039;or en conjunts de Primera Categoria amb el Club Beira Roja Katya Trukhacheva s&#039;emporta l&#039;or en conjunts de Primera Categoria amb el Club Beira Roja","robots":{"index":"index","follow":"follow","max-snippet":"max-snippet:-1","max-image-preview":"max-image-preview:large","max-video-preview":"max-video-preview:-1"},"canonical":"https:\/\/radiolitoral.com\/ca\/2024\/10\/daniela-avella-del-cg-les-marines-es-proclama-campiona-provincial-en-copa-base\/","og_locale":"ca_ES","og_type":"article","og_title":"Daniela Avell\u00e0 del CG Les Marines es proclama Campiona Provincial en Copa Base | R\u00e0dio Litoral","og_description":"Katya Trukhacheva s'emporta l'or en conjunts de Primera Categoria amb el Club Riba Roja Katya Trukhacheva s'emporta l'or en conjunts de Primera Categoria amb el Club Riba Roja","og_url":"https:\/\/radiolitoral.com\/ca\/2024\/10\/daniela-avella-del-cg-les-marines-es-proclama-campiona-provincial-en-copa-base\/","og_site_name":"R\u00e0dio Litoral","article_publisher":"https:\/\/www.facebook.com\/Laradiolitoral\/","article_published_time":"2024-10-30T09:08:25+00:00","og_image":[{"width":1024,"height":505,"url":"https:\/\/media.radiolitoral.com\/wp-content\/uploads\/2024\/10\/29130622\/ALMUDENA-ZAIRA-KATYA-Y-DANIELA.jpg","type":"image\/jpeg"}],"author":"Javier Zamora","twitter_card":"summary_large_image","twitter_misc":{"Escrit per":"Javier Zamora","Temps estimat de lectura":"2 minuts"},"schema":{"@context":"https:\/\/schema.org","@graph":[{"@type":"NewsArticle","@id":"https:\/\/radiolitoral.com\/2024\/10\/daniela-avella-del-cg-les-marines-es-proclama-campiona-provincial-en-copa-base\/#article","isPartOf":{"@id":"https:\/\/radiolitoral.com\/2024\/10\/daniela-avella-del-cg-les-marines-es-proclama-campiona-provincial-en-copa-base\/"},"author":{"name":"Javier Zamora","@id":"https:\/\/radiolitoral.com\/#\/schema\/person\/7b1480b5caeb5acdd4ec6379caf62b22"},"headline":"Daniela Avell\u00e0 del CG Les Marines es proclama Campiona Provincial en Copa Base","datePublished":"2024-10-30T09:08:25+00:00","mainEntityOfPage":{"@id":"https:\/\/radiolitoral.com\/2024\/10\/daniela-avella-del-cg-les-marines-es-proclama-campiona-provincial-en-copa-base\/"},"wordCount":287,"commentCount":0,"publisher":{"@id":"https:\/\/radiolitoral.com\/#organization"},"image":{"@id":"https:\/\/radiolitoral.com\/2024\/10\/daniela-avella-del-cg-les-marines-es-proclama-campiona-provincial-en-copa-base\/#primaryimage"},"thumbnailUrl":"https:\/\/media.radiolitoral.com\/wp-content\/uploads\/2024\/10\/29130622\/ALMUDENA-ZAIRA-KATYA-Y-DANIELA.jpg","keywords":["Almudena Buigues","Club Gimnasia Les Marines","Daniela Avell\u00e1","deportes","Katya Devko","Katya Trukhacheva","Sanchia Roberts","Zaira Bessa"],"articleSection":["Deportes"],"inLanguage":"ca","potentialAction":[{"@type":"CommentAction","name":"Comment","target":["https:\/\/radiolitoral.com\/2024\/10\/daniela-avella-del-cg-les-marines-es-proclama-campiona-provincial-en-copa-base\/#respond"]}]},{"@type":["WebPage","ItemPage"],"@id":"https:\/\/radiolitoral.com\/2024\/10\/daniela-avella-del-cg-les-marines-es-proclama-campiona-provincial-en-copa-base\/","url":"https:\/\/radiolitoral.com\/2024\/10\/daniela-avella-del-cg-les-marines-es-proclama-campiona-provincial-en-copa-base\/","name":"Daniela Avell\u00e0 del CG Les Marines \u00e9s proclama Campiona Provincial a Copa Base | R\u00e0dio Litoral","isPartOf":{"@id":"https:\/\/radiolitoral.com\/#website"},"primaryImageOfPage":{"@id":"https:\/\/radiolitoral.com\/2024\/10\/daniela-avella-del-cg-les-marines-es-proclama-campiona-provincial-en-copa-base\/#primaryimage"},"image":{"@id":"https:\/\/radiolitoral.com\/2024\/10\/daniela-avella-del-cg-les-marines-es-proclama-campiona-provincial-en-copa-base\/#primaryimage"},"thumbnailUrl":"https:\/\/media.radiolitoral.com\/wp-content\/uploads\/2024\/10\/29130622\/ALMUDENA-ZAIRA-KATYA-Y-DANIELA.jpg","datePublished":"2024-10-30T09:08:25+00:00","description":"Katya Trukhacheva s&#039;emporta l&#039;or en conjunts de Primera Categoria amb el Club Beira Roja Katya Trukhacheva s&#039;emporta l&#039;or en conjunts de Primera Categoria amb el Club Beira Roja","breadcrumb":{"@id":"https:\/\/radiolitoral.com\/2024\/10\/daniela-avella-del-cg-les-marines-es-proclama-campiona-provincial-en-copa-base\/#breadcrumb"},"inLanguage":"ca","potentialAction":[{"@type":"ReadAction","target":["https:\/\/radiolitoral.com\/2024\/10\/daniela-avella-del-cg-les-marines-es-proclama-campiona-provincial-en-copa-base\/"]}]},{"@type":"ImageObject","inLanguage":"ca","@id":"https:\/\/radiolitoral.com\/2024\/10\/daniela-avella-del-cg-les-marines-es-proclama-campiona-provincial-en-copa-base\/#primaryimage","url":"https:\/\/media.radiolitoral.com\/wp-content\/uploads\/2024\/10\/29130622\/ALMUDENA-ZAIRA-KATYA-Y-DANIELA.jpg","contentUrl":"https:\/\/media.radiolitoral.com\/wp-content\/uploads\/2024\/10\/29130622\/ALMUDENA-ZAIRA-KATYA-Y-DANIELA.jpg","width":1024,"height":505},{"@type":"BreadcrumbList","@id":"https:\/\/radiolitoral.com\/2024\/10\/daniela-avella-del-cg-les-marines-es-proclama-campiona-provincial-en-copa-base\/#breadcrumb","itemListElement":[{"@type":"ListItem","position":1,"name":"Portada","item":"https:\/\/radiolitoral.com\/"},{"@type":"ListItem","position":2,"name":"Daniela Avell\u00e0 del CG Les Marines es proclama Campiona Provincial en Copa Base"}]},{"@type":"WebSite","@id":"https:\/\/radiolitoral.com\/#website","url":"https:\/\/radiolitoral.com\/","name":"R\u00e0dio Litoral","description":"La r\u00e0dio local de la Marina Alta","publisher":{"@id":"https:\/\/radiolitoral.com\/#organization"},"alternateName":"Litoral FM","potentialAction":[{"@type":"SearchAction","target":{"@type":"EntryPoint","urlTemplate":"https:\/\/radiolitoral.com\/?s={search_term_string}"},"query-input":{"@type":"PropertyValueSpecification","valueRequired":true,"valueName":"search_term_string"}}],"inLanguage":"ca"},{"@type":"Organization","@id":"https:\/\/radiolitoral.com\/#organization","name":"R\u00e0dio Litoral","url":"https:\/\/radiolitoral.com\/","logo":{"@type":"ImageObject","inLanguage":"ca","@id":"https:\/\/radiolitoral.com\/#\/schema\/logo\/image\/","url":"https:\/\/media.radiolitoral.com\/wp-content\/uploads\/2023\/02\/24143238\/CL-V-RadioLitoral696.png","contentUrl":"https:\/\/media.radiolitoral.com\/wp-content\/uploads\/2023\/02\/24143238\/CL-V-RadioLitoral696.png","width":696,"height":696,"caption":"Radio Litoral"},"image":{"@id":"https:\/\/radiolitoral.com\/#\/schema\/logo\/image\/"},"sameAs":["https:\/\/www.facebook.com\/Laradiolitoral\/"]},{"@type":"Person","@id":"https:\/\/radiolitoral.com\/#\/schema\/person\/7b1480b5caeb5acdd4ec6379caf62b22","name":"Javier Zamora","image":{"@type":"ImageObject","inLanguage":"ca","@id":"https:\/\/secure.gravatar.com\/avatar\/467a11f6918c7d619c4043fc6fa2d3853053107973f05b6e9c04ea6c4e3a7b3f?s=96&d=mm&r=g","url":"https:\/\/secure.gravatar.com\/avatar\/467a11f6918c7d619c4043fc6fa2d3853053107973f05b6e9c04ea6c4e3a7b3f?s=96&d=mm&r=g","contentUrl":"https:\/\/secure.gravatar.com\/avatar\/467a11f6918c7d619c4043fc6fa2d3853053107973f05b6e9c04ea6c4e3a7b3f?s=96&d=mm&r=g","caption":"Javier Zamora"},"url":"https:\/\/radiolitoral.com\/ca\/author\/javier-zamora\/"}]}},"_links":{"self":[{"href":"https:\/\/radiolitoral.com\/ca\/wp-json\/wp\/v2\/posts\/12746","targetHints":{"allow":["GET"]}}],"collection":[{"href":"https:\/\/radiolitoral.com\/ca\/wp-json\/wp\/v2\/posts"}],"about":[{"href":"https:\/\/radiolitoral.com\/ca\/wp-json\/wp\/v2\/types\/post"}],"author":[{"embeddable":true,"href":"https:\/\/radiolitoral.com\/ca\/wp-json\/wp\/v2\/users\/12"}],"replies":[{"embeddable":true,"href":"https:\/\/radiolitoral.com\/ca\/wp-json\/wp\/v2\/comments?post=12746"}],"version-history":[{"count":2,"href":"https:\/\/radiolitoral.com\/ca\/wp-json\/wp\/v2\/posts\/12746\/revisions"}],"predecessor-version":[{"id":12750,"href":"https:\/\/radiolitoral.com\/ca\/wp-json\/wp\/v2\/posts\/12746\/revisions\/12750"}],"wp:featuredmedia":[{"embeddable":true,"href":"https:\/\/radiolitoral.com\/ca\/wp-json\/wp\/v2\/media\/12747"}],"wp:attachment":[{"href":"https:\/\/radiolitoral.com\/ca\/wp-json\/wp\/v2\/media?parent=12746"}],"wp:term":[{"taxonomy":"category","embeddable":true,"href":"https:\/\/radiolitoral.com\/ca\/wp-json\/wp\/v2\/categories?post=12746"},{"taxonomy":"post_tag","embeddable":true,"href":"https:\/\/radiolitoral.com\/ca\/wp-json\/wp\/v2\/tags?post=12746"}],"curies":[{"name":"wp","href":"https:\/\/api.w.org\/{rel}","templated":true}]}}