{"id":12729,"date":"2024-10-29T10:59:54","date_gmt":"2024-10-29T09:59:54","guid":{"rendered":"https:\/\/radiolitoral.com\/?p=12729"},"modified":"2024-10-29T10:59:54","modified_gmt":"2024-10-29T09:59:54","slug":"el-cb-calp-va-caure-a-la-pista-del-lider-cb-alginet-94-86","status":"publish","type":"post","link":"https:\/\/radiolitoral.com\/ca\/2024\/10\/el-cb-calpe-va-caure-en-la-pista-del-lider-cb-alginet-94-86\/","title":{"rendered":"El CB Calp va caure a la pista del l\u00edder CB Alginet (94-86)"},"content":{"rendered":"<p data-pm-slice=\"1 1 []\">El<strong> CB Ifach Calp<\/strong> va sumar la seva segona derrota a la lliga com a visitant en perdre a la pista del <strong>CB Alginet<\/strong> per <strong>94 a 86<\/strong>. Els calpins tindran un bon inici de partit davant un rival que no va trobar la manera de parar el seu joc d&#039;atac. Amb el pas dels minuts, el joc es va igualar i tots dos equips es van preocupar m\u00e9s d&#039;atacar que de defensar el seu c\u00e0nter.<\/p>\n<p>El CB Ifach Calpe va intentar revertir l&#039;avantatge local, per\u00f2 al final els locals van saber jugar amb cap a cada atac, evitant la reacci\u00f3 dels visitants. El conjunt dirigit per <strong>Kike Valle<\/strong> ja prepara el proper comprom\u00eds, que ser\u00e0 a casa el diumenge a les 18 hores, davant el <strong>CB Benidorm<\/strong>.<\/p>\n<h2>Vict\u00f2ries per als equips del planter<\/h2>\n<p>Els equips del planter del CB Ifach Calp tindran una bona jornada, aconseguint importants triomfs.<\/p>\n<p>L&#039;equip <strong>infantil Verd<\/strong> va fer els deures en atac i va aconseguir una important vict\u00f2ria a la pista del <strong>SCD Carolines<\/strong> per <strong>54 a 57<\/strong>. Els calpins estaran b\u00e9 en atac, per\u00f2 en defensa tindran algunes desconnexions puntuals que hauran de millorar als propers partits. El partit va arribar a la pr\u00f2rroga, on els calpins van ser superiors i amb una canasta en els \u00faltims segons van aconseguir el triomf.<\/p>\n<figure id=\"attachment_12731\" aria-describedby=\"caption-attachment-12731\" style=\"width: 1024px\" class=\"wp-caption alignnone\"><img loading=\"lazy\" decoding=\"async\" class=\"wp-image-12731 size-full\" src=\"https:\/\/media.radiolitoral.com\/wp-content\/uploads\/2024\/10\/29105832\/CB-Ifach-Calpe-Benjamin.jpg\" alt=\"\" width=\"1024\" height=\"682\" srcset=\"https:\/\/media.radiolitoral.com\/wp-content\/uploads\/2024\/10\/29105832\/CB-Ifach-Calpe-Benjamin.jpg 1024w, https:\/\/media.radiolitoral.com\/wp-content\/uploads\/2024\/10\/29105832\/CB-Ifach-Calpe-Benjamin-300x200.jpg 300w, https:\/\/media.radiolitoral.com\/wp-content\/uploads\/2024\/10\/29105832\/CB-Ifach-Calpe-Benjamin-768x512.jpg 768w, https:\/\/media.radiolitoral.com\/wp-content\/uploads\/2024\/10\/29105832\/CB-Ifach-Calpe-Benjamin-18x12.jpg 18w, https:\/\/media.radiolitoral.com\/wp-content\/uploads\/2024\/10\/29105832\/CB-Ifach-Calpe-Benjamin-1000x666.jpg 1000w, https:\/\/media.radiolitoral.com\/wp-content\/uploads\/2024\/10\/29105832\/CB-Ifach-Calpe-Benjamin-100x67.jpg 100w, https:\/\/media.radiolitoral.com\/wp-content\/uploads\/2024\/10\/29105832\/CB-Ifach-Calpe-Benjamin-200x133.jpg 200w\" sizes=\"auto, (max-width: 1024px) 100vw, 1024px\" \/><figcaption id=\"caption-attachment-12731\" class=\"wp-caption-text\">Equip Benjam\u00ed del CB Ifach Calp | CB Ifach Calp<\/figcaption><\/figure>\n<div class=\"mceTemp\"><\/div>\n<p>La formaci\u00f3 <strong>alev<\/strong>\u00ed del CB Ifach Calpe v\u00e8ncer el seu duel comarcal davant el <strong>CB Joventut X\u00e0bia<\/strong> per <strong>30 a 71<\/strong>. Els calpins tindran un bon debut a la competici\u00f3, amb un joc molt bo que va ser clau per tancar el marcador al quint quart. Durant el partit van aconseguir bons contraatacs, van buscar la millor opci\u00f3 i van competir amb gran intensitat defensiva. A m\u00e9s, van ser capa\u00e7os d&#039;entendre que jugant en equip tot \u00e9s molt millor i m\u00e9s fluid.<\/p>\n<p>Els <strong>benjamins calpins<\/strong>, en el seu primer partit de la temporada, haurien de remontar per acabar guanyant per <strong>44 a 43<\/strong> al <strong>CB La Vila<\/strong>, un rival que, malgrat posar tot el seu esfor\u00e7, va acabar perdent.<\/p>","protected":false},"excerpt":{"rendered":"<p>El CB Ifach Calpe va sumar la seua segona derrota en la lliga com a visitant al perdre en la pista del CB Alginet per 94 a 86. Els calpins van tindre un bon inici de partit davant un rival que no va trobar la manera de parar el seu joc d&#8217;atac. Amb el pas [&#8230;]<\/p>\n<p><a class=\"btn btn-secondary understrap-read-more-link\" href=\"https:\/\/radiolitoral.com\/ca\/2024\/10\/el-cb-calpe-va-caure-en-la-pista-del-lider-cb-alginet-94-86\/\">Continua llegint&#8230;<span class=\"screen-reader-text\"> from El CB Calpe va caure en la pista del l\u00edder CB Alginet (94-86)<\/span><\/a><\/p>\n","protected":false},"author":12,"featured_media":12733,"comment_status":"open","ping_status":"closed","sticky":false,"template":"","format":"standard","meta":{"_acf_changed":false,"inline_featured_image":false,"footnotes":""},"categories":[5],"tags":[1384,1796,952,6,2406],"class_list":["post-12729","post","type-post","status-publish","format-standard","has-post-thumbnail","hentry","category-deportes","tag-cb-alginet","tag-cb-benidorm","tag-cb-ifach-calpe","tag-deportes","tag-kike-valle","cobertura-calp"],"acf":[],"yoast_head":"<!-- This site is optimized with the Yoast SEO plugin v27.5 - https:\/\/yoast.com\/product\/yoast-seo-wordpress\/ -->\n<title>El CB Calpe va caure en la pista del l\u00edder CB Alginet (94-86) | R\u00e0dio Litoral<\/title>\n<meta name=\"description\" content=\"El partit va estar anivellat fins a la recta final del mateix on els locals es van mostrar m\u00e9s precisos en atac\" \/>\n<meta name=\"robots\" content=\"index, follow, max-snippet:-1, max-image-preview:large, max-video-preview:-1\" \/>\n<link rel=\"canonical\" href=\"https:\/\/radiolitoral.com\/ca\/2024\/10\/el-cb-calp-va-caure-a-la-pista-del-lider-cb-alginet-94-86\/\" \/>\n<meta property=\"og:locale\" content=\"ca_ES\" \/>\n<meta property=\"og:type\" content=\"article\" \/>\n<meta property=\"og:title\" content=\"El CB Calpe va caure en la pista del l\u00edder CB Alginet (94-86) | R\u00e0dio Litoral\" \/>\n<meta property=\"og:description\" content=\"El partit va estar anivellat fins a la recta final del mateix on els locals es van mostrar m\u00e9s precisos en atac\" \/>\n<meta property=\"og:url\" content=\"https:\/\/radiolitoral.com\/ca\/2024\/10\/el-cb-calp-va-caure-a-la-pista-del-lider-cb-alginet-94-86\/\" \/>\n<meta property=\"og:site_name\" content=\"R\u00e0dio Litoral\" \/>\n<meta property=\"article:publisher\" content=\"https:\/\/www.facebook.com\/Laradiolitoral\/\" \/>\n<meta property=\"article:published_time\" content=\"2024-10-29T09:59:54+00:00\" \/>\n<meta property=\"og:image\" content=\"https:\/\/media.radiolitoral.com\/wp-content\/uploads\/2024\/10\/29105942\/CB-Ifach-Calpe-senior-Masculino.jpg\" \/>\n\t<meta property=\"og:image:width\" content=\"1024\" \/>\n\t<meta property=\"og:image:height\" content=\"683\" \/>\n\t<meta property=\"og:image:type\" content=\"image\/jpeg\" \/>\n<meta name=\"author\" content=\"Javier Zamora\" \/>\n<meta name=\"twitter:card\" content=\"summary_large_image\" \/>\n<meta name=\"twitter:label1\" content=\"Escrit per\" \/>\n\t<meta name=\"twitter:data1\" content=\"Javier Zamora\" \/>\n\t<meta name=\"twitter:label2\" content=\"Temps estimat de lectura\" \/>\n\t<meta name=\"twitter:data2\" content=\"3 minuts\" \/>\n<script type=\"application\/ld+json\" class=\"yoast-schema-graph\">{\"@context\":\"https:\\\/\\\/schema.org\",\"@graph\":[{\"@type\":\"NewsArticle\",\"@id\":\"https:\\\/\\\/radiolitoral.com\\\/2024\\\/10\\\/el-cb-calpe-va-caure-en-la-pista-del-lider-cb-alginet-94-86\\\/#article\",\"isPartOf\":{\"@id\":\"https:\\\/\\\/radiolitoral.com\\\/2024\\\/10\\\/el-cb-calpe-va-caure-en-la-pista-del-lider-cb-alginet-94-86\\\/\"},\"author\":{\"name\":\"Javier Zamora\",\"@id\":\"https:\\\/\\\/radiolitoral.com\\\/#\\\/schema\\\/person\\\/7b1480b5caeb5acdd4ec6379caf62b22\"},\"headline\":\"El CB Calpe va caure en la pista del l\u00edder CB Alginet (94-86)\",\"datePublished\":\"2024-10-29T09:59:54+00:00\",\"mainEntityOfPage\":{\"@id\":\"https:\\\/\\\/radiolitoral.com\\\/2024\\\/10\\\/el-cb-calpe-va-caure-en-la-pista-del-lider-cb-alginet-94-86\\\/\"},\"wordCount\":389,\"commentCount\":0,\"publisher\":{\"@id\":\"https:\\\/\\\/radiolitoral.com\\\/#organization\"},\"image\":{\"@id\":\"https:\\\/\\\/radiolitoral.com\\\/2024\\\/10\\\/el-cb-calpe-va-caure-en-la-pista-del-lider-cb-alginet-94-86\\\/#primaryimage\"},\"thumbnailUrl\":\"https:\\\/\\\/media.radiolitoral.com\\\/wp-content\\\/uploads\\\/2024\\\/10\\\/29105942\\\/CB-Ifach-Calpe-senior-Masculino.jpg\",\"keywords\":[\"CB Alginet\",\"CB\u00a0Benidorm\",\"CB Ifach Calpe\",\"deportes\",\"Kike\u00a0Valle\"],\"articleSection\":[\"Deportes\"],\"inLanguage\":\"ca\",\"potentialAction\":[{\"@type\":\"CommentAction\",\"name\":\"Comment\",\"target\":[\"https:\\\/\\\/radiolitoral.com\\\/2024\\\/10\\\/el-cb-calpe-va-caure-en-la-pista-del-lider-cb-alginet-94-86\\\/#respond\"]}]},{\"@type\":[\"WebPage\",\"ItemPage\"],\"@id\":\"https:\\\/\\\/radiolitoral.com\\\/2024\\\/10\\\/el-cb-calpe-va-caure-en-la-pista-del-lider-cb-alginet-94-86\\\/\",\"url\":\"https:\\\/\\\/radiolitoral.com\\\/2024\\\/10\\\/el-cb-calpe-va-caure-en-la-pista-del-lider-cb-alginet-94-86\\\/\",\"name\":\"El CB Calpe va caure en la pista del l\u00edder CB Alginet (94-86) | R\u00e0dio Litoral\",\"isPartOf\":{\"@id\":\"https:\\\/\\\/radiolitoral.com\\\/#website\"},\"primaryImageOfPage\":{\"@id\":\"https:\\\/\\\/radiolitoral.com\\\/2024\\\/10\\\/el-cb-calpe-va-caure-en-la-pista-del-lider-cb-alginet-94-86\\\/#primaryimage\"},\"image\":{\"@id\":\"https:\\\/\\\/radiolitoral.com\\\/2024\\\/10\\\/el-cb-calpe-va-caure-en-la-pista-del-lider-cb-alginet-94-86\\\/#primaryimage\"},\"thumbnailUrl\":\"https:\\\/\\\/media.radiolitoral.com\\\/wp-content\\\/uploads\\\/2024\\\/10\\\/29105942\\\/CB-Ifach-Calpe-senior-Masculino.jpg\",\"datePublished\":\"2024-10-29T09:59:54+00:00\",\"description\":\"El partit va estar anivellat fins a la recta final del mateix on els locals es van mostrar m\u00e9s precisos en atac\",\"breadcrumb\":{\"@id\":\"https:\\\/\\\/radiolitoral.com\\\/2024\\\/10\\\/el-cb-calpe-va-caure-en-la-pista-del-lider-cb-alginet-94-86\\\/#breadcrumb\"},\"inLanguage\":\"ca\",\"potentialAction\":[{\"@type\":\"ReadAction\",\"target\":[\"https:\\\/\\\/radiolitoral.com\\\/2024\\\/10\\\/el-cb-calpe-va-caure-en-la-pista-del-lider-cb-alginet-94-86\\\/\"]}]},{\"@type\":\"ImageObject\",\"inLanguage\":\"ca\",\"@id\":\"https:\\\/\\\/radiolitoral.com\\\/2024\\\/10\\\/el-cb-calpe-va-caure-en-la-pista-del-lider-cb-alginet-94-86\\\/#primaryimage\",\"url\":\"https:\\\/\\\/media.radiolitoral.com\\\/wp-content\\\/uploads\\\/2024\\\/10\\\/29105942\\\/CB-Ifach-Calpe-senior-Masculino.jpg\",\"contentUrl\":\"https:\\\/\\\/media.radiolitoral.com\\\/wp-content\\\/uploads\\\/2024\\\/10\\\/29105942\\\/CB-Ifach-Calpe-senior-Masculino.jpg\",\"width\":1024,\"height\":683},{\"@type\":\"BreadcrumbList\",\"@id\":\"https:\\\/\\\/radiolitoral.com\\\/2024\\\/10\\\/el-cb-calpe-va-caure-en-la-pista-del-lider-cb-alginet-94-86\\\/#breadcrumb\",\"itemListElement\":[{\"@type\":\"ListItem\",\"position\":1,\"name\":\"Portada\",\"item\":\"https:\\\/\\\/radiolitoral.com\\\/\"},{\"@type\":\"ListItem\",\"position\":2,\"name\":\"El CB Calpe va caure en la pista del l\u00edder CB Alginet (94-86)\"}]},{\"@type\":\"WebSite\",\"@id\":\"https:\\\/\\\/radiolitoral.com\\\/#website\",\"url\":\"https:\\\/\\\/radiolitoral.com\\\/\",\"name\":\"Radio Litoral\",\"description\":\"La radio local de la Marina Alta\",\"publisher\":{\"@id\":\"https:\\\/\\\/radiolitoral.com\\\/#organization\"},\"alternateName\":\"Litoral FM\",\"potentialAction\":[{\"@type\":\"SearchAction\",\"target\":{\"@type\":\"EntryPoint\",\"urlTemplate\":\"https:\\\/\\\/radiolitoral.com\\\/?s={search_term_string}\"},\"query-input\":{\"@type\":\"PropertyValueSpecification\",\"valueRequired\":true,\"valueName\":\"search_term_string\"}}],\"inLanguage\":\"ca\"},{\"@type\":\"Organization\",\"@id\":\"https:\\\/\\\/radiolitoral.com\\\/#organization\",\"name\":\"Radio Litoral\",\"url\":\"https:\\\/\\\/radiolitoral.com\\\/\",\"logo\":{\"@type\":\"ImageObject\",\"inLanguage\":\"ca\",\"@id\":\"https:\\\/\\\/radiolitoral.com\\\/#\\\/schema\\\/logo\\\/image\\\/\",\"url\":\"https:\\\/\\\/media.radiolitoral.com\\\/wp-content\\\/uploads\\\/2023\\\/02\\\/24143238\\\/CL-V-RadioLitoral696.png\",\"contentUrl\":\"https:\\\/\\\/media.radiolitoral.com\\\/wp-content\\\/uploads\\\/2023\\\/02\\\/24143238\\\/CL-V-RadioLitoral696.png\",\"width\":696,\"height\":696,\"caption\":\"Radio Litoral\"},\"image\":{\"@id\":\"https:\\\/\\\/radiolitoral.com\\\/#\\\/schema\\\/logo\\\/image\\\/\"},\"sameAs\":[\"https:\\\/\\\/www.facebook.com\\\/Laradiolitoral\\\/\"]},{\"@type\":\"Person\",\"@id\":\"https:\\\/\\\/radiolitoral.com\\\/#\\\/schema\\\/person\\\/7b1480b5caeb5acdd4ec6379caf62b22\",\"name\":\"Javier Zamora\",\"image\":{\"@type\":\"ImageObject\",\"inLanguage\":\"ca\",\"@id\":\"https:\\\/\\\/secure.gravatar.com\\\/avatar\\\/467a11f6918c7d619c4043fc6fa2d3853053107973f05b6e9c04ea6c4e3a7b3f?s=96&d=mm&r=g\",\"url\":\"https:\\\/\\\/secure.gravatar.com\\\/avatar\\\/467a11f6918c7d619c4043fc6fa2d3853053107973f05b6e9c04ea6c4e3a7b3f?s=96&d=mm&r=g\",\"contentUrl\":\"https:\\\/\\\/secure.gravatar.com\\\/avatar\\\/467a11f6918c7d619c4043fc6fa2d3853053107973f05b6e9c04ea6c4e3a7b3f?s=96&d=mm&r=g\",\"caption\":\"Javier Zamora\"},\"url\":\"https:\\\/\\\/radiolitoral.com\\\/ca\\\/author\\\/javier-zamora\\\/\"}]}<\/script>\n<!-- \/ Yoast SEO plugin. -->","yoast_head_json":{"title":"El CB Calp va caure a la pista del l\u00edder CB Alginet (94-86) | R\u00e0dio Litoral","description":"El partit va estar anivellat fins a la recta final del mateix on els locals es van mostrar m\u00e9s precisos en atac","robots":{"index":"index","follow":"follow","max-snippet":"max-snippet:-1","max-image-preview":"max-image-preview:large","max-video-preview":"max-video-preview:-1"},"canonical":"https:\/\/radiolitoral.com\/ca\/2024\/10\/el-cb-calp-va-caure-a-la-pista-del-lider-cb-alginet-94-86\/","og_locale":"ca_ES","og_type":"article","og_title":"El CB Calpe va caure en la pista del l\u00edder CB Alginet (94-86) | R\u00e0dio Litoral","og_description":"El partit va estar anivellat fins a la recta final del mateix on els locals es van mostrar m\u00e9s precisos en atac","og_url":"https:\/\/radiolitoral.com\/ca\/2024\/10\/el-cb-calp-va-caure-a-la-pista-del-lider-cb-alginet-94-86\/","og_site_name":"R\u00e0dio Litoral","article_publisher":"https:\/\/www.facebook.com\/Laradiolitoral\/","article_published_time":"2024-10-29T09:59:54+00:00","og_image":[{"width":1024,"height":683,"url":"https:\/\/media.radiolitoral.com\/wp-content\/uploads\/2024\/10\/29105942\/CB-Ifach-Calpe-senior-Masculino.jpg","type":"image\/jpeg"}],"author":"Javier Zamora","twitter_card":"summary_large_image","twitter_misc":{"Escrit per":"Javier Zamora","Temps estimat de lectura":"3 minuts"},"schema":{"@context":"https:\/\/schema.org","@graph":[{"@type":"NewsArticle","@id":"https:\/\/radiolitoral.com\/2024\/10\/el-cb-calpe-va-caure-en-la-pista-del-lider-cb-alginet-94-86\/#article","isPartOf":{"@id":"https:\/\/radiolitoral.com\/2024\/10\/el-cb-calpe-va-caure-en-la-pista-del-lider-cb-alginet-94-86\/"},"author":{"name":"Javier Zamora","@id":"https:\/\/radiolitoral.com\/#\/schema\/person\/7b1480b5caeb5acdd4ec6379caf62b22"},"headline":"El CB Calpe va caure en la pista del l\u00edder CB Alginet (94-86)","datePublished":"2024-10-29T09:59:54+00:00","mainEntityOfPage":{"@id":"https:\/\/radiolitoral.com\/2024\/10\/el-cb-calpe-va-caure-en-la-pista-del-lider-cb-alginet-94-86\/"},"wordCount":389,"commentCount":0,"publisher":{"@id":"https:\/\/radiolitoral.com\/#organization"},"image":{"@id":"https:\/\/radiolitoral.com\/2024\/10\/el-cb-calpe-va-caure-en-la-pista-del-lider-cb-alginet-94-86\/#primaryimage"},"thumbnailUrl":"https:\/\/media.radiolitoral.com\/wp-content\/uploads\/2024\/10\/29105942\/CB-Ifach-Calpe-senior-Masculino.jpg","keywords":["CB Alginet","CB\u00a0Benidorm","CB Ifach Calpe","deportes","Kike\u00a0Valle"],"articleSection":["Deportes"],"inLanguage":"ca","potentialAction":[{"@type":"CommentAction","name":"Comment","target":["https:\/\/radiolitoral.com\/2024\/10\/el-cb-calpe-va-caure-en-la-pista-del-lider-cb-alginet-94-86\/#respond"]}]},{"@type":["WebPage","ItemPage"],"@id":"https:\/\/radiolitoral.com\/2024\/10\/el-cb-calpe-va-caure-en-la-pista-del-lider-cb-alginet-94-86\/","url":"https:\/\/radiolitoral.com\/2024\/10\/el-cb-calpe-va-caure-en-la-pista-del-lider-cb-alginet-94-86\/","name":"El CB Calp va caure a la pista del l\u00edder CB Alginet (94-86) | R\u00e0dio Litoral","isPartOf":{"@id":"https:\/\/radiolitoral.com\/#website"},"primaryImageOfPage":{"@id":"https:\/\/radiolitoral.com\/2024\/10\/el-cb-calpe-va-caure-en-la-pista-del-lider-cb-alginet-94-86\/#primaryimage"},"image":{"@id":"https:\/\/radiolitoral.com\/2024\/10\/el-cb-calpe-va-caure-en-la-pista-del-lider-cb-alginet-94-86\/#primaryimage"},"thumbnailUrl":"https:\/\/media.radiolitoral.com\/wp-content\/uploads\/2024\/10\/29105942\/CB-Ifach-Calpe-senior-Masculino.jpg","datePublished":"2024-10-29T09:59:54+00:00","description":"El partit va estar anivellat fins a la recta final del mateix on els locals es van mostrar m\u00e9s precisos en atac","breadcrumb":{"@id":"https:\/\/radiolitoral.com\/2024\/10\/el-cb-calpe-va-caure-en-la-pista-del-lider-cb-alginet-94-86\/#breadcrumb"},"inLanguage":"ca","potentialAction":[{"@type":"ReadAction","target":["https:\/\/radiolitoral.com\/2024\/10\/el-cb-calpe-va-caure-en-la-pista-del-lider-cb-alginet-94-86\/"]}]},{"@type":"ImageObject","inLanguage":"ca","@id":"https:\/\/radiolitoral.com\/2024\/10\/el-cb-calpe-va-caure-en-la-pista-del-lider-cb-alginet-94-86\/#primaryimage","url":"https:\/\/media.radiolitoral.com\/wp-content\/uploads\/2024\/10\/29105942\/CB-Ifach-Calpe-senior-Masculino.jpg","contentUrl":"https:\/\/media.radiolitoral.com\/wp-content\/uploads\/2024\/10\/29105942\/CB-Ifach-Calpe-senior-Masculino.jpg","width":1024,"height":683},{"@type":"BreadcrumbList","@id":"https:\/\/radiolitoral.com\/2024\/10\/el-cb-calpe-va-caure-en-la-pista-del-lider-cb-alginet-94-86\/#breadcrumb","itemListElement":[{"@type":"ListItem","position":1,"name":"Portada","item":"https:\/\/radiolitoral.com\/"},{"@type":"ListItem","position":2,"name":"El CB Calpe va caure en la pista del l\u00edder CB Alginet (94-86)"}]},{"@type":"WebSite","@id":"https:\/\/radiolitoral.com\/#website","url":"https:\/\/radiolitoral.com\/","name":"R\u00e0dio Litoral","description":"La r\u00e0dio local de la Marina Alta","publisher":{"@id":"https:\/\/radiolitoral.com\/#organization"},"alternateName":"Litoral FM","potentialAction":[{"@type":"SearchAction","target":{"@type":"EntryPoint","urlTemplate":"https:\/\/radiolitoral.com\/?s={search_term_string}"},"query-input":{"@type":"PropertyValueSpecification","valueRequired":true,"valueName":"search_term_string"}}],"inLanguage":"ca"},{"@type":"Organization","@id":"https:\/\/radiolitoral.com\/#organization","name":"R\u00e0dio Litoral","url":"https:\/\/radiolitoral.com\/","logo":{"@type":"ImageObject","inLanguage":"ca","@id":"https:\/\/radiolitoral.com\/#\/schema\/logo\/image\/","url":"https:\/\/media.radiolitoral.com\/wp-content\/uploads\/2023\/02\/24143238\/CL-V-RadioLitoral696.png","contentUrl":"https:\/\/media.radiolitoral.com\/wp-content\/uploads\/2023\/02\/24143238\/CL-V-RadioLitoral696.png","width":696,"height":696,"caption":"Radio Litoral"},"image":{"@id":"https:\/\/radiolitoral.com\/#\/schema\/logo\/image\/"},"sameAs":["https:\/\/www.facebook.com\/Laradiolitoral\/"]},{"@type":"Person","@id":"https:\/\/radiolitoral.com\/#\/schema\/person\/7b1480b5caeb5acdd4ec6379caf62b22","name":"Javier Zamora","image":{"@type":"ImageObject","inLanguage":"ca","@id":"https:\/\/secure.gravatar.com\/avatar\/467a11f6918c7d619c4043fc6fa2d3853053107973f05b6e9c04ea6c4e3a7b3f?s=96&d=mm&r=g","url":"https:\/\/secure.gravatar.com\/avatar\/467a11f6918c7d619c4043fc6fa2d3853053107973f05b6e9c04ea6c4e3a7b3f?s=96&d=mm&r=g","contentUrl":"https:\/\/secure.gravatar.com\/avatar\/467a11f6918c7d619c4043fc6fa2d3853053107973f05b6e9c04ea6c4e3a7b3f?s=96&d=mm&r=g","caption":"Javier Zamora"},"url":"https:\/\/radiolitoral.com\/ca\/author\/javier-zamora\/"}]}},"_links":{"self":[{"href":"https:\/\/radiolitoral.com\/ca\/wp-json\/wp\/v2\/posts\/12729","targetHints":{"allow":["GET"]}}],"collection":[{"href":"https:\/\/radiolitoral.com\/ca\/wp-json\/wp\/v2\/posts"}],"about":[{"href":"https:\/\/radiolitoral.com\/ca\/wp-json\/wp\/v2\/types\/post"}],"author":[{"embeddable":true,"href":"https:\/\/radiolitoral.com\/ca\/wp-json\/wp\/v2\/users\/12"}],"replies":[{"embeddable":true,"href":"https:\/\/radiolitoral.com\/ca\/wp-json\/wp\/v2\/comments?post=12729"}],"version-history":[{"count":2,"href":"https:\/\/radiolitoral.com\/ca\/wp-json\/wp\/v2\/posts\/12729\/revisions"}],"predecessor-version":[{"id":12734,"href":"https:\/\/radiolitoral.com\/ca\/wp-json\/wp\/v2\/posts\/12729\/revisions\/12734"}],"wp:featuredmedia":[{"embeddable":true,"href":"https:\/\/radiolitoral.com\/ca\/wp-json\/wp\/v2\/media\/12733"}],"wp:attachment":[{"href":"https:\/\/radiolitoral.com\/ca\/wp-json\/wp\/v2\/media?parent=12729"}],"wp:term":[{"taxonomy":"category","embeddable":true,"href":"https:\/\/radiolitoral.com\/ca\/wp-json\/wp\/v2\/categories?post=12729"},{"taxonomy":"post_tag","embeddable":true,"href":"https:\/\/radiolitoral.com\/ca\/wp-json\/wp\/v2\/tags?post=12729"}],"curies":[{"name":"wp","href":"https:\/\/api.w.org\/{rel}","templated":true}]}}