{"id":12716,"date":"2024-10-29T09:39:26","date_gmt":"2024-10-29T08:39:26","guid":{"rendered":"https:\/\/radiolitoral.com\/?p=12716"},"modified":"2024-10-29T09:39:26","modified_gmt":"2024-10-29T08:39:26","slug":"ampliacio-dhorari-i-transport-especial-del-cementiri-de-teulada-moraira-per-a-tots-sants","status":"publish","type":"post","link":"https:\/\/radiolitoral.com\/ca\/2024\/10\/ampliacio-dhorari-i-transport-especial-del-cementeri-de-teulada-moraira-per-a-tots-sants\/","title":{"rendered":"Ampliaci\u00f3 d&#039;horari i transport especial del cementiri de Teulada Moraira per a Tots Sants"},"content":{"rendered":"<p>Amb motiu de la festivitat de <strong>Tots Sants<\/strong>, l&#039;<a href=\"https:\/\/www.teuladamoraira.com.es\/ayttm\/web_php\/index.php?lang=1\">Ajuntament de Teulada Moraira<\/a> ha establert un <strong>horari especial<\/strong> i un servei d&#039;autob\u00fas per facilitar les visites al cementiri municipal. La regidoria de Serveis Generals, delegada a <strong>Mari Cant\u00f3<\/strong>, ha anunciat aquestes mesures per garantir un acc\u00e9s m\u00e9s segur i c\u00f2mode als ciutadans.<\/p>\n<p>Els dies 30 i 31 d&#039;octubre, el cementiri estar\u00e0 obert de 9:00 a 19:30 hores, per a permetre la neteja i col\u00b7locaci\u00f3 de decoracions florals. El dia 1 de novembre, l&#039;acc\u00e9s ser\u00e0 de 9:00 a 12:00 hores, limitat a retocs i disposici\u00f3 de rams ja preparats.<\/p>\n<h3><strong>Transport especial des de Moraira\u00a0<\/strong><\/h3>\n<p>Per facilitar els despla\u00e7aments, s&#039;ha habilitat un <strong>servei d&#039;autob\u00fas especial<\/strong> entre Moraira i el cementiri de Teulada. Aquest transport estar\u00e0 actiu el 30 i 31 doctubre, aix\u00ed com el 1 de novembre. L&#039;autob\u00fas tindr\u00e0 parada a l&#039;extensi\u00f3 de l&#039;<strong>Avinguda de Madrid<\/strong>, prop de l&#039;<strong>Espai La Senieta<\/strong>. Els horaris seran:<\/p>\n<ul>\n<li><strong>Eixides de mat\u00ed<\/strong>: des de Moraira a les 11:00 hi tornada des del cementiri a les 13:30 h.<\/li>\n<li><strong>Eixides de tarda<\/strong>: des de Moraira a les 15:30 hi tornada a les 18:00 h.<\/li>\n<\/ul>\n<h3><strong>Normes de decoraci\u00f3 floral\u00a0<\/strong><\/h3>\n<p>A m\u00e9s, s&#039;han recordat les normes per a la col\u00b7locaci\u00f3 de flors. Aquestes nom\u00e9s es poden posar a <strong>b\u00facars o gerros<\/strong> situats al n\u00ednxol, tant amb aigua com amb flors artificials. En cap cas es permeten tests amb terra, torba o altres materials, els quals seran retirats pel personal si es detecten.<\/p>\n<h3><strong>Millors al cementiri municipal<\/strong><\/h3>\n<p>Finalment, s&#039;han fet diverses actuacions de manteniment al cementiri. Entre elles, s&#039;han reparat esquerdes als n\u00ednxols, repintat les baranes d&#039;acc\u00e9s i renovat les <strong>llumin\u00e0ries<\/strong> i bancs. Tamb\u00e9 s&#039;han fet tasques de <strong>jardineria<\/strong> per crear un espai m\u00e9s acollidor per a les visites.<\/p>\n<p>Amb aquestes iniciatives, l&#039;Ajuntament de Teulada cerca oferir un servei adequat i millorar les condicions per a les visites al cementiri durant Tots Sants.<\/p>","protected":false},"excerpt":{"rendered":"<p>Amb motiu de la festivitat de Tots Sants, l\u2019Ajuntament de Teulada Moraira ha establert un horari especial i un servei d\u2019autob\u00fas per a facilitar les visites al cementeri municipal. La regidoria de Serveis Generals, delegada en Mari Cant\u00f3, ha anunciat aquestes mesures per a garantir un acc\u00e9s m\u00e9s segur i c\u00f2mode als ciutadans. Els dies [&#8230;]<\/p>\n<p><a class=\"btn btn-secondary understrap-read-more-link\" href=\"https:\/\/radiolitoral.com\/ca\/2024\/10\/ampliacio-dhorari-i-transport-especial-del-cementeri-de-teulada-moraira-per-a-tots-sants\/\">Continua llegint&#8230;<span class=\"screen-reader-text\"> from Ampliaci\u00f3 d\u2019horari i transport especial del cementeri de Teulada Moraira per a Tots Sants<\/span><\/a><\/p>\n","protected":false},"author":13,"featured_media":12717,"comment_status":"open","ping_status":"closed","sticky":false,"template":"","format":"standard","meta":{"_acf_changed":false,"inline_featured_image":false,"footnotes":""},"categories":[46],"tags":[2664,2667,2666,2665,2663],"class_list":["post-12716","post","type-post","status-publish","format-standard","has-post-thumbnail","hentry","category-sociedad","tag-cementeri-teulada-tots-sants","tag-decoracio-floral-cementeri","tag-dia-de-tots-sants","tag-horari-cementeri-teulada","tag-transport-especial-cementeri-teulada","cobertura-teulada-moraira"],"acf":[],"yoast_head":"<!-- This site is optimized with the Yoast SEO plugin v27.5 - https:\/\/yoast.com\/product\/yoast-seo-wordpress\/ -->\n<title>Tots Sants: Dispositiu especial al cementeri de Teulada Moraira | R\u00e0dio Litoral<\/title>\n<meta name=\"description\" content=\"La regidoria de Serveis Generals de Teulada Moraira ha anunciat aquestes mesures per a garantir un acc\u00e9s segur al cementeri.\" \/>\n<meta name=\"robots\" content=\"index, follow, max-snippet:-1, max-image-preview:large, max-video-preview:-1\" \/>\n<link rel=\"canonical\" href=\"https:\/\/radiolitoral.com\/ca\/2024\/10\/ampliacio-dhorari-i-transport-especial-del-cementiri-de-teulada-moraira-per-a-tots-sants\/\" \/>\n<meta property=\"og:locale\" content=\"ca_ES\" \/>\n<meta property=\"og:type\" content=\"article\" \/>\n<meta property=\"og:title\" content=\"Tots Sants: Dispositiu especial al cementeri de Teulada Moraira | R\u00e0dio Litoral\" \/>\n<meta property=\"og:description\" content=\"La regidoria de Serveis Generals de Teulada Moraira ha anunciat aquestes mesures per a garantir un acc\u00e9s segur al cementeri.\" \/>\n<meta property=\"og:url\" content=\"https:\/\/radiolitoral.com\/ca\/2024\/10\/ampliacio-dhorari-i-transport-especial-del-cementiri-de-teulada-moraira-per-a-tots-sants\/\" \/>\n<meta property=\"og:site_name\" content=\"R\u00e0dio Litoral\" \/>\n<meta property=\"article:publisher\" content=\"https:\/\/www.facebook.com\/Laradiolitoral\/\" \/>\n<meta property=\"article:published_time\" content=\"2024-10-29T08:39:26+00:00\" \/>\n<meta property=\"og:image\" content=\"https:\/\/media.radiolitoral.com\/wp-content\/uploads\/2024\/10\/29093857\/cementerio-2.jpeg\" \/>\n\t<meta property=\"og:image:width\" content=\"1600\" \/>\n\t<meta property=\"og:image:height\" content=\"1200\" \/>\n\t<meta property=\"og:image:type\" content=\"image\/jpeg\" \/>\n<meta name=\"author\" content=\"Redacci\u00f3n\" \/>\n<meta name=\"twitter:card\" content=\"summary_large_image\" \/>\n<meta name=\"twitter:label1\" content=\"Escrit per\" \/>\n\t<meta name=\"twitter:data1\" content=\"Redacci\u00f3n\" \/>\n\t<meta name=\"twitter:label2\" content=\"Temps estimat de lectura\" \/>\n\t<meta name=\"twitter:data2\" content=\"2 minuts\" \/>\n<script type=\"application\/ld+json\" class=\"yoast-schema-graph\">{\"@context\":\"https:\\\/\\\/schema.org\",\"@graph\":[{\"@type\":\"NewsArticle\",\"@id\":\"https:\\\/\\\/radiolitoral.com\\\/2024\\\/10\\\/ampliacio-dhorari-i-transport-especial-del-cementeri-de-teulada-moraira-per-a-tots-sants\\\/#article\",\"isPartOf\":{\"@id\":\"https:\\\/\\\/radiolitoral.com\\\/2024\\\/10\\\/ampliacio-dhorari-i-transport-especial-del-cementeri-de-teulada-moraira-per-a-tots-sants\\\/\"},\"author\":{\"name\":\"Redacci\u00f3n\",\"@id\":\"https:\\\/\\\/radiolitoral.com\\\/#\\\/schema\\\/person\\\/f2b2343c49b5d721857cc1002bfdb151\"},\"headline\":\"Ampliaci\u00f3 d\u2019horari i transport especial del cementeri de Teulada Moraira per a Tots Sants\",\"datePublished\":\"2024-10-29T08:39:26+00:00\",\"mainEntityOfPage\":{\"@id\":\"https:\\\/\\\/radiolitoral.com\\\/2024\\\/10\\\/ampliacio-dhorari-i-transport-especial-del-cementeri-de-teulada-moraira-per-a-tots-sants\\\/\"},\"wordCount\":355,\"commentCount\":0,\"publisher\":{\"@id\":\"https:\\\/\\\/radiolitoral.com\\\/#organization\"},\"image\":{\"@id\":\"https:\\\/\\\/radiolitoral.com\\\/2024\\\/10\\\/ampliacio-dhorari-i-transport-especial-del-cementeri-de-teulada-moraira-per-a-tots-sants\\\/#primaryimage\"},\"thumbnailUrl\":\"https:\\\/\\\/media.radiolitoral.com\\\/wp-content\\\/uploads\\\/2024\\\/10\\\/29093857\\\/cementerio-2.jpeg\",\"keywords\":[\"cementeri Teulada Tots Sants\",\"decoraci\u00f3 floral cementeri\",\"Dia de Tots Sants\",\"horari cementeri Teulada\",\"transport especial cementeri Teulada\"],\"articleSection\":[\"Sociedad\"],\"inLanguage\":\"ca\",\"potentialAction\":[{\"@type\":\"CommentAction\",\"name\":\"Comment\",\"target\":[\"https:\\\/\\\/radiolitoral.com\\\/2024\\\/10\\\/ampliacio-dhorari-i-transport-especial-del-cementeri-de-teulada-moraira-per-a-tots-sants\\\/#respond\"]}]},{\"@type\":[\"WebPage\",\"ItemPage\"],\"@id\":\"https:\\\/\\\/radiolitoral.com\\\/2024\\\/10\\\/ampliacio-dhorari-i-transport-especial-del-cementeri-de-teulada-moraira-per-a-tots-sants\\\/\",\"url\":\"https:\\\/\\\/radiolitoral.com\\\/2024\\\/10\\\/ampliacio-dhorari-i-transport-especial-del-cementeri-de-teulada-moraira-per-a-tots-sants\\\/\",\"name\":\"Tots Sants: Dispositiu especial al cementeri de Teulada Moraira | R\u00e0dio Litoral\",\"isPartOf\":{\"@id\":\"https:\\\/\\\/radiolitoral.com\\\/#website\"},\"primaryImageOfPage\":{\"@id\":\"https:\\\/\\\/radiolitoral.com\\\/2024\\\/10\\\/ampliacio-dhorari-i-transport-especial-del-cementeri-de-teulada-moraira-per-a-tots-sants\\\/#primaryimage\"},\"image\":{\"@id\":\"https:\\\/\\\/radiolitoral.com\\\/2024\\\/10\\\/ampliacio-dhorari-i-transport-especial-del-cementeri-de-teulada-moraira-per-a-tots-sants\\\/#primaryimage\"},\"thumbnailUrl\":\"https:\\\/\\\/media.radiolitoral.com\\\/wp-content\\\/uploads\\\/2024\\\/10\\\/29093857\\\/cementerio-2.jpeg\",\"datePublished\":\"2024-10-29T08:39:26+00:00\",\"description\":\"La regidoria de Serveis Generals de Teulada Moraira ha anunciat aquestes mesures per a garantir un acc\u00e9s segur al cementeri.\",\"breadcrumb\":{\"@id\":\"https:\\\/\\\/radiolitoral.com\\\/2024\\\/10\\\/ampliacio-dhorari-i-transport-especial-del-cementeri-de-teulada-moraira-per-a-tots-sants\\\/#breadcrumb\"},\"inLanguage\":\"ca\",\"potentialAction\":[{\"@type\":\"ReadAction\",\"target\":[\"https:\\\/\\\/radiolitoral.com\\\/2024\\\/10\\\/ampliacio-dhorari-i-transport-especial-del-cementeri-de-teulada-moraira-per-a-tots-sants\\\/\"]}]},{\"@type\":\"ImageObject\",\"inLanguage\":\"ca\",\"@id\":\"https:\\\/\\\/radiolitoral.com\\\/2024\\\/10\\\/ampliacio-dhorari-i-transport-especial-del-cementeri-de-teulada-moraira-per-a-tots-sants\\\/#primaryimage\",\"url\":\"https:\\\/\\\/media.radiolitoral.com\\\/wp-content\\\/uploads\\\/2024\\\/10\\\/29093857\\\/cementerio-2.jpeg\",\"contentUrl\":\"https:\\\/\\\/media.radiolitoral.com\\\/wp-content\\\/uploads\\\/2024\\\/10\\\/29093857\\\/cementerio-2.jpeg\",\"width\":1600,\"height\":1200},{\"@type\":\"BreadcrumbList\",\"@id\":\"https:\\\/\\\/radiolitoral.com\\\/2024\\\/10\\\/ampliacio-dhorari-i-transport-especial-del-cementeri-de-teulada-moraira-per-a-tots-sants\\\/#breadcrumb\",\"itemListElement\":[{\"@type\":\"ListItem\",\"position\":1,\"name\":\"Portada\",\"item\":\"https:\\\/\\\/radiolitoral.com\\\/\"},{\"@type\":\"ListItem\",\"position\":2,\"name\":\"Ampliaci\u00f3 d\u2019horari i transport especial del cementeri de Teulada Moraira per a Tots Sants\"}]},{\"@type\":\"WebSite\",\"@id\":\"https:\\\/\\\/radiolitoral.com\\\/#website\",\"url\":\"https:\\\/\\\/radiolitoral.com\\\/\",\"name\":\"Radio Litoral\",\"description\":\"La radio local de la Marina Alta\",\"publisher\":{\"@id\":\"https:\\\/\\\/radiolitoral.com\\\/#organization\"},\"alternateName\":\"Litoral FM\",\"potentialAction\":[{\"@type\":\"SearchAction\",\"target\":{\"@type\":\"EntryPoint\",\"urlTemplate\":\"https:\\\/\\\/radiolitoral.com\\\/?s={search_term_string}\"},\"query-input\":{\"@type\":\"PropertyValueSpecification\",\"valueRequired\":true,\"valueName\":\"search_term_string\"}}],\"inLanguage\":\"ca\"},{\"@type\":\"Organization\",\"@id\":\"https:\\\/\\\/radiolitoral.com\\\/#organization\",\"name\":\"Radio Litoral\",\"url\":\"https:\\\/\\\/radiolitoral.com\\\/\",\"logo\":{\"@type\":\"ImageObject\",\"inLanguage\":\"ca\",\"@id\":\"https:\\\/\\\/radiolitoral.com\\\/#\\\/schema\\\/logo\\\/image\\\/\",\"url\":\"https:\\\/\\\/media.radiolitoral.com\\\/wp-content\\\/uploads\\\/2023\\\/02\\\/24143238\\\/CL-V-RadioLitoral696.png\",\"contentUrl\":\"https:\\\/\\\/media.radiolitoral.com\\\/wp-content\\\/uploads\\\/2023\\\/02\\\/24143238\\\/CL-V-RadioLitoral696.png\",\"width\":696,\"height\":696,\"caption\":\"Radio Litoral\"},\"image\":{\"@id\":\"https:\\\/\\\/radiolitoral.com\\\/#\\\/schema\\\/logo\\\/image\\\/\"},\"sameAs\":[\"https:\\\/\\\/www.facebook.com\\\/Laradiolitoral\\\/\"]},{\"@type\":\"Person\",\"@id\":\"https:\\\/\\\/radiolitoral.com\\\/#\\\/schema\\\/person\\\/f2b2343c49b5d721857cc1002bfdb151\",\"name\":\"Redacci\u00f3n\",\"image\":{\"@type\":\"ImageObject\",\"inLanguage\":\"ca\",\"@id\":\"https:\\\/\\\/secure.gravatar.com\\\/avatar\\\/f771d896c203ad8b3382d7905cfcce5a5c9b008b84b3cd9114e9b9f4cb63f789?s=96&d=mm&r=g\",\"url\":\"https:\\\/\\\/secure.gravatar.com\\\/avatar\\\/f771d896c203ad8b3382d7905cfcce5a5c9b008b84b3cd9114e9b9f4cb63f789?s=96&d=mm&r=g\",\"contentUrl\":\"https:\\\/\\\/secure.gravatar.com\\\/avatar\\\/f771d896c203ad8b3382d7905cfcce5a5c9b008b84b3cd9114e9b9f4cb63f789?s=96&d=mm&r=g\",\"caption\":\"Redacci\u00f3n\"},\"url\":\"https:\\\/\\\/radiolitoral.com\\\/ca\\\/author\\\/miriam-pagan\\\/\"}]}<\/script>\n<!-- \/ Yoast SEO plugin. -->","yoast_head_json":{"title":"Tots Sants: Dispositiu especial al cementiri de Teulada Moraira | R\u00e0dio Litoral","description":"La regidoria de Serveis Generals de Teulada Moraira ha anunciat aquestes mesures per garantir un acc\u00e9s segur al cementiri.","robots":{"index":"index","follow":"follow","max-snippet":"max-snippet:-1","max-image-preview":"max-image-preview:large","max-video-preview":"max-video-preview:-1"},"canonical":"https:\/\/radiolitoral.com\/ca\/2024\/10\/ampliacio-dhorari-i-transport-especial-del-cementiri-de-teulada-moraira-per-a-tots-sants\/","og_locale":"ca_ES","og_type":"article","og_title":"Tots Sants: Dispositiu especial al cementeri de Teulada Moraira | R\u00e0dio Litoral","og_description":"La regidoria de Serveis Generals de Teulada Moraira ha anunciat aquestes mesures per a garantir un acc\u00e9s segur al cementeri.","og_url":"https:\/\/radiolitoral.com\/ca\/2024\/10\/ampliacio-dhorari-i-transport-especial-del-cementiri-de-teulada-moraira-per-a-tots-sants\/","og_site_name":"R\u00e0dio Litoral","article_publisher":"https:\/\/www.facebook.com\/Laradiolitoral\/","article_published_time":"2024-10-29T08:39:26+00:00","og_image":[{"width":1600,"height":1200,"url":"https:\/\/media.radiolitoral.com\/wp-content\/uploads\/2024\/10\/29093857\/cementerio-2.jpeg","type":"image\/jpeg"}],"author":"Redacci\u00f3n","twitter_card":"summary_large_image","twitter_misc":{"Escrit per":"Redacci\u00f3n","Temps estimat de lectura":"2 minuts"},"schema":{"@context":"https:\/\/schema.org","@graph":[{"@type":"NewsArticle","@id":"https:\/\/radiolitoral.com\/2024\/10\/ampliacio-dhorari-i-transport-especial-del-cementeri-de-teulada-moraira-per-a-tots-sants\/#article","isPartOf":{"@id":"https:\/\/radiolitoral.com\/2024\/10\/ampliacio-dhorari-i-transport-especial-del-cementeri-de-teulada-moraira-per-a-tots-sants\/"},"author":{"name":"Redacci\u00f3n","@id":"https:\/\/radiolitoral.com\/#\/schema\/person\/f2b2343c49b5d721857cc1002bfdb151"},"headline":"Ampliaci\u00f3 d\u2019horari i transport especial del cementeri de Teulada Moraira per a Tots Sants","datePublished":"2024-10-29T08:39:26+00:00","mainEntityOfPage":{"@id":"https:\/\/radiolitoral.com\/2024\/10\/ampliacio-dhorari-i-transport-especial-del-cementeri-de-teulada-moraira-per-a-tots-sants\/"},"wordCount":355,"commentCount":0,"publisher":{"@id":"https:\/\/radiolitoral.com\/#organization"},"image":{"@id":"https:\/\/radiolitoral.com\/2024\/10\/ampliacio-dhorari-i-transport-especial-del-cementeri-de-teulada-moraira-per-a-tots-sants\/#primaryimage"},"thumbnailUrl":"https:\/\/media.radiolitoral.com\/wp-content\/uploads\/2024\/10\/29093857\/cementerio-2.jpeg","keywords":["cementeri Teulada Tots Sants","decoraci\u00f3 floral cementeri","Dia de Tots Sants","horari cementeri Teulada","transport especial cementeri Teulada"],"articleSection":["Sociedad"],"inLanguage":"ca","potentialAction":[{"@type":"CommentAction","name":"Comment","target":["https:\/\/radiolitoral.com\/2024\/10\/ampliacio-dhorari-i-transport-especial-del-cementeri-de-teulada-moraira-per-a-tots-sants\/#respond"]}]},{"@type":["WebPage","ItemPage"],"@id":"https:\/\/radiolitoral.com\/2024\/10\/ampliacio-dhorari-i-transport-especial-del-cementeri-de-teulada-moraira-per-a-tots-sants\/","url":"https:\/\/radiolitoral.com\/2024\/10\/ampliacio-dhorari-i-transport-especial-del-cementeri-de-teulada-moraira-per-a-tots-sants\/","name":"Tots Sants: Dispositiu especial al cementiri de Teulada Moraira | R\u00e0dio Litoral","isPartOf":{"@id":"https:\/\/radiolitoral.com\/#website"},"primaryImageOfPage":{"@id":"https:\/\/radiolitoral.com\/2024\/10\/ampliacio-dhorari-i-transport-especial-del-cementeri-de-teulada-moraira-per-a-tots-sants\/#primaryimage"},"image":{"@id":"https:\/\/radiolitoral.com\/2024\/10\/ampliacio-dhorari-i-transport-especial-del-cementeri-de-teulada-moraira-per-a-tots-sants\/#primaryimage"},"thumbnailUrl":"https:\/\/media.radiolitoral.com\/wp-content\/uploads\/2024\/10\/29093857\/cementerio-2.jpeg","datePublished":"2024-10-29T08:39:26+00:00","description":"La regidoria de Serveis Generals de Teulada Moraira ha anunciat aquestes mesures per garantir un acc\u00e9s segur al cementiri.","breadcrumb":{"@id":"https:\/\/radiolitoral.com\/2024\/10\/ampliacio-dhorari-i-transport-especial-del-cementeri-de-teulada-moraira-per-a-tots-sants\/#breadcrumb"},"inLanguage":"ca","potentialAction":[{"@type":"ReadAction","target":["https:\/\/radiolitoral.com\/2024\/10\/ampliacio-dhorari-i-transport-especial-del-cementeri-de-teulada-moraira-per-a-tots-sants\/"]}]},{"@type":"ImageObject","inLanguage":"ca","@id":"https:\/\/radiolitoral.com\/2024\/10\/ampliacio-dhorari-i-transport-especial-del-cementeri-de-teulada-moraira-per-a-tots-sants\/#primaryimage","url":"https:\/\/media.radiolitoral.com\/wp-content\/uploads\/2024\/10\/29093857\/cementerio-2.jpeg","contentUrl":"https:\/\/media.radiolitoral.com\/wp-content\/uploads\/2024\/10\/29093857\/cementerio-2.jpeg","width":1600,"height":1200},{"@type":"BreadcrumbList","@id":"https:\/\/radiolitoral.com\/2024\/10\/ampliacio-dhorari-i-transport-especial-del-cementeri-de-teulada-moraira-per-a-tots-sants\/#breadcrumb","itemListElement":[{"@type":"ListItem","position":1,"name":"Portada","item":"https:\/\/radiolitoral.com\/"},{"@type":"ListItem","position":2,"name":"Ampliaci\u00f3 d\u2019horari i transport especial del cementeri de Teulada Moraira per a Tots Sants"}]},{"@type":"WebSite","@id":"https:\/\/radiolitoral.com\/#website","url":"https:\/\/radiolitoral.com\/","name":"R\u00e0dio Litoral","description":"La r\u00e0dio local de la Marina Alta","publisher":{"@id":"https:\/\/radiolitoral.com\/#organization"},"alternateName":"Litoral FM","potentialAction":[{"@type":"SearchAction","target":{"@type":"EntryPoint","urlTemplate":"https:\/\/radiolitoral.com\/?s={search_term_string}"},"query-input":{"@type":"PropertyValueSpecification","valueRequired":true,"valueName":"search_term_string"}}],"inLanguage":"ca"},{"@type":"Organization","@id":"https:\/\/radiolitoral.com\/#organization","name":"R\u00e0dio Litoral","url":"https:\/\/radiolitoral.com\/","logo":{"@type":"ImageObject","inLanguage":"ca","@id":"https:\/\/radiolitoral.com\/#\/schema\/logo\/image\/","url":"https:\/\/media.radiolitoral.com\/wp-content\/uploads\/2023\/02\/24143238\/CL-V-RadioLitoral696.png","contentUrl":"https:\/\/media.radiolitoral.com\/wp-content\/uploads\/2023\/02\/24143238\/CL-V-RadioLitoral696.png","width":696,"height":696,"caption":"Radio Litoral"},"image":{"@id":"https:\/\/radiolitoral.com\/#\/schema\/logo\/image\/"},"sameAs":["https:\/\/www.facebook.com\/Laradiolitoral\/"]},{"@type":"Person","@id":"https:\/\/radiolitoral.com\/#\/schema\/person\/f2b2343c49b5d721857cc1002bfdb151","name":"Redacci\u00f3","image":{"@type":"ImageObject","inLanguage":"ca","@id":"https:\/\/secure.gravatar.com\/avatar\/f771d896c203ad8b3382d7905cfcce5a5c9b008b84b3cd9114e9b9f4cb63f789?s=96&d=mm&r=g","url":"https:\/\/secure.gravatar.com\/avatar\/f771d896c203ad8b3382d7905cfcce5a5c9b008b84b3cd9114e9b9f4cb63f789?s=96&d=mm&r=g","contentUrl":"https:\/\/secure.gravatar.com\/avatar\/f771d896c203ad8b3382d7905cfcce5a5c9b008b84b3cd9114e9b9f4cb63f789?s=96&d=mm&r=g","caption":"Redacci\u00f3n"},"url":"https:\/\/radiolitoral.com\/ca\/author\/miriam-pagan\/"}]}},"_links":{"self":[{"href":"https:\/\/radiolitoral.com\/ca\/wp-json\/wp\/v2\/posts\/12716","targetHints":{"allow":["GET"]}}],"collection":[{"href":"https:\/\/radiolitoral.com\/ca\/wp-json\/wp\/v2\/posts"}],"about":[{"href":"https:\/\/radiolitoral.com\/ca\/wp-json\/wp\/v2\/types\/post"}],"author":[{"embeddable":true,"href":"https:\/\/radiolitoral.com\/ca\/wp-json\/wp\/v2\/users\/13"}],"replies":[{"embeddable":true,"href":"https:\/\/radiolitoral.com\/ca\/wp-json\/wp\/v2\/comments?post=12716"}],"version-history":[{"count":1,"href":"https:\/\/radiolitoral.com\/ca\/wp-json\/wp\/v2\/posts\/12716\/revisions"}],"predecessor-version":[{"id":12718,"href":"https:\/\/radiolitoral.com\/ca\/wp-json\/wp\/v2\/posts\/12716\/revisions\/12718"}],"wp:featuredmedia":[{"embeddable":true,"href":"https:\/\/radiolitoral.com\/ca\/wp-json\/wp\/v2\/media\/12717"}],"wp:attachment":[{"href":"https:\/\/radiolitoral.com\/ca\/wp-json\/wp\/v2\/media?parent=12716"}],"wp:term":[{"taxonomy":"category","embeddable":true,"href":"https:\/\/radiolitoral.com\/ca\/wp-json\/wp\/v2\/categories?post=12716"},{"taxonomy":"post_tag","embeddable":true,"href":"https:\/\/radiolitoral.com\/ca\/wp-json\/wp\/v2\/tags?post=12716"}],"curies":[{"name":"wp","href":"https:\/\/api.w.org\/{rel}","templated":true}]}}