{"id":12693,"date":"2024-10-28T10:58:48","date_gmt":"2024-10-28T09:58:48","guid":{"rendered":"https:\/\/radiolitoral.com\/?p=12693"},"modified":"2024-10-28T11:07:03","modified_gmt":"2024-10-28T10:07:03","slug":"detingut-a-benissa-un-fugit-perillos-de-franca-a-qui-li-constava-una-ordre-europea-de-detencio-i-entrega","status":"publish","type":"post","link":"https:\/\/radiolitoral.com\/ca\/2024\/10\/detingut-a-benissa-un-fugit-perillos-de-franca-a-qui-li-constava-una-ordre-europea-de-detencio-i-lliurament\/","title":{"rendered":"Detingut a Benissa un fugit perill\u00f3s de Fran\u00e7a, a qui constava una Ordre Europea de Detenci\u00f3 i Lliurament"},"content":{"rendered":"<p>Agents de la <strong>Policia Nacional han detingut Benissa un dels fugitius m\u00e9s perillosos de Fran\u00e7a<\/strong> a qui li constava una <strong>Ordre Europea de Detenci\u00f3 i Lliurament, emesa per Fran\u00e7a<\/strong>, a causa de l<strong>assalt a una joieria de Marsella<\/strong>.<\/p>\n<p>L&#039;altre fugit, integrant de la banda <em><span class=\"hiddenSpellError\">Dominiquen<\/span> <span class=\"hiddenGrammarError\">Don&#039;t<\/span> <span class=\"hiddenSuggestion\">Play<\/span><\/em>, va ser arrestat a Almeria en una investigaci\u00f3 paral\u00b7lela, ja que tenia una ordre d&#039;ingr\u00e9s a pres\u00f3 dictada per l&#039;Audi\u00e8ncia Provincial de Madrid per l&#039;agressi\u00f3 a membres<span class=\"hiddenGrammarError\"> d&#039;una banda<\/span> rival l&#039;any 2018.<\/p>\n<h3>Tenia entrenament militar i va assaltar una joieria a Marsella<\/h3>\n<p>La investigaci\u00f3 es va iniciar quan, a trav\u00e9s de l&#039;Oficina <span class=\"hiddenSpellError\">SIRENE<\/span>, es va tenir coneixement que<strong> un fugitiu de Fran\u00e7a podria trobar-se a Espanya.<\/strong> Per <span class=\"hiddenSuggestion\">aquest<\/span> motiu, es van comen\u00e7ar les gestions per a la seva localitzaci\u00f3 i, en nom\u00e9s 24 hores, els agents <strong>el van ubicar a la localitat de Benissa, on va ser detingut.<\/strong><\/p>\n<p>El fugit, que <strong>comptava amb coneixements i entrenament milita<\/strong>r, era buscat per la seva <strong>presumpta participaci\u00f3 -juntament amb altres membres de la seva organitzaci\u00f3 criminal- a l&#039;assalt d&#039;una joieria a Marsella.<\/strong> A la comissi\u00f3 de l&#039;atracament, per al qual van utilitzar <strong>armes de foc, van segrestar i lligar el joier,<\/strong> embenant-li els ulls i amena\u00e7ant-ho amb qu\u00e8 tenien vincles amb una organitzaci\u00f3 terrorista per doblegar-ho.<\/p>\n<p>Finalment, el grup criminal es va fer amb<strong> 28 rellotges de luxe valorats en quasi mig mili\u00f3 d&#039;euros.<\/strong> Per <span class=\"hiddenSuggestion\">aquests<\/span> fets, l&#039;ara detingut s&#039;enfronta a una <strong>pena de 30 anys de pres\u00f3<\/strong>.<\/p>\n<div style=\"width: 640px;\" class=\"wp-video\"><video class=\"wp-video-shortcode\" id=\"video-12693-1\" width=\"640\" height=\"360\" preload=\"metadata\" controls=\"controls\"><source type=\"video\/mp4\" src=\"https:\/\/media.radiolitoral.com\/wp-content\/uploads\/2024\/10\/28105723\/fugitivofrancia.mp4?_=1\" \/><a href=\"https:\/\/media.radiolitoral.com\/wp-content\/uploads\/2024\/10\/28105723\/fugitivofrancia.mp4\">https:\/\/media.radiolitoral.com\/wp-content\/uploads\/2024\/10\/28105723\/fugitivofrancia.mp4<\/a><\/video><\/div>\n<h3>Arrestat per complir una condena per homicidi dol\u00f3s<\/h3>\n<p>El pr\u00f2fug, integrant de la banda <em><span class=\"hiddenSpellError\">Dominiquen<\/span> <span class=\"hiddenGrammarError\">Don&#039;t<\/span> <span class=\"hiddenSuggestion\">Play<\/span><\/em>, va participar el 23 de febrer de 2018 en una agressi\u00f3 amb matxets en qu\u00e8 <span class=\"hiddenGrammarError\">dues<\/span> persones, pertanyents a la banda rival dels <em><span class=\"hiddenSpellError\">Trinitaris<\/span><\/em>, van resultar ferides de gravetat extrema. Per <span class=\"hiddenSuggestion\">aquests<\/span> fets, va ser arrestat per agentes de la Brigada Provincial d&#039;Informaci\u00f3 de Madrid juntament amb altres cinc integrants de la banda, i tenia una ordre d&#039;ingr\u00e9s a pres\u00f3 per complir condena pels fets.<\/p>\n<h3>Evadia l&#039;acci\u00f3 de la just\u00edcia amagant-se en habitatges ocupats<\/h3>\n<p>Despr\u00e9s de les primeres gestions realitzades, els investigadors comprovaren que el fugit podia estar alternant continuament la seva resid\u00e8ncia per evitar ser localitzat. Durant les estades a Madrid, pernoctava en un domicili de la zona sud i comptava amb l&#039;ajuda i protecci\u00f3 dels seus familiars; a m\u00e9s, tamb\u00e9 se&#039;l ubicar\u00e0 al municipi de <span class=\"hiddenSpellError\">Encluses<\/span> (Toledo), on feia \u00fas d&#039;habitatges ocupats de manera il\u00b7legal per evadir l&#039;acci\u00f3 de la just\u00edcia.<\/p>\n<p>Posteriorment, els agents van poder<strong> localitzar-lo a la prov\u00edncia d&#039;Almeria<\/strong>. Finalment, i despr\u00e9s de la plena ubicaci\u00f3 de su domicili a la ciutat andalusa, els agents van poder procedir a la seva detenci\u00f3 en el moment en qu\u00e8 eixia d&#039;<span class=\"hiddenSuggestion\">aquest<\/span>.<\/p>","protected":false},"excerpt":{"rendered":"<p>Agents de la Policia Nacional han detingut a Benissa un dels fugitius m\u00e9s perillosos de Fran\u00e7a a qui li constava una Ordre Europea de Detenci\u00f3 i Lliurament, emesa per Fran\u00e7a, a causa de l&#8216;assalt a una joieria de Marsella. L&#8217;altre fugit, integrant de la banda Dominican Don\u2019t Play, va ser arrestat a Almeria en una [&#8230;]<\/p>\n<p><a class=\"btn btn-secondary understrap-read-more-link\" href=\"https:\/\/radiolitoral.com\/ca\/2024\/10\/detingut-a-benissa-un-fugit-perillos-de-franca-a-qui-li-constava-una-ordre-europea-de-detencio-i-lliurament\/\">Continua llegint&#8230;<span class=\"screen-reader-text\"> from Detingut a Benissa un fugit perill\u00f3s de Fran\u00e7a, a qui li constava una Ordre Europea de Detenci\u00f3 i Lliurament<\/span><\/a><\/p>\n","protected":false},"author":13,"featured_media":12692,"comment_status":"open","ping_status":"closed","sticky":false,"template":"","format":"standard","meta":{"_acf_changed":false,"inline_featured_image":false,"footnotes":""},"categories":[8],"tags":[126,10,1022,1023],"class_list":["post-12693","post","type-post","status-publish","format-standard","has-post-thumbnail","hentry","category-sucesos","tag-benissa","tag-detenciones","tag-policia-nacional","tag-sucesos","cobertura-benissa"],"acf":[],"yoast_head":"<!-- This site is optimized with the Yoast SEO plugin v27.5 - https:\/\/yoast.com\/product\/yoast-seo-wordpress\/ -->\n<title>Detingut a Benissa un fugit perill\u00f3s de Fran\u00e7a, a qui li constava una Ordre Europea de Detenci\u00f3 i Lliurament | R\u00e0dio Litoral<\/title>\n<meta name=\"description\" content=\"El pr\u00f2fug era buscat per la seua presumpta participaci\u00f3 en l&#039;assalt d&#039;una joieria a Marsella El pr\u00f2fug era buscat per la seua presumpta participaci\u00f3 en l&#039;assalt d&#039;una joieria a Marsella\" \/>\n<meta name=\"robots\" content=\"index, follow, max-snippet:-1, max-image-preview:large, max-video-preview:-1\" \/>\n<link rel=\"canonical\" href=\"https:\/\/radiolitoral.com\/ca\/2024\/10\/detingut-a-benissa-un-fugit-perillos-de-franca-a-qui-li-constava-una-ordre-europea-de-detencio-i-entrega\/\" \/>\n<meta property=\"og:locale\" content=\"ca_ES\" \/>\n<meta property=\"og:type\" content=\"article\" \/>\n<meta property=\"og:title\" content=\"Detingut a Benissa un fugit perill\u00f3s de Fran\u00e7a, a qui li constava una Ordre Europea de Detenci\u00f3 i Lliurament | R\u00e0dio Litoral\" \/>\n<meta property=\"og:description\" content=\"El pr\u00f2fug era buscat per la seua presumpta participaci\u00f3 en l&#039;assalt d&#039;una joieria a Marsella El pr\u00f2fug era buscat per la seua presumpta participaci\u00f3 en l&#039;assalt d&#039;una joieria a Marsella\" \/>\n<meta property=\"og:url\" content=\"https:\/\/radiolitoral.com\/ca\/2024\/10\/detingut-a-benissa-un-fugit-perillos-de-franca-a-qui-li-constava-una-ordre-europea-de-detencio-i-entrega\/\" \/>\n<meta property=\"og:site_name\" content=\"R\u00e0dio Litoral\" \/>\n<meta property=\"article:publisher\" content=\"https:\/\/www.facebook.com\/Laradiolitoral\/\" \/>\n<meta property=\"article:published_time\" content=\"2024-10-28T09:58:48+00:00\" \/>\n<meta property=\"article:modified_time\" content=\"2024-10-28T10:07:03+00:00\" \/>\n<meta property=\"og:image\" content=\"https:\/\/media.radiolitoral.com\/wp-content\/uploads\/2024\/10\/28105132\/Policia-Nacional-detencion-fugitivo-Francia-en-Benissa.jpg\" \/>\n\t<meta property=\"og:image:width\" content=\"1595\" \/>\n\t<meta property=\"og:image:height\" content=\"897\" \/>\n\t<meta property=\"og:image:type\" content=\"image\/jpeg\" \/>\n<meta name=\"author\" content=\"Redacci\u00f3n\" \/>\n<meta name=\"twitter:card\" content=\"summary_large_image\" \/>\n<meta name=\"twitter:label1\" content=\"Escrit per\" \/>\n\t<meta name=\"twitter:data1\" content=\"Redacci\u00f3n\" \/>\n\t<meta name=\"twitter:label2\" content=\"Temps estimat de lectura\" \/>\n\t<meta name=\"twitter:data2\" content=\"3 minuts\" \/>\n<script type=\"application\/ld+json\" class=\"yoast-schema-graph\">{\"@context\":\"https:\\\/\\\/schema.org\",\"@graph\":[{\"@type\":\"NewsArticle\",\"@id\":\"https:\\\/\\\/radiolitoral.com\\\/2024\\\/10\\\/detingut-a-benissa-un-fugit-perillos-de-franca-a-qui-li-constava-una-ordre-europea-de-detencio-i-lliurament\\\/#article\",\"isPartOf\":{\"@id\":\"https:\\\/\\\/radiolitoral.com\\\/2024\\\/10\\\/detingut-a-benissa-un-fugit-perillos-de-franca-a-qui-li-constava-una-ordre-europea-de-detencio-i-lliurament\\\/\"},\"author\":{\"name\":\"Redacci\u00f3n\",\"@id\":\"https:\\\/\\\/radiolitoral.com\\\/#\\\/schema\\\/person\\\/f2b2343c49b5d721857cc1002bfdb151\"},\"headline\":\"Detingut a Benissa un fugit perill\u00f3s de Fran\u00e7a, a qui li constava una Ordre Europea de Detenci\u00f3 i Lliurament\",\"datePublished\":\"2024-10-28T09:58:48+00:00\",\"dateModified\":\"2024-10-28T10:07:03+00:00\",\"mainEntityOfPage\":{\"@id\":\"https:\\\/\\\/radiolitoral.com\\\/2024\\\/10\\\/detingut-a-benissa-un-fugit-perillos-de-franca-a-qui-li-constava-una-ordre-europea-de-detencio-i-lliurament\\\/\"},\"wordCount\":523,\"commentCount\":0,\"publisher\":{\"@id\":\"https:\\\/\\\/radiolitoral.com\\\/#organization\"},\"image\":{\"@id\":\"https:\\\/\\\/radiolitoral.com\\\/2024\\\/10\\\/detingut-a-benissa-un-fugit-perillos-de-franca-a-qui-li-constava-una-ordre-europea-de-detencio-i-lliurament\\\/#primaryimage\"},\"thumbnailUrl\":\"https:\\\/\\\/media.radiolitoral.com\\\/wp-content\\\/uploads\\\/2024\\\/10\\\/28105132\\\/Policia-Nacional-detencion-fugitivo-Francia-en-Benissa.jpg\",\"keywords\":[\"Benissa\",\"Detenciones\",\"Polic\u00eda nacional\",\"sucesos\"],\"articleSection\":[\"Sucesos\"],\"inLanguage\":\"ca\",\"potentialAction\":[{\"@type\":\"CommentAction\",\"name\":\"Comment\",\"target\":[\"https:\\\/\\\/radiolitoral.com\\\/2024\\\/10\\\/detingut-a-benissa-un-fugit-perillos-de-franca-a-qui-li-constava-una-ordre-europea-de-detencio-i-lliurament\\\/#respond\"]}]},{\"@type\":[\"WebPage\",\"ItemPage\"],\"@id\":\"https:\\\/\\\/radiolitoral.com\\\/2024\\\/10\\\/detingut-a-benissa-un-fugit-perillos-de-franca-a-qui-li-constava-una-ordre-europea-de-detencio-i-lliurament\\\/\",\"url\":\"https:\\\/\\\/radiolitoral.com\\\/2024\\\/10\\\/detingut-a-benissa-un-fugit-perillos-de-franca-a-qui-li-constava-una-ordre-europea-de-detencio-i-lliurament\\\/\",\"name\":\"Detingut a Benissa un fugit perill\u00f3s de Fran\u00e7a, a qui li constava una Ordre Europea de Detenci\u00f3 i Lliurament | R\u00e0dio Litoral\",\"isPartOf\":{\"@id\":\"https:\\\/\\\/radiolitoral.com\\\/#website\"},\"primaryImageOfPage\":{\"@id\":\"https:\\\/\\\/radiolitoral.com\\\/2024\\\/10\\\/detingut-a-benissa-un-fugit-perillos-de-franca-a-qui-li-constava-una-ordre-europea-de-detencio-i-lliurament\\\/#primaryimage\"},\"image\":{\"@id\":\"https:\\\/\\\/radiolitoral.com\\\/2024\\\/10\\\/detingut-a-benissa-un-fugit-perillos-de-franca-a-qui-li-constava-una-ordre-europea-de-detencio-i-lliurament\\\/#primaryimage\"},\"thumbnailUrl\":\"https:\\\/\\\/media.radiolitoral.com\\\/wp-content\\\/uploads\\\/2024\\\/10\\\/28105132\\\/Policia-Nacional-detencion-fugitivo-Francia-en-Benissa.jpg\",\"datePublished\":\"2024-10-28T09:58:48+00:00\",\"dateModified\":\"2024-10-28T10:07:03+00:00\",\"description\":\"El pr\u00f2fug era buscat per la seua presumpta participaci\u00f3 en l'assalt d'una joieria a Marsella El pr\u00f2fug era buscat per la seua presumpta participaci\u00f3 en l'assalt d'una joieria a Marsella\",\"breadcrumb\":{\"@id\":\"https:\\\/\\\/radiolitoral.com\\\/2024\\\/10\\\/detingut-a-benissa-un-fugit-perillos-de-franca-a-qui-li-constava-una-ordre-europea-de-detencio-i-lliurament\\\/#breadcrumb\"},\"inLanguage\":\"ca\",\"potentialAction\":[{\"@type\":\"ReadAction\",\"target\":[\"https:\\\/\\\/radiolitoral.com\\\/2024\\\/10\\\/detingut-a-benissa-un-fugit-perillos-de-franca-a-qui-li-constava-una-ordre-europea-de-detencio-i-lliurament\\\/\"]}]},{\"@type\":\"ImageObject\",\"inLanguage\":\"ca\",\"@id\":\"https:\\\/\\\/radiolitoral.com\\\/2024\\\/10\\\/detingut-a-benissa-un-fugit-perillos-de-franca-a-qui-li-constava-una-ordre-europea-de-detencio-i-lliurament\\\/#primaryimage\",\"url\":\"https:\\\/\\\/media.radiolitoral.com\\\/wp-content\\\/uploads\\\/2024\\\/10\\\/28105132\\\/Policia-Nacional-detencion-fugitivo-Francia-en-Benissa.jpg\",\"contentUrl\":\"https:\\\/\\\/media.radiolitoral.com\\\/wp-content\\\/uploads\\\/2024\\\/10\\\/28105132\\\/Policia-Nacional-detencion-fugitivo-Francia-en-Benissa.jpg\",\"width\":1595,\"height\":897},{\"@type\":\"BreadcrumbList\",\"@id\":\"https:\\\/\\\/radiolitoral.com\\\/2024\\\/10\\\/detingut-a-benissa-un-fugit-perillos-de-franca-a-qui-li-constava-una-ordre-europea-de-detencio-i-lliurament\\\/#breadcrumb\",\"itemListElement\":[{\"@type\":\"ListItem\",\"position\":1,\"name\":\"Portada\",\"item\":\"https:\\\/\\\/radiolitoral.com\\\/\"},{\"@type\":\"ListItem\",\"position\":2,\"name\":\"Detingut a Benissa un fugit perill\u00f3s de Fran\u00e7a, a qui li constava una Ordre Europea de Detenci\u00f3 i Lliurament\"}]},{\"@type\":\"WebSite\",\"@id\":\"https:\\\/\\\/radiolitoral.com\\\/#website\",\"url\":\"https:\\\/\\\/radiolitoral.com\\\/\",\"name\":\"Radio Litoral\",\"description\":\"La radio local de la Marina Alta\",\"publisher\":{\"@id\":\"https:\\\/\\\/radiolitoral.com\\\/#organization\"},\"alternateName\":\"Litoral FM\",\"potentialAction\":[{\"@type\":\"SearchAction\",\"target\":{\"@type\":\"EntryPoint\",\"urlTemplate\":\"https:\\\/\\\/radiolitoral.com\\\/?s={search_term_string}\"},\"query-input\":{\"@type\":\"PropertyValueSpecification\",\"valueRequired\":true,\"valueName\":\"search_term_string\"}}],\"inLanguage\":\"ca\"},{\"@type\":\"Organization\",\"@id\":\"https:\\\/\\\/radiolitoral.com\\\/#organization\",\"name\":\"Radio Litoral\",\"url\":\"https:\\\/\\\/radiolitoral.com\\\/\",\"logo\":{\"@type\":\"ImageObject\",\"inLanguage\":\"ca\",\"@id\":\"https:\\\/\\\/radiolitoral.com\\\/#\\\/schema\\\/logo\\\/image\\\/\",\"url\":\"https:\\\/\\\/media.radiolitoral.com\\\/wp-content\\\/uploads\\\/2023\\\/02\\\/24143238\\\/CL-V-RadioLitoral696.png\",\"contentUrl\":\"https:\\\/\\\/media.radiolitoral.com\\\/wp-content\\\/uploads\\\/2023\\\/02\\\/24143238\\\/CL-V-RadioLitoral696.png\",\"width\":696,\"height\":696,\"caption\":\"Radio Litoral\"},\"image\":{\"@id\":\"https:\\\/\\\/radiolitoral.com\\\/#\\\/schema\\\/logo\\\/image\\\/\"},\"sameAs\":[\"https:\\\/\\\/www.facebook.com\\\/Laradiolitoral\\\/\"]},{\"@type\":\"Person\",\"@id\":\"https:\\\/\\\/radiolitoral.com\\\/#\\\/schema\\\/person\\\/f2b2343c49b5d721857cc1002bfdb151\",\"name\":\"Redacci\u00f3n\",\"image\":{\"@type\":\"ImageObject\",\"inLanguage\":\"ca\",\"@id\":\"https:\\\/\\\/secure.gravatar.com\\\/avatar\\\/f771d896c203ad8b3382d7905cfcce5a5c9b008b84b3cd9114e9b9f4cb63f789?s=96&d=mm&r=g\",\"url\":\"https:\\\/\\\/secure.gravatar.com\\\/avatar\\\/f771d896c203ad8b3382d7905cfcce5a5c9b008b84b3cd9114e9b9f4cb63f789?s=96&d=mm&r=g\",\"contentUrl\":\"https:\\\/\\\/secure.gravatar.com\\\/avatar\\\/f771d896c203ad8b3382d7905cfcce5a5c9b008b84b3cd9114e9b9f4cb63f789?s=96&d=mm&r=g\",\"caption\":\"Redacci\u00f3n\"},\"url\":\"https:\\\/\\\/radiolitoral.com\\\/ca\\\/author\\\/miriam-pagan\\\/\"}]}<\/script>\n<!-- \/ Yoast SEO plugin. -->","yoast_head_json":{"title":"Detingut a Benissa un fugit perill\u00f3s de Fran\u00e7a, a qui constava una Ordre Europea de Detenci\u00f3 i Lliurament | R\u00e0dio Litoral","description":"El pr\u00f2fug era buscat per la seva presumpta participaci\u00f3 a l&#039;assalt d&#039;una joieria a Marsella El pr\u00f2fug era buscat per la seva presumpta participaci\u00f3 a l&#039;assalt d&#039;una joieria a Marsella","robots":{"index":"index","follow":"follow","max-snippet":"max-snippet:-1","max-image-preview":"max-image-preview:large","max-video-preview":"max-video-preview:-1"},"canonical":"https:\/\/radiolitoral.com\/ca\/2024\/10\/detingut-a-benissa-un-fugit-perillos-de-franca-a-qui-li-constava-una-ordre-europea-de-detencio-i-entrega\/","og_locale":"ca_ES","og_type":"article","og_title":"Detingut a Benissa un fugit perill\u00f3s de Fran\u00e7a, a qui li constava una Ordre Europea de Detenci\u00f3 i Lliurament | R\u00e0dio Litoral","og_description":"El pr\u00f2fug era buscat per la seua presumpta participaci\u00f3 en l'assalt d'una joieria a Marsella El pr\u00f2fug era buscat per la seua presumpta participaci\u00f3 en l'assalt d'una joieria a Marsella","og_url":"https:\/\/radiolitoral.com\/ca\/2024\/10\/detingut-a-benissa-un-fugit-perillos-de-franca-a-qui-li-constava-una-ordre-europea-de-detencio-i-entrega\/","og_site_name":"R\u00e0dio Litoral","article_publisher":"https:\/\/www.facebook.com\/Laradiolitoral\/","article_published_time":"2024-10-28T09:58:48+00:00","article_modified_time":"2024-10-28T10:07:03+00:00","og_image":[{"width":1595,"height":897,"url":"https:\/\/media.radiolitoral.com\/wp-content\/uploads\/2024\/10\/28105132\/Policia-Nacional-detencion-fugitivo-Francia-en-Benissa.jpg","type":"image\/jpeg"}],"author":"Redacci\u00f3n","twitter_card":"summary_large_image","twitter_misc":{"Escrit per":"Redacci\u00f3n","Temps estimat de lectura":"3 minuts"},"schema":{"@context":"https:\/\/schema.org","@graph":[{"@type":"NewsArticle","@id":"https:\/\/radiolitoral.com\/2024\/10\/detingut-a-benissa-un-fugit-perillos-de-franca-a-qui-li-constava-una-ordre-europea-de-detencio-i-lliurament\/#article","isPartOf":{"@id":"https:\/\/radiolitoral.com\/2024\/10\/detingut-a-benissa-un-fugit-perillos-de-franca-a-qui-li-constava-una-ordre-europea-de-detencio-i-lliurament\/"},"author":{"name":"Redacci\u00f3n","@id":"https:\/\/radiolitoral.com\/#\/schema\/person\/f2b2343c49b5d721857cc1002bfdb151"},"headline":"Detingut a Benissa un fugit perill\u00f3s de Fran\u00e7a, a qui li constava una Ordre Europea de Detenci\u00f3 i Lliurament","datePublished":"2024-10-28T09:58:48+00:00","dateModified":"2024-10-28T10:07:03+00:00","mainEntityOfPage":{"@id":"https:\/\/radiolitoral.com\/2024\/10\/detingut-a-benissa-un-fugit-perillos-de-franca-a-qui-li-constava-una-ordre-europea-de-detencio-i-lliurament\/"},"wordCount":523,"commentCount":0,"publisher":{"@id":"https:\/\/radiolitoral.com\/#organization"},"image":{"@id":"https:\/\/radiolitoral.com\/2024\/10\/detingut-a-benissa-un-fugit-perillos-de-franca-a-qui-li-constava-una-ordre-europea-de-detencio-i-lliurament\/#primaryimage"},"thumbnailUrl":"https:\/\/media.radiolitoral.com\/wp-content\/uploads\/2024\/10\/28105132\/Policia-Nacional-detencion-fugitivo-Francia-en-Benissa.jpg","keywords":["Benissa","Detenciones","Polic\u00eda nacional","sucesos"],"articleSection":["Sucesos"],"inLanguage":"ca","potentialAction":[{"@type":"CommentAction","name":"Comment","target":["https:\/\/radiolitoral.com\/2024\/10\/detingut-a-benissa-un-fugit-perillos-de-franca-a-qui-li-constava-una-ordre-europea-de-detencio-i-lliurament\/#respond"]}]},{"@type":["WebPage","ItemPage"],"@id":"https:\/\/radiolitoral.com\/2024\/10\/detingut-a-benissa-un-fugit-perillos-de-franca-a-qui-li-constava-una-ordre-europea-de-detencio-i-lliurament\/","url":"https:\/\/radiolitoral.com\/2024\/10\/detingut-a-benissa-un-fugit-perillos-de-franca-a-qui-li-constava-una-ordre-europea-de-detencio-i-lliurament\/","name":"Detingut a Benissa un fugit perill\u00f3s de Fran\u00e7a, a qui constava una Ordre Europea de Detenci\u00f3 i Lliurament | R\u00e0dio Litoral","isPartOf":{"@id":"https:\/\/radiolitoral.com\/#website"},"primaryImageOfPage":{"@id":"https:\/\/radiolitoral.com\/2024\/10\/detingut-a-benissa-un-fugit-perillos-de-franca-a-qui-li-constava-una-ordre-europea-de-detencio-i-lliurament\/#primaryimage"},"image":{"@id":"https:\/\/radiolitoral.com\/2024\/10\/detingut-a-benissa-un-fugit-perillos-de-franca-a-qui-li-constava-una-ordre-europea-de-detencio-i-lliurament\/#primaryimage"},"thumbnailUrl":"https:\/\/media.radiolitoral.com\/wp-content\/uploads\/2024\/10\/28105132\/Policia-Nacional-detencion-fugitivo-Francia-en-Benissa.jpg","datePublished":"2024-10-28T09:58:48+00:00","dateModified":"2024-10-28T10:07:03+00:00","description":"El pr\u00f2fug era buscat per la seva presumpta participaci\u00f3 a l&#039;assalt d&#039;una joieria a Marsella El pr\u00f2fug era buscat per la seva presumpta participaci\u00f3 a l&#039;assalt d&#039;una joieria a Marsella","breadcrumb":{"@id":"https:\/\/radiolitoral.com\/2024\/10\/detingut-a-benissa-un-fugit-perillos-de-franca-a-qui-li-constava-una-ordre-europea-de-detencio-i-lliurament\/#breadcrumb"},"inLanguage":"ca","potentialAction":[{"@type":"ReadAction","target":["https:\/\/radiolitoral.com\/2024\/10\/detingut-a-benissa-un-fugit-perillos-de-franca-a-qui-li-constava-una-ordre-europea-de-detencio-i-lliurament\/"]}]},{"@type":"ImageObject","inLanguage":"ca","@id":"https:\/\/radiolitoral.com\/2024\/10\/detingut-a-benissa-un-fugit-perillos-de-franca-a-qui-li-constava-una-ordre-europea-de-detencio-i-lliurament\/#primaryimage","url":"https:\/\/media.radiolitoral.com\/wp-content\/uploads\/2024\/10\/28105132\/Policia-Nacional-detencion-fugitivo-Francia-en-Benissa.jpg","contentUrl":"https:\/\/media.radiolitoral.com\/wp-content\/uploads\/2024\/10\/28105132\/Policia-Nacional-detencion-fugitivo-Francia-en-Benissa.jpg","width":1595,"height":897},{"@type":"BreadcrumbList","@id":"https:\/\/radiolitoral.com\/2024\/10\/detingut-a-benissa-un-fugit-perillos-de-franca-a-qui-li-constava-una-ordre-europea-de-detencio-i-lliurament\/#breadcrumb","itemListElement":[{"@type":"ListItem","position":1,"name":"Portada","item":"https:\/\/radiolitoral.com\/"},{"@type":"ListItem","position":2,"name":"Detingut a Benissa un fugit perill\u00f3s de Fran\u00e7a, a qui li constava una Ordre Europea de Detenci\u00f3 i Lliurament"}]},{"@type":"WebSite","@id":"https:\/\/radiolitoral.com\/#website","url":"https:\/\/radiolitoral.com\/","name":"R\u00e0dio Litoral","description":"La r\u00e0dio local de la Marina Alta","publisher":{"@id":"https:\/\/radiolitoral.com\/#organization"},"alternateName":"Litoral FM","potentialAction":[{"@type":"SearchAction","target":{"@type":"EntryPoint","urlTemplate":"https:\/\/radiolitoral.com\/?s={search_term_string}"},"query-input":{"@type":"PropertyValueSpecification","valueRequired":true,"valueName":"search_term_string"}}],"inLanguage":"ca"},{"@type":"Organization","@id":"https:\/\/radiolitoral.com\/#organization","name":"R\u00e0dio Litoral","url":"https:\/\/radiolitoral.com\/","logo":{"@type":"ImageObject","inLanguage":"ca","@id":"https:\/\/radiolitoral.com\/#\/schema\/logo\/image\/","url":"https:\/\/media.radiolitoral.com\/wp-content\/uploads\/2023\/02\/24143238\/CL-V-RadioLitoral696.png","contentUrl":"https:\/\/media.radiolitoral.com\/wp-content\/uploads\/2023\/02\/24143238\/CL-V-RadioLitoral696.png","width":696,"height":696,"caption":"Radio Litoral"},"image":{"@id":"https:\/\/radiolitoral.com\/#\/schema\/logo\/image\/"},"sameAs":["https:\/\/www.facebook.com\/Laradiolitoral\/"]},{"@type":"Person","@id":"https:\/\/radiolitoral.com\/#\/schema\/person\/f2b2343c49b5d721857cc1002bfdb151","name":"Redacci\u00f3","image":{"@type":"ImageObject","inLanguage":"ca","@id":"https:\/\/secure.gravatar.com\/avatar\/f771d896c203ad8b3382d7905cfcce5a5c9b008b84b3cd9114e9b9f4cb63f789?s=96&d=mm&r=g","url":"https:\/\/secure.gravatar.com\/avatar\/f771d896c203ad8b3382d7905cfcce5a5c9b008b84b3cd9114e9b9f4cb63f789?s=96&d=mm&r=g","contentUrl":"https:\/\/secure.gravatar.com\/avatar\/f771d896c203ad8b3382d7905cfcce5a5c9b008b84b3cd9114e9b9f4cb63f789?s=96&d=mm&r=g","caption":"Redacci\u00f3n"},"url":"https:\/\/radiolitoral.com\/ca\/author\/miriam-pagan\/"}]}},"_links":{"self":[{"href":"https:\/\/radiolitoral.com\/ca\/wp-json\/wp\/v2\/posts\/12693","targetHints":{"allow":["GET"]}}],"collection":[{"href":"https:\/\/radiolitoral.com\/ca\/wp-json\/wp\/v2\/posts"}],"about":[{"href":"https:\/\/radiolitoral.com\/ca\/wp-json\/wp\/v2\/types\/post"}],"author":[{"embeddable":true,"href":"https:\/\/radiolitoral.com\/ca\/wp-json\/wp\/v2\/users\/13"}],"replies":[{"embeddable":true,"href":"https:\/\/radiolitoral.com\/ca\/wp-json\/wp\/v2\/comments?post=12693"}],"version-history":[{"count":3,"href":"https:\/\/radiolitoral.com\/ca\/wp-json\/wp\/v2\/posts\/12693\/revisions"}],"predecessor-version":[{"id":12697,"href":"https:\/\/radiolitoral.com\/ca\/wp-json\/wp\/v2\/posts\/12693\/revisions\/12697"}],"wp:featuredmedia":[{"embeddable":true,"href":"https:\/\/radiolitoral.com\/ca\/wp-json\/wp\/v2\/media\/12692"}],"wp:attachment":[{"href":"https:\/\/radiolitoral.com\/ca\/wp-json\/wp\/v2\/media?parent=12693"}],"wp:term":[{"taxonomy":"category","embeddable":true,"href":"https:\/\/radiolitoral.com\/ca\/wp-json\/wp\/v2\/categories?post=12693"},{"taxonomy":"post_tag","embeddable":true,"href":"https:\/\/radiolitoral.com\/ca\/wp-json\/wp\/v2\/tags?post=12693"}],"curies":[{"name":"wp","href":"https:\/\/api.w.org\/{rel}","templated":true}]}}