{"id":12678,"date":"2024-10-28T09:57:46","date_gmt":"2024-10-28T08:57:46","guid":{"rendered":"https:\/\/radiolitoral.com\/?p=12678"},"modified":"2024-10-28T09:57:46","modified_gmt":"2024-10-28T08:57:46","slug":"el-club-gimnastica-calp-brilla-a-la-fase-provincial-de-conjunts-absoluts","status":"publish","type":"post","link":"https:\/\/radiolitoral.com\/ca\/2024\/10\/el-club-gimnasia-calpe-brilla-en-la-fase-provincial-de-conjunts-absoluts\/","title":{"rendered":"El Club Gimn\u00e0sia Calp brilla a la fase Provincial de Conjunts Absoluts"},"content":{"rendered":"<p>El pavell\u00f3 de la Vila Joiosa va ser lescenari duna interessant jornada de gimn\u00e0stica r\u00edtmica, amb la disputa de la fase Provincial de Conjunts Absoluts. A\u00a0<span class=\"hiddenSuggestion\">aquesta<\/span>\u00a0important cita, el <strong>Club Gimn\u00e0sia\u00a0<span class=\"hiddenSpellError\">Calp<\/span><\/strong>\u00a0tornar\u00e0 a demostrar que \u00e9s a l&#039;<span class=\"hiddenSpellError\">\u00e8lit<\/span>\u00a0dels equips de la prov\u00edncia d&#039;Alacant.<\/p>\n<p>Les gimnastes calpines, sota la direcci\u00f3 dels seus entrenadors <strong>Montse<\/strong> i <strong>Xus\u00a0<span class=\"hiddenSpellError\">Soria<\/span><\/strong>, van aconseguir que dos dels seus conjunts pugessin al caix\u00f3 m\u00e9s alt del podi. A m\u00e9s, els resultats obtinguts els van donar el dret a classificar-se per a la fase auton\u00f2mica, un pas previ per assolir l&#039;objectiu d&#039;estar presents al Campionat d&#039;Espanya.<\/p>\n<p>El conjunt del Club Gimn\u00e0stica Calp alev\u00ed, format per les gimnastes <strong>Marina\u00a0<span class=\"hiddenSpellError\">Galstyan<\/span>,<\/strong><strong>Olga <span class=\"hiddenSpellError\">Zyablova<\/span>,\u00a0<span class=\"hiddenSpellError\">Vict\u00f2ria<\/span>\u00a0<span class=\"hiddenSpellError\">Ureche<\/span>,\u00a0<span class=\"hiddenSpellError\">Lli\u00e7a<\/span>\u00a0<span class=\"hiddenSpellError\">Voloshina<\/span>,\u00a0<span class=\"hiddenSpellError\">Sofia<\/span>\u00a0<span class=\"hiddenSpellError\">Xakhanova<\/span><\/strong>\u00a0i\u00a0<strong><span class=\"hiddenSpellError\">April<\/span>\u00a0<span class=\"hiddenSpellError\">Kolobneva<\/span><\/strong>, va oferir una actuaci\u00f3 excel\u00b7lent que els va valdre el t\u00edtol provincial.<\/p>\n<p>L&#039;altra formaci\u00f3 del Club Gimn\u00e0sia\u00a0<span class=\"hiddenSpellError\">Calp<\/span>\u00a0que va\u00a0<span class=\"hiddenSuggestion\" style=\"padding-bottom: 2px; background-image: url('..\/..\/..\/..\/..\/images\/squiggle_green.png'); background-repeat: repeat-x; background-position: left bottom; vertical-align: text-top; cursor: default; color: #565353; font-family: Arial, Helvetica, Verdana, sans-serif; font-size: 18px; font-style: normal; font-variant-ligatures: normal; font-variant-caps: normal; font-weight: 400; letter-spacing: normal; orphans: 2; text-align: start; text-indent: 0px; text-transform: none; widows: 2; word-spacing: 0px; -webkit-text-stroke-width: 0px; white-space: normal; background-color: #ffffff; text-decoration-thickness: initial; text-decoration-style: initial; text-decoration-color: initial;\">aconseguir<\/span>\u00a0pujar a l&#039;esgla\u00f3 m\u00e9s alt del podi i proclamar-se campi\u00f3 provincial va ser el conjunt Provincial, integrat pels gimnastes <strong>Ainhoa\u00a0<span class=\"hiddenSpellError\">Abat<\/span>, Ada\u00a0<span class=\"hiddenSpellError\">Ivtxenko<\/span>, Anna\u00a0<span class=\"hiddenSpellError\">Maria<\/span>\u00a0<span class=\"hiddenSpellError\">Lebedeva<\/span>,\u00a0<span class=\"hiddenSpellError\">Taisia<\/span>\u00a0<span class=\"hiddenSpellError\">Riabtceva<\/span><\/strong>\u00a0i\u00a0<strong><span class=\"hiddenSpellError\">Kaori<\/span>\u00a0<span class=\"hiddenSpellError\">Castellans<\/span><\/strong>.<\/p>\n<p>Una jornada memorable per al Club Gimn\u00e0sia\u00a0<span class=\"hiddenSpellError\">Calp<\/span>, que continuar\u00e0 treballant per obtenir \u00e8xits a la fase auton\u00f2mica i al <strong>Campionat d&#039;Espanya<\/strong>.<\/p>","protected":false},"excerpt":{"rendered":"<p>El pavell\u00f3 de la Vila Joiosa va ser l&#8217;escenari d&#8217;una interessant jornada de gimn\u00e0stica r\u00edtmica, amb la disputa de la fase Provincial de Conjunts Absoluts. En\u00a0aquesta\u00a0important cita, el Club\u00a0Gimn\u00e0sia\u00a0Calpe\u00a0va tornar a demostrar que est\u00e0 en l&#8217;\u00e8lit\u00a0dels equips de la prov\u00edncia d&#8217;Alacant. Les gimnastes calpines, sota la direcci\u00f3 de les seues entrenadores Montse i Xus\u00a0Soria, van [&#8230;]<\/p>\n<p><a class=\"btn btn-secondary understrap-read-more-link\" href=\"https:\/\/radiolitoral.com\/ca\/2024\/10\/el-club-gimnasia-calpe-brilla-en-la-fase-provincial-de-conjunts-absoluts\/\">Continua llegint&#8230;<span class=\"screen-reader-text\"> from El Club Gimn\u00e0sia Calpe brilla en la fase Provincial de Conjunts Absoluts<\/span><\/a><\/p>\n","protected":false},"author":12,"featured_media":12679,"comment_status":"open","ping_status":"closed","sticky":false,"template":"","format":"standard","meta":{"_acf_changed":false,"inline_featured_image":false,"footnotes":""},"categories":[5],"tags":[1394,1396,1393,2650,1387,6,1395,1388,1078,1401,1390,1391,2651,1392,1402],"class_list":["post-12678","post","type-post","status-publish","format-standard","has-post-thumbnail","hentry","category-deportes","tag-ada-ivchenko","tag-ainhoa-abad","tag-anna-maria-lebedeva","tag-april-kolobneva","tag-club-gimnasia-calpe","tag-deportes","tag-kaori-castellanos","tag-liza-voloshina","tag-marina-galstyan","tag-montse-soria","tag-olga-zyablova","tag-sofia-shakhanova","tag-taisiia-riabtceva","tag-victoria-ureche","tag-xus-soria","cobertura-calp"],"acf":[],"yoast_head":"<!-- This site is optimized with the Yoast SEO plugin v27.5 - https:\/\/yoast.com\/product\/yoast-seo-wordpress\/ -->\n<title>El Club Gimn\u00e0sia Calpe brilla en la fase Provincial de Conjunts Absoluts | R\u00e0dio Litoral<\/title>\n<meta name=\"description\" content=\"Dos conjunts calpins es proclamen campions provincials en una jornada memorable a la Vila JoiosaDos conjunts calpins es proclamen campions provincials en una jornada memorable a la Vila Joiosa\" \/>\n<meta name=\"robots\" content=\"index, follow, max-snippet:-1, max-image-preview:large, max-video-preview:-1\" \/>\n<link rel=\"canonical\" href=\"https:\/\/radiolitoral.com\/ca\/2024\/10\/el-club-gimnastica-calp-brilla-a-la-fase-provincial-de-conjunts-absoluts\/\" \/>\n<meta property=\"og:locale\" content=\"ca_ES\" \/>\n<meta property=\"og:type\" content=\"article\" \/>\n<meta property=\"og:title\" content=\"El Club Gimn\u00e0sia Calpe brilla en la fase Provincial de Conjunts Absoluts | R\u00e0dio Litoral\" \/>\n<meta property=\"og:description\" content=\"Dos conjunts calpins es proclamen campions provincials en una jornada memorable a la Vila JoiosaDos conjunts calpins es proclamen campions provincials en una jornada memorable a la Vila Joiosa\" \/>\n<meta property=\"og:url\" content=\"https:\/\/radiolitoral.com\/ca\/2024\/10\/el-club-gimnastica-calp-brilla-a-la-fase-provincial-de-conjunts-absoluts\/\" \/>\n<meta property=\"og:site_name\" content=\"R\u00e0dio Litoral\" \/>\n<meta property=\"article:publisher\" content=\"https:\/\/www.facebook.com\/Laradiolitoral\/\" \/>\n<meta property=\"article:published_time\" content=\"2024-10-28T08:57:46+00:00\" \/>\n<meta property=\"og:image\" content=\"https:\/\/media.radiolitoral.com\/wp-content\/uploads\/2024\/10\/28095253\/gimnastas-del-CG-Calpe-con-sus-entrenadores.jpg\" \/>\n\t<meta property=\"og:image:width\" content=\"1024\" \/>\n\t<meta property=\"og:image:height\" content=\"768\" \/>\n\t<meta property=\"og:image:type\" content=\"image\/jpeg\" \/>\n<meta name=\"author\" content=\"Javier Zamora\" \/>\n<meta name=\"twitter:card\" content=\"summary_large_image\" \/>\n<meta name=\"twitter:label1\" content=\"Escrit per\" \/>\n\t<meta name=\"twitter:data1\" content=\"Javier Zamora\" \/>\n\t<meta name=\"twitter:label2\" content=\"Temps estimat de lectura\" \/>\n\t<meta name=\"twitter:data2\" content=\"2 minuts\" \/>\n<script type=\"application\/ld+json\" class=\"yoast-schema-graph\">{\"@context\":\"https:\\\/\\\/schema.org\",\"@graph\":[{\"@type\":\"NewsArticle\",\"@id\":\"https:\\\/\\\/radiolitoral.com\\\/2024\\\/10\\\/el-club-gimnasia-calpe-brilla-en-la-fase-provincial-de-conjunts-absoluts\\\/#article\",\"isPartOf\":{\"@id\":\"https:\\\/\\\/radiolitoral.com\\\/2024\\\/10\\\/el-club-gimnasia-calpe-brilla-en-la-fase-provincial-de-conjunts-absoluts\\\/\"},\"author\":{\"name\":\"Javier Zamora\",\"@id\":\"https:\\\/\\\/radiolitoral.com\\\/#\\\/schema\\\/person\\\/7b1480b5caeb5acdd4ec6379caf62b22\"},\"headline\":\"El Club Gimn\u00e0sia Calpe brilla en la fase Provincial de Conjunts Absoluts\",\"datePublished\":\"2024-10-28T08:57:46+00:00\",\"mainEntityOfPage\":{\"@id\":\"https:\\\/\\\/radiolitoral.com\\\/2024\\\/10\\\/el-club-gimnasia-calpe-brilla-en-la-fase-provincial-de-conjunts-absoluts\\\/\"},\"wordCount\":242,\"commentCount\":0,\"publisher\":{\"@id\":\"https:\\\/\\\/radiolitoral.com\\\/#organization\"},\"image\":{\"@id\":\"https:\\\/\\\/radiolitoral.com\\\/2024\\\/10\\\/el-club-gimnasia-calpe-brilla-en-la-fase-provincial-de-conjunts-absoluts\\\/#primaryimage\"},\"thumbnailUrl\":\"https:\\\/\\\/media.radiolitoral.com\\\/wp-content\\\/uploads\\\/2024\\\/10\\\/28095253\\\/gimnastas-del-CG-Calpe-con-sus-entrenadores.jpg\",\"keywords\":[\"Ada Ivchenko\",\"Ainhoa Abad\",\"Anna Mar\u00eda Lebedeva\",\"April\u00a0Kolobneva\",\"Club Gimnasia Calpe\",\"deportes\",\"Kaori Castellanos\",\"Liza Voloshina\",\"Marina Galstyan\",\"Montse Soria\",\"Olga Zyablova\",\"Sof\u00eda Shakhanova\",\"Taisiia\u00a0Riabtceva\",\"Victoria Ureche\",\"Xus Soria\"],\"articleSection\":[\"Deportes\"],\"inLanguage\":\"ca\",\"potentialAction\":[{\"@type\":\"CommentAction\",\"name\":\"Comment\",\"target\":[\"https:\\\/\\\/radiolitoral.com\\\/2024\\\/10\\\/el-club-gimnasia-calpe-brilla-en-la-fase-provincial-de-conjunts-absoluts\\\/#respond\"]}]},{\"@type\":[\"WebPage\",\"ItemPage\"],\"@id\":\"https:\\\/\\\/radiolitoral.com\\\/2024\\\/10\\\/el-club-gimnasia-calpe-brilla-en-la-fase-provincial-de-conjunts-absoluts\\\/\",\"url\":\"https:\\\/\\\/radiolitoral.com\\\/2024\\\/10\\\/el-club-gimnasia-calpe-brilla-en-la-fase-provincial-de-conjunts-absoluts\\\/\",\"name\":\"El Club Gimn\u00e0sia Calpe brilla en la fase Provincial de Conjunts Absoluts | R\u00e0dio Litoral\",\"isPartOf\":{\"@id\":\"https:\\\/\\\/radiolitoral.com\\\/#website\"},\"primaryImageOfPage\":{\"@id\":\"https:\\\/\\\/radiolitoral.com\\\/2024\\\/10\\\/el-club-gimnasia-calpe-brilla-en-la-fase-provincial-de-conjunts-absoluts\\\/#primaryimage\"},\"image\":{\"@id\":\"https:\\\/\\\/radiolitoral.com\\\/2024\\\/10\\\/el-club-gimnasia-calpe-brilla-en-la-fase-provincial-de-conjunts-absoluts\\\/#primaryimage\"},\"thumbnailUrl\":\"https:\\\/\\\/media.radiolitoral.com\\\/wp-content\\\/uploads\\\/2024\\\/10\\\/28095253\\\/gimnastas-del-CG-Calpe-con-sus-entrenadores.jpg\",\"datePublished\":\"2024-10-28T08:57:46+00:00\",\"description\":\"Dos conjunts calpins es proclamen campions provincials en una jornada memorable a la Vila JoiosaDos conjunts calpins es proclamen campions provincials en una jornada memorable a la Vila Joiosa\",\"breadcrumb\":{\"@id\":\"https:\\\/\\\/radiolitoral.com\\\/2024\\\/10\\\/el-club-gimnasia-calpe-brilla-en-la-fase-provincial-de-conjunts-absoluts\\\/#breadcrumb\"},\"inLanguage\":\"ca\",\"potentialAction\":[{\"@type\":\"ReadAction\",\"target\":[\"https:\\\/\\\/radiolitoral.com\\\/2024\\\/10\\\/el-club-gimnasia-calpe-brilla-en-la-fase-provincial-de-conjunts-absoluts\\\/\"]}]},{\"@type\":\"ImageObject\",\"inLanguage\":\"ca\",\"@id\":\"https:\\\/\\\/radiolitoral.com\\\/2024\\\/10\\\/el-club-gimnasia-calpe-brilla-en-la-fase-provincial-de-conjunts-absoluts\\\/#primaryimage\",\"url\":\"https:\\\/\\\/media.radiolitoral.com\\\/wp-content\\\/uploads\\\/2024\\\/10\\\/28095253\\\/gimnastas-del-CG-Calpe-con-sus-entrenadores.jpg\",\"contentUrl\":\"https:\\\/\\\/media.radiolitoral.com\\\/wp-content\\\/uploads\\\/2024\\\/10\\\/28095253\\\/gimnastas-del-CG-Calpe-con-sus-entrenadores.jpg\",\"width\":1024,\"height\":768},{\"@type\":\"BreadcrumbList\",\"@id\":\"https:\\\/\\\/radiolitoral.com\\\/2024\\\/10\\\/el-club-gimnasia-calpe-brilla-en-la-fase-provincial-de-conjunts-absoluts\\\/#breadcrumb\",\"itemListElement\":[{\"@type\":\"ListItem\",\"position\":1,\"name\":\"Portada\",\"item\":\"https:\\\/\\\/radiolitoral.com\\\/\"},{\"@type\":\"ListItem\",\"position\":2,\"name\":\"El Club Gimn\u00e0sia Calpe brilla en la fase Provincial de Conjunts Absoluts\"}]},{\"@type\":\"WebSite\",\"@id\":\"https:\\\/\\\/radiolitoral.com\\\/#website\",\"url\":\"https:\\\/\\\/radiolitoral.com\\\/\",\"name\":\"Radio Litoral\",\"description\":\"La radio local de la Marina Alta\",\"publisher\":{\"@id\":\"https:\\\/\\\/radiolitoral.com\\\/#organization\"},\"alternateName\":\"Litoral FM\",\"potentialAction\":[{\"@type\":\"SearchAction\",\"target\":{\"@type\":\"EntryPoint\",\"urlTemplate\":\"https:\\\/\\\/radiolitoral.com\\\/?s={search_term_string}\"},\"query-input\":{\"@type\":\"PropertyValueSpecification\",\"valueRequired\":true,\"valueName\":\"search_term_string\"}}],\"inLanguage\":\"ca\"},{\"@type\":\"Organization\",\"@id\":\"https:\\\/\\\/radiolitoral.com\\\/#organization\",\"name\":\"Radio Litoral\",\"url\":\"https:\\\/\\\/radiolitoral.com\\\/\",\"logo\":{\"@type\":\"ImageObject\",\"inLanguage\":\"ca\",\"@id\":\"https:\\\/\\\/radiolitoral.com\\\/#\\\/schema\\\/logo\\\/image\\\/\",\"url\":\"https:\\\/\\\/media.radiolitoral.com\\\/wp-content\\\/uploads\\\/2023\\\/02\\\/24143238\\\/CL-V-RadioLitoral696.png\",\"contentUrl\":\"https:\\\/\\\/media.radiolitoral.com\\\/wp-content\\\/uploads\\\/2023\\\/02\\\/24143238\\\/CL-V-RadioLitoral696.png\",\"width\":696,\"height\":696,\"caption\":\"Radio Litoral\"},\"image\":{\"@id\":\"https:\\\/\\\/radiolitoral.com\\\/#\\\/schema\\\/logo\\\/image\\\/\"},\"sameAs\":[\"https:\\\/\\\/www.facebook.com\\\/Laradiolitoral\\\/\"]},{\"@type\":\"Person\",\"@id\":\"https:\\\/\\\/radiolitoral.com\\\/#\\\/schema\\\/person\\\/7b1480b5caeb5acdd4ec6379caf62b22\",\"name\":\"Javier Zamora\",\"image\":{\"@type\":\"ImageObject\",\"inLanguage\":\"ca\",\"@id\":\"https:\\\/\\\/secure.gravatar.com\\\/avatar\\\/467a11f6918c7d619c4043fc6fa2d3853053107973f05b6e9c04ea6c4e3a7b3f?s=96&d=mm&r=g\",\"url\":\"https:\\\/\\\/secure.gravatar.com\\\/avatar\\\/467a11f6918c7d619c4043fc6fa2d3853053107973f05b6e9c04ea6c4e3a7b3f?s=96&d=mm&r=g\",\"contentUrl\":\"https:\\\/\\\/secure.gravatar.com\\\/avatar\\\/467a11f6918c7d619c4043fc6fa2d3853053107973f05b6e9c04ea6c4e3a7b3f?s=96&d=mm&r=g\",\"caption\":\"Javier Zamora\"},\"url\":\"https:\\\/\\\/radiolitoral.com\\\/ca\\\/author\\\/javier-zamora\\\/\"}]}<\/script>\n<!-- \/ Yoast SEO plugin. -->","yoast_head_json":{"title":"El Club Gimn\u00e0sia Calp brilla a la fase Provincial de Conjunts Absoluts | R\u00e0dio Litoral","description":"Dos conjunts calpins s\u00f3n proclamen campions provincials en una jornada memorable a la Vila Joiosa Dos conjunts calpins s\u00f3n proclamen campions provincials en una jornada memorable a la Vila Joiosa","robots":{"index":"index","follow":"follow","max-snippet":"max-snippet:-1","max-image-preview":"max-image-preview:large","max-video-preview":"max-video-preview:-1"},"canonical":"https:\/\/radiolitoral.com\/ca\/2024\/10\/el-club-gimnastica-calp-brilla-a-la-fase-provincial-de-conjunts-absoluts\/","og_locale":"ca_ES","og_type":"article","og_title":"El Club Gimn\u00e0sia Calpe brilla en la fase Provincial de Conjunts Absoluts | R\u00e0dio Litoral","og_description":"Dos conjunts calpins es proclamen campions provincials en una jornada memorable a la Vila JoiosaDos conjunts calpins es proclamen campions provincials en una jornada memorable a la Vila Joiosa","og_url":"https:\/\/radiolitoral.com\/ca\/2024\/10\/el-club-gimnastica-calp-brilla-a-la-fase-provincial-de-conjunts-absoluts\/","og_site_name":"R\u00e0dio Litoral","article_publisher":"https:\/\/www.facebook.com\/Laradiolitoral\/","article_published_time":"2024-10-28T08:57:46+00:00","og_image":[{"width":1024,"height":768,"url":"https:\/\/media.radiolitoral.com\/wp-content\/uploads\/2024\/10\/28095253\/gimnastas-del-CG-Calpe-con-sus-entrenadores.jpg","type":"image\/jpeg"}],"author":"Javier Zamora","twitter_card":"summary_large_image","twitter_misc":{"Escrit per":"Javier Zamora","Temps estimat de lectura":"2 minuts"},"schema":{"@context":"https:\/\/schema.org","@graph":[{"@type":"NewsArticle","@id":"https:\/\/radiolitoral.com\/2024\/10\/el-club-gimnasia-calpe-brilla-en-la-fase-provincial-de-conjunts-absoluts\/#article","isPartOf":{"@id":"https:\/\/radiolitoral.com\/2024\/10\/el-club-gimnasia-calpe-brilla-en-la-fase-provincial-de-conjunts-absoluts\/"},"author":{"name":"Javier Zamora","@id":"https:\/\/radiolitoral.com\/#\/schema\/person\/7b1480b5caeb5acdd4ec6379caf62b22"},"headline":"El Club Gimn\u00e0sia Calpe brilla en la fase Provincial de Conjunts Absoluts","datePublished":"2024-10-28T08:57:46+00:00","mainEntityOfPage":{"@id":"https:\/\/radiolitoral.com\/2024\/10\/el-club-gimnasia-calpe-brilla-en-la-fase-provincial-de-conjunts-absoluts\/"},"wordCount":242,"commentCount":0,"publisher":{"@id":"https:\/\/radiolitoral.com\/#organization"},"image":{"@id":"https:\/\/radiolitoral.com\/2024\/10\/el-club-gimnasia-calpe-brilla-en-la-fase-provincial-de-conjunts-absoluts\/#primaryimage"},"thumbnailUrl":"https:\/\/media.radiolitoral.com\/wp-content\/uploads\/2024\/10\/28095253\/gimnastas-del-CG-Calpe-con-sus-entrenadores.jpg","keywords":["Ada Ivchenko","Ainhoa Abad","Anna Mar\u00eda Lebedeva","April\u00a0Kolobneva","Club Gimnasia Calpe","deportes","Kaori Castellanos","Liza Voloshina","Marina Galstyan","Montse Soria","Olga Zyablova","Sof\u00eda Shakhanova","Taisiia\u00a0Riabtceva","Victoria Ureche","Xus Soria"],"articleSection":["Deportes"],"inLanguage":"ca","potentialAction":[{"@type":"CommentAction","name":"Comment","target":["https:\/\/radiolitoral.com\/2024\/10\/el-club-gimnasia-calpe-brilla-en-la-fase-provincial-de-conjunts-absoluts\/#respond"]}]},{"@type":["WebPage","ItemPage"],"@id":"https:\/\/radiolitoral.com\/2024\/10\/el-club-gimnasia-calpe-brilla-en-la-fase-provincial-de-conjunts-absoluts\/","url":"https:\/\/radiolitoral.com\/2024\/10\/el-club-gimnasia-calpe-brilla-en-la-fase-provincial-de-conjunts-absoluts\/","name":"El Club Gimn\u00e0sia Calp brilla a la fase Provincial de Conjunts Absoluts | R\u00e0dio Litoral","isPartOf":{"@id":"https:\/\/radiolitoral.com\/#website"},"primaryImageOfPage":{"@id":"https:\/\/radiolitoral.com\/2024\/10\/el-club-gimnasia-calpe-brilla-en-la-fase-provincial-de-conjunts-absoluts\/#primaryimage"},"image":{"@id":"https:\/\/radiolitoral.com\/2024\/10\/el-club-gimnasia-calpe-brilla-en-la-fase-provincial-de-conjunts-absoluts\/#primaryimage"},"thumbnailUrl":"https:\/\/media.radiolitoral.com\/wp-content\/uploads\/2024\/10\/28095253\/gimnastas-del-CG-Calpe-con-sus-entrenadores.jpg","datePublished":"2024-10-28T08:57:46+00:00","description":"Dos conjunts calpins s\u00f3n proclamen campions provincials en una jornada memorable a la Vila Joiosa Dos conjunts calpins s\u00f3n proclamen campions provincials en una jornada memorable a la Vila Joiosa","breadcrumb":{"@id":"https:\/\/radiolitoral.com\/2024\/10\/el-club-gimnasia-calpe-brilla-en-la-fase-provincial-de-conjunts-absoluts\/#breadcrumb"},"inLanguage":"ca","potentialAction":[{"@type":"ReadAction","target":["https:\/\/radiolitoral.com\/2024\/10\/el-club-gimnasia-calpe-brilla-en-la-fase-provincial-de-conjunts-absoluts\/"]}]},{"@type":"ImageObject","inLanguage":"ca","@id":"https:\/\/radiolitoral.com\/2024\/10\/el-club-gimnasia-calpe-brilla-en-la-fase-provincial-de-conjunts-absoluts\/#primaryimage","url":"https:\/\/media.radiolitoral.com\/wp-content\/uploads\/2024\/10\/28095253\/gimnastas-del-CG-Calpe-con-sus-entrenadores.jpg","contentUrl":"https:\/\/media.radiolitoral.com\/wp-content\/uploads\/2024\/10\/28095253\/gimnastas-del-CG-Calpe-con-sus-entrenadores.jpg","width":1024,"height":768},{"@type":"BreadcrumbList","@id":"https:\/\/radiolitoral.com\/2024\/10\/el-club-gimnasia-calpe-brilla-en-la-fase-provincial-de-conjunts-absoluts\/#breadcrumb","itemListElement":[{"@type":"ListItem","position":1,"name":"Portada","item":"https:\/\/radiolitoral.com\/"},{"@type":"ListItem","position":2,"name":"El Club Gimn\u00e0sia Calpe brilla en la fase Provincial de Conjunts Absoluts"}]},{"@type":"WebSite","@id":"https:\/\/radiolitoral.com\/#website","url":"https:\/\/radiolitoral.com\/","name":"R\u00e0dio Litoral","description":"La r\u00e0dio local de la Marina Alta","publisher":{"@id":"https:\/\/radiolitoral.com\/#organization"},"alternateName":"Litoral FM","potentialAction":[{"@type":"SearchAction","target":{"@type":"EntryPoint","urlTemplate":"https:\/\/radiolitoral.com\/?s={search_term_string}"},"query-input":{"@type":"PropertyValueSpecification","valueRequired":true,"valueName":"search_term_string"}}],"inLanguage":"ca"},{"@type":"Organization","@id":"https:\/\/radiolitoral.com\/#organization","name":"R\u00e0dio Litoral","url":"https:\/\/radiolitoral.com\/","logo":{"@type":"ImageObject","inLanguage":"ca","@id":"https:\/\/radiolitoral.com\/#\/schema\/logo\/image\/","url":"https:\/\/media.radiolitoral.com\/wp-content\/uploads\/2023\/02\/24143238\/CL-V-RadioLitoral696.png","contentUrl":"https:\/\/media.radiolitoral.com\/wp-content\/uploads\/2023\/02\/24143238\/CL-V-RadioLitoral696.png","width":696,"height":696,"caption":"Radio Litoral"},"image":{"@id":"https:\/\/radiolitoral.com\/#\/schema\/logo\/image\/"},"sameAs":["https:\/\/www.facebook.com\/Laradiolitoral\/"]},{"@type":"Person","@id":"https:\/\/radiolitoral.com\/#\/schema\/person\/7b1480b5caeb5acdd4ec6379caf62b22","name":"Javier Zamora","image":{"@type":"ImageObject","inLanguage":"ca","@id":"https:\/\/secure.gravatar.com\/avatar\/467a11f6918c7d619c4043fc6fa2d3853053107973f05b6e9c04ea6c4e3a7b3f?s=96&d=mm&r=g","url":"https:\/\/secure.gravatar.com\/avatar\/467a11f6918c7d619c4043fc6fa2d3853053107973f05b6e9c04ea6c4e3a7b3f?s=96&d=mm&r=g","contentUrl":"https:\/\/secure.gravatar.com\/avatar\/467a11f6918c7d619c4043fc6fa2d3853053107973f05b6e9c04ea6c4e3a7b3f?s=96&d=mm&r=g","caption":"Javier Zamora"},"url":"https:\/\/radiolitoral.com\/ca\/author\/javier-zamora\/"}]}},"_links":{"self":[{"href":"https:\/\/radiolitoral.com\/ca\/wp-json\/wp\/v2\/posts\/12678","targetHints":{"allow":["GET"]}}],"collection":[{"href":"https:\/\/radiolitoral.com\/ca\/wp-json\/wp\/v2\/posts"}],"about":[{"href":"https:\/\/radiolitoral.com\/ca\/wp-json\/wp\/v2\/types\/post"}],"author":[{"embeddable":true,"href":"https:\/\/radiolitoral.com\/ca\/wp-json\/wp\/v2\/users\/12"}],"replies":[{"embeddable":true,"href":"https:\/\/radiolitoral.com\/ca\/wp-json\/wp\/v2\/comments?post=12678"}],"version-history":[{"count":2,"href":"https:\/\/radiolitoral.com\/ca\/wp-json\/wp\/v2\/posts\/12678\/revisions"}],"predecessor-version":[{"id":12681,"href":"https:\/\/radiolitoral.com\/ca\/wp-json\/wp\/v2\/posts\/12678\/revisions\/12681"}],"wp:featuredmedia":[{"embeddable":true,"href":"https:\/\/radiolitoral.com\/ca\/wp-json\/wp\/v2\/media\/12679"}],"wp:attachment":[{"href":"https:\/\/radiolitoral.com\/ca\/wp-json\/wp\/v2\/media?parent=12678"}],"wp:term":[{"taxonomy":"category","embeddable":true,"href":"https:\/\/radiolitoral.com\/ca\/wp-json\/wp\/v2\/categories?post=12678"},{"taxonomy":"post_tag","embeddable":true,"href":"https:\/\/radiolitoral.com\/ca\/wp-json\/wp\/v2\/tags?post=12678"}],"curies":[{"name":"wp","href":"https:\/\/api.w.org\/{rel}","templated":true}]}}