{"id":12660,"date":"2024-10-25T11:01:37","date_gmt":"2024-10-25T09:01:37","guid":{"rendered":"https:\/\/radiolitoral.com\/?p=12660"},"modified":"2024-10-25T11:01:37","modified_gmt":"2024-10-25T09:01:37","slug":"el-poble-nou-de-benitatxell-i-altea-col%c2%b7laboren-per-avancar-en-turisme-sostenible-i-intel%c2%b7ligent","status":"publish","type":"post","link":"https:\/\/radiolitoral.com\/ca\/2024\/10\/el-poble-nou-de-benitatxell-i-altea-col%c2%b7laboren-per-avancar-en-turisme-sostenible-i-intel%c2%b7ligent\/","title":{"rendered":"El Poble Nou de Benitatxell i Altea col\u00b7laborin per avan\u00e7ar en turisme sostenible i intel\u00b7ligent"},"content":{"rendered":"<p>Els ajuntaments del <a href=\"https:\/\/www.elpoblenoudebenitatxell.com\/va\/\">Poble Nou de Benitatxell<\/a> i <strong>Altea<\/strong> han unit esfor\u00e7os per impulsar els seus projectes de turisme sostenible i destins intel\u00b7ligents. La setmana passada, t\u00e8cnics i regidors de l&#039;\u00e0rea de turisme de <strong>Benitatxell<\/strong> visitaran <strong>Altea<\/strong> per intercanviar experi\u00e8ncies. Concretament, a l&#039;execuci\u00f3 dels seus respectius <strong>Plans de Sostenibilitat Tur\u00edstica a Destins (PSTD)<\/strong>. Aquests plans estan finan\u00e7ats per fons europeus i tenen com a objectiu la transformaci\u00f3 cap a un turisme m\u00e9s intel\u00b7ligent i sostenible.<\/p>\n<p>Recentment, <strong>Benitatxell<\/strong> ha rebut una subvenci\u00f3 de <strong>2.441.513 euros<\/strong> gr\u00e0cies al <strong>Pla de Recuperaci\u00f3, Transformaci\u00f3 i Resili\u00e8ncia (PRTR)<\/strong> de la <strong>Uni\u00f3 Europea<\/strong>. Aquest suport financer permetr\u00e0 dur a terme actuacions que no serien possibles amb els recursos del municipi. Per part seva, <strong>Altea<\/strong> ja compta amb un projecte de quatre milions d&#039;euros, cofinan\u00e7at pel Ministeri, la Generalitat i el consistori local, que posiciona la ciutat com a model a seguir en turisme sostenible i intel\u00b7ligent.<\/p>\n<h3><strong>Millors per a la comunitat i mirant al desenvolupament d&#039;un turisme sostenible<\/strong><\/h3>\n<p>El regidor de Turisme de <strong>Benitatxell<\/strong>, <strong>V\u00edctor Bisquert<\/strong>, va destacar l&#039;impacte positiu d&#039;aquestes inversions. Partides que suposen una millora significativa als serveis tur\u00edstics i tamb\u00e9 per a la poblaci\u00f3 local. \u00abGr\u00e0cies a aquesta subvenci\u00f3, implementarem tecnologia que optimitzar\u00e0 recursos essencials per al nostre poble\u00bb, va explicar. Entre altres aspectes, aquestes millores contemplin una gesti\u00f3 m\u00e9s eficient de laigua i un sistema de recollida de residus m\u00e9s sostenible.<\/p>\n<p><strong>Javi Cabrera<\/strong>, regidor de Noves Tecnologies, va afegir que les inversions afavoriran el dia a dia de la ciutadania. Ho aconseguiran amb canvis importants en \u00e0rees com el transport i les comunicacions.<\/p>\n<p>En aquesta mateixa l\u00ednia, <strong>Germ\u00e1n Manj\u00f3n<\/strong>, regidor de Noves Tecnologies d&#039;<strong>Altea<\/strong>, va remarcar la import\u00e0ncia de col\u00b7laborar amb municipis propers per compartir experi\u00e8ncies i avan\u00e7ar junts cap a models sostenibles. Va afirmar que <strong>Altea<\/strong> est\u00e0 encantada de donar suport a altres municipis que aspirin al distintiu de <strong>Destins Tur\u00edstics Intel\u00b7ligents (DTI)<\/strong> o treballin per un turisme m\u00e9s responsable.<\/p>\n<p>El projecte ha estat coordinat per <strong>Xelus It<\/strong>, l&#039;empresa valenciana que gestiona els dos plans de sostenibilitat tur\u00edstica, la qual ha facilitat aquest intercanvi per accelerar l&#039;adopci\u00f3 de models tur\u00edstics m\u00e9s sostenibles i intel\u00b7ligents a tots dos municipis.<\/p>","protected":false},"excerpt":{"rendered":"<p>Els ajuntaments del Poble Nou de Benitatxell i Altea han unit esfor\u00e7os per impulsar els seus projectes de turisme sostenible i destins intel\u00b7ligents. La setmana passada, t\u00e8cnics i regidors de l\u2019\u00e0rea de turisme de Benitatxell van visitar Altea per a intercanviar experi\u00e8ncies. Concretament, en l&#8217;execuci\u00f3 dels seus respectius Plans de Sostenibilitat Tur\u00edstica en Destins (PSTD). [&#8230;]<\/p>\n<p><a class=\"btn btn-secondary understrap-read-more-link\" href=\"https:\/\/radiolitoral.com\/ca\/2024\/10\/el-poble-nou-de-benitatxell-i-altea-col%c2%b7laboren-per-avancar-en-turisme-sostenible-i-intel%c2%b7ligent\/\">Continua llegint&#8230;<span class=\"screen-reader-text\"> from El Poble Nou de Benitatxell i Altea col\u00b7laboren per avan\u00e7ar en turisme sostenible i intel\u00b7ligent<\/span><\/a><\/p>\n","protected":false},"author":13,"featured_media":12662,"comment_status":"open","ping_status":"closed","sticky":false,"template":"","format":"standard","meta":{"_acf_changed":false,"inline_featured_image":false,"footnotes":""},"categories":[144],"tags":[2149,2644,185,2643,2646,1350,2642,2645,2647],"class_list":["post-12660","post","type-post","status-publish","format-standard","has-post-thumbnail","hentry","category-turismo","tag-altea","tag-destins-turistics-intelligents","tag-el-poble-nou-de-benitatxell","tag-fons-europeus","tag-german-manjon","tag-javi-cabrera","tag-turisme-sostenible","tag-victor-bisquert","tag-xelus-it","cobertura-poble-nou-de-benitatxell"],"acf":[],"yoast_head":"<!-- This site is optimized with the Yoast SEO plugin v27.5 - https:\/\/yoast.com\/product\/yoast-seo-wordpress\/ -->\n<title>Benitatxell i Altea col\u00b7laboren per avan\u00e7ar en turisme sostenible | R\u00e0dio Litoral<\/title>\n<meta name=\"description\" content=\"Van intercanviar experi\u00e8ncies en l&#039;execuci\u00f3 dels seus respectius PSTD per un turisme sostenible i m\u00e9s intel\u00b7ligent.\" \/>\n<meta name=\"robots\" content=\"index, follow, max-snippet:-1, max-image-preview:large, max-video-preview:-1\" \/>\n<link rel=\"canonical\" href=\"https:\/\/radiolitoral.com\/ca\/2024\/10\/el-poble-nou-de-benitatxell-i-altea-col\u00b7laboren-per-avancar-en-turisme-sostenible-i-intel\u00b7ligent\/\" \/>\n<meta property=\"og:locale\" content=\"ca_ES\" \/>\n<meta property=\"og:type\" content=\"article\" \/>\n<meta property=\"og:title\" content=\"Benitatxell i Altea col\u00b7laboren per avan\u00e7ar en turisme sostenible | R\u00e0dio Litoral\" \/>\n<meta property=\"og:description\" content=\"Van intercanviar experi\u00e8ncies en l&#039;execuci\u00f3 dels seus respectius PSTD per un turisme sostenible i m\u00e9s intel\u00b7ligent.\" \/>\n<meta property=\"og:url\" content=\"https:\/\/radiolitoral.com\/ca\/2024\/10\/el-poble-nou-de-benitatxell-i-altea-col\u00b7laboren-per-avancar-en-turisme-sostenible-i-intel\u00b7ligent\/\" \/>\n<meta property=\"og:site_name\" content=\"R\u00e0dio Litoral\" \/>\n<meta property=\"article:publisher\" content=\"https:\/\/www.facebook.com\/Laradiolitoral\/\" \/>\n<meta property=\"article:published_time\" content=\"2024-10-25T09:01:37+00:00\" \/>\n<meta property=\"og:image\" content=\"https:\/\/media.radiolitoral.com\/wp-content\/uploads\/2024\/10\/25110113\/2745.jpg\" \/>\n\t<meta property=\"og:image:width\" content=\"2000\" \/>\n\t<meta property=\"og:image:height\" content=\"1125\" \/>\n\t<meta property=\"og:image:type\" content=\"image\/jpeg\" \/>\n<meta name=\"author\" content=\"Redacci\u00f3n\" \/>\n<meta name=\"twitter:card\" content=\"summary_large_image\" \/>\n<meta name=\"twitter:label1\" content=\"Escrit per\" \/>\n\t<meta name=\"twitter:data1\" content=\"Redacci\u00f3n\" \/>\n\t<meta name=\"twitter:label2\" content=\"Temps estimat de lectura\" \/>\n\t<meta name=\"twitter:data2\" content=\"2 minuts\" \/>\n<script type=\"application\/ld+json\" class=\"yoast-schema-graph\">{\"@context\":\"https:\\\/\\\/schema.org\",\"@graph\":[{\"@type\":\"NewsArticle\",\"@id\":\"https:\\\/\\\/radiolitoral.com\\\/2024\\\/10\\\/el-poble-nou-de-benitatxell-i-altea-col%c2%b7laboren-per-avancar-en-turisme-sostenible-i-intel%c2%b7ligent\\\/#article\",\"isPartOf\":{\"@id\":\"https:\\\/\\\/radiolitoral.com\\\/2024\\\/10\\\/el-poble-nou-de-benitatxell-i-altea-col%c2%b7laboren-per-avancar-en-turisme-sostenible-i-intel%c2%b7ligent\\\/\"},\"author\":{\"name\":\"Redacci\u00f3n\",\"@id\":\"https:\\\/\\\/radiolitoral.com\\\/#\\\/schema\\\/person\\\/f2b2343c49b5d721857cc1002bfdb151\"},\"headline\":\"El Poble Nou de Benitatxell i Altea col\u00b7laboren per avan\u00e7ar en turisme sostenible i intel\u00b7ligent\",\"datePublished\":\"2024-10-25T09:01:37+00:00\",\"mainEntityOfPage\":{\"@id\":\"https:\\\/\\\/radiolitoral.com\\\/2024\\\/10\\\/el-poble-nou-de-benitatxell-i-altea-col%c2%b7laboren-per-avancar-en-turisme-sostenible-i-intel%c2%b7ligent\\\/\"},\"wordCount\":420,\"commentCount\":0,\"publisher\":{\"@id\":\"https:\\\/\\\/radiolitoral.com\\\/#organization\"},\"image\":{\"@id\":\"https:\\\/\\\/radiolitoral.com\\\/2024\\\/10\\\/el-poble-nou-de-benitatxell-i-altea-col%c2%b7laboren-per-avancar-en-turisme-sostenible-i-intel%c2%b7ligent\\\/#primaryimage\"},\"thumbnailUrl\":\"https:\\\/\\\/media.radiolitoral.com\\\/wp-content\\\/uploads\\\/2024\\\/10\\\/25110113\\\/2745.jpg\",\"keywords\":[\"Altea\",\"Destins Tur\u00edstics Intel\u00b7ligents\",\"El Poble Nou de Benitatxell\",\"fons europeus\",\"Germ\u00e1n Manj\u00f3n\",\"Javi Cabrera\",\"turisme sostenible\",\"V\u00edctor Bisquert\",\"Xelus It\"],\"articleSection\":[\"Turismo\"],\"inLanguage\":\"ca\",\"potentialAction\":[{\"@type\":\"CommentAction\",\"name\":\"Comment\",\"target\":[\"https:\\\/\\\/radiolitoral.com\\\/2024\\\/10\\\/el-poble-nou-de-benitatxell-i-altea-col%c2%b7laboren-per-avancar-en-turisme-sostenible-i-intel%c2%b7ligent\\\/#respond\"]}]},{\"@type\":[\"WebPage\",\"ItemPage\"],\"@id\":\"https:\\\/\\\/radiolitoral.com\\\/2024\\\/10\\\/el-poble-nou-de-benitatxell-i-altea-col%c2%b7laboren-per-avancar-en-turisme-sostenible-i-intel%c2%b7ligent\\\/\",\"url\":\"https:\\\/\\\/radiolitoral.com\\\/2024\\\/10\\\/el-poble-nou-de-benitatxell-i-altea-col%c2%b7laboren-per-avancar-en-turisme-sostenible-i-intel%c2%b7ligent\\\/\",\"name\":\"Benitatxell i Altea col\u00b7laboren per avan\u00e7ar en turisme sostenible | R\u00e0dio Litoral\",\"isPartOf\":{\"@id\":\"https:\\\/\\\/radiolitoral.com\\\/#website\"},\"primaryImageOfPage\":{\"@id\":\"https:\\\/\\\/radiolitoral.com\\\/2024\\\/10\\\/el-poble-nou-de-benitatxell-i-altea-col%c2%b7laboren-per-avancar-en-turisme-sostenible-i-intel%c2%b7ligent\\\/#primaryimage\"},\"image\":{\"@id\":\"https:\\\/\\\/radiolitoral.com\\\/2024\\\/10\\\/el-poble-nou-de-benitatxell-i-altea-col%c2%b7laboren-per-avancar-en-turisme-sostenible-i-intel%c2%b7ligent\\\/#primaryimage\"},\"thumbnailUrl\":\"https:\\\/\\\/media.radiolitoral.com\\\/wp-content\\\/uploads\\\/2024\\\/10\\\/25110113\\\/2745.jpg\",\"datePublished\":\"2024-10-25T09:01:37+00:00\",\"description\":\"Van intercanviar experi\u00e8ncies en l'execuci\u00f3 dels seus respectius PSTD per un turisme sostenible i m\u00e9s intel\u00b7ligent.\",\"breadcrumb\":{\"@id\":\"https:\\\/\\\/radiolitoral.com\\\/2024\\\/10\\\/el-poble-nou-de-benitatxell-i-altea-col%c2%b7laboren-per-avancar-en-turisme-sostenible-i-intel%c2%b7ligent\\\/#breadcrumb\"},\"inLanguage\":\"ca\",\"potentialAction\":[{\"@type\":\"ReadAction\",\"target\":[\"https:\\\/\\\/radiolitoral.com\\\/2024\\\/10\\\/el-poble-nou-de-benitatxell-i-altea-col%c2%b7laboren-per-avancar-en-turisme-sostenible-i-intel%c2%b7ligent\\\/\"]}]},{\"@type\":\"ImageObject\",\"inLanguage\":\"ca\",\"@id\":\"https:\\\/\\\/radiolitoral.com\\\/2024\\\/10\\\/el-poble-nou-de-benitatxell-i-altea-col%c2%b7laboren-per-avancar-en-turisme-sostenible-i-intel%c2%b7ligent\\\/#primaryimage\",\"url\":\"https:\\\/\\\/media.radiolitoral.com\\\/wp-content\\\/uploads\\\/2024\\\/10\\\/25110113\\\/2745.jpg\",\"contentUrl\":\"https:\\\/\\\/media.radiolitoral.com\\\/wp-content\\\/uploads\\\/2024\\\/10\\\/25110113\\\/2745.jpg\",\"width\":2000,\"height\":1125},{\"@type\":\"BreadcrumbList\",\"@id\":\"https:\\\/\\\/radiolitoral.com\\\/2024\\\/10\\\/el-poble-nou-de-benitatxell-i-altea-col%c2%b7laboren-per-avancar-en-turisme-sostenible-i-intel%c2%b7ligent\\\/#breadcrumb\",\"itemListElement\":[{\"@type\":\"ListItem\",\"position\":1,\"name\":\"Portada\",\"item\":\"https:\\\/\\\/radiolitoral.com\\\/\"},{\"@type\":\"ListItem\",\"position\":2,\"name\":\"El Poble Nou de Benitatxell i Altea col\u00b7laboren per avan\u00e7ar en turisme sostenible i intel\u00b7ligent\"}]},{\"@type\":\"WebSite\",\"@id\":\"https:\\\/\\\/radiolitoral.com\\\/#website\",\"url\":\"https:\\\/\\\/radiolitoral.com\\\/\",\"name\":\"Radio Litoral\",\"description\":\"La radio local de la Marina Alta\",\"publisher\":{\"@id\":\"https:\\\/\\\/radiolitoral.com\\\/#organization\"},\"alternateName\":\"Litoral FM\",\"potentialAction\":[{\"@type\":\"SearchAction\",\"target\":{\"@type\":\"EntryPoint\",\"urlTemplate\":\"https:\\\/\\\/radiolitoral.com\\\/?s={search_term_string}\"},\"query-input\":{\"@type\":\"PropertyValueSpecification\",\"valueRequired\":true,\"valueName\":\"search_term_string\"}}],\"inLanguage\":\"ca\"},{\"@type\":\"Organization\",\"@id\":\"https:\\\/\\\/radiolitoral.com\\\/#organization\",\"name\":\"Radio Litoral\",\"url\":\"https:\\\/\\\/radiolitoral.com\\\/\",\"logo\":{\"@type\":\"ImageObject\",\"inLanguage\":\"ca\",\"@id\":\"https:\\\/\\\/radiolitoral.com\\\/#\\\/schema\\\/logo\\\/image\\\/\",\"url\":\"https:\\\/\\\/media.radiolitoral.com\\\/wp-content\\\/uploads\\\/2023\\\/02\\\/24143238\\\/CL-V-RadioLitoral696.png\",\"contentUrl\":\"https:\\\/\\\/media.radiolitoral.com\\\/wp-content\\\/uploads\\\/2023\\\/02\\\/24143238\\\/CL-V-RadioLitoral696.png\",\"width\":696,\"height\":696,\"caption\":\"Radio Litoral\"},\"image\":{\"@id\":\"https:\\\/\\\/radiolitoral.com\\\/#\\\/schema\\\/logo\\\/image\\\/\"},\"sameAs\":[\"https:\\\/\\\/www.facebook.com\\\/Laradiolitoral\\\/\"]},{\"@type\":\"Person\",\"@id\":\"https:\\\/\\\/radiolitoral.com\\\/#\\\/schema\\\/person\\\/f2b2343c49b5d721857cc1002bfdb151\",\"name\":\"Redacci\u00f3n\",\"image\":{\"@type\":\"ImageObject\",\"inLanguage\":\"ca\",\"@id\":\"https:\\\/\\\/secure.gravatar.com\\\/avatar\\\/f771d896c203ad8b3382d7905cfcce5a5c9b008b84b3cd9114e9b9f4cb63f789?s=96&d=mm&r=g\",\"url\":\"https:\\\/\\\/secure.gravatar.com\\\/avatar\\\/f771d896c203ad8b3382d7905cfcce5a5c9b008b84b3cd9114e9b9f4cb63f789?s=96&d=mm&r=g\",\"contentUrl\":\"https:\\\/\\\/secure.gravatar.com\\\/avatar\\\/f771d896c203ad8b3382d7905cfcce5a5c9b008b84b3cd9114e9b9f4cb63f789?s=96&d=mm&r=g\",\"caption\":\"Redacci\u00f3n\"},\"url\":\"https:\\\/\\\/radiolitoral.com\\\/ca\\\/author\\\/miriam-pagan\\\/\"}]}<\/script>\n<!-- \/ Yoast SEO plugin. -->","yoast_head_json":{"title":"Benitatxell i Altea col\u00b7laborin per avan\u00e7ar en turisme sostenible | R\u00e0dio Litoral","description":"Van intercanviar experi\u00e8ncies en l&#039;execuci\u00f3 dels seus respectius PSTD per un turisme sostenible i m\u00e9s intel\u00b7ligent.","robots":{"index":"index","follow":"follow","max-snippet":"max-snippet:-1","max-image-preview":"max-image-preview:large","max-video-preview":"max-video-preview:-1"},"canonical":"https:\/\/radiolitoral.com\/ca\/2024\/10\/el-poble-nou-de-benitatxell-i-altea-col\u00b7laboren-per-avancar-en-turisme-sostenible-i-intel\u00b7ligent\/","og_locale":"ca_ES","og_type":"article","og_title":"Benitatxell i Altea col\u00b7laboren per avan\u00e7ar en turisme sostenible | R\u00e0dio Litoral","og_description":"Van intercanviar experi\u00e8ncies en l'execuci\u00f3 dels seus respectius PSTD per un turisme sostenible i m\u00e9s intel\u00b7ligent.","og_url":"https:\/\/radiolitoral.com\/ca\/2024\/10\/el-poble-nou-de-benitatxell-i-altea-col\u00b7laboren-per-avancar-en-turisme-sostenible-i-intel\u00b7ligent\/","og_site_name":"R\u00e0dio Litoral","article_publisher":"https:\/\/www.facebook.com\/Laradiolitoral\/","article_published_time":"2024-10-25T09:01:37+00:00","og_image":[{"width":2000,"height":1125,"url":"https:\/\/media.radiolitoral.com\/wp-content\/uploads\/2024\/10\/25110113\/2745.jpg","type":"image\/jpeg"}],"author":"Redacci\u00f3n","twitter_card":"summary_large_image","twitter_misc":{"Escrit per":"Redacci\u00f3n","Temps estimat de lectura":"2 minuts"},"schema":{"@context":"https:\/\/schema.org","@graph":[{"@type":"NewsArticle","@id":"https:\/\/radiolitoral.com\/2024\/10\/el-poble-nou-de-benitatxell-i-altea-col%c2%b7laboren-per-avancar-en-turisme-sostenible-i-intel%c2%b7ligent\/#article","isPartOf":{"@id":"https:\/\/radiolitoral.com\/2024\/10\/el-poble-nou-de-benitatxell-i-altea-col%c2%b7laboren-per-avancar-en-turisme-sostenible-i-intel%c2%b7ligent\/"},"author":{"name":"Redacci\u00f3n","@id":"https:\/\/radiolitoral.com\/#\/schema\/person\/f2b2343c49b5d721857cc1002bfdb151"},"headline":"El Poble Nou de Benitatxell i Altea col\u00b7laboren per avan\u00e7ar en turisme sostenible i intel\u00b7ligent","datePublished":"2024-10-25T09:01:37+00:00","mainEntityOfPage":{"@id":"https:\/\/radiolitoral.com\/2024\/10\/el-poble-nou-de-benitatxell-i-altea-col%c2%b7laboren-per-avancar-en-turisme-sostenible-i-intel%c2%b7ligent\/"},"wordCount":420,"commentCount":0,"publisher":{"@id":"https:\/\/radiolitoral.com\/#organization"},"image":{"@id":"https:\/\/radiolitoral.com\/2024\/10\/el-poble-nou-de-benitatxell-i-altea-col%c2%b7laboren-per-avancar-en-turisme-sostenible-i-intel%c2%b7ligent\/#primaryimage"},"thumbnailUrl":"https:\/\/media.radiolitoral.com\/wp-content\/uploads\/2024\/10\/25110113\/2745.jpg","keywords":["Altea","Destins Tur\u00edstics Intel\u00b7ligents","El Poble Nou de Benitatxell","fons europeus","Germ\u00e1n Manj\u00f3n","Javi Cabrera","turisme sostenible","V\u00edctor Bisquert","Xelus It"],"articleSection":["Turismo"],"inLanguage":"ca","potentialAction":[{"@type":"CommentAction","name":"Comment","target":["https:\/\/radiolitoral.com\/2024\/10\/el-poble-nou-de-benitatxell-i-altea-col%c2%b7laboren-per-avancar-en-turisme-sostenible-i-intel%c2%b7ligent\/#respond"]}]},{"@type":["WebPage","ItemPage"],"@id":"https:\/\/radiolitoral.com\/2024\/10\/el-poble-nou-de-benitatxell-i-altea-col%c2%b7laboren-per-avancar-en-turisme-sostenible-i-intel%c2%b7ligent\/","url":"https:\/\/radiolitoral.com\/2024\/10\/el-poble-nou-de-benitatxell-i-altea-col%c2%b7laboren-per-avancar-en-turisme-sostenible-i-intel%c2%b7ligent\/","name":"Benitatxell i Altea col\u00b7laborin per avan\u00e7ar en turisme sostenible | R\u00e0dio Litoral","isPartOf":{"@id":"https:\/\/radiolitoral.com\/#website"},"primaryImageOfPage":{"@id":"https:\/\/radiolitoral.com\/2024\/10\/el-poble-nou-de-benitatxell-i-altea-col%c2%b7laboren-per-avancar-en-turisme-sostenible-i-intel%c2%b7ligent\/#primaryimage"},"image":{"@id":"https:\/\/radiolitoral.com\/2024\/10\/el-poble-nou-de-benitatxell-i-altea-col%c2%b7laboren-per-avancar-en-turisme-sostenible-i-intel%c2%b7ligent\/#primaryimage"},"thumbnailUrl":"https:\/\/media.radiolitoral.com\/wp-content\/uploads\/2024\/10\/25110113\/2745.jpg","datePublished":"2024-10-25T09:01:37+00:00","description":"Van intercanviar experi\u00e8ncies en l&#039;execuci\u00f3 dels seus respectius PSTD per un turisme sostenible i m\u00e9s intel\u00b7ligent.","breadcrumb":{"@id":"https:\/\/radiolitoral.com\/2024\/10\/el-poble-nou-de-benitatxell-i-altea-col%c2%b7laboren-per-avancar-en-turisme-sostenible-i-intel%c2%b7ligent\/#breadcrumb"},"inLanguage":"ca","potentialAction":[{"@type":"ReadAction","target":["https:\/\/radiolitoral.com\/2024\/10\/el-poble-nou-de-benitatxell-i-altea-col%c2%b7laboren-per-avancar-en-turisme-sostenible-i-intel%c2%b7ligent\/"]}]},{"@type":"ImageObject","inLanguage":"ca","@id":"https:\/\/radiolitoral.com\/2024\/10\/el-poble-nou-de-benitatxell-i-altea-col%c2%b7laboren-per-avancar-en-turisme-sostenible-i-intel%c2%b7ligent\/#primaryimage","url":"https:\/\/media.radiolitoral.com\/wp-content\/uploads\/2024\/10\/25110113\/2745.jpg","contentUrl":"https:\/\/media.radiolitoral.com\/wp-content\/uploads\/2024\/10\/25110113\/2745.jpg","width":2000,"height":1125},{"@type":"BreadcrumbList","@id":"https:\/\/radiolitoral.com\/2024\/10\/el-poble-nou-de-benitatxell-i-altea-col%c2%b7laboren-per-avancar-en-turisme-sostenible-i-intel%c2%b7ligent\/#breadcrumb","itemListElement":[{"@type":"ListItem","position":1,"name":"Portada","item":"https:\/\/radiolitoral.com\/"},{"@type":"ListItem","position":2,"name":"El Poble Nou de Benitatxell i Altea col\u00b7laboren per avan\u00e7ar en turisme sostenible i intel\u00b7ligent"}]},{"@type":"WebSite","@id":"https:\/\/radiolitoral.com\/#website","url":"https:\/\/radiolitoral.com\/","name":"R\u00e0dio Litoral","description":"La r\u00e0dio local de la Marina Alta","publisher":{"@id":"https:\/\/radiolitoral.com\/#organization"},"alternateName":"Litoral FM","potentialAction":[{"@type":"SearchAction","target":{"@type":"EntryPoint","urlTemplate":"https:\/\/radiolitoral.com\/?s={search_term_string}"},"query-input":{"@type":"PropertyValueSpecification","valueRequired":true,"valueName":"search_term_string"}}],"inLanguage":"ca"},{"@type":"Organization","@id":"https:\/\/radiolitoral.com\/#organization","name":"R\u00e0dio Litoral","url":"https:\/\/radiolitoral.com\/","logo":{"@type":"ImageObject","inLanguage":"ca","@id":"https:\/\/radiolitoral.com\/#\/schema\/logo\/image\/","url":"https:\/\/media.radiolitoral.com\/wp-content\/uploads\/2023\/02\/24143238\/CL-V-RadioLitoral696.png","contentUrl":"https:\/\/media.radiolitoral.com\/wp-content\/uploads\/2023\/02\/24143238\/CL-V-RadioLitoral696.png","width":696,"height":696,"caption":"Radio Litoral"},"image":{"@id":"https:\/\/radiolitoral.com\/#\/schema\/logo\/image\/"},"sameAs":["https:\/\/www.facebook.com\/Laradiolitoral\/"]},{"@type":"Person","@id":"https:\/\/radiolitoral.com\/#\/schema\/person\/f2b2343c49b5d721857cc1002bfdb151","name":"Redacci\u00f3","image":{"@type":"ImageObject","inLanguage":"ca","@id":"https:\/\/secure.gravatar.com\/avatar\/f771d896c203ad8b3382d7905cfcce5a5c9b008b84b3cd9114e9b9f4cb63f789?s=96&d=mm&r=g","url":"https:\/\/secure.gravatar.com\/avatar\/f771d896c203ad8b3382d7905cfcce5a5c9b008b84b3cd9114e9b9f4cb63f789?s=96&d=mm&r=g","contentUrl":"https:\/\/secure.gravatar.com\/avatar\/f771d896c203ad8b3382d7905cfcce5a5c9b008b84b3cd9114e9b9f4cb63f789?s=96&d=mm&r=g","caption":"Redacci\u00f3n"},"url":"https:\/\/radiolitoral.com\/ca\/author\/miriam-pagan\/"}]}},"_links":{"self":[{"href":"https:\/\/radiolitoral.com\/ca\/wp-json\/wp\/v2\/posts\/12660","targetHints":{"allow":["GET"]}}],"collection":[{"href":"https:\/\/radiolitoral.com\/ca\/wp-json\/wp\/v2\/posts"}],"about":[{"href":"https:\/\/radiolitoral.com\/ca\/wp-json\/wp\/v2\/types\/post"}],"author":[{"embeddable":true,"href":"https:\/\/radiolitoral.com\/ca\/wp-json\/wp\/v2\/users\/13"}],"replies":[{"embeddable":true,"href":"https:\/\/radiolitoral.com\/ca\/wp-json\/wp\/v2\/comments?post=12660"}],"version-history":[{"count":1,"href":"https:\/\/radiolitoral.com\/ca\/wp-json\/wp\/v2\/posts\/12660\/revisions"}],"predecessor-version":[{"id":12663,"href":"https:\/\/radiolitoral.com\/ca\/wp-json\/wp\/v2\/posts\/12660\/revisions\/12663"}],"wp:featuredmedia":[{"embeddable":true,"href":"https:\/\/radiolitoral.com\/ca\/wp-json\/wp\/v2\/media\/12662"}],"wp:attachment":[{"href":"https:\/\/radiolitoral.com\/ca\/wp-json\/wp\/v2\/media?parent=12660"}],"wp:term":[{"taxonomy":"category","embeddable":true,"href":"https:\/\/radiolitoral.com\/ca\/wp-json\/wp\/v2\/categories?post=12660"},{"taxonomy":"post_tag","embeddable":true,"href":"https:\/\/radiolitoral.com\/ca\/wp-json\/wp\/v2\/tags?post=12660"}],"curies":[{"name":"wp","href":"https:\/\/api.w.org\/{rel}","templated":true}]}}