{"id":12650,"date":"2024-10-25T10:14:02","date_gmt":"2024-10-25T08:14:02","guid":{"rendered":"https:\/\/radiolitoral.com\/?p=12650"},"modified":"2024-10-25T10:14:02","modified_gmt":"2024-10-25T08:14:02","slug":"a-denia-es-disputa-la-final-b-del-nacional-sub-20-datletisme","status":"publish","type":"post","link":"https:\/\/radiolitoral.com\/ca\/2024\/10\/a-denia-es-disputa-la-final-b-del-nacional-sub-20-datletisme\/","title":{"rendered":"A D\u00e9nia es disputa la Final B del Nacional Sub 20 d&#039;atletisme"},"content":{"rendered":"<p data-pm-slice=\"1 1 []\">La pista d&#039;atletisme de D\u00e9nia ser\u00e0 l&#039;escenari, aquest dissabte, de la <strong>Final B del Campionat d&#039;Espanya de Clubs a la categoria Sub-20<\/strong>. A D\u00e9nia estaran presents atlets amb una gran projecci\u00f3, donada la seva joventut, per fer gaudir els aficionats a aquest esport d&#039;una gran vesprada.<\/p>\n<p>Les proves comen\u00e7aran a celebrar-se des de les <strong>16:00 hores fins a les 21:00 hores<\/strong>. Els atlets participants prendran part als concursos de llan\u00e7ament de martell, disc, javelina i pes, aix\u00ed com en salt de longitud, triple salt, al\u00e7ada i salt amb perxa.<\/p>\n<p>Pel que fa a les curses, tindran lloc els de 100 metres, 100 metres extra, 200, 400, 800, 1.500, 3.000, 400 metres tancs, 100 i 110 tancs, 5.000 marxa i 2.000 obst\u00e0cles. Tamb\u00e9 es correran els relleus de 4 x 100 metres i de 4 x 400 metres.<\/p>\n<p>Des de la regidoria d&#039;esports s&#039;invita tots els ciutadans a acudir a presenciar aquest campionat. L\u00b4acc\u00e9s a la tribuna de la pista d\u00b4atletisme \u00e9s totalment gratu\u00eft.<\/p>\n<p>L&#039;esdeveniment esportiu est\u00e0 organitzat per la <strong>Reial Federaci\u00f3 Espanyola d&#039;Atletisme<\/strong> i compta amb la col\u00b7laboraci\u00f3 del <strong>CA Bale\u00e0ria Dianium<\/strong>.<\/p>\n<p>&nbsp;<\/p>","protected":false},"excerpt":{"rendered":"<p>La pista d\u2019atletisme de D\u00e9nia ser\u00e0 l\u2019escenari, aquest dissabte, de la Final B del Campionat d\u2019Espanya de Clubs en la categoria Sub-20. A D\u00e9nia hi estaran presents atletes amb una gran projecci\u00f3, donada la seua joventut, per a fer gaudir els aficionats a aquest esport d\u2019una gran vesprada. Les proves comen\u00e7aran a celebrar-se des de [&#8230;]<\/p>\n<p><a class=\"btn btn-secondary understrap-read-more-link\" href=\"https:\/\/radiolitoral.com\/ca\/2024\/10\/a-denia-es-disputa-la-final-b-del-nacional-sub-20-datletisme\/\">Continua llegint&#8230;<span class=\"screen-reader-text\"> from A D\u00e9nia es disputa la Final B del Nacional Sub 20 d&#8217;atletisme<\/span><\/a><\/p>\n","protected":false},"author":12,"featured_media":12651,"comment_status":"open","ping_status":"closed","sticky":false,"template":"","format":"standard","meta":{"_acf_changed":false,"inline_featured_image":false,"footnotes":""},"categories":[5],"tags":[1124,2638],"class_list":["post-12650","post","type-post","status-publish","format-standard","has-post-thumbnail","hentry","category-deportes","tag-ca-balearia-dianium","tag-reial-federacion-espanyola-datletisme","cobertura-denia"],"acf":[],"yoast_head":"<!-- This site is optimized with the Yoast SEO plugin v27.5 - https:\/\/yoast.com\/product\/yoast-seo-wordpress\/ -->\n<title>A D\u00e9nia es disputa la Final B del Nacional Sub 20 d&#039;atletisme | R\u00e0dio Litoral<\/title>\n<meta name=\"description\" content=\"La cita \u00e9s el dissabte des de les 16 hores fins a les 21 hores en la pista d&#039;atletisme del poliesportiu municipalLa cita \u00e9s el dissabte des de les 16 hores fins a les 21 hores en la pista d&#039;atletisme del poliesportiu municipal\" \/>\n<meta name=\"robots\" content=\"index, follow, max-snippet:-1, max-image-preview:large, max-video-preview:-1\" \/>\n<link rel=\"canonical\" href=\"https:\/\/radiolitoral.com\/ca\/2024\/10\/a-denia-es-disputa-la-final-b-del-nacional-sub-20-datletisme\/\" \/>\n<meta property=\"og:locale\" content=\"ca_ES\" \/>\n<meta property=\"og:type\" content=\"article\" \/>\n<meta property=\"og:title\" content=\"A D\u00e9nia es disputa la Final B del Nacional Sub 20 d&#039;atletisme | R\u00e0dio Litoral\" \/>\n<meta property=\"og:description\" content=\"La cita \u00e9s el dissabte des de les 16 hores fins a les 21 hores en la pista d&#039;atletisme del poliesportiu municipalLa cita \u00e9s el dissabte des de les 16 hores fins a les 21 hores en la pista d&#039;atletisme del poliesportiu municipal\" \/>\n<meta property=\"og:url\" content=\"https:\/\/radiolitoral.com\/ca\/2024\/10\/a-denia-es-disputa-la-final-b-del-nacional-sub-20-datletisme\/\" \/>\n<meta property=\"og:site_name\" content=\"R\u00e0dio Litoral\" \/>\n<meta property=\"article:publisher\" content=\"https:\/\/www.facebook.com\/Laradiolitoral\/\" \/>\n<meta property=\"article:published_time\" content=\"2024-10-25T08:14:02+00:00\" \/>\n<meta property=\"og:image\" content=\"https:\/\/media.radiolitoral.com\/wp-content\/uploads\/2024\/10\/25101344\/Pista-atletismo-en-Denia.jpg\" \/>\n\t<meta property=\"og:image:width\" content=\"1024\" \/>\n\t<meta property=\"og:image:height\" content=\"623\" \/>\n\t<meta property=\"og:image:type\" content=\"image\/jpeg\" \/>\n<meta name=\"author\" content=\"Javier Zamora\" \/>\n<meta name=\"twitter:card\" content=\"summary_large_image\" \/>\n<meta name=\"twitter:label1\" content=\"Escrit per\" \/>\n\t<meta name=\"twitter:data1\" content=\"Javier Zamora\" \/>\n\t<meta name=\"twitter:label2\" content=\"Temps estimat de lectura\" \/>\n\t<meta name=\"twitter:data2\" content=\"2 minuts\" \/>\n<script type=\"application\/ld+json\" class=\"yoast-schema-graph\">{\"@context\":\"https:\\\/\\\/schema.org\",\"@graph\":[{\"@type\":\"NewsArticle\",\"@id\":\"https:\\\/\\\/radiolitoral.com\\\/2024\\\/10\\\/a-denia-es-disputa-la-final-b-del-nacional-sub-20-datletisme\\\/#article\",\"isPartOf\":{\"@id\":\"https:\\\/\\\/radiolitoral.com\\\/2024\\\/10\\\/a-denia-es-disputa-la-final-b-del-nacional-sub-20-datletisme\\\/\"},\"author\":{\"name\":\"Javier Zamora\",\"@id\":\"https:\\\/\\\/radiolitoral.com\\\/#\\\/schema\\\/person\\\/7b1480b5caeb5acdd4ec6379caf62b22\"},\"headline\":\"A D\u00e9nia es disputa la Final B del Nacional Sub 20 d&#8217;atletisme\",\"datePublished\":\"2024-10-25T08:14:02+00:00\",\"mainEntityOfPage\":{\"@id\":\"https:\\\/\\\/radiolitoral.com\\\/2024\\\/10\\\/a-denia-es-disputa-la-final-b-del-nacional-sub-20-datletisme\\\/\"},\"wordCount\":202,\"commentCount\":0,\"publisher\":{\"@id\":\"https:\\\/\\\/radiolitoral.com\\\/#organization\"},\"image\":{\"@id\":\"https:\\\/\\\/radiolitoral.com\\\/2024\\\/10\\\/a-denia-es-disputa-la-final-b-del-nacional-sub-20-datletisme\\\/#primaryimage\"},\"thumbnailUrl\":\"https:\\\/\\\/media.radiolitoral.com\\\/wp-content\\\/uploads\\\/2024\\\/10\\\/25101344\\\/Pista-atletismo-en-Denia.jpg\",\"keywords\":[\"CA Bale\u00e0ria Di\u00e0nium\",\"Reial Federaci\u00f3n Espanyola d\u2019Atletisme\"],\"articleSection\":[\"Deportes\"],\"inLanguage\":\"ca\",\"potentialAction\":[{\"@type\":\"CommentAction\",\"name\":\"Comment\",\"target\":[\"https:\\\/\\\/radiolitoral.com\\\/2024\\\/10\\\/a-denia-es-disputa-la-final-b-del-nacional-sub-20-datletisme\\\/#respond\"]}]},{\"@type\":[\"WebPage\",\"ItemPage\"],\"@id\":\"https:\\\/\\\/radiolitoral.com\\\/2024\\\/10\\\/a-denia-es-disputa-la-final-b-del-nacional-sub-20-datletisme\\\/\",\"url\":\"https:\\\/\\\/radiolitoral.com\\\/2024\\\/10\\\/a-denia-es-disputa-la-final-b-del-nacional-sub-20-datletisme\\\/\",\"name\":\"A D\u00e9nia es disputa la Final B del Nacional Sub 20 d'atletisme | R\u00e0dio Litoral\",\"isPartOf\":{\"@id\":\"https:\\\/\\\/radiolitoral.com\\\/#website\"},\"primaryImageOfPage\":{\"@id\":\"https:\\\/\\\/radiolitoral.com\\\/2024\\\/10\\\/a-denia-es-disputa-la-final-b-del-nacional-sub-20-datletisme\\\/#primaryimage\"},\"image\":{\"@id\":\"https:\\\/\\\/radiolitoral.com\\\/2024\\\/10\\\/a-denia-es-disputa-la-final-b-del-nacional-sub-20-datletisme\\\/#primaryimage\"},\"thumbnailUrl\":\"https:\\\/\\\/media.radiolitoral.com\\\/wp-content\\\/uploads\\\/2024\\\/10\\\/25101344\\\/Pista-atletismo-en-Denia.jpg\",\"datePublished\":\"2024-10-25T08:14:02+00:00\",\"description\":\"La cita \u00e9s el dissabte des de les 16 hores fins a les 21 hores en la pista d'atletisme del poliesportiu municipalLa cita \u00e9s el dissabte des de les 16 hores fins a les 21 hores en la pista d'atletisme del poliesportiu municipal\",\"breadcrumb\":{\"@id\":\"https:\\\/\\\/radiolitoral.com\\\/2024\\\/10\\\/a-denia-es-disputa-la-final-b-del-nacional-sub-20-datletisme\\\/#breadcrumb\"},\"inLanguage\":\"ca\",\"potentialAction\":[{\"@type\":\"ReadAction\",\"target\":[\"https:\\\/\\\/radiolitoral.com\\\/2024\\\/10\\\/a-denia-es-disputa-la-final-b-del-nacional-sub-20-datletisme\\\/\"]}]},{\"@type\":\"ImageObject\",\"inLanguage\":\"ca\",\"@id\":\"https:\\\/\\\/radiolitoral.com\\\/2024\\\/10\\\/a-denia-es-disputa-la-final-b-del-nacional-sub-20-datletisme\\\/#primaryimage\",\"url\":\"https:\\\/\\\/media.radiolitoral.com\\\/wp-content\\\/uploads\\\/2024\\\/10\\\/25101344\\\/Pista-atletismo-en-Denia.jpg\",\"contentUrl\":\"https:\\\/\\\/media.radiolitoral.com\\\/wp-content\\\/uploads\\\/2024\\\/10\\\/25101344\\\/Pista-atletismo-en-Denia.jpg\",\"width\":1024,\"height\":623},{\"@type\":\"BreadcrumbList\",\"@id\":\"https:\\\/\\\/radiolitoral.com\\\/2024\\\/10\\\/a-denia-es-disputa-la-final-b-del-nacional-sub-20-datletisme\\\/#breadcrumb\",\"itemListElement\":[{\"@type\":\"ListItem\",\"position\":1,\"name\":\"Portada\",\"item\":\"https:\\\/\\\/radiolitoral.com\\\/\"},{\"@type\":\"ListItem\",\"position\":2,\"name\":\"A D\u00e9nia es disputa la Final B del Nacional Sub 20 d&#8217;atletisme\"}]},{\"@type\":\"WebSite\",\"@id\":\"https:\\\/\\\/radiolitoral.com\\\/#website\",\"url\":\"https:\\\/\\\/radiolitoral.com\\\/\",\"name\":\"Radio Litoral\",\"description\":\"La radio local de la Marina Alta\",\"publisher\":{\"@id\":\"https:\\\/\\\/radiolitoral.com\\\/#organization\"},\"alternateName\":\"Litoral FM\",\"potentialAction\":[{\"@type\":\"SearchAction\",\"target\":{\"@type\":\"EntryPoint\",\"urlTemplate\":\"https:\\\/\\\/radiolitoral.com\\\/?s={search_term_string}\"},\"query-input\":{\"@type\":\"PropertyValueSpecification\",\"valueRequired\":true,\"valueName\":\"search_term_string\"}}],\"inLanguage\":\"ca\"},{\"@type\":\"Organization\",\"@id\":\"https:\\\/\\\/radiolitoral.com\\\/#organization\",\"name\":\"Radio Litoral\",\"url\":\"https:\\\/\\\/radiolitoral.com\\\/\",\"logo\":{\"@type\":\"ImageObject\",\"inLanguage\":\"ca\",\"@id\":\"https:\\\/\\\/radiolitoral.com\\\/#\\\/schema\\\/logo\\\/image\\\/\",\"url\":\"https:\\\/\\\/media.radiolitoral.com\\\/wp-content\\\/uploads\\\/2023\\\/02\\\/24143238\\\/CL-V-RadioLitoral696.png\",\"contentUrl\":\"https:\\\/\\\/media.radiolitoral.com\\\/wp-content\\\/uploads\\\/2023\\\/02\\\/24143238\\\/CL-V-RadioLitoral696.png\",\"width\":696,\"height\":696,\"caption\":\"Radio Litoral\"},\"image\":{\"@id\":\"https:\\\/\\\/radiolitoral.com\\\/#\\\/schema\\\/logo\\\/image\\\/\"},\"sameAs\":[\"https:\\\/\\\/www.facebook.com\\\/Laradiolitoral\\\/\"]},{\"@type\":\"Person\",\"@id\":\"https:\\\/\\\/radiolitoral.com\\\/#\\\/schema\\\/person\\\/7b1480b5caeb5acdd4ec6379caf62b22\",\"name\":\"Javier Zamora\",\"image\":{\"@type\":\"ImageObject\",\"inLanguage\":\"ca\",\"@id\":\"https:\\\/\\\/secure.gravatar.com\\\/avatar\\\/467a11f6918c7d619c4043fc6fa2d3853053107973f05b6e9c04ea6c4e3a7b3f?s=96&d=mm&r=g\",\"url\":\"https:\\\/\\\/secure.gravatar.com\\\/avatar\\\/467a11f6918c7d619c4043fc6fa2d3853053107973f05b6e9c04ea6c4e3a7b3f?s=96&d=mm&r=g\",\"contentUrl\":\"https:\\\/\\\/secure.gravatar.com\\\/avatar\\\/467a11f6918c7d619c4043fc6fa2d3853053107973f05b6e9c04ea6c4e3a7b3f?s=96&d=mm&r=g\",\"caption\":\"Javier Zamora\"},\"url\":\"https:\\\/\\\/radiolitoral.com\\\/ca\\\/author\\\/javier-zamora\\\/\"}]}<\/script>\n<!-- \/ Yoast SEO plugin. -->","yoast_head_json":{"title":"A D\u00e9nia \u00e9s disputa la Final B del Nacional Sub 20 d&#039;atletisme | R\u00e0dio Litoral","description":"La cita \u00e9s el dissabte des de les 16 hores fins a les 21 hores a la pista d&#039;atletisme del poliesportiu municipalLa cita \u00e9s el dissabte des de les 16 hores fins a les 21 hores a la pista d&#039;atletisme del poliesportiu municipal","robots":{"index":"index","follow":"follow","max-snippet":"max-snippet:-1","max-image-preview":"max-image-preview:large","max-video-preview":"max-video-preview:-1"},"canonical":"https:\/\/radiolitoral.com\/ca\/2024\/10\/a-denia-es-disputa-la-final-b-del-nacional-sub-20-datletisme\/","og_locale":"ca_ES","og_type":"article","og_title":"A D\u00e9nia es disputa la Final B del Nacional Sub 20 d'atletisme | R\u00e0dio Litoral","og_description":"La cita \u00e9s el dissabte des de les 16 hores fins a les 21 hores en la pista d'atletisme del poliesportiu municipalLa cita \u00e9s el dissabte des de les 16 hores fins a les 21 hores en la pista d'atletisme del poliesportiu municipal","og_url":"https:\/\/radiolitoral.com\/ca\/2024\/10\/a-denia-es-disputa-la-final-b-del-nacional-sub-20-datletisme\/","og_site_name":"R\u00e0dio Litoral","article_publisher":"https:\/\/www.facebook.com\/Laradiolitoral\/","article_published_time":"2024-10-25T08:14:02+00:00","og_image":[{"width":1024,"height":623,"url":"https:\/\/media.radiolitoral.com\/wp-content\/uploads\/2024\/10\/25101344\/Pista-atletismo-en-Denia.jpg","type":"image\/jpeg"}],"author":"Javier Zamora","twitter_card":"summary_large_image","twitter_misc":{"Escrit per":"Javier Zamora","Temps estimat de lectura":"2 minuts"},"schema":{"@context":"https:\/\/schema.org","@graph":[{"@type":"NewsArticle","@id":"https:\/\/radiolitoral.com\/2024\/10\/a-denia-es-disputa-la-final-b-del-nacional-sub-20-datletisme\/#article","isPartOf":{"@id":"https:\/\/radiolitoral.com\/2024\/10\/a-denia-es-disputa-la-final-b-del-nacional-sub-20-datletisme\/"},"author":{"name":"Javier Zamora","@id":"https:\/\/radiolitoral.com\/#\/schema\/person\/7b1480b5caeb5acdd4ec6379caf62b22"},"headline":"A D\u00e9nia es disputa la Final B del Nacional Sub 20 d&#8217;atletisme","datePublished":"2024-10-25T08:14:02+00:00","mainEntityOfPage":{"@id":"https:\/\/radiolitoral.com\/2024\/10\/a-denia-es-disputa-la-final-b-del-nacional-sub-20-datletisme\/"},"wordCount":202,"commentCount":0,"publisher":{"@id":"https:\/\/radiolitoral.com\/#organization"},"image":{"@id":"https:\/\/radiolitoral.com\/2024\/10\/a-denia-es-disputa-la-final-b-del-nacional-sub-20-datletisme\/#primaryimage"},"thumbnailUrl":"https:\/\/media.radiolitoral.com\/wp-content\/uploads\/2024\/10\/25101344\/Pista-atletismo-en-Denia.jpg","keywords":["CA Bale\u00e0ria Di\u00e0nium","Reial Federaci\u00f3n Espanyola d\u2019Atletisme"],"articleSection":["Deportes"],"inLanguage":"ca","potentialAction":[{"@type":"CommentAction","name":"Comment","target":["https:\/\/radiolitoral.com\/2024\/10\/a-denia-es-disputa-la-final-b-del-nacional-sub-20-datletisme\/#respond"]}]},{"@type":["WebPage","ItemPage"],"@id":"https:\/\/radiolitoral.com\/2024\/10\/a-denia-es-disputa-la-final-b-del-nacional-sub-20-datletisme\/","url":"https:\/\/radiolitoral.com\/2024\/10\/a-denia-es-disputa-la-final-b-del-nacional-sub-20-datletisme\/","name":"A D\u00e9nia \u00e9s disputa la Final B del Nacional Sub 20 d&#039;atletisme | R\u00e0dio Litoral","isPartOf":{"@id":"https:\/\/radiolitoral.com\/#website"},"primaryImageOfPage":{"@id":"https:\/\/radiolitoral.com\/2024\/10\/a-denia-es-disputa-la-final-b-del-nacional-sub-20-datletisme\/#primaryimage"},"image":{"@id":"https:\/\/radiolitoral.com\/2024\/10\/a-denia-es-disputa-la-final-b-del-nacional-sub-20-datletisme\/#primaryimage"},"thumbnailUrl":"https:\/\/media.radiolitoral.com\/wp-content\/uploads\/2024\/10\/25101344\/Pista-atletismo-en-Denia.jpg","datePublished":"2024-10-25T08:14:02+00:00","description":"La cita \u00e9s el dissabte des de les 16 hores fins a les 21 hores a la pista d&#039;atletisme del poliesportiu municipalLa cita \u00e9s el dissabte des de les 16 hores fins a les 21 hores a la pista d&#039;atletisme del poliesportiu municipal","breadcrumb":{"@id":"https:\/\/radiolitoral.com\/2024\/10\/a-denia-es-disputa-la-final-b-del-nacional-sub-20-datletisme\/#breadcrumb"},"inLanguage":"ca","potentialAction":[{"@type":"ReadAction","target":["https:\/\/radiolitoral.com\/2024\/10\/a-denia-es-disputa-la-final-b-del-nacional-sub-20-datletisme\/"]}]},{"@type":"ImageObject","inLanguage":"ca","@id":"https:\/\/radiolitoral.com\/2024\/10\/a-denia-es-disputa-la-final-b-del-nacional-sub-20-datletisme\/#primaryimage","url":"https:\/\/media.radiolitoral.com\/wp-content\/uploads\/2024\/10\/25101344\/Pista-atletismo-en-Denia.jpg","contentUrl":"https:\/\/media.radiolitoral.com\/wp-content\/uploads\/2024\/10\/25101344\/Pista-atletismo-en-Denia.jpg","width":1024,"height":623},{"@type":"BreadcrumbList","@id":"https:\/\/radiolitoral.com\/2024\/10\/a-denia-es-disputa-la-final-b-del-nacional-sub-20-datletisme\/#breadcrumb","itemListElement":[{"@type":"ListItem","position":1,"name":"Portada","item":"https:\/\/radiolitoral.com\/"},{"@type":"ListItem","position":2,"name":"A D\u00e9nia es disputa la Final B del Nacional Sub 20 d&#8217;atletisme"}]},{"@type":"WebSite","@id":"https:\/\/radiolitoral.com\/#website","url":"https:\/\/radiolitoral.com\/","name":"R\u00e0dio Litoral","description":"La r\u00e0dio local de la Marina Alta","publisher":{"@id":"https:\/\/radiolitoral.com\/#organization"},"alternateName":"Litoral FM","potentialAction":[{"@type":"SearchAction","target":{"@type":"EntryPoint","urlTemplate":"https:\/\/radiolitoral.com\/?s={search_term_string}"},"query-input":{"@type":"PropertyValueSpecification","valueRequired":true,"valueName":"search_term_string"}}],"inLanguage":"ca"},{"@type":"Organization","@id":"https:\/\/radiolitoral.com\/#organization","name":"R\u00e0dio Litoral","url":"https:\/\/radiolitoral.com\/","logo":{"@type":"ImageObject","inLanguage":"ca","@id":"https:\/\/radiolitoral.com\/#\/schema\/logo\/image\/","url":"https:\/\/media.radiolitoral.com\/wp-content\/uploads\/2023\/02\/24143238\/CL-V-RadioLitoral696.png","contentUrl":"https:\/\/media.radiolitoral.com\/wp-content\/uploads\/2023\/02\/24143238\/CL-V-RadioLitoral696.png","width":696,"height":696,"caption":"Radio Litoral"},"image":{"@id":"https:\/\/radiolitoral.com\/#\/schema\/logo\/image\/"},"sameAs":["https:\/\/www.facebook.com\/Laradiolitoral\/"]},{"@type":"Person","@id":"https:\/\/radiolitoral.com\/#\/schema\/person\/7b1480b5caeb5acdd4ec6379caf62b22","name":"Javier Zamora","image":{"@type":"ImageObject","inLanguage":"ca","@id":"https:\/\/secure.gravatar.com\/avatar\/467a11f6918c7d619c4043fc6fa2d3853053107973f05b6e9c04ea6c4e3a7b3f?s=96&d=mm&r=g","url":"https:\/\/secure.gravatar.com\/avatar\/467a11f6918c7d619c4043fc6fa2d3853053107973f05b6e9c04ea6c4e3a7b3f?s=96&d=mm&r=g","contentUrl":"https:\/\/secure.gravatar.com\/avatar\/467a11f6918c7d619c4043fc6fa2d3853053107973f05b6e9c04ea6c4e3a7b3f?s=96&d=mm&r=g","caption":"Javier Zamora"},"url":"https:\/\/radiolitoral.com\/ca\/author\/javier-zamora\/"}]}},"_links":{"self":[{"href":"https:\/\/radiolitoral.com\/ca\/wp-json\/wp\/v2\/posts\/12650","targetHints":{"allow":["GET"]}}],"collection":[{"href":"https:\/\/radiolitoral.com\/ca\/wp-json\/wp\/v2\/posts"}],"about":[{"href":"https:\/\/radiolitoral.com\/ca\/wp-json\/wp\/v2\/types\/post"}],"author":[{"embeddable":true,"href":"https:\/\/radiolitoral.com\/ca\/wp-json\/wp\/v2\/users\/12"}],"replies":[{"embeddable":true,"href":"https:\/\/radiolitoral.com\/ca\/wp-json\/wp\/v2\/comments?post=12650"}],"version-history":[{"count":1,"href":"https:\/\/radiolitoral.com\/ca\/wp-json\/wp\/v2\/posts\/12650\/revisions"}],"predecessor-version":[{"id":12652,"href":"https:\/\/radiolitoral.com\/ca\/wp-json\/wp\/v2\/posts\/12650\/revisions\/12652"}],"wp:featuredmedia":[{"embeddable":true,"href":"https:\/\/radiolitoral.com\/ca\/wp-json\/wp\/v2\/media\/12651"}],"wp:attachment":[{"href":"https:\/\/radiolitoral.com\/ca\/wp-json\/wp\/v2\/media?parent=12650"}],"wp:term":[{"taxonomy":"category","embeddable":true,"href":"https:\/\/radiolitoral.com\/ca\/wp-json\/wp\/v2\/categories?post=12650"},{"taxonomy":"post_tag","embeddable":true,"href":"https:\/\/radiolitoral.com\/ca\/wp-json\/wp\/v2\/tags?post=12650"}],"curies":[{"name":"wp","href":"https:\/\/api.w.org\/{rel}","templated":true}]}}