{"id":12638,"date":"2024-10-24T16:26:25","date_gmt":"2024-10-24T14:26:25","guid":{"rendered":"https:\/\/radiolitoral.com\/?p=12638"},"modified":"2024-10-24T16:29:53","modified_gmt":"2024-10-24T14:29:53","slug":"mor-un-ciclista-en-un-accident-al-poble-nou-de-benitatxell","status":"publish","type":"post","link":"https:\/\/radiolitoral.com\/ca\/2024\/10\/mor-un-ciclista-en-un-accident-al-poble-nou-de-benitatxell\/","title":{"rendered":"Mor un ciclista en un accident al Poble Nou de Benitatxell"},"content":{"rendered":"<p>Un<strong> ciclista ha mort<\/strong>, <span class=\"hiddenSuggestion\">aquest<\/span> jueus 24 d&#039;octubre, despr\u00e9s de <strong>patir un accident a la CV-737<\/strong>, al terme municipal del Poble Nou de <strong>Benitatxell<\/strong>.<\/p>\n<p>L&#039;accident s&#039;ha produ\u00eft cap a les 13.30 hores,<strong> entre un cotxe i una bicicleta.<\/strong><\/p>\n<p>Despr\u00e9s de rebre l&#039;av\u00eds, el <span class=\"hiddenSpellError\">CICU<\/span> ha mobilitzat <strong>una unitat del <span class=\"hiddenSpellError\">SAMU<\/span> i un equip m\u00e8dic d&#039;atenci\u00f3 prim\u00e0ria.<\/strong><\/p>\n<p>Els serveis m\u00e8dics han confirmat la mort del ciclista de 53 anys.<\/p>","protected":false},"excerpt":{"rendered":"<p>Un ciclista ha mort, aquest dijous 24 d&#8217;octubre, despr\u00e9s de patir un accident a la CV-737, en el terme municipal de Poble Nou de Benitatxell. L&#8217;accident s&#8217;ha produ\u00eft cap a les 13.30 hores, entre un cotxe i una bicicleta. Despr\u00e9s de rebre l&#8217;av\u00eds, el CICU ha mobilitzat una unitat del SAMU i un equip m\u00e8dic [&#8230;]<\/p>\n<p><a class=\"btn btn-secondary understrap-read-more-link\" href=\"https:\/\/radiolitoral.com\/ca\/2024\/10\/mor-un-ciclista-en-un-accident-al-poble-nou-de-benitatxell\/\">Continua llegint&#8230;<span class=\"screen-reader-text\"> from Mor un ciclista en un accident al Poble Nou de Benitatxell<\/span><\/a><\/p>\n","protected":false},"author":13,"featured_media":10011,"comment_status":"open","ping_status":"closed","sticky":false,"template":"","format":"standard","meta":{"_acf_changed":false,"inline_featured_image":false,"footnotes":""},"categories":[8],"tags":[1182,2636,185,1023],"class_list":["post-12638","post","type-post","status-publish","format-standard","has-post-thumbnail","hentry","category-sucesos","tag-accidente","tag-ciclista","tag-el-poble-nou-de-benitatxell","tag-sucesos","cobertura-poble-nou-de-benitatxell"],"acf":[],"yoast_head":"<!-- This site is optimized with the Yoast SEO plugin v27.5 - https:\/\/yoast.com\/product\/yoast-seo-wordpress\/ -->\n<title>Mor un ciclista en un accident al Poble Nou de Benitatxell | R\u00e0dio Litoral<\/title>\n<meta name=\"description\" content=\"S&#039;ha produ\u00eft entre un cotxe i una bicicleta, a les 13.30 hores, en la carretera CV-737 S&#039;ha produ\u00eft entre un cotxe i una bicicleta, a les 13.30 hores, en la carretera CV-737\" \/>\n<meta name=\"robots\" content=\"index, follow, max-snippet:-1, max-image-preview:large, max-video-preview:-1\" \/>\n<link rel=\"canonical\" href=\"https:\/\/radiolitoral.com\/ca\/2024\/10\/mor-un-ciclista-en-un-accident-al-poble-nou-de-benitatxell\/\" \/>\n<meta property=\"og:locale\" content=\"ca_ES\" \/>\n<meta property=\"og:type\" content=\"article\" \/>\n<meta property=\"og:title\" content=\"Mor un ciclista en un accident al Poble Nou de Benitatxell | R\u00e0dio Litoral\" \/>\n<meta property=\"og:description\" content=\"S&#039;ha produ\u00eft entre un cotxe i una bicicleta, a les 13.30 hores, en la carretera CV-737 S&#039;ha produ\u00eft entre un cotxe i una bicicleta, a les 13.30 hores, en la carretera CV-737\" \/>\n<meta property=\"og:url\" content=\"https:\/\/radiolitoral.com\/ca\/2024\/10\/mor-un-ciclista-en-un-accident-al-poble-nou-de-benitatxell\/\" \/>\n<meta property=\"og:site_name\" content=\"R\u00e0dio Litoral\" \/>\n<meta property=\"article:publisher\" content=\"https:\/\/www.facebook.com\/Laradiolitoral\/\" \/>\n<meta property=\"article:published_time\" content=\"2024-10-24T14:26:25+00:00\" \/>\n<meta property=\"article:modified_time\" content=\"2024-10-24T14:29:53+00:00\" \/>\n<meta property=\"og:image\" content=\"https:\/\/media.radiolitoral.com\/wp-content\/uploads\/2024\/07\/14111734\/ambulancia-SVB-e1720948668751.jpg\" \/>\n\t<meta property=\"og:image:width\" content=\"1921\" \/>\n\t<meta property=\"og:image:height\" content=\"1208\" \/>\n\t<meta property=\"og:image:type\" content=\"image\/jpeg\" \/>\n<meta name=\"author\" content=\"Redacci\u00f3n\" \/>\n<meta name=\"twitter:card\" content=\"summary_large_image\" \/>\n<meta name=\"twitter:label1\" content=\"Escrit per\" \/>\n\t<meta name=\"twitter:data1\" content=\"Redacci\u00f3n\" \/>\n\t<meta name=\"twitter:label2\" content=\"Temps estimat de lectura\" \/>\n\t<meta name=\"twitter:data2\" content=\"1 minut\" \/>\n<script type=\"application\/ld+json\" class=\"yoast-schema-graph\">{\"@context\":\"https:\\\/\\\/schema.org\",\"@graph\":[{\"@type\":\"NewsArticle\",\"@id\":\"https:\\\/\\\/radiolitoral.com\\\/2024\\\/10\\\/mor-un-ciclista-en-un-accident-al-poble-nou-de-benitatxell\\\/#article\",\"isPartOf\":{\"@id\":\"https:\\\/\\\/radiolitoral.com\\\/2024\\\/10\\\/mor-un-ciclista-en-un-accident-al-poble-nou-de-benitatxell\\\/\"},\"author\":{\"name\":\"Redacci\u00f3n\",\"@id\":\"https:\\\/\\\/radiolitoral.com\\\/#\\\/schema\\\/person\\\/f2b2343c49b5d721857cc1002bfdb151\"},\"headline\":\"Mor un ciclista en un accident al Poble Nou de Benitatxell\",\"datePublished\":\"2024-10-24T14:26:25+00:00\",\"dateModified\":\"2024-10-24T14:29:53+00:00\",\"mainEntityOfPage\":{\"@id\":\"https:\\\/\\\/radiolitoral.com\\\/2024\\\/10\\\/mor-un-ciclista-en-un-accident-al-poble-nou-de-benitatxell\\\/\"},\"wordCount\":89,\"commentCount\":0,\"publisher\":{\"@id\":\"https:\\\/\\\/radiolitoral.com\\\/#organization\"},\"image\":{\"@id\":\"https:\\\/\\\/radiolitoral.com\\\/2024\\\/10\\\/mor-un-ciclista-en-un-accident-al-poble-nou-de-benitatxell\\\/#primaryimage\"},\"thumbnailUrl\":\"https:\\\/\\\/media.radiolitoral.com\\\/wp-content\\\/uploads\\\/2024\\\/07\\\/14111734\\\/ambulancia-SVB-e1720948668751.jpg\",\"keywords\":[\"accidente\",\"ciclista\",\"El Poble Nou de Benitatxell\",\"sucesos\"],\"articleSection\":[\"Sucesos\"],\"inLanguage\":\"ca\",\"potentialAction\":[{\"@type\":\"CommentAction\",\"name\":\"Comment\",\"target\":[\"https:\\\/\\\/radiolitoral.com\\\/2024\\\/10\\\/mor-un-ciclista-en-un-accident-al-poble-nou-de-benitatxell\\\/#respond\"]}]},{\"@type\":[\"WebPage\",\"ItemPage\"],\"@id\":\"https:\\\/\\\/radiolitoral.com\\\/2024\\\/10\\\/mor-un-ciclista-en-un-accident-al-poble-nou-de-benitatxell\\\/\",\"url\":\"https:\\\/\\\/radiolitoral.com\\\/2024\\\/10\\\/mor-un-ciclista-en-un-accident-al-poble-nou-de-benitatxell\\\/\",\"name\":\"Mor un ciclista en un accident al Poble Nou de Benitatxell | R\u00e0dio Litoral\",\"isPartOf\":{\"@id\":\"https:\\\/\\\/radiolitoral.com\\\/#website\"},\"primaryImageOfPage\":{\"@id\":\"https:\\\/\\\/radiolitoral.com\\\/2024\\\/10\\\/mor-un-ciclista-en-un-accident-al-poble-nou-de-benitatxell\\\/#primaryimage\"},\"image\":{\"@id\":\"https:\\\/\\\/radiolitoral.com\\\/2024\\\/10\\\/mor-un-ciclista-en-un-accident-al-poble-nou-de-benitatxell\\\/#primaryimage\"},\"thumbnailUrl\":\"https:\\\/\\\/media.radiolitoral.com\\\/wp-content\\\/uploads\\\/2024\\\/07\\\/14111734\\\/ambulancia-SVB-e1720948668751.jpg\",\"datePublished\":\"2024-10-24T14:26:25+00:00\",\"dateModified\":\"2024-10-24T14:29:53+00:00\",\"description\":\"S'ha produ\u00eft entre un cotxe i una bicicleta, a les 13.30 hores, en la carretera CV-737 S'ha produ\u00eft entre un cotxe i una bicicleta, a les 13.30 hores, en la carretera CV-737\",\"breadcrumb\":{\"@id\":\"https:\\\/\\\/radiolitoral.com\\\/2024\\\/10\\\/mor-un-ciclista-en-un-accident-al-poble-nou-de-benitatxell\\\/#breadcrumb\"},\"inLanguage\":\"ca\",\"potentialAction\":[{\"@type\":\"ReadAction\",\"target\":[\"https:\\\/\\\/radiolitoral.com\\\/2024\\\/10\\\/mor-un-ciclista-en-un-accident-al-poble-nou-de-benitatxell\\\/\"]}]},{\"@type\":\"ImageObject\",\"inLanguage\":\"ca\",\"@id\":\"https:\\\/\\\/radiolitoral.com\\\/2024\\\/10\\\/mor-un-ciclista-en-un-accident-al-poble-nou-de-benitatxell\\\/#primaryimage\",\"url\":\"https:\\\/\\\/media.radiolitoral.com\\\/wp-content\\\/uploads\\\/2024\\\/07\\\/14111734\\\/ambulancia-SVB-e1720948668751.jpg\",\"contentUrl\":\"https:\\\/\\\/media.radiolitoral.com\\\/wp-content\\\/uploads\\\/2024\\\/07\\\/14111734\\\/ambulancia-SVB-e1720948668751.jpg\",\"width\":1921,\"height\":1208},{\"@type\":\"BreadcrumbList\",\"@id\":\"https:\\\/\\\/radiolitoral.com\\\/2024\\\/10\\\/mor-un-ciclista-en-un-accident-al-poble-nou-de-benitatxell\\\/#breadcrumb\",\"itemListElement\":[{\"@type\":\"ListItem\",\"position\":1,\"name\":\"Portada\",\"item\":\"https:\\\/\\\/radiolitoral.com\\\/\"},{\"@type\":\"ListItem\",\"position\":2,\"name\":\"Mor un ciclista en un accident al Poble Nou de Benitatxell\"}]},{\"@type\":\"WebSite\",\"@id\":\"https:\\\/\\\/radiolitoral.com\\\/#website\",\"url\":\"https:\\\/\\\/radiolitoral.com\\\/\",\"name\":\"Radio Litoral\",\"description\":\"La radio local de la Marina Alta\",\"publisher\":{\"@id\":\"https:\\\/\\\/radiolitoral.com\\\/#organization\"},\"alternateName\":\"Litoral FM\",\"potentialAction\":[{\"@type\":\"SearchAction\",\"target\":{\"@type\":\"EntryPoint\",\"urlTemplate\":\"https:\\\/\\\/radiolitoral.com\\\/?s={search_term_string}\"},\"query-input\":{\"@type\":\"PropertyValueSpecification\",\"valueRequired\":true,\"valueName\":\"search_term_string\"}}],\"inLanguage\":\"ca\"},{\"@type\":\"Organization\",\"@id\":\"https:\\\/\\\/radiolitoral.com\\\/#organization\",\"name\":\"Radio Litoral\",\"url\":\"https:\\\/\\\/radiolitoral.com\\\/\",\"logo\":{\"@type\":\"ImageObject\",\"inLanguage\":\"ca\",\"@id\":\"https:\\\/\\\/radiolitoral.com\\\/#\\\/schema\\\/logo\\\/image\\\/\",\"url\":\"https:\\\/\\\/media.radiolitoral.com\\\/wp-content\\\/uploads\\\/2023\\\/02\\\/24143238\\\/CL-V-RadioLitoral696.png\",\"contentUrl\":\"https:\\\/\\\/media.radiolitoral.com\\\/wp-content\\\/uploads\\\/2023\\\/02\\\/24143238\\\/CL-V-RadioLitoral696.png\",\"width\":696,\"height\":696,\"caption\":\"Radio Litoral\"},\"image\":{\"@id\":\"https:\\\/\\\/radiolitoral.com\\\/#\\\/schema\\\/logo\\\/image\\\/\"},\"sameAs\":[\"https:\\\/\\\/www.facebook.com\\\/Laradiolitoral\\\/\"]},{\"@type\":\"Person\",\"@id\":\"https:\\\/\\\/radiolitoral.com\\\/#\\\/schema\\\/person\\\/f2b2343c49b5d721857cc1002bfdb151\",\"name\":\"Redacci\u00f3n\",\"image\":{\"@type\":\"ImageObject\",\"inLanguage\":\"ca\",\"@id\":\"https:\\\/\\\/secure.gravatar.com\\\/avatar\\\/f771d896c203ad8b3382d7905cfcce5a5c9b008b84b3cd9114e9b9f4cb63f789?s=96&d=mm&r=g\",\"url\":\"https:\\\/\\\/secure.gravatar.com\\\/avatar\\\/f771d896c203ad8b3382d7905cfcce5a5c9b008b84b3cd9114e9b9f4cb63f789?s=96&d=mm&r=g\",\"contentUrl\":\"https:\\\/\\\/secure.gravatar.com\\\/avatar\\\/f771d896c203ad8b3382d7905cfcce5a5c9b008b84b3cd9114e9b9f4cb63f789?s=96&d=mm&r=g\",\"caption\":\"Redacci\u00f3n\"},\"url\":\"https:\\\/\\\/radiolitoral.com\\\/ca\\\/author\\\/miriam-pagan\\\/\"}]}<\/script>\n<!-- \/ Yoast SEO plugin. -->","yoast_head_json":{"title":"Mor un ciclista en un accident al Poble Nou de Benitatxell | R\u00e0dio Litoral","description":"S&#039;ha produ\u00eft entre un cotxe i una bicicleta a les 13.30 hores a la carretera CV-737 S&#039;ha produ\u00eft entre un cotxe i una bicicleta a les 13.30 hores a la carretera CV-737","robots":{"index":"index","follow":"follow","max-snippet":"max-snippet:-1","max-image-preview":"max-image-preview:large","max-video-preview":"max-video-preview:-1"},"canonical":"https:\/\/radiolitoral.com\/ca\/2024\/10\/mor-un-ciclista-en-un-accident-al-poble-nou-de-benitatxell\/","og_locale":"ca_ES","og_type":"article","og_title":"Mor un ciclista en un accident al Poble Nou de Benitatxell | R\u00e0dio Litoral","og_description":"S'ha produ\u00eft entre un cotxe i una bicicleta, a les 13.30 hores, en la carretera CV-737 S'ha produ\u00eft entre un cotxe i una bicicleta, a les 13.30 hores, en la carretera CV-737","og_url":"https:\/\/radiolitoral.com\/ca\/2024\/10\/mor-un-ciclista-en-un-accident-al-poble-nou-de-benitatxell\/","og_site_name":"R\u00e0dio Litoral","article_publisher":"https:\/\/www.facebook.com\/Laradiolitoral\/","article_published_time":"2024-10-24T14:26:25+00:00","article_modified_time":"2024-10-24T14:29:53+00:00","og_image":[{"width":1921,"height":1208,"url":"https:\/\/media.radiolitoral.com\/wp-content\/uploads\/2024\/07\/14111734\/ambulancia-SVB-e1720948668751.jpg","type":"image\/jpeg"}],"author":"Redacci\u00f3n","twitter_card":"summary_large_image","twitter_misc":{"Escrit per":"Redacci\u00f3n","Temps estimat de lectura":"1 minut"},"schema":{"@context":"https:\/\/schema.org","@graph":[{"@type":"NewsArticle","@id":"https:\/\/radiolitoral.com\/2024\/10\/mor-un-ciclista-en-un-accident-al-poble-nou-de-benitatxell\/#article","isPartOf":{"@id":"https:\/\/radiolitoral.com\/2024\/10\/mor-un-ciclista-en-un-accident-al-poble-nou-de-benitatxell\/"},"author":{"name":"Redacci\u00f3n","@id":"https:\/\/radiolitoral.com\/#\/schema\/person\/f2b2343c49b5d721857cc1002bfdb151"},"headline":"Mor un ciclista en un accident al Poble Nou de Benitatxell","datePublished":"2024-10-24T14:26:25+00:00","dateModified":"2024-10-24T14:29:53+00:00","mainEntityOfPage":{"@id":"https:\/\/radiolitoral.com\/2024\/10\/mor-un-ciclista-en-un-accident-al-poble-nou-de-benitatxell\/"},"wordCount":89,"commentCount":0,"publisher":{"@id":"https:\/\/radiolitoral.com\/#organization"},"image":{"@id":"https:\/\/radiolitoral.com\/2024\/10\/mor-un-ciclista-en-un-accident-al-poble-nou-de-benitatxell\/#primaryimage"},"thumbnailUrl":"https:\/\/media.radiolitoral.com\/wp-content\/uploads\/2024\/07\/14111734\/ambulancia-SVB-e1720948668751.jpg","keywords":["accidente","ciclista","El Poble Nou de Benitatxell","sucesos"],"articleSection":["Sucesos"],"inLanguage":"ca","potentialAction":[{"@type":"CommentAction","name":"Comment","target":["https:\/\/radiolitoral.com\/2024\/10\/mor-un-ciclista-en-un-accident-al-poble-nou-de-benitatxell\/#respond"]}]},{"@type":["WebPage","ItemPage"],"@id":"https:\/\/radiolitoral.com\/2024\/10\/mor-un-ciclista-en-un-accident-al-poble-nou-de-benitatxell\/","url":"https:\/\/radiolitoral.com\/2024\/10\/mor-un-ciclista-en-un-accident-al-poble-nou-de-benitatxell\/","name":"Mor un ciclista en un accident al Poble Nou de Benitatxell | R\u00e0dio Litoral","isPartOf":{"@id":"https:\/\/radiolitoral.com\/#website"},"primaryImageOfPage":{"@id":"https:\/\/radiolitoral.com\/2024\/10\/mor-un-ciclista-en-un-accident-al-poble-nou-de-benitatxell\/#primaryimage"},"image":{"@id":"https:\/\/radiolitoral.com\/2024\/10\/mor-un-ciclista-en-un-accident-al-poble-nou-de-benitatxell\/#primaryimage"},"thumbnailUrl":"https:\/\/media.radiolitoral.com\/wp-content\/uploads\/2024\/07\/14111734\/ambulancia-SVB-e1720948668751.jpg","datePublished":"2024-10-24T14:26:25+00:00","dateModified":"2024-10-24T14:29:53+00:00","description":"S&#039;ha produ\u00eft entre un cotxe i una bicicleta a les 13.30 hores a la carretera CV-737 S&#039;ha produ\u00eft entre un cotxe i una bicicleta a les 13.30 hores a la carretera CV-737","breadcrumb":{"@id":"https:\/\/radiolitoral.com\/2024\/10\/mor-un-ciclista-en-un-accident-al-poble-nou-de-benitatxell\/#breadcrumb"},"inLanguage":"ca","potentialAction":[{"@type":"ReadAction","target":["https:\/\/radiolitoral.com\/2024\/10\/mor-un-ciclista-en-un-accident-al-poble-nou-de-benitatxell\/"]}]},{"@type":"ImageObject","inLanguage":"ca","@id":"https:\/\/radiolitoral.com\/2024\/10\/mor-un-ciclista-en-un-accident-al-poble-nou-de-benitatxell\/#primaryimage","url":"https:\/\/media.radiolitoral.com\/wp-content\/uploads\/2024\/07\/14111734\/ambulancia-SVB-e1720948668751.jpg","contentUrl":"https:\/\/media.radiolitoral.com\/wp-content\/uploads\/2024\/07\/14111734\/ambulancia-SVB-e1720948668751.jpg","width":1921,"height":1208},{"@type":"BreadcrumbList","@id":"https:\/\/radiolitoral.com\/2024\/10\/mor-un-ciclista-en-un-accident-al-poble-nou-de-benitatxell\/#breadcrumb","itemListElement":[{"@type":"ListItem","position":1,"name":"Portada","item":"https:\/\/radiolitoral.com\/"},{"@type":"ListItem","position":2,"name":"Mor un ciclista en un accident al Poble Nou de Benitatxell"}]},{"@type":"WebSite","@id":"https:\/\/radiolitoral.com\/#website","url":"https:\/\/radiolitoral.com\/","name":"R\u00e0dio Litoral","description":"La r\u00e0dio local de la Marina Alta","publisher":{"@id":"https:\/\/radiolitoral.com\/#organization"},"alternateName":"Litoral FM","potentialAction":[{"@type":"SearchAction","target":{"@type":"EntryPoint","urlTemplate":"https:\/\/radiolitoral.com\/?s={search_term_string}"},"query-input":{"@type":"PropertyValueSpecification","valueRequired":true,"valueName":"search_term_string"}}],"inLanguage":"ca"},{"@type":"Organization","@id":"https:\/\/radiolitoral.com\/#organization","name":"R\u00e0dio Litoral","url":"https:\/\/radiolitoral.com\/","logo":{"@type":"ImageObject","inLanguage":"ca","@id":"https:\/\/radiolitoral.com\/#\/schema\/logo\/image\/","url":"https:\/\/media.radiolitoral.com\/wp-content\/uploads\/2023\/02\/24143238\/CL-V-RadioLitoral696.png","contentUrl":"https:\/\/media.radiolitoral.com\/wp-content\/uploads\/2023\/02\/24143238\/CL-V-RadioLitoral696.png","width":696,"height":696,"caption":"Radio Litoral"},"image":{"@id":"https:\/\/radiolitoral.com\/#\/schema\/logo\/image\/"},"sameAs":["https:\/\/www.facebook.com\/Laradiolitoral\/"]},{"@type":"Person","@id":"https:\/\/radiolitoral.com\/#\/schema\/person\/f2b2343c49b5d721857cc1002bfdb151","name":"Redacci\u00f3","image":{"@type":"ImageObject","inLanguage":"ca","@id":"https:\/\/secure.gravatar.com\/avatar\/f771d896c203ad8b3382d7905cfcce5a5c9b008b84b3cd9114e9b9f4cb63f789?s=96&d=mm&r=g","url":"https:\/\/secure.gravatar.com\/avatar\/f771d896c203ad8b3382d7905cfcce5a5c9b008b84b3cd9114e9b9f4cb63f789?s=96&d=mm&r=g","contentUrl":"https:\/\/secure.gravatar.com\/avatar\/f771d896c203ad8b3382d7905cfcce5a5c9b008b84b3cd9114e9b9f4cb63f789?s=96&d=mm&r=g","caption":"Redacci\u00f3n"},"url":"https:\/\/radiolitoral.com\/ca\/author\/miriam-pagan\/"}]}},"_links":{"self":[{"href":"https:\/\/radiolitoral.com\/ca\/wp-json\/wp\/v2\/posts\/12638","targetHints":{"allow":["GET"]}}],"collection":[{"href":"https:\/\/radiolitoral.com\/ca\/wp-json\/wp\/v2\/posts"}],"about":[{"href":"https:\/\/radiolitoral.com\/ca\/wp-json\/wp\/v2\/types\/post"}],"author":[{"embeddable":true,"href":"https:\/\/radiolitoral.com\/ca\/wp-json\/wp\/v2\/users\/13"}],"replies":[{"embeddable":true,"href":"https:\/\/radiolitoral.com\/ca\/wp-json\/wp\/v2\/comments?post=12638"}],"version-history":[{"count":3,"href":"https:\/\/radiolitoral.com\/ca\/wp-json\/wp\/v2\/posts\/12638\/revisions"}],"predecessor-version":[{"id":12641,"href":"https:\/\/radiolitoral.com\/ca\/wp-json\/wp\/v2\/posts\/12638\/revisions\/12641"}],"wp:featuredmedia":[{"embeddable":true,"href":"https:\/\/radiolitoral.com\/ca\/wp-json\/wp\/v2\/media\/10011"}],"wp:attachment":[{"href":"https:\/\/radiolitoral.com\/ca\/wp-json\/wp\/v2\/media?parent=12638"}],"wp:term":[{"taxonomy":"category","embeddable":true,"href":"https:\/\/radiolitoral.com\/ca\/wp-json\/wp\/v2\/categories?post=12638"},{"taxonomy":"post_tag","embeddable":true,"href":"https:\/\/radiolitoral.com\/ca\/wp-json\/wp\/v2\/tags?post=12638"}],"curies":[{"name":"wp","href":"https:\/\/api.w.org\/{rel}","templated":true}]}}