{"id":12606,"date":"2024-10-24T09:54:11","date_gmt":"2024-10-24T07:54:11","guid":{"rendered":"https:\/\/radiolitoral.com\/?p=12606"},"modified":"2024-10-24T10:03:29","modified_gmt":"2024-10-24T08:03:29","slug":"la-guardia-civil-desarticula-una-banda-criminal-especialitzada-en-robatoris-a-vivendes-a-la-marina-alta","status":"publish","type":"post","link":"https:\/\/radiolitoral.com\/ca\/2024\/10\/la-guardia-civil-desarticula-una-banda-criminal-especialitzada-en-robatoris-en-vivendes-a-la-marina-alta\/","title":{"rendered":"La Gu\u00e0rdia Civil desarticula una banda criminal especialitzada en robatoris a vivendes a la Marina Alta"},"content":{"rendered":"<p>La <strong>Guardia Civil<\/strong>, en el marc de l<strong>&#039;operaci\u00f3 &#039;<span class=\"hiddenSpellError\">Motxilla24\u2032<\/span>,<\/strong> ha <strong>detingut 7 persones pertanyents a un grup criminal especialitzat en robatoris a vivendes a la Marina Alta<\/strong>.<\/p>\n<p>A <span class=\"hiddenSuggestion\">aquesta<\/span> operaci\u00f3 <strong>s&#039;han aclarit 97 delits de robatori amb for\u00e7a a vivendes i 2 delits de robatori amb viol\u00e8ncia<\/strong>, a m\u00e9s de recuperar m\u00e9s de 600 peixos de joieria, 33 rellotges de luxe, diners en efectiu, quatre vehicles d&#039;alta gamma i material utilitzat als robatoris.<\/p>\n<p>L&#039;operaci\u00f3 &#039;<span class=\"hiddenSpellError\">Motxilla24\u2032<\/span> es va iniciar a finals de l&#039;any passat, despr\u00e9s d&#039;una s\u00e8rie de <strong>robatoris a les urbanitzacions d&#039;Orba i Els Poblets,<\/strong> fet que va generar una gran alarma social a la comarca de la Marina Alta. Durant la investigaci\u00f3, els agents van descobrir que <strong>els horaris d&#039;<span class=\"hiddenSuggestion\">aquests<\/span> robatoris coincideixen amb delits similars a Benissa, Teulada i Moraira.<\/strong><\/p>\n<p>El grup criminal <strong>seleccionava vivendes situades fora del nucli urb\u00e0<\/strong> i hi accedia a peu per evitar ser detectat. A m\u00e9s, es cobrien el rostre i <strong>usaven comunicadors port\u00e0tils<\/strong>. Per for\u00e7ar l&#039;entrada, feien servir barres de ferro i malls, i en alguns casos fins i tot arribaven a retenir els ocupants de les cases.<\/p>\n<p>Gr\u00e0cies a les investigacions, els agents van localitzar els sospechosos en un taller mec\u00e0nic a <span class=\"hiddenGrammarError\">L&#039;<\/span>Alqueria de la Comtessa, des d&#039;on operava la banda per evitar ser identificada. <span class=\"hiddenSuggestion\">Aquest<\/span> grup estava compost per <strong>quatre individus,<\/strong> un dels quals era propietari del taller i d&#039;un concessionari de vehicles de segona m\u00e0 a Oliva, mentre que un altre era gendre del propietari d&#039;una joieria a Gandia.<\/p>\n<p>A la <strong>primera fase<\/strong> de l&#039;operaci\u00f3, es detindran els<strong> quatre presumptes autors materials dels robatoris<\/strong>. Durant els registres a dos domicilis de Gandia, a la joieria i al taller mec\u00e0nic, es van confiscar m\u00e9s de 600 peixos de joieria, 33 rellotges de luxe, diners en efectiu, quatre vehicles d&#039;alta gamma i el material utilitzat als robatoris .<\/p>\n<p>Durant la <strong>segona fase, van ser detinguts el joier de Gandia i les seues <span class=\"hiddenGrammarError\">dues<\/span> fills<\/strong>, que presumptament participaven en la venda de les joies robades. Es van recuperar nombrosos objectes sostrets, que van ser retornats als seus propietaris.<\/p>\n<p>L&#039;operaci\u00f3 ha estat desenvolupada per les \u00c0rees d&#039;Investigaci\u00f3 dels llocs de Verger i Moraira, sota la direcci\u00f3 de la Companyia de la Guardia Civil de Calp. A m\u00e9s, ha comptat amb el suport del Grup de Reserva i Seguretat (<span class=\"hiddenSpellError\">GRS<\/span>) n\u00fam. 3 de Val\u00e8ncia, el Servei <span class=\"hiddenSpellError\">Cinol\u00f2gic<\/span>, el Grup de Suport a la Companyia de Calp, la patrulla <span class=\"hiddenGrammarError\">Fiscal<\/span> i Fronteres de Calp, i Unitats de Seguretat Ciutadana de les Comand\u00e0ncies de Val\u00e8ncia i Alacant. L&#039;operaci\u00f3 ha estat dirigida pel Jutjat d&#039;Instrucci\u00f3 n\u00fam. 2 de D\u00e9nia.<\/p>\n<p>Foto galeria de la Gu\u00e0rdia Civil:<\/p>\n<div id='gallery-1' class='gallery galleryid-12606 gallery-columns-2 gallery-size-full'><figure class='gallery-item'>\n\t\t\t<div class='gallery-icon landscape'>\n\t\t\t\t<a href='https:\/\/radiolitoral.com\/ca\/guardia-civil-desarticulada-una-banda-criminal-especializada-en-robos-en-viviendas-en-la-marina-alta-13\/'><img loading=\"lazy\" decoding=\"async\" width=\"1920\" height=\"1080\" src=\"https:\/\/media.radiolitoral.com\/wp-content\/uploads\/2024\/10\/24095109\/Guardia-Civil-Desarticulada-una-banda-criminal-especializada-en-robos-en-viviendas-en-la-Marina-Alta-13.jpg\" class=\"attachment-full size-full\" alt=\"\" srcset=\"https:\/\/media.radiolitoral.com\/wp-content\/uploads\/2024\/10\/24095109\/Guardia-Civil-Desarticulada-una-banda-criminal-especializada-en-robos-en-viviendas-en-la-Marina-Alta-13.jpg 1920w, https:\/\/media.radiolitoral.com\/wp-content\/uploads\/2024\/10\/24095109\/Guardia-Civil-Desarticulada-una-banda-criminal-especializada-en-robos-en-viviendas-en-la-Marina-Alta-13-300x169.jpg 300w, https:\/\/media.radiolitoral.com\/wp-content\/uploads\/2024\/10\/24095109\/Guardia-Civil-Desarticulada-una-banda-criminal-especializada-en-robos-en-viviendas-en-la-Marina-Alta-13-1024x576.jpg 1024w, https:\/\/media.radiolitoral.com\/wp-content\/uploads\/2024\/10\/24095109\/Guardia-Civil-Desarticulada-una-banda-criminal-especializada-en-robos-en-viviendas-en-la-Marina-Alta-13-768x432.jpg 768w, https:\/\/media.radiolitoral.com\/wp-content\/uploads\/2024\/10\/24095109\/Guardia-Civil-Desarticulada-una-banda-criminal-especializada-en-robos-en-viviendas-en-la-Marina-Alta-13-1536x864.jpg 1536w, https:\/\/media.radiolitoral.com\/wp-content\/uploads\/2024\/10\/24095109\/Guardia-Civil-Desarticulada-una-banda-criminal-especializada-en-robos-en-viviendas-en-la-Marina-Alta-13-18x10.jpg 18w, https:\/\/media.radiolitoral.com\/wp-content\/uploads\/2024\/10\/24095109\/Guardia-Civil-Desarticulada-una-banda-criminal-especializada-en-robos-en-viviendas-en-la-Marina-Alta-13-1000x563.jpg 1000w, https:\/\/media.radiolitoral.com\/wp-content\/uploads\/2024\/10\/24095109\/Guardia-Civil-Desarticulada-una-banda-criminal-especializada-en-robos-en-viviendas-en-la-Marina-Alta-13-100x56.jpg 100w, https:\/\/media.radiolitoral.com\/wp-content\/uploads\/2024\/10\/24095109\/Guardia-Civil-Desarticulada-una-banda-criminal-especializada-en-robos-en-viviendas-en-la-Marina-Alta-13-200x113.jpg 200w\" sizes=\"auto, (max-width: 1920px) 100vw, 1920px\" \/><\/a>\n\t\t\t<\/div><\/figure><figure class='gallery-item'>\n\t\t\t<div class='gallery-icon landscape'>\n\t\t\t\t<a href='https:\/\/radiolitoral.com\/ca\/guardia-civil-desarticulada-una-banda-criminal-especializada-en-robos-en-viviendas-en-la-marina-alta-14\/'><img loading=\"lazy\" decoding=\"async\" width=\"1920\" height=\"1080\" src=\"https:\/\/media.radiolitoral.com\/wp-content\/uploads\/2024\/10\/24095104\/Guardia-Civil-Desarticulada-una-banda-criminal-especializada-en-robos-en-viviendas-en-la-Marina-Alta-14.jpg\" class=\"attachment-full size-full\" alt=\"\" srcset=\"https:\/\/media.radiolitoral.com\/wp-content\/uploads\/2024\/10\/24095104\/Guardia-Civil-Desarticulada-una-banda-criminal-especializada-en-robos-en-viviendas-en-la-Marina-Alta-14.jpg 1920w, https:\/\/media.radiolitoral.com\/wp-content\/uploads\/2024\/10\/24095104\/Guardia-Civil-Desarticulada-una-banda-criminal-especializada-en-robos-en-viviendas-en-la-Marina-Alta-14-300x169.jpg 300w, https:\/\/media.radiolitoral.com\/wp-content\/uploads\/2024\/10\/24095104\/Guardia-Civil-Desarticulada-una-banda-criminal-especializada-en-robos-en-viviendas-en-la-Marina-Alta-14-1024x576.jpg 1024w, https:\/\/media.radiolitoral.com\/wp-content\/uploads\/2024\/10\/24095104\/Guardia-Civil-Desarticulada-una-banda-criminal-especializada-en-robos-en-viviendas-en-la-Marina-Alta-14-768x432.jpg 768w, https:\/\/media.radiolitoral.com\/wp-content\/uploads\/2024\/10\/24095104\/Guardia-Civil-Desarticulada-una-banda-criminal-especializada-en-robos-en-viviendas-en-la-Marina-Alta-14-1536x864.jpg 1536w, https:\/\/media.radiolitoral.com\/wp-content\/uploads\/2024\/10\/24095104\/Guardia-Civil-Desarticulada-una-banda-criminal-especializada-en-robos-en-viviendas-en-la-Marina-Alta-14-18x10.jpg 18w, https:\/\/media.radiolitoral.com\/wp-content\/uploads\/2024\/10\/24095104\/Guardia-Civil-Desarticulada-una-banda-criminal-especializada-en-robos-en-viviendas-en-la-Marina-Alta-14-1000x563.jpg 1000w, https:\/\/media.radiolitoral.com\/wp-content\/uploads\/2024\/10\/24095104\/Guardia-Civil-Desarticulada-una-banda-criminal-especializada-en-robos-en-viviendas-en-la-Marina-Alta-14-100x56.jpg 100w, https:\/\/media.radiolitoral.com\/wp-content\/uploads\/2024\/10\/24095104\/Guardia-Civil-Desarticulada-una-banda-criminal-especializada-en-robos-en-viviendas-en-la-Marina-Alta-14-200x113.jpg 200w\" sizes=\"auto, (max-width: 1920px) 100vw, 1920px\" \/><\/a>\n\t\t\t<\/div><\/figure><figure class='gallery-item'>\n\t\t\t<div class='gallery-icon landscape'>\n\t\t\t\t<a href='https:\/\/radiolitoral.com\/ca\/guardia-civil-desarticulada-una-banda-criminal-especializada-en-robos-en-viviendas-en-la-marina-alta-3-copia\/'><img loading=\"lazy\" decoding=\"async\" width=\"960\" height=\"720\" src=\"https:\/\/media.radiolitoral.com\/wp-content\/uploads\/2024\/10\/24095029\/Guardia-Civil-Desarticulada-una-banda-criminal-especializada-en-robos-en-viviendas-en-la-Marina-Alta-3-copia.jpg\" class=\"attachment-full size-full\" alt=\"\" srcset=\"https:\/\/media.radiolitoral.com\/wp-content\/uploads\/2024\/10\/24095029\/Guardia-Civil-Desarticulada-una-banda-criminal-especializada-en-robos-en-viviendas-en-la-Marina-Alta-3-copia.jpg 960w, https:\/\/media.radiolitoral.com\/wp-content\/uploads\/2024\/10\/24095029\/Guardia-Civil-Desarticulada-una-banda-criminal-especializada-en-robos-en-viviendas-en-la-Marina-Alta-3-copia-300x225.jpg 300w, https:\/\/media.radiolitoral.com\/wp-content\/uploads\/2024\/10\/24095029\/Guardia-Civil-Desarticulada-una-banda-criminal-especializada-en-robos-en-viviendas-en-la-Marina-Alta-3-copia-768x576.jpg 768w, https:\/\/media.radiolitoral.com\/wp-content\/uploads\/2024\/10\/24095029\/Guardia-Civil-Desarticulada-una-banda-criminal-especializada-en-robos-en-viviendas-en-la-Marina-Alta-3-copia-16x12.jpg 16w, https:\/\/media.radiolitoral.com\/wp-content\/uploads\/2024\/10\/24095029\/Guardia-Civil-Desarticulada-una-banda-criminal-especializada-en-robos-en-viviendas-en-la-Marina-Alta-3-copia-100x75.jpg 100w, https:\/\/media.radiolitoral.com\/wp-content\/uploads\/2024\/10\/24095029\/Guardia-Civil-Desarticulada-una-banda-criminal-especializada-en-robos-en-viviendas-en-la-Marina-Alta-3-copia-200x150.jpg 200w\" sizes=\"auto, (max-width: 960px) 100vw, 960px\" \/><\/a>\n\t\t\t<\/div><\/figure><figure class='gallery-item'>\n\t\t\t<div class='gallery-icon landscape'>\n\t\t\t\t<a href='https:\/\/radiolitoral.com\/ca\/guardia-civil-desarticulada-una-banda-criminal-especializada-en-robos-en-viviendas-en-la-marina-alta-1\/'><img loading=\"lazy\" decoding=\"async\" width=\"1920\" height=\"1080\" src=\"https:\/\/media.radiolitoral.com\/wp-content\/uploads\/2024\/10\/24095406\/Guardia-Civil-Desarticulada-una-banda-criminal-especializada-en-robos-en-viviendas-en-la-Marina-Alta-1.jpg\" class=\"attachment-full size-full\" alt=\"\" srcset=\"https:\/\/media.radiolitoral.com\/wp-content\/uploads\/2024\/10\/24095406\/Guardia-Civil-Desarticulada-una-banda-criminal-especializada-en-robos-en-viviendas-en-la-Marina-Alta-1.jpg 1920w, https:\/\/media.radiolitoral.com\/wp-content\/uploads\/2024\/10\/24095406\/Guardia-Civil-Desarticulada-una-banda-criminal-especializada-en-robos-en-viviendas-en-la-Marina-Alta-1-300x169.jpg 300w, https:\/\/media.radiolitoral.com\/wp-content\/uploads\/2024\/10\/24095406\/Guardia-Civil-Desarticulada-una-banda-criminal-especializada-en-robos-en-viviendas-en-la-Marina-Alta-1-1024x576.jpg 1024w, https:\/\/media.radiolitoral.com\/wp-content\/uploads\/2024\/10\/24095406\/Guardia-Civil-Desarticulada-una-banda-criminal-especializada-en-robos-en-viviendas-en-la-Marina-Alta-1-768x432.jpg 768w, https:\/\/media.radiolitoral.com\/wp-content\/uploads\/2024\/10\/24095406\/Guardia-Civil-Desarticulada-una-banda-criminal-especializada-en-robos-en-viviendas-en-la-Marina-Alta-1-1536x864.jpg 1536w, https:\/\/media.radiolitoral.com\/wp-content\/uploads\/2024\/10\/24095406\/Guardia-Civil-Desarticulada-una-banda-criminal-especializada-en-robos-en-viviendas-en-la-Marina-Alta-1-18x10.jpg 18w, https:\/\/media.radiolitoral.com\/wp-content\/uploads\/2024\/10\/24095406\/Guardia-Civil-Desarticulada-una-banda-criminal-especializada-en-robos-en-viviendas-en-la-Marina-Alta-1-1000x563.jpg 1000w, https:\/\/media.radiolitoral.com\/wp-content\/uploads\/2024\/10\/24095406\/Guardia-Civil-Desarticulada-una-banda-criminal-especializada-en-robos-en-viviendas-en-la-Marina-Alta-1-100x56.jpg 100w, https:\/\/media.radiolitoral.com\/wp-content\/uploads\/2024\/10\/24095406\/Guardia-Civil-Desarticulada-una-banda-criminal-especializada-en-robos-en-viviendas-en-la-Marina-Alta-1-200x113.jpg 200w\" sizes=\"auto, (max-width: 1920px) 100vw, 1920px\" \/><\/a>\n\t\t\t<\/div><\/figure><figure class='gallery-item'>\n\t\t\t<div class='gallery-icon landscape'>\n\t\t\t\t<a href='https:\/\/radiolitoral.com\/ca\/guardia-civil-desarticulada-una-banda-criminal-especializada-en-robos-en-viviendas-en-la-marina-alta-6\/'><img loading=\"lazy\" decoding=\"async\" width=\"1920\" height=\"1080\" src=\"https:\/\/media.radiolitoral.com\/wp-content\/uploads\/2024\/10\/24095358\/Guardia-Civil-Desarticulada-una-banda-criminal-especializada-en-robos-en-viviendas-en-la-Marina-Alta-6.jpg\" class=\"attachment-full size-full\" alt=\"\" srcset=\"https:\/\/media.radiolitoral.com\/wp-content\/uploads\/2024\/10\/24095358\/Guardia-Civil-Desarticulada-una-banda-criminal-especializada-en-robos-en-viviendas-en-la-Marina-Alta-6.jpg 1920w, https:\/\/media.radiolitoral.com\/wp-content\/uploads\/2024\/10\/24095358\/Guardia-Civil-Desarticulada-una-banda-criminal-especializada-en-robos-en-viviendas-en-la-Marina-Alta-6-300x169.jpg 300w, https:\/\/media.radiolitoral.com\/wp-content\/uploads\/2024\/10\/24095358\/Guardia-Civil-Desarticulada-una-banda-criminal-especializada-en-robos-en-viviendas-en-la-Marina-Alta-6-1024x576.jpg 1024w, https:\/\/media.radiolitoral.com\/wp-content\/uploads\/2024\/10\/24095358\/Guardia-Civil-Desarticulada-una-banda-criminal-especializada-en-robos-en-viviendas-en-la-Marina-Alta-6-768x432.jpg 768w, https:\/\/media.radiolitoral.com\/wp-content\/uploads\/2024\/10\/24095358\/Guardia-Civil-Desarticulada-una-banda-criminal-especializada-en-robos-en-viviendas-en-la-Marina-Alta-6-1536x864.jpg 1536w, https:\/\/media.radiolitoral.com\/wp-content\/uploads\/2024\/10\/24095358\/Guardia-Civil-Desarticulada-una-banda-criminal-especializada-en-robos-en-viviendas-en-la-Marina-Alta-6-18x10.jpg 18w, https:\/\/media.radiolitoral.com\/wp-content\/uploads\/2024\/10\/24095358\/Guardia-Civil-Desarticulada-una-banda-criminal-especializada-en-robos-en-viviendas-en-la-Marina-Alta-6-1000x563.jpg 1000w, https:\/\/media.radiolitoral.com\/wp-content\/uploads\/2024\/10\/24095358\/Guardia-Civil-Desarticulada-una-banda-criminal-especializada-en-robos-en-viviendas-en-la-Marina-Alta-6-100x56.jpg 100w, https:\/\/media.radiolitoral.com\/wp-content\/uploads\/2024\/10\/24095358\/Guardia-Civil-Desarticulada-una-banda-criminal-especializada-en-robos-en-viviendas-en-la-Marina-Alta-6-200x113.jpg 200w\" sizes=\"auto, (max-width: 1920px) 100vw, 1920px\" \/><\/a>\n\t\t\t<\/div><\/figure><figure class='gallery-item'>\n\t\t\t<div class='gallery-icon landscape'>\n\t\t\t\t<a href='https:\/\/radiolitoral.com\/ca\/guardia-civil-desmantelado-8\/'><img loading=\"lazy\" decoding=\"async\" width=\"1920\" height=\"1080\" src=\"https:\/\/media.radiolitoral.com\/wp-content\/uploads\/2024\/10\/24095157\/Guardia-Civil-desmantelado-8.jpg\" class=\"attachment-full size-full\" alt=\"\" srcset=\"https:\/\/media.radiolitoral.com\/wp-content\/uploads\/2024\/10\/24095157\/Guardia-Civil-desmantelado-8.jpg 1920w, https:\/\/media.radiolitoral.com\/wp-content\/uploads\/2024\/10\/24095157\/Guardia-Civil-desmantelado-8-300x169.jpg 300w, https:\/\/media.radiolitoral.com\/wp-content\/uploads\/2024\/10\/24095157\/Guardia-Civil-desmantelado-8-1024x576.jpg 1024w, https:\/\/media.radiolitoral.com\/wp-content\/uploads\/2024\/10\/24095157\/Guardia-Civil-desmantelado-8-768x432.jpg 768w, https:\/\/media.radiolitoral.com\/wp-content\/uploads\/2024\/10\/24095157\/Guardia-Civil-desmantelado-8-1536x864.jpg 1536w, https:\/\/media.radiolitoral.com\/wp-content\/uploads\/2024\/10\/24095157\/Guardia-Civil-desmantelado-8-18x10.jpg 18w, https:\/\/media.radiolitoral.com\/wp-content\/uploads\/2024\/10\/24095157\/Guardia-Civil-desmantelado-8-1000x563.jpg 1000w, https:\/\/media.radiolitoral.com\/wp-content\/uploads\/2024\/10\/24095157\/Guardia-Civil-desmantelado-8-100x56.jpg 100w, https:\/\/media.radiolitoral.com\/wp-content\/uploads\/2024\/10\/24095157\/Guardia-Civil-desmantelado-8-200x113.jpg 200w\" sizes=\"auto, (max-width: 1920px) 100vw, 1920px\" \/><\/a>\n\t\t\t<\/div><\/figure><figure class='gallery-item'>\n\t\t\t<div class='gallery-icon landscape'>\n\t\t\t\t<a href='https:\/\/radiolitoral.com\/ca\/guardia-civil-desarticulada-una-banda-criminal-especializada-en-robos-en-viviendas-en-la-marina-alta-7\/'><img loading=\"lazy\" decoding=\"async\" width=\"1920\" height=\"1080\" src=\"https:\/\/media.radiolitoral.com\/wp-content\/uploads\/2024\/10\/24095152\/Guardia-Civil-Desarticulada-una-banda-criminal-especializada-en-robos-en-viviendas-en-la-Marina-Alta-7.jpg\" class=\"attachment-full size-full\" alt=\"\" srcset=\"https:\/\/media.radiolitoral.com\/wp-content\/uploads\/2024\/10\/24095152\/Guardia-Civil-Desarticulada-una-banda-criminal-especializada-en-robos-en-viviendas-en-la-Marina-Alta-7.jpg 1920w, https:\/\/media.radiolitoral.com\/wp-content\/uploads\/2024\/10\/24095152\/Guardia-Civil-Desarticulada-una-banda-criminal-especializada-en-robos-en-viviendas-en-la-Marina-Alta-7-300x169.jpg 300w, https:\/\/media.radiolitoral.com\/wp-content\/uploads\/2024\/10\/24095152\/Guardia-Civil-Desarticulada-una-banda-criminal-especializada-en-robos-en-viviendas-en-la-Marina-Alta-7-1024x576.jpg 1024w, https:\/\/media.radiolitoral.com\/wp-content\/uploads\/2024\/10\/24095152\/Guardia-Civil-Desarticulada-una-banda-criminal-especializada-en-robos-en-viviendas-en-la-Marina-Alta-7-768x432.jpg 768w, https:\/\/media.radiolitoral.com\/wp-content\/uploads\/2024\/10\/24095152\/Guardia-Civil-Desarticulada-una-banda-criminal-especializada-en-robos-en-viviendas-en-la-Marina-Alta-7-1536x864.jpg 1536w, https:\/\/media.radiolitoral.com\/wp-content\/uploads\/2024\/10\/24095152\/Guardia-Civil-Desarticulada-una-banda-criminal-especializada-en-robos-en-viviendas-en-la-Marina-Alta-7-18x10.jpg 18w, https:\/\/media.radiolitoral.com\/wp-content\/uploads\/2024\/10\/24095152\/Guardia-Civil-Desarticulada-una-banda-criminal-especializada-en-robos-en-viviendas-en-la-Marina-Alta-7-1000x563.jpg 1000w, https:\/\/media.radiolitoral.com\/wp-content\/uploads\/2024\/10\/24095152\/Guardia-Civil-Desarticulada-una-banda-criminal-especializada-en-robos-en-viviendas-en-la-Marina-Alta-7-100x56.jpg 100w, https:\/\/media.radiolitoral.com\/wp-content\/uploads\/2024\/10\/24095152\/Guardia-Civil-Desarticulada-una-banda-criminal-especializada-en-robos-en-viviendas-en-la-Marina-Alta-7-200x113.jpg 200w\" sizes=\"auto, (max-width: 1920px) 100vw, 1920px\" \/><\/a>\n\t\t\t<\/div><\/figure><figure class='gallery-item'>\n\t\t\t<div class='gallery-icon landscape'>\n\t\t\t\t<a href='https:\/\/radiolitoral.com\/ca\/guardia-civil-desmantelado-16\/'><img loading=\"lazy\" decoding=\"async\" width=\"1920\" height=\"1080\" src=\"https:\/\/media.radiolitoral.com\/wp-content\/uploads\/2024\/10\/24095140\/Guardia-Civil-desmantelado-16.jpg\" class=\"attachment-full size-full\" alt=\"\" srcset=\"https:\/\/media.radiolitoral.com\/wp-content\/uploads\/2024\/10\/24095140\/Guardia-Civil-desmantelado-16.jpg 1920w, https:\/\/media.radiolitoral.com\/wp-content\/uploads\/2024\/10\/24095140\/Guardia-Civil-desmantelado-16-300x169.jpg 300w, https:\/\/media.radiolitoral.com\/wp-content\/uploads\/2024\/10\/24095140\/Guardia-Civil-desmantelado-16-1024x576.jpg 1024w, https:\/\/media.radiolitoral.com\/wp-content\/uploads\/2024\/10\/24095140\/Guardia-Civil-desmantelado-16-768x432.jpg 768w, https:\/\/media.radiolitoral.com\/wp-content\/uploads\/2024\/10\/24095140\/Guardia-Civil-desmantelado-16-1536x864.jpg 1536w, https:\/\/media.radiolitoral.com\/wp-content\/uploads\/2024\/10\/24095140\/Guardia-Civil-desmantelado-16-18x10.jpg 18w, https:\/\/media.radiolitoral.com\/wp-content\/uploads\/2024\/10\/24095140\/Guardia-Civil-desmantelado-16-1000x563.jpg 1000w, https:\/\/media.radiolitoral.com\/wp-content\/uploads\/2024\/10\/24095140\/Guardia-Civil-desmantelado-16-100x56.jpg 100w, https:\/\/media.radiolitoral.com\/wp-content\/uploads\/2024\/10\/24095140\/Guardia-Civil-desmantelado-16-200x113.jpg 200w\" sizes=\"auto, (max-width: 1920px) 100vw, 1920px\" \/><\/a>\n\t\t\t<\/div><\/figure><figure class='gallery-item'>\n\t\t\t<div class='gallery-icon landscape'>\n\t\t\t\t<a href='https:\/\/radiolitoral.com\/ca\/guardia-civil-desarticulada-una-banda-criminal-especializada-en-robos-en-viviendas-en-la-marina-alta-8\/'><img loading=\"lazy\" decoding=\"async\" width=\"1920\" height=\"1080\" src=\"https:\/\/media.radiolitoral.com\/wp-content\/uploads\/2024\/10\/24095135\/Guardia-Civil-Desarticulada-una-banda-criminal-especializada-en-robos-en-viviendas-en-la-Marina-Alta-8.jpg\" class=\"attachment-full size-full\" alt=\"\" srcset=\"https:\/\/media.radiolitoral.com\/wp-content\/uploads\/2024\/10\/24095135\/Guardia-Civil-Desarticulada-una-banda-criminal-especializada-en-robos-en-viviendas-en-la-Marina-Alta-8.jpg 1920w, https:\/\/media.radiolitoral.com\/wp-content\/uploads\/2024\/10\/24095135\/Guardia-Civil-Desarticulada-una-banda-criminal-especializada-en-robos-en-viviendas-en-la-Marina-Alta-8-300x169.jpg 300w, https:\/\/media.radiolitoral.com\/wp-content\/uploads\/2024\/10\/24095135\/Guardia-Civil-Desarticulada-una-banda-criminal-especializada-en-robos-en-viviendas-en-la-Marina-Alta-8-1024x576.jpg 1024w, https:\/\/media.radiolitoral.com\/wp-content\/uploads\/2024\/10\/24095135\/Guardia-Civil-Desarticulada-una-banda-criminal-especializada-en-robos-en-viviendas-en-la-Marina-Alta-8-768x432.jpg 768w, https:\/\/media.radiolitoral.com\/wp-content\/uploads\/2024\/10\/24095135\/Guardia-Civil-Desarticulada-una-banda-criminal-especializada-en-robos-en-viviendas-en-la-Marina-Alta-8-1536x864.jpg 1536w, https:\/\/media.radiolitoral.com\/wp-content\/uploads\/2024\/10\/24095135\/Guardia-Civil-Desarticulada-una-banda-criminal-especializada-en-robos-en-viviendas-en-la-Marina-Alta-8-18x10.jpg 18w, https:\/\/media.radiolitoral.com\/wp-content\/uploads\/2024\/10\/24095135\/Guardia-Civil-Desarticulada-una-banda-criminal-especializada-en-robos-en-viviendas-en-la-Marina-Alta-8-1000x563.jpg 1000w, https:\/\/media.radiolitoral.com\/wp-content\/uploads\/2024\/10\/24095135\/Guardia-Civil-Desarticulada-una-banda-criminal-especializada-en-robos-en-viviendas-en-la-Marina-Alta-8-100x56.jpg 100w, https:\/\/media.radiolitoral.com\/wp-content\/uploads\/2024\/10\/24095135\/Guardia-Civil-Desarticulada-una-banda-criminal-especializada-en-robos-en-viviendas-en-la-Marina-Alta-8-200x113.jpg 200w\" sizes=\"auto, (max-width: 1920px) 100vw, 1920px\" \/><\/a>\n\t\t\t<\/div><\/figure><figure class='gallery-item'>\n\t\t\t<div class='gallery-icon landscape'>\n\t\t\t\t<a href='https:\/\/radiolitoral.com\/ca\/guardia-civil-desarticulada-una-banda-criminal-especializada-en-robos-en-viviendas-en-la-marina-alta-9\/'><img loading=\"lazy\" decoding=\"async\" width=\"1920\" height=\"1080\" src=\"https:\/\/media.radiolitoral.com\/wp-content\/uploads\/2024\/10\/24095130\/Guardia-Civil-Desarticulada-una-banda-criminal-especializada-en-robos-en-viviendas-en-la-Marina-Alta-9.jpg\" class=\"attachment-full size-full\" alt=\"\" srcset=\"https:\/\/media.radiolitoral.com\/wp-content\/uploads\/2024\/10\/24095130\/Guardia-Civil-Desarticulada-una-banda-criminal-especializada-en-robos-en-viviendas-en-la-Marina-Alta-9.jpg 1920w, https:\/\/media.radiolitoral.com\/wp-content\/uploads\/2024\/10\/24095130\/Guardia-Civil-Desarticulada-una-banda-criminal-especializada-en-robos-en-viviendas-en-la-Marina-Alta-9-300x169.jpg 300w, https:\/\/media.radiolitoral.com\/wp-content\/uploads\/2024\/10\/24095130\/Guardia-Civil-Desarticulada-una-banda-criminal-especializada-en-robos-en-viviendas-en-la-Marina-Alta-9-1024x576.jpg 1024w, https:\/\/media.radiolitoral.com\/wp-content\/uploads\/2024\/10\/24095130\/Guardia-Civil-Desarticulada-una-banda-criminal-especializada-en-robos-en-viviendas-en-la-Marina-Alta-9-768x432.jpg 768w, https:\/\/media.radiolitoral.com\/wp-content\/uploads\/2024\/10\/24095130\/Guardia-Civil-Desarticulada-una-banda-criminal-especializada-en-robos-en-viviendas-en-la-Marina-Alta-9-1536x864.jpg 1536w, https:\/\/media.radiolitoral.com\/wp-content\/uploads\/2024\/10\/24095130\/Guardia-Civil-Desarticulada-una-banda-criminal-especializada-en-robos-en-viviendas-en-la-Marina-Alta-9-18x10.jpg 18w, https:\/\/media.radiolitoral.com\/wp-content\/uploads\/2024\/10\/24095130\/Guardia-Civil-Desarticulada-una-banda-criminal-especializada-en-robos-en-viviendas-en-la-Marina-Alta-9-1000x563.jpg 1000w, https:\/\/media.radiolitoral.com\/wp-content\/uploads\/2024\/10\/24095130\/Guardia-Civil-Desarticulada-una-banda-criminal-especializada-en-robos-en-viviendas-en-la-Marina-Alta-9-100x56.jpg 100w, https:\/\/media.radiolitoral.com\/wp-content\/uploads\/2024\/10\/24095130\/Guardia-Civil-Desarticulada-una-banda-criminal-especializada-en-robos-en-viviendas-en-la-Marina-Alta-9-200x113.jpg 200w\" sizes=\"auto, (max-width: 1920px) 100vw, 1920px\" \/><\/a>\n\t\t\t<\/div><\/figure><figure class='gallery-item'>\n\t\t\t<div class='gallery-icon landscape'>\n\t\t\t\t<a href='https:\/\/radiolitoral.com\/ca\/guardia-civil-desarticulada-una-banda-criminal-especializada-en-robos-en-viviendas-en-la-marina-alta-10\/'><img loading=\"lazy\" decoding=\"async\" width=\"1920\" height=\"1080\" src=\"https:\/\/media.radiolitoral.com\/wp-content\/uploads\/2024\/10\/24095125\/Guardia-Civil-Desarticulada-una-banda-criminal-especializada-en-robos-en-viviendas-en-la-Marina-Alta-10.jpg\" class=\"attachment-full size-full\" alt=\"\" srcset=\"https:\/\/media.radiolitoral.com\/wp-content\/uploads\/2024\/10\/24095125\/Guardia-Civil-Desarticulada-una-banda-criminal-especializada-en-robos-en-viviendas-en-la-Marina-Alta-10.jpg 1920w, https:\/\/media.radiolitoral.com\/wp-content\/uploads\/2024\/10\/24095125\/Guardia-Civil-Desarticulada-una-banda-criminal-especializada-en-robos-en-viviendas-en-la-Marina-Alta-10-300x169.jpg 300w, https:\/\/media.radiolitoral.com\/wp-content\/uploads\/2024\/10\/24095125\/Guardia-Civil-Desarticulada-una-banda-criminal-especializada-en-robos-en-viviendas-en-la-Marina-Alta-10-1024x576.jpg 1024w, https:\/\/media.radiolitoral.com\/wp-content\/uploads\/2024\/10\/24095125\/Guardia-Civil-Desarticulada-una-banda-criminal-especializada-en-robos-en-viviendas-en-la-Marina-Alta-10-768x432.jpg 768w, https:\/\/media.radiolitoral.com\/wp-content\/uploads\/2024\/10\/24095125\/Guardia-Civil-Desarticulada-una-banda-criminal-especializada-en-robos-en-viviendas-en-la-Marina-Alta-10-1536x864.jpg 1536w, https:\/\/media.radiolitoral.com\/wp-content\/uploads\/2024\/10\/24095125\/Guardia-Civil-Desarticulada-una-banda-criminal-especializada-en-robos-en-viviendas-en-la-Marina-Alta-10-18x10.jpg 18w, https:\/\/media.radiolitoral.com\/wp-content\/uploads\/2024\/10\/24095125\/Guardia-Civil-Desarticulada-una-banda-criminal-especializada-en-robos-en-viviendas-en-la-Marina-Alta-10-1000x563.jpg 1000w, https:\/\/media.radiolitoral.com\/wp-content\/uploads\/2024\/10\/24095125\/Guardia-Civil-Desarticulada-una-banda-criminal-especializada-en-robos-en-viviendas-en-la-Marina-Alta-10-100x56.jpg 100w, https:\/\/media.radiolitoral.com\/wp-content\/uploads\/2024\/10\/24095125\/Guardia-Civil-Desarticulada-una-banda-criminal-especializada-en-robos-en-viviendas-en-la-Marina-Alta-10-200x113.jpg 200w\" sizes=\"auto, (max-width: 1920px) 100vw, 1920px\" \/><\/a>\n\t\t\t<\/div><\/figure><figure class='gallery-item'>\n\t\t\t<div class='gallery-icon landscape'>\n\t\t\t\t<a href='https:\/\/radiolitoral.com\/ca\/guardia-civil-desarticulada-una-banda-criminal-especializada-en-robos-en-viviendas-en-la-marina-alta-11\/'><img loading=\"lazy\" decoding=\"async\" width=\"1920\" height=\"1080\" src=\"https:\/\/media.radiolitoral.com\/wp-content\/uploads\/2024\/10\/24095120\/Guardia-Civil-Desarticulada-una-banda-criminal-especializada-en-robos-en-viviendas-en-la-Marina-Alta-11.jpg\" class=\"attachment-full size-full\" alt=\"\" srcset=\"https:\/\/media.radiolitoral.com\/wp-content\/uploads\/2024\/10\/24095120\/Guardia-Civil-Desarticulada-una-banda-criminal-especializada-en-robos-en-viviendas-en-la-Marina-Alta-11.jpg 1920w, https:\/\/media.radiolitoral.com\/wp-content\/uploads\/2024\/10\/24095120\/Guardia-Civil-Desarticulada-una-banda-criminal-especializada-en-robos-en-viviendas-en-la-Marina-Alta-11-300x169.jpg 300w, https:\/\/media.radiolitoral.com\/wp-content\/uploads\/2024\/10\/24095120\/Guardia-Civil-Desarticulada-una-banda-criminal-especializada-en-robos-en-viviendas-en-la-Marina-Alta-11-1024x576.jpg 1024w, https:\/\/media.radiolitoral.com\/wp-content\/uploads\/2024\/10\/24095120\/Guardia-Civil-Desarticulada-una-banda-criminal-especializada-en-robos-en-viviendas-en-la-Marina-Alta-11-768x432.jpg 768w, https:\/\/media.radiolitoral.com\/wp-content\/uploads\/2024\/10\/24095120\/Guardia-Civil-Desarticulada-una-banda-criminal-especializada-en-robos-en-viviendas-en-la-Marina-Alta-11-1536x864.jpg 1536w, https:\/\/media.radiolitoral.com\/wp-content\/uploads\/2024\/10\/24095120\/Guardia-Civil-Desarticulada-una-banda-criminal-especializada-en-robos-en-viviendas-en-la-Marina-Alta-11-18x10.jpg 18w, https:\/\/media.radiolitoral.com\/wp-content\/uploads\/2024\/10\/24095120\/Guardia-Civil-Desarticulada-una-banda-criminal-especializada-en-robos-en-viviendas-en-la-Marina-Alta-11-1000x563.jpg 1000w, https:\/\/media.radiolitoral.com\/wp-content\/uploads\/2024\/10\/24095120\/Guardia-Civil-Desarticulada-una-banda-criminal-especializada-en-robos-en-viviendas-en-la-Marina-Alta-11-100x56.jpg 100w, https:\/\/media.radiolitoral.com\/wp-content\/uploads\/2024\/10\/24095120\/Guardia-Civil-Desarticulada-una-banda-criminal-especializada-en-robos-en-viviendas-en-la-Marina-Alta-11-200x113.jpg 200w\" sizes=\"auto, (max-width: 1920px) 100vw, 1920px\" \/><\/a>\n\t\t\t<\/div><\/figure><figure class='gallery-item'>\n\t\t\t<div class='gallery-icon landscape'>\n\t\t\t\t<a href='https:\/\/radiolitoral.com\/ca\/guardia-civil-desarticulada-una-banda-criminal-especializada-en-robos-en-viviendas-en-la-marina-alta-12\/'><img loading=\"lazy\" decoding=\"async\" width=\"1920\" height=\"1080\" src=\"https:\/\/media.radiolitoral.com\/wp-content\/uploads\/2024\/10\/24095115\/Guardia-Civil-Desarticulada-una-banda-criminal-especializada-en-robos-en-viviendas-en-la-Marina-Alta-12.jpg\" class=\"attachment-full size-full\" alt=\"\" srcset=\"https:\/\/media.radiolitoral.com\/wp-content\/uploads\/2024\/10\/24095115\/Guardia-Civil-Desarticulada-una-banda-criminal-especializada-en-robos-en-viviendas-en-la-Marina-Alta-12.jpg 1920w, https:\/\/media.radiolitoral.com\/wp-content\/uploads\/2024\/10\/24095115\/Guardia-Civil-Desarticulada-una-banda-criminal-especializada-en-robos-en-viviendas-en-la-Marina-Alta-12-300x169.jpg 300w, https:\/\/media.radiolitoral.com\/wp-content\/uploads\/2024\/10\/24095115\/Guardia-Civil-Desarticulada-una-banda-criminal-especializada-en-robos-en-viviendas-en-la-Marina-Alta-12-1024x576.jpg 1024w, https:\/\/media.radiolitoral.com\/wp-content\/uploads\/2024\/10\/24095115\/Guardia-Civil-Desarticulada-una-banda-criminal-especializada-en-robos-en-viviendas-en-la-Marina-Alta-12-768x432.jpg 768w, https:\/\/media.radiolitoral.com\/wp-content\/uploads\/2024\/10\/24095115\/Guardia-Civil-Desarticulada-una-banda-criminal-especializada-en-robos-en-viviendas-en-la-Marina-Alta-12-1536x864.jpg 1536w, https:\/\/media.radiolitoral.com\/wp-content\/uploads\/2024\/10\/24095115\/Guardia-Civil-Desarticulada-una-banda-criminal-especializada-en-robos-en-viviendas-en-la-Marina-Alta-12-18x10.jpg 18w, https:\/\/media.radiolitoral.com\/wp-content\/uploads\/2024\/10\/24095115\/Guardia-Civil-Desarticulada-una-banda-criminal-especializada-en-robos-en-viviendas-en-la-Marina-Alta-12-1000x563.jpg 1000w, https:\/\/media.radiolitoral.com\/wp-content\/uploads\/2024\/10\/24095115\/Guardia-Civil-Desarticulada-una-banda-criminal-especializada-en-robos-en-viviendas-en-la-Marina-Alta-12-100x56.jpg 100w, https:\/\/media.radiolitoral.com\/wp-content\/uploads\/2024\/10\/24095115\/Guardia-Civil-Desarticulada-una-banda-criminal-especializada-en-robos-en-viviendas-en-la-Marina-Alta-12-200x113.jpg 200w\" sizes=\"auto, (max-width: 1920px) 100vw, 1920px\" \/><\/a>\n\t\t\t<\/div><\/figure><figure class='gallery-item'>\n\t\t\t<div class='gallery-icon landscape'>\n\t\t\t\t<a href='https:\/\/radiolitoral.com\/ca\/guardia-civil-desarticulada-una-banda-criminal-especializada-en-robos-en-viviendas-en-la-marina-alta-15\/'><img loading=\"lazy\" decoding=\"async\" width=\"1920\" height=\"1080\" src=\"https:\/\/media.radiolitoral.com\/wp-content\/uploads\/2024\/10\/24095055\/Guardia-Civil-Desarticulada-una-banda-criminal-especializada-en-robos-en-viviendas-en-la-Marina-Alta-15.jpg\" class=\"attachment-full size-full\" alt=\"\" srcset=\"https:\/\/media.radiolitoral.com\/wp-content\/uploads\/2024\/10\/24095055\/Guardia-Civil-Desarticulada-una-banda-criminal-especializada-en-robos-en-viviendas-en-la-Marina-Alta-15.jpg 1920w, https:\/\/media.radiolitoral.com\/wp-content\/uploads\/2024\/10\/24095055\/Guardia-Civil-Desarticulada-una-banda-criminal-especializada-en-robos-en-viviendas-en-la-Marina-Alta-15-300x169.jpg 300w, https:\/\/media.radiolitoral.com\/wp-content\/uploads\/2024\/10\/24095055\/Guardia-Civil-Desarticulada-una-banda-criminal-especializada-en-robos-en-viviendas-en-la-Marina-Alta-15-1024x576.jpg 1024w, https:\/\/media.radiolitoral.com\/wp-content\/uploads\/2024\/10\/24095055\/Guardia-Civil-Desarticulada-una-banda-criminal-especializada-en-robos-en-viviendas-en-la-Marina-Alta-15-768x432.jpg 768w, https:\/\/media.radiolitoral.com\/wp-content\/uploads\/2024\/10\/24095055\/Guardia-Civil-Desarticulada-una-banda-criminal-especializada-en-robos-en-viviendas-en-la-Marina-Alta-15-1536x864.jpg 1536w, https:\/\/media.radiolitoral.com\/wp-content\/uploads\/2024\/10\/24095055\/Guardia-Civil-Desarticulada-una-banda-criminal-especializada-en-robos-en-viviendas-en-la-Marina-Alta-15-18x10.jpg 18w, https:\/\/media.radiolitoral.com\/wp-content\/uploads\/2024\/10\/24095055\/Guardia-Civil-Desarticulada-una-banda-criminal-especializada-en-robos-en-viviendas-en-la-Marina-Alta-15-1000x563.jpg 1000w, https:\/\/media.radiolitoral.com\/wp-content\/uploads\/2024\/10\/24095055\/Guardia-Civil-Desarticulada-una-banda-criminal-especializada-en-robos-en-viviendas-en-la-Marina-Alta-15-100x56.jpg 100w, https:\/\/media.radiolitoral.com\/wp-content\/uploads\/2024\/10\/24095055\/Guardia-Civil-Desarticulada-una-banda-criminal-especializada-en-robos-en-viviendas-en-la-Marina-Alta-15-200x113.jpg 200w\" sizes=\"auto, (max-width: 1920px) 100vw, 1920px\" \/><\/a>\n\t\t\t<\/div><\/figure><figure class='gallery-item'>\n\t\t\t<div class='gallery-icon landscape'>\n\t\t\t\t<a href='https:\/\/radiolitoral.com\/ca\/guardia-civil-desarticulada-una-banda-criminal-especializada-en-robos-en-viviendas-en-la-marina-alta-5\/'><img loading=\"lazy\" decoding=\"async\" width=\"960\" height=\"720\" src=\"https:\/\/media.radiolitoral.com\/wp-content\/uploads\/2024\/10\/24095045\/Guardia-Civil-Desarticulada-una-banda-criminal-especializada-en-robos-en-viviendas-en-la-Marina-Alta-5.jpg\" class=\"attachment-full size-full\" alt=\"\" srcset=\"https:\/\/media.radiolitoral.com\/wp-content\/uploads\/2024\/10\/24095045\/Guardia-Civil-Desarticulada-una-banda-criminal-especializada-en-robos-en-viviendas-en-la-Marina-Alta-5.jpg 960w, https:\/\/media.radiolitoral.com\/wp-content\/uploads\/2024\/10\/24095045\/Guardia-Civil-Desarticulada-una-banda-criminal-especializada-en-robos-en-viviendas-en-la-Marina-Alta-5-300x225.jpg 300w, https:\/\/media.radiolitoral.com\/wp-content\/uploads\/2024\/10\/24095045\/Guardia-Civil-Desarticulada-una-banda-criminal-especializada-en-robos-en-viviendas-en-la-Marina-Alta-5-768x576.jpg 768w, https:\/\/media.radiolitoral.com\/wp-content\/uploads\/2024\/10\/24095045\/Guardia-Civil-Desarticulada-una-banda-criminal-especializada-en-robos-en-viviendas-en-la-Marina-Alta-5-16x12.jpg 16w, https:\/\/media.radiolitoral.com\/wp-content\/uploads\/2024\/10\/24095045\/Guardia-Civil-Desarticulada-una-banda-criminal-especializada-en-robos-en-viviendas-en-la-Marina-Alta-5-100x75.jpg 100w, https:\/\/media.radiolitoral.com\/wp-content\/uploads\/2024\/10\/24095045\/Guardia-Civil-Desarticulada-una-banda-criminal-especializada-en-robos-en-viviendas-en-la-Marina-Alta-5-200x150.jpg 200w\" sizes=\"auto, (max-width: 960px) 100vw, 960px\" \/><\/a>\n\t\t\t<\/div><\/figure><figure class='gallery-item'>\n\t\t\t<div class='gallery-icon landscape'>\n\t\t\t\t<a href='https:\/\/radiolitoral.com\/ca\/guardia-civil-desarticulada-una-banda-criminal-especializada-en-robos-en-viviendas-en-la-marina-alta-4\/'><img loading=\"lazy\" decoding=\"async\" width=\"960\" height=\"720\" src=\"https:\/\/media.radiolitoral.com\/wp-content\/uploads\/2024\/10\/24095041\/Guardia-Civil-Desarticulada-una-banda-criminal-especializada-en-robos-en-viviendas-en-la-Marina-Alta-4.jpg\" class=\"attachment-full size-full\" alt=\"\" srcset=\"https:\/\/media.radiolitoral.com\/wp-content\/uploads\/2024\/10\/24095041\/Guardia-Civil-Desarticulada-una-banda-criminal-especializada-en-robos-en-viviendas-en-la-Marina-Alta-4.jpg 960w, https:\/\/media.radiolitoral.com\/wp-content\/uploads\/2024\/10\/24095041\/Guardia-Civil-Desarticulada-una-banda-criminal-especializada-en-robos-en-viviendas-en-la-Marina-Alta-4-300x225.jpg 300w, https:\/\/media.radiolitoral.com\/wp-content\/uploads\/2024\/10\/24095041\/Guardia-Civil-Desarticulada-una-banda-criminal-especializada-en-robos-en-viviendas-en-la-Marina-Alta-4-768x576.jpg 768w, https:\/\/media.radiolitoral.com\/wp-content\/uploads\/2024\/10\/24095041\/Guardia-Civil-Desarticulada-una-banda-criminal-especializada-en-robos-en-viviendas-en-la-Marina-Alta-4-16x12.jpg 16w, https:\/\/media.radiolitoral.com\/wp-content\/uploads\/2024\/10\/24095041\/Guardia-Civil-Desarticulada-una-banda-criminal-especializada-en-robos-en-viviendas-en-la-Marina-Alta-4-100x75.jpg 100w, https:\/\/media.radiolitoral.com\/wp-content\/uploads\/2024\/10\/24095041\/Guardia-Civil-Desarticulada-una-banda-criminal-especializada-en-robos-en-viviendas-en-la-Marina-Alta-4-200x150.jpg 200w\" sizes=\"auto, (max-width: 960px) 100vw, 960px\" \/><\/a>\n\t\t\t<\/div><\/figure>\n\t\t<\/div>","protected":false},"excerpt":{"rendered":"<p>La Gu\u00e0rdia Civil, en el marc de l&#8216;operaci\u00f3 &#8216;Mochila24&#8242;, ha detingut 7 persones pertanyents a un grup criminal especialitzat en robatoris en vivendes a la Marina Alta. En aquesta operaci\u00f3 s\u2019han aclarit 97 delictes de robatori amb for\u00e7a en vivendes i 2 delictes de robatori amb viol\u00e8ncia, a m\u00e9s de recuperar m\u00e9s de 600 peces [&#8230;]<\/p>\n<p><a class=\"btn btn-secondary understrap-read-more-link\" href=\"https:\/\/radiolitoral.com\/ca\/2024\/10\/la-guardia-civil-desarticula-una-banda-criminal-especialitzada-en-robatoris-en-vivendes-a-la-marina-alta\/\">Continua llegint&#8230;<span class=\"screen-reader-text\"> from La Gu\u00e0rdia Civil desarticula una banda criminal especialitzada en robatoris en vivendes a la Marina Alta<\/span><\/a><\/p>\n","protected":false},"author":13,"featured_media":12587,"comment_status":"open","ping_status":"closed","sticky":false,"template":"","format":"standard","meta":{"_acf_changed":false,"inline_featured_image":false,"footnotes":""},"categories":[8],"tags":[11,314,2623,1023],"class_list":["post-12606","post","type-post","status-publish","format-standard","has-post-thumbnail","hentry","category-sucesos","tag-guardia-civil","tag-marina-alta","tag-robos-en-viviendas","tag-sucesos","cobertura-marina-alta"],"acf":[],"yoast_head":"<!-- This site is optimized with the Yoast SEO plugin v27.5 - https:\/\/yoast.com\/product\/yoast-seo-wordpress\/ -->\n<title>La Gu\u00e0rdia Civil desarticula una banda criminal especialitzada en robatoris en vivendes a la Marina Alta | R\u00e0dio Litoral<\/title>\n<meta name=\"description\" content=\"S&#039;ha detingut a set persones S&#039;ha detingut a set persones\" \/>\n<meta name=\"robots\" content=\"index, follow, max-snippet:-1, max-image-preview:large, max-video-preview:-1\" \/>\n<link rel=\"canonical\" href=\"https:\/\/radiolitoral.com\/ca\/2024\/10\/la-guardia-civil-desarticula-una-banda-criminal-especialitzada-en-robatoris-a-vivendes-a-la-marina-alta\/\" \/>\n<meta property=\"og:locale\" content=\"ca_ES\" \/>\n<meta property=\"og:type\" content=\"article\" \/>\n<meta property=\"og:title\" content=\"La Gu\u00e0rdia Civil desarticula una banda criminal especialitzada en robatoris en vivendes a la Marina Alta | R\u00e0dio Litoral\" \/>\n<meta property=\"og:description\" content=\"S&#039;ha detingut a set persones S&#039;ha detingut a set persones\" \/>\n<meta property=\"og:url\" content=\"https:\/\/radiolitoral.com\/ca\/2024\/10\/la-guardia-civil-desarticula-una-banda-criminal-especialitzada-en-robatoris-a-vivendes-a-la-marina-alta\/\" \/>\n<meta property=\"og:site_name\" content=\"R\u00e0dio Litoral\" \/>\n<meta property=\"article:publisher\" content=\"https:\/\/www.facebook.com\/Laradiolitoral\/\" \/>\n<meta property=\"article:published_time\" content=\"2024-10-24T07:54:11+00:00\" \/>\n<meta property=\"article:modified_time\" content=\"2024-10-24T08:03:29+00:00\" \/>\n<meta property=\"og:image\" content=\"https:\/\/media.radiolitoral.com\/wp-content\/uploads\/2024\/10\/24095025\/Guardia-Civil-Desarticulada-una-banda-criminal-especializada-en-robos-en-viviendas-en-la-Marina-Alta-2.jpg\" \/>\n\t<meta property=\"og:image:width\" content=\"960\" \/>\n\t<meta property=\"og:image:height\" content=\"720\" \/>\n\t<meta property=\"og:image:type\" content=\"image\/jpeg\" \/>\n<meta name=\"author\" content=\"Redacci\u00f3n\" \/>\n<meta name=\"twitter:card\" content=\"summary_large_image\" \/>\n<meta name=\"twitter:label1\" content=\"Escrit per\" \/>\n\t<meta name=\"twitter:data1\" content=\"Redacci\u00f3n\" \/>\n\t<meta name=\"twitter:label2\" content=\"Temps estimat de lectura\" \/>\n\t<meta name=\"twitter:data2\" content=\"3 minuts\" \/>\n<script type=\"application\/ld+json\" class=\"yoast-schema-graph\">{\"@context\":\"https:\\\/\\\/schema.org\",\"@graph\":[{\"@type\":\"NewsArticle\",\"@id\":\"https:\\\/\\\/radiolitoral.com\\\/2024\\\/10\\\/la-guardia-civil-desarticula-una-banda-criminal-especialitzada-en-robatoris-en-vivendes-a-la-marina-alta\\\/#article\",\"isPartOf\":{\"@id\":\"https:\\\/\\\/radiolitoral.com\\\/2024\\\/10\\\/la-guardia-civil-desarticula-una-banda-criminal-especialitzada-en-robatoris-en-vivendes-a-la-marina-alta\\\/\"},\"author\":{\"name\":\"Redacci\u00f3n\",\"@id\":\"https:\\\/\\\/radiolitoral.com\\\/#\\\/schema\\\/person\\\/f2b2343c49b5d721857cc1002bfdb151\"},\"headline\":\"La Gu\u00e0rdia Civil desarticula una banda criminal especialitzada en robatoris en vivendes a la Marina Alta\",\"datePublished\":\"2024-10-24T07:54:11+00:00\",\"dateModified\":\"2024-10-24T08:03:29+00:00\",\"mainEntityOfPage\":{\"@id\":\"https:\\\/\\\/radiolitoral.com\\\/2024\\\/10\\\/la-guardia-civil-desarticula-una-banda-criminal-especialitzada-en-robatoris-en-vivendes-a-la-marina-alta\\\/\"},\"wordCount\":500,\"commentCount\":0,\"publisher\":{\"@id\":\"https:\\\/\\\/radiolitoral.com\\\/#organization\"},\"image\":{\"@id\":\"https:\\\/\\\/radiolitoral.com\\\/2024\\\/10\\\/la-guardia-civil-desarticula-una-banda-criminal-especialitzada-en-robatoris-en-vivendes-a-la-marina-alta\\\/#primaryimage\"},\"thumbnailUrl\":\"https:\\\/\\\/media.radiolitoral.com\\\/wp-content\\\/uploads\\\/2024\\\/10\\\/24095025\\\/Guardia-Civil-Desarticulada-una-banda-criminal-especializada-en-robos-en-viviendas-en-la-Marina-Alta-2.jpg\",\"keywords\":[\"Guardia Civil\",\"Marina Alta\",\"robos en viviendas\",\"sucesos\"],\"articleSection\":[\"Sucesos\"],\"inLanguage\":\"ca\",\"potentialAction\":[{\"@type\":\"CommentAction\",\"name\":\"Comment\",\"target\":[\"https:\\\/\\\/radiolitoral.com\\\/2024\\\/10\\\/la-guardia-civil-desarticula-una-banda-criminal-especialitzada-en-robatoris-en-vivendes-a-la-marina-alta\\\/#respond\"]}]},{\"@type\":[\"WebPage\",\"ItemPage\"],\"@id\":\"https:\\\/\\\/radiolitoral.com\\\/2024\\\/10\\\/la-guardia-civil-desarticula-una-banda-criminal-especialitzada-en-robatoris-en-vivendes-a-la-marina-alta\\\/\",\"url\":\"https:\\\/\\\/radiolitoral.com\\\/2024\\\/10\\\/la-guardia-civil-desarticula-una-banda-criminal-especialitzada-en-robatoris-en-vivendes-a-la-marina-alta\\\/\",\"name\":\"La Gu\u00e0rdia Civil desarticula una banda criminal especialitzada en robatoris en vivendes a la Marina Alta | R\u00e0dio Litoral\",\"isPartOf\":{\"@id\":\"https:\\\/\\\/radiolitoral.com\\\/#website\"},\"primaryImageOfPage\":{\"@id\":\"https:\\\/\\\/radiolitoral.com\\\/2024\\\/10\\\/la-guardia-civil-desarticula-una-banda-criminal-especialitzada-en-robatoris-en-vivendes-a-la-marina-alta\\\/#primaryimage\"},\"image\":{\"@id\":\"https:\\\/\\\/radiolitoral.com\\\/2024\\\/10\\\/la-guardia-civil-desarticula-una-banda-criminal-especialitzada-en-robatoris-en-vivendes-a-la-marina-alta\\\/#primaryimage\"},\"thumbnailUrl\":\"https:\\\/\\\/media.radiolitoral.com\\\/wp-content\\\/uploads\\\/2024\\\/10\\\/24095025\\\/Guardia-Civil-Desarticulada-una-banda-criminal-especializada-en-robos-en-viviendas-en-la-Marina-Alta-2.jpg\",\"datePublished\":\"2024-10-24T07:54:11+00:00\",\"dateModified\":\"2024-10-24T08:03:29+00:00\",\"description\":\"S'ha detingut a set persones S'ha detingut a set persones\",\"breadcrumb\":{\"@id\":\"https:\\\/\\\/radiolitoral.com\\\/2024\\\/10\\\/la-guardia-civil-desarticula-una-banda-criminal-especialitzada-en-robatoris-en-vivendes-a-la-marina-alta\\\/#breadcrumb\"},\"inLanguage\":\"ca\",\"potentialAction\":[{\"@type\":\"ReadAction\",\"target\":[\"https:\\\/\\\/radiolitoral.com\\\/2024\\\/10\\\/la-guardia-civil-desarticula-una-banda-criminal-especialitzada-en-robatoris-en-vivendes-a-la-marina-alta\\\/\"]}]},{\"@type\":\"ImageObject\",\"inLanguage\":\"ca\",\"@id\":\"https:\\\/\\\/radiolitoral.com\\\/2024\\\/10\\\/la-guardia-civil-desarticula-una-banda-criminal-especialitzada-en-robatoris-en-vivendes-a-la-marina-alta\\\/#primaryimage\",\"url\":\"https:\\\/\\\/media.radiolitoral.com\\\/wp-content\\\/uploads\\\/2024\\\/10\\\/24095025\\\/Guardia-Civil-Desarticulada-una-banda-criminal-especializada-en-robos-en-viviendas-en-la-Marina-Alta-2.jpg\",\"contentUrl\":\"https:\\\/\\\/media.radiolitoral.com\\\/wp-content\\\/uploads\\\/2024\\\/10\\\/24095025\\\/Guardia-Civil-Desarticulada-una-banda-criminal-especializada-en-robos-en-viviendas-en-la-Marina-Alta-2.jpg\",\"width\":960,\"height\":720},{\"@type\":\"BreadcrumbList\",\"@id\":\"https:\\\/\\\/radiolitoral.com\\\/2024\\\/10\\\/la-guardia-civil-desarticula-una-banda-criminal-especialitzada-en-robatoris-en-vivendes-a-la-marina-alta\\\/#breadcrumb\",\"itemListElement\":[{\"@type\":\"ListItem\",\"position\":1,\"name\":\"Portada\",\"item\":\"https:\\\/\\\/radiolitoral.com\\\/\"},{\"@type\":\"ListItem\",\"position\":2,\"name\":\"La Gu\u00e0rdia Civil desarticula una banda criminal especialitzada en robatoris en vivendes a la Marina Alta\"}]},{\"@type\":\"WebSite\",\"@id\":\"https:\\\/\\\/radiolitoral.com\\\/#website\",\"url\":\"https:\\\/\\\/radiolitoral.com\\\/\",\"name\":\"Radio Litoral\",\"description\":\"La radio local de la Marina Alta\",\"publisher\":{\"@id\":\"https:\\\/\\\/radiolitoral.com\\\/#organization\"},\"alternateName\":\"Litoral FM\",\"potentialAction\":[{\"@type\":\"SearchAction\",\"target\":{\"@type\":\"EntryPoint\",\"urlTemplate\":\"https:\\\/\\\/radiolitoral.com\\\/?s={search_term_string}\"},\"query-input\":{\"@type\":\"PropertyValueSpecification\",\"valueRequired\":true,\"valueName\":\"search_term_string\"}}],\"inLanguage\":\"ca\"},{\"@type\":\"Organization\",\"@id\":\"https:\\\/\\\/radiolitoral.com\\\/#organization\",\"name\":\"Radio Litoral\",\"url\":\"https:\\\/\\\/radiolitoral.com\\\/\",\"logo\":{\"@type\":\"ImageObject\",\"inLanguage\":\"ca\",\"@id\":\"https:\\\/\\\/radiolitoral.com\\\/#\\\/schema\\\/logo\\\/image\\\/\",\"url\":\"https:\\\/\\\/media.radiolitoral.com\\\/wp-content\\\/uploads\\\/2023\\\/02\\\/24143238\\\/CL-V-RadioLitoral696.png\",\"contentUrl\":\"https:\\\/\\\/media.radiolitoral.com\\\/wp-content\\\/uploads\\\/2023\\\/02\\\/24143238\\\/CL-V-RadioLitoral696.png\",\"width\":696,\"height\":696,\"caption\":\"Radio Litoral\"},\"image\":{\"@id\":\"https:\\\/\\\/radiolitoral.com\\\/#\\\/schema\\\/logo\\\/image\\\/\"},\"sameAs\":[\"https:\\\/\\\/www.facebook.com\\\/Laradiolitoral\\\/\"]},{\"@type\":\"Person\",\"@id\":\"https:\\\/\\\/radiolitoral.com\\\/#\\\/schema\\\/person\\\/f2b2343c49b5d721857cc1002bfdb151\",\"name\":\"Redacci\u00f3n\",\"image\":{\"@type\":\"ImageObject\",\"inLanguage\":\"ca\",\"@id\":\"https:\\\/\\\/secure.gravatar.com\\\/avatar\\\/f771d896c203ad8b3382d7905cfcce5a5c9b008b84b3cd9114e9b9f4cb63f789?s=96&d=mm&r=g\",\"url\":\"https:\\\/\\\/secure.gravatar.com\\\/avatar\\\/f771d896c203ad8b3382d7905cfcce5a5c9b008b84b3cd9114e9b9f4cb63f789?s=96&d=mm&r=g\",\"contentUrl\":\"https:\\\/\\\/secure.gravatar.com\\\/avatar\\\/f771d896c203ad8b3382d7905cfcce5a5c9b008b84b3cd9114e9b9f4cb63f789?s=96&d=mm&r=g\",\"caption\":\"Redacci\u00f3n\"},\"url\":\"https:\\\/\\\/radiolitoral.com\\\/ca\\\/author\\\/miriam-pagan\\\/\"}]}<\/script>\n<!-- \/ Yoast SEO plugin. -->","yoast_head_json":{"title":"La Gu\u00e0rdia Civil desarticula una banda criminal especialitzada en robatoris a vivendes a la Marina Alta | R\u00e0dio Litoral","description":"S&#039;ha detingut set persones S&#039;ha detingut set persones","robots":{"index":"index","follow":"follow","max-snippet":"max-snippet:-1","max-image-preview":"max-image-preview:large","max-video-preview":"max-video-preview:-1"},"canonical":"https:\/\/radiolitoral.com\/ca\/2024\/10\/la-guardia-civil-desarticula-una-banda-criminal-especialitzada-en-robatoris-a-vivendes-a-la-marina-alta\/","og_locale":"ca_ES","og_type":"article","og_title":"La Gu\u00e0rdia Civil desarticula una banda criminal especialitzada en robatoris en vivendes a la Marina Alta | R\u00e0dio Litoral","og_description":"S'ha detingut a set persones S'ha detingut a set persones","og_url":"https:\/\/radiolitoral.com\/ca\/2024\/10\/la-guardia-civil-desarticula-una-banda-criminal-especialitzada-en-robatoris-a-vivendes-a-la-marina-alta\/","og_site_name":"R\u00e0dio Litoral","article_publisher":"https:\/\/www.facebook.com\/Laradiolitoral\/","article_published_time":"2024-10-24T07:54:11+00:00","article_modified_time":"2024-10-24T08:03:29+00:00","og_image":[{"width":960,"height":720,"url":"https:\/\/media.radiolitoral.com\/wp-content\/uploads\/2024\/10\/24095025\/Guardia-Civil-Desarticulada-una-banda-criminal-especializada-en-robos-en-viviendas-en-la-Marina-Alta-2.jpg","type":"image\/jpeg"}],"author":"Redacci\u00f3n","twitter_card":"summary_large_image","twitter_misc":{"Escrit per":"Redacci\u00f3n","Temps estimat de lectura":"3 minuts"},"schema":{"@context":"https:\/\/schema.org","@graph":[{"@type":"NewsArticle","@id":"https:\/\/radiolitoral.com\/2024\/10\/la-guardia-civil-desarticula-una-banda-criminal-especialitzada-en-robatoris-en-vivendes-a-la-marina-alta\/#article","isPartOf":{"@id":"https:\/\/radiolitoral.com\/2024\/10\/la-guardia-civil-desarticula-una-banda-criminal-especialitzada-en-robatoris-en-vivendes-a-la-marina-alta\/"},"author":{"name":"Redacci\u00f3n","@id":"https:\/\/radiolitoral.com\/#\/schema\/person\/f2b2343c49b5d721857cc1002bfdb151"},"headline":"La Gu\u00e0rdia Civil desarticula una banda criminal especialitzada en robatoris en vivendes a la Marina Alta","datePublished":"2024-10-24T07:54:11+00:00","dateModified":"2024-10-24T08:03:29+00:00","mainEntityOfPage":{"@id":"https:\/\/radiolitoral.com\/2024\/10\/la-guardia-civil-desarticula-una-banda-criminal-especialitzada-en-robatoris-en-vivendes-a-la-marina-alta\/"},"wordCount":500,"commentCount":0,"publisher":{"@id":"https:\/\/radiolitoral.com\/#organization"},"image":{"@id":"https:\/\/radiolitoral.com\/2024\/10\/la-guardia-civil-desarticula-una-banda-criminal-especialitzada-en-robatoris-en-vivendes-a-la-marina-alta\/#primaryimage"},"thumbnailUrl":"https:\/\/media.radiolitoral.com\/wp-content\/uploads\/2024\/10\/24095025\/Guardia-Civil-Desarticulada-una-banda-criminal-especializada-en-robos-en-viviendas-en-la-Marina-Alta-2.jpg","keywords":["Guardia Civil","Marina Alta","robos en viviendas","sucesos"],"articleSection":["Sucesos"],"inLanguage":"ca","potentialAction":[{"@type":"CommentAction","name":"Comment","target":["https:\/\/radiolitoral.com\/2024\/10\/la-guardia-civil-desarticula-una-banda-criminal-especialitzada-en-robatoris-en-vivendes-a-la-marina-alta\/#respond"]}]},{"@type":["WebPage","ItemPage"],"@id":"https:\/\/radiolitoral.com\/2024\/10\/la-guardia-civil-desarticula-una-banda-criminal-especialitzada-en-robatoris-en-vivendes-a-la-marina-alta\/","url":"https:\/\/radiolitoral.com\/2024\/10\/la-guardia-civil-desarticula-una-banda-criminal-especialitzada-en-robatoris-en-vivendes-a-la-marina-alta\/","name":"La Gu\u00e0rdia Civil desarticula una banda criminal especialitzada en robatoris a vivendes a la Marina Alta | R\u00e0dio Litoral","isPartOf":{"@id":"https:\/\/radiolitoral.com\/#website"},"primaryImageOfPage":{"@id":"https:\/\/radiolitoral.com\/2024\/10\/la-guardia-civil-desarticula-una-banda-criminal-especialitzada-en-robatoris-en-vivendes-a-la-marina-alta\/#primaryimage"},"image":{"@id":"https:\/\/radiolitoral.com\/2024\/10\/la-guardia-civil-desarticula-una-banda-criminal-especialitzada-en-robatoris-en-vivendes-a-la-marina-alta\/#primaryimage"},"thumbnailUrl":"https:\/\/media.radiolitoral.com\/wp-content\/uploads\/2024\/10\/24095025\/Guardia-Civil-Desarticulada-una-banda-criminal-especializada-en-robos-en-viviendas-en-la-Marina-Alta-2.jpg","datePublished":"2024-10-24T07:54:11+00:00","dateModified":"2024-10-24T08:03:29+00:00","description":"S&#039;ha detingut set persones S&#039;ha detingut set persones","breadcrumb":{"@id":"https:\/\/radiolitoral.com\/2024\/10\/la-guardia-civil-desarticula-una-banda-criminal-especialitzada-en-robatoris-en-vivendes-a-la-marina-alta\/#breadcrumb"},"inLanguage":"ca","potentialAction":[{"@type":"ReadAction","target":["https:\/\/radiolitoral.com\/2024\/10\/la-guardia-civil-desarticula-una-banda-criminal-especialitzada-en-robatoris-en-vivendes-a-la-marina-alta\/"]}]},{"@type":"ImageObject","inLanguage":"ca","@id":"https:\/\/radiolitoral.com\/2024\/10\/la-guardia-civil-desarticula-una-banda-criminal-especialitzada-en-robatoris-en-vivendes-a-la-marina-alta\/#primaryimage","url":"https:\/\/media.radiolitoral.com\/wp-content\/uploads\/2024\/10\/24095025\/Guardia-Civil-Desarticulada-una-banda-criminal-especializada-en-robos-en-viviendas-en-la-Marina-Alta-2.jpg","contentUrl":"https:\/\/media.radiolitoral.com\/wp-content\/uploads\/2024\/10\/24095025\/Guardia-Civil-Desarticulada-una-banda-criminal-especializada-en-robos-en-viviendas-en-la-Marina-Alta-2.jpg","width":960,"height":720},{"@type":"BreadcrumbList","@id":"https:\/\/radiolitoral.com\/2024\/10\/la-guardia-civil-desarticula-una-banda-criminal-especialitzada-en-robatoris-en-vivendes-a-la-marina-alta\/#breadcrumb","itemListElement":[{"@type":"ListItem","position":1,"name":"Portada","item":"https:\/\/radiolitoral.com\/"},{"@type":"ListItem","position":2,"name":"La Gu\u00e0rdia Civil desarticula una banda criminal especialitzada en robatoris en vivendes a la Marina Alta"}]},{"@type":"WebSite","@id":"https:\/\/radiolitoral.com\/#website","url":"https:\/\/radiolitoral.com\/","name":"R\u00e0dio Litoral","description":"La r\u00e0dio local de la Marina Alta","publisher":{"@id":"https:\/\/radiolitoral.com\/#organization"},"alternateName":"Litoral FM","potentialAction":[{"@type":"SearchAction","target":{"@type":"EntryPoint","urlTemplate":"https:\/\/radiolitoral.com\/?s={search_term_string}"},"query-input":{"@type":"PropertyValueSpecification","valueRequired":true,"valueName":"search_term_string"}}],"inLanguage":"ca"},{"@type":"Organization","@id":"https:\/\/radiolitoral.com\/#organization","name":"R\u00e0dio Litoral","url":"https:\/\/radiolitoral.com\/","logo":{"@type":"ImageObject","inLanguage":"ca","@id":"https:\/\/radiolitoral.com\/#\/schema\/logo\/image\/","url":"https:\/\/media.radiolitoral.com\/wp-content\/uploads\/2023\/02\/24143238\/CL-V-RadioLitoral696.png","contentUrl":"https:\/\/media.radiolitoral.com\/wp-content\/uploads\/2023\/02\/24143238\/CL-V-RadioLitoral696.png","width":696,"height":696,"caption":"Radio Litoral"},"image":{"@id":"https:\/\/radiolitoral.com\/#\/schema\/logo\/image\/"},"sameAs":["https:\/\/www.facebook.com\/Laradiolitoral\/"]},{"@type":"Person","@id":"https:\/\/radiolitoral.com\/#\/schema\/person\/f2b2343c49b5d721857cc1002bfdb151","name":"Redacci\u00f3","image":{"@type":"ImageObject","inLanguage":"ca","@id":"https:\/\/secure.gravatar.com\/avatar\/f771d896c203ad8b3382d7905cfcce5a5c9b008b84b3cd9114e9b9f4cb63f789?s=96&d=mm&r=g","url":"https:\/\/secure.gravatar.com\/avatar\/f771d896c203ad8b3382d7905cfcce5a5c9b008b84b3cd9114e9b9f4cb63f789?s=96&d=mm&r=g","contentUrl":"https:\/\/secure.gravatar.com\/avatar\/f771d896c203ad8b3382d7905cfcce5a5c9b008b84b3cd9114e9b9f4cb63f789?s=96&d=mm&r=g","caption":"Redacci\u00f3n"},"url":"https:\/\/radiolitoral.com\/ca\/author\/miriam-pagan\/"}]}},"_links":{"self":[{"href":"https:\/\/radiolitoral.com\/ca\/wp-json\/wp\/v2\/posts\/12606","targetHints":{"allow":["GET"]}}],"collection":[{"href":"https:\/\/radiolitoral.com\/ca\/wp-json\/wp\/v2\/posts"}],"about":[{"href":"https:\/\/radiolitoral.com\/ca\/wp-json\/wp\/v2\/types\/post"}],"author":[{"embeddable":true,"href":"https:\/\/radiolitoral.com\/ca\/wp-json\/wp\/v2\/users\/13"}],"replies":[{"embeddable":true,"href":"https:\/\/radiolitoral.com\/ca\/wp-json\/wp\/v2\/comments?post=12606"}],"version-history":[{"count":4,"href":"https:\/\/radiolitoral.com\/ca\/wp-json\/wp\/v2\/posts\/12606\/revisions"}],"predecessor-version":[{"id":12612,"href":"https:\/\/radiolitoral.com\/ca\/wp-json\/wp\/v2\/posts\/12606\/revisions\/12612"}],"wp:featuredmedia":[{"embeddable":true,"href":"https:\/\/radiolitoral.com\/ca\/wp-json\/wp\/v2\/media\/12587"}],"wp:attachment":[{"href":"https:\/\/radiolitoral.com\/ca\/wp-json\/wp\/v2\/media?parent=12606"}],"wp:term":[{"taxonomy":"category","embeddable":true,"href":"https:\/\/radiolitoral.com\/ca\/wp-json\/wp\/v2\/categories?post=12606"},{"taxonomy":"post_tag","embeddable":true,"href":"https:\/\/radiolitoral.com\/ca\/wp-json\/wp\/v2\/tags?post=12606"}],"curies":[{"name":"wp","href":"https:\/\/api.w.org\/{rel}","templated":true}]}}