{"id":12559,"date":"2024-10-23T10:26:07","date_gmt":"2024-10-23T08:26:07","guid":{"rendered":"https:\/\/radiolitoral.com\/?p=12559"},"modified":"2024-10-23T10:26:07","modified_gmt":"2024-10-23T08:26:07","slug":"victoria-del-senior-femeni-del-denia-bc-a-elx","status":"publish","type":"post","link":"https:\/\/radiolitoral.com\/ca\/2024\/10\/victoria-del-senior-femeni-del-denia-bc-a-elx\/","title":{"rendered":"Vict\u00f2ria del s\u00e8nior femen\u00ed del D\u00e9nia BC a Elx"},"content":{"rendered":"<p>Bon comen\u00e7ament de l&#039;equip s\u00e8nior femen\u00ed del<strong> D\u00e9nia BC<\/strong> a l&#039;arrencada de la lliga, rebent la visita de l&#039;<strong><span class=\"hiddenSpellError\">Helike<\/span><\/strong> al qual va v\u00e8ncer per <strong>69 a 45<\/strong> . Des de l&#039;inici de l&#039;encontre, els jugadors de Juan Luis P\u00e9rez van portar la iniciativa al joc, dominant quart a quart el marcador al llarg dels quaranta minuts.<\/p>\n<p>Els jugadors de l&#039;<span class=\"hiddenSpellError\">Helike<\/span>\u00a0no van baixar els bra\u00e7os en cap moment, intentant entrar al partit, per\u00f2 l&#039;encert des del triple, amb bons percentatges, i l&#039;excel\u00b7lent defensa ho van impedir completament.<\/p>\n<p>Per posar un per\u00f2 a l&#039;encontre i demanar-nos m\u00e9s, hem d&#039;intentar ser m\u00e9s constants en atac, encara que som conscients que estem a l&#039;inici de la temporada i \u00e9s l\u00f2gic que hi hagi detalls per pulir, que segur que amb el pas de les setmanas ens faran m\u00e9s forts.<\/p>\n<p>Aquest any l&#039;equip compta amb les incorporacions de <strong>Neus Mulet i Ariana\u00a0<span class=\"hiddenSpellError\">Gavila<\/span><\/strong>, jugadors interiors que aportin noves opcions en atac i major solidesa al rebot.<\/p>\n<p>L&#039;equip es despla\u00e7ar\u00e0 el proper cap de setmana a Alacant per enfrontar-se al <strong>CB <span class=\"hiddenGrammarError\">Cap<\/span>\u00a0Mar<\/strong>, un rival dur que ens donar\u00e0 una millor idea del nostre moment actual de joc.<\/p>","protected":false},"excerpt":{"rendered":"<p>Bon comen\u00e7ament de l&#8217;equip s\u00e8nior femen\u00ed del D\u00e9nia BC en l&#8217;arrancada de la lliga, rebent la visita de l&#8217;Helike al qual va v\u00e9ncer per 69 a 45 . Des de l&#8217;inici de l&#8217;encontre, les jugadores de Juan Luis P\u00e9rez van portar la iniciativa en el joc, dominant quart a quart el marcador al llarg dels [&#8230;]<\/p>\n<p><a class=\"btn btn-secondary understrap-read-more-link\" href=\"https:\/\/radiolitoral.com\/ca\/2024\/10\/victoria-del-senior-femeni-del-denia-bc-a-elx\/\">Continua llegint&#8230;<span class=\"screen-reader-text\"> from Victoria del s\u00e8nior femen\u00ed del D\u00e9nia BC a Elx<\/span><\/a><\/p>\n","protected":false},"author":12,"featured_media":12560,"comment_status":"open","ping_status":"closed","sticky":false,"template":"","format":"standard","meta":{"_acf_changed":false,"inline_featured_image":false,"footnotes":""},"categories":[5],"tags":[955,1355,6,2618],"class_list":["post-12559","post","type-post","status-publish","format-standard","has-post-thumbnail","hentry","category-deportes","tag-cb-cabo-mar","tag-denia-bc","tag-deportes","tag-helike","cobertura-denia"],"acf":[],"yoast_head":"<!-- This site is optimized with the Yoast SEO plugin v27.5 - https:\/\/yoast.com\/product\/yoast-seo-wordpress\/ -->\n<title>Victoria del s\u00e8nior femen\u00ed del D\u00e9nia BC a Elx | R\u00e0dio Litoral<\/title>\n<meta name=\"description\" content=\"L&#039;equip que dirigix Juan Luis P\u00e9rez va estrenar el seu caseller de vict\u00f2ria en la lliga guanyant a l&#039;Helike per 69 a 45L&#039;equip que dirigix Juan Luis P\u00e9rez va estrenar el seu caseller de vict\u00f2ria en la lliga guanyant a l&#039;Helike per 69 a 45\" \/>\n<meta name=\"robots\" content=\"index, follow, max-snippet:-1, max-image-preview:large, max-video-preview:-1\" \/>\n<link rel=\"canonical\" href=\"https:\/\/radiolitoral.com\/ca\/2024\/10\/victoria-del-senior-femeni-del-denia-bc-a-elx\/\" \/>\n<meta property=\"og:locale\" content=\"ca_ES\" \/>\n<meta property=\"og:type\" content=\"article\" \/>\n<meta property=\"og:title\" content=\"Victoria del s\u00e8nior femen\u00ed del D\u00e9nia BC a Elx | R\u00e0dio Litoral\" \/>\n<meta property=\"og:description\" content=\"L&#039;equip que dirigix Juan Luis P\u00e9rez va estrenar el seu caseller de vict\u00f2ria en la lliga guanyant a l&#039;Helike per 69 a 45L&#039;equip que dirigix Juan Luis P\u00e9rez va estrenar el seu caseller de vict\u00f2ria en la lliga guanyant a l&#039;Helike per 69 a 45\" \/>\n<meta property=\"og:url\" content=\"https:\/\/radiolitoral.com\/ca\/2024\/10\/victoria-del-senior-femeni-del-denia-bc-a-elx\/\" \/>\n<meta property=\"og:site_name\" content=\"R\u00e0dio Litoral\" \/>\n<meta property=\"article:publisher\" content=\"https:\/\/www.facebook.com\/Laradiolitoral\/\" \/>\n<meta property=\"article:published_time\" content=\"2024-10-23T08:26:07+00:00\" \/>\n<meta property=\"og:image\" content=\"https:\/\/media.radiolitoral.com\/wp-content\/uploads\/2024\/10\/23102302\/Jugadora-dianense-senior-lanzando-a-canasta.jpg\" \/>\n\t<meta property=\"og:image:width\" content=\"1024\" \/>\n\t<meta property=\"og:image:height\" content=\"726\" \/>\n\t<meta property=\"og:image:type\" content=\"image\/jpeg\" \/>\n<meta name=\"author\" content=\"Javier Zamora\" \/>\n<meta name=\"twitter:card\" content=\"summary_large_image\" \/>\n<meta name=\"twitter:label1\" content=\"Escrit per\" \/>\n\t<meta name=\"twitter:data1\" content=\"Javier Zamora\" \/>\n\t<meta name=\"twitter:label2\" content=\"Temps estimat de lectura\" \/>\n\t<meta name=\"twitter:data2\" content=\"2 minuts\" \/>\n<script type=\"application\/ld+json\" class=\"yoast-schema-graph\">{\"@context\":\"https:\\\/\\\/schema.org\",\"@graph\":[{\"@type\":\"NewsArticle\",\"@id\":\"https:\\\/\\\/radiolitoral.com\\\/2024\\\/10\\\/victoria-del-senior-femeni-del-denia-bc-a-elx\\\/#article\",\"isPartOf\":{\"@id\":\"https:\\\/\\\/radiolitoral.com\\\/2024\\\/10\\\/victoria-del-senior-femeni-del-denia-bc-a-elx\\\/\"},\"author\":{\"name\":\"Javier Zamora\",\"@id\":\"https:\\\/\\\/radiolitoral.com\\\/#\\\/schema\\\/person\\\/7b1480b5caeb5acdd4ec6379caf62b22\"},\"headline\":\"Victoria del s\u00e8nior femen\u00ed del D\u00e9nia BC a Elx\",\"datePublished\":\"2024-10-23T08:26:07+00:00\",\"mainEntityOfPage\":{\"@id\":\"https:\\\/\\\/radiolitoral.com\\\/2024\\\/10\\\/victoria-del-senior-femeni-del-denia-bc-a-elx\\\/\"},\"wordCount\":228,\"commentCount\":0,\"publisher\":{\"@id\":\"https:\\\/\\\/radiolitoral.com\\\/#organization\"},\"image\":{\"@id\":\"https:\\\/\\\/radiolitoral.com\\\/2024\\\/10\\\/victoria-del-senior-femeni-del-denia-bc-a-elx\\\/#primaryimage\"},\"thumbnailUrl\":\"https:\\\/\\\/media.radiolitoral.com\\\/wp-content\\\/uploads\\\/2024\\\/10\\\/23102302\\\/Jugadora-dianense-senior-lanzando-a-canasta.jpg\",\"keywords\":[\"CB Cabo Mar\",\"D\u00e9nia BC\",\"deportes\",\"Helike\"],\"articleSection\":[\"Deportes\"],\"inLanguage\":\"ca\",\"potentialAction\":[{\"@type\":\"CommentAction\",\"name\":\"Comment\",\"target\":[\"https:\\\/\\\/radiolitoral.com\\\/2024\\\/10\\\/victoria-del-senior-femeni-del-denia-bc-a-elx\\\/#respond\"]}]},{\"@type\":[\"WebPage\",\"ItemPage\"],\"@id\":\"https:\\\/\\\/radiolitoral.com\\\/2024\\\/10\\\/victoria-del-senior-femeni-del-denia-bc-a-elx\\\/\",\"url\":\"https:\\\/\\\/radiolitoral.com\\\/2024\\\/10\\\/victoria-del-senior-femeni-del-denia-bc-a-elx\\\/\",\"name\":\"Victoria del s\u00e8nior femen\u00ed del D\u00e9nia BC a Elx | R\u00e0dio Litoral\",\"isPartOf\":{\"@id\":\"https:\\\/\\\/radiolitoral.com\\\/#website\"},\"primaryImageOfPage\":{\"@id\":\"https:\\\/\\\/radiolitoral.com\\\/2024\\\/10\\\/victoria-del-senior-femeni-del-denia-bc-a-elx\\\/#primaryimage\"},\"image\":{\"@id\":\"https:\\\/\\\/radiolitoral.com\\\/2024\\\/10\\\/victoria-del-senior-femeni-del-denia-bc-a-elx\\\/#primaryimage\"},\"thumbnailUrl\":\"https:\\\/\\\/media.radiolitoral.com\\\/wp-content\\\/uploads\\\/2024\\\/10\\\/23102302\\\/Jugadora-dianense-senior-lanzando-a-canasta.jpg\",\"datePublished\":\"2024-10-23T08:26:07+00:00\",\"description\":\"L'equip que dirigix Juan Luis P\u00e9rez va estrenar el seu caseller de vict\u00f2ria en la lliga guanyant a l'Helike per 69 a 45L'equip que dirigix Juan Luis P\u00e9rez va estrenar el seu caseller de vict\u00f2ria en la lliga guanyant a l'Helike per 69 a 45\",\"breadcrumb\":{\"@id\":\"https:\\\/\\\/radiolitoral.com\\\/2024\\\/10\\\/victoria-del-senior-femeni-del-denia-bc-a-elx\\\/#breadcrumb\"},\"inLanguage\":\"ca\",\"potentialAction\":[{\"@type\":\"ReadAction\",\"target\":[\"https:\\\/\\\/radiolitoral.com\\\/2024\\\/10\\\/victoria-del-senior-femeni-del-denia-bc-a-elx\\\/\"]}]},{\"@type\":\"ImageObject\",\"inLanguage\":\"ca\",\"@id\":\"https:\\\/\\\/radiolitoral.com\\\/2024\\\/10\\\/victoria-del-senior-femeni-del-denia-bc-a-elx\\\/#primaryimage\",\"url\":\"https:\\\/\\\/media.radiolitoral.com\\\/wp-content\\\/uploads\\\/2024\\\/10\\\/23102302\\\/Jugadora-dianense-senior-lanzando-a-canasta.jpg\",\"contentUrl\":\"https:\\\/\\\/media.radiolitoral.com\\\/wp-content\\\/uploads\\\/2024\\\/10\\\/23102302\\\/Jugadora-dianense-senior-lanzando-a-canasta.jpg\",\"width\":1024,\"height\":726},{\"@type\":\"BreadcrumbList\",\"@id\":\"https:\\\/\\\/radiolitoral.com\\\/2024\\\/10\\\/victoria-del-senior-femeni-del-denia-bc-a-elx\\\/#breadcrumb\",\"itemListElement\":[{\"@type\":\"ListItem\",\"position\":1,\"name\":\"Portada\",\"item\":\"https:\\\/\\\/radiolitoral.com\\\/\"},{\"@type\":\"ListItem\",\"position\":2,\"name\":\"Victoria del s\u00e8nior femen\u00ed del D\u00e9nia BC a Elx\"}]},{\"@type\":\"WebSite\",\"@id\":\"https:\\\/\\\/radiolitoral.com\\\/#website\",\"url\":\"https:\\\/\\\/radiolitoral.com\\\/\",\"name\":\"Radio Litoral\",\"description\":\"La radio local de la Marina Alta\",\"publisher\":{\"@id\":\"https:\\\/\\\/radiolitoral.com\\\/#organization\"},\"alternateName\":\"Litoral FM\",\"potentialAction\":[{\"@type\":\"SearchAction\",\"target\":{\"@type\":\"EntryPoint\",\"urlTemplate\":\"https:\\\/\\\/radiolitoral.com\\\/?s={search_term_string}\"},\"query-input\":{\"@type\":\"PropertyValueSpecification\",\"valueRequired\":true,\"valueName\":\"search_term_string\"}}],\"inLanguage\":\"ca\"},{\"@type\":\"Organization\",\"@id\":\"https:\\\/\\\/radiolitoral.com\\\/#organization\",\"name\":\"Radio Litoral\",\"url\":\"https:\\\/\\\/radiolitoral.com\\\/\",\"logo\":{\"@type\":\"ImageObject\",\"inLanguage\":\"ca\",\"@id\":\"https:\\\/\\\/radiolitoral.com\\\/#\\\/schema\\\/logo\\\/image\\\/\",\"url\":\"https:\\\/\\\/media.radiolitoral.com\\\/wp-content\\\/uploads\\\/2023\\\/02\\\/24143238\\\/CL-V-RadioLitoral696.png\",\"contentUrl\":\"https:\\\/\\\/media.radiolitoral.com\\\/wp-content\\\/uploads\\\/2023\\\/02\\\/24143238\\\/CL-V-RadioLitoral696.png\",\"width\":696,\"height\":696,\"caption\":\"Radio Litoral\"},\"image\":{\"@id\":\"https:\\\/\\\/radiolitoral.com\\\/#\\\/schema\\\/logo\\\/image\\\/\"},\"sameAs\":[\"https:\\\/\\\/www.facebook.com\\\/Laradiolitoral\\\/\"]},{\"@type\":\"Person\",\"@id\":\"https:\\\/\\\/radiolitoral.com\\\/#\\\/schema\\\/person\\\/7b1480b5caeb5acdd4ec6379caf62b22\",\"name\":\"Javier Zamora\",\"image\":{\"@type\":\"ImageObject\",\"inLanguage\":\"ca\",\"@id\":\"https:\\\/\\\/secure.gravatar.com\\\/avatar\\\/467a11f6918c7d619c4043fc6fa2d3853053107973f05b6e9c04ea6c4e3a7b3f?s=96&d=mm&r=g\",\"url\":\"https:\\\/\\\/secure.gravatar.com\\\/avatar\\\/467a11f6918c7d619c4043fc6fa2d3853053107973f05b6e9c04ea6c4e3a7b3f?s=96&d=mm&r=g\",\"contentUrl\":\"https:\\\/\\\/secure.gravatar.com\\\/avatar\\\/467a11f6918c7d619c4043fc6fa2d3853053107973f05b6e9c04ea6c4e3a7b3f?s=96&d=mm&r=g\",\"caption\":\"Javier Zamora\"},\"url\":\"https:\\\/\\\/radiolitoral.com\\\/ca\\\/author\\\/javier-zamora\\\/\"}]}<\/script>\n<!-- \/ Yoast SEO plugin. -->","yoast_head_json":{"title":"Vict\u00f2ria del s\u00e8nior femen\u00ed del D\u00e9nia BC a Elx | R\u00e0dio Litoral","description":"L&#039;equip que dirigeix Juan Luis P\u00e9rez va estrenar el seu caseller de vict\u00f2ria a la lliga guanyant a l&#039;Helike per 69 a 45 69 a 45","robots":{"index":"index","follow":"follow","max-snippet":"max-snippet:-1","max-image-preview":"max-image-preview:large","max-video-preview":"max-video-preview:-1"},"canonical":"https:\/\/radiolitoral.com\/ca\/2024\/10\/victoria-del-senior-femeni-del-denia-bc-a-elx\/","og_locale":"ca_ES","og_type":"article","og_title":"Victoria del s\u00e8nior femen\u00ed del D\u00e9nia BC a Elx | R\u00e0dio Litoral","og_description":"L'equip que dirigix Juan Luis P\u00e9rez va estrenar el seu caseller de vict\u00f2ria en la lliga guanyant a l'Helike per 69 a 45L'equip que dirigix Juan Luis P\u00e9rez va estrenar el seu caseller de vict\u00f2ria en la lliga guanyant a l'Helike per 69 a 45","og_url":"https:\/\/radiolitoral.com\/ca\/2024\/10\/victoria-del-senior-femeni-del-denia-bc-a-elx\/","og_site_name":"R\u00e0dio Litoral","article_publisher":"https:\/\/www.facebook.com\/Laradiolitoral\/","article_published_time":"2024-10-23T08:26:07+00:00","og_image":[{"width":1024,"height":726,"url":"https:\/\/media.radiolitoral.com\/wp-content\/uploads\/2024\/10\/23102302\/Jugadora-dianense-senior-lanzando-a-canasta.jpg","type":"image\/jpeg"}],"author":"Javier Zamora","twitter_card":"summary_large_image","twitter_misc":{"Escrit per":"Javier Zamora","Temps estimat de lectura":"2 minuts"},"schema":{"@context":"https:\/\/schema.org","@graph":[{"@type":"NewsArticle","@id":"https:\/\/radiolitoral.com\/2024\/10\/victoria-del-senior-femeni-del-denia-bc-a-elx\/#article","isPartOf":{"@id":"https:\/\/radiolitoral.com\/2024\/10\/victoria-del-senior-femeni-del-denia-bc-a-elx\/"},"author":{"name":"Javier Zamora","@id":"https:\/\/radiolitoral.com\/#\/schema\/person\/7b1480b5caeb5acdd4ec6379caf62b22"},"headline":"Victoria del s\u00e8nior femen\u00ed del D\u00e9nia BC a Elx","datePublished":"2024-10-23T08:26:07+00:00","mainEntityOfPage":{"@id":"https:\/\/radiolitoral.com\/2024\/10\/victoria-del-senior-femeni-del-denia-bc-a-elx\/"},"wordCount":228,"commentCount":0,"publisher":{"@id":"https:\/\/radiolitoral.com\/#organization"},"image":{"@id":"https:\/\/radiolitoral.com\/2024\/10\/victoria-del-senior-femeni-del-denia-bc-a-elx\/#primaryimage"},"thumbnailUrl":"https:\/\/media.radiolitoral.com\/wp-content\/uploads\/2024\/10\/23102302\/Jugadora-dianense-senior-lanzando-a-canasta.jpg","keywords":["CB Cabo Mar","D\u00e9nia BC","deportes","Helike"],"articleSection":["Deportes"],"inLanguage":"ca","potentialAction":[{"@type":"CommentAction","name":"Comment","target":["https:\/\/radiolitoral.com\/2024\/10\/victoria-del-senior-femeni-del-denia-bc-a-elx\/#respond"]}]},{"@type":["WebPage","ItemPage"],"@id":"https:\/\/radiolitoral.com\/2024\/10\/victoria-del-senior-femeni-del-denia-bc-a-elx\/","url":"https:\/\/radiolitoral.com\/2024\/10\/victoria-del-senior-femeni-del-denia-bc-a-elx\/","name":"Vict\u00f2ria del s\u00e8nior femen\u00ed del D\u00e9nia BC a Elx | R\u00e0dio Litoral","isPartOf":{"@id":"https:\/\/radiolitoral.com\/#website"},"primaryImageOfPage":{"@id":"https:\/\/radiolitoral.com\/2024\/10\/victoria-del-senior-femeni-del-denia-bc-a-elx\/#primaryimage"},"image":{"@id":"https:\/\/radiolitoral.com\/2024\/10\/victoria-del-senior-femeni-del-denia-bc-a-elx\/#primaryimage"},"thumbnailUrl":"https:\/\/media.radiolitoral.com\/wp-content\/uploads\/2024\/10\/23102302\/Jugadora-dianense-senior-lanzando-a-canasta.jpg","datePublished":"2024-10-23T08:26:07+00:00","description":"L&#039;equip que dirigeix Juan Luis P\u00e9rez va estrenar el seu caseller de vict\u00f2ria a la lliga guanyant a l&#039;Helike per 69 a 45 69 a 45","breadcrumb":{"@id":"https:\/\/radiolitoral.com\/2024\/10\/victoria-del-senior-femeni-del-denia-bc-a-elx\/#breadcrumb"},"inLanguage":"ca","potentialAction":[{"@type":"ReadAction","target":["https:\/\/radiolitoral.com\/2024\/10\/victoria-del-senior-femeni-del-denia-bc-a-elx\/"]}]},{"@type":"ImageObject","inLanguage":"ca","@id":"https:\/\/radiolitoral.com\/2024\/10\/victoria-del-senior-femeni-del-denia-bc-a-elx\/#primaryimage","url":"https:\/\/media.radiolitoral.com\/wp-content\/uploads\/2024\/10\/23102302\/Jugadora-dianense-senior-lanzando-a-canasta.jpg","contentUrl":"https:\/\/media.radiolitoral.com\/wp-content\/uploads\/2024\/10\/23102302\/Jugadora-dianense-senior-lanzando-a-canasta.jpg","width":1024,"height":726},{"@type":"BreadcrumbList","@id":"https:\/\/radiolitoral.com\/2024\/10\/victoria-del-senior-femeni-del-denia-bc-a-elx\/#breadcrumb","itemListElement":[{"@type":"ListItem","position":1,"name":"Portada","item":"https:\/\/radiolitoral.com\/"},{"@type":"ListItem","position":2,"name":"Victoria del s\u00e8nior femen\u00ed del D\u00e9nia BC a Elx"}]},{"@type":"WebSite","@id":"https:\/\/radiolitoral.com\/#website","url":"https:\/\/radiolitoral.com\/","name":"R\u00e0dio Litoral","description":"La r\u00e0dio local de la Marina Alta","publisher":{"@id":"https:\/\/radiolitoral.com\/#organization"},"alternateName":"Litoral FM","potentialAction":[{"@type":"SearchAction","target":{"@type":"EntryPoint","urlTemplate":"https:\/\/radiolitoral.com\/?s={search_term_string}"},"query-input":{"@type":"PropertyValueSpecification","valueRequired":true,"valueName":"search_term_string"}}],"inLanguage":"ca"},{"@type":"Organization","@id":"https:\/\/radiolitoral.com\/#organization","name":"R\u00e0dio Litoral","url":"https:\/\/radiolitoral.com\/","logo":{"@type":"ImageObject","inLanguage":"ca","@id":"https:\/\/radiolitoral.com\/#\/schema\/logo\/image\/","url":"https:\/\/media.radiolitoral.com\/wp-content\/uploads\/2023\/02\/24143238\/CL-V-RadioLitoral696.png","contentUrl":"https:\/\/media.radiolitoral.com\/wp-content\/uploads\/2023\/02\/24143238\/CL-V-RadioLitoral696.png","width":696,"height":696,"caption":"Radio Litoral"},"image":{"@id":"https:\/\/radiolitoral.com\/#\/schema\/logo\/image\/"},"sameAs":["https:\/\/www.facebook.com\/Laradiolitoral\/"]},{"@type":"Person","@id":"https:\/\/radiolitoral.com\/#\/schema\/person\/7b1480b5caeb5acdd4ec6379caf62b22","name":"Javier Zamora","image":{"@type":"ImageObject","inLanguage":"ca","@id":"https:\/\/secure.gravatar.com\/avatar\/467a11f6918c7d619c4043fc6fa2d3853053107973f05b6e9c04ea6c4e3a7b3f?s=96&d=mm&r=g","url":"https:\/\/secure.gravatar.com\/avatar\/467a11f6918c7d619c4043fc6fa2d3853053107973f05b6e9c04ea6c4e3a7b3f?s=96&d=mm&r=g","contentUrl":"https:\/\/secure.gravatar.com\/avatar\/467a11f6918c7d619c4043fc6fa2d3853053107973f05b6e9c04ea6c4e3a7b3f?s=96&d=mm&r=g","caption":"Javier Zamora"},"url":"https:\/\/radiolitoral.com\/ca\/author\/javier-zamora\/"}]}},"_links":{"self":[{"href":"https:\/\/radiolitoral.com\/ca\/wp-json\/wp\/v2\/posts\/12559","targetHints":{"allow":["GET"]}}],"collection":[{"href":"https:\/\/radiolitoral.com\/ca\/wp-json\/wp\/v2\/posts"}],"about":[{"href":"https:\/\/radiolitoral.com\/ca\/wp-json\/wp\/v2\/types\/post"}],"author":[{"embeddable":true,"href":"https:\/\/radiolitoral.com\/ca\/wp-json\/wp\/v2\/users\/12"}],"replies":[{"embeddable":true,"href":"https:\/\/radiolitoral.com\/ca\/wp-json\/wp\/v2\/comments?post=12559"}],"version-history":[{"count":2,"href":"https:\/\/radiolitoral.com\/ca\/wp-json\/wp\/v2\/posts\/12559\/revisions"}],"predecessor-version":[{"id":12562,"href":"https:\/\/radiolitoral.com\/ca\/wp-json\/wp\/v2\/posts\/12559\/revisions\/12562"}],"wp:featuredmedia":[{"embeddable":true,"href":"https:\/\/radiolitoral.com\/ca\/wp-json\/wp\/v2\/media\/12560"}],"wp:attachment":[{"href":"https:\/\/radiolitoral.com\/ca\/wp-json\/wp\/v2\/media?parent=12559"}],"wp:term":[{"taxonomy":"category","embeddable":true,"href":"https:\/\/radiolitoral.com\/ca\/wp-json\/wp\/v2\/categories?post=12559"},{"taxonomy":"post_tag","embeddable":true,"href":"https:\/\/radiolitoral.com\/ca\/wp-json\/wp\/v2\/tags?post=12559"}],"curies":[{"name":"wp","href":"https:\/\/api.w.org\/{rel}","templated":true}]}}