{"id":12549,"date":"2024-10-22T12:44:57","date_gmt":"2024-10-22T10:44:57","guid":{"rendered":"https:\/\/radiolitoral.com\/?p=12549"},"modified":"2024-10-22T12:44:57","modified_gmt":"2024-10-22T10:44:57","slug":"la-setmana-del-major-de-benitatxell-finalitza-amb-gran-exit-i-la-tradicional-dinar-de-germanor","status":"publish","type":"post","link":"https:\/\/radiolitoral.com\/ca\/2024\/10\/la-setmana-del-major-de-benitatxell-finalitza-amb-gran-exit-i-el-tradicional-dinar-de-germanor\/","title":{"rendered":"La Setmana del Major de Benitatxell finalitza amb gran \u00e8xit i la tradicional dinar de germanor"},"content":{"rendered":"<p>La <strong>Setmana del Major de Benitatxell<\/strong> ha tancat la seva edici\u00f3 amb una gran celebraci\u00f3 final. Va ser la tradicional dinar de germanor organitzat per l&#039;<strong>Associaci\u00f3 de Pensionistes i Jubilats<\/strong> del municipi. L&#039;esdeveniment, que tindr\u00e0 lloc als Salons Canor, va reunir prop de <strong>150 pensionistes i jubilats<\/strong>, creant un ambient de companyonia i festa.<\/p>\n<p>Com \u00e9s habitual, les principals autoritats locals hi assistiran. L&#039;alcalde, <strong>Miquel \u00c0ngel Garc\u00eda<\/strong>, i la regidora del Major, <strong>Isa Garrido<\/strong>, van ser part activa de la celebraci\u00f3. Tamb\u00e9 s&#039;hi sumaren altres autoritats i representants d&#039;associacions de pobles ve\u00efns. Aquests van ser <strong>X\u00e0bia<\/strong>, <strong>Teulada<\/strong>, <strong>Benissa<\/strong> i <strong>Gata de Gorgos<\/strong>,. Un exemple clar de la cooperaci\u00f3 entre municipis.<\/p>\n<p>Durant els parlaments, la presidenta de l&#039;associaci\u00f3, <strong>M\u00f2nica Garc\u00eda<\/strong>, va voler agrader especialment la implicaci\u00f3 de la junta directiva, aix\u00ed com la col\u00b7laboraci\u00f3 de les autoritats municipals i t\u00e8cnics que van contribuir a l\u00e8xit daquesta setmana tan important per als majors del poble.<\/p>\n<p>La regidora del Major, Isa Garrido, va destacar la import\u00e0ncia de recon\u00e8ixer el paper fonamental de les persones majors a la societat local. Per la seva banda, l&#039;alcalde, Miguel \u00c1ngel Garc\u00eda, tamb\u00e9 va intervenir per ressaltar la cohesi\u00f3 que aquests esdeveniments aportin al municipi, i va animar els ve\u00efns a involucrar-se activament a la junta directiva per garantir la continu\u00eftat de les activitats.<\/p>\n<p>Un dels moments m\u00e9s emotius de la jornada va ser l&#039;entrega d&#039;un ram de flors a <strong>Concha Gilabert<\/strong>, de 87 anys, qui va rebre l&#039;homenatge per ser la s\u00f2cia de m\u00e9s edat. A m\u00e9s, es lliurar\u00e0 un clauer commemoratiu amb el logotip de l&#039;associaci\u00f3 a tots els assistents.<\/p>\n<h3><strong>Activitats variades durant tota la Setmana del Major<\/strong><\/h3>\n<p>La Setmana del Major ha estat plena d&#039;activitats que han fet gaudir totes les persones participants. Des del dilluns, quan es comptar\u00e0 amb l&#039;actuaci\u00f3 de la cantant <strong>Rosa Dom\u00ednguez<\/strong>, fins al cap de setmana amb la representaci\u00f3 teatral de l&#039;obra <em>&#039;Mare, em vull casar&#039;<\/em> a c\u00e0rrec dels <strong>Set Comediants<\/strong>, la programaci\u00f3 va ser molt variada.<\/p>\n<p>Altres activitats destacades van ser la merienda i la vesprada de bingo del dimarts, i el col\u00b7loqui amb audiovisual dedicat a <strong>Moss\u00e8n Josep Antoni Comes<\/strong> el mi\u00e9rcols. Dijous, la jornada inclour\u00e0 ball en l\u00ednia amb <strong>Juan Carlos Vall\u00e9s<\/strong> i l&#039;actuaci\u00f3 de la <strong>Rondalla Crevillentina<\/strong>. Divendres, els pensionistes gaudiran d&#039;un aperitiu seguit d&#039;una nit de ball amb <strong>Toni Catal\u00e0<\/strong>.<\/p>","protected":false},"excerpt":{"rendered":"<p>La Setmana del Major de Benitatxell ha tancat la seua edici\u00f3 amb una gran celebraci\u00f3 final. Va ser el tradicional dinar de germanor organitzat per l\u2019Associaci\u00f3 de Pensionistes i Jubilats del municipi. L&#8217;esdeveniment, que va tindre lloc als Salons Canor, va reunir prop de 150 pensionistes i jubilats, creant un ambient de companyonia i festa. [&#8230;]<\/p>\n<p><a class=\"btn btn-secondary understrap-read-more-link\" href=\"https:\/\/radiolitoral.com\/ca\/2024\/10\/la-setmana-del-major-de-benitatxell-finalitza-amb-gran-exit-i-el-tradicional-dinar-de-germanor\/\">Continua llegint&#8230;<span class=\"screen-reader-text\"> from La Setmana del Major de Benitatxell finalitza amb gran \u00e8xit i el tradicional dinar de germanor<\/span><\/a><\/p>\n","protected":false},"author":13,"featured_media":12550,"comment_status":"open","ping_status":"closed","sticky":false,"template":"","format":"standard","meta":{"_acf_changed":false,"inline_featured_image":false,"footnotes":""},"categories":[46],"tags":[2617,2613,184,2614,2616,2615,1007,2612],"class_list":["post-12549","post","type-post","status-publish","format-standard","has-post-thumbnail","hentry","category-sociedad","tag-activitats","tag-ajuntament","tag-benitatxell","tag-isa-garrido","tag-jubilats","tag-pensionistes","tag-residencia","tag-setmana-del-major","cobertura-poble-nou-de-benitatxell"],"acf":[],"yoast_head":"<!-- This site is optimized with the Yoast SEO plugin v27.5 - https:\/\/yoast.com\/product\/yoast-seo-wordpress\/ -->\n<title>La Setmana del Major de Benitatxell finalitza amb gran \u00e8xit | R\u00e0dio Litoral<\/title>\n<meta name=\"description\" content=\"L&#039;acte final va reunir prop de 150 pensionistes i jubilats, reconeixent el paper fonamental de les persones majors en la societat L&#039;acte final de la Setmana del Major va reunir prop de 150 pensionistes i jubilats, reconeixent el paper fonamental de les persones majors.\" \/>\n<meta name=\"robots\" content=\"index, follow, max-snippet:-1, max-image-preview:large, max-video-preview:-1\" \/>\n<link rel=\"canonical\" href=\"https:\/\/radiolitoral.com\/ca\/2024\/10\/la-setmana-del-major-de-benitatxell-finalitza-amb-gran-exit-i-la-tradicional-dinar-de-germanor\/\" \/>\n<meta property=\"og:locale\" content=\"ca_ES\" \/>\n<meta property=\"og:type\" content=\"article\" \/>\n<meta property=\"og:title\" content=\"La Setmana del Major de Benitatxell finalitza amb gran \u00e8xit | R\u00e0dio Litoral\" \/>\n<meta property=\"og:description\" content=\"L&#039;acte final va reunir prop de 150 pensionistes i jubilats, reconeixent el paper fonamental de les persones majors en la societat L&#039;acte final de la Setmana del Major va reunir prop de 150 pensionistes i jubilats, reconeixent el paper fonamental de les persones majors.\" \/>\n<meta property=\"og:url\" content=\"https:\/\/radiolitoral.com\/ca\/2024\/10\/la-setmana-del-major-de-benitatxell-finalitza-amb-gran-exit-i-la-tradicional-dinar-de-germanor\/\" \/>\n<meta property=\"og:site_name\" content=\"R\u00e0dio Litoral\" \/>\n<meta property=\"article:publisher\" content=\"https:\/\/www.facebook.com\/Laradiolitoral\/\" \/>\n<meta property=\"article:published_time\" content=\"2024-10-22T10:44:57+00:00\" \/>\n<meta property=\"og:image\" content=\"https:\/\/media.radiolitoral.com\/wp-content\/uploads\/2024\/10\/22124338\/WhatsApp-Image-2024-10-21-at-12.31.23-6.jpeg\" \/>\n\t<meta property=\"og:image:width\" content=\"1600\" \/>\n\t<meta property=\"og:image:height\" content=\"742\" \/>\n\t<meta property=\"og:image:type\" content=\"image\/jpeg\" \/>\n<meta name=\"author\" content=\"Redacci\u00f3n\" \/>\n<meta name=\"twitter:card\" content=\"summary_large_image\" \/>\n<meta name=\"twitter:label1\" content=\"Escrit per\" \/>\n\t<meta name=\"twitter:data1\" content=\"Redacci\u00f3n\" \/>\n\t<meta name=\"twitter:label2\" content=\"Temps estimat de lectura\" \/>\n\t<meta name=\"twitter:data2\" content=\"3 minuts\" \/>\n<script type=\"application\/ld+json\" class=\"yoast-schema-graph\">{\"@context\":\"https:\\\/\\\/schema.org\",\"@graph\":[{\"@type\":\"NewsArticle\",\"@id\":\"https:\\\/\\\/radiolitoral.com\\\/2024\\\/10\\\/la-setmana-del-major-de-benitatxell-finalitza-amb-gran-exit-i-el-tradicional-dinar-de-germanor\\\/#article\",\"isPartOf\":{\"@id\":\"https:\\\/\\\/radiolitoral.com\\\/2024\\\/10\\\/la-setmana-del-major-de-benitatxell-finalitza-amb-gran-exit-i-el-tradicional-dinar-de-germanor\\\/\"},\"author\":{\"name\":\"Redacci\u00f3n\",\"@id\":\"https:\\\/\\\/radiolitoral.com\\\/#\\\/schema\\\/person\\\/f2b2343c49b5d721857cc1002bfdb151\"},\"headline\":\"La Setmana del Major de Benitatxell finalitza amb gran \u00e8xit i el tradicional dinar de germanor\",\"datePublished\":\"2024-10-22T10:44:57+00:00\",\"mainEntityOfPage\":{\"@id\":\"https:\\\/\\\/radiolitoral.com\\\/2024\\\/10\\\/la-setmana-del-major-de-benitatxell-finalitza-amb-gran-exit-i-el-tradicional-dinar-de-germanor\\\/\"},\"wordCount\":449,\"commentCount\":0,\"publisher\":{\"@id\":\"https:\\\/\\\/radiolitoral.com\\\/#organization\"},\"image\":{\"@id\":\"https:\\\/\\\/radiolitoral.com\\\/2024\\\/10\\\/la-setmana-del-major-de-benitatxell-finalitza-amb-gran-exit-i-el-tradicional-dinar-de-germanor\\\/#primaryimage\"},\"thumbnailUrl\":\"https:\\\/\\\/media.radiolitoral.com\\\/wp-content\\\/uploads\\\/2024\\\/10\\\/22124338\\\/WhatsApp-Image-2024-10-21-at-12.31.23-6.jpeg\",\"keywords\":[\"activitats\",\"Ajuntament\",\"Benitatxell\",\"Isa Garrido\",\"jubilats\",\"pensionistes\",\"Residencia\",\"Setmana del Major\"],\"articleSection\":[\"Sociedad\"],\"inLanguage\":\"ca\",\"potentialAction\":[{\"@type\":\"CommentAction\",\"name\":\"Comment\",\"target\":[\"https:\\\/\\\/radiolitoral.com\\\/2024\\\/10\\\/la-setmana-del-major-de-benitatxell-finalitza-amb-gran-exit-i-el-tradicional-dinar-de-germanor\\\/#respond\"]}]},{\"@type\":[\"WebPage\",\"ItemPage\"],\"@id\":\"https:\\\/\\\/radiolitoral.com\\\/2024\\\/10\\\/la-setmana-del-major-de-benitatxell-finalitza-amb-gran-exit-i-el-tradicional-dinar-de-germanor\\\/\",\"url\":\"https:\\\/\\\/radiolitoral.com\\\/2024\\\/10\\\/la-setmana-del-major-de-benitatxell-finalitza-amb-gran-exit-i-el-tradicional-dinar-de-germanor\\\/\",\"name\":\"La Setmana del Major de Benitatxell finalitza amb gran \u00e8xit | R\u00e0dio Litoral\",\"isPartOf\":{\"@id\":\"https:\\\/\\\/radiolitoral.com\\\/#website\"},\"primaryImageOfPage\":{\"@id\":\"https:\\\/\\\/radiolitoral.com\\\/2024\\\/10\\\/la-setmana-del-major-de-benitatxell-finalitza-amb-gran-exit-i-el-tradicional-dinar-de-germanor\\\/#primaryimage\"},\"image\":{\"@id\":\"https:\\\/\\\/radiolitoral.com\\\/2024\\\/10\\\/la-setmana-del-major-de-benitatxell-finalitza-amb-gran-exit-i-el-tradicional-dinar-de-germanor\\\/#primaryimage\"},\"thumbnailUrl\":\"https:\\\/\\\/media.radiolitoral.com\\\/wp-content\\\/uploads\\\/2024\\\/10\\\/22124338\\\/WhatsApp-Image-2024-10-21-at-12.31.23-6.jpeg\",\"datePublished\":\"2024-10-22T10:44:57+00:00\",\"description\":\"L'acte final va reunir prop de 150 pensionistes i jubilats, reconeixent el paper fonamental de les persones majors en la societat L'acte final de la Setmana del Major va reunir prop de 150 pensionistes i jubilats, reconeixent el paper fonamental de les persones majors.\",\"breadcrumb\":{\"@id\":\"https:\\\/\\\/radiolitoral.com\\\/2024\\\/10\\\/la-setmana-del-major-de-benitatxell-finalitza-amb-gran-exit-i-el-tradicional-dinar-de-germanor\\\/#breadcrumb\"},\"inLanguage\":\"ca\",\"potentialAction\":[{\"@type\":\"ReadAction\",\"target\":[\"https:\\\/\\\/radiolitoral.com\\\/2024\\\/10\\\/la-setmana-del-major-de-benitatxell-finalitza-amb-gran-exit-i-el-tradicional-dinar-de-germanor\\\/\"]}]},{\"@type\":\"ImageObject\",\"inLanguage\":\"ca\",\"@id\":\"https:\\\/\\\/radiolitoral.com\\\/2024\\\/10\\\/la-setmana-del-major-de-benitatxell-finalitza-amb-gran-exit-i-el-tradicional-dinar-de-germanor\\\/#primaryimage\",\"url\":\"https:\\\/\\\/media.radiolitoral.com\\\/wp-content\\\/uploads\\\/2024\\\/10\\\/22124338\\\/WhatsApp-Image-2024-10-21-at-12.31.23-6.jpeg\",\"contentUrl\":\"https:\\\/\\\/media.radiolitoral.com\\\/wp-content\\\/uploads\\\/2024\\\/10\\\/22124338\\\/WhatsApp-Image-2024-10-21-at-12.31.23-6.jpeg\",\"width\":1600,\"height\":742},{\"@type\":\"BreadcrumbList\",\"@id\":\"https:\\\/\\\/radiolitoral.com\\\/2024\\\/10\\\/la-setmana-del-major-de-benitatxell-finalitza-amb-gran-exit-i-el-tradicional-dinar-de-germanor\\\/#breadcrumb\",\"itemListElement\":[{\"@type\":\"ListItem\",\"position\":1,\"name\":\"Portada\",\"item\":\"https:\\\/\\\/radiolitoral.com\\\/\"},{\"@type\":\"ListItem\",\"position\":2,\"name\":\"La Setmana del Major de Benitatxell finalitza amb gran \u00e8xit i el tradicional dinar de germanor\"}]},{\"@type\":\"WebSite\",\"@id\":\"https:\\\/\\\/radiolitoral.com\\\/#website\",\"url\":\"https:\\\/\\\/radiolitoral.com\\\/\",\"name\":\"Radio Litoral\",\"description\":\"La radio local de la Marina Alta\",\"publisher\":{\"@id\":\"https:\\\/\\\/radiolitoral.com\\\/#organization\"},\"alternateName\":\"Litoral FM\",\"potentialAction\":[{\"@type\":\"SearchAction\",\"target\":{\"@type\":\"EntryPoint\",\"urlTemplate\":\"https:\\\/\\\/radiolitoral.com\\\/?s={search_term_string}\"},\"query-input\":{\"@type\":\"PropertyValueSpecification\",\"valueRequired\":true,\"valueName\":\"search_term_string\"}}],\"inLanguage\":\"ca\"},{\"@type\":\"Organization\",\"@id\":\"https:\\\/\\\/radiolitoral.com\\\/#organization\",\"name\":\"Radio Litoral\",\"url\":\"https:\\\/\\\/radiolitoral.com\\\/\",\"logo\":{\"@type\":\"ImageObject\",\"inLanguage\":\"ca\",\"@id\":\"https:\\\/\\\/radiolitoral.com\\\/#\\\/schema\\\/logo\\\/image\\\/\",\"url\":\"https:\\\/\\\/media.radiolitoral.com\\\/wp-content\\\/uploads\\\/2023\\\/02\\\/24143238\\\/CL-V-RadioLitoral696.png\",\"contentUrl\":\"https:\\\/\\\/media.radiolitoral.com\\\/wp-content\\\/uploads\\\/2023\\\/02\\\/24143238\\\/CL-V-RadioLitoral696.png\",\"width\":696,\"height\":696,\"caption\":\"Radio Litoral\"},\"image\":{\"@id\":\"https:\\\/\\\/radiolitoral.com\\\/#\\\/schema\\\/logo\\\/image\\\/\"},\"sameAs\":[\"https:\\\/\\\/www.facebook.com\\\/Laradiolitoral\\\/\"]},{\"@type\":\"Person\",\"@id\":\"https:\\\/\\\/radiolitoral.com\\\/#\\\/schema\\\/person\\\/f2b2343c49b5d721857cc1002bfdb151\",\"name\":\"Redacci\u00f3n\",\"image\":{\"@type\":\"ImageObject\",\"inLanguage\":\"ca\",\"@id\":\"https:\\\/\\\/secure.gravatar.com\\\/avatar\\\/f771d896c203ad8b3382d7905cfcce5a5c9b008b84b3cd9114e9b9f4cb63f789?s=96&d=mm&r=g\",\"url\":\"https:\\\/\\\/secure.gravatar.com\\\/avatar\\\/f771d896c203ad8b3382d7905cfcce5a5c9b008b84b3cd9114e9b9f4cb63f789?s=96&d=mm&r=g\",\"contentUrl\":\"https:\\\/\\\/secure.gravatar.com\\\/avatar\\\/f771d896c203ad8b3382d7905cfcce5a5c9b008b84b3cd9114e9b9f4cb63f789?s=96&d=mm&r=g\",\"caption\":\"Redacci\u00f3n\"},\"url\":\"https:\\\/\\\/radiolitoral.com\\\/ca\\\/author\\\/miriam-pagan\\\/\"}]}<\/script>\n<!-- \/ Yoast SEO plugin. -->","yoast_head_json":{"title":"La Setmana del Major de Benitatxell s&#039;acaba amb gran \u00e8xit | R\u00e0dio Litoral","description":"L&#039;acte final va reunir prop de 150 pensionistes i jubilats, reconeixent el paper fonamental de les persones majors a la societat L&#039;acte final de la Setmana del Major va reunir prop de 150 pensionistes i jubilats, reconeixent el paper fonamental de les persones majors .","robots":{"index":"index","follow":"follow","max-snippet":"max-snippet:-1","max-image-preview":"max-image-preview:large","max-video-preview":"max-video-preview:-1"},"canonical":"https:\/\/radiolitoral.com\/ca\/2024\/10\/la-setmana-del-major-de-benitatxell-finalitza-amb-gran-exit-i-la-tradicional-dinar-de-germanor\/","og_locale":"ca_ES","og_type":"article","og_title":"La Setmana del Major de Benitatxell finalitza amb gran \u00e8xit | R\u00e0dio Litoral","og_description":"L'acte final va reunir prop de 150 pensionistes i jubilats, reconeixent el paper fonamental de les persones majors en la societat L'acte final de la Setmana del Major va reunir prop de 150 pensionistes i jubilats, reconeixent el paper fonamental de les persones majors.","og_url":"https:\/\/radiolitoral.com\/ca\/2024\/10\/la-setmana-del-major-de-benitatxell-finalitza-amb-gran-exit-i-la-tradicional-dinar-de-germanor\/","og_site_name":"R\u00e0dio Litoral","article_publisher":"https:\/\/www.facebook.com\/Laradiolitoral\/","article_published_time":"2024-10-22T10:44:57+00:00","og_image":[{"width":1600,"height":742,"url":"https:\/\/media.radiolitoral.com\/wp-content\/uploads\/2024\/10\/22124338\/WhatsApp-Image-2024-10-21-at-12.31.23-6.jpeg","type":"image\/jpeg"}],"author":"Redacci\u00f3n","twitter_card":"summary_large_image","twitter_misc":{"Escrit per":"Redacci\u00f3n","Temps estimat de lectura":"3 minuts"},"schema":{"@context":"https:\/\/schema.org","@graph":[{"@type":"NewsArticle","@id":"https:\/\/radiolitoral.com\/2024\/10\/la-setmana-del-major-de-benitatxell-finalitza-amb-gran-exit-i-el-tradicional-dinar-de-germanor\/#article","isPartOf":{"@id":"https:\/\/radiolitoral.com\/2024\/10\/la-setmana-del-major-de-benitatxell-finalitza-amb-gran-exit-i-el-tradicional-dinar-de-germanor\/"},"author":{"name":"Redacci\u00f3n","@id":"https:\/\/radiolitoral.com\/#\/schema\/person\/f2b2343c49b5d721857cc1002bfdb151"},"headline":"La Setmana del Major de Benitatxell finalitza amb gran \u00e8xit i el tradicional dinar de germanor","datePublished":"2024-10-22T10:44:57+00:00","mainEntityOfPage":{"@id":"https:\/\/radiolitoral.com\/2024\/10\/la-setmana-del-major-de-benitatxell-finalitza-amb-gran-exit-i-el-tradicional-dinar-de-germanor\/"},"wordCount":449,"commentCount":0,"publisher":{"@id":"https:\/\/radiolitoral.com\/#organization"},"image":{"@id":"https:\/\/radiolitoral.com\/2024\/10\/la-setmana-del-major-de-benitatxell-finalitza-amb-gran-exit-i-el-tradicional-dinar-de-germanor\/#primaryimage"},"thumbnailUrl":"https:\/\/media.radiolitoral.com\/wp-content\/uploads\/2024\/10\/22124338\/WhatsApp-Image-2024-10-21-at-12.31.23-6.jpeg","keywords":["activitats","Ajuntament","Benitatxell","Isa Garrido","jubilats","pensionistes","Residencia","Setmana del Major"],"articleSection":["Sociedad"],"inLanguage":"ca","potentialAction":[{"@type":"CommentAction","name":"Comment","target":["https:\/\/radiolitoral.com\/2024\/10\/la-setmana-del-major-de-benitatxell-finalitza-amb-gran-exit-i-el-tradicional-dinar-de-germanor\/#respond"]}]},{"@type":["WebPage","ItemPage"],"@id":"https:\/\/radiolitoral.com\/2024\/10\/la-setmana-del-major-de-benitatxell-finalitza-amb-gran-exit-i-el-tradicional-dinar-de-germanor\/","url":"https:\/\/radiolitoral.com\/2024\/10\/la-setmana-del-major-de-benitatxell-finalitza-amb-gran-exit-i-el-tradicional-dinar-de-germanor\/","name":"La Setmana del Major de Benitatxell s&#039;acaba amb gran \u00e8xit | R\u00e0dio Litoral","isPartOf":{"@id":"https:\/\/radiolitoral.com\/#website"},"primaryImageOfPage":{"@id":"https:\/\/radiolitoral.com\/2024\/10\/la-setmana-del-major-de-benitatxell-finalitza-amb-gran-exit-i-el-tradicional-dinar-de-germanor\/#primaryimage"},"image":{"@id":"https:\/\/radiolitoral.com\/2024\/10\/la-setmana-del-major-de-benitatxell-finalitza-amb-gran-exit-i-el-tradicional-dinar-de-germanor\/#primaryimage"},"thumbnailUrl":"https:\/\/media.radiolitoral.com\/wp-content\/uploads\/2024\/10\/22124338\/WhatsApp-Image-2024-10-21-at-12.31.23-6.jpeg","datePublished":"2024-10-22T10:44:57+00:00","description":"L&#039;acte final va reunir prop de 150 pensionistes i jubilats, reconeixent el paper fonamental de les persones majors a la societat L&#039;acte final de la Setmana del Major va reunir prop de 150 pensionistes i jubilats, reconeixent el paper fonamental de les persones majors .","breadcrumb":{"@id":"https:\/\/radiolitoral.com\/2024\/10\/la-setmana-del-major-de-benitatxell-finalitza-amb-gran-exit-i-el-tradicional-dinar-de-germanor\/#breadcrumb"},"inLanguage":"ca","potentialAction":[{"@type":"ReadAction","target":["https:\/\/radiolitoral.com\/2024\/10\/la-setmana-del-major-de-benitatxell-finalitza-amb-gran-exit-i-el-tradicional-dinar-de-germanor\/"]}]},{"@type":"ImageObject","inLanguage":"ca","@id":"https:\/\/radiolitoral.com\/2024\/10\/la-setmana-del-major-de-benitatxell-finalitza-amb-gran-exit-i-el-tradicional-dinar-de-germanor\/#primaryimage","url":"https:\/\/media.radiolitoral.com\/wp-content\/uploads\/2024\/10\/22124338\/WhatsApp-Image-2024-10-21-at-12.31.23-6.jpeg","contentUrl":"https:\/\/media.radiolitoral.com\/wp-content\/uploads\/2024\/10\/22124338\/WhatsApp-Image-2024-10-21-at-12.31.23-6.jpeg","width":1600,"height":742},{"@type":"BreadcrumbList","@id":"https:\/\/radiolitoral.com\/2024\/10\/la-setmana-del-major-de-benitatxell-finalitza-amb-gran-exit-i-el-tradicional-dinar-de-germanor\/#breadcrumb","itemListElement":[{"@type":"ListItem","position":1,"name":"Portada","item":"https:\/\/radiolitoral.com\/"},{"@type":"ListItem","position":2,"name":"La Setmana del Major de Benitatxell finalitza amb gran \u00e8xit i el tradicional dinar de germanor"}]},{"@type":"WebSite","@id":"https:\/\/radiolitoral.com\/#website","url":"https:\/\/radiolitoral.com\/","name":"R\u00e0dio Litoral","description":"La r\u00e0dio local de la Marina Alta","publisher":{"@id":"https:\/\/radiolitoral.com\/#organization"},"alternateName":"Litoral FM","potentialAction":[{"@type":"SearchAction","target":{"@type":"EntryPoint","urlTemplate":"https:\/\/radiolitoral.com\/?s={search_term_string}"},"query-input":{"@type":"PropertyValueSpecification","valueRequired":true,"valueName":"search_term_string"}}],"inLanguage":"ca"},{"@type":"Organization","@id":"https:\/\/radiolitoral.com\/#organization","name":"R\u00e0dio Litoral","url":"https:\/\/radiolitoral.com\/","logo":{"@type":"ImageObject","inLanguage":"ca","@id":"https:\/\/radiolitoral.com\/#\/schema\/logo\/image\/","url":"https:\/\/media.radiolitoral.com\/wp-content\/uploads\/2023\/02\/24143238\/CL-V-RadioLitoral696.png","contentUrl":"https:\/\/media.radiolitoral.com\/wp-content\/uploads\/2023\/02\/24143238\/CL-V-RadioLitoral696.png","width":696,"height":696,"caption":"Radio Litoral"},"image":{"@id":"https:\/\/radiolitoral.com\/#\/schema\/logo\/image\/"},"sameAs":["https:\/\/www.facebook.com\/Laradiolitoral\/"]},{"@type":"Person","@id":"https:\/\/radiolitoral.com\/#\/schema\/person\/f2b2343c49b5d721857cc1002bfdb151","name":"Redacci\u00f3","image":{"@type":"ImageObject","inLanguage":"ca","@id":"https:\/\/secure.gravatar.com\/avatar\/f771d896c203ad8b3382d7905cfcce5a5c9b008b84b3cd9114e9b9f4cb63f789?s=96&d=mm&r=g","url":"https:\/\/secure.gravatar.com\/avatar\/f771d896c203ad8b3382d7905cfcce5a5c9b008b84b3cd9114e9b9f4cb63f789?s=96&d=mm&r=g","contentUrl":"https:\/\/secure.gravatar.com\/avatar\/f771d896c203ad8b3382d7905cfcce5a5c9b008b84b3cd9114e9b9f4cb63f789?s=96&d=mm&r=g","caption":"Redacci\u00f3n"},"url":"https:\/\/radiolitoral.com\/ca\/author\/miriam-pagan\/"}]}},"_links":{"self":[{"href":"https:\/\/radiolitoral.com\/ca\/wp-json\/wp\/v2\/posts\/12549","targetHints":{"allow":["GET"]}}],"collection":[{"href":"https:\/\/radiolitoral.com\/ca\/wp-json\/wp\/v2\/posts"}],"about":[{"href":"https:\/\/radiolitoral.com\/ca\/wp-json\/wp\/v2\/types\/post"}],"author":[{"embeddable":true,"href":"https:\/\/radiolitoral.com\/ca\/wp-json\/wp\/v2\/users\/13"}],"replies":[{"embeddable":true,"href":"https:\/\/radiolitoral.com\/ca\/wp-json\/wp\/v2\/comments?post=12549"}],"version-history":[{"count":1,"href":"https:\/\/radiolitoral.com\/ca\/wp-json\/wp\/v2\/posts\/12549\/revisions"}],"predecessor-version":[{"id":12551,"href":"https:\/\/radiolitoral.com\/ca\/wp-json\/wp\/v2\/posts\/12549\/revisions\/12551"}],"wp:featuredmedia":[{"embeddable":true,"href":"https:\/\/radiolitoral.com\/ca\/wp-json\/wp\/v2\/media\/12550"}],"wp:attachment":[{"href":"https:\/\/radiolitoral.com\/ca\/wp-json\/wp\/v2\/media?parent=12549"}],"wp:term":[{"taxonomy":"category","embeddable":true,"href":"https:\/\/radiolitoral.com\/ca\/wp-json\/wp\/v2\/categories?post=12549"},{"taxonomy":"post_tag","embeddable":true,"href":"https:\/\/radiolitoral.com\/ca\/wp-json\/wp\/v2\/tags?post=12549"}],"curies":[{"name":"wp","href":"https:\/\/api.w.org\/{rel}","templated":true}]}}