{"id":12496,"date":"2024-10-21T10:32:50","date_gmt":"2024-10-21T08:32:50","guid":{"rendered":"https:\/\/radiolitoral.com\/?p=12496"},"modified":"2024-10-21T10:32:50","modified_gmt":"2024-10-21T08:32:50","slug":"la-ciutat-benissa-remonta-i-sacosta-al-lideratge-en-un-final-epic","status":"publish","type":"post","link":"https:\/\/radiolitoral.com\/ca\/2024\/10\/la-ud-benissa-remunta-i-sacosta-al-lideratge-en-un-final-epic\/","title":{"rendered":"La UD Benissa remonta i s&#039;acosta al lideratge en un final \u00e8pic"},"content":{"rendered":"<p>La sisena jornada a la <strong>Segona FFCV<\/strong> al grup s\u00e8ptim ens va deixar una vict\u00f2ria de la <strong>UD Benissa<\/strong> davant el <strong>Foietes Benidorm<\/strong> per <strong>2 a 1<\/strong>. Amb aquest triomf els benissers s\u00f3n tercers a la classificaci\u00f3 a 1 punt del l\u00edder Polop i amb els mateixos punts que el segon l&#039;<strong>At Jonense<\/strong>.<\/p>\n<p>En aquesta confrontaci\u00f3 els locals van haver de remontar el punt inicial dels visitants quan a penes s&#039;emportaven jugats 6 minuts i Grau va avan\u00e7ar a l&#039;equip de la Marina Baixa.<\/p>\n<p>A partir d&#039;aquell moment, la UD Benissa va haver de remar per intentar donar-li la volta al marcador advers. Caldr\u00e0 esperar fins a la recta final perqu\u00e8 arribessin els gols locals. Al minut 80 va marcar Paco Lleches i al 90 va arribar el gol del triomf obra de Cristian.<\/p>\n<h4>Grup sext<\/h4>\n<p>n aquest grup senyalar la vict\u00f2ria del <strong>Gorgos CF<\/strong> davant el <strong>CF Bellreguard<\/strong> per <strong>5 a 1<\/strong> que permet al conjunt vermell pujar posicions a la classificaci\u00f3. L&#039;<strong>Orba CF<\/strong> va empatar a casa davant el <strong>Daim\u00fas<\/strong> <strong>(1-1)<\/strong> i continua sent el millor dels comarcals a la classificaci\u00f3.<\/p>\n<p>Al camp Bernardo Font de Teulada el p\u00fablic va passar una bona #vesprada ja que van veure molts gols encara que el seu equip no va poder guanyar. El <strong>FB Teulada Moraira<\/strong> i el <strong>CF Miramar<\/strong> van fer taules <strong>(3-3)<\/strong>.<\/p>\n<p>El <strong>CD D\u00e9nia B<\/strong> seguix sense al\u00e7ar cap i despr\u00e9s de seis jornades seguix sense aconseguir puntuar en caure al seu camp davant el <strong>Reial de Gandia<\/strong> per <strong>1 a 3<\/strong>. La situaci\u00f3 al filial denier \u00e9s cada vegada m\u00e9s cr\u00edtica. \u00c9s un equip sense idees al qual se&#039;l veu molt trista sobre el rectangle de joc.<\/p>","protected":false},"excerpt":{"rendered":"<p>La sexta jornada en la Segona FFCV en el grup s\u00e8ptim ens va deixar una vict\u00f2ria de la UD Benissa davant el Foietes Benidorm per 2 a 1. Amb este triomf els beniseros s\u00f3n tercers en la classificaci\u00f3 a 1 punt del l\u00edder Polop i amb els mateixos punts que el segon l&#8217;At Jonense. En [&#8230;]<\/p>\n<p><a class=\"btn btn-secondary understrap-read-more-link\" href=\"https:\/\/radiolitoral.com\/ca\/2024\/10\/la-ud-benissa-remunta-i-sacosta-al-lideratge-en-un-final-epic\/\">Continua llegint&#8230;<span class=\"screen-reader-text\"> from La UD Benissa remunta i s&#8217;acosta al lideratge en un final \u00e8pic<\/span><\/a><\/p>\n","protected":false},"author":12,"featured_media":12497,"comment_status":"open","ping_status":"closed","sticky":false,"template":"","format":"standard","meta":{"_acf_changed":false,"inline_featured_image":false,"footnotes":""},"categories":[5],"tags":[2594,2393,2595,2597,2596,6,1098,2593,1096,1094,2598,2479,1100],"class_list":["post-12496","post","type-post","status-publish","format-standard","has-post-thumbnail","hentry","category-deportes","tag-at-jonense","tag-cd-denia-b","tag-cf-bellreguard","tag-cf-miramar","tag-daimus","tag-deportes","tag-fb-teulada-moraira","tag-foietes-benidorm","tag-gorgos-cf","tag-orba-cf","tag-real-de-gandia","tag-segona-ffcv","tag-ud-benissa","cobertura-benissa"],"acf":[],"yoast_head":"<!-- This site is optimized with the Yoast SEO plugin v27.5 - https:\/\/yoast.com\/product\/yoast-seo-wordpress\/ -->\n<title>La UD Benissa remunta i s&#039;acosta al lideratge en un final \u00e8pic | R\u00e0dio Litoral<\/title>\n<meta name=\"description\" content=\"Els beniseros li van donar la volta al marcador i van acabar guanyant al Foietes Benidorm per 2 a 1 en una gran recta final de partitEls beniseros li van donar la volta al marcador i van acabar guanyant al Foietes Benidorm per 2 a 1 en una gran recta final de partit\" \/>\n<meta name=\"robots\" content=\"index, follow, max-snippet:-1, max-image-preview:large, max-video-preview:-1\" \/>\n<link rel=\"canonical\" href=\"https:\/\/radiolitoral.com\/ca\/2024\/10\/la-ciutat-benissa-remonta-i-sacosta-al-lideratge-en-un-final-epic\/\" \/>\n<meta property=\"og:locale\" content=\"ca_ES\" \/>\n<meta property=\"og:type\" content=\"article\" \/>\n<meta property=\"og:title\" content=\"La UD Benissa remunta i s&#039;acosta al lideratge en un final \u00e8pic | R\u00e0dio Litoral\" \/>\n<meta property=\"og:description\" content=\"Els beniseros li van donar la volta al marcador i van acabar guanyant al Foietes Benidorm per 2 a 1 en una gran recta final de partitEls beniseros li van donar la volta al marcador i van acabar guanyant al Foietes Benidorm per 2 a 1 en una gran recta final de partit\" \/>\n<meta property=\"og:url\" content=\"https:\/\/radiolitoral.com\/ca\/2024\/10\/la-ciutat-benissa-remonta-i-sacosta-al-lideratge-en-un-final-epic\/\" \/>\n<meta property=\"og:site_name\" content=\"R\u00e0dio Litoral\" \/>\n<meta property=\"article:publisher\" content=\"https:\/\/www.facebook.com\/Laradiolitoral\/\" \/>\n<meta property=\"article:published_time\" content=\"2024-10-21T08:32:50+00:00\" \/>\n<meta property=\"og:image\" content=\"https:\/\/media.radiolitoral.com\/wp-content\/uploads\/2024\/10\/21102558\/Banquillo-de-la-UD-Benissa.jpg\" \/>\n\t<meta property=\"og:image:width\" content=\"1024\" \/>\n\t<meta property=\"og:image:height\" content=\"560\" \/>\n\t<meta property=\"og:image:type\" content=\"image\/jpeg\" \/>\n<meta name=\"author\" content=\"Javier Zamora\" \/>\n<meta name=\"twitter:card\" content=\"summary_large_image\" \/>\n<meta name=\"twitter:label1\" content=\"Escrit per\" \/>\n\t<meta name=\"twitter:data1\" content=\"Javier Zamora\" \/>\n\t<meta name=\"twitter:label2\" content=\"Temps estimat de lectura\" \/>\n\t<meta name=\"twitter:data2\" content=\"2 minuts\" \/>\n<script type=\"application\/ld+json\" class=\"yoast-schema-graph\">{\"@context\":\"https:\\\/\\\/schema.org\",\"@graph\":[{\"@type\":\"NewsArticle\",\"@id\":\"https:\\\/\\\/radiolitoral.com\\\/2024\\\/10\\\/la-ud-benissa-remunta-i-sacosta-al-lideratge-en-un-final-epic\\\/#article\",\"isPartOf\":{\"@id\":\"https:\\\/\\\/radiolitoral.com\\\/2024\\\/10\\\/la-ud-benissa-remunta-i-sacosta-al-lideratge-en-un-final-epic\\\/\"},\"author\":{\"name\":\"Javier Zamora\",\"@id\":\"https:\\\/\\\/radiolitoral.com\\\/#\\\/schema\\\/person\\\/7b1480b5caeb5acdd4ec6379caf62b22\"},\"headline\":\"La UD Benissa remunta i s&#8217;acosta al lideratge en un final \u00e8pic\",\"datePublished\":\"2024-10-21T08:32:50+00:00\",\"mainEntityOfPage\":{\"@id\":\"https:\\\/\\\/radiolitoral.com\\\/2024\\\/10\\\/la-ud-benissa-remunta-i-sacosta-al-lideratge-en-un-final-epic\\\/\"},\"wordCount\":310,\"commentCount\":0,\"publisher\":{\"@id\":\"https:\\\/\\\/radiolitoral.com\\\/#organization\"},\"image\":{\"@id\":\"https:\\\/\\\/radiolitoral.com\\\/2024\\\/10\\\/la-ud-benissa-remunta-i-sacosta-al-lideratge-en-un-final-epic\\\/#primaryimage\"},\"thumbnailUrl\":\"https:\\\/\\\/media.radiolitoral.com\\\/wp-content\\\/uploads\\\/2024\\\/10\\\/21102558\\\/Banquillo-de-la-UD-Benissa.jpg\",\"keywords\":[\"At Jonense\",\"CD D\u00e9nia B\",\"CF Bellreguard\",\"CF Miramar\",\"Daim\u00fas\",\"deportes\",\"FB Teulada-Moraira\",\"Foietes Benidorm\",\"Gorgos CF\",\"Orba CF\",\"Real de Gandia\",\"Segona\u00a0FFCV\",\"UD Benissa\"],\"articleSection\":[\"Deportes\"],\"inLanguage\":\"ca\",\"potentialAction\":[{\"@type\":\"CommentAction\",\"name\":\"Comment\",\"target\":[\"https:\\\/\\\/radiolitoral.com\\\/2024\\\/10\\\/la-ud-benissa-remunta-i-sacosta-al-lideratge-en-un-final-epic\\\/#respond\"]}]},{\"@type\":[\"WebPage\",\"ItemPage\"],\"@id\":\"https:\\\/\\\/radiolitoral.com\\\/2024\\\/10\\\/la-ud-benissa-remunta-i-sacosta-al-lideratge-en-un-final-epic\\\/\",\"url\":\"https:\\\/\\\/radiolitoral.com\\\/2024\\\/10\\\/la-ud-benissa-remunta-i-sacosta-al-lideratge-en-un-final-epic\\\/\",\"name\":\"La UD Benissa remunta i s'acosta al lideratge en un final \u00e8pic | R\u00e0dio Litoral\",\"isPartOf\":{\"@id\":\"https:\\\/\\\/radiolitoral.com\\\/#website\"},\"primaryImageOfPage\":{\"@id\":\"https:\\\/\\\/radiolitoral.com\\\/2024\\\/10\\\/la-ud-benissa-remunta-i-sacosta-al-lideratge-en-un-final-epic\\\/#primaryimage\"},\"image\":{\"@id\":\"https:\\\/\\\/radiolitoral.com\\\/2024\\\/10\\\/la-ud-benissa-remunta-i-sacosta-al-lideratge-en-un-final-epic\\\/#primaryimage\"},\"thumbnailUrl\":\"https:\\\/\\\/media.radiolitoral.com\\\/wp-content\\\/uploads\\\/2024\\\/10\\\/21102558\\\/Banquillo-de-la-UD-Benissa.jpg\",\"datePublished\":\"2024-10-21T08:32:50+00:00\",\"description\":\"Els beniseros li van donar la volta al marcador i van acabar guanyant al Foietes Benidorm per 2 a 1 en una gran recta final de partitEls beniseros li van donar la volta al marcador i van acabar guanyant al Foietes Benidorm per 2 a 1 en una gran recta final de partit\",\"breadcrumb\":{\"@id\":\"https:\\\/\\\/radiolitoral.com\\\/2024\\\/10\\\/la-ud-benissa-remunta-i-sacosta-al-lideratge-en-un-final-epic\\\/#breadcrumb\"},\"inLanguage\":\"ca\",\"potentialAction\":[{\"@type\":\"ReadAction\",\"target\":[\"https:\\\/\\\/radiolitoral.com\\\/2024\\\/10\\\/la-ud-benissa-remunta-i-sacosta-al-lideratge-en-un-final-epic\\\/\"]}]},{\"@type\":\"ImageObject\",\"inLanguage\":\"ca\",\"@id\":\"https:\\\/\\\/radiolitoral.com\\\/2024\\\/10\\\/la-ud-benissa-remunta-i-sacosta-al-lideratge-en-un-final-epic\\\/#primaryimage\",\"url\":\"https:\\\/\\\/media.radiolitoral.com\\\/wp-content\\\/uploads\\\/2024\\\/10\\\/21102558\\\/Banquillo-de-la-UD-Benissa.jpg\",\"contentUrl\":\"https:\\\/\\\/media.radiolitoral.com\\\/wp-content\\\/uploads\\\/2024\\\/10\\\/21102558\\\/Banquillo-de-la-UD-Benissa.jpg\",\"width\":1024,\"height\":560},{\"@type\":\"BreadcrumbList\",\"@id\":\"https:\\\/\\\/radiolitoral.com\\\/2024\\\/10\\\/la-ud-benissa-remunta-i-sacosta-al-lideratge-en-un-final-epic\\\/#breadcrumb\",\"itemListElement\":[{\"@type\":\"ListItem\",\"position\":1,\"name\":\"Portada\",\"item\":\"https:\\\/\\\/radiolitoral.com\\\/\"},{\"@type\":\"ListItem\",\"position\":2,\"name\":\"La UD Benissa remunta i s&#8217;acosta al lideratge en un final \u00e8pic\"}]},{\"@type\":\"WebSite\",\"@id\":\"https:\\\/\\\/radiolitoral.com\\\/#website\",\"url\":\"https:\\\/\\\/radiolitoral.com\\\/\",\"name\":\"Radio Litoral\",\"description\":\"La radio local de la Marina Alta\",\"publisher\":{\"@id\":\"https:\\\/\\\/radiolitoral.com\\\/#organization\"},\"alternateName\":\"Litoral FM\",\"potentialAction\":[{\"@type\":\"SearchAction\",\"target\":{\"@type\":\"EntryPoint\",\"urlTemplate\":\"https:\\\/\\\/radiolitoral.com\\\/?s={search_term_string}\"},\"query-input\":{\"@type\":\"PropertyValueSpecification\",\"valueRequired\":true,\"valueName\":\"search_term_string\"}}],\"inLanguage\":\"ca\"},{\"@type\":\"Organization\",\"@id\":\"https:\\\/\\\/radiolitoral.com\\\/#organization\",\"name\":\"Radio Litoral\",\"url\":\"https:\\\/\\\/radiolitoral.com\\\/\",\"logo\":{\"@type\":\"ImageObject\",\"inLanguage\":\"ca\",\"@id\":\"https:\\\/\\\/radiolitoral.com\\\/#\\\/schema\\\/logo\\\/image\\\/\",\"url\":\"https:\\\/\\\/media.radiolitoral.com\\\/wp-content\\\/uploads\\\/2023\\\/02\\\/24143238\\\/CL-V-RadioLitoral696.png\",\"contentUrl\":\"https:\\\/\\\/media.radiolitoral.com\\\/wp-content\\\/uploads\\\/2023\\\/02\\\/24143238\\\/CL-V-RadioLitoral696.png\",\"width\":696,\"height\":696,\"caption\":\"Radio Litoral\"},\"image\":{\"@id\":\"https:\\\/\\\/radiolitoral.com\\\/#\\\/schema\\\/logo\\\/image\\\/\"},\"sameAs\":[\"https:\\\/\\\/www.facebook.com\\\/Laradiolitoral\\\/\"]},{\"@type\":\"Person\",\"@id\":\"https:\\\/\\\/radiolitoral.com\\\/#\\\/schema\\\/person\\\/7b1480b5caeb5acdd4ec6379caf62b22\",\"name\":\"Javier Zamora\",\"image\":{\"@type\":\"ImageObject\",\"inLanguage\":\"ca\",\"@id\":\"https:\\\/\\\/secure.gravatar.com\\\/avatar\\\/467a11f6918c7d619c4043fc6fa2d3853053107973f05b6e9c04ea6c4e3a7b3f?s=96&d=mm&r=g\",\"url\":\"https:\\\/\\\/secure.gravatar.com\\\/avatar\\\/467a11f6918c7d619c4043fc6fa2d3853053107973f05b6e9c04ea6c4e3a7b3f?s=96&d=mm&r=g\",\"contentUrl\":\"https:\\\/\\\/secure.gravatar.com\\\/avatar\\\/467a11f6918c7d619c4043fc6fa2d3853053107973f05b6e9c04ea6c4e3a7b3f?s=96&d=mm&r=g\",\"caption\":\"Javier Zamora\"},\"url\":\"https:\\\/\\\/radiolitoral.com\\\/ca\\\/author\\\/javier-zamora\\\/\"}]}<\/script>\n<!-- \/ Yoast SEO plugin. -->","yoast_head_json":{"title":"La UD Benissa remonta i s&#039;acosta al lideratge en un final \u00e8pic | R\u00e0dio Litoral","description":"Els benissers li van donar la volta al marcador i van acabar guanyant el Foietes Benidorm per 2 a 1 en una gran recta final de partit final de partit","robots":{"index":"index","follow":"follow","max-snippet":"max-snippet:-1","max-image-preview":"max-image-preview:large","max-video-preview":"max-video-preview:-1"},"canonical":"https:\/\/radiolitoral.com\/ca\/2024\/10\/la-ciutat-benissa-remonta-i-sacosta-al-lideratge-en-un-final-epic\/","og_locale":"ca_ES","og_type":"article","og_title":"La UD Benissa remunta i s'acosta al lideratge en un final \u00e8pic | R\u00e0dio Litoral","og_description":"Els beniseros li van donar la volta al marcador i van acabar guanyant al Foietes Benidorm per 2 a 1 en una gran recta final de partitEls beniseros li van donar la volta al marcador i van acabar guanyant al Foietes Benidorm per 2 a 1 en una gran recta final de partit","og_url":"https:\/\/radiolitoral.com\/ca\/2024\/10\/la-ciutat-benissa-remonta-i-sacosta-al-lideratge-en-un-final-epic\/","og_site_name":"R\u00e0dio Litoral","article_publisher":"https:\/\/www.facebook.com\/Laradiolitoral\/","article_published_time":"2024-10-21T08:32:50+00:00","og_image":[{"width":1024,"height":560,"url":"https:\/\/media.radiolitoral.com\/wp-content\/uploads\/2024\/10\/21102558\/Banquillo-de-la-UD-Benissa.jpg","type":"image\/jpeg"}],"author":"Javier Zamora","twitter_card":"summary_large_image","twitter_misc":{"Escrit per":"Javier Zamora","Temps estimat de lectura":"2 minuts"},"schema":{"@context":"https:\/\/schema.org","@graph":[{"@type":"NewsArticle","@id":"https:\/\/radiolitoral.com\/2024\/10\/la-ud-benissa-remunta-i-sacosta-al-lideratge-en-un-final-epic\/#article","isPartOf":{"@id":"https:\/\/radiolitoral.com\/2024\/10\/la-ud-benissa-remunta-i-sacosta-al-lideratge-en-un-final-epic\/"},"author":{"name":"Javier Zamora","@id":"https:\/\/radiolitoral.com\/#\/schema\/person\/7b1480b5caeb5acdd4ec6379caf62b22"},"headline":"La UD Benissa remunta i s&#8217;acosta al lideratge en un final \u00e8pic","datePublished":"2024-10-21T08:32:50+00:00","mainEntityOfPage":{"@id":"https:\/\/radiolitoral.com\/2024\/10\/la-ud-benissa-remunta-i-sacosta-al-lideratge-en-un-final-epic\/"},"wordCount":310,"commentCount":0,"publisher":{"@id":"https:\/\/radiolitoral.com\/#organization"},"image":{"@id":"https:\/\/radiolitoral.com\/2024\/10\/la-ud-benissa-remunta-i-sacosta-al-lideratge-en-un-final-epic\/#primaryimage"},"thumbnailUrl":"https:\/\/media.radiolitoral.com\/wp-content\/uploads\/2024\/10\/21102558\/Banquillo-de-la-UD-Benissa.jpg","keywords":["At Jonense","CD D\u00e9nia B","CF Bellreguard","CF Miramar","Daim\u00fas","deportes","FB Teulada-Moraira","Foietes Benidorm","Gorgos CF","Orba CF","Real de Gandia","Segona\u00a0FFCV","UD Benissa"],"articleSection":["Deportes"],"inLanguage":"ca","potentialAction":[{"@type":"CommentAction","name":"Comment","target":["https:\/\/radiolitoral.com\/2024\/10\/la-ud-benissa-remunta-i-sacosta-al-lideratge-en-un-final-epic\/#respond"]}]},{"@type":["WebPage","ItemPage"],"@id":"https:\/\/radiolitoral.com\/2024\/10\/la-ud-benissa-remunta-i-sacosta-al-lideratge-en-un-final-epic\/","url":"https:\/\/radiolitoral.com\/2024\/10\/la-ud-benissa-remunta-i-sacosta-al-lideratge-en-un-final-epic\/","name":"La UD Benissa remonta i s&#039;acosta al lideratge en un final \u00e8pic | R\u00e0dio Litoral","isPartOf":{"@id":"https:\/\/radiolitoral.com\/#website"},"primaryImageOfPage":{"@id":"https:\/\/radiolitoral.com\/2024\/10\/la-ud-benissa-remunta-i-sacosta-al-lideratge-en-un-final-epic\/#primaryimage"},"image":{"@id":"https:\/\/radiolitoral.com\/2024\/10\/la-ud-benissa-remunta-i-sacosta-al-lideratge-en-un-final-epic\/#primaryimage"},"thumbnailUrl":"https:\/\/media.radiolitoral.com\/wp-content\/uploads\/2024\/10\/21102558\/Banquillo-de-la-UD-Benissa.jpg","datePublished":"2024-10-21T08:32:50+00:00","description":"Els benissers li van donar la volta al marcador i van acabar guanyant el Foietes Benidorm per 2 a 1 en una gran recta final de partit final de partit","breadcrumb":{"@id":"https:\/\/radiolitoral.com\/2024\/10\/la-ud-benissa-remunta-i-sacosta-al-lideratge-en-un-final-epic\/#breadcrumb"},"inLanguage":"ca","potentialAction":[{"@type":"ReadAction","target":["https:\/\/radiolitoral.com\/2024\/10\/la-ud-benissa-remunta-i-sacosta-al-lideratge-en-un-final-epic\/"]}]},{"@type":"ImageObject","inLanguage":"ca","@id":"https:\/\/radiolitoral.com\/2024\/10\/la-ud-benissa-remunta-i-sacosta-al-lideratge-en-un-final-epic\/#primaryimage","url":"https:\/\/media.radiolitoral.com\/wp-content\/uploads\/2024\/10\/21102558\/Banquillo-de-la-UD-Benissa.jpg","contentUrl":"https:\/\/media.radiolitoral.com\/wp-content\/uploads\/2024\/10\/21102558\/Banquillo-de-la-UD-Benissa.jpg","width":1024,"height":560},{"@type":"BreadcrumbList","@id":"https:\/\/radiolitoral.com\/2024\/10\/la-ud-benissa-remunta-i-sacosta-al-lideratge-en-un-final-epic\/#breadcrumb","itemListElement":[{"@type":"ListItem","position":1,"name":"Portada","item":"https:\/\/radiolitoral.com\/"},{"@type":"ListItem","position":2,"name":"La UD Benissa remunta i s&#8217;acosta al lideratge en un final \u00e8pic"}]},{"@type":"WebSite","@id":"https:\/\/radiolitoral.com\/#website","url":"https:\/\/radiolitoral.com\/","name":"R\u00e0dio Litoral","description":"La r\u00e0dio local de la Marina Alta","publisher":{"@id":"https:\/\/radiolitoral.com\/#organization"},"alternateName":"Litoral FM","potentialAction":[{"@type":"SearchAction","target":{"@type":"EntryPoint","urlTemplate":"https:\/\/radiolitoral.com\/?s={search_term_string}"},"query-input":{"@type":"PropertyValueSpecification","valueRequired":true,"valueName":"search_term_string"}}],"inLanguage":"ca"},{"@type":"Organization","@id":"https:\/\/radiolitoral.com\/#organization","name":"R\u00e0dio Litoral","url":"https:\/\/radiolitoral.com\/","logo":{"@type":"ImageObject","inLanguage":"ca","@id":"https:\/\/radiolitoral.com\/#\/schema\/logo\/image\/","url":"https:\/\/media.radiolitoral.com\/wp-content\/uploads\/2023\/02\/24143238\/CL-V-RadioLitoral696.png","contentUrl":"https:\/\/media.radiolitoral.com\/wp-content\/uploads\/2023\/02\/24143238\/CL-V-RadioLitoral696.png","width":696,"height":696,"caption":"Radio Litoral"},"image":{"@id":"https:\/\/radiolitoral.com\/#\/schema\/logo\/image\/"},"sameAs":["https:\/\/www.facebook.com\/Laradiolitoral\/"]},{"@type":"Person","@id":"https:\/\/radiolitoral.com\/#\/schema\/person\/7b1480b5caeb5acdd4ec6379caf62b22","name":"Javier Zamora","image":{"@type":"ImageObject","inLanguage":"ca","@id":"https:\/\/secure.gravatar.com\/avatar\/467a11f6918c7d619c4043fc6fa2d3853053107973f05b6e9c04ea6c4e3a7b3f?s=96&d=mm&r=g","url":"https:\/\/secure.gravatar.com\/avatar\/467a11f6918c7d619c4043fc6fa2d3853053107973f05b6e9c04ea6c4e3a7b3f?s=96&d=mm&r=g","contentUrl":"https:\/\/secure.gravatar.com\/avatar\/467a11f6918c7d619c4043fc6fa2d3853053107973f05b6e9c04ea6c4e3a7b3f?s=96&d=mm&r=g","caption":"Javier Zamora"},"url":"https:\/\/radiolitoral.com\/ca\/author\/javier-zamora\/"}]}},"_links":{"self":[{"href":"https:\/\/radiolitoral.com\/ca\/wp-json\/wp\/v2\/posts\/12496","targetHints":{"allow":["GET"]}}],"collection":[{"href":"https:\/\/radiolitoral.com\/ca\/wp-json\/wp\/v2\/posts"}],"about":[{"href":"https:\/\/radiolitoral.com\/ca\/wp-json\/wp\/v2\/types\/post"}],"author":[{"embeddable":true,"href":"https:\/\/radiolitoral.com\/ca\/wp-json\/wp\/v2\/users\/12"}],"replies":[{"embeddable":true,"href":"https:\/\/radiolitoral.com\/ca\/wp-json\/wp\/v2\/comments?post=12496"}],"version-history":[{"count":2,"href":"https:\/\/radiolitoral.com\/ca\/wp-json\/wp\/v2\/posts\/12496\/revisions"}],"predecessor-version":[{"id":12499,"href":"https:\/\/radiolitoral.com\/ca\/wp-json\/wp\/v2\/posts\/12496\/revisions\/12499"}],"wp:featuredmedia":[{"embeddable":true,"href":"https:\/\/radiolitoral.com\/ca\/wp-json\/wp\/v2\/media\/12497"}],"wp:attachment":[{"href":"https:\/\/radiolitoral.com\/ca\/wp-json\/wp\/v2\/media?parent=12496"}],"wp:term":[{"taxonomy":"category","embeddable":true,"href":"https:\/\/radiolitoral.com\/ca\/wp-json\/wp\/v2\/categories?post=12496"},{"taxonomy":"post_tag","embeddable":true,"href":"https:\/\/radiolitoral.com\/ca\/wp-json\/wp\/v2\/tags?post=12496"}],"curies":[{"name":"wp","href":"https:\/\/api.w.org\/{rel}","templated":true}]}}