{"id":12456,"date":"2024-10-18T10:44:15","date_gmt":"2024-10-18T08:44:15","guid":{"rendered":"https:\/\/radiolitoral.com\/?p=12456"},"modified":"2024-10-18T10:44:15","modified_gmt":"2024-10-18T08:44:15","slug":"el-cb-ifach-calp-et-lobjectiu-de-guanyar-al-cbc-campell","status":"publish","type":"post","link":"https:\/\/radiolitoral.com\/ca\/2024\/10\/el-cb-ifach-calpe-te-lobjectiu-de-guanyar-al-cbc-campello\/","title":{"rendered":"El CB Ifach Calpe t\u00e9 l&#039;objectiu de guanyar el CBC Campello"},"content":{"rendered":"<p>El pavell\u00f3 Domingo Crespo de Calp ser\u00e0 l&#039;escenari del partit corresponent a la segona jornada de la Lliga a Primera Divisi\u00f3, on s&#039;enfrontaran al\u00a0<strong><span class=\"hiddenSpellError\">CB<\/span>\u00a0<span class=\"hiddenSpellError\">Ifach<\/span>\u00a0<span class=\"hiddenSpellError\">Calp<\/span><\/strong>\u00a0i el\u00a0<strong><span class=\"hiddenSpellError\">CBC<\/span>\u00a0Campello<\/strong> a les <strong>20.30 hores<\/strong>. La plantilla que dirigeix\u00a0<span class=\"hiddenSpellError\">Kike<\/span>\u00a0Valle afronta aquest encontre amb la intenci\u00f3 de brindar als seus seguidors el primer triomf del present campionat. Els jugadors han treballat durant la setmana amb el ferm prop\u00f2sit d&#039;aconseguir un resultat positiu, deixant #arrere la derrota patida a Elx.<\/p>\n<p>El rival,\u00a0<span class=\"hiddenSpellError\">CBC<\/span>\u00a0Campello, a dalt com un dels equips m\u00e9s potents del grup B, despr\u00e9s d&#039;haver aconseguit una contundent vict\u00f2ria a la pista del\u00a0<strong><span class=\"hiddenSpellError\">CB<\/span>\u00a0Elda<\/strong> (37-76), resultat que li permet situar-se al capdavant de la classificaci\u00f3. Aquest antecedent fa que el repte per al\u00a0<span class=\"hiddenSpellError\">CB<\/span>\u00a0<span class=\"hiddenSpellError\">Ifach<\/span>\u00a0Calp segueixi encara m\u00e9s gran, per\u00f2 l&#039;equip local confia en la seva capacitat per competir i plantar cara a un rival de nivell.<\/p>\n<p>Els locals reclamin el suport de la seva afici\u00f3, coneguda com la \u201cmarea verda\u201d, perqu\u00e8 els jugadors se senten abrigallats en un partit tan important. El suport dels seguidors ser\u00e0 clau perqu\u00e8 el\u00a0<span class=\"hiddenSpellError\">CB<\/span>\u00a0<span class=\"hiddenSpellError\">Ifach<\/span>\u00a0Calp pugui sortir air\u00f3s d&#039;aquest xoc i aconseguir la seva primera vict\u00f2ria a casa, un resultat que els ajudaria a guanyar confian\u00e7a de cara a les properes jornades.<\/p>","protected":false},"excerpt":{"rendered":"<p>El pavell\u00f3 Domingo Crespo de Calp ser\u00e0 l&#8217;escenari del partit corresponent a la segona jornada de la lliga en Primera Divisi\u00f3, on s&#8217;enfrontaran el\u00a0CB\u00a0Ifach\u00a0Calpe\u00a0i el\u00a0CBC\u00a0Campello a les 20.30 hores. La plantilla que dirigix\u00a0Kike\u00a0Valle afronta esta trobada amb la intenci\u00f3 de brindar als seus seguidors el primer triomf del present campionat. Els jugadors han treballat durant [&#8230;]<\/p>\n<p><a class=\"btn btn-secondary understrap-read-more-link\" href=\"https:\/\/radiolitoral.com\/ca\/2024\/10\/el-cb-ifach-calpe-te-lobjectiu-de-guanyar-al-cbc-campello\/\">Continua llegint&#8230;<span class=\"screen-reader-text\"> from El CB Ifach Calpe t\u00e9 l&#8217;objectiu de guanyar al CBC Campello<\/span><\/a><\/p>\n","protected":false},"author":12,"featured_media":12457,"comment_status":"open","ping_status":"closed","sticky":false,"template":"","format":"standard","meta":{"_acf_changed":false,"inline_featured_image":false,"footnotes":""},"categories":[5],"tags":[1238,952,1239,6,2406],"class_list":["post-12456","post","type-post","status-publish","format-standard","has-post-thumbnail","hentry","category-deportes","tag-cb-elda","tag-cb-ifach-calpe","tag-cbc-campello","tag-deportes","tag-kike-valle","cobertura-calp"],"acf":[],"yoast_head":"<!-- This site is optimized with the Yoast SEO plugin v27.5 - https:\/\/yoast.com\/product\/yoast-seo-wordpress\/ -->\n<title>El CB Ifach Calpe t\u00e9 l&#039;objectiu de guanyar al CBC Campello | R\u00e0dio Litoral<\/title>\n<meta name=\"description\" content=\"Els calpins lluitaran per brindar el seu primer triomf de lliga a una afici\u00f3 que sempre est\u00e0 amb ellsEls calpins lluitaran per brindar el seu primer triomf de lliga a una afici\u00f3 que sempre est\u00e0 amb ells\" \/>\n<meta name=\"robots\" content=\"index, follow, max-snippet:-1, max-image-preview:large, max-video-preview:-1\" \/>\n<link rel=\"canonical\" href=\"https:\/\/radiolitoral.com\/ca\/2024\/10\/el-cb-ifach-calp-et-lobjectiu-de-guanyar-al-cbc-campell\/\" \/>\n<meta property=\"og:locale\" content=\"ca_ES\" \/>\n<meta property=\"og:type\" content=\"article\" \/>\n<meta property=\"og:title\" content=\"El CB Ifach Calpe t\u00e9 l&#039;objectiu de guanyar al CBC Campello | R\u00e0dio Litoral\" \/>\n<meta property=\"og:description\" content=\"Els calpins lluitaran per brindar el seu primer triomf de lliga a una afici\u00f3 que sempre est\u00e0 amb ellsEls calpins lluitaran per brindar el seu primer triomf de lliga a una afici\u00f3 que sempre est\u00e0 amb ells\" \/>\n<meta property=\"og:url\" content=\"https:\/\/radiolitoral.com\/ca\/2024\/10\/el-cb-ifach-calp-et-lobjectiu-de-guanyar-al-cbc-campell\/\" \/>\n<meta property=\"og:site_name\" content=\"R\u00e0dio Litoral\" \/>\n<meta property=\"article:publisher\" content=\"https:\/\/www.facebook.com\/Laradiolitoral\/\" \/>\n<meta property=\"article:published_time\" content=\"2024-10-18T08:44:15+00:00\" \/>\n<meta property=\"og:image\" content=\"https:\/\/media.radiolitoral.com\/wp-content\/uploads\/2024\/10\/18104343\/Jugadores-del-CBC-Campello-en-rebote-defensivo.jpg\" \/>\n\t<meta property=\"og:image:width\" content=\"1024\" \/>\n\t<meta property=\"og:image:height\" content=\"683\" \/>\n\t<meta property=\"og:image:type\" content=\"image\/jpeg\" \/>\n<meta name=\"author\" content=\"Javier Zamora\" \/>\n<meta name=\"twitter:card\" content=\"summary_large_image\" \/>\n<meta name=\"twitter:label1\" content=\"Escrit per\" \/>\n\t<meta name=\"twitter:data1\" content=\"Javier Zamora\" \/>\n\t<meta name=\"twitter:label2\" content=\"Temps estimat de lectura\" \/>\n\t<meta name=\"twitter:data2\" content=\"2 minuts\" \/>\n<script type=\"application\/ld+json\" class=\"yoast-schema-graph\">{\"@context\":\"https:\\\/\\\/schema.org\",\"@graph\":[{\"@type\":\"NewsArticle\",\"@id\":\"https:\\\/\\\/radiolitoral.com\\\/2024\\\/10\\\/el-cb-ifach-calpe-te-lobjectiu-de-guanyar-al-cbc-campello\\\/#article\",\"isPartOf\":{\"@id\":\"https:\\\/\\\/radiolitoral.com\\\/2024\\\/10\\\/el-cb-ifach-calpe-te-lobjectiu-de-guanyar-al-cbc-campello\\\/\"},\"author\":{\"name\":\"Javier Zamora\",\"@id\":\"https:\\\/\\\/radiolitoral.com\\\/#\\\/schema\\\/person\\\/7b1480b5caeb5acdd4ec6379caf62b22\"},\"headline\":\"El CB Ifach Calpe t\u00e9 l&#8217;objectiu de guanyar al CBC Campello\",\"datePublished\":\"2024-10-18T08:44:15+00:00\",\"mainEntityOfPage\":{\"@id\":\"https:\\\/\\\/radiolitoral.com\\\/2024\\\/10\\\/el-cb-ifach-calpe-te-lobjectiu-de-guanyar-al-cbc-campello\\\/\"},\"wordCount\":238,\"commentCount\":0,\"publisher\":{\"@id\":\"https:\\\/\\\/radiolitoral.com\\\/#organization\"},\"image\":{\"@id\":\"https:\\\/\\\/radiolitoral.com\\\/2024\\\/10\\\/el-cb-ifach-calpe-te-lobjectiu-de-guanyar-al-cbc-campello\\\/#primaryimage\"},\"thumbnailUrl\":\"https:\\\/\\\/media.radiolitoral.com\\\/wp-content\\\/uploads\\\/2024\\\/10\\\/18104343\\\/Jugadores-del-CBC-Campello-en-rebote-defensivo.jpg\",\"keywords\":[\"CB Elda\",\"CB Ifach Calpe\",\"CBC Campello\",\"deportes\",\"Kike\u00a0Valle\"],\"articleSection\":[\"Deportes\"],\"inLanguage\":\"ca\",\"potentialAction\":[{\"@type\":\"CommentAction\",\"name\":\"Comment\",\"target\":[\"https:\\\/\\\/radiolitoral.com\\\/2024\\\/10\\\/el-cb-ifach-calpe-te-lobjectiu-de-guanyar-al-cbc-campello\\\/#respond\"]}]},{\"@type\":[\"WebPage\",\"ItemPage\"],\"@id\":\"https:\\\/\\\/radiolitoral.com\\\/2024\\\/10\\\/el-cb-ifach-calpe-te-lobjectiu-de-guanyar-al-cbc-campello\\\/\",\"url\":\"https:\\\/\\\/radiolitoral.com\\\/2024\\\/10\\\/el-cb-ifach-calpe-te-lobjectiu-de-guanyar-al-cbc-campello\\\/\",\"name\":\"El CB Ifach Calpe t\u00e9 l'objectiu de guanyar al CBC Campello | R\u00e0dio Litoral\",\"isPartOf\":{\"@id\":\"https:\\\/\\\/radiolitoral.com\\\/#website\"},\"primaryImageOfPage\":{\"@id\":\"https:\\\/\\\/radiolitoral.com\\\/2024\\\/10\\\/el-cb-ifach-calpe-te-lobjectiu-de-guanyar-al-cbc-campello\\\/#primaryimage\"},\"image\":{\"@id\":\"https:\\\/\\\/radiolitoral.com\\\/2024\\\/10\\\/el-cb-ifach-calpe-te-lobjectiu-de-guanyar-al-cbc-campello\\\/#primaryimage\"},\"thumbnailUrl\":\"https:\\\/\\\/media.radiolitoral.com\\\/wp-content\\\/uploads\\\/2024\\\/10\\\/18104343\\\/Jugadores-del-CBC-Campello-en-rebote-defensivo.jpg\",\"datePublished\":\"2024-10-18T08:44:15+00:00\",\"description\":\"Els calpins lluitaran per brindar el seu primer triomf de lliga a una afici\u00f3 que sempre est\u00e0 amb ellsEls calpins lluitaran per brindar el seu primer triomf de lliga a una afici\u00f3 que sempre est\u00e0 amb ells\",\"breadcrumb\":{\"@id\":\"https:\\\/\\\/radiolitoral.com\\\/2024\\\/10\\\/el-cb-ifach-calpe-te-lobjectiu-de-guanyar-al-cbc-campello\\\/#breadcrumb\"},\"inLanguage\":\"ca\",\"potentialAction\":[{\"@type\":\"ReadAction\",\"target\":[\"https:\\\/\\\/radiolitoral.com\\\/2024\\\/10\\\/el-cb-ifach-calpe-te-lobjectiu-de-guanyar-al-cbc-campello\\\/\"]}]},{\"@type\":\"ImageObject\",\"inLanguage\":\"ca\",\"@id\":\"https:\\\/\\\/radiolitoral.com\\\/2024\\\/10\\\/el-cb-ifach-calpe-te-lobjectiu-de-guanyar-al-cbc-campello\\\/#primaryimage\",\"url\":\"https:\\\/\\\/media.radiolitoral.com\\\/wp-content\\\/uploads\\\/2024\\\/10\\\/18104343\\\/Jugadores-del-CBC-Campello-en-rebote-defensivo.jpg\",\"contentUrl\":\"https:\\\/\\\/media.radiolitoral.com\\\/wp-content\\\/uploads\\\/2024\\\/10\\\/18104343\\\/Jugadores-del-CBC-Campello-en-rebote-defensivo.jpg\",\"width\":1024,\"height\":683},{\"@type\":\"BreadcrumbList\",\"@id\":\"https:\\\/\\\/radiolitoral.com\\\/2024\\\/10\\\/el-cb-ifach-calpe-te-lobjectiu-de-guanyar-al-cbc-campello\\\/#breadcrumb\",\"itemListElement\":[{\"@type\":\"ListItem\",\"position\":1,\"name\":\"Portada\",\"item\":\"https:\\\/\\\/radiolitoral.com\\\/\"},{\"@type\":\"ListItem\",\"position\":2,\"name\":\"El CB Ifach Calpe t\u00e9 l&#8217;objectiu de guanyar al CBC Campello\"}]},{\"@type\":\"WebSite\",\"@id\":\"https:\\\/\\\/radiolitoral.com\\\/#website\",\"url\":\"https:\\\/\\\/radiolitoral.com\\\/\",\"name\":\"Radio Litoral\",\"description\":\"La radio local de la Marina Alta\",\"publisher\":{\"@id\":\"https:\\\/\\\/radiolitoral.com\\\/#organization\"},\"alternateName\":\"Litoral FM\",\"potentialAction\":[{\"@type\":\"SearchAction\",\"target\":{\"@type\":\"EntryPoint\",\"urlTemplate\":\"https:\\\/\\\/radiolitoral.com\\\/?s={search_term_string}\"},\"query-input\":{\"@type\":\"PropertyValueSpecification\",\"valueRequired\":true,\"valueName\":\"search_term_string\"}}],\"inLanguage\":\"ca\"},{\"@type\":\"Organization\",\"@id\":\"https:\\\/\\\/radiolitoral.com\\\/#organization\",\"name\":\"Radio Litoral\",\"url\":\"https:\\\/\\\/radiolitoral.com\\\/\",\"logo\":{\"@type\":\"ImageObject\",\"inLanguage\":\"ca\",\"@id\":\"https:\\\/\\\/radiolitoral.com\\\/#\\\/schema\\\/logo\\\/image\\\/\",\"url\":\"https:\\\/\\\/media.radiolitoral.com\\\/wp-content\\\/uploads\\\/2023\\\/02\\\/24143238\\\/CL-V-RadioLitoral696.png\",\"contentUrl\":\"https:\\\/\\\/media.radiolitoral.com\\\/wp-content\\\/uploads\\\/2023\\\/02\\\/24143238\\\/CL-V-RadioLitoral696.png\",\"width\":696,\"height\":696,\"caption\":\"Radio Litoral\"},\"image\":{\"@id\":\"https:\\\/\\\/radiolitoral.com\\\/#\\\/schema\\\/logo\\\/image\\\/\"},\"sameAs\":[\"https:\\\/\\\/www.facebook.com\\\/Laradiolitoral\\\/\"]},{\"@type\":\"Person\",\"@id\":\"https:\\\/\\\/radiolitoral.com\\\/#\\\/schema\\\/person\\\/7b1480b5caeb5acdd4ec6379caf62b22\",\"name\":\"Javier Zamora\",\"image\":{\"@type\":\"ImageObject\",\"inLanguage\":\"ca\",\"@id\":\"https:\\\/\\\/secure.gravatar.com\\\/avatar\\\/467a11f6918c7d619c4043fc6fa2d3853053107973f05b6e9c04ea6c4e3a7b3f?s=96&d=mm&r=g\",\"url\":\"https:\\\/\\\/secure.gravatar.com\\\/avatar\\\/467a11f6918c7d619c4043fc6fa2d3853053107973f05b6e9c04ea6c4e3a7b3f?s=96&d=mm&r=g\",\"contentUrl\":\"https:\\\/\\\/secure.gravatar.com\\\/avatar\\\/467a11f6918c7d619c4043fc6fa2d3853053107973f05b6e9c04ea6c4e3a7b3f?s=96&d=mm&r=g\",\"caption\":\"Javier Zamora\"},\"url\":\"https:\\\/\\\/radiolitoral.com\\\/ca\\\/author\\\/javier-zamora\\\/\"}]}<\/script>\n<!-- \/ Yoast SEO plugin. -->","yoast_head_json":{"title":"El CB Ifach Calpe t\u00e9 l&#039;objectiu de guanyar el CBC Campello | R\u00e0dio Litoral","description":"Els calpins lluitaran per brindar el seu primer triomf de lliga a una afici\u00f3 que sempre est\u00e0 amb ellsEls calpins lluitaran per brindar el seu primer triomf de lliga a una afici\u00f3 que sempre est\u00e0 amb ells","robots":{"index":"index","follow":"follow","max-snippet":"max-snippet:-1","max-image-preview":"max-image-preview:large","max-video-preview":"max-video-preview:-1"},"canonical":"https:\/\/radiolitoral.com\/ca\/2024\/10\/el-cb-ifach-calp-et-lobjectiu-de-guanyar-al-cbc-campell\/","og_locale":"ca_ES","og_type":"article","og_title":"El CB Ifach Calpe t\u00e9 l'objectiu de guanyar al CBC Campello | R\u00e0dio Litoral","og_description":"Els calpins lluitaran per brindar el seu primer triomf de lliga a una afici\u00f3 que sempre est\u00e0 amb ellsEls calpins lluitaran per brindar el seu primer triomf de lliga a una afici\u00f3 que sempre est\u00e0 amb ells","og_url":"https:\/\/radiolitoral.com\/ca\/2024\/10\/el-cb-ifach-calp-et-lobjectiu-de-guanyar-al-cbc-campell\/","og_site_name":"R\u00e0dio Litoral","article_publisher":"https:\/\/www.facebook.com\/Laradiolitoral\/","article_published_time":"2024-10-18T08:44:15+00:00","og_image":[{"width":1024,"height":683,"url":"https:\/\/media.radiolitoral.com\/wp-content\/uploads\/2024\/10\/18104343\/Jugadores-del-CBC-Campello-en-rebote-defensivo.jpg","type":"image\/jpeg"}],"author":"Javier Zamora","twitter_card":"summary_large_image","twitter_misc":{"Escrit per":"Javier Zamora","Temps estimat de lectura":"2 minuts"},"schema":{"@context":"https:\/\/schema.org","@graph":[{"@type":"NewsArticle","@id":"https:\/\/radiolitoral.com\/2024\/10\/el-cb-ifach-calpe-te-lobjectiu-de-guanyar-al-cbc-campello\/#article","isPartOf":{"@id":"https:\/\/radiolitoral.com\/2024\/10\/el-cb-ifach-calpe-te-lobjectiu-de-guanyar-al-cbc-campello\/"},"author":{"name":"Javier Zamora","@id":"https:\/\/radiolitoral.com\/#\/schema\/person\/7b1480b5caeb5acdd4ec6379caf62b22"},"headline":"El CB Ifach Calpe t\u00e9 l&#8217;objectiu de guanyar al CBC Campello","datePublished":"2024-10-18T08:44:15+00:00","mainEntityOfPage":{"@id":"https:\/\/radiolitoral.com\/2024\/10\/el-cb-ifach-calpe-te-lobjectiu-de-guanyar-al-cbc-campello\/"},"wordCount":238,"commentCount":0,"publisher":{"@id":"https:\/\/radiolitoral.com\/#organization"},"image":{"@id":"https:\/\/radiolitoral.com\/2024\/10\/el-cb-ifach-calpe-te-lobjectiu-de-guanyar-al-cbc-campello\/#primaryimage"},"thumbnailUrl":"https:\/\/media.radiolitoral.com\/wp-content\/uploads\/2024\/10\/18104343\/Jugadores-del-CBC-Campello-en-rebote-defensivo.jpg","keywords":["CB Elda","CB Ifach Calpe","CBC Campello","deportes","Kike\u00a0Valle"],"articleSection":["Deportes"],"inLanguage":"ca","potentialAction":[{"@type":"CommentAction","name":"Comment","target":["https:\/\/radiolitoral.com\/2024\/10\/el-cb-ifach-calpe-te-lobjectiu-de-guanyar-al-cbc-campello\/#respond"]}]},{"@type":["WebPage","ItemPage"],"@id":"https:\/\/radiolitoral.com\/2024\/10\/el-cb-ifach-calpe-te-lobjectiu-de-guanyar-al-cbc-campello\/","url":"https:\/\/radiolitoral.com\/2024\/10\/el-cb-ifach-calpe-te-lobjectiu-de-guanyar-al-cbc-campello\/","name":"El CB Ifach Calpe t\u00e9 l&#039;objectiu de guanyar el CBC Campello | R\u00e0dio Litoral","isPartOf":{"@id":"https:\/\/radiolitoral.com\/#website"},"primaryImageOfPage":{"@id":"https:\/\/radiolitoral.com\/2024\/10\/el-cb-ifach-calpe-te-lobjectiu-de-guanyar-al-cbc-campello\/#primaryimage"},"image":{"@id":"https:\/\/radiolitoral.com\/2024\/10\/el-cb-ifach-calpe-te-lobjectiu-de-guanyar-al-cbc-campello\/#primaryimage"},"thumbnailUrl":"https:\/\/media.radiolitoral.com\/wp-content\/uploads\/2024\/10\/18104343\/Jugadores-del-CBC-Campello-en-rebote-defensivo.jpg","datePublished":"2024-10-18T08:44:15+00:00","description":"Els calpins lluitaran per brindar el seu primer triomf de lliga a una afici\u00f3 que sempre est\u00e0 amb ellsEls calpins lluitaran per brindar el seu primer triomf de lliga a una afici\u00f3 que sempre est\u00e0 amb ells","breadcrumb":{"@id":"https:\/\/radiolitoral.com\/2024\/10\/el-cb-ifach-calpe-te-lobjectiu-de-guanyar-al-cbc-campello\/#breadcrumb"},"inLanguage":"ca","potentialAction":[{"@type":"ReadAction","target":["https:\/\/radiolitoral.com\/2024\/10\/el-cb-ifach-calpe-te-lobjectiu-de-guanyar-al-cbc-campello\/"]}]},{"@type":"ImageObject","inLanguage":"ca","@id":"https:\/\/radiolitoral.com\/2024\/10\/el-cb-ifach-calpe-te-lobjectiu-de-guanyar-al-cbc-campello\/#primaryimage","url":"https:\/\/media.radiolitoral.com\/wp-content\/uploads\/2024\/10\/18104343\/Jugadores-del-CBC-Campello-en-rebote-defensivo.jpg","contentUrl":"https:\/\/media.radiolitoral.com\/wp-content\/uploads\/2024\/10\/18104343\/Jugadores-del-CBC-Campello-en-rebote-defensivo.jpg","width":1024,"height":683},{"@type":"BreadcrumbList","@id":"https:\/\/radiolitoral.com\/2024\/10\/el-cb-ifach-calpe-te-lobjectiu-de-guanyar-al-cbc-campello\/#breadcrumb","itemListElement":[{"@type":"ListItem","position":1,"name":"Portada","item":"https:\/\/radiolitoral.com\/"},{"@type":"ListItem","position":2,"name":"El CB Ifach Calpe t\u00e9 l&#8217;objectiu de guanyar al CBC Campello"}]},{"@type":"WebSite","@id":"https:\/\/radiolitoral.com\/#website","url":"https:\/\/radiolitoral.com\/","name":"R\u00e0dio Litoral","description":"La r\u00e0dio local de la Marina Alta","publisher":{"@id":"https:\/\/radiolitoral.com\/#organization"},"alternateName":"Litoral FM","potentialAction":[{"@type":"SearchAction","target":{"@type":"EntryPoint","urlTemplate":"https:\/\/radiolitoral.com\/?s={search_term_string}"},"query-input":{"@type":"PropertyValueSpecification","valueRequired":true,"valueName":"search_term_string"}}],"inLanguage":"ca"},{"@type":"Organization","@id":"https:\/\/radiolitoral.com\/#organization","name":"R\u00e0dio Litoral","url":"https:\/\/radiolitoral.com\/","logo":{"@type":"ImageObject","inLanguage":"ca","@id":"https:\/\/radiolitoral.com\/#\/schema\/logo\/image\/","url":"https:\/\/media.radiolitoral.com\/wp-content\/uploads\/2023\/02\/24143238\/CL-V-RadioLitoral696.png","contentUrl":"https:\/\/media.radiolitoral.com\/wp-content\/uploads\/2023\/02\/24143238\/CL-V-RadioLitoral696.png","width":696,"height":696,"caption":"Radio Litoral"},"image":{"@id":"https:\/\/radiolitoral.com\/#\/schema\/logo\/image\/"},"sameAs":["https:\/\/www.facebook.com\/Laradiolitoral\/"]},{"@type":"Person","@id":"https:\/\/radiolitoral.com\/#\/schema\/person\/7b1480b5caeb5acdd4ec6379caf62b22","name":"Javier Zamora","image":{"@type":"ImageObject","inLanguage":"ca","@id":"https:\/\/secure.gravatar.com\/avatar\/467a11f6918c7d619c4043fc6fa2d3853053107973f05b6e9c04ea6c4e3a7b3f?s=96&d=mm&r=g","url":"https:\/\/secure.gravatar.com\/avatar\/467a11f6918c7d619c4043fc6fa2d3853053107973f05b6e9c04ea6c4e3a7b3f?s=96&d=mm&r=g","contentUrl":"https:\/\/secure.gravatar.com\/avatar\/467a11f6918c7d619c4043fc6fa2d3853053107973f05b6e9c04ea6c4e3a7b3f?s=96&d=mm&r=g","caption":"Javier Zamora"},"url":"https:\/\/radiolitoral.com\/ca\/author\/javier-zamora\/"}]}},"_links":{"self":[{"href":"https:\/\/radiolitoral.com\/ca\/wp-json\/wp\/v2\/posts\/12456","targetHints":{"allow":["GET"]}}],"collection":[{"href":"https:\/\/radiolitoral.com\/ca\/wp-json\/wp\/v2\/posts"}],"about":[{"href":"https:\/\/radiolitoral.com\/ca\/wp-json\/wp\/v2\/types\/post"}],"author":[{"embeddable":true,"href":"https:\/\/radiolitoral.com\/ca\/wp-json\/wp\/v2\/users\/12"}],"replies":[{"embeddable":true,"href":"https:\/\/radiolitoral.com\/ca\/wp-json\/wp\/v2\/comments?post=12456"}],"version-history":[{"count":2,"href":"https:\/\/radiolitoral.com\/ca\/wp-json\/wp\/v2\/posts\/12456\/revisions"}],"predecessor-version":[{"id":12459,"href":"https:\/\/radiolitoral.com\/ca\/wp-json\/wp\/v2\/posts\/12456\/revisions\/12459"}],"wp:featuredmedia":[{"embeddable":true,"href":"https:\/\/radiolitoral.com\/ca\/wp-json\/wp\/v2\/media\/12457"}],"wp:attachment":[{"href":"https:\/\/radiolitoral.com\/ca\/wp-json\/wp\/v2\/media?parent=12456"}],"wp:term":[{"taxonomy":"category","embeddable":true,"href":"https:\/\/radiolitoral.com\/ca\/wp-json\/wp\/v2\/categories?post=12456"},{"taxonomy":"post_tag","embeddable":true,"href":"https:\/\/radiolitoral.com\/ca\/wp-json\/wp\/v2\/tags?post=12456"}],"curies":[{"name":"wp","href":"https:\/\/api.w.org\/{rel}","templated":true}]}}