{"id":12443,"date":"2024-10-17T15:56:53","date_gmt":"2024-10-17T13:56:53","guid":{"rendered":"https:\/\/radiolitoral.com\/?p=12443"},"modified":"2024-10-17T15:56:53","modified_gmt":"2024-10-17T13:56:53","slug":"nazari-cano-mhe-anat-adaptant-al-rock-roll-de-cada-epoca","status":"publish","type":"post","link":"https:\/\/radiolitoral.com\/ca\/2024\/10\/nazario-cano-mhe-anat-adaptant-al-rock-roll-de-cada-epoca\/","title":{"rendered":"Nazario Cano: \u00abM&#039;he anat adaptant el rock &amp; roll de cada \u00e8poca\u00bb"},"content":{"rendered":"<p>Amb un extens i cuidat programa d&#039;activitats, <strong>l&#039;Auditori Teulada Moraira<\/strong> prepara una nova edici\u00f3 d&#039;<strong>Alere Dolia<\/strong>, una mostra d&#039;enoturisme i gastronomia que celebrar\u00e0 el proper dissabte 19 d&#039;octubre. En aquesta ocasi\u00f3, el Xef Dolia 2024 ser\u00e0 <strong>Nazario Cano<\/strong>, xef executiu del projecte gastron\u00f2mic del grup Ritual de Terra Resort &amp; Spa a X\u00e0bia i Moraira. Un cociner d\u00b4arrel, amant dels sabors i cuina tradicional refinada.<\/p>\n<p>Cano ha comentat, per a l&#039;Informatiu de R\u00e0dio Litoral, que \u00ab\u00e9s un plaer estar en aquest projecte que veu b\u00e9 per expandir idees i donar a con\u00e8ixer el producte de la zona\u00bb. Amb el xef hem tractat algunes activitats preparades per a Alere Dolia, com el <strong>taller de cuina freda tradicional<\/strong>, que per explicar-ho ha volgut recordar \u00abel putxer les nostres mares, les nostres \u00e0vies, els brous i el sabor\u00bb.<\/p>\n<p>Sobre el <strong><em>showcooking<\/em><\/strong>, Cano usar\u00e0 <strong>productes aut\u00f2ctons<\/strong> per\u00f2 \u00abmolt elaborats\u00bb, com un <strong><em>mola castell\u00e0<\/em><\/strong> entre altres plats tradicionals per\u00f2 amb un toc de <em>tecno cuina<\/em>.<\/p>\n<p>Podeu escortar l&#039;entrevista al complet aqu\u00ed.<\/p>\n<audio class=\"wp-audio-shortcode\" id=\"audio-12443-1\" preload=\"none\" style=\"width: 100%;\" controls=\"controls\"><source type=\"audio\/mpeg\" src=\"https:\/\/media.radiolitoral.com\/wp-content\/uploads\/2024\/10\/17155635\/ENTREVISTA-NAZARIO-CANO-ALERE-DOLIA.mp3?_=1\" \/><a href=\"https:\/\/media.radiolitoral.com\/wp-content\/uploads\/2024\/10\/17155635\/ENTREVISTA-NAZARIO-CANO-ALERE-DOLIA.mp3\">https:\/\/media.radiolitoral.com\/wp-content\/uploads\/2024\/10\/17155635\/ENTREVISTA-NAZARIO-CANO-ALERE-DOLIA.mp3<\/a><\/audio>","protected":false},"excerpt":{"rendered":"<p>Amb un extens i cuidat programa d&#8217;activitats, l&#8217;Auditori Teulada Moraira prepara una nova edici\u00f3 d&#8217;Alere Dolia, una mostra d&#8217;enoturismo i gastronomia que celebrar\u00e0 el\u00a0pr\u00f2xim dissabte 19 d&#8217;octubre. En esta ocasi\u00f3, el Xef Dolia 2024 ser\u00e0 Nazario Cano, xef executiu del projecte gastron\u00f2mic del grup Ritual de Terra Resort &amp; Spa a X\u00e0bia i Moraira. Un [&#8230;]<\/p>\n<p><a class=\"btn btn-secondary understrap-read-more-link\" href=\"https:\/\/radiolitoral.com\/ca\/2024\/10\/nazario-cano-mhe-anat-adaptant-al-rock-roll-de-cada-epoca\/\">Continua llegint&#8230;<span class=\"screen-reader-text\"> from Nazario Cano: \u00abM&#8217;he anat adaptant al &#8216;rock &#038; roll&#8217; de cada \u00e8poca\u00bb<\/span><\/a><\/p>\n","protected":false},"author":14,"featured_media":12444,"comment_status":"open","ping_status":"closed","sticky":false,"template":"","format":"standard","meta":{"_acf_changed":false,"inline_featured_image":false,"footnotes":""},"categories":[549],"tags":[2476,590,2349],"class_list":["post-12443","post","type-post","status-publish","format-standard","has-post-thumbnail","hentry","category-gastronomia","tag-alere-dolia","tag-gastronomia","tag-nazario-cano","cobertura-teulada-moraira"],"acf":[],"yoast_head":"<!-- This site is optimized with the Yoast SEO plugin v27.5 - https:\/\/yoast.com\/product\/yoast-seo-wordpress\/ -->\n<title>Nazario Cano: &quot;M&#039;he anat adaptant al &#039;rock &amp; roll&#039; de cada \u00e8poca&quot; | R\u00e0dio Litoral<\/title>\n<meta name=\"description\" content=\"El chef participar\u00e0 al Alere Dolia amb un showcooking i un taller de cuina tradicional\" \/>\n<meta name=\"robots\" content=\"index, follow, max-snippet:-1, max-image-preview:large, max-video-preview:-1\" \/>\n<link rel=\"canonical\" href=\"https:\/\/radiolitoral.com\/ca\/2024\/10\/nazari-cano-mhe-anat-adaptant-al-rock-roll-de-cada-epoca\/\" \/>\n<meta property=\"og:locale\" content=\"ca_ES\" \/>\n<meta property=\"og:type\" content=\"article\" \/>\n<meta property=\"og:title\" content=\"Nazario Cano: &quot;M&#039;he anat adaptant al &#039;rock &amp; roll&#039; de cada \u00e8poca&quot; | R\u00e0dio Litoral\" \/>\n<meta property=\"og:description\" content=\"El chef participar\u00e0 al Alere Dolia amb un showcooking i un taller de cuina tradicional\" \/>\n<meta property=\"og:url\" content=\"https:\/\/radiolitoral.com\/ca\/2024\/10\/nazari-cano-mhe-anat-adaptant-al-rock-roll-de-cada-epoca\/\" \/>\n<meta property=\"og:site_name\" content=\"R\u00e0dio Litoral\" \/>\n<meta property=\"article:publisher\" content=\"https:\/\/www.facebook.com\/Laradiolitoral\/\" \/>\n<meta property=\"article:published_time\" content=\"2024-10-17T13:56:53+00:00\" \/>\n<meta property=\"og:image\" content=\"https:\/\/media.radiolitoral.com\/wp-content\/uploads\/2024\/10\/17152813\/Nazario-Cano.jpeg\" \/>\n\t<meta property=\"og:image:width\" content=\"1600\" \/>\n\t<meta property=\"og:image:height\" content=\"900\" \/>\n\t<meta property=\"og:image:type\" content=\"image\/jpeg\" \/>\n<meta name=\"author\" content=\"Redacci\u00f3n\" \/>\n<meta name=\"twitter:card\" content=\"summary_large_image\" \/>\n<meta name=\"twitter:label1\" content=\"Escrit per\" \/>\n\t<meta name=\"twitter:data1\" content=\"Redacci\u00f3n\" \/>\n\t<meta name=\"twitter:label2\" content=\"Temps estimat de lectura\" \/>\n\t<meta name=\"twitter:data2\" content=\"2 minuts\" \/>\n<script type=\"application\/ld+json\" class=\"yoast-schema-graph\">{\"@context\":\"https:\\\/\\\/schema.org\",\"@graph\":[{\"@type\":\"NewsArticle\",\"@id\":\"https:\\\/\\\/radiolitoral.com\\\/2024\\\/10\\\/nazario-cano-mhe-anat-adaptant-al-rock-roll-de-cada-epoca\\\/#article\",\"isPartOf\":{\"@id\":\"https:\\\/\\\/radiolitoral.com\\\/2024\\\/10\\\/nazario-cano-mhe-anat-adaptant-al-rock-roll-de-cada-epoca\\\/\"},\"author\":{\"name\":\"Redacci\u00f3n\",\"@id\":\"https:\\\/\\\/radiolitoral.com\\\/#\\\/schema\\\/person\\\/96b739642eb3bedb532aac3812d23307\"},\"headline\":\"Nazario Cano: \u00abM&#8217;he anat adaptant al &#8216;rock &#038; roll&#8217; de cada \u00e8poca\u00bb\",\"datePublished\":\"2024-10-17T13:56:53+00:00\",\"mainEntityOfPage\":{\"@id\":\"https:\\\/\\\/radiolitoral.com\\\/2024\\\/10\\\/nazario-cano-mhe-anat-adaptant-al-rock-roll-de-cada-epoca\\\/\"},\"wordCount\":203,\"commentCount\":0,\"publisher\":{\"@id\":\"https:\\\/\\\/radiolitoral.com\\\/#organization\"},\"image\":{\"@id\":\"https:\\\/\\\/radiolitoral.com\\\/2024\\\/10\\\/nazario-cano-mhe-anat-adaptant-al-rock-roll-de-cada-epoca\\\/#primaryimage\"},\"thumbnailUrl\":\"https:\\\/\\\/media.radiolitoral.com\\\/wp-content\\\/uploads\\\/2024\\\/10\\\/17152813\\\/Nazario-Cano.jpeg\",\"keywords\":[\"Alere Dolia\",\"gastronom\u00eda\",\"Nazario\u00a0Cano\"],\"articleSection\":[\"Gastronom\u00eda\"],\"inLanguage\":\"ca\",\"potentialAction\":[{\"@type\":\"CommentAction\",\"name\":\"Comment\",\"target\":[\"https:\\\/\\\/radiolitoral.com\\\/2024\\\/10\\\/nazario-cano-mhe-anat-adaptant-al-rock-roll-de-cada-epoca\\\/#respond\"]}]},{\"@type\":[\"WebPage\",\"ItemPage\"],\"@id\":\"https:\\\/\\\/radiolitoral.com\\\/2024\\\/10\\\/nazario-cano-mhe-anat-adaptant-al-rock-roll-de-cada-epoca\\\/\",\"url\":\"https:\\\/\\\/radiolitoral.com\\\/2024\\\/10\\\/nazario-cano-mhe-anat-adaptant-al-rock-roll-de-cada-epoca\\\/\",\"name\":\"Nazario Cano: \\\"M'he anat adaptant al 'rock & roll' de cada \u00e8poca\\\" | R\u00e0dio Litoral\",\"isPartOf\":{\"@id\":\"https:\\\/\\\/radiolitoral.com\\\/#website\"},\"primaryImageOfPage\":{\"@id\":\"https:\\\/\\\/radiolitoral.com\\\/2024\\\/10\\\/nazario-cano-mhe-anat-adaptant-al-rock-roll-de-cada-epoca\\\/#primaryimage\"},\"image\":{\"@id\":\"https:\\\/\\\/radiolitoral.com\\\/2024\\\/10\\\/nazario-cano-mhe-anat-adaptant-al-rock-roll-de-cada-epoca\\\/#primaryimage\"},\"thumbnailUrl\":\"https:\\\/\\\/media.radiolitoral.com\\\/wp-content\\\/uploads\\\/2024\\\/10\\\/17152813\\\/Nazario-Cano.jpeg\",\"datePublished\":\"2024-10-17T13:56:53+00:00\",\"description\":\"El chef participar\u00e0 al Alere Dolia amb un showcooking i un taller de cuina tradicional\",\"breadcrumb\":{\"@id\":\"https:\\\/\\\/radiolitoral.com\\\/2024\\\/10\\\/nazario-cano-mhe-anat-adaptant-al-rock-roll-de-cada-epoca\\\/#breadcrumb\"},\"inLanguage\":\"ca\",\"potentialAction\":[{\"@type\":\"ReadAction\",\"target\":[\"https:\\\/\\\/radiolitoral.com\\\/2024\\\/10\\\/nazario-cano-mhe-anat-adaptant-al-rock-roll-de-cada-epoca\\\/\"]}]},{\"@type\":\"ImageObject\",\"inLanguage\":\"ca\",\"@id\":\"https:\\\/\\\/radiolitoral.com\\\/2024\\\/10\\\/nazario-cano-mhe-anat-adaptant-al-rock-roll-de-cada-epoca\\\/#primaryimage\",\"url\":\"https:\\\/\\\/media.radiolitoral.com\\\/wp-content\\\/uploads\\\/2024\\\/10\\\/17152813\\\/Nazario-Cano.jpeg\",\"contentUrl\":\"https:\\\/\\\/media.radiolitoral.com\\\/wp-content\\\/uploads\\\/2024\\\/10\\\/17152813\\\/Nazario-Cano.jpeg\",\"width\":1600,\"height\":900},{\"@type\":\"BreadcrumbList\",\"@id\":\"https:\\\/\\\/radiolitoral.com\\\/2024\\\/10\\\/nazario-cano-mhe-anat-adaptant-al-rock-roll-de-cada-epoca\\\/#breadcrumb\",\"itemListElement\":[{\"@type\":\"ListItem\",\"position\":1,\"name\":\"Portada\",\"item\":\"https:\\\/\\\/radiolitoral.com\\\/\"},{\"@type\":\"ListItem\",\"position\":2,\"name\":\"Nazario Cano: \u00abM&#8217;he anat adaptant al &#8216;rock &#038; roll&#8217; de cada \u00e8poca\u00bb\"}]},{\"@type\":\"WebSite\",\"@id\":\"https:\\\/\\\/radiolitoral.com\\\/#website\",\"url\":\"https:\\\/\\\/radiolitoral.com\\\/\",\"name\":\"Radio Litoral\",\"description\":\"La radio local de la Marina Alta\",\"publisher\":{\"@id\":\"https:\\\/\\\/radiolitoral.com\\\/#organization\"},\"alternateName\":\"Litoral FM\",\"potentialAction\":[{\"@type\":\"SearchAction\",\"target\":{\"@type\":\"EntryPoint\",\"urlTemplate\":\"https:\\\/\\\/radiolitoral.com\\\/?s={search_term_string}\"},\"query-input\":{\"@type\":\"PropertyValueSpecification\",\"valueRequired\":true,\"valueName\":\"search_term_string\"}}],\"inLanguage\":\"ca\"},{\"@type\":\"Organization\",\"@id\":\"https:\\\/\\\/radiolitoral.com\\\/#organization\",\"name\":\"Radio Litoral\",\"url\":\"https:\\\/\\\/radiolitoral.com\\\/\",\"logo\":{\"@type\":\"ImageObject\",\"inLanguage\":\"ca\",\"@id\":\"https:\\\/\\\/radiolitoral.com\\\/#\\\/schema\\\/logo\\\/image\\\/\",\"url\":\"https:\\\/\\\/media.radiolitoral.com\\\/wp-content\\\/uploads\\\/2023\\\/02\\\/24143238\\\/CL-V-RadioLitoral696.png\",\"contentUrl\":\"https:\\\/\\\/media.radiolitoral.com\\\/wp-content\\\/uploads\\\/2023\\\/02\\\/24143238\\\/CL-V-RadioLitoral696.png\",\"width\":696,\"height\":696,\"caption\":\"Radio Litoral\"},\"image\":{\"@id\":\"https:\\\/\\\/radiolitoral.com\\\/#\\\/schema\\\/logo\\\/image\\\/\"},\"sameAs\":[\"https:\\\/\\\/www.facebook.com\\\/Laradiolitoral\\\/\"]},{\"@type\":\"Person\",\"@id\":\"https:\\\/\\\/radiolitoral.com\\\/#\\\/schema\\\/person\\\/96b739642eb3bedb532aac3812d23307\",\"name\":\"Redacci\u00f3n\",\"image\":{\"@type\":\"ImageObject\",\"inLanguage\":\"ca\",\"@id\":\"https:\\\/\\\/secure.gravatar.com\\\/avatar\\\/30cd06129ee90411dd9c7cbdcf17464181d1a3c7b072e92070ea75a25cf0097e?s=96&d=mm&r=g\",\"url\":\"https:\\\/\\\/secure.gravatar.com\\\/avatar\\\/30cd06129ee90411dd9c7cbdcf17464181d1a3c7b072e92070ea75a25cf0097e?s=96&d=mm&r=g\",\"contentUrl\":\"https:\\\/\\\/secure.gravatar.com\\\/avatar\\\/30cd06129ee90411dd9c7cbdcf17464181d1a3c7b072e92070ea75a25cf0097e?s=96&d=mm&r=g\",\"caption\":\"Redacci\u00f3n\"},\"url\":\"https:\\\/\\\/radiolitoral.com\\\/ca\\\/author\\\/kevin-carrio\\\/\"}]}<\/script>\n<!-- \/ Yoast SEO plugin. -->","yoast_head_json":{"title":"Nazario Cano: &quot;M&#039;he anat adaptant el rock &amp; roll de cada \u00e8poca&quot; | R\u00e0dio Litoral","description":"El xef participar\u00e0 a l&#039;Alere Dolia amb un showcooking i un taller de cuina tradicional","robots":{"index":"index","follow":"follow","max-snippet":"max-snippet:-1","max-image-preview":"max-image-preview:large","max-video-preview":"max-video-preview:-1"},"canonical":"https:\/\/radiolitoral.com\/ca\/2024\/10\/nazari-cano-mhe-anat-adaptant-al-rock-roll-de-cada-epoca\/","og_locale":"ca_ES","og_type":"article","og_title":"Nazario Cano: \"M'he anat adaptant al 'rock & roll' de cada \u00e8poca\" | R\u00e0dio Litoral","og_description":"El chef participar\u00e0 al Alere Dolia amb un showcooking i un taller de cuina tradicional","og_url":"https:\/\/radiolitoral.com\/ca\/2024\/10\/nazari-cano-mhe-anat-adaptant-al-rock-roll-de-cada-epoca\/","og_site_name":"R\u00e0dio Litoral","article_publisher":"https:\/\/www.facebook.com\/Laradiolitoral\/","article_published_time":"2024-10-17T13:56:53+00:00","og_image":[{"width":1600,"height":900,"url":"https:\/\/media.radiolitoral.com\/wp-content\/uploads\/2024\/10\/17152813\/Nazario-Cano.jpeg","type":"image\/jpeg"}],"author":"Redacci\u00f3n","twitter_card":"summary_large_image","twitter_misc":{"Escrit per":"Redacci\u00f3n","Temps estimat de lectura":"2 minuts"},"schema":{"@context":"https:\/\/schema.org","@graph":[{"@type":"NewsArticle","@id":"https:\/\/radiolitoral.com\/2024\/10\/nazario-cano-mhe-anat-adaptant-al-rock-roll-de-cada-epoca\/#article","isPartOf":{"@id":"https:\/\/radiolitoral.com\/2024\/10\/nazario-cano-mhe-anat-adaptant-al-rock-roll-de-cada-epoca\/"},"author":{"name":"Redacci\u00f3n","@id":"https:\/\/radiolitoral.com\/#\/schema\/person\/96b739642eb3bedb532aac3812d23307"},"headline":"Nazario Cano: \u00abM&#8217;he anat adaptant al &#8216;rock &#038; roll&#8217; de cada \u00e8poca\u00bb","datePublished":"2024-10-17T13:56:53+00:00","mainEntityOfPage":{"@id":"https:\/\/radiolitoral.com\/2024\/10\/nazario-cano-mhe-anat-adaptant-al-rock-roll-de-cada-epoca\/"},"wordCount":203,"commentCount":0,"publisher":{"@id":"https:\/\/radiolitoral.com\/#organization"},"image":{"@id":"https:\/\/radiolitoral.com\/2024\/10\/nazario-cano-mhe-anat-adaptant-al-rock-roll-de-cada-epoca\/#primaryimage"},"thumbnailUrl":"https:\/\/media.radiolitoral.com\/wp-content\/uploads\/2024\/10\/17152813\/Nazario-Cano.jpeg","keywords":["Alere Dolia","gastronom\u00eda","Nazario\u00a0Cano"],"articleSection":["Gastronom\u00eda"],"inLanguage":"ca","potentialAction":[{"@type":"CommentAction","name":"Comment","target":["https:\/\/radiolitoral.com\/2024\/10\/nazario-cano-mhe-anat-adaptant-al-rock-roll-de-cada-epoca\/#respond"]}]},{"@type":["WebPage","ItemPage"],"@id":"https:\/\/radiolitoral.com\/2024\/10\/nazario-cano-mhe-anat-adaptant-al-rock-roll-de-cada-epoca\/","url":"https:\/\/radiolitoral.com\/2024\/10\/nazario-cano-mhe-anat-adaptant-al-rock-roll-de-cada-epoca\/","name":"Nazario Cano: &quot;M&#039;he anat adaptant el rock &amp; roll de cada \u00e8poca&quot; | R\u00e0dio Litoral","isPartOf":{"@id":"https:\/\/radiolitoral.com\/#website"},"primaryImageOfPage":{"@id":"https:\/\/radiolitoral.com\/2024\/10\/nazario-cano-mhe-anat-adaptant-al-rock-roll-de-cada-epoca\/#primaryimage"},"image":{"@id":"https:\/\/radiolitoral.com\/2024\/10\/nazario-cano-mhe-anat-adaptant-al-rock-roll-de-cada-epoca\/#primaryimage"},"thumbnailUrl":"https:\/\/media.radiolitoral.com\/wp-content\/uploads\/2024\/10\/17152813\/Nazario-Cano.jpeg","datePublished":"2024-10-17T13:56:53+00:00","description":"El xef participar\u00e0 a l&#039;Alere Dolia amb un showcooking i un taller de cuina tradicional","breadcrumb":{"@id":"https:\/\/radiolitoral.com\/2024\/10\/nazario-cano-mhe-anat-adaptant-al-rock-roll-de-cada-epoca\/#breadcrumb"},"inLanguage":"ca","potentialAction":[{"@type":"ReadAction","target":["https:\/\/radiolitoral.com\/2024\/10\/nazario-cano-mhe-anat-adaptant-al-rock-roll-de-cada-epoca\/"]}]},{"@type":"ImageObject","inLanguage":"ca","@id":"https:\/\/radiolitoral.com\/2024\/10\/nazario-cano-mhe-anat-adaptant-al-rock-roll-de-cada-epoca\/#primaryimage","url":"https:\/\/media.radiolitoral.com\/wp-content\/uploads\/2024\/10\/17152813\/Nazario-Cano.jpeg","contentUrl":"https:\/\/media.radiolitoral.com\/wp-content\/uploads\/2024\/10\/17152813\/Nazario-Cano.jpeg","width":1600,"height":900},{"@type":"BreadcrumbList","@id":"https:\/\/radiolitoral.com\/2024\/10\/nazario-cano-mhe-anat-adaptant-al-rock-roll-de-cada-epoca\/#breadcrumb","itemListElement":[{"@type":"ListItem","position":1,"name":"Portada","item":"https:\/\/radiolitoral.com\/"},{"@type":"ListItem","position":2,"name":"Nazario Cano: \u00abM&#8217;he anat adaptant al &#8216;rock &#038; roll&#8217; de cada \u00e8poca\u00bb"}]},{"@type":"WebSite","@id":"https:\/\/radiolitoral.com\/#website","url":"https:\/\/radiolitoral.com\/","name":"R\u00e0dio Litoral","description":"La r\u00e0dio local de la Marina Alta","publisher":{"@id":"https:\/\/radiolitoral.com\/#organization"},"alternateName":"Litoral FM","potentialAction":[{"@type":"SearchAction","target":{"@type":"EntryPoint","urlTemplate":"https:\/\/radiolitoral.com\/?s={search_term_string}"},"query-input":{"@type":"PropertyValueSpecification","valueRequired":true,"valueName":"search_term_string"}}],"inLanguage":"ca"},{"@type":"Organization","@id":"https:\/\/radiolitoral.com\/#organization","name":"R\u00e0dio Litoral","url":"https:\/\/radiolitoral.com\/","logo":{"@type":"ImageObject","inLanguage":"ca","@id":"https:\/\/radiolitoral.com\/#\/schema\/logo\/image\/","url":"https:\/\/media.radiolitoral.com\/wp-content\/uploads\/2023\/02\/24143238\/CL-V-RadioLitoral696.png","contentUrl":"https:\/\/media.radiolitoral.com\/wp-content\/uploads\/2023\/02\/24143238\/CL-V-RadioLitoral696.png","width":696,"height":696,"caption":"Radio Litoral"},"image":{"@id":"https:\/\/radiolitoral.com\/#\/schema\/logo\/image\/"},"sameAs":["https:\/\/www.facebook.com\/Laradiolitoral\/"]},{"@type":"Person","@id":"https:\/\/radiolitoral.com\/#\/schema\/person\/96b739642eb3bedb532aac3812d23307","name":"Redacci\u00f3","image":{"@type":"ImageObject","inLanguage":"ca","@id":"https:\/\/secure.gravatar.com\/avatar\/30cd06129ee90411dd9c7cbdcf17464181d1a3c7b072e92070ea75a25cf0097e?s=96&d=mm&r=g","url":"https:\/\/secure.gravatar.com\/avatar\/30cd06129ee90411dd9c7cbdcf17464181d1a3c7b072e92070ea75a25cf0097e?s=96&d=mm&r=g","contentUrl":"https:\/\/secure.gravatar.com\/avatar\/30cd06129ee90411dd9c7cbdcf17464181d1a3c7b072e92070ea75a25cf0097e?s=96&d=mm&r=g","caption":"Redacci\u00f3n"},"url":"https:\/\/radiolitoral.com\/ca\/author\/kevin-carrio\/"}]}},"_links":{"self":[{"href":"https:\/\/radiolitoral.com\/ca\/wp-json\/wp\/v2\/posts\/12443","targetHints":{"allow":["GET"]}}],"collection":[{"href":"https:\/\/radiolitoral.com\/ca\/wp-json\/wp\/v2\/posts"}],"about":[{"href":"https:\/\/radiolitoral.com\/ca\/wp-json\/wp\/v2\/types\/post"}],"author":[{"embeddable":true,"href":"https:\/\/radiolitoral.com\/ca\/wp-json\/wp\/v2\/users\/14"}],"replies":[{"embeddable":true,"href":"https:\/\/radiolitoral.com\/ca\/wp-json\/wp\/v2\/comments?post=12443"}],"version-history":[{"count":1,"href":"https:\/\/radiolitoral.com\/ca\/wp-json\/wp\/v2\/posts\/12443\/revisions"}],"predecessor-version":[{"id":12446,"href":"https:\/\/radiolitoral.com\/ca\/wp-json\/wp\/v2\/posts\/12443\/revisions\/12446"}],"wp:featuredmedia":[{"embeddable":true,"href":"https:\/\/radiolitoral.com\/ca\/wp-json\/wp\/v2\/media\/12444"}],"wp:attachment":[{"href":"https:\/\/radiolitoral.com\/ca\/wp-json\/wp\/v2\/media?parent=12443"}],"wp:term":[{"taxonomy":"category","embeddable":true,"href":"https:\/\/radiolitoral.com\/ca\/wp-json\/wp\/v2\/categories?post=12443"},{"taxonomy":"post_tag","embeddable":true,"href":"https:\/\/radiolitoral.com\/ca\/wp-json\/wp\/v2\/tags?post=12443"}],"curies":[{"name":"wp","href":"https:\/\/api.w.org\/{rel}","templated":true}]}}