{"id":1244,"date":"2023-03-13T14:12:38","date_gmt":"2023-03-13T13:12:38","guid":{"rendered":"https:\/\/radiolitoral.com\/?p=1244"},"modified":"2023-03-13T14:37:26","modified_gmt":"2023-03-13T13:37:26","slug":"calp-renoves-la-imatge-urbana-substituint-material-deteriorat-i-modernitzar-el-mobiliari","status":"publish","type":"post","link":"https:\/\/radiolitoral.com\/ca\/2023\/03\/calp-renovara-la-imagen-urbana-sustituyendo-material-deteriorado-y-modernizar-el-mobiliario\/","title":{"rendered":"Calp canviar\u00e0 la imatge urbana substituint material deteriorat i modernitzant el mobiliari"},"content":{"rendered":"<p>El <strong>Ajuntament de Calp<\/strong> ha publicat a la <strong>plataforma de contractaci\u00f3 de l&#039;estat la licitaci\u00f3 de dos contractes<\/strong> amb un valor total de <strong>353.725 \u20ac<\/strong>. Es tracta per una banda de la contractaci\u00f3 de <strong>subministrament de mobiliari urb\u00e0<\/strong> amb tres lots diferents (<strong>vies p\u00fabliques, parcs i jardins i gimn\u00e0s urb\u00e0<\/strong>) amb un preu total de<strong> 200.860 \u20ac<\/strong> i per altra banda la <strong>contractaci\u00f3 de subministrament de fanals<\/strong> i altres elements de decoraci\u00f3 amb tres lots diferents (<strong>columnes i llumin\u00e0ries, decoraci\u00f3 i radars pedag\u00f2gics<\/strong>) per un valor total de <strong>152.865 \u20ac<\/strong>. El termini de presentaci\u00f3 dofertes dels sis lots finalitza el 24 de mar\u00e7.<\/p>\n<p>En el contracte del subministrament de mobiliari urb\u00e0 lot un s&#039;inclou diversos tipus de papereres, bancs, jardineres de mida diferent i caracter\u00edstiques i testos; el lot dos est\u00e0 destinat a parcs i jardins es compon de papereres, taules de diferents caracter\u00edstiques, sorrals i bancs; i el lot tres compta amb un caminador el\u00b7l\u00edptic, un caminador en suspensi\u00f3, banc d&#039;abdominals, bicicleta de bra\u00e7os i banc de pedals. Es tracta d&#039;un gimn\u00e0s urb\u00e0 que substituir\u00e0 el ja existent al passeig mar\u00edtim i que est\u00e0 deteriorat pel temps i la seva exposici\u00f3 a la intemp\u00e8rie.<\/p>\n<p>Quant al contracte de il\u00b7luminaci\u00f3, el lot un inclou 38 columnes, 16 llumin\u00e0ries, 68 fanals, 8 conjunts led, 4 llumin\u00e0ries c\u00f2niques, 10 projectors amb tractament mar\u00ed per als passejos i 20 elements per a viari p\u00fablic. El lot dos s\u00f3n elements lum\u00ednics de decoraci\u00f3 com garlandes, cortines led o connectors i el lot tres fa refer\u00e8ncia a 6 unitats de radar pedag\u00f2gic com els tres ja instal\u00b7lats a les avingudes Ex\u00e8rcits Espanyols, Joan Carles I i Diputaci\u00f3.<\/p>\n<p>Amb aix\u00f2 es pret\u00e9n <strong>renovar la imatge urbana del municipi, substituir el material deteriorat i modernitzar alguns aspectes del mobiliari urb\u00e0<\/strong>. Sobre aix\u00f2 l&#039;alcaldessa, Ana Sala, ha assenyalat que \u00abl&#039;Ajuntament de Calp est\u00e0 invertint per millorar la imatge del municipi, surten a licitaci\u00f3 dos contractes importants de m\u00e9s de 300.000 \u20ac, un per comprar mobiliari, jardineres, bancs, papereres, un gimn\u00e0s urb\u00e0, etc. L?altre contracte \u00e9s per adquirir, sobretot, llumin\u00e0ries i material el\u00e8ctric, decoraci\u00f3 lum\u00ednica i sis radars pedag\u00f2gics, no sancionadors\u00bb.<\/p>\n<p>Aquest mat\u00ed operaris dels Serveis generals han instal\u00b7lat un aparca bicis a la pla\u00e7a Col\u00f3n fabricat per les mateixes brigades a partir de material reciclat provinent de tanques p\u00fabliques en des\u00fas.<\/p>","protected":false},"excerpt":{"rendered":"<p>El Ayuntamiento de Calp ha publicado en la plataforma de contrataci\u00f3n del estado la licitaci\u00f3n de dos contratos con un valor total de 353.725 \u20ac. Se trata por un lado de la contrataci\u00f3n de suministro de mobiliario urbano con tres lotes distintos (v\u00edas p\u00fablicas, parques y jardines y gimnasio urbano) con un precio total de [&#8230;]<\/p>\n<p><a class=\"btn btn-secondary understrap-read-more-link\" href=\"https:\/\/radiolitoral.com\/ca\/2023\/03\/calp-renovara-la-imagen-urbana-sustituyendo-material-deteriorado-y-modernizar-el-mobiliario\/\">Continua llegint&#8230;<span class=\"screen-reader-text\"> from Calp cambiar\u00e1 la imagen urbana sustituyendo material deteriorado y modernizando el mobiliario<\/span><\/a><\/p>\n","protected":false},"author":21,"featured_media":1246,"comment_status":"open","ping_status":"closed","sticky":false,"template":"","format":"standard","meta":{"_acf_changed":false,"inline_featured_image":false,"footnotes":""},"categories":[85],"tags":[122,123,182],"class_list":["post-1244","post","type-post","status-publish","format-standard","has-post-thumbnail","hentry","category-servicios-publicos","tag-calp","tag-calpe","tag-obras-calp","cobertura-calp"],"acf":[],"yoast_head":"<!-- This site is optimized with the Yoast SEO plugin v27.5 - https:\/\/yoast.com\/product\/yoast-seo-wordpress\/ -->\n<title>Calp cambiar\u00e1 la imagen urbana sustituyendo material deteriorado y modernizando el mobiliario | R\u00e0dio Litoral<\/title>\n<meta name=\"description\" content=\"Salen a licitaci\u00f3n los contratos para comprar mobiliario, jardineras, bancos, papeleras, un gimnasio urbano y luminarias\" \/>\n<meta name=\"robots\" content=\"index, follow, max-snippet:-1, max-image-preview:large, max-video-preview:-1\" \/>\n<link rel=\"canonical\" href=\"https:\/\/radiolitoral.com\/ca\/2023\/03\/calp-renoves-la-imatge-urbana-substituint-material-deteriorat-i-modernitzar-el-mobiliari\/\" \/>\n<meta property=\"og:locale\" content=\"ca_ES\" \/>\n<meta property=\"og:type\" content=\"article\" \/>\n<meta property=\"og:title\" content=\"Calp cambiar\u00e1 la imagen urbana sustituyendo material deteriorado y modernizando el mobiliario | R\u00e0dio Litoral\" \/>\n<meta property=\"og:description\" content=\"Salen a licitaci\u00f3n los contratos para comprar mobiliario, jardineras, bancos, papeleras, un gimnasio urbano y luminarias\" \/>\n<meta property=\"og:url\" content=\"https:\/\/radiolitoral.com\/ca\/2023\/03\/calp-renoves-la-imatge-urbana-substituint-material-deteriorat-i-modernitzar-el-mobiliari\/\" \/>\n<meta property=\"og:site_name\" content=\"R\u00e0dio Litoral\" \/>\n<meta property=\"article:publisher\" content=\"https:\/\/www.facebook.com\/Laradiolitoral\/\" \/>\n<meta property=\"article:published_time\" content=\"2023-03-13T13:12:38+00:00\" \/>\n<meta property=\"article:modified_time\" content=\"2023-03-13T13:37:26+00:00\" \/>\n<meta property=\"og:image\" content=\"https:\/\/media.radiolitoral.com\/wp-content\/uploads\/2023\/03\/13141618\/calp.jpg\" \/>\n\t<meta property=\"og:image:width\" content=\"815\" \/>\n\t<meta property=\"og:image:height\" content=\"666\" \/>\n\t<meta property=\"og:image:type\" content=\"image\/jpeg\" \/>\n<meta name=\"author\" content=\"Mel Pescuezo\" \/>\n<meta name=\"twitter:card\" content=\"summary_large_image\" \/>\n<meta name=\"twitter:label1\" content=\"Escrit per\" \/>\n\t<meta name=\"twitter:data1\" content=\"Mel Pescuezo\" \/>\n\t<meta name=\"twitter:label2\" content=\"Temps estimat de lectura\" \/>\n\t<meta name=\"twitter:data2\" content=\"2 minuts\" \/>\n<script type=\"application\/ld+json\" class=\"yoast-schema-graph\">{\"@context\":\"https:\\\/\\\/schema.org\",\"@graph\":[{\"@type\":\"NewsArticle\",\"@id\":\"https:\\\/\\\/radiolitoral.com\\\/2023\\\/03\\\/calp-renovara-la-imagen-urbana-sustituyendo-material-deteriorado-y-modernizar-el-mobiliario\\\/#article\",\"isPartOf\":{\"@id\":\"https:\\\/\\\/radiolitoral.com\\\/2023\\\/03\\\/calp-renovara-la-imagen-urbana-sustituyendo-material-deteriorado-y-modernizar-el-mobiliario\\\/\"},\"author\":{\"name\":\"Mel Pescuezo\",\"@id\":\"https:\\\/\\\/radiolitoral.com\\\/#\\\/schema\\\/person\\\/aad4f72efa404f85b68e832d24cac059\"},\"headline\":\"Calp cambiar\u00e1 la imagen urbana sustituyendo material deteriorado y modernizando el mobiliario\",\"datePublished\":\"2023-03-13T13:12:38+00:00\",\"dateModified\":\"2023-03-13T13:37:26+00:00\",\"mainEntityOfPage\":{\"@id\":\"https:\\\/\\\/radiolitoral.com\\\/2023\\\/03\\\/calp-renovara-la-imagen-urbana-sustituyendo-material-deteriorado-y-modernizar-el-mobiliario\\\/\"},\"wordCount\":428,\"commentCount\":0,\"publisher\":{\"@id\":\"https:\\\/\\\/radiolitoral.com\\\/#organization\"},\"image\":{\"@id\":\"https:\\\/\\\/radiolitoral.com\\\/2023\\\/03\\\/calp-renovara-la-imagen-urbana-sustituyendo-material-deteriorado-y-modernizar-el-mobiliario\\\/#primaryimage\"},\"thumbnailUrl\":\"https:\\\/\\\/media.radiolitoral.com\\\/wp-content\\\/uploads\\\/2023\\\/03\\\/13141618\\\/calp.jpg\",\"keywords\":[\"Calp\",\"Calpe\",\"obras Calp\"],\"articleSection\":[\"Servicios P\u00fablicos\"],\"inLanguage\":\"ca\",\"potentialAction\":[{\"@type\":\"CommentAction\",\"name\":\"Comment\",\"target\":[\"https:\\\/\\\/radiolitoral.com\\\/2023\\\/03\\\/calp-renovara-la-imagen-urbana-sustituyendo-material-deteriorado-y-modernizar-el-mobiliario\\\/#respond\"]}]},{\"@type\":[\"WebPage\",\"ItemPage\"],\"@id\":\"https:\\\/\\\/radiolitoral.com\\\/2023\\\/03\\\/calp-renovara-la-imagen-urbana-sustituyendo-material-deteriorado-y-modernizar-el-mobiliario\\\/\",\"url\":\"https:\\\/\\\/radiolitoral.com\\\/2023\\\/03\\\/calp-renovara-la-imagen-urbana-sustituyendo-material-deteriorado-y-modernizar-el-mobiliario\\\/\",\"name\":\"Calp cambiar\u00e1 la imagen urbana sustituyendo material deteriorado y modernizando el mobiliario | R\u00e0dio Litoral\",\"isPartOf\":{\"@id\":\"https:\\\/\\\/radiolitoral.com\\\/#website\"},\"primaryImageOfPage\":{\"@id\":\"https:\\\/\\\/radiolitoral.com\\\/2023\\\/03\\\/calp-renovara-la-imagen-urbana-sustituyendo-material-deteriorado-y-modernizar-el-mobiliario\\\/#primaryimage\"},\"image\":{\"@id\":\"https:\\\/\\\/radiolitoral.com\\\/2023\\\/03\\\/calp-renovara-la-imagen-urbana-sustituyendo-material-deteriorado-y-modernizar-el-mobiliario\\\/#primaryimage\"},\"thumbnailUrl\":\"https:\\\/\\\/media.radiolitoral.com\\\/wp-content\\\/uploads\\\/2023\\\/03\\\/13141618\\\/calp.jpg\",\"datePublished\":\"2023-03-13T13:12:38+00:00\",\"dateModified\":\"2023-03-13T13:37:26+00:00\",\"description\":\"Salen a licitaci\u00f3n los contratos para comprar mobiliario, jardineras, bancos, papeleras, un gimnasio urbano y luminarias\",\"breadcrumb\":{\"@id\":\"https:\\\/\\\/radiolitoral.com\\\/2023\\\/03\\\/calp-renovara-la-imagen-urbana-sustituyendo-material-deteriorado-y-modernizar-el-mobiliario\\\/#breadcrumb\"},\"inLanguage\":\"ca\",\"potentialAction\":[{\"@type\":\"ReadAction\",\"target\":[\"https:\\\/\\\/radiolitoral.com\\\/2023\\\/03\\\/calp-renovara-la-imagen-urbana-sustituyendo-material-deteriorado-y-modernizar-el-mobiliario\\\/\"]}]},{\"@type\":\"ImageObject\",\"inLanguage\":\"ca\",\"@id\":\"https:\\\/\\\/radiolitoral.com\\\/2023\\\/03\\\/calp-renovara-la-imagen-urbana-sustituyendo-material-deteriorado-y-modernizar-el-mobiliario\\\/#primaryimage\",\"url\":\"https:\\\/\\\/media.radiolitoral.com\\\/wp-content\\\/uploads\\\/2023\\\/03\\\/13141618\\\/calp.jpg\",\"contentUrl\":\"https:\\\/\\\/media.radiolitoral.com\\\/wp-content\\\/uploads\\\/2023\\\/03\\\/13141618\\\/calp.jpg\",\"width\":815,\"height\":666},{\"@type\":\"BreadcrumbList\",\"@id\":\"https:\\\/\\\/radiolitoral.com\\\/2023\\\/03\\\/calp-renovara-la-imagen-urbana-sustituyendo-material-deteriorado-y-modernizar-el-mobiliario\\\/#breadcrumb\",\"itemListElement\":[{\"@type\":\"ListItem\",\"position\":1,\"name\":\"Portada\",\"item\":\"https:\\\/\\\/radiolitoral.com\\\/\"},{\"@type\":\"ListItem\",\"position\":2,\"name\":\"Calp cambiar\u00e1 la imagen urbana sustituyendo material deteriorado y modernizando el mobiliario\"}]},{\"@type\":\"WebSite\",\"@id\":\"https:\\\/\\\/radiolitoral.com\\\/#website\",\"url\":\"https:\\\/\\\/radiolitoral.com\\\/\",\"name\":\"Radio Litoral\",\"description\":\"La radio local de la Marina Alta\",\"publisher\":{\"@id\":\"https:\\\/\\\/radiolitoral.com\\\/#organization\"},\"alternateName\":\"Litoral FM\",\"potentialAction\":[{\"@type\":\"SearchAction\",\"target\":{\"@type\":\"EntryPoint\",\"urlTemplate\":\"https:\\\/\\\/radiolitoral.com\\\/?s={search_term_string}\"},\"query-input\":{\"@type\":\"PropertyValueSpecification\",\"valueRequired\":true,\"valueName\":\"search_term_string\"}}],\"inLanguage\":\"ca\"},{\"@type\":\"Organization\",\"@id\":\"https:\\\/\\\/radiolitoral.com\\\/#organization\",\"name\":\"Radio Litoral\",\"url\":\"https:\\\/\\\/radiolitoral.com\\\/\",\"logo\":{\"@type\":\"ImageObject\",\"inLanguage\":\"ca\",\"@id\":\"https:\\\/\\\/radiolitoral.com\\\/#\\\/schema\\\/logo\\\/image\\\/\",\"url\":\"https:\\\/\\\/media.radiolitoral.com\\\/wp-content\\\/uploads\\\/2023\\\/02\\\/24143238\\\/CL-V-RadioLitoral696.png\",\"contentUrl\":\"https:\\\/\\\/media.radiolitoral.com\\\/wp-content\\\/uploads\\\/2023\\\/02\\\/24143238\\\/CL-V-RadioLitoral696.png\",\"width\":696,\"height\":696,\"caption\":\"Radio Litoral\"},\"image\":{\"@id\":\"https:\\\/\\\/radiolitoral.com\\\/#\\\/schema\\\/logo\\\/image\\\/\"},\"sameAs\":[\"https:\\\/\\\/www.facebook.com\\\/Laradiolitoral\\\/\"]},{\"@type\":\"Person\",\"@id\":\"https:\\\/\\\/radiolitoral.com\\\/#\\\/schema\\\/person\\\/aad4f72efa404f85b68e832d24cac059\",\"name\":\"Mel Pescuezo\",\"image\":{\"@type\":\"ImageObject\",\"inLanguage\":\"ca\",\"@id\":\"https:\\\/\\\/secure.gravatar.com\\\/avatar\\\/993975ae489c70cb0dd9bfa9413a082f0bd276582dac13661af7b33f161e7eea?s=96&d=mm&r=g\",\"url\":\"https:\\\/\\\/secure.gravatar.com\\\/avatar\\\/993975ae489c70cb0dd9bfa9413a082f0bd276582dac13661af7b33f161e7eea?s=96&d=mm&r=g\",\"contentUrl\":\"https:\\\/\\\/secure.gravatar.com\\\/avatar\\\/993975ae489c70cb0dd9bfa9413a082f0bd276582dac13661af7b33f161e7eea?s=96&d=mm&r=g\",\"caption\":\"Mel Pescuezo\"},\"url\":\"https:\\\/\\\/radiolitoral.com\\\/ca\\\/author\\\/serviciospararadios\\\/\"}]}<\/script>\n<!-- \/ Yoast SEO plugin. -->","yoast_head_json":{"title":"Calp canviar\u00e0 la imatge urbana substituint material deteriorat i modernitzant el mobiliari R\u00e0dio Litoral","description":"Surten a licitaci\u00f3 els contractes per comprar mobiliari, jardineres, bancs, papereres, un gimn\u00e0s urb\u00e0 i llumin\u00e0ries","robots":{"index":"index","follow":"follow","max-snippet":"max-snippet:-1","max-image-preview":"max-image-preview:large","max-video-preview":"max-video-preview:-1"},"canonical":"https:\/\/radiolitoral.com\/ca\/2023\/03\/calp-renoves-la-imatge-urbana-substituint-material-deteriorat-i-modernitzar-el-mobiliari\/","og_locale":"ca_ES","og_type":"article","og_title":"Calp cambiar\u00e1 la imagen urbana sustituyendo material deteriorado y modernizando el mobiliario | R\u00e0dio Litoral","og_description":"Salen a licitaci\u00f3n los contratos para comprar mobiliario, jardineras, bancos, papeleras, un gimnasio urbano y luminarias","og_url":"https:\/\/radiolitoral.com\/ca\/2023\/03\/calp-renoves-la-imatge-urbana-substituint-material-deteriorat-i-modernitzar-el-mobiliari\/","og_site_name":"R\u00e0dio Litoral","article_publisher":"https:\/\/www.facebook.com\/Laradiolitoral\/","article_published_time":"2023-03-13T13:12:38+00:00","article_modified_time":"2023-03-13T13:37:26+00:00","og_image":[{"width":815,"height":666,"url":"https:\/\/media.radiolitoral.com\/wp-content\/uploads\/2023\/03\/13141618\/calp.jpg","type":"image\/jpeg"}],"author":"Mel Pescuezo","twitter_card":"summary_large_image","twitter_misc":{"Escrit per":"Mel Pescuezo","Temps estimat de lectura":"2 minuts"},"schema":{"@context":"https:\/\/schema.org","@graph":[{"@type":"NewsArticle","@id":"https:\/\/radiolitoral.com\/2023\/03\/calp-renovara-la-imagen-urbana-sustituyendo-material-deteriorado-y-modernizar-el-mobiliario\/#article","isPartOf":{"@id":"https:\/\/radiolitoral.com\/2023\/03\/calp-renovara-la-imagen-urbana-sustituyendo-material-deteriorado-y-modernizar-el-mobiliario\/"},"author":{"name":"Mel Pescuezo","@id":"https:\/\/radiolitoral.com\/#\/schema\/person\/aad4f72efa404f85b68e832d24cac059"},"headline":"Calp cambiar\u00e1 la imagen urbana sustituyendo material deteriorado y modernizando el mobiliario","datePublished":"2023-03-13T13:12:38+00:00","dateModified":"2023-03-13T13:37:26+00:00","mainEntityOfPage":{"@id":"https:\/\/radiolitoral.com\/2023\/03\/calp-renovara-la-imagen-urbana-sustituyendo-material-deteriorado-y-modernizar-el-mobiliario\/"},"wordCount":428,"commentCount":0,"publisher":{"@id":"https:\/\/radiolitoral.com\/#organization"},"image":{"@id":"https:\/\/radiolitoral.com\/2023\/03\/calp-renovara-la-imagen-urbana-sustituyendo-material-deteriorado-y-modernizar-el-mobiliario\/#primaryimage"},"thumbnailUrl":"https:\/\/media.radiolitoral.com\/wp-content\/uploads\/2023\/03\/13141618\/calp.jpg","keywords":["Calp","Calpe","obras Calp"],"articleSection":["Servicios P\u00fablicos"],"inLanguage":"ca","potentialAction":[{"@type":"CommentAction","name":"Comment","target":["https:\/\/radiolitoral.com\/2023\/03\/calp-renovara-la-imagen-urbana-sustituyendo-material-deteriorado-y-modernizar-el-mobiliario\/#respond"]}]},{"@type":["WebPage","ItemPage"],"@id":"https:\/\/radiolitoral.com\/2023\/03\/calp-renovara-la-imagen-urbana-sustituyendo-material-deteriorado-y-modernizar-el-mobiliario\/","url":"https:\/\/radiolitoral.com\/2023\/03\/calp-renovara-la-imagen-urbana-sustituyendo-material-deteriorado-y-modernizar-el-mobiliario\/","name":"Calp canviar\u00e0 la imatge urbana substituint material deteriorat i modernitzant el mobiliari R\u00e0dio Litoral","isPartOf":{"@id":"https:\/\/radiolitoral.com\/#website"},"primaryImageOfPage":{"@id":"https:\/\/radiolitoral.com\/2023\/03\/calp-renovara-la-imagen-urbana-sustituyendo-material-deteriorado-y-modernizar-el-mobiliario\/#primaryimage"},"image":{"@id":"https:\/\/radiolitoral.com\/2023\/03\/calp-renovara-la-imagen-urbana-sustituyendo-material-deteriorado-y-modernizar-el-mobiliario\/#primaryimage"},"thumbnailUrl":"https:\/\/media.radiolitoral.com\/wp-content\/uploads\/2023\/03\/13141618\/calp.jpg","datePublished":"2023-03-13T13:12:38+00:00","dateModified":"2023-03-13T13:37:26+00:00","description":"Surten a licitaci\u00f3 els contractes per comprar mobiliari, jardineres, bancs, papereres, un gimn\u00e0s urb\u00e0 i llumin\u00e0ries","breadcrumb":{"@id":"https:\/\/radiolitoral.com\/2023\/03\/calp-renovara-la-imagen-urbana-sustituyendo-material-deteriorado-y-modernizar-el-mobiliario\/#breadcrumb"},"inLanguage":"ca","potentialAction":[{"@type":"ReadAction","target":["https:\/\/radiolitoral.com\/2023\/03\/calp-renovara-la-imagen-urbana-sustituyendo-material-deteriorado-y-modernizar-el-mobiliario\/"]}]},{"@type":"ImageObject","inLanguage":"ca","@id":"https:\/\/radiolitoral.com\/2023\/03\/calp-renovara-la-imagen-urbana-sustituyendo-material-deteriorado-y-modernizar-el-mobiliario\/#primaryimage","url":"https:\/\/media.radiolitoral.com\/wp-content\/uploads\/2023\/03\/13141618\/calp.jpg","contentUrl":"https:\/\/media.radiolitoral.com\/wp-content\/uploads\/2023\/03\/13141618\/calp.jpg","width":815,"height":666},{"@type":"BreadcrumbList","@id":"https:\/\/radiolitoral.com\/2023\/03\/calp-renovara-la-imagen-urbana-sustituyendo-material-deteriorado-y-modernizar-el-mobiliario\/#breadcrumb","itemListElement":[{"@type":"ListItem","position":1,"name":"Portada","item":"https:\/\/radiolitoral.com\/"},{"@type":"ListItem","position":2,"name":"Calp cambiar\u00e1 la imagen urbana sustituyendo material deteriorado y modernizando el mobiliario"}]},{"@type":"WebSite","@id":"https:\/\/radiolitoral.com\/#website","url":"https:\/\/radiolitoral.com\/","name":"R\u00e0dio Litoral","description":"La r\u00e0dio local de la Marina Alta","publisher":{"@id":"https:\/\/radiolitoral.com\/#organization"},"alternateName":"Litoral FM","potentialAction":[{"@type":"SearchAction","target":{"@type":"EntryPoint","urlTemplate":"https:\/\/radiolitoral.com\/?s={search_term_string}"},"query-input":{"@type":"PropertyValueSpecification","valueRequired":true,"valueName":"search_term_string"}}],"inLanguage":"ca"},{"@type":"Organization","@id":"https:\/\/radiolitoral.com\/#organization","name":"R\u00e0dio Litoral","url":"https:\/\/radiolitoral.com\/","logo":{"@type":"ImageObject","inLanguage":"ca","@id":"https:\/\/radiolitoral.com\/#\/schema\/logo\/image\/","url":"https:\/\/media.radiolitoral.com\/wp-content\/uploads\/2023\/02\/24143238\/CL-V-RadioLitoral696.png","contentUrl":"https:\/\/media.radiolitoral.com\/wp-content\/uploads\/2023\/02\/24143238\/CL-V-RadioLitoral696.png","width":696,"height":696,"caption":"Radio Litoral"},"image":{"@id":"https:\/\/radiolitoral.com\/#\/schema\/logo\/image\/"},"sameAs":["https:\/\/www.facebook.com\/Laradiolitoral\/"]},{"@type":"Person","@id":"https:\/\/radiolitoral.com\/#\/schema\/person\/aad4f72efa404f85b68e832d24cac059","name":"Mel Pescuezo","image":{"@type":"ImageObject","inLanguage":"ca","@id":"https:\/\/secure.gravatar.com\/avatar\/993975ae489c70cb0dd9bfa9413a082f0bd276582dac13661af7b33f161e7eea?s=96&d=mm&r=g","url":"https:\/\/secure.gravatar.com\/avatar\/993975ae489c70cb0dd9bfa9413a082f0bd276582dac13661af7b33f161e7eea?s=96&d=mm&r=g","contentUrl":"https:\/\/secure.gravatar.com\/avatar\/993975ae489c70cb0dd9bfa9413a082f0bd276582dac13661af7b33f161e7eea?s=96&d=mm&r=g","caption":"Mel Pescuezo"},"url":"https:\/\/radiolitoral.com\/ca\/author\/serviciospararadios\/"}]}},"_links":{"self":[{"href":"https:\/\/radiolitoral.com\/ca\/wp-json\/wp\/v2\/posts\/1244","targetHints":{"allow":["GET"]}}],"collection":[{"href":"https:\/\/radiolitoral.com\/ca\/wp-json\/wp\/v2\/posts"}],"about":[{"href":"https:\/\/radiolitoral.com\/ca\/wp-json\/wp\/v2\/types\/post"}],"author":[{"embeddable":true,"href":"https:\/\/radiolitoral.com\/ca\/wp-json\/wp\/v2\/users\/21"}],"replies":[{"embeddable":true,"href":"https:\/\/radiolitoral.com\/ca\/wp-json\/wp\/v2\/comments?post=1244"}],"version-history":[{"count":3,"href":"https:\/\/radiolitoral.com\/ca\/wp-json\/wp\/v2\/posts\/1244\/revisions"}],"predecessor-version":[{"id":1257,"href":"https:\/\/radiolitoral.com\/ca\/wp-json\/wp\/v2\/posts\/1244\/revisions\/1257"}],"wp:featuredmedia":[{"embeddable":true,"href":"https:\/\/radiolitoral.com\/ca\/wp-json\/wp\/v2\/media\/1246"}],"wp:attachment":[{"href":"https:\/\/radiolitoral.com\/ca\/wp-json\/wp\/v2\/media?parent=1244"}],"wp:term":[{"taxonomy":"category","embeddable":true,"href":"https:\/\/radiolitoral.com\/ca\/wp-json\/wp\/v2\/categories?post=1244"},{"taxonomy":"post_tag","embeddable":true,"href":"https:\/\/radiolitoral.com\/ca\/wp-json\/wp\/v2\/tags?post=1244"}],"curies":[{"name":"wp","href":"https:\/\/api.w.org\/{rel}","templated":true}]}}