{"id":12432,"date":"2024-10-17T11:48:39","date_gmt":"2024-10-17T09:48:39","guid":{"rendered":"https:\/\/radiolitoral.com\/?p=12432"},"modified":"2024-10-17T11:48:39","modified_gmt":"2024-10-17T09:48:39","slug":"dur-castic-per-al-cd-denia-juvenil","status":"publish","type":"post","link":"https:\/\/radiolitoral.com\/ca\/2024\/10\/dur-castic-per-al-cd-denia-juvenil\/","title":{"rendered":"Dur castic per al CD D\u00e9nia juvenil"},"content":{"rendered":"<p>La suspensi\u00f3 del partit de <strong>Lliga Preferent Juvenil<\/strong> que jugaven el <strong>CD D\u00e9nia<\/strong> i el\u00a0<strong><span class=\"hiddenSpellError\">Kelme<\/span><\/strong>\u00a0el diumenge passat al camp Diego Mena ha portat conseq\u00fc\u00e8ncies importants per a la formaci\u00f3\u00a0<span class=\"hiddenSpellError\">denier<\/span>.<\/p>\n<p>Una vegada revisada l&#039;acta que va realitzar el col\u00b7legiat de la trobada,\u00a0<span class=\"hiddenSpellError\">Oualid<\/span>\u00a0El\u00a0<span class=\"hiddenSpellError\">Ghrissat<\/span>, per part del jutge \u00fanic del <strong>Comit\u00e8 de Competici\u00f3 de la Federaci\u00f3 de Futbol de la Comunitat Valenciana<\/strong>, se li ha comunicat al CD D\u00e9nia la cloenda del camp Diego Mena per un partit per incidents greus del p\u00fablic que van provocar suspensi\u00f3 definitiva del partit.<\/p>\n<p>El cap\u00edtol de sancions recorre suspendre amb 2 partits el jugador\u00a0<strong><span class=\"hiddenSpellError\">Alexandre<\/span>\u00a0<span class=\"hiddenSpellError\">Forn\u00e8s<\/span><\/strong>\u00a0per adre\u00e7ar-se a l&#039;\u00e0rbitre amb termes o actituds de menyspreu. A aquest mateix jugador, se li castiga amb 1 partit per no marxar als vestidors una vegada expulsat i se li sumen 2 partits m\u00e9s de suspensi\u00f3 per dirigir-se a l&#039;\u00e0rbitre amb termes o actituds de menyspreu en una ocasi\u00f3 diferent de la que va originar la seva expulsi\u00f3.<\/p>\n<p>Un altre dels jugadors sancionats \u00e9s\u00a0<strong><span class=\"hiddenSpellError\">Adri\u00e0<\/span>\u00a0Molina<\/strong> al qual li han caigut 4 partits per produir-se amb viol\u00e8ncia lleu cap a l&#039;equip arbitral. Al delegat <strong><span class=\"hiddenSpellError\">Juanjo<\/span>\u00a0Ribes<\/strong> se li inhabilita per 14 dies per incomplir les seves obligacions com a delegat de camp.<\/p>\n<p>Les al\u00b7legacions realitzades pel CD D\u00e9nia no van ser admitides a tr\u00e0mit en presentar-se fora de termini\u00a0<span class=\"hiddenGrammarError\">amb qu\u00e8<\/span>\u00a0tots els castigats hauran de complir les sancions.<\/p>","protected":false},"excerpt":{"rendered":"<p>La suspensi\u00f3 del partit de Lliga Preferent Juvenil que jugaven el CD D\u00e9nia i el\u00a0Kelme\u00a0el diumenge passat en el camp Diego Mena ha portat conseq\u00fc\u00e8ncies importants per a la formaci\u00f3\u00a0dianense. Una vegada revisada l&#8217;acta que va realitzar el col\u00b7legiat de la trobada,\u00a0Oualid\u00a0El\u00a0Ghrissat, per part del jutge \u00fanic del Comit\u00e9 de Competici\u00f3 de la Federaci\u00f3 de [&#8230;]<\/p>\n<p><a class=\"btn btn-secondary understrap-read-more-link\" href=\"https:\/\/radiolitoral.com\/ca\/2024\/10\/dur-castic-per-al-cd-denia-juvenil\/\">Continua llegint&#8230;<span class=\"screen-reader-text\"> from Dur castic per al CD D\u00e9nia juvenil<\/span><\/a><\/p>\n","protected":false},"author":12,"featured_media":12433,"comment_status":"open","ping_status":"closed","sticky":false,"template":"","format":"standard","meta":{"_acf_changed":false,"inline_featured_image":false,"footnotes":""},"categories":[5],"tags":[2571,2570,893,2569,6,2572,2568,2567],"class_list":["post-12432","post","type-post","status-publish","format-standard","has-post-thumbnail","hentry","category-deportes","tag-adrian-molina","tag-alejandro-fornes","tag-cd-denia","tag-comite-de-competicio-de-la-federacio-de-futbol-de-la-comunitat-valenciana","tag-deportes","tag-juanjo-ribes","tag-kelme","tag-lliga-preferent-juvenil","cobertura-denia"],"acf":[],"yoast_head":"<!-- This site is optimized with the Yoast SEO plugin v27.5 - https:\/\/yoast.com\/product\/yoast-seo-wordpress\/ -->\n<title>Dur castic per al CD D\u00e9nia juvenil | R\u00e0dio Litoral<\/title>\n<meta name=\"description\" content=\"El Comit\u00e9 de Competici\u00f3 clausura el camp Diego Mena amb un partit i sanciona amb 5 i 4 partits respectivament a dos jugadors dianensesEl Comit\u00e9 de Competici\u00f3 clausura el camp Diego Mena amb un partit i sanciona amb 5 i 4 partits respectivament a dos jugadors dianenses\" \/>\n<meta name=\"robots\" content=\"index, follow, max-snippet:-1, max-image-preview:large, max-video-preview:-1\" \/>\n<link rel=\"canonical\" href=\"https:\/\/radiolitoral.com\/ca\/2024\/10\/dur-castic-per-al-cd-denia-juvenil\/\" \/>\n<meta property=\"og:locale\" content=\"ca_ES\" \/>\n<meta property=\"og:type\" content=\"article\" \/>\n<meta property=\"og:title\" content=\"Dur castic per al CD D\u00e9nia juvenil | R\u00e0dio Litoral\" \/>\n<meta property=\"og:description\" content=\"El Comit\u00e9 de Competici\u00f3 clausura el camp Diego Mena amb un partit i sanciona amb 5 i 4 partits respectivament a dos jugadors dianensesEl Comit\u00e9 de Competici\u00f3 clausura el camp Diego Mena amb un partit i sanciona amb 5 i 4 partits respectivament a dos jugadors dianenses\" \/>\n<meta property=\"og:url\" content=\"https:\/\/radiolitoral.com\/ca\/2024\/10\/dur-castic-per-al-cd-denia-juvenil\/\" \/>\n<meta property=\"og:site_name\" content=\"R\u00e0dio Litoral\" \/>\n<meta property=\"article:publisher\" content=\"https:\/\/www.facebook.com\/Laradiolitoral\/\" \/>\n<meta property=\"article:published_time\" content=\"2024-10-17T09:48:39+00:00\" \/>\n<meta property=\"og:image\" content=\"https:\/\/media.radiolitoral.com\/wp-content\/uploads\/2024\/10\/17114755\/DSC_0831-735x490-1.jpg\" \/>\n\t<meta property=\"og:image:width\" content=\"735\" \/>\n\t<meta property=\"og:image:height\" content=\"490\" \/>\n\t<meta property=\"og:image:type\" content=\"image\/jpeg\" \/>\n<meta name=\"author\" content=\"Javier Zamora\" \/>\n<meta name=\"twitter:card\" content=\"summary_large_image\" \/>\n<meta name=\"twitter:label1\" content=\"Escrit per\" \/>\n\t<meta name=\"twitter:data1\" content=\"Javier Zamora\" \/>\n\t<meta name=\"twitter:label2\" content=\"Temps estimat de lectura\" \/>\n\t<meta name=\"twitter:data2\" content=\"2 minuts\" \/>\n<script type=\"application\/ld+json\" class=\"yoast-schema-graph\">{\"@context\":\"https:\\\/\\\/schema.org\",\"@graph\":[{\"@type\":\"NewsArticle\",\"@id\":\"https:\\\/\\\/radiolitoral.com\\\/2024\\\/10\\\/dur-castic-per-al-cd-denia-juvenil\\\/#article\",\"isPartOf\":{\"@id\":\"https:\\\/\\\/radiolitoral.com\\\/2024\\\/10\\\/dur-castic-per-al-cd-denia-juvenil\\\/\"},\"author\":{\"name\":\"Javier Zamora\",\"@id\":\"https:\\\/\\\/radiolitoral.com\\\/#\\\/schema\\\/person\\\/7b1480b5caeb5acdd4ec6379caf62b22\"},\"headline\":\"Dur castic per al CD D\u00e9nia juvenil\",\"datePublished\":\"2024-10-17T09:48:39+00:00\",\"mainEntityOfPage\":{\"@id\":\"https:\\\/\\\/radiolitoral.com\\\/2024\\\/10\\\/dur-castic-per-al-cd-denia-juvenil\\\/\"},\"wordCount\":259,\"commentCount\":0,\"publisher\":{\"@id\":\"https:\\\/\\\/radiolitoral.com\\\/#organization\"},\"image\":{\"@id\":\"https:\\\/\\\/radiolitoral.com\\\/2024\\\/10\\\/dur-castic-per-al-cd-denia-juvenil\\\/#primaryimage\"},\"thumbnailUrl\":\"https:\\\/\\\/media.radiolitoral.com\\\/wp-content\\\/uploads\\\/2024\\\/10\\\/17114755\\\/DSC_0831-735x490-1.jpg\",\"keywords\":[\"Adri\u00e1n\u00a0Molina\",\"Alejandro\u00a0Forn\u00e9s\",\"CD D\u00e9nia\",\"Comit\u00e9 de Competici\u00f3 de la Federaci\u00f3 de Futbol de la Comunitat Valenciana\",\"deportes\",\"Juanjo\u00a0Ribes\",\"Kelme\",\"Lliga Preferent Juvenil\"],\"articleSection\":[\"Deportes\"],\"inLanguage\":\"ca\",\"potentialAction\":[{\"@type\":\"CommentAction\",\"name\":\"Comment\",\"target\":[\"https:\\\/\\\/radiolitoral.com\\\/2024\\\/10\\\/dur-castic-per-al-cd-denia-juvenil\\\/#respond\"]}]},{\"@type\":[\"WebPage\",\"ItemPage\"],\"@id\":\"https:\\\/\\\/radiolitoral.com\\\/2024\\\/10\\\/dur-castic-per-al-cd-denia-juvenil\\\/\",\"url\":\"https:\\\/\\\/radiolitoral.com\\\/2024\\\/10\\\/dur-castic-per-al-cd-denia-juvenil\\\/\",\"name\":\"Dur castic per al CD D\u00e9nia juvenil | R\u00e0dio Litoral\",\"isPartOf\":{\"@id\":\"https:\\\/\\\/radiolitoral.com\\\/#website\"},\"primaryImageOfPage\":{\"@id\":\"https:\\\/\\\/radiolitoral.com\\\/2024\\\/10\\\/dur-castic-per-al-cd-denia-juvenil\\\/#primaryimage\"},\"image\":{\"@id\":\"https:\\\/\\\/radiolitoral.com\\\/2024\\\/10\\\/dur-castic-per-al-cd-denia-juvenil\\\/#primaryimage\"},\"thumbnailUrl\":\"https:\\\/\\\/media.radiolitoral.com\\\/wp-content\\\/uploads\\\/2024\\\/10\\\/17114755\\\/DSC_0831-735x490-1.jpg\",\"datePublished\":\"2024-10-17T09:48:39+00:00\",\"description\":\"El Comit\u00e9 de Competici\u00f3 clausura el camp Diego Mena amb un partit i sanciona amb 5 i 4 partits respectivament a dos jugadors dianensesEl Comit\u00e9 de Competici\u00f3 clausura el camp Diego Mena amb un partit i sanciona amb 5 i 4 partits respectivament a dos jugadors dianenses\",\"breadcrumb\":{\"@id\":\"https:\\\/\\\/radiolitoral.com\\\/2024\\\/10\\\/dur-castic-per-al-cd-denia-juvenil\\\/#breadcrumb\"},\"inLanguage\":\"ca\",\"potentialAction\":[{\"@type\":\"ReadAction\",\"target\":[\"https:\\\/\\\/radiolitoral.com\\\/2024\\\/10\\\/dur-castic-per-al-cd-denia-juvenil\\\/\"]}]},{\"@type\":\"ImageObject\",\"inLanguage\":\"ca\",\"@id\":\"https:\\\/\\\/radiolitoral.com\\\/2024\\\/10\\\/dur-castic-per-al-cd-denia-juvenil\\\/#primaryimage\",\"url\":\"https:\\\/\\\/media.radiolitoral.com\\\/wp-content\\\/uploads\\\/2024\\\/10\\\/17114755\\\/DSC_0831-735x490-1.jpg\",\"contentUrl\":\"https:\\\/\\\/media.radiolitoral.com\\\/wp-content\\\/uploads\\\/2024\\\/10\\\/17114755\\\/DSC_0831-735x490-1.jpg\",\"width\":735,\"height\":490},{\"@type\":\"BreadcrumbList\",\"@id\":\"https:\\\/\\\/radiolitoral.com\\\/2024\\\/10\\\/dur-castic-per-al-cd-denia-juvenil\\\/#breadcrumb\",\"itemListElement\":[{\"@type\":\"ListItem\",\"position\":1,\"name\":\"Portada\",\"item\":\"https:\\\/\\\/radiolitoral.com\\\/\"},{\"@type\":\"ListItem\",\"position\":2,\"name\":\"Dur castic per al CD D\u00e9nia juvenil\"}]},{\"@type\":\"WebSite\",\"@id\":\"https:\\\/\\\/radiolitoral.com\\\/#website\",\"url\":\"https:\\\/\\\/radiolitoral.com\\\/\",\"name\":\"Radio Litoral\",\"description\":\"La radio local de la Marina Alta\",\"publisher\":{\"@id\":\"https:\\\/\\\/radiolitoral.com\\\/#organization\"},\"alternateName\":\"Litoral FM\",\"potentialAction\":[{\"@type\":\"SearchAction\",\"target\":{\"@type\":\"EntryPoint\",\"urlTemplate\":\"https:\\\/\\\/radiolitoral.com\\\/?s={search_term_string}\"},\"query-input\":{\"@type\":\"PropertyValueSpecification\",\"valueRequired\":true,\"valueName\":\"search_term_string\"}}],\"inLanguage\":\"ca\"},{\"@type\":\"Organization\",\"@id\":\"https:\\\/\\\/radiolitoral.com\\\/#organization\",\"name\":\"Radio Litoral\",\"url\":\"https:\\\/\\\/radiolitoral.com\\\/\",\"logo\":{\"@type\":\"ImageObject\",\"inLanguage\":\"ca\",\"@id\":\"https:\\\/\\\/radiolitoral.com\\\/#\\\/schema\\\/logo\\\/image\\\/\",\"url\":\"https:\\\/\\\/media.radiolitoral.com\\\/wp-content\\\/uploads\\\/2023\\\/02\\\/24143238\\\/CL-V-RadioLitoral696.png\",\"contentUrl\":\"https:\\\/\\\/media.radiolitoral.com\\\/wp-content\\\/uploads\\\/2023\\\/02\\\/24143238\\\/CL-V-RadioLitoral696.png\",\"width\":696,\"height\":696,\"caption\":\"Radio Litoral\"},\"image\":{\"@id\":\"https:\\\/\\\/radiolitoral.com\\\/#\\\/schema\\\/logo\\\/image\\\/\"},\"sameAs\":[\"https:\\\/\\\/www.facebook.com\\\/Laradiolitoral\\\/\"]},{\"@type\":\"Person\",\"@id\":\"https:\\\/\\\/radiolitoral.com\\\/#\\\/schema\\\/person\\\/7b1480b5caeb5acdd4ec6379caf62b22\",\"name\":\"Javier Zamora\",\"image\":{\"@type\":\"ImageObject\",\"inLanguage\":\"ca\",\"@id\":\"https:\\\/\\\/secure.gravatar.com\\\/avatar\\\/467a11f6918c7d619c4043fc6fa2d3853053107973f05b6e9c04ea6c4e3a7b3f?s=96&d=mm&r=g\",\"url\":\"https:\\\/\\\/secure.gravatar.com\\\/avatar\\\/467a11f6918c7d619c4043fc6fa2d3853053107973f05b6e9c04ea6c4e3a7b3f?s=96&d=mm&r=g\",\"contentUrl\":\"https:\\\/\\\/secure.gravatar.com\\\/avatar\\\/467a11f6918c7d619c4043fc6fa2d3853053107973f05b6e9c04ea6c4e3a7b3f?s=96&d=mm&r=g\",\"caption\":\"Javier Zamora\"},\"url\":\"https:\\\/\\\/radiolitoral.com\\\/ca\\\/author\\\/javier-zamora\\\/\"}]}<\/script>\n<!-- \/ Yoast SEO plugin. -->","yoast_head_json":{"title":"Dur castic per al CD D\u00e9nia juvenil | R\u00e0dio Litoral","description":"El Comit\u00e8 de Competici\u00f3 clou el camp Diego Mena amb un partit i sanciona amb 5 i 4 partits respectivament dos jugadors dianencsEl Comit\u00e8 de Competici\u00f3 clou el camp Diego Mena amb un partit i sanciona amb 5 i 4 partits respectivament dos jugadors dianencs","robots":{"index":"index","follow":"follow","max-snippet":"max-snippet:-1","max-image-preview":"max-image-preview:large","max-video-preview":"max-video-preview:-1"},"canonical":"https:\/\/radiolitoral.com\/ca\/2024\/10\/dur-castic-per-al-cd-denia-juvenil\/","og_locale":"ca_ES","og_type":"article","og_title":"Dur castic per al CD D\u00e9nia juvenil | R\u00e0dio Litoral","og_description":"El Comit\u00e9 de Competici\u00f3 clausura el camp Diego Mena amb un partit i sanciona amb 5 i 4 partits respectivament a dos jugadors dianensesEl Comit\u00e9 de Competici\u00f3 clausura el camp Diego Mena amb un partit i sanciona amb 5 i 4 partits respectivament a dos jugadors dianenses","og_url":"https:\/\/radiolitoral.com\/ca\/2024\/10\/dur-castic-per-al-cd-denia-juvenil\/","og_site_name":"R\u00e0dio Litoral","article_publisher":"https:\/\/www.facebook.com\/Laradiolitoral\/","article_published_time":"2024-10-17T09:48:39+00:00","og_image":[{"width":735,"height":490,"url":"https:\/\/media.radiolitoral.com\/wp-content\/uploads\/2024\/10\/17114755\/DSC_0831-735x490-1.jpg","type":"image\/jpeg"}],"author":"Javier Zamora","twitter_card":"summary_large_image","twitter_misc":{"Escrit per":"Javier Zamora","Temps estimat de lectura":"2 minuts"},"schema":{"@context":"https:\/\/schema.org","@graph":[{"@type":"NewsArticle","@id":"https:\/\/radiolitoral.com\/2024\/10\/dur-castic-per-al-cd-denia-juvenil\/#article","isPartOf":{"@id":"https:\/\/radiolitoral.com\/2024\/10\/dur-castic-per-al-cd-denia-juvenil\/"},"author":{"name":"Javier Zamora","@id":"https:\/\/radiolitoral.com\/#\/schema\/person\/7b1480b5caeb5acdd4ec6379caf62b22"},"headline":"Dur castic per al CD D\u00e9nia juvenil","datePublished":"2024-10-17T09:48:39+00:00","mainEntityOfPage":{"@id":"https:\/\/radiolitoral.com\/2024\/10\/dur-castic-per-al-cd-denia-juvenil\/"},"wordCount":259,"commentCount":0,"publisher":{"@id":"https:\/\/radiolitoral.com\/#organization"},"image":{"@id":"https:\/\/radiolitoral.com\/2024\/10\/dur-castic-per-al-cd-denia-juvenil\/#primaryimage"},"thumbnailUrl":"https:\/\/media.radiolitoral.com\/wp-content\/uploads\/2024\/10\/17114755\/DSC_0831-735x490-1.jpg","keywords":["Adri\u00e1n\u00a0Molina","Alejandro\u00a0Forn\u00e9s","CD D\u00e9nia","Comit\u00e9 de Competici\u00f3 de la Federaci\u00f3 de Futbol de la Comunitat Valenciana","deportes","Juanjo\u00a0Ribes","Kelme","Lliga Preferent Juvenil"],"articleSection":["Deportes"],"inLanguage":"ca","potentialAction":[{"@type":"CommentAction","name":"Comment","target":["https:\/\/radiolitoral.com\/2024\/10\/dur-castic-per-al-cd-denia-juvenil\/#respond"]}]},{"@type":["WebPage","ItemPage"],"@id":"https:\/\/radiolitoral.com\/2024\/10\/dur-castic-per-al-cd-denia-juvenil\/","url":"https:\/\/radiolitoral.com\/2024\/10\/dur-castic-per-al-cd-denia-juvenil\/","name":"Dur castic per al CD D\u00e9nia juvenil | R\u00e0dio Litoral","isPartOf":{"@id":"https:\/\/radiolitoral.com\/#website"},"primaryImageOfPage":{"@id":"https:\/\/radiolitoral.com\/2024\/10\/dur-castic-per-al-cd-denia-juvenil\/#primaryimage"},"image":{"@id":"https:\/\/radiolitoral.com\/2024\/10\/dur-castic-per-al-cd-denia-juvenil\/#primaryimage"},"thumbnailUrl":"https:\/\/media.radiolitoral.com\/wp-content\/uploads\/2024\/10\/17114755\/DSC_0831-735x490-1.jpg","datePublished":"2024-10-17T09:48:39+00:00","description":"El Comit\u00e8 de Competici\u00f3 clou el camp Diego Mena amb un partit i sanciona amb 5 i 4 partits respectivament dos jugadors dianencsEl Comit\u00e8 de Competici\u00f3 clou el camp Diego Mena amb un partit i sanciona amb 5 i 4 partits respectivament dos jugadors dianencs","breadcrumb":{"@id":"https:\/\/radiolitoral.com\/2024\/10\/dur-castic-per-al-cd-denia-juvenil\/#breadcrumb"},"inLanguage":"ca","potentialAction":[{"@type":"ReadAction","target":["https:\/\/radiolitoral.com\/2024\/10\/dur-castic-per-al-cd-denia-juvenil\/"]}]},{"@type":"ImageObject","inLanguage":"ca","@id":"https:\/\/radiolitoral.com\/2024\/10\/dur-castic-per-al-cd-denia-juvenil\/#primaryimage","url":"https:\/\/media.radiolitoral.com\/wp-content\/uploads\/2024\/10\/17114755\/DSC_0831-735x490-1.jpg","contentUrl":"https:\/\/media.radiolitoral.com\/wp-content\/uploads\/2024\/10\/17114755\/DSC_0831-735x490-1.jpg","width":735,"height":490},{"@type":"BreadcrumbList","@id":"https:\/\/radiolitoral.com\/2024\/10\/dur-castic-per-al-cd-denia-juvenil\/#breadcrumb","itemListElement":[{"@type":"ListItem","position":1,"name":"Portada","item":"https:\/\/radiolitoral.com\/"},{"@type":"ListItem","position":2,"name":"Dur castic per al CD D\u00e9nia juvenil"}]},{"@type":"WebSite","@id":"https:\/\/radiolitoral.com\/#website","url":"https:\/\/radiolitoral.com\/","name":"R\u00e0dio Litoral","description":"La r\u00e0dio local de la Marina Alta","publisher":{"@id":"https:\/\/radiolitoral.com\/#organization"},"alternateName":"Litoral FM","potentialAction":[{"@type":"SearchAction","target":{"@type":"EntryPoint","urlTemplate":"https:\/\/radiolitoral.com\/?s={search_term_string}"},"query-input":{"@type":"PropertyValueSpecification","valueRequired":true,"valueName":"search_term_string"}}],"inLanguage":"ca"},{"@type":"Organization","@id":"https:\/\/radiolitoral.com\/#organization","name":"R\u00e0dio Litoral","url":"https:\/\/radiolitoral.com\/","logo":{"@type":"ImageObject","inLanguage":"ca","@id":"https:\/\/radiolitoral.com\/#\/schema\/logo\/image\/","url":"https:\/\/media.radiolitoral.com\/wp-content\/uploads\/2023\/02\/24143238\/CL-V-RadioLitoral696.png","contentUrl":"https:\/\/media.radiolitoral.com\/wp-content\/uploads\/2023\/02\/24143238\/CL-V-RadioLitoral696.png","width":696,"height":696,"caption":"Radio Litoral"},"image":{"@id":"https:\/\/radiolitoral.com\/#\/schema\/logo\/image\/"},"sameAs":["https:\/\/www.facebook.com\/Laradiolitoral\/"]},{"@type":"Person","@id":"https:\/\/radiolitoral.com\/#\/schema\/person\/7b1480b5caeb5acdd4ec6379caf62b22","name":"Javier Zamora","image":{"@type":"ImageObject","inLanguage":"ca","@id":"https:\/\/secure.gravatar.com\/avatar\/467a11f6918c7d619c4043fc6fa2d3853053107973f05b6e9c04ea6c4e3a7b3f?s=96&d=mm&r=g","url":"https:\/\/secure.gravatar.com\/avatar\/467a11f6918c7d619c4043fc6fa2d3853053107973f05b6e9c04ea6c4e3a7b3f?s=96&d=mm&r=g","contentUrl":"https:\/\/secure.gravatar.com\/avatar\/467a11f6918c7d619c4043fc6fa2d3853053107973f05b6e9c04ea6c4e3a7b3f?s=96&d=mm&r=g","caption":"Javier Zamora"},"url":"https:\/\/radiolitoral.com\/ca\/author\/javier-zamora\/"}]}},"_links":{"self":[{"href":"https:\/\/radiolitoral.com\/ca\/wp-json\/wp\/v2\/posts\/12432","targetHints":{"allow":["GET"]}}],"collection":[{"href":"https:\/\/radiolitoral.com\/ca\/wp-json\/wp\/v2\/posts"}],"about":[{"href":"https:\/\/radiolitoral.com\/ca\/wp-json\/wp\/v2\/types\/post"}],"author":[{"embeddable":true,"href":"https:\/\/radiolitoral.com\/ca\/wp-json\/wp\/v2\/users\/12"}],"replies":[{"embeddable":true,"href":"https:\/\/radiolitoral.com\/ca\/wp-json\/wp\/v2\/comments?post=12432"}],"version-history":[{"count":2,"href":"https:\/\/radiolitoral.com\/ca\/wp-json\/wp\/v2\/posts\/12432\/revisions"}],"predecessor-version":[{"id":12435,"href":"https:\/\/radiolitoral.com\/ca\/wp-json\/wp\/v2\/posts\/12432\/revisions\/12435"}],"wp:featuredmedia":[{"embeddable":true,"href":"https:\/\/radiolitoral.com\/ca\/wp-json\/wp\/v2\/media\/12433"}],"wp:attachment":[{"href":"https:\/\/radiolitoral.com\/ca\/wp-json\/wp\/v2\/media?parent=12432"}],"wp:term":[{"taxonomy":"category","embeddable":true,"href":"https:\/\/radiolitoral.com\/ca\/wp-json\/wp\/v2\/categories?post=12432"},{"taxonomy":"post_tag","embeddable":true,"href":"https:\/\/radiolitoral.com\/ca\/wp-json\/wp\/v2\/tags?post=12432"}],"curies":[{"name":"wp","href":"https:\/\/api.w.org\/{rel}","templated":true}]}}