{"id":12414,"date":"2024-10-16T16:23:26","date_gmt":"2024-10-16T14:23:26","guid":{"rendered":"https:\/\/radiolitoral.com\/?p=12414"},"modified":"2024-10-16T18:38:02","modified_gmt":"2024-10-16T16:38:02","slug":"mobilitzat-un-helicopter-per-rescatar-una-persona-a-la-pujada-dolta","status":"publish","type":"post","link":"https:\/\/radiolitoral.com\/ca\/2024\/10\/mobilitzat-un-helicopter-per-a-rescatar-a-una-persona-en-la-pujada-dolta\/","title":{"rendered":"Mobilitzat un helic\u00f2pter per rescatar una persona a la pujada d&#039;Olt\u00e0"},"content":{"rendered":"<p>Aquest mi\u00e9rcoles, 16 d&#039;octubre de 2024, a les 14:03 hores, el Centre de Coordinaci\u00f3 d&#039;Emerg\u00e8ncies de la Comunitat Valenciana (112CV) ha em\u00e9s un avis urgent per <strong>un rescat a Benissa<\/strong>. Segons l&#039;informe, s&#039;ha mobilitzat l&#039;helic\u00f2pter A1 juntament amb el grup de rescat dels <strong>Bombers de la Diputaci\u00f3 d&#039;Alacant<\/strong>, despr\u00e9s de rebre l&#039;alerta d&#039;una persona que ha patit una caiguda <strong>a la pujada a l&#039;Olt\u00e0<\/strong>.<\/p>\n<p>Finalment, els serveis d&#039;emerg\u00e8ncia no van poder soc\u00f3rrer l&#039;home, de 80 anys, que moria al moment de l&#039;accident.<\/p>","protected":false},"excerpt":{"rendered":"<p>Aquest dimecres, 16 d&#8217;octubre de 2024, a les 14:03 hores, el Centre de Coordinaci\u00f3 d\u2019Emerg\u00e8ncies de la Comunitat Valenciana (112CV) ha em\u00e9s un av\u00eds urgent per un rescat a Benissa. Segons l\u2019informe, s\u2019ha mobilitzat l&#8217;helic\u00f2pter A1 junt amb el grup de rescat dels Bombers de la Diputaci\u00f3 d&#8217;Alacant, despr\u00e9s de rebre l&#8217;alerta d\u2019una persona que [&#8230;]<\/p>\n<p><a class=\"btn btn-secondary understrap-read-more-link\" href=\"https:\/\/radiolitoral.com\/ca\/2024\/10\/mobilitzat-un-helicopter-per-a-rescatar-a-una-persona-en-la-pujada-dolta\/\">Continua llegint&#8230;<span class=\"screen-reader-text\"> from Mobilitzat un helic\u00f2pter per a rescatar a una persona en la pujada d&#8217;Olt\u00e0<\/span><\/a><\/p>\n","protected":false},"author":14,"featured_media":8693,"comment_status":"open","ping_status":"closed","sticky":false,"template":"","format":"standard","meta":{"_acf_changed":false,"inline_featured_image":false,"footnotes":""},"categories":[8],"tags":[126,1170,1023],"class_list":["post-12414","post","type-post","status-publish","format-standard","has-post-thumbnail","hentry","category-sucesos","tag-benissa","tag-rescate","tag-sucesos","cobertura-benissa"],"acf":[],"yoast_head":"<!-- This site is optimized with the Yoast SEO plugin v27.5 - https:\/\/yoast.com\/product\/yoast-seo-wordpress\/ -->\n<title>Mobilitzat un helic\u00f2pter per a rescatar a una persona en la pujada d&#039;Olt\u00e0 | R\u00e0dio Litoral<\/title>\n<meta name=\"description\" content=\"Els servicis d&#039;emerg\u00e8ncia intentar assistir a la v\u00edctima per\u00f2 moria en el lloc\" \/>\n<meta name=\"robots\" content=\"index, follow, max-snippet:-1, max-image-preview:large, max-video-preview:-1\" \/>\n<link rel=\"canonical\" href=\"https:\/\/radiolitoral.com\/ca\/2024\/10\/mobilitzat-un-helicopter-per-rescatar-una-persona-a-la-pujada-dolta\/\" \/>\n<meta property=\"og:locale\" content=\"ca_ES\" \/>\n<meta property=\"og:type\" content=\"article\" \/>\n<meta property=\"og:title\" content=\"Mobilitzat un helic\u00f2pter per a rescatar a una persona en la pujada d&#039;Olt\u00e0 | R\u00e0dio Litoral\" \/>\n<meta property=\"og:description\" content=\"Els servicis d&#039;emerg\u00e8ncia intentar assistir a la v\u00edctima per\u00f2 moria en el lloc\" \/>\n<meta property=\"og:url\" content=\"https:\/\/radiolitoral.com\/ca\/2024\/10\/mobilitzat-un-helicopter-per-rescatar-una-persona-a-la-pujada-dolta\/\" \/>\n<meta property=\"og:site_name\" content=\"R\u00e0dio Litoral\" \/>\n<meta property=\"article:publisher\" content=\"https:\/\/www.facebook.com\/Laradiolitoral\/\" \/>\n<meta property=\"article:published_time\" content=\"2024-10-16T14:23:26+00:00\" \/>\n<meta property=\"article:modified_time\" content=\"2024-10-16T16:38:02+00:00\" \/>\n<meta property=\"og:image\" content=\"https:\/\/media.radiolitoral.com\/wp-content\/uploads\/2024\/05\/06121304\/rescate-helicoptero-1-e1729088446185.jpeg\" \/>\n\t<meta property=\"og:image:width\" content=\"1072\" \/>\n\t<meta property=\"og:image:height\" content=\"994\" \/>\n\t<meta property=\"og:image:type\" content=\"image\/jpeg\" \/>\n<meta name=\"author\" content=\"Redacci\u00f3n\" \/>\n<meta name=\"twitter:card\" content=\"summary_large_image\" \/>\n<meta name=\"twitter:label1\" content=\"Escrit per\" \/>\n\t<meta name=\"twitter:data1\" content=\"Redacci\u00f3n\" \/>\n\t<meta name=\"twitter:label2\" content=\"Temps estimat de lectura\" \/>\n\t<meta name=\"twitter:data2\" content=\"1 minut\" \/>\n<script type=\"application\/ld+json\" class=\"yoast-schema-graph\">{\"@context\":\"https:\\\/\\\/schema.org\",\"@graph\":[{\"@type\":\"NewsArticle\",\"@id\":\"https:\\\/\\\/radiolitoral.com\\\/2024\\\/10\\\/mobilitzat-un-helicopter-per-a-rescatar-a-una-persona-en-la-pujada-dolta\\\/#article\",\"isPartOf\":{\"@id\":\"https:\\\/\\\/radiolitoral.com\\\/2024\\\/10\\\/mobilitzat-un-helicopter-per-a-rescatar-a-una-persona-en-la-pujada-dolta\\\/\"},\"author\":{\"name\":\"Redacci\u00f3n\",\"@id\":\"https:\\\/\\\/radiolitoral.com\\\/#\\\/schema\\\/person\\\/96b739642eb3bedb532aac3812d23307\"},\"headline\":\"Mobilitzat un helic\u00f2pter per a rescatar a una persona en la pujada d&#8217;Olt\u00e0\",\"datePublished\":\"2024-10-16T14:23:26+00:00\",\"dateModified\":\"2024-10-16T16:38:02+00:00\",\"mainEntityOfPage\":{\"@id\":\"https:\\\/\\\/radiolitoral.com\\\/2024\\\/10\\\/mobilitzat-un-helicopter-per-a-rescatar-a-una-persona-en-la-pujada-dolta\\\/\"},\"wordCount\":114,\"commentCount\":0,\"publisher\":{\"@id\":\"https:\\\/\\\/radiolitoral.com\\\/#organization\"},\"image\":{\"@id\":\"https:\\\/\\\/radiolitoral.com\\\/2024\\\/10\\\/mobilitzat-un-helicopter-per-a-rescatar-a-una-persona-en-la-pujada-dolta\\\/#primaryimage\"},\"thumbnailUrl\":\"https:\\\/\\\/media.radiolitoral.com\\\/wp-content\\\/uploads\\\/2024\\\/05\\\/06121304\\\/rescate-helicoptero-1-e1729088446185.jpeg\",\"keywords\":[\"Benissa\",\"rescate\",\"sucesos\"],\"articleSection\":[\"Sucesos\"],\"inLanguage\":\"ca\",\"potentialAction\":[{\"@type\":\"CommentAction\",\"name\":\"Comment\",\"target\":[\"https:\\\/\\\/radiolitoral.com\\\/2024\\\/10\\\/mobilitzat-un-helicopter-per-a-rescatar-a-una-persona-en-la-pujada-dolta\\\/#respond\"]}]},{\"@type\":[\"WebPage\",\"ItemPage\"],\"@id\":\"https:\\\/\\\/radiolitoral.com\\\/2024\\\/10\\\/mobilitzat-un-helicopter-per-a-rescatar-a-una-persona-en-la-pujada-dolta\\\/\",\"url\":\"https:\\\/\\\/radiolitoral.com\\\/2024\\\/10\\\/mobilitzat-un-helicopter-per-a-rescatar-a-una-persona-en-la-pujada-dolta\\\/\",\"name\":\"Mobilitzat un helic\u00f2pter per a rescatar a una persona en la pujada d'Olt\u00e0 | R\u00e0dio Litoral\",\"isPartOf\":{\"@id\":\"https:\\\/\\\/radiolitoral.com\\\/#website\"},\"primaryImageOfPage\":{\"@id\":\"https:\\\/\\\/radiolitoral.com\\\/2024\\\/10\\\/mobilitzat-un-helicopter-per-a-rescatar-a-una-persona-en-la-pujada-dolta\\\/#primaryimage\"},\"image\":{\"@id\":\"https:\\\/\\\/radiolitoral.com\\\/2024\\\/10\\\/mobilitzat-un-helicopter-per-a-rescatar-a-una-persona-en-la-pujada-dolta\\\/#primaryimage\"},\"thumbnailUrl\":\"https:\\\/\\\/media.radiolitoral.com\\\/wp-content\\\/uploads\\\/2024\\\/05\\\/06121304\\\/rescate-helicoptero-1-e1729088446185.jpeg\",\"datePublished\":\"2024-10-16T14:23:26+00:00\",\"dateModified\":\"2024-10-16T16:38:02+00:00\",\"description\":\"Els servicis d'emerg\u00e8ncia intentar assistir a la v\u00edctima per\u00f2 moria en el lloc\",\"breadcrumb\":{\"@id\":\"https:\\\/\\\/radiolitoral.com\\\/2024\\\/10\\\/mobilitzat-un-helicopter-per-a-rescatar-a-una-persona-en-la-pujada-dolta\\\/#breadcrumb\"},\"inLanguage\":\"ca\",\"potentialAction\":[{\"@type\":\"ReadAction\",\"target\":[\"https:\\\/\\\/radiolitoral.com\\\/2024\\\/10\\\/mobilitzat-un-helicopter-per-a-rescatar-a-una-persona-en-la-pujada-dolta\\\/\"]}]},{\"@type\":\"ImageObject\",\"inLanguage\":\"ca\",\"@id\":\"https:\\\/\\\/radiolitoral.com\\\/2024\\\/10\\\/mobilitzat-un-helicopter-per-a-rescatar-a-una-persona-en-la-pujada-dolta\\\/#primaryimage\",\"url\":\"https:\\\/\\\/media.radiolitoral.com\\\/wp-content\\\/uploads\\\/2024\\\/05\\\/06121304\\\/rescate-helicoptero-1-e1729088446185.jpeg\",\"contentUrl\":\"https:\\\/\\\/media.radiolitoral.com\\\/wp-content\\\/uploads\\\/2024\\\/05\\\/06121304\\\/rescate-helicoptero-1-e1729088446185.jpeg\",\"width\":1072,\"height\":994},{\"@type\":\"BreadcrumbList\",\"@id\":\"https:\\\/\\\/radiolitoral.com\\\/2024\\\/10\\\/mobilitzat-un-helicopter-per-a-rescatar-a-una-persona-en-la-pujada-dolta\\\/#breadcrumb\",\"itemListElement\":[{\"@type\":\"ListItem\",\"position\":1,\"name\":\"Portada\",\"item\":\"https:\\\/\\\/radiolitoral.com\\\/\"},{\"@type\":\"ListItem\",\"position\":2,\"name\":\"Mobilitzat un helic\u00f2pter per a rescatar a una persona en la pujada d&#8217;Olt\u00e0\"}]},{\"@type\":\"WebSite\",\"@id\":\"https:\\\/\\\/radiolitoral.com\\\/#website\",\"url\":\"https:\\\/\\\/radiolitoral.com\\\/\",\"name\":\"Radio Litoral\",\"description\":\"La radio local de la Marina Alta\",\"publisher\":{\"@id\":\"https:\\\/\\\/radiolitoral.com\\\/#organization\"},\"alternateName\":\"Litoral FM\",\"potentialAction\":[{\"@type\":\"SearchAction\",\"target\":{\"@type\":\"EntryPoint\",\"urlTemplate\":\"https:\\\/\\\/radiolitoral.com\\\/?s={search_term_string}\"},\"query-input\":{\"@type\":\"PropertyValueSpecification\",\"valueRequired\":true,\"valueName\":\"search_term_string\"}}],\"inLanguage\":\"ca\"},{\"@type\":\"Organization\",\"@id\":\"https:\\\/\\\/radiolitoral.com\\\/#organization\",\"name\":\"Radio Litoral\",\"url\":\"https:\\\/\\\/radiolitoral.com\\\/\",\"logo\":{\"@type\":\"ImageObject\",\"inLanguage\":\"ca\",\"@id\":\"https:\\\/\\\/radiolitoral.com\\\/#\\\/schema\\\/logo\\\/image\\\/\",\"url\":\"https:\\\/\\\/media.radiolitoral.com\\\/wp-content\\\/uploads\\\/2023\\\/02\\\/24143238\\\/CL-V-RadioLitoral696.png\",\"contentUrl\":\"https:\\\/\\\/media.radiolitoral.com\\\/wp-content\\\/uploads\\\/2023\\\/02\\\/24143238\\\/CL-V-RadioLitoral696.png\",\"width\":696,\"height\":696,\"caption\":\"Radio Litoral\"},\"image\":{\"@id\":\"https:\\\/\\\/radiolitoral.com\\\/#\\\/schema\\\/logo\\\/image\\\/\"},\"sameAs\":[\"https:\\\/\\\/www.facebook.com\\\/Laradiolitoral\\\/\"]},{\"@type\":\"Person\",\"@id\":\"https:\\\/\\\/radiolitoral.com\\\/#\\\/schema\\\/person\\\/96b739642eb3bedb532aac3812d23307\",\"name\":\"Redacci\u00f3n\",\"image\":{\"@type\":\"ImageObject\",\"inLanguage\":\"ca\",\"@id\":\"https:\\\/\\\/secure.gravatar.com\\\/avatar\\\/30cd06129ee90411dd9c7cbdcf17464181d1a3c7b072e92070ea75a25cf0097e?s=96&d=mm&r=g\",\"url\":\"https:\\\/\\\/secure.gravatar.com\\\/avatar\\\/30cd06129ee90411dd9c7cbdcf17464181d1a3c7b072e92070ea75a25cf0097e?s=96&d=mm&r=g\",\"contentUrl\":\"https:\\\/\\\/secure.gravatar.com\\\/avatar\\\/30cd06129ee90411dd9c7cbdcf17464181d1a3c7b072e92070ea75a25cf0097e?s=96&d=mm&r=g\",\"caption\":\"Redacci\u00f3n\"},\"url\":\"https:\\\/\\\/radiolitoral.com\\\/ca\\\/author\\\/kevin-carrio\\\/\"}]}<\/script>\n<!-- \/ Yoast SEO plugin. -->","yoast_head_json":{"title":"Mobilitzat un helic\u00f2pter per rescatar una persona a la pujada d&#039;Olt\u00e0 | R\u00e0dio Litoral","description":"Els serveis d&#039;emerg\u00e8ncia intentar assistir a la v\u00edctima per\u00f2 moria al lloc","robots":{"index":"index","follow":"follow","max-snippet":"max-snippet:-1","max-image-preview":"max-image-preview:large","max-video-preview":"max-video-preview:-1"},"canonical":"https:\/\/radiolitoral.com\/ca\/2024\/10\/mobilitzat-un-helicopter-per-rescatar-una-persona-a-la-pujada-dolta\/","og_locale":"ca_ES","og_type":"article","og_title":"Mobilitzat un helic\u00f2pter per a rescatar a una persona en la pujada d'Olt\u00e0 | R\u00e0dio Litoral","og_description":"Els servicis d'emerg\u00e8ncia intentar assistir a la v\u00edctima per\u00f2 moria en el lloc","og_url":"https:\/\/radiolitoral.com\/ca\/2024\/10\/mobilitzat-un-helicopter-per-rescatar-una-persona-a-la-pujada-dolta\/","og_site_name":"R\u00e0dio Litoral","article_publisher":"https:\/\/www.facebook.com\/Laradiolitoral\/","article_published_time":"2024-10-16T14:23:26+00:00","article_modified_time":"2024-10-16T16:38:02+00:00","og_image":[{"width":1072,"height":994,"url":"https:\/\/media.radiolitoral.com\/wp-content\/uploads\/2024\/05\/06121304\/rescate-helicoptero-1-e1729088446185.jpeg","type":"image\/jpeg"}],"author":"Redacci\u00f3n","twitter_card":"summary_large_image","twitter_misc":{"Escrit per":"Redacci\u00f3n","Temps estimat de lectura":"1 minut"},"schema":{"@context":"https:\/\/schema.org","@graph":[{"@type":"NewsArticle","@id":"https:\/\/radiolitoral.com\/2024\/10\/mobilitzat-un-helicopter-per-a-rescatar-a-una-persona-en-la-pujada-dolta\/#article","isPartOf":{"@id":"https:\/\/radiolitoral.com\/2024\/10\/mobilitzat-un-helicopter-per-a-rescatar-a-una-persona-en-la-pujada-dolta\/"},"author":{"name":"Redacci\u00f3n","@id":"https:\/\/radiolitoral.com\/#\/schema\/person\/96b739642eb3bedb532aac3812d23307"},"headline":"Mobilitzat un helic\u00f2pter per a rescatar a una persona en la pujada d&#8217;Olt\u00e0","datePublished":"2024-10-16T14:23:26+00:00","dateModified":"2024-10-16T16:38:02+00:00","mainEntityOfPage":{"@id":"https:\/\/radiolitoral.com\/2024\/10\/mobilitzat-un-helicopter-per-a-rescatar-a-una-persona-en-la-pujada-dolta\/"},"wordCount":114,"commentCount":0,"publisher":{"@id":"https:\/\/radiolitoral.com\/#organization"},"image":{"@id":"https:\/\/radiolitoral.com\/2024\/10\/mobilitzat-un-helicopter-per-a-rescatar-a-una-persona-en-la-pujada-dolta\/#primaryimage"},"thumbnailUrl":"https:\/\/media.radiolitoral.com\/wp-content\/uploads\/2024\/05\/06121304\/rescate-helicoptero-1-e1729088446185.jpeg","keywords":["Benissa","rescate","sucesos"],"articleSection":["Sucesos"],"inLanguage":"ca","potentialAction":[{"@type":"CommentAction","name":"Comment","target":["https:\/\/radiolitoral.com\/2024\/10\/mobilitzat-un-helicopter-per-a-rescatar-a-una-persona-en-la-pujada-dolta\/#respond"]}]},{"@type":["WebPage","ItemPage"],"@id":"https:\/\/radiolitoral.com\/2024\/10\/mobilitzat-un-helicopter-per-a-rescatar-a-una-persona-en-la-pujada-dolta\/","url":"https:\/\/radiolitoral.com\/2024\/10\/mobilitzat-un-helicopter-per-a-rescatar-a-una-persona-en-la-pujada-dolta\/","name":"Mobilitzat un helic\u00f2pter per rescatar una persona a la pujada d&#039;Olt\u00e0 | R\u00e0dio Litoral","isPartOf":{"@id":"https:\/\/radiolitoral.com\/#website"},"primaryImageOfPage":{"@id":"https:\/\/radiolitoral.com\/2024\/10\/mobilitzat-un-helicopter-per-a-rescatar-a-una-persona-en-la-pujada-dolta\/#primaryimage"},"image":{"@id":"https:\/\/radiolitoral.com\/2024\/10\/mobilitzat-un-helicopter-per-a-rescatar-a-una-persona-en-la-pujada-dolta\/#primaryimage"},"thumbnailUrl":"https:\/\/media.radiolitoral.com\/wp-content\/uploads\/2024\/05\/06121304\/rescate-helicoptero-1-e1729088446185.jpeg","datePublished":"2024-10-16T14:23:26+00:00","dateModified":"2024-10-16T16:38:02+00:00","description":"Els serveis d&#039;emerg\u00e8ncia intentar assistir a la v\u00edctima per\u00f2 moria al lloc","breadcrumb":{"@id":"https:\/\/radiolitoral.com\/2024\/10\/mobilitzat-un-helicopter-per-a-rescatar-a-una-persona-en-la-pujada-dolta\/#breadcrumb"},"inLanguage":"ca","potentialAction":[{"@type":"ReadAction","target":["https:\/\/radiolitoral.com\/2024\/10\/mobilitzat-un-helicopter-per-a-rescatar-a-una-persona-en-la-pujada-dolta\/"]}]},{"@type":"ImageObject","inLanguage":"ca","@id":"https:\/\/radiolitoral.com\/2024\/10\/mobilitzat-un-helicopter-per-a-rescatar-a-una-persona-en-la-pujada-dolta\/#primaryimage","url":"https:\/\/media.radiolitoral.com\/wp-content\/uploads\/2024\/05\/06121304\/rescate-helicoptero-1-e1729088446185.jpeg","contentUrl":"https:\/\/media.radiolitoral.com\/wp-content\/uploads\/2024\/05\/06121304\/rescate-helicoptero-1-e1729088446185.jpeg","width":1072,"height":994},{"@type":"BreadcrumbList","@id":"https:\/\/radiolitoral.com\/2024\/10\/mobilitzat-un-helicopter-per-a-rescatar-a-una-persona-en-la-pujada-dolta\/#breadcrumb","itemListElement":[{"@type":"ListItem","position":1,"name":"Portada","item":"https:\/\/radiolitoral.com\/"},{"@type":"ListItem","position":2,"name":"Mobilitzat un helic\u00f2pter per a rescatar a una persona en la pujada d&#8217;Olt\u00e0"}]},{"@type":"WebSite","@id":"https:\/\/radiolitoral.com\/#website","url":"https:\/\/radiolitoral.com\/","name":"R\u00e0dio Litoral","description":"La r\u00e0dio local de la Marina Alta","publisher":{"@id":"https:\/\/radiolitoral.com\/#organization"},"alternateName":"Litoral FM","potentialAction":[{"@type":"SearchAction","target":{"@type":"EntryPoint","urlTemplate":"https:\/\/radiolitoral.com\/?s={search_term_string}"},"query-input":{"@type":"PropertyValueSpecification","valueRequired":true,"valueName":"search_term_string"}}],"inLanguage":"ca"},{"@type":"Organization","@id":"https:\/\/radiolitoral.com\/#organization","name":"R\u00e0dio Litoral","url":"https:\/\/radiolitoral.com\/","logo":{"@type":"ImageObject","inLanguage":"ca","@id":"https:\/\/radiolitoral.com\/#\/schema\/logo\/image\/","url":"https:\/\/media.radiolitoral.com\/wp-content\/uploads\/2023\/02\/24143238\/CL-V-RadioLitoral696.png","contentUrl":"https:\/\/media.radiolitoral.com\/wp-content\/uploads\/2023\/02\/24143238\/CL-V-RadioLitoral696.png","width":696,"height":696,"caption":"Radio Litoral"},"image":{"@id":"https:\/\/radiolitoral.com\/#\/schema\/logo\/image\/"},"sameAs":["https:\/\/www.facebook.com\/Laradiolitoral\/"]},{"@type":"Person","@id":"https:\/\/radiolitoral.com\/#\/schema\/person\/96b739642eb3bedb532aac3812d23307","name":"Redacci\u00f3","image":{"@type":"ImageObject","inLanguage":"ca","@id":"https:\/\/secure.gravatar.com\/avatar\/30cd06129ee90411dd9c7cbdcf17464181d1a3c7b072e92070ea75a25cf0097e?s=96&d=mm&r=g","url":"https:\/\/secure.gravatar.com\/avatar\/30cd06129ee90411dd9c7cbdcf17464181d1a3c7b072e92070ea75a25cf0097e?s=96&d=mm&r=g","contentUrl":"https:\/\/secure.gravatar.com\/avatar\/30cd06129ee90411dd9c7cbdcf17464181d1a3c7b072e92070ea75a25cf0097e?s=96&d=mm&r=g","caption":"Redacci\u00f3n"},"url":"https:\/\/radiolitoral.com\/ca\/author\/kevin-carrio\/"}]}},"_links":{"self":[{"href":"https:\/\/radiolitoral.com\/ca\/wp-json\/wp\/v2\/posts\/12414","targetHints":{"allow":["GET"]}}],"collection":[{"href":"https:\/\/radiolitoral.com\/ca\/wp-json\/wp\/v2\/posts"}],"about":[{"href":"https:\/\/radiolitoral.com\/ca\/wp-json\/wp\/v2\/types\/post"}],"author":[{"embeddable":true,"href":"https:\/\/radiolitoral.com\/ca\/wp-json\/wp\/v2\/users\/14"}],"replies":[{"embeddable":true,"href":"https:\/\/radiolitoral.com\/ca\/wp-json\/wp\/v2\/comments?post=12414"}],"version-history":[{"count":5,"href":"https:\/\/radiolitoral.com\/ca\/wp-json\/wp\/v2\/posts\/12414\/revisions"}],"predecessor-version":[{"id":12420,"href":"https:\/\/radiolitoral.com\/ca\/wp-json\/wp\/v2\/posts\/12414\/revisions\/12420"}],"wp:featuredmedia":[{"embeddable":true,"href":"https:\/\/radiolitoral.com\/ca\/wp-json\/wp\/v2\/media\/8693"}],"wp:attachment":[{"href":"https:\/\/radiolitoral.com\/ca\/wp-json\/wp\/v2\/media?parent=12414"}],"wp:term":[{"taxonomy":"category","embeddable":true,"href":"https:\/\/radiolitoral.com\/ca\/wp-json\/wp\/v2\/categories?post=12414"},{"taxonomy":"post_tag","embeddable":true,"href":"https:\/\/radiolitoral.com\/ca\/wp-json\/wp\/v2\/tags?post=12414"}],"curies":[{"name":"wp","href":"https:\/\/api.w.org\/{rel}","templated":true}]}}