{"id":12363,"date":"2024-10-15T10:58:50","date_gmt":"2024-10-15T08:58:50","guid":{"rendered":"https:\/\/radiolitoral.com\/?p=12363"},"modified":"2024-10-15T10:58:50","modified_gmt":"2024-10-15T08:58:50","slug":"el-racing-ondarenc-va-guanyar-el-cfs-denier-a-la-nostra-copa","status":"publish","type":"post","link":"https:\/\/radiolitoral.com\/ca\/2024\/10\/el-racing-ondarense-va-guanyar-al-cfs-dianense-en-la-nostra-copa\/","title":{"rendered":"El Racing Ondarense va guanyar el CFS Dianense a la Nostra Copa"},"content":{"rendered":"<p>El derbi de la Marina Alta a la segona eliminat\u00f2ria de la <strong>Nostra Copa de futbol sala<\/strong> es va saldar amb vict\u00f2ria del <strong>Racing Ondarense<\/strong> davant el <strong>CFS Dianense-Rte Mena<\/strong>\u00a0per <strong>4 a 2<\/strong>. El partit es va disputar al pavell\u00f3 municipal d&#039;Ondara el dijous passat presentant una gran entrada.<\/p>\n<p>S&#039;avan\u00e7aria el conjunt visitant al minut 4 de partit gr\u00e0cies al gol de Rub\u00e9n Puigcerver. Poc durar\u00e0 l&#039;alegria dels dianencs, ja que un minut despr\u00e9s posaria l&#039;empat al marcador el capit\u00e0\u00a0<span class=\"hiddenSpellError\">ondarenc<\/span>\u00a0<span class=\"hiddenSpellError\">\u00c0lex<\/span>\u00a0P\u00e9rez.<\/p>\n<p>A partir de l&#039;empat el partit va ser dominat per l&#039;equip local avan\u00e7ant-se al marcador faltant 2 segons per al descans amb un gran gol de\u00a0<span class=\"hiddenSpellError\">Nic<\/span>\u00a0Mar\u00ed despr\u00e9s de jugada individual.<\/p>\n<p>A la segona part el conjunt\u00a0<span class=\"hiddenSpellError\">denier<\/span>\u00a0va intentar portar el control del joc per\u00f2 la bona defensa local va impedir que gener\u00e9s ocasions clars de gol. Els\u00a0<span class=\"hiddenSpellError\">ondarencs<\/span>\u00a0van gaudir de nombroses ocasions de gol, finalitzant el partit amb un 4 a 2 que els permet accedir a la tercera ronda de la III Nostra\u00a0<span class=\"hiddenGrammarError\" style=\"padding-bottom: 2px; background-image: url('..\/..\/..\/..\/..\/images\/squiggle.png'); background-repeat: repeat-x; background-position: left bottom; vertical-align: text-top; cursor: default; color: #565353; font-family: Arial, Helvetica, Verdana, sans-serif; font-size: 18px; font-style: normal; font-variant-ligatures: normal; font-variant-caps: normal; font-weight: 400; letter-spacing: normal; orphans: 2; text-align: start; text-indent: 0px; text-transform: none; widows: 2; word-spacing: 0px; -webkit-text-stroke-width: 0px; white-space: normal; background-color: #ffffff; text-decoration-thickness: initial; text-decoration-style: initial; text-decoration-color: initial;\">Copa<\/span><\/p>","protected":false},"excerpt":{"rendered":"<p>El derbi de la Marina Alta en la segona eliminat\u00f2ria de la Nostra Copa de futbol sala es va saldar amb vict\u00f2ria del Racing Ondarense ante el CFS Dianense-Rte Mena\u00a0per 4 a 2. El partit es va disputar en el pavell\u00f3 municipal d&#8217;Ondara dijous passat presentant una gran entrada. S&#8217;avan\u00e7aria el conjunt visitant en el [&#8230;]<\/p>\n<p><a class=\"btn btn-secondary understrap-read-more-link\" href=\"https:\/\/radiolitoral.com\/ca\/2024\/10\/el-racing-ondarense-va-guanyar-al-cfs-dianense-en-la-nostra-copa\/\">Continua llegint&#8230;<span class=\"screen-reader-text\"> from El Racing Ondarense va guanyar al CFS Dianense en la Nostra Copa<\/span><\/a><\/p>\n","protected":false},"author":12,"featured_media":12364,"comment_status":"open","ping_status":"closed","sticky":false,"template":"","format":"standard","meta":{"_acf_changed":false,"inline_featured_image":false,"footnotes":""},"categories":[5],"tags":[2325,6,2239],"class_list":["post-12363","post","type-post","status-publish","format-standard","has-post-thumbnail","hentry","category-deportes","tag-cfs-dianense-rte-mena","tag-deportes","tag-racing-ondarense","cobertura-ondara"],"acf":[],"yoast_head":"<!-- This site is optimized with the Yoast SEO plugin v27.5 - https:\/\/yoast.com\/product\/yoast-seo-wordpress\/ -->\n<title>El Racing Ondarense va guanyar al CFS Dianense en la Nostra Copa | R\u00e0dio Litoral<\/title>\n<meta name=\"description\" content=\"L&#039;equip d&#039;Ondara va v\u00e9ncer per 4 a 2 havent de remuntar el gol inicial marcat per Rub\u00e9n PuigcerverL&#039;equip d&#039;Ondara va v\u00e9ncer per 4 a 2 havent de remuntar el gol inicial marcat per Rub\u00e9n Puigcerver\" \/>\n<meta name=\"robots\" content=\"index, follow, max-snippet:-1, max-image-preview:large, max-video-preview:-1\" \/>\n<link rel=\"canonical\" href=\"https:\/\/radiolitoral.com\/ca\/2024\/10\/el-racing-ondarenc-va-guanyar-el-cfs-denier-a-la-nostra-copa\/\" \/>\n<meta property=\"og:locale\" content=\"ca_ES\" \/>\n<meta property=\"og:type\" content=\"article\" \/>\n<meta property=\"og:title\" content=\"El Racing Ondarense va guanyar al CFS Dianense en la Nostra Copa | R\u00e0dio Litoral\" \/>\n<meta property=\"og:description\" content=\"L&#039;equip d&#039;Ondara va v\u00e9ncer per 4 a 2 havent de remuntar el gol inicial marcat per Rub\u00e9n PuigcerverL&#039;equip d&#039;Ondara va v\u00e9ncer per 4 a 2 havent de remuntar el gol inicial marcat per Rub\u00e9n Puigcerver\" \/>\n<meta property=\"og:url\" content=\"https:\/\/radiolitoral.com\/ca\/2024\/10\/el-racing-ondarenc-va-guanyar-el-cfs-denier-a-la-nostra-copa\/\" \/>\n<meta property=\"og:site_name\" content=\"R\u00e0dio Litoral\" \/>\n<meta property=\"article:publisher\" content=\"https:\/\/www.facebook.com\/Laradiolitoral\/\" \/>\n<meta property=\"article:published_time\" content=\"2024-10-15T08:58:50+00:00\" \/>\n<meta property=\"og:image\" content=\"https:\/\/media.radiolitoral.com\/wp-content\/uploads\/2024\/10\/15105829\/Equio-del-R.-Ondarense-ante-el-CFS-Dianense.jpg\" \/>\n\t<meta property=\"og:image:width\" content=\"1024\" \/>\n\t<meta property=\"og:image:height\" content=\"724\" \/>\n\t<meta property=\"og:image:type\" content=\"image\/jpeg\" \/>\n<meta name=\"author\" content=\"Javier Zamora\" \/>\n<meta name=\"twitter:card\" content=\"summary_large_image\" \/>\n<meta name=\"twitter:label1\" content=\"Escrit per\" \/>\n\t<meta name=\"twitter:data1\" content=\"Javier Zamora\" \/>\n\t<meta name=\"twitter:label2\" content=\"Temps estimat de lectura\" \/>\n\t<meta name=\"twitter:data2\" content=\"2 minuts\" \/>\n<script type=\"application\/ld+json\" class=\"yoast-schema-graph\">{\"@context\":\"https:\\\/\\\/schema.org\",\"@graph\":[{\"@type\":\"NewsArticle\",\"@id\":\"https:\\\/\\\/radiolitoral.com\\\/2024\\\/10\\\/el-racing-ondarense-va-guanyar-al-cfs-dianense-en-la-nostra-copa\\\/#article\",\"isPartOf\":{\"@id\":\"https:\\\/\\\/radiolitoral.com\\\/2024\\\/10\\\/el-racing-ondarense-va-guanyar-al-cfs-dianense-en-la-nostra-copa\\\/\"},\"author\":{\"name\":\"Javier Zamora\",\"@id\":\"https:\\\/\\\/radiolitoral.com\\\/#\\\/schema\\\/person\\\/7b1480b5caeb5acdd4ec6379caf62b22\"},\"headline\":\"El Racing Ondarense va guanyar al CFS Dianense en la Nostra Copa\",\"datePublished\":\"2024-10-15T08:58:50+00:00\",\"mainEntityOfPage\":{\"@id\":\"https:\\\/\\\/radiolitoral.com\\\/2024\\\/10\\\/el-racing-ondarense-va-guanyar-al-cfs-dianense-en-la-nostra-copa\\\/\"},\"wordCount\":199,\"commentCount\":0,\"publisher\":{\"@id\":\"https:\\\/\\\/radiolitoral.com\\\/#organization\"},\"image\":{\"@id\":\"https:\\\/\\\/radiolitoral.com\\\/2024\\\/10\\\/el-racing-ondarense-va-guanyar-al-cfs-dianense-en-la-nostra-copa\\\/#primaryimage\"},\"thumbnailUrl\":\"https:\\\/\\\/media.radiolitoral.com\\\/wp-content\\\/uploads\\\/2024\\\/10\\\/15105829\\\/Equio-del-R.-Ondarense-ante-el-CFS-Dianense.jpg\",\"keywords\":[\"CFS\u00a0Dianense\u00a0Rte\u00a0Mena\",\"deportes\",\"Racing\u00a0Ondarense\"],\"articleSection\":[\"Deportes\"],\"inLanguage\":\"ca\",\"potentialAction\":[{\"@type\":\"CommentAction\",\"name\":\"Comment\",\"target\":[\"https:\\\/\\\/radiolitoral.com\\\/2024\\\/10\\\/el-racing-ondarense-va-guanyar-al-cfs-dianense-en-la-nostra-copa\\\/#respond\"]}]},{\"@type\":[\"WebPage\",\"ItemPage\"],\"@id\":\"https:\\\/\\\/radiolitoral.com\\\/2024\\\/10\\\/el-racing-ondarense-va-guanyar-al-cfs-dianense-en-la-nostra-copa\\\/\",\"url\":\"https:\\\/\\\/radiolitoral.com\\\/2024\\\/10\\\/el-racing-ondarense-va-guanyar-al-cfs-dianense-en-la-nostra-copa\\\/\",\"name\":\"El Racing Ondarense va guanyar al CFS Dianense en la Nostra Copa | R\u00e0dio Litoral\",\"isPartOf\":{\"@id\":\"https:\\\/\\\/radiolitoral.com\\\/#website\"},\"primaryImageOfPage\":{\"@id\":\"https:\\\/\\\/radiolitoral.com\\\/2024\\\/10\\\/el-racing-ondarense-va-guanyar-al-cfs-dianense-en-la-nostra-copa\\\/#primaryimage\"},\"image\":{\"@id\":\"https:\\\/\\\/radiolitoral.com\\\/2024\\\/10\\\/el-racing-ondarense-va-guanyar-al-cfs-dianense-en-la-nostra-copa\\\/#primaryimage\"},\"thumbnailUrl\":\"https:\\\/\\\/media.radiolitoral.com\\\/wp-content\\\/uploads\\\/2024\\\/10\\\/15105829\\\/Equio-del-R.-Ondarense-ante-el-CFS-Dianense.jpg\",\"datePublished\":\"2024-10-15T08:58:50+00:00\",\"description\":\"L'equip d'Ondara va v\u00e9ncer per 4 a 2 havent de remuntar el gol inicial marcat per Rub\u00e9n PuigcerverL'equip d'Ondara va v\u00e9ncer per 4 a 2 havent de remuntar el gol inicial marcat per Rub\u00e9n Puigcerver\",\"breadcrumb\":{\"@id\":\"https:\\\/\\\/radiolitoral.com\\\/2024\\\/10\\\/el-racing-ondarense-va-guanyar-al-cfs-dianense-en-la-nostra-copa\\\/#breadcrumb\"},\"inLanguage\":\"ca\",\"potentialAction\":[{\"@type\":\"ReadAction\",\"target\":[\"https:\\\/\\\/radiolitoral.com\\\/2024\\\/10\\\/el-racing-ondarense-va-guanyar-al-cfs-dianense-en-la-nostra-copa\\\/\"]}]},{\"@type\":\"ImageObject\",\"inLanguage\":\"ca\",\"@id\":\"https:\\\/\\\/radiolitoral.com\\\/2024\\\/10\\\/el-racing-ondarense-va-guanyar-al-cfs-dianense-en-la-nostra-copa\\\/#primaryimage\",\"url\":\"https:\\\/\\\/media.radiolitoral.com\\\/wp-content\\\/uploads\\\/2024\\\/10\\\/15105829\\\/Equio-del-R.-Ondarense-ante-el-CFS-Dianense.jpg\",\"contentUrl\":\"https:\\\/\\\/media.radiolitoral.com\\\/wp-content\\\/uploads\\\/2024\\\/10\\\/15105829\\\/Equio-del-R.-Ondarense-ante-el-CFS-Dianense.jpg\",\"width\":1024,\"height\":724},{\"@type\":\"BreadcrumbList\",\"@id\":\"https:\\\/\\\/radiolitoral.com\\\/2024\\\/10\\\/el-racing-ondarense-va-guanyar-al-cfs-dianense-en-la-nostra-copa\\\/#breadcrumb\",\"itemListElement\":[{\"@type\":\"ListItem\",\"position\":1,\"name\":\"Portada\",\"item\":\"https:\\\/\\\/radiolitoral.com\\\/\"},{\"@type\":\"ListItem\",\"position\":2,\"name\":\"El Racing Ondarense va guanyar al CFS Dianense en la Nostra Copa\"}]},{\"@type\":\"WebSite\",\"@id\":\"https:\\\/\\\/radiolitoral.com\\\/#website\",\"url\":\"https:\\\/\\\/radiolitoral.com\\\/\",\"name\":\"Radio Litoral\",\"description\":\"La radio local de la Marina Alta\",\"publisher\":{\"@id\":\"https:\\\/\\\/radiolitoral.com\\\/#organization\"},\"alternateName\":\"Litoral FM\",\"potentialAction\":[{\"@type\":\"SearchAction\",\"target\":{\"@type\":\"EntryPoint\",\"urlTemplate\":\"https:\\\/\\\/radiolitoral.com\\\/?s={search_term_string}\"},\"query-input\":{\"@type\":\"PropertyValueSpecification\",\"valueRequired\":true,\"valueName\":\"search_term_string\"}}],\"inLanguage\":\"ca\"},{\"@type\":\"Organization\",\"@id\":\"https:\\\/\\\/radiolitoral.com\\\/#organization\",\"name\":\"Radio Litoral\",\"url\":\"https:\\\/\\\/radiolitoral.com\\\/\",\"logo\":{\"@type\":\"ImageObject\",\"inLanguage\":\"ca\",\"@id\":\"https:\\\/\\\/radiolitoral.com\\\/#\\\/schema\\\/logo\\\/image\\\/\",\"url\":\"https:\\\/\\\/media.radiolitoral.com\\\/wp-content\\\/uploads\\\/2023\\\/02\\\/24143238\\\/CL-V-RadioLitoral696.png\",\"contentUrl\":\"https:\\\/\\\/media.radiolitoral.com\\\/wp-content\\\/uploads\\\/2023\\\/02\\\/24143238\\\/CL-V-RadioLitoral696.png\",\"width\":696,\"height\":696,\"caption\":\"Radio Litoral\"},\"image\":{\"@id\":\"https:\\\/\\\/radiolitoral.com\\\/#\\\/schema\\\/logo\\\/image\\\/\"},\"sameAs\":[\"https:\\\/\\\/www.facebook.com\\\/Laradiolitoral\\\/\"]},{\"@type\":\"Person\",\"@id\":\"https:\\\/\\\/radiolitoral.com\\\/#\\\/schema\\\/person\\\/7b1480b5caeb5acdd4ec6379caf62b22\",\"name\":\"Javier Zamora\",\"image\":{\"@type\":\"ImageObject\",\"inLanguage\":\"ca\",\"@id\":\"https:\\\/\\\/secure.gravatar.com\\\/avatar\\\/467a11f6918c7d619c4043fc6fa2d3853053107973f05b6e9c04ea6c4e3a7b3f?s=96&d=mm&r=g\",\"url\":\"https:\\\/\\\/secure.gravatar.com\\\/avatar\\\/467a11f6918c7d619c4043fc6fa2d3853053107973f05b6e9c04ea6c4e3a7b3f?s=96&d=mm&r=g\",\"contentUrl\":\"https:\\\/\\\/secure.gravatar.com\\\/avatar\\\/467a11f6918c7d619c4043fc6fa2d3853053107973f05b6e9c04ea6c4e3a7b3f?s=96&d=mm&r=g\",\"caption\":\"Javier Zamora\"},\"url\":\"https:\\\/\\\/radiolitoral.com\\\/ca\\\/author\\\/javier-zamora\\\/\"}]}<\/script>\n<!-- \/ Yoast SEO plugin. -->","yoast_head_json":{"title":"El Racing Ondarense guanya el CFS Dianense a la nostra Copa | R\u00e0dio Litoral","description":"L&#039;equip d&#039;Ondara va v\u00e8ncer per 4 a 2 havent de remontar el gol inicial marcat per Rub\u00e9n Puigcerver","robots":{"index":"index","follow":"follow","max-snippet":"max-snippet:-1","max-image-preview":"max-image-preview:large","max-video-preview":"max-video-preview:-1"},"canonical":"https:\/\/radiolitoral.com\/ca\/2024\/10\/el-racing-ondarenc-va-guanyar-el-cfs-denier-a-la-nostra-copa\/","og_locale":"ca_ES","og_type":"article","og_title":"El Racing Ondarense va guanyar al CFS Dianense en la Nostra Copa | R\u00e0dio Litoral","og_description":"L'equip d'Ondara va v\u00e9ncer per 4 a 2 havent de remuntar el gol inicial marcat per Rub\u00e9n PuigcerverL'equip d'Ondara va v\u00e9ncer per 4 a 2 havent de remuntar el gol inicial marcat per Rub\u00e9n Puigcerver","og_url":"https:\/\/radiolitoral.com\/ca\/2024\/10\/el-racing-ondarenc-va-guanyar-el-cfs-denier-a-la-nostra-copa\/","og_site_name":"R\u00e0dio Litoral","article_publisher":"https:\/\/www.facebook.com\/Laradiolitoral\/","article_published_time":"2024-10-15T08:58:50+00:00","og_image":[{"width":1024,"height":724,"url":"https:\/\/media.radiolitoral.com\/wp-content\/uploads\/2024\/10\/15105829\/Equio-del-R.-Ondarense-ante-el-CFS-Dianense.jpg","type":"image\/jpeg"}],"author":"Javier Zamora","twitter_card":"summary_large_image","twitter_misc":{"Escrit per":"Javier Zamora","Temps estimat de lectura":"2 minuts"},"schema":{"@context":"https:\/\/schema.org","@graph":[{"@type":"NewsArticle","@id":"https:\/\/radiolitoral.com\/2024\/10\/el-racing-ondarense-va-guanyar-al-cfs-dianense-en-la-nostra-copa\/#article","isPartOf":{"@id":"https:\/\/radiolitoral.com\/2024\/10\/el-racing-ondarense-va-guanyar-al-cfs-dianense-en-la-nostra-copa\/"},"author":{"name":"Javier Zamora","@id":"https:\/\/radiolitoral.com\/#\/schema\/person\/7b1480b5caeb5acdd4ec6379caf62b22"},"headline":"El Racing Ondarense va guanyar al CFS Dianense en la Nostra Copa","datePublished":"2024-10-15T08:58:50+00:00","mainEntityOfPage":{"@id":"https:\/\/radiolitoral.com\/2024\/10\/el-racing-ondarense-va-guanyar-al-cfs-dianense-en-la-nostra-copa\/"},"wordCount":199,"commentCount":0,"publisher":{"@id":"https:\/\/radiolitoral.com\/#organization"},"image":{"@id":"https:\/\/radiolitoral.com\/2024\/10\/el-racing-ondarense-va-guanyar-al-cfs-dianense-en-la-nostra-copa\/#primaryimage"},"thumbnailUrl":"https:\/\/media.radiolitoral.com\/wp-content\/uploads\/2024\/10\/15105829\/Equio-del-R.-Ondarense-ante-el-CFS-Dianense.jpg","keywords":["CFS\u00a0Dianense\u00a0Rte\u00a0Mena","deportes","Racing\u00a0Ondarense"],"articleSection":["Deportes"],"inLanguage":"ca","potentialAction":[{"@type":"CommentAction","name":"Comment","target":["https:\/\/radiolitoral.com\/2024\/10\/el-racing-ondarense-va-guanyar-al-cfs-dianense-en-la-nostra-copa\/#respond"]}]},{"@type":["WebPage","ItemPage"],"@id":"https:\/\/radiolitoral.com\/2024\/10\/el-racing-ondarense-va-guanyar-al-cfs-dianense-en-la-nostra-copa\/","url":"https:\/\/radiolitoral.com\/2024\/10\/el-racing-ondarense-va-guanyar-al-cfs-dianense-en-la-nostra-copa\/","name":"El Racing Ondarense guanya el CFS Dianense a la nostra Copa | R\u00e0dio Litoral","isPartOf":{"@id":"https:\/\/radiolitoral.com\/#website"},"primaryImageOfPage":{"@id":"https:\/\/radiolitoral.com\/2024\/10\/el-racing-ondarense-va-guanyar-al-cfs-dianense-en-la-nostra-copa\/#primaryimage"},"image":{"@id":"https:\/\/radiolitoral.com\/2024\/10\/el-racing-ondarense-va-guanyar-al-cfs-dianense-en-la-nostra-copa\/#primaryimage"},"thumbnailUrl":"https:\/\/media.radiolitoral.com\/wp-content\/uploads\/2024\/10\/15105829\/Equio-del-R.-Ondarense-ante-el-CFS-Dianense.jpg","datePublished":"2024-10-15T08:58:50+00:00","description":"L&#039;equip d&#039;Ondara va v\u00e8ncer per 4 a 2 havent de remontar el gol inicial marcat per Rub\u00e9n Puigcerver","breadcrumb":{"@id":"https:\/\/radiolitoral.com\/2024\/10\/el-racing-ondarense-va-guanyar-al-cfs-dianense-en-la-nostra-copa\/#breadcrumb"},"inLanguage":"ca","potentialAction":[{"@type":"ReadAction","target":["https:\/\/radiolitoral.com\/2024\/10\/el-racing-ondarense-va-guanyar-al-cfs-dianense-en-la-nostra-copa\/"]}]},{"@type":"ImageObject","inLanguage":"ca","@id":"https:\/\/radiolitoral.com\/2024\/10\/el-racing-ondarense-va-guanyar-al-cfs-dianense-en-la-nostra-copa\/#primaryimage","url":"https:\/\/media.radiolitoral.com\/wp-content\/uploads\/2024\/10\/15105829\/Equio-del-R.-Ondarense-ante-el-CFS-Dianense.jpg","contentUrl":"https:\/\/media.radiolitoral.com\/wp-content\/uploads\/2024\/10\/15105829\/Equio-del-R.-Ondarense-ante-el-CFS-Dianense.jpg","width":1024,"height":724},{"@type":"BreadcrumbList","@id":"https:\/\/radiolitoral.com\/2024\/10\/el-racing-ondarense-va-guanyar-al-cfs-dianense-en-la-nostra-copa\/#breadcrumb","itemListElement":[{"@type":"ListItem","position":1,"name":"Portada","item":"https:\/\/radiolitoral.com\/"},{"@type":"ListItem","position":2,"name":"El Racing Ondarense va guanyar al CFS Dianense en la Nostra Copa"}]},{"@type":"WebSite","@id":"https:\/\/radiolitoral.com\/#website","url":"https:\/\/radiolitoral.com\/","name":"R\u00e0dio Litoral","description":"La r\u00e0dio local de la Marina Alta","publisher":{"@id":"https:\/\/radiolitoral.com\/#organization"},"alternateName":"Litoral FM","potentialAction":[{"@type":"SearchAction","target":{"@type":"EntryPoint","urlTemplate":"https:\/\/radiolitoral.com\/?s={search_term_string}"},"query-input":{"@type":"PropertyValueSpecification","valueRequired":true,"valueName":"search_term_string"}}],"inLanguage":"ca"},{"@type":"Organization","@id":"https:\/\/radiolitoral.com\/#organization","name":"R\u00e0dio Litoral","url":"https:\/\/radiolitoral.com\/","logo":{"@type":"ImageObject","inLanguage":"ca","@id":"https:\/\/radiolitoral.com\/#\/schema\/logo\/image\/","url":"https:\/\/media.radiolitoral.com\/wp-content\/uploads\/2023\/02\/24143238\/CL-V-RadioLitoral696.png","contentUrl":"https:\/\/media.radiolitoral.com\/wp-content\/uploads\/2023\/02\/24143238\/CL-V-RadioLitoral696.png","width":696,"height":696,"caption":"Radio Litoral"},"image":{"@id":"https:\/\/radiolitoral.com\/#\/schema\/logo\/image\/"},"sameAs":["https:\/\/www.facebook.com\/Laradiolitoral\/"]},{"@type":"Person","@id":"https:\/\/radiolitoral.com\/#\/schema\/person\/7b1480b5caeb5acdd4ec6379caf62b22","name":"Javier Zamora","image":{"@type":"ImageObject","inLanguage":"ca","@id":"https:\/\/secure.gravatar.com\/avatar\/467a11f6918c7d619c4043fc6fa2d3853053107973f05b6e9c04ea6c4e3a7b3f?s=96&d=mm&r=g","url":"https:\/\/secure.gravatar.com\/avatar\/467a11f6918c7d619c4043fc6fa2d3853053107973f05b6e9c04ea6c4e3a7b3f?s=96&d=mm&r=g","contentUrl":"https:\/\/secure.gravatar.com\/avatar\/467a11f6918c7d619c4043fc6fa2d3853053107973f05b6e9c04ea6c4e3a7b3f?s=96&d=mm&r=g","caption":"Javier Zamora"},"url":"https:\/\/radiolitoral.com\/ca\/author\/javier-zamora\/"}]}},"_links":{"self":[{"href":"https:\/\/radiolitoral.com\/ca\/wp-json\/wp\/v2\/posts\/12363","targetHints":{"allow":["GET"]}}],"collection":[{"href":"https:\/\/radiolitoral.com\/ca\/wp-json\/wp\/v2\/posts"}],"about":[{"href":"https:\/\/radiolitoral.com\/ca\/wp-json\/wp\/v2\/types\/post"}],"author":[{"embeddable":true,"href":"https:\/\/radiolitoral.com\/ca\/wp-json\/wp\/v2\/users\/12"}],"replies":[{"embeddable":true,"href":"https:\/\/radiolitoral.com\/ca\/wp-json\/wp\/v2\/comments?post=12363"}],"version-history":[{"count":2,"href":"https:\/\/radiolitoral.com\/ca\/wp-json\/wp\/v2\/posts\/12363\/revisions"}],"predecessor-version":[{"id":12366,"href":"https:\/\/radiolitoral.com\/ca\/wp-json\/wp\/v2\/posts\/12363\/revisions\/12366"}],"wp:featuredmedia":[{"embeddable":true,"href":"https:\/\/radiolitoral.com\/ca\/wp-json\/wp\/v2\/media\/12364"}],"wp:attachment":[{"href":"https:\/\/radiolitoral.com\/ca\/wp-json\/wp\/v2\/media?parent=12363"}],"wp:term":[{"taxonomy":"category","embeddable":true,"href":"https:\/\/radiolitoral.com\/ca\/wp-json\/wp\/v2\/categories?post=12363"},{"taxonomy":"post_tag","embeddable":true,"href":"https:\/\/radiolitoral.com\/ca\/wp-json\/wp\/v2\/tags?post=12363"}],"curies":[{"name":"wp","href":"https:\/\/api.w.org\/{rel}","templated":true}]}}