{"id":12331,"date":"2024-10-14T11:25:06","date_gmt":"2024-10-14T09:25:06","guid":{"rendered":"https:\/\/radiolitoral.com\/?p=12331"},"modified":"2024-10-14T11:25:06","modified_gmt":"2024-10-14T09:25:06","slug":"teulada-moraira-llanca-una-campanya-educativa-sobre-la-llei-de-benestar-animal","status":"publish","type":"post","link":"https:\/\/radiolitoral.com\/ca\/2024\/10\/teulada-moraira-llanca-una-campanya-educativa-sobre-la-llei-de-benestar-animal\/","title":{"rendered":"Teulada Moraira llen\u00e7a una campanya educativa sobre la Llei de Benestar Animal"},"content":{"rendered":"<p>La regidoria de Benestar Animal de l&#039;Ajuntament de Teulada, liderada per Susanne Katzgrau, ha iniciat una campanya informativa per conscienciar la ciutadania sobre les responsabilitats derivades de la nova Llei de Benestar Animal. Aquesta acci\u00f3 pret\u00e9n fomentar un ambient de conviv\u00e8ncia respetuosa entre els animals de companyia i els ve\u00efns, aix\u00ed com garantir el benestar dels animals.<\/p>\n<h4><strong>Tres eixos fonamentals per a la sensibilitzaci\u00f3<\/strong><\/h4>\n<p>La campanya se sustenta en tres pilars fonamentals: m\u00e0rqueting digital, m\u00e0rqueting directe i tallers presencials. Amb un enfoc integral, l&#039;objectiu \u00e9s que els ciutadans de Teulada Moraira estiguin plenament informats sobre la llei, com els afecta i qu\u00e8 poden fer per millorar la vida dels animals.<\/p>\n<h4><strong>M\u00e0rqueting Digital: acc\u00e9s f\u00e0cil a la informaci\u00f3<\/strong><\/h4>\n<p>L&#039;Ajuntament ha dissenyat una estrat\u00e8gia de m\u00e0rqueting digital que inclou la difusi\u00f3 de seis v\u00eddeos i dotze imatges a trav\u00e9s de les seves xarxes socials. A m\u00e9s, es crear\u00e0 un espai dedicat a la campanya a la p\u00e0gina web de l&#039;Ajuntament, on es podran consultar recursos \u00fatils sobre la nova llei, aix\u00ed com consells pr\u00e0ctics per a una millor conviv\u00e8ncia amb les mascotes. Aquest espai estar\u00e0 disponible a castell\u00e0, valenci\u00e0 i angl\u00e8s, assegurant que tota la ciutadania tingui acc\u00e9s a la informaci\u00f3 necess\u00e0ria.<\/p>\n<h4><strong>M\u00e0rqueting Directe: missatges en punts clau de la localitat<\/strong><\/h4>\n<p>Per augmentar l&#039;impacte de la campanya, s&#039;instal\u00b7laran plaques informatives als parcs canins, aix\u00ed com cartells a veterinari, peluqueries i botigues d&#039;animals. Aquests materials informatius contindran consells sobre civisme, higiene i les obligacions legals que els propietaris hauran de seguir segons la nova normativa.<\/p>\n<h4><strong>Tallers i xerrades: aprenentatge per a totes les edats<\/strong><\/h4>\n<p>A m\u00e9s de la difusi\u00f3 digital, la campanya inclour\u00e0 tallers i charles adre\u00e7ades a adults i nens. S&#039;ofereixen dos tallers gratu\u00efts d&#039;ensenyament positiu que dotaran els assistents de nocions b\u00e0siques per millorar el benestar de les seves mascotes. En col\u00b7laboraci\u00f3 amb el CEIP Sant Vicent Ferrer, tamb\u00e9 s&#039;organitzar\u00e0 una xerrada educativa amb un gos entrenat, enfocada a ensenyar als m\u00e9s petits com interactuar amb els animals de manera segura i respectuosa.<\/p>\n<p>Els participants en aquests esdeveniments rebran motxilles amb el lema \u201cEl meu gos mola, per\u00f2 jo tamb\u00e9\u201d, que contindran informaci\u00f3 gr\u00e0fica sobre els aspectes m\u00e9s importants de la llei. Tamb\u00e9 es distribuiran flyers informatius que especifiquessin els drets i deures dels ciutadans que tinguin mascots.<\/p>\n<p>Susanne Katzgrau destaca la import\u00e0ncia d&#039;aquesta campanya: \u201cAmb la nova Llei de Benestar Animal, \u00e9s essencial que la ciutadania estigui ben informada sobre les seves responsabilitats i les millors pr\u00e0ctiques per tenir cura de les seves mascotes. Volem que Teulada Moraira sigui un model en conviv\u00e8ncia i respecte cap als animals, i aquesta campanya \u00e9s un pas clau per aconseguir-ho\u201d.<\/p>\n<p>Katzgrau subratlla l&#039;aspecte accessible i entretingut de la campanya: \u201cEl nostre objectiu no \u00e9s nom\u00e9s informar, sin\u00f3 fer-ho d&#039;una manera que realment ressoni amb la gent. Hem apostat per v\u00eddeos, tallers i materials interactius que no nom\u00e9s eduquessin, sin\u00f3 que tamb\u00e9 crearan una experi\u00e8ncia positiva que sigui f\u00e0cil de recordar\u201d.<\/p>\n<p>Finalment, la regidora ha convidat a la participaci\u00f3 activa de la ciutadania: \u201cAnimem tots els ve\u00efns i ve\u00efnes de Teulada Moraira a participar als tallers i xerrades\u201d.<\/p>","protected":false},"excerpt":{"rendered":"<p>La regidoria de Benestar Animal de l&#8217;Ajuntament de Teulada, liderada per Susanne Katzgrau, ha iniciat una campanya informativa per conscienciar la ciutadania sobre les responsabilitats derivades de la nova Llei de Benestar Animal. Aquesta acci\u00f3 pret\u00e9n fomentar un ambient de conviv\u00e8ncia respectuosa entre els animals de companyia i els ve\u00efns, aix\u00ed com garantir el benestar [&#8230;]<\/p>\n<p><a class=\"btn btn-secondary understrap-read-more-link\" href=\"https:\/\/radiolitoral.com\/ca\/2024\/10\/teulada-moraira-llanca-una-campanya-educativa-sobre-la-llei-de-benestar-animal\/\">Continua llegint&#8230;<span class=\"screen-reader-text\"> from Teulada Moraira llan\u00e7a una campanya educativa sobre la Llei de Benestar Animal<\/span><\/a><\/p>\n","protected":false},"author":14,"featured_media":12332,"comment_status":"open","ping_status":"closed","sticky":false,"template":"","format":"standard","meta":{"_acf_changed":false,"inline_featured_image":false,"footnotes":""},"categories":[46],"tags":[989,89,1160,195],"class_list":["post-12331","post","type-post","status-publish","format-standard","has-post-thumbnail","hentry","category-sociedad","tag-bienestar-animal","tag-mascotas","tag-sociedad","tag-teulada-moraira","cobertura-teulada-moraira"],"acf":[],"yoast_head":"<!-- This site is optimized with the Yoast SEO plugin v27.5 - https:\/\/yoast.com\/product\/yoast-seo-wordpress\/ -->\n<title>Teulada Moraira llan\u00e7a una campanya educativa sobre la Llei de Benestar Animal | R\u00e0dio Litoral<\/title>\n<meta name=\"description\" content=\"La iniciativa inclou tallers i recursos digitals per millorar la conviv\u00e8ncia amb les mascotes\" \/>\n<meta name=\"robots\" content=\"index, follow, max-snippet:-1, max-image-preview:large, max-video-preview:-1\" \/>\n<link rel=\"canonical\" href=\"https:\/\/radiolitoral.com\/ca\/2024\/10\/teulada-moraira-llanca-una-campanya-educativa-sobre-la-llei-de-benestar-animal\/\" \/>\n<meta property=\"og:locale\" content=\"ca_ES\" \/>\n<meta property=\"og:type\" content=\"article\" \/>\n<meta property=\"og:title\" content=\"Teulada Moraira llan\u00e7a una campanya educativa sobre la Llei de Benestar Animal | R\u00e0dio Litoral\" \/>\n<meta property=\"og:description\" content=\"La iniciativa inclou tallers i recursos digitals per millorar la conviv\u00e8ncia amb les mascotes\" \/>\n<meta property=\"og:url\" content=\"https:\/\/radiolitoral.com\/ca\/2024\/10\/teulada-moraira-llanca-una-campanya-educativa-sobre-la-llei-de-benestar-animal\/\" \/>\n<meta property=\"og:site_name\" content=\"R\u00e0dio Litoral\" \/>\n<meta property=\"article:publisher\" content=\"https:\/\/www.facebook.com\/Laradiolitoral\/\" \/>\n<meta property=\"article:published_time\" content=\"2024-10-14T09:25:06+00:00\" \/>\n<meta property=\"og:image\" content=\"https:\/\/media.radiolitoral.com\/wp-content\/uploads\/2024\/10\/14112324\/Ley-Bienestar-Animal-scaled.jpeg\" \/>\n\t<meta property=\"og:image:width\" content=\"2560\" \/>\n\t<meta property=\"og:image:height\" content=\"1920\" \/>\n\t<meta property=\"og:image:type\" content=\"image\/jpeg\" \/>\n<meta name=\"author\" content=\"Redacci\u00f3n\" \/>\n<meta name=\"twitter:card\" content=\"summary_large_image\" \/>\n<meta name=\"twitter:label1\" content=\"Escrit per\" \/>\n\t<meta name=\"twitter:data1\" content=\"Redacci\u00f3n\" \/>\n\t<meta name=\"twitter:label2\" content=\"Temps estimat de lectura\" \/>\n\t<meta name=\"twitter:data2\" content=\"3 minuts\" \/>\n<script type=\"application\/ld+json\" class=\"yoast-schema-graph\">{\"@context\":\"https:\\\/\\\/schema.org\",\"@graph\":[{\"@type\":\"NewsArticle\",\"@id\":\"https:\\\/\\\/radiolitoral.com\\\/2024\\\/10\\\/teulada-moraira-llanca-una-campanya-educativa-sobre-la-llei-de-benestar-animal\\\/#article\",\"isPartOf\":{\"@id\":\"https:\\\/\\\/radiolitoral.com\\\/2024\\\/10\\\/teulada-moraira-llanca-una-campanya-educativa-sobre-la-llei-de-benestar-animal\\\/\"},\"author\":{\"name\":\"Redacci\u00f3n\",\"@id\":\"https:\\\/\\\/radiolitoral.com\\\/#\\\/schema\\\/person\\\/96b739642eb3bedb532aac3812d23307\"},\"headline\":\"Teulada Moraira llan\u00e7a una campanya educativa sobre la Llei de Benestar Animal\",\"datePublished\":\"2024-10-14T09:25:06+00:00\",\"mainEntityOfPage\":{\"@id\":\"https:\\\/\\\/radiolitoral.com\\\/2024\\\/10\\\/teulada-moraira-llanca-una-campanya-educativa-sobre-la-llei-de-benestar-animal\\\/\"},\"wordCount\":578,\"commentCount\":0,\"publisher\":{\"@id\":\"https:\\\/\\\/radiolitoral.com\\\/#organization\"},\"image\":{\"@id\":\"https:\\\/\\\/radiolitoral.com\\\/2024\\\/10\\\/teulada-moraira-llanca-una-campanya-educativa-sobre-la-llei-de-benestar-animal\\\/#primaryimage\"},\"thumbnailUrl\":\"https:\\\/\\\/media.radiolitoral.com\\\/wp-content\\\/uploads\\\/2024\\\/10\\\/14112324\\\/Ley-Bienestar-Animal-scaled.jpeg\",\"keywords\":[\"bienestar animal\",\"Mascotas\",\"sociedad\",\"Teulada-Moraira\"],\"articleSection\":[\"Sociedad\"],\"inLanguage\":\"ca\",\"potentialAction\":[{\"@type\":\"CommentAction\",\"name\":\"Comment\",\"target\":[\"https:\\\/\\\/radiolitoral.com\\\/2024\\\/10\\\/teulada-moraira-llanca-una-campanya-educativa-sobre-la-llei-de-benestar-animal\\\/#respond\"]}]},{\"@type\":[\"WebPage\",\"ItemPage\"],\"@id\":\"https:\\\/\\\/radiolitoral.com\\\/2024\\\/10\\\/teulada-moraira-llanca-una-campanya-educativa-sobre-la-llei-de-benestar-animal\\\/\",\"url\":\"https:\\\/\\\/radiolitoral.com\\\/2024\\\/10\\\/teulada-moraira-llanca-una-campanya-educativa-sobre-la-llei-de-benestar-animal\\\/\",\"name\":\"Teulada Moraira llan\u00e7a una campanya educativa sobre la Llei de Benestar Animal | R\u00e0dio Litoral\",\"isPartOf\":{\"@id\":\"https:\\\/\\\/radiolitoral.com\\\/#website\"},\"primaryImageOfPage\":{\"@id\":\"https:\\\/\\\/radiolitoral.com\\\/2024\\\/10\\\/teulada-moraira-llanca-una-campanya-educativa-sobre-la-llei-de-benestar-animal\\\/#primaryimage\"},\"image\":{\"@id\":\"https:\\\/\\\/radiolitoral.com\\\/2024\\\/10\\\/teulada-moraira-llanca-una-campanya-educativa-sobre-la-llei-de-benestar-animal\\\/#primaryimage\"},\"thumbnailUrl\":\"https:\\\/\\\/media.radiolitoral.com\\\/wp-content\\\/uploads\\\/2024\\\/10\\\/14112324\\\/Ley-Bienestar-Animal-scaled.jpeg\",\"datePublished\":\"2024-10-14T09:25:06+00:00\",\"description\":\"La iniciativa inclou tallers i recursos digitals per millorar la conviv\u00e8ncia amb les mascotes\",\"breadcrumb\":{\"@id\":\"https:\\\/\\\/radiolitoral.com\\\/2024\\\/10\\\/teulada-moraira-llanca-una-campanya-educativa-sobre-la-llei-de-benestar-animal\\\/#breadcrumb\"},\"inLanguage\":\"ca\",\"potentialAction\":[{\"@type\":\"ReadAction\",\"target\":[\"https:\\\/\\\/radiolitoral.com\\\/2024\\\/10\\\/teulada-moraira-llanca-una-campanya-educativa-sobre-la-llei-de-benestar-animal\\\/\"]}]},{\"@type\":\"ImageObject\",\"inLanguage\":\"ca\",\"@id\":\"https:\\\/\\\/radiolitoral.com\\\/2024\\\/10\\\/teulada-moraira-llanca-una-campanya-educativa-sobre-la-llei-de-benestar-animal\\\/#primaryimage\",\"url\":\"https:\\\/\\\/media.radiolitoral.com\\\/wp-content\\\/uploads\\\/2024\\\/10\\\/14112324\\\/Ley-Bienestar-Animal-scaled.jpeg\",\"contentUrl\":\"https:\\\/\\\/media.radiolitoral.com\\\/wp-content\\\/uploads\\\/2024\\\/10\\\/14112324\\\/Ley-Bienestar-Animal-scaled.jpeg\",\"width\":2560,\"height\":1920},{\"@type\":\"BreadcrumbList\",\"@id\":\"https:\\\/\\\/radiolitoral.com\\\/2024\\\/10\\\/teulada-moraira-llanca-una-campanya-educativa-sobre-la-llei-de-benestar-animal\\\/#breadcrumb\",\"itemListElement\":[{\"@type\":\"ListItem\",\"position\":1,\"name\":\"Portada\",\"item\":\"https:\\\/\\\/radiolitoral.com\\\/\"},{\"@type\":\"ListItem\",\"position\":2,\"name\":\"Teulada Moraira llan\u00e7a una campanya educativa sobre la Llei de Benestar Animal\"}]},{\"@type\":\"WebSite\",\"@id\":\"https:\\\/\\\/radiolitoral.com\\\/#website\",\"url\":\"https:\\\/\\\/radiolitoral.com\\\/\",\"name\":\"Radio Litoral\",\"description\":\"La radio local de la Marina Alta\",\"publisher\":{\"@id\":\"https:\\\/\\\/radiolitoral.com\\\/#organization\"},\"alternateName\":\"Litoral FM\",\"potentialAction\":[{\"@type\":\"SearchAction\",\"target\":{\"@type\":\"EntryPoint\",\"urlTemplate\":\"https:\\\/\\\/radiolitoral.com\\\/?s={search_term_string}\"},\"query-input\":{\"@type\":\"PropertyValueSpecification\",\"valueRequired\":true,\"valueName\":\"search_term_string\"}}],\"inLanguage\":\"ca\"},{\"@type\":\"Organization\",\"@id\":\"https:\\\/\\\/radiolitoral.com\\\/#organization\",\"name\":\"Radio Litoral\",\"url\":\"https:\\\/\\\/radiolitoral.com\\\/\",\"logo\":{\"@type\":\"ImageObject\",\"inLanguage\":\"ca\",\"@id\":\"https:\\\/\\\/radiolitoral.com\\\/#\\\/schema\\\/logo\\\/image\\\/\",\"url\":\"https:\\\/\\\/media.radiolitoral.com\\\/wp-content\\\/uploads\\\/2023\\\/02\\\/24143238\\\/CL-V-RadioLitoral696.png\",\"contentUrl\":\"https:\\\/\\\/media.radiolitoral.com\\\/wp-content\\\/uploads\\\/2023\\\/02\\\/24143238\\\/CL-V-RadioLitoral696.png\",\"width\":696,\"height\":696,\"caption\":\"Radio Litoral\"},\"image\":{\"@id\":\"https:\\\/\\\/radiolitoral.com\\\/#\\\/schema\\\/logo\\\/image\\\/\"},\"sameAs\":[\"https:\\\/\\\/www.facebook.com\\\/Laradiolitoral\\\/\"]},{\"@type\":\"Person\",\"@id\":\"https:\\\/\\\/radiolitoral.com\\\/#\\\/schema\\\/person\\\/96b739642eb3bedb532aac3812d23307\",\"name\":\"Redacci\u00f3n\",\"image\":{\"@type\":\"ImageObject\",\"inLanguage\":\"ca\",\"@id\":\"https:\\\/\\\/secure.gravatar.com\\\/avatar\\\/30cd06129ee90411dd9c7cbdcf17464181d1a3c7b072e92070ea75a25cf0097e?s=96&d=mm&r=g\",\"url\":\"https:\\\/\\\/secure.gravatar.com\\\/avatar\\\/30cd06129ee90411dd9c7cbdcf17464181d1a3c7b072e92070ea75a25cf0097e?s=96&d=mm&r=g\",\"contentUrl\":\"https:\\\/\\\/secure.gravatar.com\\\/avatar\\\/30cd06129ee90411dd9c7cbdcf17464181d1a3c7b072e92070ea75a25cf0097e?s=96&d=mm&r=g\",\"caption\":\"Redacci\u00f3n\"},\"url\":\"https:\\\/\\\/radiolitoral.com\\\/ca\\\/author\\\/kevin-carrio\\\/\"}]}<\/script>\n<!-- \/ Yoast SEO plugin. -->","yoast_head_json":{"title":"Teulada Moraira llen\u00e7a una campanya educativa sobre la Llei de Benestar Animal | R\u00e0dio Litoral","description":"La iniciativa inclou tallers i recursos digitals per millorar la conviv\u00e8ncia amb les mascotes","robots":{"index":"index","follow":"follow","max-snippet":"max-snippet:-1","max-image-preview":"max-image-preview:large","max-video-preview":"max-video-preview:-1"},"canonical":"https:\/\/radiolitoral.com\/ca\/2024\/10\/teulada-moraira-llanca-una-campanya-educativa-sobre-la-llei-de-benestar-animal\/","og_locale":"ca_ES","og_type":"article","og_title":"Teulada Moraira llan\u00e7a una campanya educativa sobre la Llei de Benestar Animal | R\u00e0dio Litoral","og_description":"La iniciativa inclou tallers i recursos digitals per millorar la conviv\u00e8ncia amb les mascotes","og_url":"https:\/\/radiolitoral.com\/ca\/2024\/10\/teulada-moraira-llanca-una-campanya-educativa-sobre-la-llei-de-benestar-animal\/","og_site_name":"R\u00e0dio Litoral","article_publisher":"https:\/\/www.facebook.com\/Laradiolitoral\/","article_published_time":"2024-10-14T09:25:06+00:00","og_image":[{"width":2560,"height":1920,"url":"https:\/\/media.radiolitoral.com\/wp-content\/uploads\/2024\/10\/14112324\/Ley-Bienestar-Animal-scaled.jpeg","type":"image\/jpeg"}],"author":"Redacci\u00f3n","twitter_card":"summary_large_image","twitter_misc":{"Escrit per":"Redacci\u00f3n","Temps estimat de lectura":"3 minuts"},"schema":{"@context":"https:\/\/schema.org","@graph":[{"@type":"NewsArticle","@id":"https:\/\/radiolitoral.com\/2024\/10\/teulada-moraira-llanca-una-campanya-educativa-sobre-la-llei-de-benestar-animal\/#article","isPartOf":{"@id":"https:\/\/radiolitoral.com\/2024\/10\/teulada-moraira-llanca-una-campanya-educativa-sobre-la-llei-de-benestar-animal\/"},"author":{"name":"Redacci\u00f3n","@id":"https:\/\/radiolitoral.com\/#\/schema\/person\/96b739642eb3bedb532aac3812d23307"},"headline":"Teulada Moraira llan\u00e7a una campanya educativa sobre la Llei de Benestar Animal","datePublished":"2024-10-14T09:25:06+00:00","mainEntityOfPage":{"@id":"https:\/\/radiolitoral.com\/2024\/10\/teulada-moraira-llanca-una-campanya-educativa-sobre-la-llei-de-benestar-animal\/"},"wordCount":578,"commentCount":0,"publisher":{"@id":"https:\/\/radiolitoral.com\/#organization"},"image":{"@id":"https:\/\/radiolitoral.com\/2024\/10\/teulada-moraira-llanca-una-campanya-educativa-sobre-la-llei-de-benestar-animal\/#primaryimage"},"thumbnailUrl":"https:\/\/media.radiolitoral.com\/wp-content\/uploads\/2024\/10\/14112324\/Ley-Bienestar-Animal-scaled.jpeg","keywords":["bienestar animal","Mascotas","sociedad","Teulada-Moraira"],"articleSection":["Sociedad"],"inLanguage":"ca","potentialAction":[{"@type":"CommentAction","name":"Comment","target":["https:\/\/radiolitoral.com\/2024\/10\/teulada-moraira-llanca-una-campanya-educativa-sobre-la-llei-de-benestar-animal\/#respond"]}]},{"@type":["WebPage","ItemPage"],"@id":"https:\/\/radiolitoral.com\/2024\/10\/teulada-moraira-llanca-una-campanya-educativa-sobre-la-llei-de-benestar-animal\/","url":"https:\/\/radiolitoral.com\/2024\/10\/teulada-moraira-llanca-una-campanya-educativa-sobre-la-llei-de-benestar-animal\/","name":"Teulada Moraira llen\u00e7a una campanya educativa sobre la Llei de Benestar Animal | R\u00e0dio Litoral","isPartOf":{"@id":"https:\/\/radiolitoral.com\/#website"},"primaryImageOfPage":{"@id":"https:\/\/radiolitoral.com\/2024\/10\/teulada-moraira-llanca-una-campanya-educativa-sobre-la-llei-de-benestar-animal\/#primaryimage"},"image":{"@id":"https:\/\/radiolitoral.com\/2024\/10\/teulada-moraira-llanca-una-campanya-educativa-sobre-la-llei-de-benestar-animal\/#primaryimage"},"thumbnailUrl":"https:\/\/media.radiolitoral.com\/wp-content\/uploads\/2024\/10\/14112324\/Ley-Bienestar-Animal-scaled.jpeg","datePublished":"2024-10-14T09:25:06+00:00","description":"La iniciativa inclou tallers i recursos digitals per millorar la conviv\u00e8ncia amb les mascotes","breadcrumb":{"@id":"https:\/\/radiolitoral.com\/2024\/10\/teulada-moraira-llanca-una-campanya-educativa-sobre-la-llei-de-benestar-animal\/#breadcrumb"},"inLanguage":"ca","potentialAction":[{"@type":"ReadAction","target":["https:\/\/radiolitoral.com\/2024\/10\/teulada-moraira-llanca-una-campanya-educativa-sobre-la-llei-de-benestar-animal\/"]}]},{"@type":"ImageObject","inLanguage":"ca","@id":"https:\/\/radiolitoral.com\/2024\/10\/teulada-moraira-llanca-una-campanya-educativa-sobre-la-llei-de-benestar-animal\/#primaryimage","url":"https:\/\/media.radiolitoral.com\/wp-content\/uploads\/2024\/10\/14112324\/Ley-Bienestar-Animal-scaled.jpeg","contentUrl":"https:\/\/media.radiolitoral.com\/wp-content\/uploads\/2024\/10\/14112324\/Ley-Bienestar-Animal-scaled.jpeg","width":2560,"height":1920},{"@type":"BreadcrumbList","@id":"https:\/\/radiolitoral.com\/2024\/10\/teulada-moraira-llanca-una-campanya-educativa-sobre-la-llei-de-benestar-animal\/#breadcrumb","itemListElement":[{"@type":"ListItem","position":1,"name":"Portada","item":"https:\/\/radiolitoral.com\/"},{"@type":"ListItem","position":2,"name":"Teulada Moraira llan\u00e7a una campanya educativa sobre la Llei de Benestar Animal"}]},{"@type":"WebSite","@id":"https:\/\/radiolitoral.com\/#website","url":"https:\/\/radiolitoral.com\/","name":"R\u00e0dio Litoral","description":"La r\u00e0dio local de la Marina Alta","publisher":{"@id":"https:\/\/radiolitoral.com\/#organization"},"alternateName":"Litoral FM","potentialAction":[{"@type":"SearchAction","target":{"@type":"EntryPoint","urlTemplate":"https:\/\/radiolitoral.com\/?s={search_term_string}"},"query-input":{"@type":"PropertyValueSpecification","valueRequired":true,"valueName":"search_term_string"}}],"inLanguage":"ca"},{"@type":"Organization","@id":"https:\/\/radiolitoral.com\/#organization","name":"R\u00e0dio Litoral","url":"https:\/\/radiolitoral.com\/","logo":{"@type":"ImageObject","inLanguage":"ca","@id":"https:\/\/radiolitoral.com\/#\/schema\/logo\/image\/","url":"https:\/\/media.radiolitoral.com\/wp-content\/uploads\/2023\/02\/24143238\/CL-V-RadioLitoral696.png","contentUrl":"https:\/\/media.radiolitoral.com\/wp-content\/uploads\/2023\/02\/24143238\/CL-V-RadioLitoral696.png","width":696,"height":696,"caption":"Radio Litoral"},"image":{"@id":"https:\/\/radiolitoral.com\/#\/schema\/logo\/image\/"},"sameAs":["https:\/\/www.facebook.com\/Laradiolitoral\/"]},{"@type":"Person","@id":"https:\/\/radiolitoral.com\/#\/schema\/person\/96b739642eb3bedb532aac3812d23307","name":"Redacci\u00f3","image":{"@type":"ImageObject","inLanguage":"ca","@id":"https:\/\/secure.gravatar.com\/avatar\/30cd06129ee90411dd9c7cbdcf17464181d1a3c7b072e92070ea75a25cf0097e?s=96&d=mm&r=g","url":"https:\/\/secure.gravatar.com\/avatar\/30cd06129ee90411dd9c7cbdcf17464181d1a3c7b072e92070ea75a25cf0097e?s=96&d=mm&r=g","contentUrl":"https:\/\/secure.gravatar.com\/avatar\/30cd06129ee90411dd9c7cbdcf17464181d1a3c7b072e92070ea75a25cf0097e?s=96&d=mm&r=g","caption":"Redacci\u00f3n"},"url":"https:\/\/radiolitoral.com\/ca\/author\/kevin-carrio\/"}]}},"_links":{"self":[{"href":"https:\/\/radiolitoral.com\/ca\/wp-json\/wp\/v2\/posts\/12331","targetHints":{"allow":["GET"]}}],"collection":[{"href":"https:\/\/radiolitoral.com\/ca\/wp-json\/wp\/v2\/posts"}],"about":[{"href":"https:\/\/radiolitoral.com\/ca\/wp-json\/wp\/v2\/types\/post"}],"author":[{"embeddable":true,"href":"https:\/\/radiolitoral.com\/ca\/wp-json\/wp\/v2\/users\/14"}],"replies":[{"embeddable":true,"href":"https:\/\/radiolitoral.com\/ca\/wp-json\/wp\/v2\/comments?post=12331"}],"version-history":[{"count":1,"href":"https:\/\/radiolitoral.com\/ca\/wp-json\/wp\/v2\/posts\/12331\/revisions"}],"predecessor-version":[{"id":12333,"href":"https:\/\/radiolitoral.com\/ca\/wp-json\/wp\/v2\/posts\/12331\/revisions\/12333"}],"wp:featuredmedia":[{"embeddable":true,"href":"https:\/\/radiolitoral.com\/ca\/wp-json\/wp\/v2\/media\/12332"}],"wp:attachment":[{"href":"https:\/\/radiolitoral.com\/ca\/wp-json\/wp\/v2\/media?parent=12331"}],"wp:term":[{"taxonomy":"category","embeddable":true,"href":"https:\/\/radiolitoral.com\/ca\/wp-json\/wp\/v2\/categories?post=12331"},{"taxonomy":"post_tag","embeddable":true,"href":"https:\/\/radiolitoral.com\/ca\/wp-json\/wp\/v2\/tags?post=12331"}],"curies":[{"name":"wp","href":"https:\/\/api.w.org\/{rel}","templated":true}]}}