{"id":12315,"date":"2024-10-14T10:57:59","date_gmt":"2024-10-14T08:57:59","guid":{"rendered":"https:\/\/radiolitoral.com\/?p=12315"},"modified":"2024-10-14T10:57:59","modified_gmt":"2024-10-14T08:57:59","slug":"calp-va-coronar-els-campions-infantils-i-cadets-de-la-lliga-valenciana","status":"publish","type":"post","link":"https:\/\/radiolitoral.com\/ca\/2024\/10\/calp-va-coronar-als-campions-infantils-i-cadets-de-la-lliga-valenciana\/","title":{"rendered":"Calp va coronar els campions infantils i cadets de la Lliga Valenciana"},"content":{"rendered":"<p>Calp va posar el fermall d&#039;or a la <strong>Lliga Valenciana 2024<\/strong>, acollint les darreres finals a l&#039;edici\u00f3 d&#039;Alacant. <strong>CD\u00a0<span class=\"hiddenSpellError\">Paidos<\/span>\u00a0D\u00e9nia<\/strong> s&#039;ha emportat el t\u00edtol a Infantil Femen\u00ed, <strong>CB\u00a0<span class=\"hiddenSpellError\">Terralf\u00e0s<\/span><\/strong>\u00a0a Cadet Femen\u00ed, <strong>Escoles Esportives Ondara<\/strong> a Infantil Mascul\u00ed i l&#039;amfitri\u00f3 <strong>CB\u00a0<span class=\"hiddenSpellError\">Ifach<\/span>\u00a0<span class=\"hiddenSpellError\">Calp<\/span>\u00a0<span class=\"hiddenSpellError\">Dispamar<\/span><\/strong>\u00a0a Alev\u00ed Mascul\u00ed.<\/p>\n<p>A la final cadet masculina, l&#039;equip, campi\u00f3 va ser el CB\u00a0<span class=\"hiddenSpellError\">Ifach<\/span>\u00a0<span class=\"hiddenSpellError\">Calp<\/span>\u00a0a guanyar al <strong>CB Petrer<\/strong> per <strong>58 a 45<\/strong>. Un parcial de 20-8 a l&#039;\u00faltim quart va acabar decantant el partit a favor del CB\u00a0<span class=\"hiddenSpellError\">Ifach<\/span>\u00a0<span class=\"hiddenSpellError\">Calp<\/span>. Els amfitrions no ho tindran res f\u00e0cil davant un gran CB Petrer, per\u00f2\u00a0<span class=\"hiddenSuggestion\">eixos<\/span>\u00a0minuts finals acabaran per trencar la igualtat. Va ser triat com a millor jugador de la final\u00a0<strong><span class=\"hiddenSpellError\">Dmytro<\/span>\u00a0<span class=\"hiddenSpellError\">Skutyyelnik<\/span><\/strong>, del CB\u00a0<span class=\"hiddenSpellError\">Ifach<\/span>\u00a0<span class=\"hiddenSpellError\">Calp<\/span>.<\/p>\n<figure id=\"attachment_12317\" aria-describedby=\"caption-attachment-12317\" style=\"width: 1024px\" class=\"wp-caption alignnone\"><img loading=\"lazy\" decoding=\"async\" class=\"wp-image-12317 size-full\" src=\"https:\/\/media.radiolitoral.com\/wp-content\/uploads\/2024\/10\/14105322\/Jugador-del-CB-Ifach-Calpe-defendiendo.jpg\" alt=\"\" width=\"1024\" height=\"682\" srcset=\"https:\/\/media.radiolitoral.com\/wp-content\/uploads\/2024\/10\/14105322\/Jugador-del-CB-Ifach-Calpe-defendiendo.jpg 1024w, https:\/\/media.radiolitoral.com\/wp-content\/uploads\/2024\/10\/14105322\/Jugador-del-CB-Ifach-Calpe-defendiendo-300x200.jpg 300w, https:\/\/media.radiolitoral.com\/wp-content\/uploads\/2024\/10\/14105322\/Jugador-del-CB-Ifach-Calpe-defendiendo-768x512.jpg 768w, https:\/\/media.radiolitoral.com\/wp-content\/uploads\/2024\/10\/14105322\/Jugador-del-CB-Ifach-Calpe-defendiendo-18x12.jpg 18w, https:\/\/media.radiolitoral.com\/wp-content\/uploads\/2024\/10\/14105322\/Jugador-del-CB-Ifach-Calpe-defendiendo-1000x666.jpg 1000w, https:\/\/media.radiolitoral.com\/wp-content\/uploads\/2024\/10\/14105322\/Jugador-del-CB-Ifach-Calpe-defendiendo-100x67.jpg 100w, https:\/\/media.radiolitoral.com\/wp-content\/uploads\/2024\/10\/14105322\/Jugador-del-CB-Ifach-Calpe-defendiendo-200x133.jpg 200w\" sizes=\"auto, (max-width: 1024px) 100vw, 1024px\" \/><figcaption id=\"caption-attachment-12317\" class=\"wp-caption-text\">Jugador del CB Ifach Calp defenent |FBCV<\/figcaption><\/figure>\n<p>A la final infantil masculina l&#039;<span class=\"hiddenSpellError\">EE<\/span>\u00a0Ondara ser\u00e0 el campi\u00f3\u00a0<span class=\"hiddenSpellError\">tr41<\/span>.as v\u00e8ncer el CB\u00a0<span class=\"hiddenSpellError\">Terralf\u00e0s<\/span>\u00a0per <strong>69 a 41<\/strong>. Un parcial d&#039;11-0 al set\u00e8 per\u00edode va sentenciar el partit a favor d&#039;Escoles Esportives Ondara davant un\u00a0<span class=\"hiddenSpellError\">Medmarket<\/span>\u00a0CB\u00a0<span class=\"hiddenSpellError\">Terralf\u00e0s<\/span>\u00a0que va aguantar el ritme, per\u00f2 que finalment va cedir davant l&#039;empenyiment d&#039;un equip liderat per un extraordinari <strong>Kevin\u00a0<span class=\"hiddenSpellError\">Claudiu<\/span>\u00a0Daniel,<\/strong> que se&#039;n va anar fins als 37 de valoraci\u00f3. Aquest mateix jugador va ser triat\u00a0<span class=\"hiddenSpellError\">MVP<\/span>\u00a0de la final.<\/p>\n<p>A la final infantil femenina la vict\u00f2ria va ser per al CD\u00a0<span class=\"hiddenSpellError\">Paidos<\/span>\u00a0D\u00e9nia a v\u00e8ncer l&#039;<span class=\"hiddenSpellError\">EE<\/span>\u00a0Ondara per <strong>54 a 43<\/strong>. Per dues vegades va haver de remontar CD\u00a0<span class=\"hiddenSpellError\">Paidos<\/span>\u00a0D\u00e9nia a la primera meitat per recuperar els bons per\u00edodes inicials d&#039;Escoles Esportives Ondara. Per\u00f2 al final aquest esfor\u00e7 extra va donar resultat i va acabar atorgant-los la vict\u00f2ria als\u00a0<span class=\"hiddenSpellError\">dianencs<\/span>. En aquesta final, la jugadora de l&#039;equip d&#039;Ondara,\u00a0<strong><span class=\"hiddenSpellError\">Julia<\/span>\u00a0<span class=\"hiddenSpellError\">Ortol\u00e0<\/span><\/strong>\u00a0\u00e9s emporti el trofeu\u00a0<span class=\"hiddenSpellError\">MVP<\/span>.<\/p>\n<figure id=\"attachment_12319\" aria-describedby=\"caption-attachment-12319\" style=\"width: 1024px\" class=\"wp-caption alignnone\"><img loading=\"lazy\" decoding=\"async\" class=\"wp-image-12319 size-full\" src=\"https:\/\/media.radiolitoral.com\/wp-content\/uploads\/2024\/10\/14105422\/Jugadora-del-CD-Paidos-Denia-tirando-a-canasta.jpg\" alt=\"\" width=\"1024\" height=\"682\" srcset=\"https:\/\/media.radiolitoral.com\/wp-content\/uploads\/2024\/10\/14105422\/Jugadora-del-CD-Paidos-Denia-tirando-a-canasta.jpg 1024w, https:\/\/media.radiolitoral.com\/wp-content\/uploads\/2024\/10\/14105422\/Jugadora-del-CD-Paidos-Denia-tirando-a-canasta-300x200.jpg 300w, https:\/\/media.radiolitoral.com\/wp-content\/uploads\/2024\/10\/14105422\/Jugadora-del-CD-Paidos-Denia-tirando-a-canasta-768x512.jpg 768w, https:\/\/media.radiolitoral.com\/wp-content\/uploads\/2024\/10\/14105422\/Jugadora-del-CD-Paidos-Denia-tirando-a-canasta-18x12.jpg 18w, https:\/\/media.radiolitoral.com\/wp-content\/uploads\/2024\/10\/14105422\/Jugadora-del-CD-Paidos-Denia-tirando-a-canasta-1000x666.jpg 1000w, https:\/\/media.radiolitoral.com\/wp-content\/uploads\/2024\/10\/14105422\/Jugadora-del-CD-Paidos-Denia-tirando-a-canasta-100x67.jpg 100w, https:\/\/media.radiolitoral.com\/wp-content\/uploads\/2024\/10\/14105422\/Jugadora-del-CD-Paidos-Denia-tirando-a-canasta-200x133.jpg 200w\" sizes=\"auto, (max-width: 1024px) 100vw, 1024px\" \/><figcaption id=\"caption-attachment-12319\" class=\"wp-caption-text\">Jugador del CD Paidos D\u00e9nia tirant a canastra | FBCV<\/figcaption><\/figure>\n<p>La entrega de trofeus als equips ha estat a c\u00e0rrec de <strong>Juan Miguel Sila<\/strong>, delegat de la\u00a0<span class=\"hiddenSpellError\">FBCV<\/span>\u00a0a Alacant; i\u00a0<strong><span class=\"hiddenSpellError\">Alexandre<\/span>\u00a0Gonz\u00e1lez<\/strong>, president del CB\u00a0<span class=\"hiddenSpellError\">Ifach<\/span>\u00a0<span class=\"hiddenSpellError\">Calp<\/span>.<\/p>","protected":false},"excerpt":{"rendered":"<p>Calp va posar el fermall d&#8217;or a la Lliga Valenciana 2024, acollint les \u00faltimes finals en l&#8217;edici\u00f3 d&#8217;Alacant. CD\u00a0Paidos\u00a0D\u00e9nia s&#8217;ha emportat el t\u00edtol en Infantil Femen\u00ed, CB\u00a0Terralf\u00e0s\u00a0en Cadet Femen\u00ed, Escoles Esportives Ondara en Infantil Mascul\u00ed i l&#8217;amfitri\u00f3 CB\u00a0Ifach\u00a0Calpe\u00a0Dispamar\u00a0en Alev\u00ed Mascul\u00ed. En la final cadet masculina, l&#8217;equip, campi\u00f3\u00a0va ser el CB\u00a0Ifach\u00a0Calpe\u00a0en guanyar al CB Petrer per [&#8230;]<\/p>\n<p><a class=\"btn btn-secondary understrap-read-more-link\" href=\"https:\/\/radiolitoral.com\/ca\/2024\/10\/calp-va-coronar-als-campions-infantils-i-cadets-de-la-lliga-valenciana\/\">Continua llegint&#8230;<span class=\"screen-reader-text\"> from Calp va coronar als campions infantils i cadets de la Lliga Valenciana<\/span><\/a><\/p>\n","protected":false},"author":12,"featured_media":12316,"comment_status":"open","ping_status":"closed","sticky":false,"template":"","format":"standard","meta":{"_acf_changed":false,"inline_featured_image":false,"footnotes":""},"categories":[5],"tags":[2189,952,2493,961,916,2521,2520,2524,2523,2522],"class_list":["post-12315","post","type-post","status-publish","format-standard","has-post-thumbnail","hentry","category-deportes","tag-alejandro-gonzalez","tag-cb-ifach-calpe","tag-cb-petrer","tag-cb-terralfas","tag-cd-paidos-denia","tag-dmytro-skutyyelnik","tag-escoles-esportives-ondara","tag-juan-miguel-sila","tag-julia-ortola","tag-kevin-claudiu-daniel","cobertura-calp"],"acf":[],"yoast_head":"<!-- This site is optimized with the Yoast SEO plugin v27.5 - https:\/\/yoast.com\/product\/yoast-seo-wordpress\/ -->\n<title>Calp va coronar als campions infantils i cadets de la Lliga Valenciana | R\u00e0dio Litoral<\/title>\n<meta name=\"description\" content=\"El CB Ifach Calpe, EE Ondara i CD Paidos van ser els clubs de la Marina Alta que van aconseguir el t\u00edtol de campionsEl CB Ifach Calpe, EE Ondara i CD Paidos van ser els clubs de la Marina Alta que van aconseguir el t\u00edtol de campions\" \/>\n<meta name=\"robots\" content=\"index, follow, max-snippet:-1, max-image-preview:large, max-video-preview:-1\" \/>\n<link rel=\"canonical\" href=\"https:\/\/radiolitoral.com\/ca\/2024\/10\/calp-va-coronar-els-campions-infantils-i-cadets-de-la-lliga-valenciana\/\" \/>\n<meta property=\"og:locale\" content=\"ca_ES\" \/>\n<meta property=\"og:type\" content=\"article\" \/>\n<meta property=\"og:title\" content=\"Calp va coronar als campions infantils i cadets de la Lliga Valenciana | R\u00e0dio Litoral\" \/>\n<meta property=\"og:description\" content=\"El CB Ifach Calpe, EE Ondara i CD Paidos van ser els clubs de la Marina Alta que van aconseguir el t\u00edtol de campionsEl CB Ifach Calpe, EE Ondara i CD Paidos van ser els clubs de la Marina Alta que van aconseguir el t\u00edtol de campions\" \/>\n<meta property=\"og:url\" content=\"https:\/\/radiolitoral.com\/ca\/2024\/10\/calp-va-coronar-els-campions-infantils-i-cadets-de-la-lliga-valenciana\/\" \/>\n<meta property=\"og:site_name\" content=\"R\u00e0dio Litoral\" \/>\n<meta property=\"article:publisher\" content=\"https:\/\/www.facebook.com\/Laradiolitoral\/\" \/>\n<meta property=\"article:published_time\" content=\"2024-10-14T08:57:59+00:00\" \/>\n<meta property=\"og:image\" content=\"https:\/\/media.radiolitoral.com\/wp-content\/uploads\/2024\/10\/14105244\/CB-Ifach-Calpe-Alevin.jpg\" \/>\n\t<meta property=\"og:image:width\" content=\"1024\" \/>\n\t<meta property=\"og:image:height\" content=\"682\" \/>\n\t<meta property=\"og:image:type\" content=\"image\/jpeg\" \/>\n<meta name=\"author\" content=\"Javier Zamora\" \/>\n<meta name=\"twitter:card\" content=\"summary_large_image\" \/>\n<meta name=\"twitter:label1\" content=\"Escrit per\" \/>\n\t<meta name=\"twitter:data1\" content=\"Javier Zamora\" \/>\n\t<meta name=\"twitter:label2\" content=\"Temps estimat de lectura\" \/>\n\t<meta name=\"twitter:data2\" content=\"3 minuts\" \/>\n<script type=\"application\/ld+json\" class=\"yoast-schema-graph\">{\"@context\":\"https:\\\/\\\/schema.org\",\"@graph\":[{\"@type\":\"NewsArticle\",\"@id\":\"https:\\\/\\\/radiolitoral.com\\\/2024\\\/10\\\/calp-va-coronar-als-campions-infantils-i-cadets-de-la-lliga-valenciana\\\/#article\",\"isPartOf\":{\"@id\":\"https:\\\/\\\/radiolitoral.com\\\/2024\\\/10\\\/calp-va-coronar-als-campions-infantils-i-cadets-de-la-lliga-valenciana\\\/\"},\"author\":{\"name\":\"Javier Zamora\",\"@id\":\"https:\\\/\\\/radiolitoral.com\\\/#\\\/schema\\\/person\\\/7b1480b5caeb5acdd4ec6379caf62b22\"},\"headline\":\"Calp va coronar als campions infantils i cadets de la Lliga Valenciana\",\"datePublished\":\"2024-10-14T08:57:59+00:00\",\"mainEntityOfPage\":{\"@id\":\"https:\\\/\\\/radiolitoral.com\\\/2024\\\/10\\\/calp-va-coronar-als-campions-infantils-i-cadets-de-la-lliga-valenciana\\\/\"},\"wordCount\":385,\"commentCount\":0,\"publisher\":{\"@id\":\"https:\\\/\\\/radiolitoral.com\\\/#organization\"},\"image\":{\"@id\":\"https:\\\/\\\/radiolitoral.com\\\/2024\\\/10\\\/calp-va-coronar-als-campions-infantils-i-cadets-de-la-lliga-valenciana\\\/#primaryimage\"},\"thumbnailUrl\":\"https:\\\/\\\/media.radiolitoral.com\\\/wp-content\\\/uploads\\\/2024\\\/10\\\/14105244\\\/CB-Ifach-Calpe-Alevin.jpg\",\"keywords\":[\"Alejandro\u00a0Gonz\u00e1lez\",\"CB Ifach Calpe\",\"CB Petrer\",\"CB Terralf\u00e1s\",\"CD Paidos D\u00e9nia\",\"Dmytro\u00a0Skutyyelnik\",\"Escoles Esportives Ondara\",\"Juan Miguel Sila\",\"Julia\u00a0Ortol\u00e1\",\"Kevin\u00a0Claudiu\u00a0Daniel\"],\"articleSection\":[\"Deportes\"],\"inLanguage\":\"ca\",\"potentialAction\":[{\"@type\":\"CommentAction\",\"name\":\"Comment\",\"target\":[\"https:\\\/\\\/radiolitoral.com\\\/2024\\\/10\\\/calp-va-coronar-als-campions-infantils-i-cadets-de-la-lliga-valenciana\\\/#respond\"]}]},{\"@type\":[\"WebPage\",\"ItemPage\"],\"@id\":\"https:\\\/\\\/radiolitoral.com\\\/2024\\\/10\\\/calp-va-coronar-als-campions-infantils-i-cadets-de-la-lliga-valenciana\\\/\",\"url\":\"https:\\\/\\\/radiolitoral.com\\\/2024\\\/10\\\/calp-va-coronar-als-campions-infantils-i-cadets-de-la-lliga-valenciana\\\/\",\"name\":\"Calp va coronar als campions infantils i cadets de la Lliga Valenciana | R\u00e0dio Litoral\",\"isPartOf\":{\"@id\":\"https:\\\/\\\/radiolitoral.com\\\/#website\"},\"primaryImageOfPage\":{\"@id\":\"https:\\\/\\\/radiolitoral.com\\\/2024\\\/10\\\/calp-va-coronar-als-campions-infantils-i-cadets-de-la-lliga-valenciana\\\/#primaryimage\"},\"image\":{\"@id\":\"https:\\\/\\\/radiolitoral.com\\\/2024\\\/10\\\/calp-va-coronar-als-campions-infantils-i-cadets-de-la-lliga-valenciana\\\/#primaryimage\"},\"thumbnailUrl\":\"https:\\\/\\\/media.radiolitoral.com\\\/wp-content\\\/uploads\\\/2024\\\/10\\\/14105244\\\/CB-Ifach-Calpe-Alevin.jpg\",\"datePublished\":\"2024-10-14T08:57:59+00:00\",\"description\":\"El CB Ifach Calpe, EE Ondara i CD Paidos van ser els clubs de la Marina Alta que van aconseguir el t\u00edtol de campionsEl CB Ifach Calpe, EE Ondara i CD Paidos van ser els clubs de la Marina Alta que van aconseguir el t\u00edtol de campions\",\"breadcrumb\":{\"@id\":\"https:\\\/\\\/radiolitoral.com\\\/2024\\\/10\\\/calp-va-coronar-als-campions-infantils-i-cadets-de-la-lliga-valenciana\\\/#breadcrumb\"},\"inLanguage\":\"ca\",\"potentialAction\":[{\"@type\":\"ReadAction\",\"target\":[\"https:\\\/\\\/radiolitoral.com\\\/2024\\\/10\\\/calp-va-coronar-als-campions-infantils-i-cadets-de-la-lliga-valenciana\\\/\"]}]},{\"@type\":\"ImageObject\",\"inLanguage\":\"ca\",\"@id\":\"https:\\\/\\\/radiolitoral.com\\\/2024\\\/10\\\/calp-va-coronar-als-campions-infantils-i-cadets-de-la-lliga-valenciana\\\/#primaryimage\",\"url\":\"https:\\\/\\\/media.radiolitoral.com\\\/wp-content\\\/uploads\\\/2024\\\/10\\\/14105244\\\/CB-Ifach-Calpe-Alevin.jpg\",\"contentUrl\":\"https:\\\/\\\/media.radiolitoral.com\\\/wp-content\\\/uploads\\\/2024\\\/10\\\/14105244\\\/CB-Ifach-Calpe-Alevin.jpg\",\"width\":1024,\"height\":682},{\"@type\":\"BreadcrumbList\",\"@id\":\"https:\\\/\\\/radiolitoral.com\\\/2024\\\/10\\\/calp-va-coronar-als-campions-infantils-i-cadets-de-la-lliga-valenciana\\\/#breadcrumb\",\"itemListElement\":[{\"@type\":\"ListItem\",\"position\":1,\"name\":\"Portada\",\"item\":\"https:\\\/\\\/radiolitoral.com\\\/\"},{\"@type\":\"ListItem\",\"position\":2,\"name\":\"Calp va coronar als campions infantils i cadets de la Lliga Valenciana\"}]},{\"@type\":\"WebSite\",\"@id\":\"https:\\\/\\\/radiolitoral.com\\\/#website\",\"url\":\"https:\\\/\\\/radiolitoral.com\\\/\",\"name\":\"Radio Litoral\",\"description\":\"La radio local de la Marina Alta\",\"publisher\":{\"@id\":\"https:\\\/\\\/radiolitoral.com\\\/#organization\"},\"alternateName\":\"Litoral FM\",\"potentialAction\":[{\"@type\":\"SearchAction\",\"target\":{\"@type\":\"EntryPoint\",\"urlTemplate\":\"https:\\\/\\\/radiolitoral.com\\\/?s={search_term_string}\"},\"query-input\":{\"@type\":\"PropertyValueSpecification\",\"valueRequired\":true,\"valueName\":\"search_term_string\"}}],\"inLanguage\":\"ca\"},{\"@type\":\"Organization\",\"@id\":\"https:\\\/\\\/radiolitoral.com\\\/#organization\",\"name\":\"Radio Litoral\",\"url\":\"https:\\\/\\\/radiolitoral.com\\\/\",\"logo\":{\"@type\":\"ImageObject\",\"inLanguage\":\"ca\",\"@id\":\"https:\\\/\\\/radiolitoral.com\\\/#\\\/schema\\\/logo\\\/image\\\/\",\"url\":\"https:\\\/\\\/media.radiolitoral.com\\\/wp-content\\\/uploads\\\/2023\\\/02\\\/24143238\\\/CL-V-RadioLitoral696.png\",\"contentUrl\":\"https:\\\/\\\/media.radiolitoral.com\\\/wp-content\\\/uploads\\\/2023\\\/02\\\/24143238\\\/CL-V-RadioLitoral696.png\",\"width\":696,\"height\":696,\"caption\":\"Radio Litoral\"},\"image\":{\"@id\":\"https:\\\/\\\/radiolitoral.com\\\/#\\\/schema\\\/logo\\\/image\\\/\"},\"sameAs\":[\"https:\\\/\\\/www.facebook.com\\\/Laradiolitoral\\\/\"]},{\"@type\":\"Person\",\"@id\":\"https:\\\/\\\/radiolitoral.com\\\/#\\\/schema\\\/person\\\/7b1480b5caeb5acdd4ec6379caf62b22\",\"name\":\"Javier Zamora\",\"image\":{\"@type\":\"ImageObject\",\"inLanguage\":\"ca\",\"@id\":\"https:\\\/\\\/secure.gravatar.com\\\/avatar\\\/467a11f6918c7d619c4043fc6fa2d3853053107973f05b6e9c04ea6c4e3a7b3f?s=96&d=mm&r=g\",\"url\":\"https:\\\/\\\/secure.gravatar.com\\\/avatar\\\/467a11f6918c7d619c4043fc6fa2d3853053107973f05b6e9c04ea6c4e3a7b3f?s=96&d=mm&r=g\",\"contentUrl\":\"https:\\\/\\\/secure.gravatar.com\\\/avatar\\\/467a11f6918c7d619c4043fc6fa2d3853053107973f05b6e9c04ea6c4e3a7b3f?s=96&d=mm&r=g\",\"caption\":\"Javier Zamora\"},\"url\":\"https:\\\/\\\/radiolitoral.com\\\/ca\\\/author\\\/javier-zamora\\\/\"}]}<\/script>\n<!-- \/ Yoast SEO plugin. -->","yoast_head_json":{"title":"Calp va coronar els campions infantils i cadets de la Lliga Valenciana | R\u00e0dio Litoral","description":"El CB Ifach Calp, els EUA Ondara i els CD Paidos van ser els clubs de la Marina Alta que van aconseguir el t\u00edtol de campionsEl CB Ifach Calp, els EE.","robots":{"index":"index","follow":"follow","max-snippet":"max-snippet:-1","max-image-preview":"max-image-preview:large","max-video-preview":"max-video-preview:-1"},"canonical":"https:\/\/radiolitoral.com\/ca\/2024\/10\/calp-va-coronar-els-campions-infantils-i-cadets-de-la-lliga-valenciana\/","og_locale":"ca_ES","og_type":"article","og_title":"Calp va coronar als campions infantils i cadets de la Lliga Valenciana | R\u00e0dio Litoral","og_description":"El CB Ifach Calpe, EE Ondara i CD Paidos van ser els clubs de la Marina Alta que van aconseguir el t\u00edtol de campionsEl CB Ifach Calpe, EE Ondara i CD Paidos van ser els clubs de la Marina Alta que van aconseguir el t\u00edtol de campions","og_url":"https:\/\/radiolitoral.com\/ca\/2024\/10\/calp-va-coronar-els-campions-infantils-i-cadets-de-la-lliga-valenciana\/","og_site_name":"R\u00e0dio Litoral","article_publisher":"https:\/\/www.facebook.com\/Laradiolitoral\/","article_published_time":"2024-10-14T08:57:59+00:00","og_image":[{"width":1024,"height":682,"url":"https:\/\/media.radiolitoral.com\/wp-content\/uploads\/2024\/10\/14105244\/CB-Ifach-Calpe-Alevin.jpg","type":"image\/jpeg"}],"author":"Javier Zamora","twitter_card":"summary_large_image","twitter_misc":{"Escrit per":"Javier Zamora","Temps estimat de lectura":"3 minuts"},"schema":{"@context":"https:\/\/schema.org","@graph":[{"@type":"NewsArticle","@id":"https:\/\/radiolitoral.com\/2024\/10\/calp-va-coronar-als-campions-infantils-i-cadets-de-la-lliga-valenciana\/#article","isPartOf":{"@id":"https:\/\/radiolitoral.com\/2024\/10\/calp-va-coronar-als-campions-infantils-i-cadets-de-la-lliga-valenciana\/"},"author":{"name":"Javier Zamora","@id":"https:\/\/radiolitoral.com\/#\/schema\/person\/7b1480b5caeb5acdd4ec6379caf62b22"},"headline":"Calp va coronar als campions infantils i cadets de la Lliga Valenciana","datePublished":"2024-10-14T08:57:59+00:00","mainEntityOfPage":{"@id":"https:\/\/radiolitoral.com\/2024\/10\/calp-va-coronar-als-campions-infantils-i-cadets-de-la-lliga-valenciana\/"},"wordCount":385,"commentCount":0,"publisher":{"@id":"https:\/\/radiolitoral.com\/#organization"},"image":{"@id":"https:\/\/radiolitoral.com\/2024\/10\/calp-va-coronar-als-campions-infantils-i-cadets-de-la-lliga-valenciana\/#primaryimage"},"thumbnailUrl":"https:\/\/media.radiolitoral.com\/wp-content\/uploads\/2024\/10\/14105244\/CB-Ifach-Calpe-Alevin.jpg","keywords":["Alejandro\u00a0Gonz\u00e1lez","CB Ifach Calpe","CB Petrer","CB Terralf\u00e1s","CD Paidos D\u00e9nia","Dmytro\u00a0Skutyyelnik","Escoles Esportives Ondara","Juan Miguel Sila","Julia\u00a0Ortol\u00e1","Kevin\u00a0Claudiu\u00a0Daniel"],"articleSection":["Deportes"],"inLanguage":"ca","potentialAction":[{"@type":"CommentAction","name":"Comment","target":["https:\/\/radiolitoral.com\/2024\/10\/calp-va-coronar-als-campions-infantils-i-cadets-de-la-lliga-valenciana\/#respond"]}]},{"@type":["WebPage","ItemPage"],"@id":"https:\/\/radiolitoral.com\/2024\/10\/calp-va-coronar-als-campions-infantils-i-cadets-de-la-lliga-valenciana\/","url":"https:\/\/radiolitoral.com\/2024\/10\/calp-va-coronar-als-campions-infantils-i-cadets-de-la-lliga-valenciana\/","name":"Calp va coronar els campions infantils i cadets de la Lliga Valenciana | R\u00e0dio Litoral","isPartOf":{"@id":"https:\/\/radiolitoral.com\/#website"},"primaryImageOfPage":{"@id":"https:\/\/radiolitoral.com\/2024\/10\/calp-va-coronar-als-campions-infantils-i-cadets-de-la-lliga-valenciana\/#primaryimage"},"image":{"@id":"https:\/\/radiolitoral.com\/2024\/10\/calp-va-coronar-als-campions-infantils-i-cadets-de-la-lliga-valenciana\/#primaryimage"},"thumbnailUrl":"https:\/\/media.radiolitoral.com\/wp-content\/uploads\/2024\/10\/14105244\/CB-Ifach-Calpe-Alevin.jpg","datePublished":"2024-10-14T08:57:59+00:00","description":"El CB Ifach Calp, els EUA Ondara i els CD Paidos van ser els clubs de la Marina Alta que van aconseguir el t\u00edtol de campionsEl CB Ifach Calp, els EE.","breadcrumb":{"@id":"https:\/\/radiolitoral.com\/2024\/10\/calp-va-coronar-als-campions-infantils-i-cadets-de-la-lliga-valenciana\/#breadcrumb"},"inLanguage":"ca","potentialAction":[{"@type":"ReadAction","target":["https:\/\/radiolitoral.com\/2024\/10\/calp-va-coronar-als-campions-infantils-i-cadets-de-la-lliga-valenciana\/"]}]},{"@type":"ImageObject","inLanguage":"ca","@id":"https:\/\/radiolitoral.com\/2024\/10\/calp-va-coronar-als-campions-infantils-i-cadets-de-la-lliga-valenciana\/#primaryimage","url":"https:\/\/media.radiolitoral.com\/wp-content\/uploads\/2024\/10\/14105244\/CB-Ifach-Calpe-Alevin.jpg","contentUrl":"https:\/\/media.radiolitoral.com\/wp-content\/uploads\/2024\/10\/14105244\/CB-Ifach-Calpe-Alevin.jpg","width":1024,"height":682},{"@type":"BreadcrumbList","@id":"https:\/\/radiolitoral.com\/2024\/10\/calp-va-coronar-als-campions-infantils-i-cadets-de-la-lliga-valenciana\/#breadcrumb","itemListElement":[{"@type":"ListItem","position":1,"name":"Portada","item":"https:\/\/radiolitoral.com\/"},{"@type":"ListItem","position":2,"name":"Calp va coronar als campions infantils i cadets de la Lliga Valenciana"}]},{"@type":"WebSite","@id":"https:\/\/radiolitoral.com\/#website","url":"https:\/\/radiolitoral.com\/","name":"R\u00e0dio Litoral","description":"La r\u00e0dio local de la Marina Alta","publisher":{"@id":"https:\/\/radiolitoral.com\/#organization"},"alternateName":"Litoral FM","potentialAction":[{"@type":"SearchAction","target":{"@type":"EntryPoint","urlTemplate":"https:\/\/radiolitoral.com\/?s={search_term_string}"},"query-input":{"@type":"PropertyValueSpecification","valueRequired":true,"valueName":"search_term_string"}}],"inLanguage":"ca"},{"@type":"Organization","@id":"https:\/\/radiolitoral.com\/#organization","name":"R\u00e0dio Litoral","url":"https:\/\/radiolitoral.com\/","logo":{"@type":"ImageObject","inLanguage":"ca","@id":"https:\/\/radiolitoral.com\/#\/schema\/logo\/image\/","url":"https:\/\/media.radiolitoral.com\/wp-content\/uploads\/2023\/02\/24143238\/CL-V-RadioLitoral696.png","contentUrl":"https:\/\/media.radiolitoral.com\/wp-content\/uploads\/2023\/02\/24143238\/CL-V-RadioLitoral696.png","width":696,"height":696,"caption":"Radio Litoral"},"image":{"@id":"https:\/\/radiolitoral.com\/#\/schema\/logo\/image\/"},"sameAs":["https:\/\/www.facebook.com\/Laradiolitoral\/"]},{"@type":"Person","@id":"https:\/\/radiolitoral.com\/#\/schema\/person\/7b1480b5caeb5acdd4ec6379caf62b22","name":"Javier Zamora","image":{"@type":"ImageObject","inLanguage":"ca","@id":"https:\/\/secure.gravatar.com\/avatar\/467a11f6918c7d619c4043fc6fa2d3853053107973f05b6e9c04ea6c4e3a7b3f?s=96&d=mm&r=g","url":"https:\/\/secure.gravatar.com\/avatar\/467a11f6918c7d619c4043fc6fa2d3853053107973f05b6e9c04ea6c4e3a7b3f?s=96&d=mm&r=g","contentUrl":"https:\/\/secure.gravatar.com\/avatar\/467a11f6918c7d619c4043fc6fa2d3853053107973f05b6e9c04ea6c4e3a7b3f?s=96&d=mm&r=g","caption":"Javier Zamora"},"url":"https:\/\/radiolitoral.com\/ca\/author\/javier-zamora\/"}]}},"_links":{"self":[{"href":"https:\/\/radiolitoral.com\/ca\/wp-json\/wp\/v2\/posts\/12315","targetHints":{"allow":["GET"]}}],"collection":[{"href":"https:\/\/radiolitoral.com\/ca\/wp-json\/wp\/v2\/posts"}],"about":[{"href":"https:\/\/radiolitoral.com\/ca\/wp-json\/wp\/v2\/types\/post"}],"author":[{"embeddable":true,"href":"https:\/\/radiolitoral.com\/ca\/wp-json\/wp\/v2\/users\/12"}],"replies":[{"embeddable":true,"href":"https:\/\/radiolitoral.com\/ca\/wp-json\/wp\/v2\/comments?post=12315"}],"version-history":[{"count":2,"href":"https:\/\/radiolitoral.com\/ca\/wp-json\/wp\/v2\/posts\/12315\/revisions"}],"predecessor-version":[{"id":12322,"href":"https:\/\/radiolitoral.com\/ca\/wp-json\/wp\/v2\/posts\/12315\/revisions\/12322"}],"wp:featuredmedia":[{"embeddable":true,"href":"https:\/\/radiolitoral.com\/ca\/wp-json\/wp\/v2\/media\/12316"}],"wp:attachment":[{"href":"https:\/\/radiolitoral.com\/ca\/wp-json\/wp\/v2\/media?parent=12315"}],"wp:term":[{"taxonomy":"category","embeddable":true,"href":"https:\/\/radiolitoral.com\/ca\/wp-json\/wp\/v2\/categories?post=12315"},{"taxonomy":"post_tag","embeddable":true,"href":"https:\/\/radiolitoral.com\/ca\/wp-json\/wp\/v2\/tags?post=12315"}],"curies":[{"name":"wp","href":"https:\/\/api.w.org\/{rel}","templated":true}]}}