{"id":12305,"date":"2024-10-11T18:42:46","date_gmt":"2024-10-11T16:42:46","guid":{"rendered":"https:\/\/radiolitoral.com\/?p=12305"},"modified":"2024-10-11T18:42:46","modified_gmt":"2024-10-11T16:42:46","slug":"benitatxell-promociona-el-valencia-com-a-atractiu-turistic","status":"publish","type":"post","link":"https:\/\/radiolitoral.com\/ca\/2024\/10\/benitatxell-promociona-el-valencia-com-a-atractiu-turistic\/","title":{"rendered":"Benitatxell promociona el valenci\u00e0 com a atractiu tur\u00edstic"},"content":{"rendered":"<p>No sols les platges, els paisatges o el clima s\u00f3n els atractius tur\u00edstics d\u00b4una destinaci\u00f3. Les ra\u00efls, la cultura, la identitat i la llengua dels pobles poden ser tamb\u00e9 un reclam m\u00e9s per als turistes. I \u00e9s amb aquesta premissa amb qu\u00e8 l&#039;Ajuntament del Poble Nou de Benitatxell, a trav\u00e9s de les xarxes socials de<strong> Turisme Benitatxell<\/strong> (@turismebenitatxell), llen\u00e7a aquest 9 d&#039;octubre, dia del poble valenci\u00e0, la campanya <strong>&#039;Coneix a Valenci\u00e0&#039;<\/strong>.<\/p>\n<p>L&#039;objectiu de &#039;<strong>Coneix a Valenci\u00e0<\/strong>&#039; \u00e9s fomentar <strong>un turisme respectu\u00f3s<\/strong> amb les costums, la manera de ser i la vida quotidiana del Poble Nou de Benitatxell, i ho fa reivindicant la llengua valenciana com a eix vertebrador entre els forans i la gent del poble.<\/p>\n<h4>&#039;Coneix a Valenci\u00e0&#039;, per un turisme respectu\u00f3s<\/h4>\n<p>Aix\u00ed, al llarg dels propers mesos, les comptes d&#039;Instagram i Facebook de Turisme Benitatxell aniran mostrant en tres idiomes (valenci\u00e0, castell\u00e0 i angl\u00e8s) paraules i frases per tal que els visitants i turistes puguin posar-los en pr\u00e0ctica a les seves visites al Poble Nou de Benitatxell, ja seguiu a les vostres compres, visitant els bars i restaurants o, simplement, saludant pel carrer.<\/p>\n<p>Paraules tan b\u00e0siques com <strong>bon dia<\/strong>, <strong>gr\u00e0cies<\/strong>, <strong>si us plau<\/strong>, o la terminologia per demanar un <strong>esmorzar<\/strong> com a bon valenci\u00e0 seran algunes de les que formaran part d&#039;aquesta campanya.<\/p>\n<p>Aix\u00ed mateix, aquesta <strong>acci\u00f3 de divulgaci\u00f3<\/strong> tamb\u00e9 posar\u00e0 el focus a les <strong>festes populars del municipi<\/strong>, la gastronomia o el comer\u00e7, divulgant les paraules i frases pr\u00f2pies de cada esdeveniment o categoria.<\/p>\n<p>\u201cCom a valenci\u00e0, cada cop que visiteu un poble, ciutat o pa\u00eds amb una llengua i unes costums pr\u00f2pies, m&#039;agrada con\u00e8ixer un poc del lloc, de la seva hist\u00f2ria, la seva cultura i la seva gastronomia, i aprendre paraules aut\u00f2ctons. Penseu que \u00e9s una mostra de cortesia i respecte cap a la gent del lloc que \u00e9s visita. \u00c9s bonic veure alg\u00fa de fora esfor\u00e7ar-se per integrar-se\u201d, ha destacat el regidor de Turisme, V\u00edctor Bisquert.<\/p>\n<p>\u201cHi ha gent que visita o resideix el poble des de fa m\u00e9s de 30 anys i no sap dir bon dia. Moltes persones fins i tot ni parlin castell\u00e0. Amb aquesta campanya volem estendre&#039;ls la m\u00e0 i oferir-los un espai on con\u00e8ixer les costums i la llengua del nostre poble perqu\u00e8 puguin integrar-se i fer vida al poble com un pobler o poblera m\u00e9s\u201d.<\/p>","protected":false},"excerpt":{"rendered":"<p>No sols les platges, els paisatges o el clima s\u00f3n els atractius tur\u00edstics d\u2019una destinaci\u00f3. Les arrels, la cultura, la identitat i la llengua dels pobles poden ser tamb\u00e9 un reclam m\u00e9s per als turistes. I \u00e9s amb esta premissa amb la qu\u00e8 l\u2019Ajuntament del Poble Nou de Benitatxell, a trav\u00e9s de les xarxes socials [&#8230;]<\/p>\n<p><a class=\"btn btn-secondary understrap-read-more-link\" href=\"https:\/\/radiolitoral.com\/ca\/2024\/10\/benitatxell-promociona-el-valencia-com-a-atractiu-turistic\/\">Continua llegint&#8230;<span class=\"screen-reader-text\"> from Benitatxell promociona el valenci\u00e0 com a atractiu tur\u00edstic<\/span><\/a><\/p>\n","protected":false},"author":14,"featured_media":12306,"comment_status":"open","ping_status":"closed","sticky":false,"template":"","format":"standard","meta":{"_acf_changed":false,"inline_featured_image":false,"footnotes":""},"categories":[144],"tags":[184,2517,163],"class_list":["post-12305","post","type-post","status-publish","format-standard","has-post-thumbnail","hentry","category-turismo","tag-benitatxell","tag-coneix-en-valencia","tag-turismo","cobertura-poble-nou-de-benitatxell"],"acf":[],"yoast_head":"<!-- This site is optimized with the Yoast SEO plugin v27.5 - https:\/\/yoast.com\/product\/yoast-seo-wordpress\/ -->\n<title>Benitatxell promociona el valenci\u00e0 com a atractiu tur\u00edstic | R\u00e0dio Litoral<\/title>\n<meta name=\"description\" content=\"L\u2019Ajuntament llan\u00e7a la campanya \u2018Coneix en valenci\u00e0\u2019 per a fomentar un turisme respectu\u00f3s amb les costums\" \/>\n<meta name=\"robots\" content=\"index, follow, max-snippet:-1, max-image-preview:large, max-video-preview:-1\" \/>\n<link rel=\"canonical\" href=\"https:\/\/radiolitoral.com\/ca\/2024\/10\/benitatxell-promociona-el-valencia-com-a-atractiu-turistic\/\" \/>\n<meta property=\"og:locale\" content=\"ca_ES\" \/>\n<meta property=\"og:type\" content=\"article\" \/>\n<meta property=\"og:title\" content=\"Benitatxell promociona el valenci\u00e0 com a atractiu tur\u00edstic | R\u00e0dio Litoral\" \/>\n<meta property=\"og:description\" content=\"L\u2019Ajuntament llan\u00e7a la campanya \u2018Coneix en valenci\u00e0\u2019 per a fomentar un turisme respectu\u00f3s amb les costums\" \/>\n<meta property=\"og:url\" content=\"https:\/\/radiolitoral.com\/ca\/2024\/10\/benitatxell-promociona-el-valencia-com-a-atractiu-turistic\/\" \/>\n<meta property=\"og:site_name\" content=\"R\u00e0dio Litoral\" \/>\n<meta property=\"article:publisher\" content=\"https:\/\/www.facebook.com\/Laradiolitoral\/\" \/>\n<meta property=\"article:published_time\" content=\"2024-10-11T16:42:46+00:00\" \/>\n<meta property=\"og:image\" content=\"https:\/\/media.radiolitoral.com\/wp-content\/uploads\/2024\/10\/11184148\/coneix-en-valencia1.jpeg\" \/>\n\t<meta property=\"og:image:width\" content=\"1600\" \/>\n\t<meta property=\"og:image:height\" content=\"1066\" \/>\n\t<meta property=\"og:image:type\" content=\"image\/jpeg\" \/>\n<meta name=\"author\" content=\"Redacci\u00f3n\" \/>\n<meta name=\"twitter:card\" content=\"summary_large_image\" \/>\n<meta name=\"twitter:label1\" content=\"Escrit per\" \/>\n\t<meta name=\"twitter:data1\" content=\"Redacci\u00f3n\" \/>\n\t<meta name=\"twitter:label2\" content=\"Temps estimat de lectura\" \/>\n\t<meta name=\"twitter:data2\" content=\"3 minuts\" \/>\n<script type=\"application\/ld+json\" class=\"yoast-schema-graph\">{\"@context\":\"https:\\\/\\\/schema.org\",\"@graph\":[{\"@type\":\"NewsArticle\",\"@id\":\"https:\\\/\\\/radiolitoral.com\\\/2024\\\/10\\\/benitatxell-promociona-el-valencia-com-a-atractiu-turistic\\\/#article\",\"isPartOf\":{\"@id\":\"https:\\\/\\\/radiolitoral.com\\\/2024\\\/10\\\/benitatxell-promociona-el-valencia-com-a-atractiu-turistic\\\/\"},\"author\":{\"name\":\"Redacci\u00f3n\",\"@id\":\"https:\\\/\\\/radiolitoral.com\\\/#\\\/schema\\\/person\\\/96b739642eb3bedb532aac3812d23307\"},\"headline\":\"Benitatxell promociona el valenci\u00e0 com a atractiu tur\u00edstic\",\"datePublished\":\"2024-10-11T16:42:46+00:00\",\"mainEntityOfPage\":{\"@id\":\"https:\\\/\\\/radiolitoral.com\\\/2024\\\/10\\\/benitatxell-promociona-el-valencia-com-a-atractiu-turistic\\\/\"},\"wordCount\":425,\"commentCount\":0,\"publisher\":{\"@id\":\"https:\\\/\\\/radiolitoral.com\\\/#organization\"},\"image\":{\"@id\":\"https:\\\/\\\/radiolitoral.com\\\/2024\\\/10\\\/benitatxell-promociona-el-valencia-com-a-atractiu-turistic\\\/#primaryimage\"},\"thumbnailUrl\":\"https:\\\/\\\/media.radiolitoral.com\\\/wp-content\\\/uploads\\\/2024\\\/10\\\/11184148\\\/coneix-en-valencia1.jpeg\",\"keywords\":[\"Benitatxell\",\"Coneix en Valenci\u00e0\",\"turismo\"],\"articleSection\":[\"Turismo\"],\"inLanguage\":\"ca\",\"potentialAction\":[{\"@type\":\"CommentAction\",\"name\":\"Comment\",\"target\":[\"https:\\\/\\\/radiolitoral.com\\\/2024\\\/10\\\/benitatxell-promociona-el-valencia-com-a-atractiu-turistic\\\/#respond\"]}]},{\"@type\":[\"WebPage\",\"ItemPage\"],\"@id\":\"https:\\\/\\\/radiolitoral.com\\\/2024\\\/10\\\/benitatxell-promociona-el-valencia-com-a-atractiu-turistic\\\/\",\"url\":\"https:\\\/\\\/radiolitoral.com\\\/2024\\\/10\\\/benitatxell-promociona-el-valencia-com-a-atractiu-turistic\\\/\",\"name\":\"Benitatxell promociona el valenci\u00e0 com a atractiu tur\u00edstic | R\u00e0dio Litoral\",\"isPartOf\":{\"@id\":\"https:\\\/\\\/radiolitoral.com\\\/#website\"},\"primaryImageOfPage\":{\"@id\":\"https:\\\/\\\/radiolitoral.com\\\/2024\\\/10\\\/benitatxell-promociona-el-valencia-com-a-atractiu-turistic\\\/#primaryimage\"},\"image\":{\"@id\":\"https:\\\/\\\/radiolitoral.com\\\/2024\\\/10\\\/benitatxell-promociona-el-valencia-com-a-atractiu-turistic\\\/#primaryimage\"},\"thumbnailUrl\":\"https:\\\/\\\/media.radiolitoral.com\\\/wp-content\\\/uploads\\\/2024\\\/10\\\/11184148\\\/coneix-en-valencia1.jpeg\",\"datePublished\":\"2024-10-11T16:42:46+00:00\",\"description\":\"L\u2019Ajuntament llan\u00e7a la campanya \u2018Coneix en valenci\u00e0\u2019 per a fomentar un turisme respectu\u00f3s amb les costums\",\"breadcrumb\":{\"@id\":\"https:\\\/\\\/radiolitoral.com\\\/2024\\\/10\\\/benitatxell-promociona-el-valencia-com-a-atractiu-turistic\\\/#breadcrumb\"},\"inLanguage\":\"ca\",\"potentialAction\":[{\"@type\":\"ReadAction\",\"target\":[\"https:\\\/\\\/radiolitoral.com\\\/2024\\\/10\\\/benitatxell-promociona-el-valencia-com-a-atractiu-turistic\\\/\"]}]},{\"@type\":\"ImageObject\",\"inLanguage\":\"ca\",\"@id\":\"https:\\\/\\\/radiolitoral.com\\\/2024\\\/10\\\/benitatxell-promociona-el-valencia-com-a-atractiu-turistic\\\/#primaryimage\",\"url\":\"https:\\\/\\\/media.radiolitoral.com\\\/wp-content\\\/uploads\\\/2024\\\/10\\\/11184148\\\/coneix-en-valencia1.jpeg\",\"contentUrl\":\"https:\\\/\\\/media.radiolitoral.com\\\/wp-content\\\/uploads\\\/2024\\\/10\\\/11184148\\\/coneix-en-valencia1.jpeg\",\"width\":1600,\"height\":1066},{\"@type\":\"BreadcrumbList\",\"@id\":\"https:\\\/\\\/radiolitoral.com\\\/2024\\\/10\\\/benitatxell-promociona-el-valencia-com-a-atractiu-turistic\\\/#breadcrumb\",\"itemListElement\":[{\"@type\":\"ListItem\",\"position\":1,\"name\":\"Portada\",\"item\":\"https:\\\/\\\/radiolitoral.com\\\/\"},{\"@type\":\"ListItem\",\"position\":2,\"name\":\"Benitatxell promociona el valenci\u00e0 com a atractiu tur\u00edstic\"}]},{\"@type\":\"WebSite\",\"@id\":\"https:\\\/\\\/radiolitoral.com\\\/#website\",\"url\":\"https:\\\/\\\/radiolitoral.com\\\/\",\"name\":\"Radio Litoral\",\"description\":\"La radio local de la Marina Alta\",\"publisher\":{\"@id\":\"https:\\\/\\\/radiolitoral.com\\\/#organization\"},\"alternateName\":\"Litoral FM\",\"potentialAction\":[{\"@type\":\"SearchAction\",\"target\":{\"@type\":\"EntryPoint\",\"urlTemplate\":\"https:\\\/\\\/radiolitoral.com\\\/?s={search_term_string}\"},\"query-input\":{\"@type\":\"PropertyValueSpecification\",\"valueRequired\":true,\"valueName\":\"search_term_string\"}}],\"inLanguage\":\"ca\"},{\"@type\":\"Organization\",\"@id\":\"https:\\\/\\\/radiolitoral.com\\\/#organization\",\"name\":\"Radio Litoral\",\"url\":\"https:\\\/\\\/radiolitoral.com\\\/\",\"logo\":{\"@type\":\"ImageObject\",\"inLanguage\":\"ca\",\"@id\":\"https:\\\/\\\/radiolitoral.com\\\/#\\\/schema\\\/logo\\\/image\\\/\",\"url\":\"https:\\\/\\\/media.radiolitoral.com\\\/wp-content\\\/uploads\\\/2023\\\/02\\\/24143238\\\/CL-V-RadioLitoral696.png\",\"contentUrl\":\"https:\\\/\\\/media.radiolitoral.com\\\/wp-content\\\/uploads\\\/2023\\\/02\\\/24143238\\\/CL-V-RadioLitoral696.png\",\"width\":696,\"height\":696,\"caption\":\"Radio Litoral\"},\"image\":{\"@id\":\"https:\\\/\\\/radiolitoral.com\\\/#\\\/schema\\\/logo\\\/image\\\/\"},\"sameAs\":[\"https:\\\/\\\/www.facebook.com\\\/Laradiolitoral\\\/\"]},{\"@type\":\"Person\",\"@id\":\"https:\\\/\\\/radiolitoral.com\\\/#\\\/schema\\\/person\\\/96b739642eb3bedb532aac3812d23307\",\"name\":\"Redacci\u00f3n\",\"image\":{\"@type\":\"ImageObject\",\"inLanguage\":\"ca\",\"@id\":\"https:\\\/\\\/secure.gravatar.com\\\/avatar\\\/30cd06129ee90411dd9c7cbdcf17464181d1a3c7b072e92070ea75a25cf0097e?s=96&d=mm&r=g\",\"url\":\"https:\\\/\\\/secure.gravatar.com\\\/avatar\\\/30cd06129ee90411dd9c7cbdcf17464181d1a3c7b072e92070ea75a25cf0097e?s=96&d=mm&r=g\",\"contentUrl\":\"https:\\\/\\\/secure.gravatar.com\\\/avatar\\\/30cd06129ee90411dd9c7cbdcf17464181d1a3c7b072e92070ea75a25cf0097e?s=96&d=mm&r=g\",\"caption\":\"Redacci\u00f3n\"},\"url\":\"https:\\\/\\\/radiolitoral.com\\\/ca\\\/author\\\/kevin-carrio\\\/\"}]}<\/script>\n<!-- \/ Yoast SEO plugin. -->","yoast_head_json":{"title":"Benitatxell promociona el valenci\u00e0 com a atractiu tur\u00edstic | R\u00e0dio Litoral","description":"L&#039;Ajuntament llen\u00e7a la campanya &#039;Coneix en valenci\u00e0&#039; per fomentar un turisme respectu\u00f3s amb les costums","robots":{"index":"index","follow":"follow","max-snippet":"max-snippet:-1","max-image-preview":"max-image-preview:large","max-video-preview":"max-video-preview:-1"},"canonical":"https:\/\/radiolitoral.com\/ca\/2024\/10\/benitatxell-promociona-el-valencia-com-a-atractiu-turistic\/","og_locale":"ca_ES","og_type":"article","og_title":"Benitatxell promociona el valenci\u00e0 com a atractiu tur\u00edstic | R\u00e0dio Litoral","og_description":"L\u2019Ajuntament llan\u00e7a la campanya \u2018Coneix en valenci\u00e0\u2019 per a fomentar un turisme respectu\u00f3s amb les costums","og_url":"https:\/\/radiolitoral.com\/ca\/2024\/10\/benitatxell-promociona-el-valencia-com-a-atractiu-turistic\/","og_site_name":"R\u00e0dio Litoral","article_publisher":"https:\/\/www.facebook.com\/Laradiolitoral\/","article_published_time":"2024-10-11T16:42:46+00:00","og_image":[{"width":1600,"height":1066,"url":"https:\/\/media.radiolitoral.com\/wp-content\/uploads\/2024\/10\/11184148\/coneix-en-valencia1.jpeg","type":"image\/jpeg"}],"author":"Redacci\u00f3n","twitter_card":"summary_large_image","twitter_misc":{"Escrit per":"Redacci\u00f3n","Temps estimat de lectura":"3 minuts"},"schema":{"@context":"https:\/\/schema.org","@graph":[{"@type":"NewsArticle","@id":"https:\/\/radiolitoral.com\/2024\/10\/benitatxell-promociona-el-valencia-com-a-atractiu-turistic\/#article","isPartOf":{"@id":"https:\/\/radiolitoral.com\/2024\/10\/benitatxell-promociona-el-valencia-com-a-atractiu-turistic\/"},"author":{"name":"Redacci\u00f3n","@id":"https:\/\/radiolitoral.com\/#\/schema\/person\/96b739642eb3bedb532aac3812d23307"},"headline":"Benitatxell promociona el valenci\u00e0 com a atractiu tur\u00edstic","datePublished":"2024-10-11T16:42:46+00:00","mainEntityOfPage":{"@id":"https:\/\/radiolitoral.com\/2024\/10\/benitatxell-promociona-el-valencia-com-a-atractiu-turistic\/"},"wordCount":425,"commentCount":0,"publisher":{"@id":"https:\/\/radiolitoral.com\/#organization"},"image":{"@id":"https:\/\/radiolitoral.com\/2024\/10\/benitatxell-promociona-el-valencia-com-a-atractiu-turistic\/#primaryimage"},"thumbnailUrl":"https:\/\/media.radiolitoral.com\/wp-content\/uploads\/2024\/10\/11184148\/coneix-en-valencia1.jpeg","keywords":["Benitatxell","Coneix en Valenci\u00e0","turismo"],"articleSection":["Turismo"],"inLanguage":"ca","potentialAction":[{"@type":"CommentAction","name":"Comment","target":["https:\/\/radiolitoral.com\/2024\/10\/benitatxell-promociona-el-valencia-com-a-atractiu-turistic\/#respond"]}]},{"@type":["WebPage","ItemPage"],"@id":"https:\/\/radiolitoral.com\/2024\/10\/benitatxell-promociona-el-valencia-com-a-atractiu-turistic\/","url":"https:\/\/radiolitoral.com\/2024\/10\/benitatxell-promociona-el-valencia-com-a-atractiu-turistic\/","name":"Benitatxell promociona el valenci\u00e0 com a atractiu tur\u00edstic | R\u00e0dio Litoral","isPartOf":{"@id":"https:\/\/radiolitoral.com\/#website"},"primaryImageOfPage":{"@id":"https:\/\/radiolitoral.com\/2024\/10\/benitatxell-promociona-el-valencia-com-a-atractiu-turistic\/#primaryimage"},"image":{"@id":"https:\/\/radiolitoral.com\/2024\/10\/benitatxell-promociona-el-valencia-com-a-atractiu-turistic\/#primaryimage"},"thumbnailUrl":"https:\/\/media.radiolitoral.com\/wp-content\/uploads\/2024\/10\/11184148\/coneix-en-valencia1.jpeg","datePublished":"2024-10-11T16:42:46+00:00","description":"L&#039;Ajuntament llen\u00e7a la campanya &#039;Coneix en valenci\u00e0&#039; per fomentar un turisme respectu\u00f3s amb les costums","breadcrumb":{"@id":"https:\/\/radiolitoral.com\/2024\/10\/benitatxell-promociona-el-valencia-com-a-atractiu-turistic\/#breadcrumb"},"inLanguage":"ca","potentialAction":[{"@type":"ReadAction","target":["https:\/\/radiolitoral.com\/2024\/10\/benitatxell-promociona-el-valencia-com-a-atractiu-turistic\/"]}]},{"@type":"ImageObject","inLanguage":"ca","@id":"https:\/\/radiolitoral.com\/2024\/10\/benitatxell-promociona-el-valencia-com-a-atractiu-turistic\/#primaryimage","url":"https:\/\/media.radiolitoral.com\/wp-content\/uploads\/2024\/10\/11184148\/coneix-en-valencia1.jpeg","contentUrl":"https:\/\/media.radiolitoral.com\/wp-content\/uploads\/2024\/10\/11184148\/coneix-en-valencia1.jpeg","width":1600,"height":1066},{"@type":"BreadcrumbList","@id":"https:\/\/radiolitoral.com\/2024\/10\/benitatxell-promociona-el-valencia-com-a-atractiu-turistic\/#breadcrumb","itemListElement":[{"@type":"ListItem","position":1,"name":"Portada","item":"https:\/\/radiolitoral.com\/"},{"@type":"ListItem","position":2,"name":"Benitatxell promociona el valenci\u00e0 com a atractiu tur\u00edstic"}]},{"@type":"WebSite","@id":"https:\/\/radiolitoral.com\/#website","url":"https:\/\/radiolitoral.com\/","name":"R\u00e0dio Litoral","description":"La r\u00e0dio local de la Marina Alta","publisher":{"@id":"https:\/\/radiolitoral.com\/#organization"},"alternateName":"Litoral FM","potentialAction":[{"@type":"SearchAction","target":{"@type":"EntryPoint","urlTemplate":"https:\/\/radiolitoral.com\/?s={search_term_string}"},"query-input":{"@type":"PropertyValueSpecification","valueRequired":true,"valueName":"search_term_string"}}],"inLanguage":"ca"},{"@type":"Organization","@id":"https:\/\/radiolitoral.com\/#organization","name":"R\u00e0dio Litoral","url":"https:\/\/radiolitoral.com\/","logo":{"@type":"ImageObject","inLanguage":"ca","@id":"https:\/\/radiolitoral.com\/#\/schema\/logo\/image\/","url":"https:\/\/media.radiolitoral.com\/wp-content\/uploads\/2023\/02\/24143238\/CL-V-RadioLitoral696.png","contentUrl":"https:\/\/media.radiolitoral.com\/wp-content\/uploads\/2023\/02\/24143238\/CL-V-RadioLitoral696.png","width":696,"height":696,"caption":"Radio Litoral"},"image":{"@id":"https:\/\/radiolitoral.com\/#\/schema\/logo\/image\/"},"sameAs":["https:\/\/www.facebook.com\/Laradiolitoral\/"]},{"@type":"Person","@id":"https:\/\/radiolitoral.com\/#\/schema\/person\/96b739642eb3bedb532aac3812d23307","name":"Redacci\u00f3","image":{"@type":"ImageObject","inLanguage":"ca","@id":"https:\/\/secure.gravatar.com\/avatar\/30cd06129ee90411dd9c7cbdcf17464181d1a3c7b072e92070ea75a25cf0097e?s=96&d=mm&r=g","url":"https:\/\/secure.gravatar.com\/avatar\/30cd06129ee90411dd9c7cbdcf17464181d1a3c7b072e92070ea75a25cf0097e?s=96&d=mm&r=g","contentUrl":"https:\/\/secure.gravatar.com\/avatar\/30cd06129ee90411dd9c7cbdcf17464181d1a3c7b072e92070ea75a25cf0097e?s=96&d=mm&r=g","caption":"Redacci\u00f3n"},"url":"https:\/\/radiolitoral.com\/ca\/author\/kevin-carrio\/"}]}},"_links":{"self":[{"href":"https:\/\/radiolitoral.com\/ca\/wp-json\/wp\/v2\/posts\/12305","targetHints":{"allow":["GET"]}}],"collection":[{"href":"https:\/\/radiolitoral.com\/ca\/wp-json\/wp\/v2\/posts"}],"about":[{"href":"https:\/\/radiolitoral.com\/ca\/wp-json\/wp\/v2\/types\/post"}],"author":[{"embeddable":true,"href":"https:\/\/radiolitoral.com\/ca\/wp-json\/wp\/v2\/users\/14"}],"replies":[{"embeddable":true,"href":"https:\/\/radiolitoral.com\/ca\/wp-json\/wp\/v2\/comments?post=12305"}],"version-history":[{"count":1,"href":"https:\/\/radiolitoral.com\/ca\/wp-json\/wp\/v2\/posts\/12305\/revisions"}],"predecessor-version":[{"id":12307,"href":"https:\/\/radiolitoral.com\/ca\/wp-json\/wp\/v2\/posts\/12305\/revisions\/12307"}],"wp:featuredmedia":[{"embeddable":true,"href":"https:\/\/radiolitoral.com\/ca\/wp-json\/wp\/v2\/media\/12306"}],"wp:attachment":[{"href":"https:\/\/radiolitoral.com\/ca\/wp-json\/wp\/v2\/media?parent=12305"}],"wp:term":[{"taxonomy":"category","embeddable":true,"href":"https:\/\/radiolitoral.com\/ca\/wp-json\/wp\/v2\/categories?post=12305"},{"taxonomy":"post_tag","embeddable":true,"href":"https:\/\/radiolitoral.com\/ca\/wp-json\/wp\/v2\/tags?post=12305"}],"curies":[{"name":"wp","href":"https:\/\/api.w.org\/{rel}","templated":true}]}}