{"id":12273,"date":"2024-10-11T08:15:17","date_gmt":"2024-10-11T06:15:17","guid":{"rendered":"https:\/\/radiolitoral.com\/?p=12273"},"modified":"2024-10-11T08:15:17","modified_gmt":"2024-10-11T06:15:17","slug":"denia-basquet-es-mesura-al-cb-jorge-juan-en-tercera-feb","status":"publish","type":"post","link":"https:\/\/radiolitoral.com\/ca\/2024\/10\/denia-basquet-es-mesura-al-cb-jorge-juan-en-tercera-feb\/","title":{"rendered":"D\u00e9nia B\u00e0squet \u00e9s mesura al CB Jorge Juan a Tercera FEB"},"content":{"rendered":"<p>Despr\u00e9s d&#039;una intensa pretemporada que va comen\u00e7ar a mitjan agost, l&#039;equip dirigit per\u00a0<strong><span class=\"hiddenSpellError\">Eduardo<\/span>\u00a0<span class=\"hiddenSpellError\">Clavero<\/span><\/strong>\u00a0i <strong>Xavier D\u00edaz<\/strong> est\u00e0 llest per al seu esperat debut a la <strong>Tercera\u00a0<span class=\"hiddenSpellError\">FEB<\/span><\/strong>, anteriorment coneguda com a <strong>Lliga\u00a0<span class=\"hiddenSpellError\">EBA<\/span><\/strong>. Aquest dissabte 12 d&#039;octubre, a les 19.30 hores, el pavell\u00f3 de Joan Fuster acollir\u00e0 el primer partit de la temporada, on els locals s&#039;enfrontaran al\u00a0<span class=\"hiddenSpellError\">Jorge<\/span>\u00a0Joan de Novelda, un conjunt amb experi\u00e8ncia i solidesa en aquesta categoria.<\/p>\n<p>Tot i les dificultats f\u00edsiques que han afectat alguns jugadors, l&#039;equip est\u00e0 decidit a unir-se i donar el millor a la pista. El cos t\u00e8cnic ha treballat intensament perqu\u00e8 arribin en les millors condicions possibles, a punt per competir igual a igual amb el seu rival. El suport de l&#039;afici\u00f3 ser\u00e0 crucial en aquesta arrencada, i s&#039;espera una gran assist\u00e8ncia de socis i seguidors per abrigar l&#039;equip en la seva emocionant estrena de temporada.<\/p>\n<figure id=\"attachment_12275\" aria-describedby=\"caption-attachment-12275\" style=\"width: 2560px\" class=\"wp-caption alignnone\"><img loading=\"lazy\" decoding=\"async\" class=\"wp-image-12275 size-full\" src=\"https:\/\/media.radiolitoral.com\/wp-content\/uploads\/2024\/10\/10122007\/Plantilla-del-Denia-Basquet-3a-Division-scaled.jpg\" alt=\"\" width=\"2560\" height=\"1707\" srcset=\"https:\/\/media.radiolitoral.com\/wp-content\/uploads\/2024\/10\/10122007\/Plantilla-del-Denia-Basquet-3a-Division-scaled.jpg 2560w, https:\/\/media.radiolitoral.com\/wp-content\/uploads\/2024\/10\/10122007\/Plantilla-del-Denia-Basquet-3a-Division-300x200.jpg 300w, https:\/\/media.radiolitoral.com\/wp-content\/uploads\/2024\/10\/10122007\/Plantilla-del-Denia-Basquet-3a-Division-1024x683.jpg 1024w, https:\/\/media.radiolitoral.com\/wp-content\/uploads\/2024\/10\/10122007\/Plantilla-del-Denia-Basquet-3a-Division-768x512.jpg 768w, https:\/\/media.radiolitoral.com\/wp-content\/uploads\/2024\/10\/10122007\/Plantilla-del-Denia-Basquet-3a-Division-1536x1024.jpg 1536w, https:\/\/media.radiolitoral.com\/wp-content\/uploads\/2024\/10\/10122007\/Plantilla-del-Denia-Basquet-3a-Division-2048x1365.jpg 2048w, https:\/\/media.radiolitoral.com\/wp-content\/uploads\/2024\/10\/10122007\/Plantilla-del-Denia-Basquet-3a-Division-18x12.jpg 18w, https:\/\/media.radiolitoral.com\/wp-content\/uploads\/2024\/10\/10122007\/Plantilla-del-Denia-Basquet-3a-Division-1000x667.jpg 1000w, https:\/\/media.radiolitoral.com\/wp-content\/uploads\/2024\/10\/10122007\/Plantilla-del-Denia-Basquet-3a-Division-100x67.jpg 100w, https:\/\/media.radiolitoral.com\/wp-content\/uploads\/2024\/10\/10122007\/Plantilla-del-Denia-Basquet-3a-Division-200x133.jpg 200w\" sizes=\"auto, (max-width: 2560px) 100vw, 2560px\" \/><figcaption id=\"caption-attachment-12275\" class=\"wp-caption-text\">Plantilla del D\u00e9nia B\u00e0squet a Tercera Divisi\u00f3 | D\u00e9nia BC<\/figcaption><\/figure>\n<p>Aquest projecte, que ha crescut des de l&#039;ascens reeixit a la fase final de 1r Nacional a Canals, compta amb el suport de patrocinadors clau com\u00a0<span class=\"hiddenSpellError\">BPM<\/span>\u00a0<span class=\"hiddenSpellError\">Lighting<\/span>, SUMA i l&#039;Ajuntament de D\u00e9nia, els qui han estat fonamentals en el seu desenvolupament. A m\u00e9s, nombroses empreses locals s&#039;han sumat per enfortir aquesta ambiciosa proposta, que no sols aposta per l&#039;\u00e8xit esportiu, sin\u00f3 tamb\u00e9 per transmetre serietat i comprom\u00eds en tots els aspectes.<\/p>\n<p>A m\u00e9s del debut a la Tercera\u00a0<span class=\"hiddenSpellError\">FEB<\/span>, altres tres equips del club tamb\u00e9 iniciaran la seva temporada aquest cap de setmana. El <strong>S\u00e8nior Mascul\u00ed 1r Zonal<\/strong>, sota la direcci\u00f3 de\u00a0<strong><span class=\"hiddenSpellError\">Carles<\/span>\u00a0Vila<\/strong>, s&#039;enfrontar\u00e0 a l&#039;<strong>CB <span class=\"hiddenSpellError\">Ifach<\/span>\u00a0Calp<\/strong> el dissabte a les 17.00 hores al pavell\u00f3 Joan Fuster. D&#039;altra banda, el <strong>J\u00fanior Mascul\u00ed 1r Zonal<\/strong>, dirigit per <strong>Rub\u00e9n Vel\u00e1zquez,<\/strong> jugar\u00e0 el primer partit el diumenge a les 17.00 hores contra l&#039;<strong><span class=\"hiddenSpellError\">UPB<\/span>\u00a0Gandia<\/strong>.<\/p>\n<p>El <strong>J\u00fanior Mascul\u00ed Preferent<\/strong>, tamb\u00e9 a c\u00e0rrec de Vel\u00e1zquez, viatjar\u00e0 a Alzira per disputar la trobada el dissabte a les 16.00 hores davant l&#039;equip local.<\/p>\n<p>Amb tot preparat i despr\u00e9s d&#039;un excel\u00b7lent treball durant la pretemporada, els equips estan a punt per donar el millor de si mateixos en aquest prometedor inici de campanya.<\/p>","protected":false},"excerpt":{"rendered":"<p>Despr\u00e9s d&#8217;una intensa pretemporada que va comen\u00e7ar a mitjan agost, l&#8217;equip dirigit per\u00a0Eduardo\u00a0Clavero\u00a0i Xavier D\u00edaz est\u00e0 llest per al seu esperat debut en la Tercera\u00a0FEB, anteriorment coneguda com a Lliga\u00a0EBA. Este dissabte 12 d&#8217;octubre, a les 19.30 hores, el pavell\u00f3 de Joan Fuster acollir\u00e0 el primer partit de la temporada, on els locals s&#8217;enfrontaran al\u00a0Jorge\u00a0Joan [&#8230;]<\/p>\n<p><a class=\"btn btn-secondary understrap-read-more-link\" href=\"https:\/\/radiolitoral.com\/ca\/2024\/10\/denia-basquet-es-mesura-al-cb-jorge-juan-en-tercera-feb\/\">Continua llegint&#8230;<span class=\"screen-reader-text\"> from D\u00e9nia B\u00e0squet es mesura al CB Jorge Juan en Tercera FEB<\/span><\/a><\/p>\n","protected":false},"author":12,"featured_media":12274,"comment_status":"open","ping_status":"closed","sticky":false,"template":"","format":"standard","meta":{"_acf_changed":false,"inline_featured_image":false,"footnotes":""},"categories":[5],"tags":[2513,2512,1788,1355,6,965,2511,2514,1691,960,2510],"class_list":["post-12273","post","type-post","status-publish","format-standard","has-post-thumbnail","hentry","category-deportes","tag-carlos-vila","tag-cb-ifach-calp","tag-denia-basquet","tag-denia-bc","tag-deportes","tag-eduardo-clavero","tag-lliga-eba","tag-ruben-velazquez","tag-tercera-feb","tag-upb-gandia","tag-xavier-diaz","cobertura-denia"],"acf":[],"yoast_head":"<!-- This site is optimized with the Yoast SEO plugin v27.5 - https:\/\/yoast.com\/product\/yoast-seo-wordpress\/ -->\n<title>D\u00e9nia B\u00e0squet es mesura al CB Jorge Juan en Tercera FEB | R\u00e0dio Litoral<\/title>\n<meta name=\"description\" content=\"Els dianenses reben a una formaci\u00f3 cl\u00e0ssica del b\u00e0squet auton\u00f2mic en el pavell\u00f3 de Joan Fuster el dissabte a les 19.30 hores Els dianenses reben a una formaci\u00f3 cl\u00e0ssica del b\u00e0squet auton\u00f2mic en el pavell\u00f3 de Joan Fuster el dissabte a les 19.30 hores\" \/>\n<meta name=\"robots\" content=\"index, follow, max-snippet:-1, max-image-preview:large, max-video-preview:-1\" \/>\n<link rel=\"canonical\" href=\"https:\/\/radiolitoral.com\/ca\/2024\/10\/denia-basquet-es-mesura-al-cb-jorge-juan-en-tercera-feb\/\" \/>\n<meta property=\"og:locale\" content=\"ca_ES\" \/>\n<meta property=\"og:type\" content=\"article\" \/>\n<meta property=\"og:title\" content=\"D\u00e9nia B\u00e0squet es mesura al CB Jorge Juan en Tercera FEB | R\u00e0dio Litoral\" \/>\n<meta property=\"og:description\" content=\"Els dianenses reben a una formaci\u00f3 cl\u00e0ssica del b\u00e0squet auton\u00f2mic en el pavell\u00f3 de Joan Fuster el dissabte a les 19.30 hores Els dianenses reben a una formaci\u00f3 cl\u00e0ssica del b\u00e0squet auton\u00f2mic en el pavell\u00f3 de Joan Fuster el dissabte a les 19.30 hores\" \/>\n<meta property=\"og:url\" content=\"https:\/\/radiolitoral.com\/ca\/2024\/10\/denia-basquet-es-mesura-al-cb-jorge-juan-en-tercera-feb\/\" \/>\n<meta property=\"og:site_name\" content=\"R\u00e0dio Litoral\" \/>\n<meta property=\"article:publisher\" content=\"https:\/\/www.facebook.com\/Laradiolitoral\/\" \/>\n<meta property=\"article:published_time\" content=\"2024-10-11T06:15:17+00:00\" \/>\n<meta property=\"og:image\" content=\"https:\/\/media.radiolitoral.com\/wp-content\/uploads\/2024\/10\/10121726\/EDUARDO-CLAVERO-EN-IDA-DE-1-4-FINAL-ANTE-BURJASSOT.jpg\" \/>\n\t<meta property=\"og:image:width\" content=\"1872\" \/>\n\t<meta property=\"og:image:height\" content=\"1248\" \/>\n\t<meta property=\"og:image:type\" content=\"image\/jpeg\" \/>\n<meta name=\"author\" content=\"Javier Zamora\" \/>\n<meta name=\"twitter:card\" content=\"summary_large_image\" \/>\n<meta name=\"twitter:label1\" content=\"Escrit per\" \/>\n\t<meta name=\"twitter:data1\" content=\"Javier Zamora\" \/>\n\t<meta name=\"twitter:label2\" content=\"Temps estimat de lectura\" \/>\n\t<meta name=\"twitter:data2\" content=\"3 minuts\" \/>\n<script type=\"application\/ld+json\" class=\"yoast-schema-graph\">{\"@context\":\"https:\\\/\\\/schema.org\",\"@graph\":[{\"@type\":\"NewsArticle\",\"@id\":\"https:\\\/\\\/radiolitoral.com\\\/2024\\\/10\\\/denia-basquet-es-mesura-al-cb-jorge-juan-en-tercera-feb\\\/#article\",\"isPartOf\":{\"@id\":\"https:\\\/\\\/radiolitoral.com\\\/2024\\\/10\\\/denia-basquet-es-mesura-al-cb-jorge-juan-en-tercera-feb\\\/\"},\"author\":{\"name\":\"Javier Zamora\",\"@id\":\"https:\\\/\\\/radiolitoral.com\\\/#\\\/schema\\\/person\\\/7b1480b5caeb5acdd4ec6379caf62b22\"},\"headline\":\"D\u00e9nia B\u00e0squet es mesura al CB Jorge Juan en Tercera FEB\",\"datePublished\":\"2024-10-11T06:15:17+00:00\",\"mainEntityOfPage\":{\"@id\":\"https:\\\/\\\/radiolitoral.com\\\/2024\\\/10\\\/denia-basquet-es-mesura-al-cb-jorge-juan-en-tercera-feb\\\/\"},\"wordCount\":417,\"commentCount\":0,\"publisher\":{\"@id\":\"https:\\\/\\\/radiolitoral.com\\\/#organization\"},\"image\":{\"@id\":\"https:\\\/\\\/radiolitoral.com\\\/2024\\\/10\\\/denia-basquet-es-mesura-al-cb-jorge-juan-en-tercera-feb\\\/#primaryimage\"},\"thumbnailUrl\":\"https:\\\/\\\/media.radiolitoral.com\\\/wp-content\\\/uploads\\\/2024\\\/10\\\/10121726\\\/EDUARDO-CLAVERO-EN-IDA-DE-1-4-FINAL-ANTE-BURJASSOT.jpg\",\"keywords\":[\"Carlos Vila\",\"CB Ifach\u00a0Calp\",\"D\u00e9nia B\u00e0squet\",\"D\u00e9nia BC\",\"deportes\",\"Eduardo Clavero\",\"Lliga\u00a0EBA\",\"Rub\u00e9n Vel\u00e1zquez\",\"Tercera FEB\",\"UPB Gand\u00eda\",\"Xavier D\u00edaz\"],\"articleSection\":[\"Deportes\"],\"inLanguage\":\"ca\",\"potentialAction\":[{\"@type\":\"CommentAction\",\"name\":\"Comment\",\"target\":[\"https:\\\/\\\/radiolitoral.com\\\/2024\\\/10\\\/denia-basquet-es-mesura-al-cb-jorge-juan-en-tercera-feb\\\/#respond\"]}]},{\"@type\":[\"WebPage\",\"ItemPage\"],\"@id\":\"https:\\\/\\\/radiolitoral.com\\\/2024\\\/10\\\/denia-basquet-es-mesura-al-cb-jorge-juan-en-tercera-feb\\\/\",\"url\":\"https:\\\/\\\/radiolitoral.com\\\/2024\\\/10\\\/denia-basquet-es-mesura-al-cb-jorge-juan-en-tercera-feb\\\/\",\"name\":\"D\u00e9nia B\u00e0squet es mesura al CB Jorge Juan en Tercera FEB | R\u00e0dio Litoral\",\"isPartOf\":{\"@id\":\"https:\\\/\\\/radiolitoral.com\\\/#website\"},\"primaryImageOfPage\":{\"@id\":\"https:\\\/\\\/radiolitoral.com\\\/2024\\\/10\\\/denia-basquet-es-mesura-al-cb-jorge-juan-en-tercera-feb\\\/#primaryimage\"},\"image\":{\"@id\":\"https:\\\/\\\/radiolitoral.com\\\/2024\\\/10\\\/denia-basquet-es-mesura-al-cb-jorge-juan-en-tercera-feb\\\/#primaryimage\"},\"thumbnailUrl\":\"https:\\\/\\\/media.radiolitoral.com\\\/wp-content\\\/uploads\\\/2024\\\/10\\\/10121726\\\/EDUARDO-CLAVERO-EN-IDA-DE-1-4-FINAL-ANTE-BURJASSOT.jpg\",\"datePublished\":\"2024-10-11T06:15:17+00:00\",\"description\":\"Els dianenses reben a una formaci\u00f3 cl\u00e0ssica del b\u00e0squet auton\u00f2mic en el pavell\u00f3 de Joan Fuster el dissabte a les 19.30 hores Els dianenses reben a una formaci\u00f3 cl\u00e0ssica del b\u00e0squet auton\u00f2mic en el pavell\u00f3 de Joan Fuster el dissabte a les 19.30 hores\",\"breadcrumb\":{\"@id\":\"https:\\\/\\\/radiolitoral.com\\\/2024\\\/10\\\/denia-basquet-es-mesura-al-cb-jorge-juan-en-tercera-feb\\\/#breadcrumb\"},\"inLanguage\":\"ca\",\"potentialAction\":[{\"@type\":\"ReadAction\",\"target\":[\"https:\\\/\\\/radiolitoral.com\\\/2024\\\/10\\\/denia-basquet-es-mesura-al-cb-jorge-juan-en-tercera-feb\\\/\"]}]},{\"@type\":\"ImageObject\",\"inLanguage\":\"ca\",\"@id\":\"https:\\\/\\\/radiolitoral.com\\\/2024\\\/10\\\/denia-basquet-es-mesura-al-cb-jorge-juan-en-tercera-feb\\\/#primaryimage\",\"url\":\"https:\\\/\\\/media.radiolitoral.com\\\/wp-content\\\/uploads\\\/2024\\\/10\\\/10121726\\\/EDUARDO-CLAVERO-EN-IDA-DE-1-4-FINAL-ANTE-BURJASSOT.jpg\",\"contentUrl\":\"https:\\\/\\\/media.radiolitoral.com\\\/wp-content\\\/uploads\\\/2024\\\/10\\\/10121726\\\/EDUARDO-CLAVERO-EN-IDA-DE-1-4-FINAL-ANTE-BURJASSOT.jpg\",\"width\":1872,\"height\":1248},{\"@type\":\"BreadcrumbList\",\"@id\":\"https:\\\/\\\/radiolitoral.com\\\/2024\\\/10\\\/denia-basquet-es-mesura-al-cb-jorge-juan-en-tercera-feb\\\/#breadcrumb\",\"itemListElement\":[{\"@type\":\"ListItem\",\"position\":1,\"name\":\"Portada\",\"item\":\"https:\\\/\\\/radiolitoral.com\\\/\"},{\"@type\":\"ListItem\",\"position\":2,\"name\":\"D\u00e9nia B\u00e0squet es mesura al CB Jorge Juan en Tercera FEB\"}]},{\"@type\":\"WebSite\",\"@id\":\"https:\\\/\\\/radiolitoral.com\\\/#website\",\"url\":\"https:\\\/\\\/radiolitoral.com\\\/\",\"name\":\"Radio Litoral\",\"description\":\"La radio local de la Marina Alta\",\"publisher\":{\"@id\":\"https:\\\/\\\/radiolitoral.com\\\/#organization\"},\"alternateName\":\"Litoral FM\",\"potentialAction\":[{\"@type\":\"SearchAction\",\"target\":{\"@type\":\"EntryPoint\",\"urlTemplate\":\"https:\\\/\\\/radiolitoral.com\\\/?s={search_term_string}\"},\"query-input\":{\"@type\":\"PropertyValueSpecification\",\"valueRequired\":true,\"valueName\":\"search_term_string\"}}],\"inLanguage\":\"ca\"},{\"@type\":\"Organization\",\"@id\":\"https:\\\/\\\/radiolitoral.com\\\/#organization\",\"name\":\"Radio Litoral\",\"url\":\"https:\\\/\\\/radiolitoral.com\\\/\",\"logo\":{\"@type\":\"ImageObject\",\"inLanguage\":\"ca\",\"@id\":\"https:\\\/\\\/radiolitoral.com\\\/#\\\/schema\\\/logo\\\/image\\\/\",\"url\":\"https:\\\/\\\/media.radiolitoral.com\\\/wp-content\\\/uploads\\\/2023\\\/02\\\/24143238\\\/CL-V-RadioLitoral696.png\",\"contentUrl\":\"https:\\\/\\\/media.radiolitoral.com\\\/wp-content\\\/uploads\\\/2023\\\/02\\\/24143238\\\/CL-V-RadioLitoral696.png\",\"width\":696,\"height\":696,\"caption\":\"Radio Litoral\"},\"image\":{\"@id\":\"https:\\\/\\\/radiolitoral.com\\\/#\\\/schema\\\/logo\\\/image\\\/\"},\"sameAs\":[\"https:\\\/\\\/www.facebook.com\\\/Laradiolitoral\\\/\"]},{\"@type\":\"Person\",\"@id\":\"https:\\\/\\\/radiolitoral.com\\\/#\\\/schema\\\/person\\\/7b1480b5caeb5acdd4ec6379caf62b22\",\"name\":\"Javier Zamora\",\"image\":{\"@type\":\"ImageObject\",\"inLanguage\":\"ca\",\"@id\":\"https:\\\/\\\/secure.gravatar.com\\\/avatar\\\/467a11f6918c7d619c4043fc6fa2d3853053107973f05b6e9c04ea6c4e3a7b3f?s=96&d=mm&r=g\",\"url\":\"https:\\\/\\\/secure.gravatar.com\\\/avatar\\\/467a11f6918c7d619c4043fc6fa2d3853053107973f05b6e9c04ea6c4e3a7b3f?s=96&d=mm&r=g\",\"contentUrl\":\"https:\\\/\\\/secure.gravatar.com\\\/avatar\\\/467a11f6918c7d619c4043fc6fa2d3853053107973f05b6e9c04ea6c4e3a7b3f?s=96&d=mm&r=g\",\"caption\":\"Javier Zamora\"},\"url\":\"https:\\\/\\\/radiolitoral.com\\\/ca\\\/author\\\/javier-zamora\\\/\"}]}<\/script>\n<!-- \/ Yoast SEO plugin. -->","yoast_head_json":{"title":"D\u00e9nia B\u00e0squet \u00e9s mesura al CB Jorge Juan a Tercera FEB | R\u00e0dio Litoral","description":"Els dianencs reben una formaci\u00f3 cl\u00e0ssica del b\u00e0squet auton\u00f2mic al pavell\u00f3 de Joan Fuster el dissabte a les 19.30 hores Els dianencs reben una formaci\u00f3 cl\u00e0ssica del b\u00e0squet auton\u00f2mic al pavell\u00f3 de Joan Fuster el dissabte a les 19.30 hores","robots":{"index":"index","follow":"follow","max-snippet":"max-snippet:-1","max-image-preview":"max-image-preview:large","max-video-preview":"max-video-preview:-1"},"canonical":"https:\/\/radiolitoral.com\/ca\/2024\/10\/denia-basquet-es-mesura-al-cb-jorge-juan-en-tercera-feb\/","og_locale":"ca_ES","og_type":"article","og_title":"D\u00e9nia B\u00e0squet es mesura al CB Jorge Juan en Tercera FEB | R\u00e0dio Litoral","og_description":"Els dianenses reben a una formaci\u00f3 cl\u00e0ssica del b\u00e0squet auton\u00f2mic en el pavell\u00f3 de Joan Fuster el dissabte a les 19.30 hores Els dianenses reben a una formaci\u00f3 cl\u00e0ssica del b\u00e0squet auton\u00f2mic en el pavell\u00f3 de Joan Fuster el dissabte a les 19.30 hores","og_url":"https:\/\/radiolitoral.com\/ca\/2024\/10\/denia-basquet-es-mesura-al-cb-jorge-juan-en-tercera-feb\/","og_site_name":"R\u00e0dio Litoral","article_publisher":"https:\/\/www.facebook.com\/Laradiolitoral\/","article_published_time":"2024-10-11T06:15:17+00:00","og_image":[{"width":1872,"height":1248,"url":"https:\/\/media.radiolitoral.com\/wp-content\/uploads\/2024\/10\/10121726\/EDUARDO-CLAVERO-EN-IDA-DE-1-4-FINAL-ANTE-BURJASSOT.jpg","type":"image\/jpeg"}],"author":"Javier Zamora","twitter_card":"summary_large_image","twitter_misc":{"Escrit per":"Javier Zamora","Temps estimat de lectura":"3 minuts"},"schema":{"@context":"https:\/\/schema.org","@graph":[{"@type":"NewsArticle","@id":"https:\/\/radiolitoral.com\/2024\/10\/denia-basquet-es-mesura-al-cb-jorge-juan-en-tercera-feb\/#article","isPartOf":{"@id":"https:\/\/radiolitoral.com\/2024\/10\/denia-basquet-es-mesura-al-cb-jorge-juan-en-tercera-feb\/"},"author":{"name":"Javier Zamora","@id":"https:\/\/radiolitoral.com\/#\/schema\/person\/7b1480b5caeb5acdd4ec6379caf62b22"},"headline":"D\u00e9nia B\u00e0squet es mesura al CB Jorge Juan en Tercera FEB","datePublished":"2024-10-11T06:15:17+00:00","mainEntityOfPage":{"@id":"https:\/\/radiolitoral.com\/2024\/10\/denia-basquet-es-mesura-al-cb-jorge-juan-en-tercera-feb\/"},"wordCount":417,"commentCount":0,"publisher":{"@id":"https:\/\/radiolitoral.com\/#organization"},"image":{"@id":"https:\/\/radiolitoral.com\/2024\/10\/denia-basquet-es-mesura-al-cb-jorge-juan-en-tercera-feb\/#primaryimage"},"thumbnailUrl":"https:\/\/media.radiolitoral.com\/wp-content\/uploads\/2024\/10\/10121726\/EDUARDO-CLAVERO-EN-IDA-DE-1-4-FINAL-ANTE-BURJASSOT.jpg","keywords":["Carlos Vila","CB Ifach\u00a0Calp","D\u00e9nia B\u00e0squet","D\u00e9nia BC","deportes","Eduardo Clavero","Lliga\u00a0EBA","Rub\u00e9n Vel\u00e1zquez","Tercera FEB","UPB Gand\u00eda","Xavier D\u00edaz"],"articleSection":["Deportes"],"inLanguage":"ca","potentialAction":[{"@type":"CommentAction","name":"Comment","target":["https:\/\/radiolitoral.com\/2024\/10\/denia-basquet-es-mesura-al-cb-jorge-juan-en-tercera-feb\/#respond"]}]},{"@type":["WebPage","ItemPage"],"@id":"https:\/\/radiolitoral.com\/2024\/10\/denia-basquet-es-mesura-al-cb-jorge-juan-en-tercera-feb\/","url":"https:\/\/radiolitoral.com\/2024\/10\/denia-basquet-es-mesura-al-cb-jorge-juan-en-tercera-feb\/","name":"D\u00e9nia B\u00e0squet \u00e9s mesura al CB Jorge Juan a Tercera FEB | R\u00e0dio Litoral","isPartOf":{"@id":"https:\/\/radiolitoral.com\/#website"},"primaryImageOfPage":{"@id":"https:\/\/radiolitoral.com\/2024\/10\/denia-basquet-es-mesura-al-cb-jorge-juan-en-tercera-feb\/#primaryimage"},"image":{"@id":"https:\/\/radiolitoral.com\/2024\/10\/denia-basquet-es-mesura-al-cb-jorge-juan-en-tercera-feb\/#primaryimage"},"thumbnailUrl":"https:\/\/media.radiolitoral.com\/wp-content\/uploads\/2024\/10\/10121726\/EDUARDO-CLAVERO-EN-IDA-DE-1-4-FINAL-ANTE-BURJASSOT.jpg","datePublished":"2024-10-11T06:15:17+00:00","description":"Els dianencs reben una formaci\u00f3 cl\u00e0ssica del b\u00e0squet auton\u00f2mic al pavell\u00f3 de Joan Fuster el dissabte a les 19.30 hores Els dianencs reben una formaci\u00f3 cl\u00e0ssica del b\u00e0squet auton\u00f2mic al pavell\u00f3 de Joan Fuster el dissabte a les 19.30 hores","breadcrumb":{"@id":"https:\/\/radiolitoral.com\/2024\/10\/denia-basquet-es-mesura-al-cb-jorge-juan-en-tercera-feb\/#breadcrumb"},"inLanguage":"ca","potentialAction":[{"@type":"ReadAction","target":["https:\/\/radiolitoral.com\/2024\/10\/denia-basquet-es-mesura-al-cb-jorge-juan-en-tercera-feb\/"]}]},{"@type":"ImageObject","inLanguage":"ca","@id":"https:\/\/radiolitoral.com\/2024\/10\/denia-basquet-es-mesura-al-cb-jorge-juan-en-tercera-feb\/#primaryimage","url":"https:\/\/media.radiolitoral.com\/wp-content\/uploads\/2024\/10\/10121726\/EDUARDO-CLAVERO-EN-IDA-DE-1-4-FINAL-ANTE-BURJASSOT.jpg","contentUrl":"https:\/\/media.radiolitoral.com\/wp-content\/uploads\/2024\/10\/10121726\/EDUARDO-CLAVERO-EN-IDA-DE-1-4-FINAL-ANTE-BURJASSOT.jpg","width":1872,"height":1248},{"@type":"BreadcrumbList","@id":"https:\/\/radiolitoral.com\/2024\/10\/denia-basquet-es-mesura-al-cb-jorge-juan-en-tercera-feb\/#breadcrumb","itemListElement":[{"@type":"ListItem","position":1,"name":"Portada","item":"https:\/\/radiolitoral.com\/"},{"@type":"ListItem","position":2,"name":"D\u00e9nia B\u00e0squet es mesura al CB Jorge Juan en Tercera FEB"}]},{"@type":"WebSite","@id":"https:\/\/radiolitoral.com\/#website","url":"https:\/\/radiolitoral.com\/","name":"R\u00e0dio Litoral","description":"La r\u00e0dio local de la Marina Alta","publisher":{"@id":"https:\/\/radiolitoral.com\/#organization"},"alternateName":"Litoral FM","potentialAction":[{"@type":"SearchAction","target":{"@type":"EntryPoint","urlTemplate":"https:\/\/radiolitoral.com\/?s={search_term_string}"},"query-input":{"@type":"PropertyValueSpecification","valueRequired":true,"valueName":"search_term_string"}}],"inLanguage":"ca"},{"@type":"Organization","@id":"https:\/\/radiolitoral.com\/#organization","name":"R\u00e0dio Litoral","url":"https:\/\/radiolitoral.com\/","logo":{"@type":"ImageObject","inLanguage":"ca","@id":"https:\/\/radiolitoral.com\/#\/schema\/logo\/image\/","url":"https:\/\/media.radiolitoral.com\/wp-content\/uploads\/2023\/02\/24143238\/CL-V-RadioLitoral696.png","contentUrl":"https:\/\/media.radiolitoral.com\/wp-content\/uploads\/2023\/02\/24143238\/CL-V-RadioLitoral696.png","width":696,"height":696,"caption":"Radio Litoral"},"image":{"@id":"https:\/\/radiolitoral.com\/#\/schema\/logo\/image\/"},"sameAs":["https:\/\/www.facebook.com\/Laradiolitoral\/"]},{"@type":"Person","@id":"https:\/\/radiolitoral.com\/#\/schema\/person\/7b1480b5caeb5acdd4ec6379caf62b22","name":"Javier Zamora","image":{"@type":"ImageObject","inLanguage":"ca","@id":"https:\/\/secure.gravatar.com\/avatar\/467a11f6918c7d619c4043fc6fa2d3853053107973f05b6e9c04ea6c4e3a7b3f?s=96&d=mm&r=g","url":"https:\/\/secure.gravatar.com\/avatar\/467a11f6918c7d619c4043fc6fa2d3853053107973f05b6e9c04ea6c4e3a7b3f?s=96&d=mm&r=g","contentUrl":"https:\/\/secure.gravatar.com\/avatar\/467a11f6918c7d619c4043fc6fa2d3853053107973f05b6e9c04ea6c4e3a7b3f?s=96&d=mm&r=g","caption":"Javier Zamora"},"url":"https:\/\/radiolitoral.com\/ca\/author\/javier-zamora\/"}]}},"_links":{"self":[{"href":"https:\/\/radiolitoral.com\/ca\/wp-json\/wp\/v2\/posts\/12273","targetHints":{"allow":["GET"]}}],"collection":[{"href":"https:\/\/radiolitoral.com\/ca\/wp-json\/wp\/v2\/posts"}],"about":[{"href":"https:\/\/radiolitoral.com\/ca\/wp-json\/wp\/v2\/types\/post"}],"author":[{"embeddable":true,"href":"https:\/\/radiolitoral.com\/ca\/wp-json\/wp\/v2\/users\/12"}],"replies":[{"embeddable":true,"href":"https:\/\/radiolitoral.com\/ca\/wp-json\/wp\/v2\/comments?post=12273"}],"version-history":[{"count":2,"href":"https:\/\/radiolitoral.com\/ca\/wp-json\/wp\/v2\/posts\/12273\/revisions"}],"predecessor-version":[{"id":12277,"href":"https:\/\/radiolitoral.com\/ca\/wp-json\/wp\/v2\/posts\/12273\/revisions\/12277"}],"wp:featuredmedia":[{"embeddable":true,"href":"https:\/\/radiolitoral.com\/ca\/wp-json\/wp\/v2\/media\/12274"}],"wp:attachment":[{"href":"https:\/\/radiolitoral.com\/ca\/wp-json\/wp\/v2\/media?parent=12273"}],"wp:term":[{"taxonomy":"category","embeddable":true,"href":"https:\/\/radiolitoral.com\/ca\/wp-json\/wp\/v2\/categories?post=12273"},{"taxonomy":"post_tag","embeddable":true,"href":"https:\/\/radiolitoral.com\/ca\/wp-json\/wp\/v2\/tags?post=12273"}],"curies":[{"name":"wp","href":"https:\/\/api.w.org\/{rel}","templated":true}]}}