{"id":12263,"date":"2024-10-10T10:59:05","date_gmt":"2024-10-10T08:59:05","guid":{"rendered":"https:\/\/radiolitoral.com\/?p=12263"},"modified":"2024-10-10T10:59:05","modified_gmt":"2024-10-10T08:59:05","slug":"ma-isabel-ferrer-i-razyn-abdedali-simposen-al-xii-gran-fons-ciutat-doliva","status":"publish","type":"post","link":"https:\/\/radiolitoral.com\/ca\/2024\/10\/ma-isabel-ferrer-i-razyn-abdedali-simposen-en-el-xii-gran-fons-ciutat-doliva\/","title":{"rendered":"M\u00aa Isabel Ferrer i Razyn Abdedali s&#039;imposen al XII Gran Fons Ciutat d&#039;Oliva"},"content":{"rendered":"<p>El <strong>XII Gran Fons Ciutat d&#039;Oliva<\/strong> va tenir com a gran protagonista l&#039;atleta,\u00a0<strong>Maria Isabel Ferrer<\/strong>, de <strong>CC\u00a0<span class=\"hiddenSpellError\">Camallaes<\/span><\/strong>\u00a0que va ser la millor despr\u00e9s de rec\u00f3rrer 12. 200 metres.<\/p>\n<p>L&#039;atleta de\u00a0<span class=\"hiddenSpellError\">X\u00e0bia<\/span>\u00a0igual que en les anteriors proves del <strong>Circuit Carrers Populars Safor-Valldigna<\/strong> va ser qui va prendre el comandament de la cursa i va entrar a meta amb un temps de <strong>43:35<\/strong>. La segona classificada va ser <strong>Cristina\u00a0<span class=\"hiddenSpellError\">Moya<\/span><\/strong>\u00a0del <strong>CA\u00a0<span class=\"hiddenSpellError\">Publidom<\/span><\/strong>\u00a0amb una marca de 49:42, la seva compa\u00f1era de club <strong>Cristina\u00a0<span class=\"hiddenSpellError\">Rosell\u00f3<\/span><\/strong>\u00a0va ser tercera amb un registre de 51:27.\u00a0<span class=\"hiddenSpellError\">Rosell\u00f3<\/span>\u00a0despr\u00e9s d&#039;haver guanyat el\u00a0<strong><span class=\"hiddenSpellError\">Trixabia<\/span>\u00a0Ol\u00edmpic<\/strong> va demostrar el seu gran moment de forma.<\/p>\n<p>En homes el guanyador absolut ser\u00e0\u00a0<strong><span class=\"hiddenSpellError\">Razyn<\/span>\u00a0<span class=\"hiddenSpellError\">Abdedali<\/span><\/strong>\u00a0del <strong>CD\u00a0<span class=\"hiddenSpellError\">Rte<\/span> El Quixot<\/strong> amb un registre de <strong>41:02<\/strong>, seguit de <strong>V\u00edctor Alonso<\/strong> del <strong><span class=\"hiddenSpellError\">Vicky<\/span>\u00a0<span class=\"hiddenSpellError\">Foods<\/span><\/strong>\u00a0amb una marca de 41.25. El tercer classificat va ser\u00a0<strong><span class=\"hiddenSpellError\">Joan<\/span>\u00a0Vidal<\/strong> del CD\u00a0<span class=\"hiddenSpellError\">Rte<\/span>\u00a0Quixot amb un temps de 41:29.<\/p>\n<p>Fins a 856 atlets travessaran la l\u00ednia de meta aquesta mat\u00ed al XII Gran Fons Ciutat d&#039;Oliva. Aix\u00f2 suposa que la prova rebentar\u00e0 el seu propi r\u00e8cord de participaci\u00f3, fixat als 723 corredors que la van concloure a l&#039;edici\u00f3 del 2022. D&#039;aquesta manera, la novena etapa del Circuit de Curses Populars Safor-Valldigna 2024-2025, va resultar un \u00e8xit al Dia de la Comunitat Valenciana.<\/p>\n<p>La propera cita per als atlets que realitzin aquest Circuit ser\u00e0 el diumenge 20 d&#039;octubre amb la <strong>XI Cursa Popular a Daim\u00fas<\/strong>, que t\u00e9 un tra\u00e7at de 8.100 metres.<\/p>","protected":false},"excerpt":{"rendered":"<p>El XII Gran Fons Ciutat d\u2019Oliva va tindre com a gran protagonista a l&#8217;atleta,\u00a0Maria\u00a0Isabel Ferrer, de CC\u00a0Camallaes\u00a0que va ser la millor despr\u00e9s de rec\u00f3rrer 12. 200 metres. L&#8217;atleta de\u00a0X\u00e1bia\u00a0igual que en les anteriors proves del Circuit Carreres Populars Safor-Valldigna va ser qui va prendre el comandament de la carrera i va entrar en meta amb [&#8230;]<\/p>\n<p><a class=\"btn btn-secondary understrap-read-more-link\" href=\"https:\/\/radiolitoral.com\/ca\/2024\/10\/ma-isabel-ferrer-i-razyn-abdedali-simposen-en-el-xii-gran-fons-ciutat-doliva\/\">Continua llegint&#8230;<span class=\"screen-reader-text\"> from M\u00aa Isabel Ferrer i Razyn Abdedali s&#8217;imposen en el XII Gran Fons Ciutat d\u2019Oliva<\/span><\/a><\/p>\n","protected":false},"author":12,"featured_media":12264,"comment_status":"open","ping_status":"closed","sticky":false,"template":"","format":"standard","meta":{"_acf_changed":false,"inline_featured_image":false,"footnotes":""},"categories":[5],"tags":[1292,2122,2502,2501,1045,6,2505,1043,2503,2504,2506,2500],"class_list":["post-12263","post","type-post","status-publish","format-standard","has-post-thumbnail","hentry","category-deportes","tag-ca-publidom","tag-cc-camallaes","tag-circuit-carreres-populars-safor-valldigna","tag-cristina-moya","tag-cristina-rosello","tag-deportes","tag-juan-vidal","tag-maria-isabel-ferrer","tag-razyn-abdedali","tag-victor-alonso","tag-xi-cursa-popular-a-daimus","tag-xii-gran-fons-ciutat-doliva","cobertura-xabia"],"acf":[],"yoast_head":"<!-- This site is optimized with the Yoast SEO plugin v27.5 - https:\/\/yoast.com\/product\/yoast-seo-wordpress\/ -->\n<title>M\u00aa Isabel Ferrer i Razyn Abdedali s&#039;imposen en el XII Gran Fons Ciutat d\u2019Oliva | R\u00e0dio Litoral<\/title>\n<meta name=\"description\" content=\"La carrera, que va batre r\u00e8cord de participaci\u00f3 amb 856 corredors, va tindre a l&#039;atleta de X\u00e0bia com una de les grans protagonistesLa carrera, que va batre r\u00e8cord de participaci\u00f3 amb 856 corredors, va tindre a l&#039;atleta de X\u00e0bia com una de les grans protagonistes\" \/>\n<meta name=\"robots\" content=\"index, follow, max-snippet:-1, max-image-preview:large, max-video-preview:-1\" \/>\n<link rel=\"canonical\" href=\"https:\/\/radiolitoral.com\/ca\/2024\/10\/ma-isabel-ferrer-i-razyn-abdedali-simposen-al-xii-gran-fons-ciutat-doliva\/\" \/>\n<meta property=\"og:locale\" content=\"ca_ES\" \/>\n<meta property=\"og:type\" content=\"article\" \/>\n<meta property=\"og:title\" content=\"M\u00aa Isabel Ferrer i Razyn Abdedali s&#039;imposen en el XII Gran Fons Ciutat d\u2019Oliva | R\u00e0dio Litoral\" \/>\n<meta property=\"og:description\" content=\"La carrera, que va batre r\u00e8cord de participaci\u00f3 amb 856 corredors, va tindre a l&#039;atleta de X\u00e0bia com una de les grans protagonistesLa carrera, que va batre r\u00e8cord de participaci\u00f3 amb 856 corredors, va tindre a l&#039;atleta de X\u00e0bia com una de les grans protagonistes\" \/>\n<meta property=\"og:url\" content=\"https:\/\/radiolitoral.com\/ca\/2024\/10\/ma-isabel-ferrer-i-razyn-abdedali-simposen-al-xii-gran-fons-ciutat-doliva\/\" \/>\n<meta property=\"og:site_name\" content=\"R\u00e0dio Litoral\" \/>\n<meta property=\"article:publisher\" content=\"https:\/\/www.facebook.com\/Laradiolitoral\/\" \/>\n<meta property=\"article:published_time\" content=\"2024-10-10T08:59:05+00:00\" \/>\n<meta property=\"og:image\" content=\"https:\/\/media.radiolitoral.com\/wp-content\/uploads\/2024\/10\/10104328\/462621075_1096999245763216_3292454536028420352_n.jpg\" \/>\n\t<meta property=\"og:image:width\" content=\"1024\" \/>\n\t<meta property=\"og:image:height\" content=\"648\" \/>\n\t<meta property=\"og:image:type\" content=\"image\/jpeg\" \/>\n<meta name=\"author\" content=\"Javier Zamora\" \/>\n<meta name=\"twitter:card\" content=\"summary_large_image\" \/>\n<meta name=\"twitter:label1\" content=\"Escrit per\" \/>\n\t<meta name=\"twitter:data1\" content=\"Javier Zamora\" \/>\n\t<meta name=\"twitter:label2\" content=\"Temps estimat de lectura\" \/>\n\t<meta name=\"twitter:data2\" content=\"2 minuts\" \/>\n<script type=\"application\/ld+json\" class=\"yoast-schema-graph\">{\"@context\":\"https:\\\/\\\/schema.org\",\"@graph\":[{\"@type\":\"NewsArticle\",\"@id\":\"https:\\\/\\\/radiolitoral.com\\\/2024\\\/10\\\/ma-isabel-ferrer-i-razyn-abdedali-simposen-en-el-xii-gran-fons-ciutat-doliva\\\/#article\",\"isPartOf\":{\"@id\":\"https:\\\/\\\/radiolitoral.com\\\/2024\\\/10\\\/ma-isabel-ferrer-i-razyn-abdedali-simposen-en-el-xii-gran-fons-ciutat-doliva\\\/\"},\"author\":{\"name\":\"Javier Zamora\",\"@id\":\"https:\\\/\\\/radiolitoral.com\\\/#\\\/schema\\\/person\\\/7b1480b5caeb5acdd4ec6379caf62b22\"},\"headline\":\"M\u00aa Isabel Ferrer i Razyn Abdedali s&#8217;imposen en el XII Gran Fons Ciutat d\u2019Oliva\",\"datePublished\":\"2024-10-10T08:59:05+00:00\",\"mainEntityOfPage\":{\"@id\":\"https:\\\/\\\/radiolitoral.com\\\/2024\\\/10\\\/ma-isabel-ferrer-i-razyn-abdedali-simposen-en-el-xii-gran-fons-ciutat-doliva\\\/\"},\"wordCount\":277,\"commentCount\":0,\"publisher\":{\"@id\":\"https:\\\/\\\/radiolitoral.com\\\/#organization\"},\"image\":{\"@id\":\"https:\\\/\\\/radiolitoral.com\\\/2024\\\/10\\\/ma-isabel-ferrer-i-razyn-abdedali-simposen-en-el-xii-gran-fons-ciutat-doliva\\\/#primaryimage\"},\"thumbnailUrl\":\"https:\\\/\\\/media.radiolitoral.com\\\/wp-content\\\/uploads\\\/2024\\\/10\\\/10104328\\\/462621075_1096999245763216_3292454536028420352_n.jpg\",\"keywords\":[\"CA Publidom\",\"CC\u00a0Camallaes\",\"Circuit Carreres Populars Safor-Valldigna\",\"Cristina Moya\",\"Cristina Rosell\u00f3\",\"deportes\",\"Juan\u00a0Vidal\",\"Mar\u00eda Isabel Ferrer\",\"Razyn\u00a0Abdedali\",\"V\u00edctor Alonso\",\"XI Cursa Popular a Daim\u00fas\",\"XII Gran Fons Ciutat d\u2019Oliva\"],\"articleSection\":[\"Deportes\"],\"inLanguage\":\"ca\",\"potentialAction\":[{\"@type\":\"CommentAction\",\"name\":\"Comment\",\"target\":[\"https:\\\/\\\/radiolitoral.com\\\/2024\\\/10\\\/ma-isabel-ferrer-i-razyn-abdedali-simposen-en-el-xii-gran-fons-ciutat-doliva\\\/#respond\"]}]},{\"@type\":[\"WebPage\",\"ItemPage\"],\"@id\":\"https:\\\/\\\/radiolitoral.com\\\/2024\\\/10\\\/ma-isabel-ferrer-i-razyn-abdedali-simposen-en-el-xii-gran-fons-ciutat-doliva\\\/\",\"url\":\"https:\\\/\\\/radiolitoral.com\\\/2024\\\/10\\\/ma-isabel-ferrer-i-razyn-abdedali-simposen-en-el-xii-gran-fons-ciutat-doliva\\\/\",\"name\":\"M\u00aa Isabel Ferrer i Razyn Abdedali s'imposen en el XII Gran Fons Ciutat d\u2019Oliva | R\u00e0dio Litoral\",\"isPartOf\":{\"@id\":\"https:\\\/\\\/radiolitoral.com\\\/#website\"},\"primaryImageOfPage\":{\"@id\":\"https:\\\/\\\/radiolitoral.com\\\/2024\\\/10\\\/ma-isabel-ferrer-i-razyn-abdedali-simposen-en-el-xii-gran-fons-ciutat-doliva\\\/#primaryimage\"},\"image\":{\"@id\":\"https:\\\/\\\/radiolitoral.com\\\/2024\\\/10\\\/ma-isabel-ferrer-i-razyn-abdedali-simposen-en-el-xii-gran-fons-ciutat-doliva\\\/#primaryimage\"},\"thumbnailUrl\":\"https:\\\/\\\/media.radiolitoral.com\\\/wp-content\\\/uploads\\\/2024\\\/10\\\/10104328\\\/462621075_1096999245763216_3292454536028420352_n.jpg\",\"datePublished\":\"2024-10-10T08:59:05+00:00\",\"description\":\"La carrera, que va batre r\u00e8cord de participaci\u00f3 amb 856 corredors, va tindre a l'atleta de X\u00e0bia com una de les grans protagonistesLa carrera, que va batre r\u00e8cord de participaci\u00f3 amb 856 corredors, va tindre a l'atleta de X\u00e0bia com una de les grans protagonistes\",\"breadcrumb\":{\"@id\":\"https:\\\/\\\/radiolitoral.com\\\/2024\\\/10\\\/ma-isabel-ferrer-i-razyn-abdedali-simposen-en-el-xii-gran-fons-ciutat-doliva\\\/#breadcrumb\"},\"inLanguage\":\"ca\",\"potentialAction\":[{\"@type\":\"ReadAction\",\"target\":[\"https:\\\/\\\/radiolitoral.com\\\/2024\\\/10\\\/ma-isabel-ferrer-i-razyn-abdedali-simposen-en-el-xii-gran-fons-ciutat-doliva\\\/\"]}]},{\"@type\":\"ImageObject\",\"inLanguage\":\"ca\",\"@id\":\"https:\\\/\\\/radiolitoral.com\\\/2024\\\/10\\\/ma-isabel-ferrer-i-razyn-abdedali-simposen-en-el-xii-gran-fons-ciutat-doliva\\\/#primaryimage\",\"url\":\"https:\\\/\\\/media.radiolitoral.com\\\/wp-content\\\/uploads\\\/2024\\\/10\\\/10104328\\\/462621075_1096999245763216_3292454536028420352_n.jpg\",\"contentUrl\":\"https:\\\/\\\/media.radiolitoral.com\\\/wp-content\\\/uploads\\\/2024\\\/10\\\/10104328\\\/462621075_1096999245763216_3292454536028420352_n.jpg\",\"width\":1024,\"height\":648},{\"@type\":\"BreadcrumbList\",\"@id\":\"https:\\\/\\\/radiolitoral.com\\\/2024\\\/10\\\/ma-isabel-ferrer-i-razyn-abdedali-simposen-en-el-xii-gran-fons-ciutat-doliva\\\/#breadcrumb\",\"itemListElement\":[{\"@type\":\"ListItem\",\"position\":1,\"name\":\"Portada\",\"item\":\"https:\\\/\\\/radiolitoral.com\\\/\"},{\"@type\":\"ListItem\",\"position\":2,\"name\":\"M\u00aa Isabel Ferrer i Razyn Abdedali s&#8217;imposen en el XII Gran Fons Ciutat d\u2019Oliva\"}]},{\"@type\":\"WebSite\",\"@id\":\"https:\\\/\\\/radiolitoral.com\\\/#website\",\"url\":\"https:\\\/\\\/radiolitoral.com\\\/\",\"name\":\"Radio Litoral\",\"description\":\"La radio local de la Marina Alta\",\"publisher\":{\"@id\":\"https:\\\/\\\/radiolitoral.com\\\/#organization\"},\"alternateName\":\"Litoral FM\",\"potentialAction\":[{\"@type\":\"SearchAction\",\"target\":{\"@type\":\"EntryPoint\",\"urlTemplate\":\"https:\\\/\\\/radiolitoral.com\\\/?s={search_term_string}\"},\"query-input\":{\"@type\":\"PropertyValueSpecification\",\"valueRequired\":true,\"valueName\":\"search_term_string\"}}],\"inLanguage\":\"ca\"},{\"@type\":\"Organization\",\"@id\":\"https:\\\/\\\/radiolitoral.com\\\/#organization\",\"name\":\"Radio Litoral\",\"url\":\"https:\\\/\\\/radiolitoral.com\\\/\",\"logo\":{\"@type\":\"ImageObject\",\"inLanguage\":\"ca\",\"@id\":\"https:\\\/\\\/radiolitoral.com\\\/#\\\/schema\\\/logo\\\/image\\\/\",\"url\":\"https:\\\/\\\/media.radiolitoral.com\\\/wp-content\\\/uploads\\\/2023\\\/02\\\/24143238\\\/CL-V-RadioLitoral696.png\",\"contentUrl\":\"https:\\\/\\\/media.radiolitoral.com\\\/wp-content\\\/uploads\\\/2023\\\/02\\\/24143238\\\/CL-V-RadioLitoral696.png\",\"width\":696,\"height\":696,\"caption\":\"Radio Litoral\"},\"image\":{\"@id\":\"https:\\\/\\\/radiolitoral.com\\\/#\\\/schema\\\/logo\\\/image\\\/\"},\"sameAs\":[\"https:\\\/\\\/www.facebook.com\\\/Laradiolitoral\\\/\"]},{\"@type\":\"Person\",\"@id\":\"https:\\\/\\\/radiolitoral.com\\\/#\\\/schema\\\/person\\\/7b1480b5caeb5acdd4ec6379caf62b22\",\"name\":\"Javier Zamora\",\"image\":{\"@type\":\"ImageObject\",\"inLanguage\":\"ca\",\"@id\":\"https:\\\/\\\/secure.gravatar.com\\\/avatar\\\/467a11f6918c7d619c4043fc6fa2d3853053107973f05b6e9c04ea6c4e3a7b3f?s=96&d=mm&r=g\",\"url\":\"https:\\\/\\\/secure.gravatar.com\\\/avatar\\\/467a11f6918c7d619c4043fc6fa2d3853053107973f05b6e9c04ea6c4e3a7b3f?s=96&d=mm&r=g\",\"contentUrl\":\"https:\\\/\\\/secure.gravatar.com\\\/avatar\\\/467a11f6918c7d619c4043fc6fa2d3853053107973f05b6e9c04ea6c4e3a7b3f?s=96&d=mm&r=g\",\"caption\":\"Javier Zamora\"},\"url\":\"https:\\\/\\\/radiolitoral.com\\\/ca\\\/author\\\/javier-zamora\\\/\"}]}<\/script>\n<!-- \/ Yoast SEO plugin. -->","yoast_head_json":{"title":"M\u00aa Isabel Ferrer i Razyn Abdedali s&#039;imposen al XII Gran Fons Ciutat d&#039;Oliva | R\u00e0dio Litoral","description":"La cursa, que va batre r\u00e8cord de participaci\u00f3 amb 856 corredors, va tenir l&#039;atleta de X\u00e0bia com una de les grans protagonistes. La cursa, que va batre r\u00e8cord de participaci\u00f3 amb 856 corredors, va tenir l&#039;atleta de X\u00e0bia com una de les grans protagonistes","robots":{"index":"index","follow":"follow","max-snippet":"max-snippet:-1","max-image-preview":"max-image-preview:large","max-video-preview":"max-video-preview:-1"},"canonical":"https:\/\/radiolitoral.com\/ca\/2024\/10\/ma-isabel-ferrer-i-razyn-abdedali-simposen-al-xii-gran-fons-ciutat-doliva\/","og_locale":"ca_ES","og_type":"article","og_title":"M\u00aa Isabel Ferrer i Razyn Abdedali s'imposen en el XII Gran Fons Ciutat d\u2019Oliva | R\u00e0dio Litoral","og_description":"La carrera, que va batre r\u00e8cord de participaci\u00f3 amb 856 corredors, va tindre a l'atleta de X\u00e0bia com una de les grans protagonistesLa carrera, que va batre r\u00e8cord de participaci\u00f3 amb 856 corredors, va tindre a l'atleta de X\u00e0bia com una de les grans protagonistes","og_url":"https:\/\/radiolitoral.com\/ca\/2024\/10\/ma-isabel-ferrer-i-razyn-abdedali-simposen-al-xii-gran-fons-ciutat-doliva\/","og_site_name":"R\u00e0dio Litoral","article_publisher":"https:\/\/www.facebook.com\/Laradiolitoral\/","article_published_time":"2024-10-10T08:59:05+00:00","og_image":[{"width":1024,"height":648,"url":"https:\/\/media.radiolitoral.com\/wp-content\/uploads\/2024\/10\/10104328\/462621075_1096999245763216_3292454536028420352_n.jpg","type":"image\/jpeg"}],"author":"Javier Zamora","twitter_card":"summary_large_image","twitter_misc":{"Escrit per":"Javier Zamora","Temps estimat de lectura":"2 minuts"},"schema":{"@context":"https:\/\/schema.org","@graph":[{"@type":"NewsArticle","@id":"https:\/\/radiolitoral.com\/2024\/10\/ma-isabel-ferrer-i-razyn-abdedali-simposen-en-el-xii-gran-fons-ciutat-doliva\/#article","isPartOf":{"@id":"https:\/\/radiolitoral.com\/2024\/10\/ma-isabel-ferrer-i-razyn-abdedali-simposen-en-el-xii-gran-fons-ciutat-doliva\/"},"author":{"name":"Javier Zamora","@id":"https:\/\/radiolitoral.com\/#\/schema\/person\/7b1480b5caeb5acdd4ec6379caf62b22"},"headline":"M\u00aa Isabel Ferrer i Razyn Abdedali s&#8217;imposen en el XII Gran Fons Ciutat d\u2019Oliva","datePublished":"2024-10-10T08:59:05+00:00","mainEntityOfPage":{"@id":"https:\/\/radiolitoral.com\/2024\/10\/ma-isabel-ferrer-i-razyn-abdedali-simposen-en-el-xii-gran-fons-ciutat-doliva\/"},"wordCount":277,"commentCount":0,"publisher":{"@id":"https:\/\/radiolitoral.com\/#organization"},"image":{"@id":"https:\/\/radiolitoral.com\/2024\/10\/ma-isabel-ferrer-i-razyn-abdedali-simposen-en-el-xii-gran-fons-ciutat-doliva\/#primaryimage"},"thumbnailUrl":"https:\/\/media.radiolitoral.com\/wp-content\/uploads\/2024\/10\/10104328\/462621075_1096999245763216_3292454536028420352_n.jpg","keywords":["CA Publidom","CC\u00a0Camallaes","Circuit Carreres Populars Safor-Valldigna","Cristina Moya","Cristina Rosell\u00f3","deportes","Juan\u00a0Vidal","Mar\u00eda Isabel Ferrer","Razyn\u00a0Abdedali","V\u00edctor Alonso","XI Cursa Popular a Daim\u00fas","XII Gran Fons Ciutat d\u2019Oliva"],"articleSection":["Deportes"],"inLanguage":"ca","potentialAction":[{"@type":"CommentAction","name":"Comment","target":["https:\/\/radiolitoral.com\/2024\/10\/ma-isabel-ferrer-i-razyn-abdedali-simposen-en-el-xii-gran-fons-ciutat-doliva\/#respond"]}]},{"@type":["WebPage","ItemPage"],"@id":"https:\/\/radiolitoral.com\/2024\/10\/ma-isabel-ferrer-i-razyn-abdedali-simposen-en-el-xii-gran-fons-ciutat-doliva\/","url":"https:\/\/radiolitoral.com\/2024\/10\/ma-isabel-ferrer-i-razyn-abdedali-simposen-en-el-xii-gran-fons-ciutat-doliva\/","name":"M\u00aa Isabel Ferrer i Razyn Abdedali s&#039;imposen al XII Gran Fons Ciutat d&#039;Oliva | R\u00e0dio Litoral","isPartOf":{"@id":"https:\/\/radiolitoral.com\/#website"},"primaryImageOfPage":{"@id":"https:\/\/radiolitoral.com\/2024\/10\/ma-isabel-ferrer-i-razyn-abdedali-simposen-en-el-xii-gran-fons-ciutat-doliva\/#primaryimage"},"image":{"@id":"https:\/\/radiolitoral.com\/2024\/10\/ma-isabel-ferrer-i-razyn-abdedali-simposen-en-el-xii-gran-fons-ciutat-doliva\/#primaryimage"},"thumbnailUrl":"https:\/\/media.radiolitoral.com\/wp-content\/uploads\/2024\/10\/10104328\/462621075_1096999245763216_3292454536028420352_n.jpg","datePublished":"2024-10-10T08:59:05+00:00","description":"La cursa, que va batre r\u00e8cord de participaci\u00f3 amb 856 corredors, va tenir l&#039;atleta de X\u00e0bia com una de les grans protagonistes. La cursa, que va batre r\u00e8cord de participaci\u00f3 amb 856 corredors, va tenir l&#039;atleta de X\u00e0bia com una de les grans protagonistes","breadcrumb":{"@id":"https:\/\/radiolitoral.com\/2024\/10\/ma-isabel-ferrer-i-razyn-abdedali-simposen-en-el-xii-gran-fons-ciutat-doliva\/#breadcrumb"},"inLanguage":"ca","potentialAction":[{"@type":"ReadAction","target":["https:\/\/radiolitoral.com\/2024\/10\/ma-isabel-ferrer-i-razyn-abdedali-simposen-en-el-xii-gran-fons-ciutat-doliva\/"]}]},{"@type":"ImageObject","inLanguage":"ca","@id":"https:\/\/radiolitoral.com\/2024\/10\/ma-isabel-ferrer-i-razyn-abdedali-simposen-en-el-xii-gran-fons-ciutat-doliva\/#primaryimage","url":"https:\/\/media.radiolitoral.com\/wp-content\/uploads\/2024\/10\/10104328\/462621075_1096999245763216_3292454536028420352_n.jpg","contentUrl":"https:\/\/media.radiolitoral.com\/wp-content\/uploads\/2024\/10\/10104328\/462621075_1096999245763216_3292454536028420352_n.jpg","width":1024,"height":648},{"@type":"BreadcrumbList","@id":"https:\/\/radiolitoral.com\/2024\/10\/ma-isabel-ferrer-i-razyn-abdedali-simposen-en-el-xii-gran-fons-ciutat-doliva\/#breadcrumb","itemListElement":[{"@type":"ListItem","position":1,"name":"Portada","item":"https:\/\/radiolitoral.com\/"},{"@type":"ListItem","position":2,"name":"M\u00aa Isabel Ferrer i Razyn Abdedali s&#8217;imposen en el XII Gran Fons Ciutat d\u2019Oliva"}]},{"@type":"WebSite","@id":"https:\/\/radiolitoral.com\/#website","url":"https:\/\/radiolitoral.com\/","name":"R\u00e0dio Litoral","description":"La r\u00e0dio local de la Marina Alta","publisher":{"@id":"https:\/\/radiolitoral.com\/#organization"},"alternateName":"Litoral FM","potentialAction":[{"@type":"SearchAction","target":{"@type":"EntryPoint","urlTemplate":"https:\/\/radiolitoral.com\/?s={search_term_string}"},"query-input":{"@type":"PropertyValueSpecification","valueRequired":true,"valueName":"search_term_string"}}],"inLanguage":"ca"},{"@type":"Organization","@id":"https:\/\/radiolitoral.com\/#organization","name":"R\u00e0dio Litoral","url":"https:\/\/radiolitoral.com\/","logo":{"@type":"ImageObject","inLanguage":"ca","@id":"https:\/\/radiolitoral.com\/#\/schema\/logo\/image\/","url":"https:\/\/media.radiolitoral.com\/wp-content\/uploads\/2023\/02\/24143238\/CL-V-RadioLitoral696.png","contentUrl":"https:\/\/media.radiolitoral.com\/wp-content\/uploads\/2023\/02\/24143238\/CL-V-RadioLitoral696.png","width":696,"height":696,"caption":"Radio Litoral"},"image":{"@id":"https:\/\/radiolitoral.com\/#\/schema\/logo\/image\/"},"sameAs":["https:\/\/www.facebook.com\/Laradiolitoral\/"]},{"@type":"Person","@id":"https:\/\/radiolitoral.com\/#\/schema\/person\/7b1480b5caeb5acdd4ec6379caf62b22","name":"Javier Zamora","image":{"@type":"ImageObject","inLanguage":"ca","@id":"https:\/\/secure.gravatar.com\/avatar\/467a11f6918c7d619c4043fc6fa2d3853053107973f05b6e9c04ea6c4e3a7b3f?s=96&d=mm&r=g","url":"https:\/\/secure.gravatar.com\/avatar\/467a11f6918c7d619c4043fc6fa2d3853053107973f05b6e9c04ea6c4e3a7b3f?s=96&d=mm&r=g","contentUrl":"https:\/\/secure.gravatar.com\/avatar\/467a11f6918c7d619c4043fc6fa2d3853053107973f05b6e9c04ea6c4e3a7b3f?s=96&d=mm&r=g","caption":"Javier Zamora"},"url":"https:\/\/radiolitoral.com\/ca\/author\/javier-zamora\/"}]}},"_links":{"self":[{"href":"https:\/\/radiolitoral.com\/ca\/wp-json\/wp\/v2\/posts\/12263","targetHints":{"allow":["GET"]}}],"collection":[{"href":"https:\/\/radiolitoral.com\/ca\/wp-json\/wp\/v2\/posts"}],"about":[{"href":"https:\/\/radiolitoral.com\/ca\/wp-json\/wp\/v2\/types\/post"}],"author":[{"embeddable":true,"href":"https:\/\/radiolitoral.com\/ca\/wp-json\/wp\/v2\/users\/12"}],"replies":[{"embeddable":true,"href":"https:\/\/radiolitoral.com\/ca\/wp-json\/wp\/v2\/comments?post=12263"}],"version-history":[{"count":1,"href":"https:\/\/radiolitoral.com\/ca\/wp-json\/wp\/v2\/posts\/12263\/revisions"}],"predecessor-version":[{"id":12267,"href":"https:\/\/radiolitoral.com\/ca\/wp-json\/wp\/v2\/posts\/12263\/revisions\/12267"}],"wp:featuredmedia":[{"embeddable":true,"href":"https:\/\/radiolitoral.com\/ca\/wp-json\/wp\/v2\/media\/12264"}],"wp:attachment":[{"href":"https:\/\/radiolitoral.com\/ca\/wp-json\/wp\/v2\/media?parent=12263"}],"wp:term":[{"taxonomy":"category","embeddable":true,"href":"https:\/\/radiolitoral.com\/ca\/wp-json\/wp\/v2\/categories?post=12263"},{"taxonomy":"post_tag","embeddable":true,"href":"https:\/\/radiolitoral.com\/ca\/wp-json\/wp\/v2\/tags?post=12263"}],"curies":[{"name":"wp","href":"https:\/\/api.w.org\/{rel}","templated":true}]}}