{"id":12253,"date":"2024-10-10T10:12:24","date_gmt":"2024-10-10T08:12:24","guid":{"rendered":"https:\/\/radiolitoral.com\/?p=12253"},"modified":"2024-10-10T10:12:24","modified_gmt":"2024-10-10T08:12:24","slug":"el-cg-les-marines-triomfara-al-provincial-conjunts-base","status":"publish","type":"post","link":"https:\/\/radiolitoral.com\/ca\/2024\/10\/el-cg-les-marines-va-triomfar-en-el-provincial-conjunts-base\/","title":{"rendered":"El CG Les Marines triomfar\u00e0 al provincial Conjunts Base"},"content":{"rendered":"<p>El <strong>Club Gimn\u00e0stica Les Marines<\/strong>\u00a0es va despla\u00e7ar a Quart de Poblet per disputar la fase provincial del Campionat d&#039;Espanya Base, on els cinc conjunts calpins van aconseguir classificar per a la <strong>fase auton\u00f2mica<\/strong>, destacant especialment el conjunt alev\u00ed i el juvenil, els qui es van proclamar <strong>campions provincials<\/strong>.<\/p>\n<h4>Un inici prometedor en categoria infantil<\/h4>\n<p>El conjunt infantil, compost per <span class=\"hiddenSpellError\">Sophie<\/span>, Paulina, Sofia,\u00a0<span class=\"hiddenSpellError\">Julia<\/span>,\u00a0<span class=\"hiddenSpellError\">Mandana<\/span>\u00a0i\u00a0<span class=\"hiddenSpellError\">Anast\u00e0sia<\/span>, va ser l&#039;encarregat d&#039;inaugurar la competici\u00f3 per\u00a0<span class=\"hiddenGrammarError\">als calpins<\/span>. Tot i alguns errors en el seu exercici de cinc pilots, l&#039;equip, va aconseguir una merit\u00f2ria cinquena posici\u00f3 provincial i van assegurar la classificaci\u00f3 a l&#039;auton\u00f2mic en estar entre els vint millors de la Comunitat Valenciana.<\/p>\n<h4>Els prebenjamins, sempre forts<\/h4>\n<p>Seguidament, va ser el torn dels dos conjunts prebenjamins. Tots dos equips van realitzar un s\u00f2lid acompliment a la pista, la qual cosa els permetr\u00e0\u00a0<span class=\"hiddenSuggestion\" style=\"padding-bottom: 2px; background-image: url('..\/..\/..\/..\/..\/images\/squiggle_green.png'); background-repeat: repeat-x; background-position: left bottom; vertical-align: text-top; cursor: default; color: #565353; font-family: Arial, Helvetica, Verdana, sans-serif; font-size: 18px; font-style: normal; font-variant-ligatures: normal; font-variant-caps: normal; font-weight: 400; letter-spacing: normal; orphans: 2; text-align: start; text-indent: 0px; text-transform: none; widows: 2; word-spacing: 0px; -webkit-text-stroke-width: 0px; white-space: normal; background-color: #ffffff; text-decoration-thickness: initial; text-decoration-style: initial; text-decoration-color: initial;\">aconseguir<\/span>\u00a0una quarta posici\u00f3 per al conjunt format per\u00a0<span class=\"hiddenSpellError\">Isabella<\/span>, Ainara, Eva, Sara i\u00a0<span class=\"hiddenSpellError\">\u00c0nia<\/span>, i una\u00a0<span class=\"hiddenSuggestion\" style=\"padding-bottom: 2px; background-image: url('..\/..\/..\/..\/..\/images\/squiggle_green.png'); background-repeat: repeat-x; background-position: left bottom; vertical-align: text-top; cursor: default; color: #565353; font-family: Arial, Helvetica, Verdana, sans-serif; font-size: 18px; font-style: normal; font-variant-ligatures: normal; font-variant-caps: normal; font-weight: 400; letter-spacing: normal; orphans: 2; text-align: start; text-indent: 0px; text-transform: none; widows: 2; word-spacing: 0px; -webkit-text-stroke-width: 0px; white-space: normal; background-color: #ffffff; text-decoration-thickness: initial; text-decoration-style: initial; text-decoration-color: initial;\">cinquena<\/span>\u00a0posici\u00f3 per a Valentina, Rebeca,\u00a0<span class=\"hiddenSpellError\">Lamar<\/span>, Lucia i Emma, garantint la seva pres\u00e8ncia a la fase auton\u00f2mica.<\/p>\n<h4>Domini en categories juvenil i alev\u00ed<\/h4>\n<p>La jornada vespertina estar\u00e0 marcada per l&#039;espl\u00e8ndid exercici del conjunt juvenil, integrat per Tatiana, Lucia, Ruth, Naiara,\u00a0<span class=\"hiddenSpellError\">Valery<\/span>\u00a0i Luci, els qui amb la seva rutina de tres aros i dos pilons van captivar el p\u00fablic, obtenint una gran ovaci\u00f3. Gr\u00e0cies a aquesta excel\u00b7lent execuci\u00f3, van\u00a0<span class=\"hiddenSuggestion\" style=\"padding-bottom: 2px; background-image: url('..\/..\/..\/..\/..\/images\/squiggle_green.png'); background-repeat: repeat-x; background-position: left bottom; vertical-align: text-top; cursor: default; color: #565353; font-family: Arial, Helvetica, Verdana, sans-serif; font-size: 18px; font-style: normal; font-variant-ligatures: normal; font-variant-caps: normal; font-weight: 400; letter-spacing: normal; orphans: 2; text-align: start; text-indent: 0px; text-transform: none; widows: 2; word-spacing: 0px; -webkit-text-stroke-width: 0px; white-space: normal; background-color: #ffffff; text-decoration-thickness: initial; text-decoration-style: initial; text-decoration-color: initial;\">aconseguir<\/span>\u00a0pujar pel cap alt del podi com a campions provincials en una de les categories m\u00e9s renyides.<\/p>\n<p>Per tancar la competici\u00f3, els gimnastes\u00a0<span class=\"hiddenGrammarError\" style=\"padding-bottom: 2px; background-image: url('..\/..\/..\/..\/..\/images\/squiggle.png'); background-repeat: repeat-x; background-position: left bottom; vertical-align: text-top; cursor: default; color: #565353; font-family: Arial, Helvetica, Verdana, sans-serif; font-size: 18px; font-style: normal; font-variant-ligatures: normal; font-variant-caps: normal; font-weight: 400; letter-spacing: normal; orphans: 2; text-align: start; text-indent: 0px; text-transform: none; widows: 2; word-spacing: 0px; -webkit-text-stroke-width: 0px; white-space: normal; background-color: #ffffff; text-decoration-thickness: initial; text-decoration-style: initial; text-decoration-color: initial;\">alevins<\/span>\u00a0del\u00a0<span class=\"hiddenSpellError\">CG Les Marines<\/span>, Daniela, Vera, Polina,\u00a0<span class=\"hiddenSpellError\">Vasilisa<\/span>\u00a0i\u00a0<span class=\"hiddenSpellError\">Alessia<\/span>, no van decebre. Amb una actuaci\u00f3 impecable, es van coronar tamb\u00e9 com a campions provincials, segellant la seva classificaci\u00f3 a l&#039;auton\u00f2mic.<\/p>\n<p>Amb aquests resultats, el CG Les Marines aconsegueix per primera vegada a la seva hist\u00f2ria la classificaci\u00f3 de cinc conjunts a la fase auton\u00f2mica del <strong>Campionat d&#039;Espanya Base<\/strong>. Des del club es mostren extremadament satisfets pels assoliments assolits i mantenen altes expectatives que tots els seus equips assoleixin el passi a la fase nacional.<\/p>","protected":false},"excerpt":{"rendered":"<p>El Club Gimnasia Les Marines\u00a0es va despla\u00e7ar a Quart de Poblet per a disputar la fase provincial del Campionat d&#8217;Espanya Base, on els cinc conjunts calpins van aconseguir classificar per a la fase auton\u00f2mica, destacant especialment el conjunt alev\u00ed i el juvenil, els qui es van proclamar campiones provincials. Un inici prometedor en categoria infantil [&#8230;]<\/p>\n<p><a class=\"btn btn-secondary understrap-read-more-link\" href=\"https:\/\/radiolitoral.com\/ca\/2024\/10\/el-cg-les-marines-va-triomfar-en-el-provincial-conjunts-base\/\">Continua llegint&#8230;<span class=\"screen-reader-text\"> from El CG Les Marines va triomfar en el provincial Conjunts Base<\/span><\/a><\/p>\n","protected":false},"author":12,"featured_media":12254,"comment_status":"open","ping_status":"closed","sticky":false,"template":"","format":"standard","meta":{"_acf_changed":false,"inline_featured_image":false,"footnotes":""},"categories":[5],"tags":[992,6],"class_list":["post-12253","post","type-post","status-publish","format-standard","has-post-thumbnail","hentry","category-deportes","tag-club-gimnasia-les-marines","tag-deportes","cobertura-calp"],"acf":[],"yoast_head":"<!-- This site is optimized with the Yoast SEO plugin v27.5 - https:\/\/yoast.com\/product\/yoast-seo-wordpress\/ -->\n<title>El CG Les Marines va triomfar en el provincial Conjunts Base | R\u00e0dio Litoral<\/title>\n<meta name=\"description\" content=\"Les calpines van conquistar dos campionats provincials i va classificar a cinc conjunts per a l&#039;Auton\u00f2mic Les calpines van conquistar dos campionats provincials i va classificar a cinc conjunts per a l&#039;Auton\u00f2mic\" \/>\n<meta name=\"robots\" content=\"index, follow, max-snippet:-1, max-image-preview:large, max-video-preview:-1\" \/>\n<link rel=\"canonical\" href=\"https:\/\/radiolitoral.com\/ca\/2024\/10\/el-cg-les-marines-triomfara-al-provincial-conjunts-base\/\" \/>\n<meta property=\"og:locale\" content=\"ca_ES\" \/>\n<meta property=\"og:type\" content=\"article\" \/>\n<meta property=\"og:title\" content=\"El CG Les Marines va triomfar en el provincial Conjunts Base | R\u00e0dio Litoral\" \/>\n<meta property=\"og:description\" content=\"Les calpines van conquistar dos campionats provincials i va classificar a cinc conjunts per a l&#039;Auton\u00f2mic Les calpines van conquistar dos campionats provincials i va classificar a cinc conjunts per a l&#039;Auton\u00f2mic\" \/>\n<meta property=\"og:url\" content=\"https:\/\/radiolitoral.com\/ca\/2024\/10\/el-cg-les-marines-triomfara-al-provincial-conjunts-base\/\" \/>\n<meta property=\"og:site_name\" content=\"R\u00e0dio Litoral\" \/>\n<meta property=\"article:publisher\" content=\"https:\/\/www.facebook.com\/Laradiolitoral\/\" \/>\n<meta property=\"article:published_time\" content=\"2024-10-10T08:12:24+00:00\" \/>\n<meta property=\"og:image\" content=\"https:\/\/media.radiolitoral.com\/wp-content\/uploads\/2024\/10\/09222006\/Gimnastas-calpinas-del-CG-Les-Marines.jpg\" \/>\n\t<meta property=\"og:image:width\" content=\"1024\" \/>\n\t<meta property=\"og:image:height\" content=\"816\" \/>\n\t<meta property=\"og:image:type\" content=\"image\/jpeg\" \/>\n<meta name=\"author\" content=\"Javier Zamora\" \/>\n<meta name=\"twitter:card\" content=\"summary_large_image\" \/>\n<meta name=\"twitter:label1\" content=\"Escrit per\" \/>\n\t<meta name=\"twitter:data1\" content=\"Javier Zamora\" \/>\n\t<meta name=\"twitter:label2\" content=\"Temps estimat de lectura\" \/>\n\t<meta name=\"twitter:data2\" content=\"2 minuts\" \/>\n<script type=\"application\/ld+json\" class=\"yoast-schema-graph\">{\"@context\":\"https:\\\/\\\/schema.org\",\"@graph\":[{\"@type\":\"NewsArticle\",\"@id\":\"https:\\\/\\\/radiolitoral.com\\\/2024\\\/10\\\/el-cg-les-marines-va-triomfar-en-el-provincial-conjunts-base\\\/#article\",\"isPartOf\":{\"@id\":\"https:\\\/\\\/radiolitoral.com\\\/2024\\\/10\\\/el-cg-les-marines-va-triomfar-en-el-provincial-conjunts-base\\\/\"},\"author\":{\"name\":\"Javier Zamora\",\"@id\":\"https:\\\/\\\/radiolitoral.com\\\/#\\\/schema\\\/person\\\/7b1480b5caeb5acdd4ec6379caf62b22\"},\"headline\":\"El CG Les Marines va triomfar en el provincial Conjunts Base\",\"datePublished\":\"2024-10-10T08:12:24+00:00\",\"mainEntityOfPage\":{\"@id\":\"https:\\\/\\\/radiolitoral.com\\\/2024\\\/10\\\/el-cg-les-marines-va-triomfar-en-el-provincial-conjunts-base\\\/\"},\"wordCount\":377,\"commentCount\":0,\"publisher\":{\"@id\":\"https:\\\/\\\/radiolitoral.com\\\/#organization\"},\"image\":{\"@id\":\"https:\\\/\\\/radiolitoral.com\\\/2024\\\/10\\\/el-cg-les-marines-va-triomfar-en-el-provincial-conjunts-base\\\/#primaryimage\"},\"thumbnailUrl\":\"https:\\\/\\\/media.radiolitoral.com\\\/wp-content\\\/uploads\\\/2024\\\/10\\\/09222006\\\/Gimnastas-calpinas-del-CG-Les-Marines.jpg\",\"keywords\":[\"Club Gimnasia Les Marines\",\"deportes\"],\"articleSection\":[\"Deportes\"],\"inLanguage\":\"ca\",\"potentialAction\":[{\"@type\":\"CommentAction\",\"name\":\"Comment\",\"target\":[\"https:\\\/\\\/radiolitoral.com\\\/2024\\\/10\\\/el-cg-les-marines-va-triomfar-en-el-provincial-conjunts-base\\\/#respond\"]}]},{\"@type\":[\"WebPage\",\"ItemPage\"],\"@id\":\"https:\\\/\\\/radiolitoral.com\\\/2024\\\/10\\\/el-cg-les-marines-va-triomfar-en-el-provincial-conjunts-base\\\/\",\"url\":\"https:\\\/\\\/radiolitoral.com\\\/2024\\\/10\\\/el-cg-les-marines-va-triomfar-en-el-provincial-conjunts-base\\\/\",\"name\":\"El CG Les Marines va triomfar en el provincial Conjunts Base | R\u00e0dio Litoral\",\"isPartOf\":{\"@id\":\"https:\\\/\\\/radiolitoral.com\\\/#website\"},\"primaryImageOfPage\":{\"@id\":\"https:\\\/\\\/radiolitoral.com\\\/2024\\\/10\\\/el-cg-les-marines-va-triomfar-en-el-provincial-conjunts-base\\\/#primaryimage\"},\"image\":{\"@id\":\"https:\\\/\\\/radiolitoral.com\\\/2024\\\/10\\\/el-cg-les-marines-va-triomfar-en-el-provincial-conjunts-base\\\/#primaryimage\"},\"thumbnailUrl\":\"https:\\\/\\\/media.radiolitoral.com\\\/wp-content\\\/uploads\\\/2024\\\/10\\\/09222006\\\/Gimnastas-calpinas-del-CG-Les-Marines.jpg\",\"datePublished\":\"2024-10-10T08:12:24+00:00\",\"description\":\"Les calpines van conquistar dos campionats provincials i va classificar a cinc conjunts per a l'Auton\u00f2mic Les calpines van conquistar dos campionats provincials i va classificar a cinc conjunts per a l'Auton\u00f2mic\",\"breadcrumb\":{\"@id\":\"https:\\\/\\\/radiolitoral.com\\\/2024\\\/10\\\/el-cg-les-marines-va-triomfar-en-el-provincial-conjunts-base\\\/#breadcrumb\"},\"inLanguage\":\"ca\",\"potentialAction\":[{\"@type\":\"ReadAction\",\"target\":[\"https:\\\/\\\/radiolitoral.com\\\/2024\\\/10\\\/el-cg-les-marines-va-triomfar-en-el-provincial-conjunts-base\\\/\"]}]},{\"@type\":\"ImageObject\",\"inLanguage\":\"ca\",\"@id\":\"https:\\\/\\\/radiolitoral.com\\\/2024\\\/10\\\/el-cg-les-marines-va-triomfar-en-el-provincial-conjunts-base\\\/#primaryimage\",\"url\":\"https:\\\/\\\/media.radiolitoral.com\\\/wp-content\\\/uploads\\\/2024\\\/10\\\/09222006\\\/Gimnastas-calpinas-del-CG-Les-Marines.jpg\",\"contentUrl\":\"https:\\\/\\\/media.radiolitoral.com\\\/wp-content\\\/uploads\\\/2024\\\/10\\\/09222006\\\/Gimnastas-calpinas-del-CG-Les-Marines.jpg\",\"width\":1024,\"height\":816},{\"@type\":\"BreadcrumbList\",\"@id\":\"https:\\\/\\\/radiolitoral.com\\\/2024\\\/10\\\/el-cg-les-marines-va-triomfar-en-el-provincial-conjunts-base\\\/#breadcrumb\",\"itemListElement\":[{\"@type\":\"ListItem\",\"position\":1,\"name\":\"Portada\",\"item\":\"https:\\\/\\\/radiolitoral.com\\\/\"},{\"@type\":\"ListItem\",\"position\":2,\"name\":\"El CG Les Marines va triomfar en el provincial Conjunts Base\"}]},{\"@type\":\"WebSite\",\"@id\":\"https:\\\/\\\/radiolitoral.com\\\/#website\",\"url\":\"https:\\\/\\\/radiolitoral.com\\\/\",\"name\":\"Radio Litoral\",\"description\":\"La radio local de la Marina Alta\",\"publisher\":{\"@id\":\"https:\\\/\\\/radiolitoral.com\\\/#organization\"},\"alternateName\":\"Litoral FM\",\"potentialAction\":[{\"@type\":\"SearchAction\",\"target\":{\"@type\":\"EntryPoint\",\"urlTemplate\":\"https:\\\/\\\/radiolitoral.com\\\/?s={search_term_string}\"},\"query-input\":{\"@type\":\"PropertyValueSpecification\",\"valueRequired\":true,\"valueName\":\"search_term_string\"}}],\"inLanguage\":\"ca\"},{\"@type\":\"Organization\",\"@id\":\"https:\\\/\\\/radiolitoral.com\\\/#organization\",\"name\":\"Radio Litoral\",\"url\":\"https:\\\/\\\/radiolitoral.com\\\/\",\"logo\":{\"@type\":\"ImageObject\",\"inLanguage\":\"ca\",\"@id\":\"https:\\\/\\\/radiolitoral.com\\\/#\\\/schema\\\/logo\\\/image\\\/\",\"url\":\"https:\\\/\\\/media.radiolitoral.com\\\/wp-content\\\/uploads\\\/2023\\\/02\\\/24143238\\\/CL-V-RadioLitoral696.png\",\"contentUrl\":\"https:\\\/\\\/media.radiolitoral.com\\\/wp-content\\\/uploads\\\/2023\\\/02\\\/24143238\\\/CL-V-RadioLitoral696.png\",\"width\":696,\"height\":696,\"caption\":\"Radio Litoral\"},\"image\":{\"@id\":\"https:\\\/\\\/radiolitoral.com\\\/#\\\/schema\\\/logo\\\/image\\\/\"},\"sameAs\":[\"https:\\\/\\\/www.facebook.com\\\/Laradiolitoral\\\/\"]},{\"@type\":\"Person\",\"@id\":\"https:\\\/\\\/radiolitoral.com\\\/#\\\/schema\\\/person\\\/7b1480b5caeb5acdd4ec6379caf62b22\",\"name\":\"Javier Zamora\",\"image\":{\"@type\":\"ImageObject\",\"inLanguage\":\"ca\",\"@id\":\"https:\\\/\\\/secure.gravatar.com\\\/avatar\\\/467a11f6918c7d619c4043fc6fa2d3853053107973f05b6e9c04ea6c4e3a7b3f?s=96&d=mm&r=g\",\"url\":\"https:\\\/\\\/secure.gravatar.com\\\/avatar\\\/467a11f6918c7d619c4043fc6fa2d3853053107973f05b6e9c04ea6c4e3a7b3f?s=96&d=mm&r=g\",\"contentUrl\":\"https:\\\/\\\/secure.gravatar.com\\\/avatar\\\/467a11f6918c7d619c4043fc6fa2d3853053107973f05b6e9c04ea6c4e3a7b3f?s=96&d=mm&r=g\",\"caption\":\"Javier Zamora\"},\"url\":\"https:\\\/\\\/radiolitoral.com\\\/ca\\\/author\\\/javier-zamora\\\/\"}]}<\/script>\n<!-- \/ Yoast SEO plugin. -->","yoast_head_json":{"title":"El CG Les Marines triomfar\u00e0 al provincial Conjunts Base | R\u00e0dio Litoral","description":"Les calpines van conquerir dos campionats provincials i van classificar cinc conjunts per a l&#039;Auton\u00f2mic Les calpines van conquerir dos campionats provincials i van classificar cinc conjunts per a l&#039;Auton\u00f2mic","robots":{"index":"index","follow":"follow","max-snippet":"max-snippet:-1","max-image-preview":"max-image-preview:large","max-video-preview":"max-video-preview:-1"},"canonical":"https:\/\/radiolitoral.com\/ca\/2024\/10\/el-cg-les-marines-triomfara-al-provincial-conjunts-base\/","og_locale":"ca_ES","og_type":"article","og_title":"El CG Les Marines va triomfar en el provincial Conjunts Base | R\u00e0dio Litoral","og_description":"Les calpines van conquistar dos campionats provincials i va classificar a cinc conjunts per a l'Auton\u00f2mic Les calpines van conquistar dos campionats provincials i va classificar a cinc conjunts per a l'Auton\u00f2mic","og_url":"https:\/\/radiolitoral.com\/ca\/2024\/10\/el-cg-les-marines-triomfara-al-provincial-conjunts-base\/","og_site_name":"R\u00e0dio Litoral","article_publisher":"https:\/\/www.facebook.com\/Laradiolitoral\/","article_published_time":"2024-10-10T08:12:24+00:00","og_image":[{"width":1024,"height":816,"url":"https:\/\/media.radiolitoral.com\/wp-content\/uploads\/2024\/10\/09222006\/Gimnastas-calpinas-del-CG-Les-Marines.jpg","type":"image\/jpeg"}],"author":"Javier Zamora","twitter_card":"summary_large_image","twitter_misc":{"Escrit per":"Javier Zamora","Temps estimat de lectura":"2 minuts"},"schema":{"@context":"https:\/\/schema.org","@graph":[{"@type":"NewsArticle","@id":"https:\/\/radiolitoral.com\/2024\/10\/el-cg-les-marines-va-triomfar-en-el-provincial-conjunts-base\/#article","isPartOf":{"@id":"https:\/\/radiolitoral.com\/2024\/10\/el-cg-les-marines-va-triomfar-en-el-provincial-conjunts-base\/"},"author":{"name":"Javier Zamora","@id":"https:\/\/radiolitoral.com\/#\/schema\/person\/7b1480b5caeb5acdd4ec6379caf62b22"},"headline":"El CG Les Marines va triomfar en el provincial Conjunts Base","datePublished":"2024-10-10T08:12:24+00:00","mainEntityOfPage":{"@id":"https:\/\/radiolitoral.com\/2024\/10\/el-cg-les-marines-va-triomfar-en-el-provincial-conjunts-base\/"},"wordCount":377,"commentCount":0,"publisher":{"@id":"https:\/\/radiolitoral.com\/#organization"},"image":{"@id":"https:\/\/radiolitoral.com\/2024\/10\/el-cg-les-marines-va-triomfar-en-el-provincial-conjunts-base\/#primaryimage"},"thumbnailUrl":"https:\/\/media.radiolitoral.com\/wp-content\/uploads\/2024\/10\/09222006\/Gimnastas-calpinas-del-CG-Les-Marines.jpg","keywords":["Club Gimnasia Les Marines","deportes"],"articleSection":["Deportes"],"inLanguage":"ca","potentialAction":[{"@type":"CommentAction","name":"Comment","target":["https:\/\/radiolitoral.com\/2024\/10\/el-cg-les-marines-va-triomfar-en-el-provincial-conjunts-base\/#respond"]}]},{"@type":["WebPage","ItemPage"],"@id":"https:\/\/radiolitoral.com\/2024\/10\/el-cg-les-marines-va-triomfar-en-el-provincial-conjunts-base\/","url":"https:\/\/radiolitoral.com\/2024\/10\/el-cg-les-marines-va-triomfar-en-el-provincial-conjunts-base\/","name":"El CG Les Marines triomfar\u00e0 al provincial Conjunts Base | R\u00e0dio Litoral","isPartOf":{"@id":"https:\/\/radiolitoral.com\/#website"},"primaryImageOfPage":{"@id":"https:\/\/radiolitoral.com\/2024\/10\/el-cg-les-marines-va-triomfar-en-el-provincial-conjunts-base\/#primaryimage"},"image":{"@id":"https:\/\/radiolitoral.com\/2024\/10\/el-cg-les-marines-va-triomfar-en-el-provincial-conjunts-base\/#primaryimage"},"thumbnailUrl":"https:\/\/media.radiolitoral.com\/wp-content\/uploads\/2024\/10\/09222006\/Gimnastas-calpinas-del-CG-Les-Marines.jpg","datePublished":"2024-10-10T08:12:24+00:00","description":"Les calpines van conquerir dos campionats provincials i van classificar cinc conjunts per a l&#039;Auton\u00f2mic Les calpines van conquerir dos campionats provincials i van classificar cinc conjunts per a l&#039;Auton\u00f2mic","breadcrumb":{"@id":"https:\/\/radiolitoral.com\/2024\/10\/el-cg-les-marines-va-triomfar-en-el-provincial-conjunts-base\/#breadcrumb"},"inLanguage":"ca","potentialAction":[{"@type":"ReadAction","target":["https:\/\/radiolitoral.com\/2024\/10\/el-cg-les-marines-va-triomfar-en-el-provincial-conjunts-base\/"]}]},{"@type":"ImageObject","inLanguage":"ca","@id":"https:\/\/radiolitoral.com\/2024\/10\/el-cg-les-marines-va-triomfar-en-el-provincial-conjunts-base\/#primaryimage","url":"https:\/\/media.radiolitoral.com\/wp-content\/uploads\/2024\/10\/09222006\/Gimnastas-calpinas-del-CG-Les-Marines.jpg","contentUrl":"https:\/\/media.radiolitoral.com\/wp-content\/uploads\/2024\/10\/09222006\/Gimnastas-calpinas-del-CG-Les-Marines.jpg","width":1024,"height":816},{"@type":"BreadcrumbList","@id":"https:\/\/radiolitoral.com\/2024\/10\/el-cg-les-marines-va-triomfar-en-el-provincial-conjunts-base\/#breadcrumb","itemListElement":[{"@type":"ListItem","position":1,"name":"Portada","item":"https:\/\/radiolitoral.com\/"},{"@type":"ListItem","position":2,"name":"El CG Les Marines va triomfar en el provincial Conjunts Base"}]},{"@type":"WebSite","@id":"https:\/\/radiolitoral.com\/#website","url":"https:\/\/radiolitoral.com\/","name":"R\u00e0dio Litoral","description":"La r\u00e0dio local de la Marina Alta","publisher":{"@id":"https:\/\/radiolitoral.com\/#organization"},"alternateName":"Litoral FM","potentialAction":[{"@type":"SearchAction","target":{"@type":"EntryPoint","urlTemplate":"https:\/\/radiolitoral.com\/?s={search_term_string}"},"query-input":{"@type":"PropertyValueSpecification","valueRequired":true,"valueName":"search_term_string"}}],"inLanguage":"ca"},{"@type":"Organization","@id":"https:\/\/radiolitoral.com\/#organization","name":"R\u00e0dio Litoral","url":"https:\/\/radiolitoral.com\/","logo":{"@type":"ImageObject","inLanguage":"ca","@id":"https:\/\/radiolitoral.com\/#\/schema\/logo\/image\/","url":"https:\/\/media.radiolitoral.com\/wp-content\/uploads\/2023\/02\/24143238\/CL-V-RadioLitoral696.png","contentUrl":"https:\/\/media.radiolitoral.com\/wp-content\/uploads\/2023\/02\/24143238\/CL-V-RadioLitoral696.png","width":696,"height":696,"caption":"Radio Litoral"},"image":{"@id":"https:\/\/radiolitoral.com\/#\/schema\/logo\/image\/"},"sameAs":["https:\/\/www.facebook.com\/Laradiolitoral\/"]},{"@type":"Person","@id":"https:\/\/radiolitoral.com\/#\/schema\/person\/7b1480b5caeb5acdd4ec6379caf62b22","name":"Javier Zamora","image":{"@type":"ImageObject","inLanguage":"ca","@id":"https:\/\/secure.gravatar.com\/avatar\/467a11f6918c7d619c4043fc6fa2d3853053107973f05b6e9c04ea6c4e3a7b3f?s=96&d=mm&r=g","url":"https:\/\/secure.gravatar.com\/avatar\/467a11f6918c7d619c4043fc6fa2d3853053107973f05b6e9c04ea6c4e3a7b3f?s=96&d=mm&r=g","contentUrl":"https:\/\/secure.gravatar.com\/avatar\/467a11f6918c7d619c4043fc6fa2d3853053107973f05b6e9c04ea6c4e3a7b3f?s=96&d=mm&r=g","caption":"Javier Zamora"},"url":"https:\/\/radiolitoral.com\/ca\/author\/javier-zamora\/"}]}},"_links":{"self":[{"href":"https:\/\/radiolitoral.com\/ca\/wp-json\/wp\/v2\/posts\/12253","targetHints":{"allow":["GET"]}}],"collection":[{"href":"https:\/\/radiolitoral.com\/ca\/wp-json\/wp\/v2\/posts"}],"about":[{"href":"https:\/\/radiolitoral.com\/ca\/wp-json\/wp\/v2\/types\/post"}],"author":[{"embeddable":true,"href":"https:\/\/radiolitoral.com\/ca\/wp-json\/wp\/v2\/users\/12"}],"replies":[{"embeddable":true,"href":"https:\/\/radiolitoral.com\/ca\/wp-json\/wp\/v2\/comments?post=12253"}],"version-history":[{"count":2,"href":"https:\/\/radiolitoral.com\/ca\/wp-json\/wp\/v2\/posts\/12253\/revisions"}],"predecessor-version":[{"id":12256,"href":"https:\/\/radiolitoral.com\/ca\/wp-json\/wp\/v2\/posts\/12253\/revisions\/12256"}],"wp:featuredmedia":[{"embeddable":true,"href":"https:\/\/radiolitoral.com\/ca\/wp-json\/wp\/v2\/media\/12254"}],"wp:attachment":[{"href":"https:\/\/radiolitoral.com\/ca\/wp-json\/wp\/v2\/media?parent=12253"}],"wp:term":[{"taxonomy":"category","embeddable":true,"href":"https:\/\/radiolitoral.com\/ca\/wp-json\/wp\/v2\/categories?post=12253"},{"taxonomy":"post_tag","embeddable":true,"href":"https:\/\/radiolitoral.com\/ca\/wp-json\/wp\/v2\/tags?post=12253"}],"curies":[{"name":"wp","href":"https:\/\/api.w.org\/{rel}","templated":true}]}}