{"id":12244,"date":"2024-10-08T18:27:12","date_gmt":"2024-10-08T16:27:12","guid":{"rendered":"https:\/\/radiolitoral.com\/?p=12244"},"modified":"2024-10-08T18:27:26","modified_gmt":"2024-10-08T16:27:26","slug":"teulada-celebra-la-segona-edicio-del-jazz-als-porxos-de-l11-al-13-doctubre","status":"publish","type":"post","link":"https:\/\/radiolitoral.com\/ca\/2024\/10\/teulada-celebra-la-segona-edicio-del-jazz-als-porxes-del-11-al-13-doctubre\/","title":{"rendered":"Teulada celebra la segona edici\u00f3 del &#039;Jazz als Porxes&#039; de l&#039;11 al 13 d&#039;octubre"},"content":{"rendered":"<div class=\"flex max-w-full flex-col flex-grow\">\n<div class=\"min-h-8 text-message flex w-full flex-col items-end gap-2 whitespace-normal break-words [.text-message+&amp;]:mt-5\" dir=\"auto\" data-message-author-role=\"assistant\" data-message-id=\"5771669f-e46f-4392-8b80-054f118afc2c\">\n<div class=\"flex w-full flex-col gap-1 empty:hidden first:pt-[3px]\">\n<div class=\"markdown prose w-full break-words dark:prose-invert light\">\n<p>Teulada es prepara per a acollir la segona edici\u00f3 del festival <strong>&#8216;Jazz als Porxes&#8217;<\/strong>, un esdeveniment que tindr\u00e0 lloc del <strong>11 al 13 d&#8217;octubre<\/strong> amb l&#8217;objectiu de <strong>desestacionalitzar<\/strong> el turisme i revitalitzar el centre hist\u00f2ric del municipi. L&#8217;<strong>Ajuntament de Teulada<\/strong> ha anunciat que la <strong>pla\u00e7a dels porxes<\/strong> ser\u00e0 l&#8217;escenari de tres concerts gratu\u00efts de jazz, coincidint amb els dies festius de la <strong>Comunitat Valenciana<\/strong>.<\/p>\n<p>El festival comen\u00e7ar\u00e0 el divendres <strong>11 d&#8217;octubre<\/strong> a les <strong>20:00 hores<\/strong> amb l&#8217;actuaci\u00f3 de <strong>Kiko Berenguer Quartet<\/strong>, que comptar\u00e0 amb la col\u00b7laboraci\u00f3 especial del reconegut artista <strong>Cristian De Moret<\/strong>. El dissabte <strong>12 d&#8217;octubre<\/strong>, en commemoraci\u00f3 del <strong>Dia de la Hispanitat<\/strong>, el grup <strong>Funkinjectors<\/strong> oferir\u00e0 un concert a les <strong>18:00 hores<\/strong>. La clausura del festival arribar\u00e0 el diumenge <strong>13 d&#8217;octubre<\/strong> a les <strong>18:00 hores<\/strong> amb l&#8217;actuaci\u00f3 de <strong>Marjal Groove<\/strong>, un grup que promet omplir de ritme la pla\u00e7a.<\/p>\n<p><a href=\"https:\/\/media.radiolitoral.com\/wp-content\/uploads\/2024\/10\/08182300\/Diseno-sin-titulo14.png\"><img loading=\"lazy\" decoding=\"async\" class=\"size-full wp-image-12245 aligncenter\" src=\"https:\/\/media.radiolitoral.com\/wp-content\/uploads\/2024\/10\/08182300\/Diseno-sin-titulo14.png\" alt=\"\" width=\"800\" height=\"800\" srcset=\"https:\/\/media.radiolitoral.com\/wp-content\/uploads\/2024\/10\/08182300\/Diseno-sin-titulo14.png 800w, https:\/\/media.radiolitoral.com\/wp-content\/uploads\/2024\/10\/08182300\/Diseno-sin-titulo14-300x300.png 300w, https:\/\/media.radiolitoral.com\/wp-content\/uploads\/2024\/10\/08182300\/Diseno-sin-titulo14-150x150.png 150w, https:\/\/media.radiolitoral.com\/wp-content\/uploads\/2024\/10\/08182300\/Diseno-sin-titulo14-768x768.png 768w, https:\/\/media.radiolitoral.com\/wp-content\/uploads\/2024\/10\/08182300\/Diseno-sin-titulo14-12x12.png 12w, https:\/\/media.radiolitoral.com\/wp-content\/uploads\/2024\/10\/08182300\/Diseno-sin-titulo14-100x100.png 100w, https:\/\/media.radiolitoral.com\/wp-content\/uploads\/2024\/10\/08182300\/Diseno-sin-titulo14-200x200.png 200w\" sizes=\"auto, (max-width: 800px) 100vw, 800px\" \/><\/a><\/p>\n<p>Segons ha explicat la <strong>regidora de Turisme<\/strong>, <strong>Ver\u00f3nica Mart\u00ednez<\/strong>, aquest festival sorgeix com una extensi\u00f3 del projecte <strong>Voramar<\/strong>, que ha tingut gran \u00e8xit durant els \u00faltims anys. Amb aquesta nova edici\u00f3 de <strong>&#8216;Jazz als Porxes&#8217;<\/strong>, es pret\u00e9n continuar dinamitzant les zones m\u00e9s emblem\u00e0tiques de <strong>Teulada Moraira<\/strong> i oferir un espai per a gaudir de la m\u00fasica en directe.<\/p>\n<p>Aix\u00ed mateix, Mart\u00ednez ha volgut agrair la tasca realitzada per la seua antecessora, <strong>Susanne Katzgrau<\/strong>, i ha convidat la poblaci\u00f3 local i els visitants a participar en aquests concerts que tindran lloc en un entorn tan especial com el <strong>centre hist\u00f2ric<\/strong>.<\/p>\n<\/div>\n<\/div>\n<\/div>\n<\/div>\n","protected":false},"excerpt":{"rendered":"<p>Teulada es prepara per a acollir la segona edici\u00f3 del festival &#8216;Jazz als Porxes&#8217;, un esdeveniment que tindr\u00e0 lloc del 11 al 13 d&#8217;octubre amb l&#8217;objectiu de desestacionalitzar el turisme i revitalitzar el centre hist\u00f2ric del municipi. L&#8217;Ajuntament de Teulada ha anunciat que la pla\u00e7a dels porxes ser\u00e0 l&#8217;escenari de tres concerts gratu\u00efts de jazz, [&#8230;]<\/p>\n<p><a class=\"btn btn-secondary understrap-read-more-link\" href=\"https:\/\/radiolitoral.com\/ca\/2024\/10\/teulada-celebra-la-segona-edicio-del-jazz-als-porxes-del-11-al-13-doctubre\/\">Continua llegint&#8230;<span class=\"screen-reader-text\"> from Teulada celebra la segona edici\u00f3 del &#8216;Jazz als Porxes&#8217; del 11 al 13 d&#8217;octubre<\/span><\/a><\/p>\n","protected":false},"author":14,"featured_media":12246,"comment_status":"open","ping_status":"closed","sticky":false,"template":"","format":"standard","meta":{"_acf_changed":false,"inline_featured_image":false,"footnotes":""},"categories":[55],"tags":[112,2498,983,195],"class_list":["post-12244","post","type-post","status-publish","format-standard","has-post-thumbnail","hentry","category-cultura","tag-cultura","tag-jazz-als-porxes","tag-musica","tag-teulada-moraira","cobertura-teulada-moraira"],"acf":[],"yoast_head":"<!-- This site is optimized with the Yoast SEO plugin v27.5 - https:\/\/yoast.com\/product\/yoast-seo-wordpress\/ -->\n<title>Teulada celebra la segona edici\u00f3 del &#039;Jazz als Porxes&#039; del 11 al 13 d&#039;octubre | R\u00e0dio Litoral<\/title>\n<meta name=\"description\" content=\"L&#039;objectiu \u00e9s desestacionalitzar el turisme i revitalitzar el centre hist\u00f2ric\" \/>\n<meta name=\"robots\" content=\"index, follow, max-snippet:-1, max-image-preview:large, max-video-preview:-1\" \/>\n<link rel=\"canonical\" href=\"https:\/\/radiolitoral.com\/ca\/2024\/10\/teulada-celebra-la-segona-edicio-del-jazz-als-porxos-de-l11-al-13-doctubre\/\" \/>\n<meta property=\"og:locale\" content=\"ca_ES\" \/>\n<meta property=\"og:type\" content=\"article\" \/>\n<meta property=\"og:title\" content=\"Teulada celebra la segona edici\u00f3 del &#039;Jazz als Porxes&#039; del 11 al 13 d&#039;octubre | R\u00e0dio Litoral\" \/>\n<meta property=\"og:description\" content=\"L&#039;objectiu \u00e9s desestacionalitzar el turisme i revitalitzar el centre hist\u00f2ric\" \/>\n<meta property=\"og:url\" content=\"https:\/\/radiolitoral.com\/ca\/2024\/10\/teulada-celebra-la-segona-edicio-del-jazz-als-porxos-de-l11-al-13-doctubre\/\" \/>\n<meta property=\"og:site_name\" content=\"R\u00e0dio Litoral\" \/>\n<meta property=\"article:publisher\" content=\"https:\/\/www.facebook.com\/Laradiolitoral\/\" \/>\n<meta property=\"article:published_time\" content=\"2024-10-08T16:27:12+00:00\" \/>\n<meta property=\"article:modified_time\" content=\"2024-10-08T16:27:26+00:00\" \/>\n<meta property=\"og:image\" content=\"https:\/\/media.radiolitoral.com\/wp-content\/uploads\/2024\/10\/08182409\/DESTACADA-WEB-DIFUMINADO-14.png\" \/>\n\t<meta property=\"og:image:width\" content=\"1200\" \/>\n\t<meta property=\"og:image:height\" content=\"1000\" \/>\n\t<meta property=\"og:image:type\" content=\"image\/png\" \/>\n<meta name=\"author\" content=\"Redacci\u00f3n\" \/>\n<meta name=\"twitter:card\" content=\"summary_large_image\" \/>\n<meta name=\"twitter:label1\" content=\"Escrit per\" \/>\n\t<meta name=\"twitter:data1\" content=\"Redacci\u00f3n\" \/>\n\t<meta name=\"twitter:label2\" content=\"Temps estimat de lectura\" \/>\n\t<meta name=\"twitter:data2\" content=\"2 minuts\" \/>\n<script type=\"application\/ld+json\" class=\"yoast-schema-graph\">{\"@context\":\"https:\\\/\\\/schema.org\",\"@graph\":[{\"@type\":\"NewsArticle\",\"@id\":\"https:\\\/\\\/radiolitoral.com\\\/2024\\\/10\\\/teulada-celebra-la-segona-edicio-del-jazz-als-porxes-del-11-al-13-doctubre\\\/#article\",\"isPartOf\":{\"@id\":\"https:\\\/\\\/radiolitoral.com\\\/2024\\\/10\\\/teulada-celebra-la-segona-edicio-del-jazz-als-porxes-del-11-al-13-doctubre\\\/\"},\"author\":{\"name\":\"Redacci\u00f3n\",\"@id\":\"https:\\\/\\\/radiolitoral.com\\\/#\\\/schema\\\/person\\\/96b739642eb3bedb532aac3812d23307\"},\"headline\":\"Teulada celebra la segona edici\u00f3 del &#8216;Jazz als Porxes&#8217; del 11 al 13 d&#8217;octubre\",\"datePublished\":\"2024-10-08T16:27:12+00:00\",\"dateModified\":\"2024-10-08T16:27:26+00:00\",\"mainEntityOfPage\":{\"@id\":\"https:\\\/\\\/radiolitoral.com\\\/2024\\\/10\\\/teulada-celebra-la-segona-edicio-del-jazz-als-porxes-del-11-al-13-doctubre\\\/\"},\"wordCount\":268,\"commentCount\":0,\"publisher\":{\"@id\":\"https:\\\/\\\/radiolitoral.com\\\/#organization\"},\"image\":{\"@id\":\"https:\\\/\\\/radiolitoral.com\\\/2024\\\/10\\\/teulada-celebra-la-segona-edicio-del-jazz-als-porxes-del-11-al-13-doctubre\\\/#primaryimage\"},\"thumbnailUrl\":\"https:\\\/\\\/media.radiolitoral.com\\\/wp-content\\\/uploads\\\/2024\\\/10\\\/08182409\\\/DESTACADA-WEB-DIFUMINADO-14.png\",\"keywords\":[\"cultura\",\"Jazz als Porxes\",\"M\u00fasica\",\"Teulada-Moraira\"],\"articleSection\":[\"Cultura\"],\"inLanguage\":\"ca\",\"potentialAction\":[{\"@type\":\"CommentAction\",\"name\":\"Comment\",\"target\":[\"https:\\\/\\\/radiolitoral.com\\\/2024\\\/10\\\/teulada-celebra-la-segona-edicio-del-jazz-als-porxes-del-11-al-13-doctubre\\\/#respond\"]}]},{\"@type\":[\"WebPage\",\"ItemPage\"],\"@id\":\"https:\\\/\\\/radiolitoral.com\\\/2024\\\/10\\\/teulada-celebra-la-segona-edicio-del-jazz-als-porxes-del-11-al-13-doctubre\\\/\",\"url\":\"https:\\\/\\\/radiolitoral.com\\\/2024\\\/10\\\/teulada-celebra-la-segona-edicio-del-jazz-als-porxes-del-11-al-13-doctubre\\\/\",\"name\":\"Teulada celebra la segona edici\u00f3 del 'Jazz als Porxes' del 11 al 13 d'octubre | R\u00e0dio Litoral\",\"isPartOf\":{\"@id\":\"https:\\\/\\\/radiolitoral.com\\\/#website\"},\"primaryImageOfPage\":{\"@id\":\"https:\\\/\\\/radiolitoral.com\\\/2024\\\/10\\\/teulada-celebra-la-segona-edicio-del-jazz-als-porxes-del-11-al-13-doctubre\\\/#primaryimage\"},\"image\":{\"@id\":\"https:\\\/\\\/radiolitoral.com\\\/2024\\\/10\\\/teulada-celebra-la-segona-edicio-del-jazz-als-porxes-del-11-al-13-doctubre\\\/#primaryimage\"},\"thumbnailUrl\":\"https:\\\/\\\/media.radiolitoral.com\\\/wp-content\\\/uploads\\\/2024\\\/10\\\/08182409\\\/DESTACADA-WEB-DIFUMINADO-14.png\",\"datePublished\":\"2024-10-08T16:27:12+00:00\",\"dateModified\":\"2024-10-08T16:27:26+00:00\",\"description\":\"L'objectiu \u00e9s desestacionalitzar el turisme i revitalitzar el centre hist\u00f2ric\",\"breadcrumb\":{\"@id\":\"https:\\\/\\\/radiolitoral.com\\\/2024\\\/10\\\/teulada-celebra-la-segona-edicio-del-jazz-als-porxes-del-11-al-13-doctubre\\\/#breadcrumb\"},\"inLanguage\":\"ca\",\"potentialAction\":[{\"@type\":\"ReadAction\",\"target\":[\"https:\\\/\\\/radiolitoral.com\\\/2024\\\/10\\\/teulada-celebra-la-segona-edicio-del-jazz-als-porxes-del-11-al-13-doctubre\\\/\"]}]},{\"@type\":\"ImageObject\",\"inLanguage\":\"ca\",\"@id\":\"https:\\\/\\\/radiolitoral.com\\\/2024\\\/10\\\/teulada-celebra-la-segona-edicio-del-jazz-als-porxes-del-11-al-13-doctubre\\\/#primaryimage\",\"url\":\"https:\\\/\\\/media.radiolitoral.com\\\/wp-content\\\/uploads\\\/2024\\\/10\\\/08182409\\\/DESTACADA-WEB-DIFUMINADO-14.png\",\"contentUrl\":\"https:\\\/\\\/media.radiolitoral.com\\\/wp-content\\\/uploads\\\/2024\\\/10\\\/08182409\\\/DESTACADA-WEB-DIFUMINADO-14.png\",\"width\":1200,\"height\":1000},{\"@type\":\"BreadcrumbList\",\"@id\":\"https:\\\/\\\/radiolitoral.com\\\/2024\\\/10\\\/teulada-celebra-la-segona-edicio-del-jazz-als-porxes-del-11-al-13-doctubre\\\/#breadcrumb\",\"itemListElement\":[{\"@type\":\"ListItem\",\"position\":1,\"name\":\"Portada\",\"item\":\"https:\\\/\\\/radiolitoral.com\\\/\"},{\"@type\":\"ListItem\",\"position\":2,\"name\":\"Teulada celebra la segona edici\u00f3 del &#8216;Jazz als Porxes&#8217; del 11 al 13 d&#8217;octubre\"}]},{\"@type\":\"WebSite\",\"@id\":\"https:\\\/\\\/radiolitoral.com\\\/#website\",\"url\":\"https:\\\/\\\/radiolitoral.com\\\/\",\"name\":\"Radio Litoral\",\"description\":\"La radio local de la Marina Alta\",\"publisher\":{\"@id\":\"https:\\\/\\\/radiolitoral.com\\\/#organization\"},\"alternateName\":\"Litoral FM\",\"potentialAction\":[{\"@type\":\"SearchAction\",\"target\":{\"@type\":\"EntryPoint\",\"urlTemplate\":\"https:\\\/\\\/radiolitoral.com\\\/?s={search_term_string}\"},\"query-input\":{\"@type\":\"PropertyValueSpecification\",\"valueRequired\":true,\"valueName\":\"search_term_string\"}}],\"inLanguage\":\"ca\"},{\"@type\":\"Organization\",\"@id\":\"https:\\\/\\\/radiolitoral.com\\\/#organization\",\"name\":\"Radio Litoral\",\"url\":\"https:\\\/\\\/radiolitoral.com\\\/\",\"logo\":{\"@type\":\"ImageObject\",\"inLanguage\":\"ca\",\"@id\":\"https:\\\/\\\/radiolitoral.com\\\/#\\\/schema\\\/logo\\\/image\\\/\",\"url\":\"https:\\\/\\\/media.radiolitoral.com\\\/wp-content\\\/uploads\\\/2023\\\/02\\\/24143238\\\/CL-V-RadioLitoral696.png\",\"contentUrl\":\"https:\\\/\\\/media.radiolitoral.com\\\/wp-content\\\/uploads\\\/2023\\\/02\\\/24143238\\\/CL-V-RadioLitoral696.png\",\"width\":696,\"height\":696,\"caption\":\"Radio Litoral\"},\"image\":{\"@id\":\"https:\\\/\\\/radiolitoral.com\\\/#\\\/schema\\\/logo\\\/image\\\/\"},\"sameAs\":[\"https:\\\/\\\/www.facebook.com\\\/Laradiolitoral\\\/\"]},{\"@type\":\"Person\",\"@id\":\"https:\\\/\\\/radiolitoral.com\\\/#\\\/schema\\\/person\\\/96b739642eb3bedb532aac3812d23307\",\"name\":\"Redacci\u00f3n\",\"image\":{\"@type\":\"ImageObject\",\"inLanguage\":\"ca\",\"@id\":\"https:\\\/\\\/secure.gravatar.com\\\/avatar\\\/30cd06129ee90411dd9c7cbdcf17464181d1a3c7b072e92070ea75a25cf0097e?s=96&d=mm&r=g\",\"url\":\"https:\\\/\\\/secure.gravatar.com\\\/avatar\\\/30cd06129ee90411dd9c7cbdcf17464181d1a3c7b072e92070ea75a25cf0097e?s=96&d=mm&r=g\",\"contentUrl\":\"https:\\\/\\\/secure.gravatar.com\\\/avatar\\\/30cd06129ee90411dd9c7cbdcf17464181d1a3c7b072e92070ea75a25cf0097e?s=96&d=mm&r=g\",\"caption\":\"Redacci\u00f3n\"},\"url\":\"https:\\\/\\\/radiolitoral.com\\\/ca\\\/author\\\/kevin-carrio\\\/\"}]}<\/script>\n<!-- \/ Yoast SEO plugin. -->","yoast_head_json":{"title":"Teulada celebra la segona edici\u00f3 del &#039;Jazz als Porxes&#039; de l&#039;11 al 13 d&#039;octubre | R\u00e0dio Litoral","description":"L&#039;objectiu \u00e9s desestacionalitzar el turisme i revitalitzar el centre hist\u00f2ric","robots":{"index":"index","follow":"follow","max-snippet":"max-snippet:-1","max-image-preview":"max-image-preview:large","max-video-preview":"max-video-preview:-1"},"canonical":"https:\/\/radiolitoral.com\/ca\/2024\/10\/teulada-celebra-la-segona-edicio-del-jazz-als-porxos-de-l11-al-13-doctubre\/","og_locale":"ca_ES","og_type":"article","og_title":"Teulada celebra la segona edici\u00f3 del 'Jazz als Porxes' del 11 al 13 d'octubre | R\u00e0dio Litoral","og_description":"L'objectiu \u00e9s desestacionalitzar el turisme i revitalitzar el centre hist\u00f2ric","og_url":"https:\/\/radiolitoral.com\/ca\/2024\/10\/teulada-celebra-la-segona-edicio-del-jazz-als-porxos-de-l11-al-13-doctubre\/","og_site_name":"R\u00e0dio Litoral","article_publisher":"https:\/\/www.facebook.com\/Laradiolitoral\/","article_published_time":"2024-10-08T16:27:12+00:00","article_modified_time":"2024-10-08T16:27:26+00:00","og_image":[{"width":1200,"height":1000,"url":"https:\/\/media.radiolitoral.com\/wp-content\/uploads\/2024\/10\/08182409\/DESTACADA-WEB-DIFUMINADO-14.png","type":"image\/png"}],"author":"Redacci\u00f3n","twitter_card":"summary_large_image","twitter_misc":{"Escrit per":"Redacci\u00f3n","Temps estimat de lectura":"2 minuts"},"schema":{"@context":"https:\/\/schema.org","@graph":[{"@type":"NewsArticle","@id":"https:\/\/radiolitoral.com\/2024\/10\/teulada-celebra-la-segona-edicio-del-jazz-als-porxes-del-11-al-13-doctubre\/#article","isPartOf":{"@id":"https:\/\/radiolitoral.com\/2024\/10\/teulada-celebra-la-segona-edicio-del-jazz-als-porxes-del-11-al-13-doctubre\/"},"author":{"name":"Redacci\u00f3n","@id":"https:\/\/radiolitoral.com\/#\/schema\/person\/96b739642eb3bedb532aac3812d23307"},"headline":"Teulada celebra la segona edici\u00f3 del &#8216;Jazz als Porxes&#8217; del 11 al 13 d&#8217;octubre","datePublished":"2024-10-08T16:27:12+00:00","dateModified":"2024-10-08T16:27:26+00:00","mainEntityOfPage":{"@id":"https:\/\/radiolitoral.com\/2024\/10\/teulada-celebra-la-segona-edicio-del-jazz-als-porxes-del-11-al-13-doctubre\/"},"wordCount":268,"commentCount":0,"publisher":{"@id":"https:\/\/radiolitoral.com\/#organization"},"image":{"@id":"https:\/\/radiolitoral.com\/2024\/10\/teulada-celebra-la-segona-edicio-del-jazz-als-porxes-del-11-al-13-doctubre\/#primaryimage"},"thumbnailUrl":"https:\/\/media.radiolitoral.com\/wp-content\/uploads\/2024\/10\/08182409\/DESTACADA-WEB-DIFUMINADO-14.png","keywords":["cultura","Jazz als Porxes","M\u00fasica","Teulada-Moraira"],"articleSection":["Cultura"],"inLanguage":"ca","potentialAction":[{"@type":"CommentAction","name":"Comment","target":["https:\/\/radiolitoral.com\/2024\/10\/teulada-celebra-la-segona-edicio-del-jazz-als-porxes-del-11-al-13-doctubre\/#respond"]}]},{"@type":["WebPage","ItemPage"],"@id":"https:\/\/radiolitoral.com\/2024\/10\/teulada-celebra-la-segona-edicio-del-jazz-als-porxes-del-11-al-13-doctubre\/","url":"https:\/\/radiolitoral.com\/2024\/10\/teulada-celebra-la-segona-edicio-del-jazz-als-porxes-del-11-al-13-doctubre\/","name":"Teulada celebra la segona edici\u00f3 del &#039;Jazz als Porxes&#039; de l&#039;11 al 13 d&#039;octubre | R\u00e0dio Litoral","isPartOf":{"@id":"https:\/\/radiolitoral.com\/#website"},"primaryImageOfPage":{"@id":"https:\/\/radiolitoral.com\/2024\/10\/teulada-celebra-la-segona-edicio-del-jazz-als-porxes-del-11-al-13-doctubre\/#primaryimage"},"image":{"@id":"https:\/\/radiolitoral.com\/2024\/10\/teulada-celebra-la-segona-edicio-del-jazz-als-porxes-del-11-al-13-doctubre\/#primaryimage"},"thumbnailUrl":"https:\/\/media.radiolitoral.com\/wp-content\/uploads\/2024\/10\/08182409\/DESTACADA-WEB-DIFUMINADO-14.png","datePublished":"2024-10-08T16:27:12+00:00","dateModified":"2024-10-08T16:27:26+00:00","description":"L&#039;objectiu \u00e9s desestacionalitzar el turisme i revitalitzar el centre hist\u00f2ric","breadcrumb":{"@id":"https:\/\/radiolitoral.com\/2024\/10\/teulada-celebra-la-segona-edicio-del-jazz-als-porxes-del-11-al-13-doctubre\/#breadcrumb"},"inLanguage":"ca","potentialAction":[{"@type":"ReadAction","target":["https:\/\/radiolitoral.com\/2024\/10\/teulada-celebra-la-segona-edicio-del-jazz-als-porxes-del-11-al-13-doctubre\/"]}]},{"@type":"ImageObject","inLanguage":"ca","@id":"https:\/\/radiolitoral.com\/2024\/10\/teulada-celebra-la-segona-edicio-del-jazz-als-porxes-del-11-al-13-doctubre\/#primaryimage","url":"https:\/\/media.radiolitoral.com\/wp-content\/uploads\/2024\/10\/08182409\/DESTACADA-WEB-DIFUMINADO-14.png","contentUrl":"https:\/\/media.radiolitoral.com\/wp-content\/uploads\/2024\/10\/08182409\/DESTACADA-WEB-DIFUMINADO-14.png","width":1200,"height":1000},{"@type":"BreadcrumbList","@id":"https:\/\/radiolitoral.com\/2024\/10\/teulada-celebra-la-segona-edicio-del-jazz-als-porxes-del-11-al-13-doctubre\/#breadcrumb","itemListElement":[{"@type":"ListItem","position":1,"name":"Portada","item":"https:\/\/radiolitoral.com\/"},{"@type":"ListItem","position":2,"name":"Teulada celebra la segona edici\u00f3 del &#8216;Jazz als Porxes&#8217; del 11 al 13 d&#8217;octubre"}]},{"@type":"WebSite","@id":"https:\/\/radiolitoral.com\/#website","url":"https:\/\/radiolitoral.com\/","name":"R\u00e0dio Litoral","description":"La r\u00e0dio local de la Marina Alta","publisher":{"@id":"https:\/\/radiolitoral.com\/#organization"},"alternateName":"Litoral FM","potentialAction":[{"@type":"SearchAction","target":{"@type":"EntryPoint","urlTemplate":"https:\/\/radiolitoral.com\/?s={search_term_string}"},"query-input":{"@type":"PropertyValueSpecification","valueRequired":true,"valueName":"search_term_string"}}],"inLanguage":"ca"},{"@type":"Organization","@id":"https:\/\/radiolitoral.com\/#organization","name":"R\u00e0dio Litoral","url":"https:\/\/radiolitoral.com\/","logo":{"@type":"ImageObject","inLanguage":"ca","@id":"https:\/\/radiolitoral.com\/#\/schema\/logo\/image\/","url":"https:\/\/media.radiolitoral.com\/wp-content\/uploads\/2023\/02\/24143238\/CL-V-RadioLitoral696.png","contentUrl":"https:\/\/media.radiolitoral.com\/wp-content\/uploads\/2023\/02\/24143238\/CL-V-RadioLitoral696.png","width":696,"height":696,"caption":"Radio Litoral"},"image":{"@id":"https:\/\/radiolitoral.com\/#\/schema\/logo\/image\/"},"sameAs":["https:\/\/www.facebook.com\/Laradiolitoral\/"]},{"@type":"Person","@id":"https:\/\/radiolitoral.com\/#\/schema\/person\/96b739642eb3bedb532aac3812d23307","name":"Redacci\u00f3","image":{"@type":"ImageObject","inLanguage":"ca","@id":"https:\/\/secure.gravatar.com\/avatar\/30cd06129ee90411dd9c7cbdcf17464181d1a3c7b072e92070ea75a25cf0097e?s=96&d=mm&r=g","url":"https:\/\/secure.gravatar.com\/avatar\/30cd06129ee90411dd9c7cbdcf17464181d1a3c7b072e92070ea75a25cf0097e?s=96&d=mm&r=g","contentUrl":"https:\/\/secure.gravatar.com\/avatar\/30cd06129ee90411dd9c7cbdcf17464181d1a3c7b072e92070ea75a25cf0097e?s=96&d=mm&r=g","caption":"Redacci\u00f3n"},"url":"https:\/\/radiolitoral.com\/ca\/author\/kevin-carrio\/"}]}},"_links":{"self":[{"href":"https:\/\/radiolitoral.com\/ca\/wp-json\/wp\/v2\/posts\/12244","targetHints":{"allow":["GET"]}}],"collection":[{"href":"https:\/\/radiolitoral.com\/ca\/wp-json\/wp\/v2\/posts"}],"about":[{"href":"https:\/\/radiolitoral.com\/ca\/wp-json\/wp\/v2\/types\/post"}],"author":[{"embeddable":true,"href":"https:\/\/radiolitoral.com\/ca\/wp-json\/wp\/v2\/users\/14"}],"replies":[{"embeddable":true,"href":"https:\/\/radiolitoral.com\/ca\/wp-json\/wp\/v2\/comments?post=12244"}],"version-history":[{"count":1,"href":"https:\/\/radiolitoral.com\/ca\/wp-json\/wp\/v2\/posts\/12244\/revisions"}],"predecessor-version":[{"id":12247,"href":"https:\/\/radiolitoral.com\/ca\/wp-json\/wp\/v2\/posts\/12244\/revisions\/12247"}],"wp:featuredmedia":[{"embeddable":true,"href":"https:\/\/radiolitoral.com\/ca\/wp-json\/wp\/v2\/media\/12246"}],"wp:attachment":[{"href":"https:\/\/radiolitoral.com\/ca\/wp-json\/wp\/v2\/media?parent=12244"}],"wp:term":[{"taxonomy":"category","embeddable":true,"href":"https:\/\/radiolitoral.com\/ca\/wp-json\/wp\/v2\/categories?post=12244"},{"taxonomy":"post_tag","embeddable":true,"href":"https:\/\/radiolitoral.com\/ca\/wp-json\/wp\/v2\/tags?post=12244"}],"curies":[{"name":"wp","href":"https:\/\/api.w.org\/{rel}","templated":true}]}}