{"id":12201,"date":"2024-10-08T10:38:32","date_gmt":"2024-10-08T08:38:32","guid":{"rendered":"https:\/\/radiolitoral.com\/?p=12201"},"modified":"2024-10-08T10:38:32","modified_gmt":"2024-10-08T08:38:32","slug":"10-000-euros-en-ajudes-per-a-estudiants-a-teulada","status":"publish","type":"post","link":"https:\/\/radiolitoral.com\/ca\/2024\/10\/10-000-euros-en-ajudes-per-a-estudiants-a-teulada\/","title":{"rendered":"10.000 euros en ajudes per a estudiants a Teulada"},"content":{"rendered":"<p>L&#039;Ajuntament de <strong>Teulada<\/strong>, a trav\u00e9s de la regidoria de Joventut que lidera Josep Ivars, ha destinat <strong>10.000 euros en ajudes per a llibres de text<\/strong>, adre\u00e7ades als estudiants empadronats al municipi.<\/p>\n<p>Aquest suport es dirigeix a <strong>joves menors de 30 anys<\/strong> que estiguen cursant estudis de batxillerat, cicles formatius, ensenyaments art\u00edstics o esportius, i graus o m\u00e0sters universitaris.<\/p>\n<p>Les persones interessades poden presentar els <strong>sol\u00b7licituds fins al 4 de novembre<\/strong>, tant de forma presencial com en l\u00ednia. Entre la documentaci\u00f3 necess\u00e0ria sinclou la justificaci\u00f3 de la matr\u00edcula i el pagament corresponent.<\/p>\n<p>Josep Ivars ha destacat que aquesta iniciativa pret\u00e9n impulsar la formaci\u00f3 continuada dels joves de Teulada, tot contribuint al seu creixement acad\u00e8mic.<\/p>","protected":false},"excerpt":{"rendered":"<p>L&#8217;Ajuntament de Teulada, a trav\u00e9s de la regidoria de Joventut que lidera Josep Ivars, ha destinat 10.000 euros en ajudes per a llibres de text, adre\u00e7ades als estudiants empadronats en el municipi. Aquest suport es dirigeix a joves menors de 30 anys que estiguen cursant estudis de batxillerat, cicles formatius, ensenyaments art\u00edstics o esportius, i [&#8230;]<\/p>\n<p><a class=\"btn btn-secondary understrap-read-more-link\" href=\"https:\/\/radiolitoral.com\/ca\/2024\/10\/10-000-euros-en-ajudes-per-a-estudiants-a-teulada\/\">Continua llegint&#8230;<span class=\"screen-reader-text\"> from 10.000 euros en ajudes per a estudiants a Teulada<\/span><\/a><\/p>\n","protected":false},"author":14,"featured_media":12203,"comment_status":"open","ping_status":"closed","sticky":false,"template":"","format":"standard","meta":{"_acf_changed":false,"inline_featured_image":false,"footnotes":""},"categories":[130],"tags":[764,134,2486],"class_list":["post-12201","post","type-post","status-publish","format-standard","has-post-thumbnail","hentry","category-educacion","tag-ayudas","tag-educacion","tag-libros-de-texto","cobertura-teulada-moraira"],"acf":[],"yoast_head":"<!-- This site is optimized with the Yoast SEO plugin v27.5 - https:\/\/yoast.com\/product\/yoast-seo-wordpress\/ -->\n<title>10.000 euros en ajudes per a estudiants a Teulada | R\u00e0dio Litoral<\/title>\n<meta name=\"description\" content=\"L&#039;Ajuntament ofereix suport econ\u00f2mic als joves per a llibres de text i estudis superiors\" \/>\n<meta name=\"robots\" content=\"index, follow, max-snippet:-1, max-image-preview:large, max-video-preview:-1\" \/>\n<link rel=\"canonical\" href=\"https:\/\/radiolitoral.com\/ca\/2024\/10\/10-000-euros-en-ajudes-per-a-estudiants-a-teulada\/\" \/>\n<meta property=\"og:locale\" content=\"ca_ES\" \/>\n<meta property=\"og:type\" content=\"article\" \/>\n<meta property=\"og:title\" content=\"10.000 euros en ajudes per a estudiants a Teulada | R\u00e0dio Litoral\" \/>\n<meta property=\"og:description\" content=\"L&#039;Ajuntament ofereix suport econ\u00f2mic als joves per a llibres de text i estudis superiors\" \/>\n<meta property=\"og:url\" content=\"https:\/\/radiolitoral.com\/ca\/2024\/10\/10-000-euros-en-ajudes-per-a-estudiants-a-teulada\/\" \/>\n<meta property=\"og:site_name\" content=\"R\u00e0dio Litoral\" \/>\n<meta property=\"article:publisher\" content=\"https:\/\/www.facebook.com\/Laradiolitoral\/\" \/>\n<meta property=\"article:published_time\" content=\"2024-10-08T08:38:32+00:00\" \/>\n<meta property=\"og:image\" content=\"https:\/\/media.radiolitoral.com\/wp-content\/uploads\/2024\/10\/08103750\/libros-de-texto-1-1.png\" \/>\n\t<meta property=\"og:image:width\" content=\"1200\" \/>\n\t<meta property=\"og:image:height\" content=\"1000\" \/>\n\t<meta property=\"og:image:type\" content=\"image\/png\" \/>\n<meta name=\"author\" content=\"Redacci\u00f3n\" \/>\n<meta name=\"twitter:card\" content=\"summary_large_image\" \/>\n<meta name=\"twitter:label1\" content=\"Escrit per\" \/>\n\t<meta name=\"twitter:data1\" content=\"Redacci\u00f3n\" \/>\n\t<meta name=\"twitter:label2\" content=\"Temps estimat de lectura\" \/>\n\t<meta name=\"twitter:data2\" content=\"1 minut\" \/>\n<script type=\"application\/ld+json\" class=\"yoast-schema-graph\">{\"@context\":\"https:\\\/\\\/schema.org\",\"@graph\":[{\"@type\":\"NewsArticle\",\"@id\":\"https:\\\/\\\/radiolitoral.com\\\/2024\\\/10\\\/10-000-euros-en-ajudes-per-a-estudiants-a-teulada\\\/#article\",\"isPartOf\":{\"@id\":\"https:\\\/\\\/radiolitoral.com\\\/2024\\\/10\\\/10-000-euros-en-ajudes-per-a-estudiants-a-teulada\\\/\"},\"author\":{\"name\":\"Redacci\u00f3n\",\"@id\":\"https:\\\/\\\/radiolitoral.com\\\/#\\\/schema\\\/person\\\/96b739642eb3bedb532aac3812d23307\"},\"headline\":\"10.000 euros en ajudes per a estudiants a Teulada\",\"datePublished\":\"2024-10-08T08:38:32+00:00\",\"mainEntityOfPage\":{\"@id\":\"https:\\\/\\\/radiolitoral.com\\\/2024\\\/10\\\/10-000-euros-en-ajudes-per-a-estudiants-a-teulada\\\/\"},\"wordCount\":131,\"commentCount\":0,\"publisher\":{\"@id\":\"https:\\\/\\\/radiolitoral.com\\\/#organization\"},\"image\":{\"@id\":\"https:\\\/\\\/radiolitoral.com\\\/2024\\\/10\\\/10-000-euros-en-ajudes-per-a-estudiants-a-teulada\\\/#primaryimage\"},\"thumbnailUrl\":\"https:\\\/\\\/media.radiolitoral.com\\\/wp-content\\\/uploads\\\/2024\\\/10\\\/08103750\\\/libros-de-texto-1-1.png\",\"keywords\":[\"ayudas\",\"educaci\u00f3n\",\"libros de texto\"],\"articleSection\":[\"Educaci\u00f3n\"],\"inLanguage\":\"ca\",\"potentialAction\":[{\"@type\":\"CommentAction\",\"name\":\"Comment\",\"target\":[\"https:\\\/\\\/radiolitoral.com\\\/2024\\\/10\\\/10-000-euros-en-ajudes-per-a-estudiants-a-teulada\\\/#respond\"]}]},{\"@type\":[\"WebPage\",\"ItemPage\"],\"@id\":\"https:\\\/\\\/radiolitoral.com\\\/2024\\\/10\\\/10-000-euros-en-ajudes-per-a-estudiants-a-teulada\\\/\",\"url\":\"https:\\\/\\\/radiolitoral.com\\\/2024\\\/10\\\/10-000-euros-en-ajudes-per-a-estudiants-a-teulada\\\/\",\"name\":\"10.000 euros en ajudes per a estudiants a Teulada | R\u00e0dio Litoral\",\"isPartOf\":{\"@id\":\"https:\\\/\\\/radiolitoral.com\\\/#website\"},\"primaryImageOfPage\":{\"@id\":\"https:\\\/\\\/radiolitoral.com\\\/2024\\\/10\\\/10-000-euros-en-ajudes-per-a-estudiants-a-teulada\\\/#primaryimage\"},\"image\":{\"@id\":\"https:\\\/\\\/radiolitoral.com\\\/2024\\\/10\\\/10-000-euros-en-ajudes-per-a-estudiants-a-teulada\\\/#primaryimage\"},\"thumbnailUrl\":\"https:\\\/\\\/media.radiolitoral.com\\\/wp-content\\\/uploads\\\/2024\\\/10\\\/08103750\\\/libros-de-texto-1-1.png\",\"datePublished\":\"2024-10-08T08:38:32+00:00\",\"description\":\"L'Ajuntament ofereix suport econ\u00f2mic als joves per a llibres de text i estudis superiors\",\"breadcrumb\":{\"@id\":\"https:\\\/\\\/radiolitoral.com\\\/2024\\\/10\\\/10-000-euros-en-ajudes-per-a-estudiants-a-teulada\\\/#breadcrumb\"},\"inLanguage\":\"ca\",\"potentialAction\":[{\"@type\":\"ReadAction\",\"target\":[\"https:\\\/\\\/radiolitoral.com\\\/2024\\\/10\\\/10-000-euros-en-ajudes-per-a-estudiants-a-teulada\\\/\"]}]},{\"@type\":\"ImageObject\",\"inLanguage\":\"ca\",\"@id\":\"https:\\\/\\\/radiolitoral.com\\\/2024\\\/10\\\/10-000-euros-en-ajudes-per-a-estudiants-a-teulada\\\/#primaryimage\",\"url\":\"https:\\\/\\\/media.radiolitoral.com\\\/wp-content\\\/uploads\\\/2024\\\/10\\\/08103750\\\/libros-de-texto-1-1.png\",\"contentUrl\":\"https:\\\/\\\/media.radiolitoral.com\\\/wp-content\\\/uploads\\\/2024\\\/10\\\/08103750\\\/libros-de-texto-1-1.png\",\"width\":1200,\"height\":1000},{\"@type\":\"BreadcrumbList\",\"@id\":\"https:\\\/\\\/radiolitoral.com\\\/2024\\\/10\\\/10-000-euros-en-ajudes-per-a-estudiants-a-teulada\\\/#breadcrumb\",\"itemListElement\":[{\"@type\":\"ListItem\",\"position\":1,\"name\":\"Portada\",\"item\":\"https:\\\/\\\/radiolitoral.com\\\/\"},{\"@type\":\"ListItem\",\"position\":2,\"name\":\"10.000 euros en ajudes per a estudiants a Teulada\"}]},{\"@type\":\"WebSite\",\"@id\":\"https:\\\/\\\/radiolitoral.com\\\/#website\",\"url\":\"https:\\\/\\\/radiolitoral.com\\\/\",\"name\":\"Radio Litoral\",\"description\":\"La radio local de la Marina Alta\",\"publisher\":{\"@id\":\"https:\\\/\\\/radiolitoral.com\\\/#organization\"},\"alternateName\":\"Litoral FM\",\"potentialAction\":[{\"@type\":\"SearchAction\",\"target\":{\"@type\":\"EntryPoint\",\"urlTemplate\":\"https:\\\/\\\/radiolitoral.com\\\/?s={search_term_string}\"},\"query-input\":{\"@type\":\"PropertyValueSpecification\",\"valueRequired\":true,\"valueName\":\"search_term_string\"}}],\"inLanguage\":\"ca\"},{\"@type\":\"Organization\",\"@id\":\"https:\\\/\\\/radiolitoral.com\\\/#organization\",\"name\":\"Radio Litoral\",\"url\":\"https:\\\/\\\/radiolitoral.com\\\/\",\"logo\":{\"@type\":\"ImageObject\",\"inLanguage\":\"ca\",\"@id\":\"https:\\\/\\\/radiolitoral.com\\\/#\\\/schema\\\/logo\\\/image\\\/\",\"url\":\"https:\\\/\\\/media.radiolitoral.com\\\/wp-content\\\/uploads\\\/2023\\\/02\\\/24143238\\\/CL-V-RadioLitoral696.png\",\"contentUrl\":\"https:\\\/\\\/media.radiolitoral.com\\\/wp-content\\\/uploads\\\/2023\\\/02\\\/24143238\\\/CL-V-RadioLitoral696.png\",\"width\":696,\"height\":696,\"caption\":\"Radio Litoral\"},\"image\":{\"@id\":\"https:\\\/\\\/radiolitoral.com\\\/#\\\/schema\\\/logo\\\/image\\\/\"},\"sameAs\":[\"https:\\\/\\\/www.facebook.com\\\/Laradiolitoral\\\/\"]},{\"@type\":\"Person\",\"@id\":\"https:\\\/\\\/radiolitoral.com\\\/#\\\/schema\\\/person\\\/96b739642eb3bedb532aac3812d23307\",\"name\":\"Redacci\u00f3n\",\"image\":{\"@type\":\"ImageObject\",\"inLanguage\":\"ca\",\"@id\":\"https:\\\/\\\/secure.gravatar.com\\\/avatar\\\/30cd06129ee90411dd9c7cbdcf17464181d1a3c7b072e92070ea75a25cf0097e?s=96&d=mm&r=g\",\"url\":\"https:\\\/\\\/secure.gravatar.com\\\/avatar\\\/30cd06129ee90411dd9c7cbdcf17464181d1a3c7b072e92070ea75a25cf0097e?s=96&d=mm&r=g\",\"contentUrl\":\"https:\\\/\\\/secure.gravatar.com\\\/avatar\\\/30cd06129ee90411dd9c7cbdcf17464181d1a3c7b072e92070ea75a25cf0097e?s=96&d=mm&r=g\",\"caption\":\"Redacci\u00f3n\"},\"url\":\"https:\\\/\\\/radiolitoral.com\\\/ca\\\/author\\\/kevin-carrio\\\/\"}]}<\/script>\n<!-- \/ Yoast SEO plugin. -->","yoast_head_json":{"title":"10.000 euros en ajudes per a estudiants a Teulada | R\u00e0dio Litoral","description":"L&#039;Ajuntament ofereix suport econ\u00f2mic als joves per a llibres de text i estudis superiors","robots":{"index":"index","follow":"follow","max-snippet":"max-snippet:-1","max-image-preview":"max-image-preview:large","max-video-preview":"max-video-preview:-1"},"canonical":"https:\/\/radiolitoral.com\/ca\/2024\/10\/10-000-euros-en-ajudes-per-a-estudiants-a-teulada\/","og_locale":"ca_ES","og_type":"article","og_title":"10.000 euros en ajudes per a estudiants a Teulada | R\u00e0dio Litoral","og_description":"L'Ajuntament ofereix suport econ\u00f2mic als joves per a llibres de text i estudis superiors","og_url":"https:\/\/radiolitoral.com\/ca\/2024\/10\/10-000-euros-en-ajudes-per-a-estudiants-a-teulada\/","og_site_name":"R\u00e0dio Litoral","article_publisher":"https:\/\/www.facebook.com\/Laradiolitoral\/","article_published_time":"2024-10-08T08:38:32+00:00","og_image":[{"width":1200,"height":1000,"url":"https:\/\/media.radiolitoral.com\/wp-content\/uploads\/2024\/10\/08103750\/libros-de-texto-1-1.png","type":"image\/png"}],"author":"Redacci\u00f3n","twitter_card":"summary_large_image","twitter_misc":{"Escrit per":"Redacci\u00f3n","Temps estimat de lectura":"1 minut"},"schema":{"@context":"https:\/\/schema.org","@graph":[{"@type":"NewsArticle","@id":"https:\/\/radiolitoral.com\/2024\/10\/10-000-euros-en-ajudes-per-a-estudiants-a-teulada\/#article","isPartOf":{"@id":"https:\/\/radiolitoral.com\/2024\/10\/10-000-euros-en-ajudes-per-a-estudiants-a-teulada\/"},"author":{"name":"Redacci\u00f3n","@id":"https:\/\/radiolitoral.com\/#\/schema\/person\/96b739642eb3bedb532aac3812d23307"},"headline":"10.000 euros en ajudes per a estudiants a Teulada","datePublished":"2024-10-08T08:38:32+00:00","mainEntityOfPage":{"@id":"https:\/\/radiolitoral.com\/2024\/10\/10-000-euros-en-ajudes-per-a-estudiants-a-teulada\/"},"wordCount":131,"commentCount":0,"publisher":{"@id":"https:\/\/radiolitoral.com\/#organization"},"image":{"@id":"https:\/\/radiolitoral.com\/2024\/10\/10-000-euros-en-ajudes-per-a-estudiants-a-teulada\/#primaryimage"},"thumbnailUrl":"https:\/\/media.radiolitoral.com\/wp-content\/uploads\/2024\/10\/08103750\/libros-de-texto-1-1.png","keywords":["ayudas","educaci\u00f3n","libros de texto"],"articleSection":["Educaci\u00f3n"],"inLanguage":"ca","potentialAction":[{"@type":"CommentAction","name":"Comment","target":["https:\/\/radiolitoral.com\/2024\/10\/10-000-euros-en-ajudes-per-a-estudiants-a-teulada\/#respond"]}]},{"@type":["WebPage","ItemPage"],"@id":"https:\/\/radiolitoral.com\/2024\/10\/10-000-euros-en-ajudes-per-a-estudiants-a-teulada\/","url":"https:\/\/radiolitoral.com\/2024\/10\/10-000-euros-en-ajudes-per-a-estudiants-a-teulada\/","name":"10.000 euros en ajudes per a estudiants a Teulada | R\u00e0dio Litoral","isPartOf":{"@id":"https:\/\/radiolitoral.com\/#website"},"primaryImageOfPage":{"@id":"https:\/\/radiolitoral.com\/2024\/10\/10-000-euros-en-ajudes-per-a-estudiants-a-teulada\/#primaryimage"},"image":{"@id":"https:\/\/radiolitoral.com\/2024\/10\/10-000-euros-en-ajudes-per-a-estudiants-a-teulada\/#primaryimage"},"thumbnailUrl":"https:\/\/media.radiolitoral.com\/wp-content\/uploads\/2024\/10\/08103750\/libros-de-texto-1-1.png","datePublished":"2024-10-08T08:38:32+00:00","description":"L&#039;Ajuntament ofereix suport econ\u00f2mic als joves per a llibres de text i estudis superiors","breadcrumb":{"@id":"https:\/\/radiolitoral.com\/2024\/10\/10-000-euros-en-ajudes-per-a-estudiants-a-teulada\/#breadcrumb"},"inLanguage":"ca","potentialAction":[{"@type":"ReadAction","target":["https:\/\/radiolitoral.com\/2024\/10\/10-000-euros-en-ajudes-per-a-estudiants-a-teulada\/"]}]},{"@type":"ImageObject","inLanguage":"ca","@id":"https:\/\/radiolitoral.com\/2024\/10\/10-000-euros-en-ajudes-per-a-estudiants-a-teulada\/#primaryimage","url":"https:\/\/media.radiolitoral.com\/wp-content\/uploads\/2024\/10\/08103750\/libros-de-texto-1-1.png","contentUrl":"https:\/\/media.radiolitoral.com\/wp-content\/uploads\/2024\/10\/08103750\/libros-de-texto-1-1.png","width":1200,"height":1000},{"@type":"BreadcrumbList","@id":"https:\/\/radiolitoral.com\/2024\/10\/10-000-euros-en-ajudes-per-a-estudiants-a-teulada\/#breadcrumb","itemListElement":[{"@type":"ListItem","position":1,"name":"Portada","item":"https:\/\/radiolitoral.com\/"},{"@type":"ListItem","position":2,"name":"10.000 euros en ajudes per a estudiants a Teulada"}]},{"@type":"WebSite","@id":"https:\/\/radiolitoral.com\/#website","url":"https:\/\/radiolitoral.com\/","name":"R\u00e0dio Litoral","description":"La r\u00e0dio local de la Marina Alta","publisher":{"@id":"https:\/\/radiolitoral.com\/#organization"},"alternateName":"Litoral FM","potentialAction":[{"@type":"SearchAction","target":{"@type":"EntryPoint","urlTemplate":"https:\/\/radiolitoral.com\/?s={search_term_string}"},"query-input":{"@type":"PropertyValueSpecification","valueRequired":true,"valueName":"search_term_string"}}],"inLanguage":"ca"},{"@type":"Organization","@id":"https:\/\/radiolitoral.com\/#organization","name":"R\u00e0dio Litoral","url":"https:\/\/radiolitoral.com\/","logo":{"@type":"ImageObject","inLanguage":"ca","@id":"https:\/\/radiolitoral.com\/#\/schema\/logo\/image\/","url":"https:\/\/media.radiolitoral.com\/wp-content\/uploads\/2023\/02\/24143238\/CL-V-RadioLitoral696.png","contentUrl":"https:\/\/media.radiolitoral.com\/wp-content\/uploads\/2023\/02\/24143238\/CL-V-RadioLitoral696.png","width":696,"height":696,"caption":"Radio Litoral"},"image":{"@id":"https:\/\/radiolitoral.com\/#\/schema\/logo\/image\/"},"sameAs":["https:\/\/www.facebook.com\/Laradiolitoral\/"]},{"@type":"Person","@id":"https:\/\/radiolitoral.com\/#\/schema\/person\/96b739642eb3bedb532aac3812d23307","name":"Redacci\u00f3","image":{"@type":"ImageObject","inLanguage":"ca","@id":"https:\/\/secure.gravatar.com\/avatar\/30cd06129ee90411dd9c7cbdcf17464181d1a3c7b072e92070ea75a25cf0097e?s=96&d=mm&r=g","url":"https:\/\/secure.gravatar.com\/avatar\/30cd06129ee90411dd9c7cbdcf17464181d1a3c7b072e92070ea75a25cf0097e?s=96&d=mm&r=g","contentUrl":"https:\/\/secure.gravatar.com\/avatar\/30cd06129ee90411dd9c7cbdcf17464181d1a3c7b072e92070ea75a25cf0097e?s=96&d=mm&r=g","caption":"Redacci\u00f3n"},"url":"https:\/\/radiolitoral.com\/ca\/author\/kevin-carrio\/"}]}},"_links":{"self":[{"href":"https:\/\/radiolitoral.com\/ca\/wp-json\/wp\/v2\/posts\/12201","targetHints":{"allow":["GET"]}}],"collection":[{"href":"https:\/\/radiolitoral.com\/ca\/wp-json\/wp\/v2\/posts"}],"about":[{"href":"https:\/\/radiolitoral.com\/ca\/wp-json\/wp\/v2\/types\/post"}],"author":[{"embeddable":true,"href":"https:\/\/radiolitoral.com\/ca\/wp-json\/wp\/v2\/users\/14"}],"replies":[{"embeddable":true,"href":"https:\/\/radiolitoral.com\/ca\/wp-json\/wp\/v2\/comments?post=12201"}],"version-history":[{"count":1,"href":"https:\/\/radiolitoral.com\/ca\/wp-json\/wp\/v2\/posts\/12201\/revisions"}],"predecessor-version":[{"id":12204,"href":"https:\/\/radiolitoral.com\/ca\/wp-json\/wp\/v2\/posts\/12201\/revisions\/12204"}],"wp:featuredmedia":[{"embeddable":true,"href":"https:\/\/radiolitoral.com\/ca\/wp-json\/wp\/v2\/media\/12203"}],"wp:attachment":[{"href":"https:\/\/radiolitoral.com\/ca\/wp-json\/wp\/v2\/media?parent=12201"}],"wp:term":[{"taxonomy":"category","embeddable":true,"href":"https:\/\/radiolitoral.com\/ca\/wp-json\/wp\/v2\/categories?post=12201"},{"taxonomy":"post_tag","embeddable":true,"href":"https:\/\/radiolitoral.com\/ca\/wp-json\/wp\/v2\/tags?post=12201"}],"curies":[{"name":"wp","href":"https:\/\/api.w.org\/{rel}","templated":true}]}}