{"id":12171,"date":"2024-10-07T11:39:03","date_gmt":"2024-10-07T09:39:03","guid":{"rendered":"https:\/\/radiolitoral.com\/?p=12171"},"modified":"2024-10-07T11:39:03","modified_gmt":"2024-10-07T09:39:03","slug":"detingut-per-utilitzar-el-metode-de-la-sembra-per-estafar-persones-en-moraira","status":"publish","type":"post","link":"https:\/\/radiolitoral.com\/ca\/2024\/10\/detingut-per-usar-el-metode-de-la-sembra-per-a-estafar-a-persones-en-moraira\/","title":{"rendered":"Detingut per utilitzar el m\u00e8tode de \u00abla sembra\u00bb per estafar persones a Moraira"},"content":{"rendered":"<p>La <strong>Guardia Civil<\/strong> ha detingut un home especialitzat en <strong>el m\u00e8tode de \u201cla sembra\u201d<\/strong> per furt i estafa a <strong>Moraira<\/strong>. Al detingut, que tenia antecedents per fets similars, se li han imputat dos delits de furt, un d&#039;estafa i un altre per desobedi\u00e8ncia greu. L&#039;individu ha estat posat a la disposici\u00f3 del Jutjat de la Inst\u00e0ncia i Instrucci\u00f3 de D\u00e9nia, que ha decretat la seva posada en llibertat amb mesures cautelars.<\/p>\n<p>Els fets van passar el passat 14 de setembre, quan la Gu\u00e0rdia Civil va rebre un avis alertant sobre <strong>un intent de furt i estafa a un caixer autom\u00e0tic<\/strong> d&#039;una entitat banc\u00e0ria a Moraira. Immediatament, patrulls del Lloc Principal de la Guardia Civil de Moraira es van despla\u00e7ar al lloc dels fets.<\/p>\n<p>Gr\u00e0cies a la r\u00e0pida actuaci\u00f3 ia la col\u00b7laboraci\u00f3 ciutadana, es va obtenir una descripci\u00f3 f\u00edsica del sospit\u00f3s. En q\u00fcesti\u00f3 de minuts, les patrulles van localitzar un individu que coincidia amb els trets proporcionats. En intentar identificar-ho, <strong>l&#039;home va emprendre la fugida<\/strong>, durant la qual va perdre la <strong>peluca que portava posada<\/strong>. Despr\u00e9s de ser interceptat pels agents, se&#039;l va trobar en possessi\u00f3 de set targetes de cr\u00e8dit, cap dels quals li pertenia, aix\u00ed com 320 euros en efectiu.<\/p>\n<figure id=\"attachment_12176\" aria-describedby=\"caption-attachment-12176\" style=\"width: 960px\" class=\"wp-caption aligncenter\"><a href=\"https:\/\/media.radiolitoral.com\/wp-content\/uploads\/2024\/10\/07113701\/efectos-intervenidos-peluca-MORAIRA.jpg\"><img loading=\"lazy\" decoding=\"async\" class=\"wp-image-12176 size-full\" src=\"https:\/\/media.radiolitoral.com\/wp-content\/uploads\/2024\/10\/07113701\/efectos-intervenidos-peluca-MORAIRA.jpg\" alt=\"\" width=\"960\" height=\"720\" srcset=\"https:\/\/media.radiolitoral.com\/wp-content\/uploads\/2024\/10\/07113701\/efectos-intervenidos-peluca-MORAIRA.jpg 960w, https:\/\/media.radiolitoral.com\/wp-content\/uploads\/2024\/10\/07113701\/efectos-intervenidos-peluca-MORAIRA-300x225.jpg 300w, https:\/\/media.radiolitoral.com\/wp-content\/uploads\/2024\/10\/07113701\/efectos-intervenidos-peluca-MORAIRA-768x576.jpg 768w, https:\/\/media.radiolitoral.com\/wp-content\/uploads\/2024\/10\/07113701\/efectos-intervenidos-peluca-MORAIRA-16x12.jpg 16w, https:\/\/media.radiolitoral.com\/wp-content\/uploads\/2024\/10\/07113701\/efectos-intervenidos-peluca-MORAIRA-100x75.jpg 100w, https:\/\/media.radiolitoral.com\/wp-content\/uploads\/2024\/10\/07113701\/efectos-intervenidos-peluca-MORAIRA-200x150.jpg 200w\" sizes=\"auto, (max-width: 960px) 100vw, 960px\" \/><\/a><figcaption id=\"caption-attachment-12176\" class=\"wp-caption-text\">Targetes de cr\u00e8dit fortades | GC<\/figcaption><\/figure>\n<p>El detingut, amb antecedents per delits similars i diverses identitats associades a la seva persona, va ser arrestat per dos delits de furt i un d&#039;estafa mitjan\u00e7ant el m\u00e8tode conegut com la sembra. L&#039;individu en q\u00fcesti\u00f3, era un home de 47 anys, al qual li <strong>constaven antecedents per delits similars<\/strong> als investigats, aix\u00ed com diferents identitats associades a la seva persona.<\/p>\n<p>Una vegada que es van fer gestions amb les targetes banc\u00e0ries, es va procedir a la detenci\u00f3 de l&#039;individu per dos delits de furt i un d&#039;estafa pel m\u00e8tode de \u201cla sembra\u201d, aix\u00ed com per desobedi\u00e8ncia greu. Les v\u00edctimes seleccionades per aquest individu eren turistes estrangers d&#039;avan\u00e7ada edat.<\/p>\n<p>Aquest modus operandi consistix a observar les v\u00edctimes, generalment persones majors, mentre introdueixen el seu codi PIN (n\u00famero d&#039;identificaci\u00f3 personal) als caixers autom\u00e0tics. Posteriorment, els delinq\u00fcents interactuen amb elles amb l&#039;excusa d&#039;oferir ajuda, i mitjan\u00e7ant enganys, aconsegueixen sostraure les targetes per realitzar compres o extraccions en altres caixers.<\/p>\n<p>El detingut ha estat posat a la disposici\u00f3 del Jutjat de 1a Inst\u00e0ncia i Instrucci\u00f3 de D\u00e9nia, que ha decretat la seva <strong>posada en llibertat amb mesures cautelars.<\/strong><\/p>\n<p>La Gu\u00e0rdia Civil recorda a la ciutadania la import\u00e0ncia d&#039;extremar les precaucions a realitzar operacions a caixers autom\u00e0tics. \u00c9s recomanable revisar l&#039;entorn abans de conducta i estar atents a qualsevol comportament sospit\u00f3s. En cas de detectar alguna cosa fora del normal, s&#039;aconsella cancel\u00b7lar la targeta de manera immediata.<\/p>","protected":false},"excerpt":{"rendered":"<p>La Gu\u00e0rdia Civil ha detingut a un home especialitzat en el m\u00e8tode de \u201cla sembra\u201d per furt i estafa en Moraira. Al detingut, que posse\u00efa antecedents per fets similars, se li han imputat dos delictes de furt, un d&#8217;estafa i un altre per desobedi\u00e8ncia greu. L&#8217;individu ha sigut posat a la disposici\u00f3 del Jutjat de [&#8230;]<\/p>\n<p><a class=\"btn btn-secondary understrap-read-more-link\" href=\"https:\/\/radiolitoral.com\/ca\/2024\/10\/detingut-per-usar-el-metode-de-la-sembra-per-a-estafar-a-persones-en-moraira\/\">Continua llegint&#8230;<span class=\"screen-reader-text\"> from Detingut per usar el m\u00e8tode de \u00abla sembra\u00bb per a estafar a persones en Moraira<\/span><\/a><\/p>\n","protected":false},"author":14,"featured_media":12175,"comment_status":"open","ping_status":"closed","sticky":false,"template":"","format":"standard","meta":{"_acf_changed":false,"inline_featured_image":false,"footnotes":""},"categories":[8],"tags":[2481,2482,147,1023],"class_list":["post-12171","post","type-post","status-publish","format-standard","has-post-thumbnail","hentry","category-sucesos","tag-detenido","tag-la-siembra","tag-moraira","tag-sucesos","cobertura-teulada-moraira"],"acf":[],"yoast_head":"<!-- This site is optimized with the Yoast SEO plugin v27.5 - https:\/\/yoast.com\/product\/yoast-seo-wordpress\/ -->\n<title>Detingut per usar el m\u00e8tode de &quot;la sembra&quot; per a estafar a persones en Moraira | R\u00e0dio Litoral<\/title>\n<meta name=\"description\" content=\"El sospit\u00f3s va intentar fugir de les autoritats, perdent la perruca que portava per a ocultar la seua identitat\" \/>\n<meta name=\"robots\" content=\"index, follow, max-snippet:-1, max-image-preview:large, max-video-preview:-1\" \/>\n<link rel=\"canonical\" href=\"https:\/\/radiolitoral.com\/ca\/2024\/10\/detingut-per-utilitzar-el-metode-de-la-sembra-per-estafar-persones-en-moraira\/\" \/>\n<meta property=\"og:locale\" content=\"ca_ES\" \/>\n<meta property=\"og:type\" content=\"article\" \/>\n<meta property=\"og:title\" content=\"Detingut per usar el m\u00e8tode de &quot;la sembra&quot; per a estafar a persones en Moraira | R\u00e0dio Litoral\" \/>\n<meta property=\"og:description\" content=\"El sospit\u00f3s va intentar fugir de les autoritats, perdent la perruca que portava per a ocultar la seua identitat\" \/>\n<meta property=\"og:url\" content=\"https:\/\/radiolitoral.com\/ca\/2024\/10\/detingut-per-utilitzar-el-metode-de-la-sembra-per-estafar-persones-en-moraira\/\" \/>\n<meta property=\"og:site_name\" content=\"R\u00e0dio Litoral\" \/>\n<meta property=\"article:publisher\" content=\"https:\/\/www.facebook.com\/Laradiolitoral\/\" \/>\n<meta property=\"article:published_time\" content=\"2024-10-07T09:39:03+00:00\" \/>\n<meta property=\"og:image\" content=\"https:\/\/media.radiolitoral.com\/wp-content\/uploads\/2024\/10\/07113658\/detenido-metodo-siembra-MORAIRA.jpg\" \/>\n\t<meta property=\"og:image:width\" content=\"960\" \/>\n\t<meta property=\"og:image:height\" content=\"720\" \/>\n\t<meta property=\"og:image:type\" content=\"image\/jpeg\" \/>\n<meta name=\"author\" content=\"Redacci\u00f3n\" \/>\n<meta name=\"twitter:card\" content=\"summary_large_image\" \/>\n<meta name=\"twitter:label1\" content=\"Escrit per\" \/>\n\t<meta name=\"twitter:data1\" content=\"Redacci\u00f3n\" \/>\n\t<meta name=\"twitter:label2\" content=\"Temps estimat de lectura\" \/>\n\t<meta name=\"twitter:data2\" content=\"3 minuts\" \/>\n<script type=\"application\/ld+json\" class=\"yoast-schema-graph\">{\"@context\":\"https:\\\/\\\/schema.org\",\"@graph\":[{\"@type\":\"NewsArticle\",\"@id\":\"https:\\\/\\\/radiolitoral.com\\\/2024\\\/10\\\/detingut-per-usar-el-metode-de-la-sembra-per-a-estafar-a-persones-en-moraira\\\/#article\",\"isPartOf\":{\"@id\":\"https:\\\/\\\/radiolitoral.com\\\/2024\\\/10\\\/detingut-per-usar-el-metode-de-la-sembra-per-a-estafar-a-persones-en-moraira\\\/\"},\"author\":{\"name\":\"Redacci\u00f3n\",\"@id\":\"https:\\\/\\\/radiolitoral.com\\\/#\\\/schema\\\/person\\\/96b739642eb3bedb532aac3812d23307\"},\"headline\":\"Detingut per usar el m\u00e8tode de \u00abla sembra\u00bb per a estafar a persones en Moraira\",\"datePublished\":\"2024-10-07T09:39:03+00:00\",\"mainEntityOfPage\":{\"@id\":\"https:\\\/\\\/radiolitoral.com\\\/2024\\\/10\\\/detingut-per-usar-el-metode-de-la-sembra-per-a-estafar-a-persones-en-moraira\\\/\"},\"wordCount\":525,\"commentCount\":0,\"publisher\":{\"@id\":\"https:\\\/\\\/radiolitoral.com\\\/#organization\"},\"image\":{\"@id\":\"https:\\\/\\\/radiolitoral.com\\\/2024\\\/10\\\/detingut-per-usar-el-metode-de-la-sembra-per-a-estafar-a-persones-en-moraira\\\/#primaryimage\"},\"thumbnailUrl\":\"https:\\\/\\\/media.radiolitoral.com\\\/wp-content\\\/uploads\\\/2024\\\/10\\\/07113658\\\/detenido-metodo-siembra-MORAIRA.jpg\",\"keywords\":[\"detenido\",\"la siembra\",\"Moraira\",\"sucesos\"],\"articleSection\":[\"Sucesos\"],\"inLanguage\":\"ca\",\"potentialAction\":[{\"@type\":\"CommentAction\",\"name\":\"Comment\",\"target\":[\"https:\\\/\\\/radiolitoral.com\\\/2024\\\/10\\\/detingut-per-usar-el-metode-de-la-sembra-per-a-estafar-a-persones-en-moraira\\\/#respond\"]}]},{\"@type\":[\"WebPage\",\"ItemPage\"],\"@id\":\"https:\\\/\\\/radiolitoral.com\\\/2024\\\/10\\\/detingut-per-usar-el-metode-de-la-sembra-per-a-estafar-a-persones-en-moraira\\\/\",\"url\":\"https:\\\/\\\/radiolitoral.com\\\/2024\\\/10\\\/detingut-per-usar-el-metode-de-la-sembra-per-a-estafar-a-persones-en-moraira\\\/\",\"name\":\"Detingut per usar el m\u00e8tode de \\\"la sembra\\\" per a estafar a persones en Moraira | R\u00e0dio Litoral\",\"isPartOf\":{\"@id\":\"https:\\\/\\\/radiolitoral.com\\\/#website\"},\"primaryImageOfPage\":{\"@id\":\"https:\\\/\\\/radiolitoral.com\\\/2024\\\/10\\\/detingut-per-usar-el-metode-de-la-sembra-per-a-estafar-a-persones-en-moraira\\\/#primaryimage\"},\"image\":{\"@id\":\"https:\\\/\\\/radiolitoral.com\\\/2024\\\/10\\\/detingut-per-usar-el-metode-de-la-sembra-per-a-estafar-a-persones-en-moraira\\\/#primaryimage\"},\"thumbnailUrl\":\"https:\\\/\\\/media.radiolitoral.com\\\/wp-content\\\/uploads\\\/2024\\\/10\\\/07113658\\\/detenido-metodo-siembra-MORAIRA.jpg\",\"datePublished\":\"2024-10-07T09:39:03+00:00\",\"description\":\"El sospit\u00f3s va intentar fugir de les autoritats, perdent la perruca que portava per a ocultar la seua identitat\",\"breadcrumb\":{\"@id\":\"https:\\\/\\\/radiolitoral.com\\\/2024\\\/10\\\/detingut-per-usar-el-metode-de-la-sembra-per-a-estafar-a-persones-en-moraira\\\/#breadcrumb\"},\"inLanguage\":\"ca\",\"potentialAction\":[{\"@type\":\"ReadAction\",\"target\":[\"https:\\\/\\\/radiolitoral.com\\\/2024\\\/10\\\/detingut-per-usar-el-metode-de-la-sembra-per-a-estafar-a-persones-en-moraira\\\/\"]}]},{\"@type\":\"ImageObject\",\"inLanguage\":\"ca\",\"@id\":\"https:\\\/\\\/radiolitoral.com\\\/2024\\\/10\\\/detingut-per-usar-el-metode-de-la-sembra-per-a-estafar-a-persones-en-moraira\\\/#primaryimage\",\"url\":\"https:\\\/\\\/media.radiolitoral.com\\\/wp-content\\\/uploads\\\/2024\\\/10\\\/07113658\\\/detenido-metodo-siembra-MORAIRA.jpg\",\"contentUrl\":\"https:\\\/\\\/media.radiolitoral.com\\\/wp-content\\\/uploads\\\/2024\\\/10\\\/07113658\\\/detenido-metodo-siembra-MORAIRA.jpg\",\"width\":960,\"height\":720},{\"@type\":\"BreadcrumbList\",\"@id\":\"https:\\\/\\\/radiolitoral.com\\\/2024\\\/10\\\/detingut-per-usar-el-metode-de-la-sembra-per-a-estafar-a-persones-en-moraira\\\/#breadcrumb\",\"itemListElement\":[{\"@type\":\"ListItem\",\"position\":1,\"name\":\"Portada\",\"item\":\"https:\\\/\\\/radiolitoral.com\\\/\"},{\"@type\":\"ListItem\",\"position\":2,\"name\":\"Detingut per usar el m\u00e8tode de \u00abla sembra\u00bb per a estafar a persones en Moraira\"}]},{\"@type\":\"WebSite\",\"@id\":\"https:\\\/\\\/radiolitoral.com\\\/#website\",\"url\":\"https:\\\/\\\/radiolitoral.com\\\/\",\"name\":\"Radio Litoral\",\"description\":\"La radio local de la Marina Alta\",\"publisher\":{\"@id\":\"https:\\\/\\\/radiolitoral.com\\\/#organization\"},\"alternateName\":\"Litoral FM\",\"potentialAction\":[{\"@type\":\"SearchAction\",\"target\":{\"@type\":\"EntryPoint\",\"urlTemplate\":\"https:\\\/\\\/radiolitoral.com\\\/?s={search_term_string}\"},\"query-input\":{\"@type\":\"PropertyValueSpecification\",\"valueRequired\":true,\"valueName\":\"search_term_string\"}}],\"inLanguage\":\"ca\"},{\"@type\":\"Organization\",\"@id\":\"https:\\\/\\\/radiolitoral.com\\\/#organization\",\"name\":\"Radio Litoral\",\"url\":\"https:\\\/\\\/radiolitoral.com\\\/\",\"logo\":{\"@type\":\"ImageObject\",\"inLanguage\":\"ca\",\"@id\":\"https:\\\/\\\/radiolitoral.com\\\/#\\\/schema\\\/logo\\\/image\\\/\",\"url\":\"https:\\\/\\\/media.radiolitoral.com\\\/wp-content\\\/uploads\\\/2023\\\/02\\\/24143238\\\/CL-V-RadioLitoral696.png\",\"contentUrl\":\"https:\\\/\\\/media.radiolitoral.com\\\/wp-content\\\/uploads\\\/2023\\\/02\\\/24143238\\\/CL-V-RadioLitoral696.png\",\"width\":696,\"height\":696,\"caption\":\"Radio Litoral\"},\"image\":{\"@id\":\"https:\\\/\\\/radiolitoral.com\\\/#\\\/schema\\\/logo\\\/image\\\/\"},\"sameAs\":[\"https:\\\/\\\/www.facebook.com\\\/Laradiolitoral\\\/\"]},{\"@type\":\"Person\",\"@id\":\"https:\\\/\\\/radiolitoral.com\\\/#\\\/schema\\\/person\\\/96b739642eb3bedb532aac3812d23307\",\"name\":\"Redacci\u00f3n\",\"image\":{\"@type\":\"ImageObject\",\"inLanguage\":\"ca\",\"@id\":\"https:\\\/\\\/secure.gravatar.com\\\/avatar\\\/30cd06129ee90411dd9c7cbdcf17464181d1a3c7b072e92070ea75a25cf0097e?s=96&d=mm&r=g\",\"url\":\"https:\\\/\\\/secure.gravatar.com\\\/avatar\\\/30cd06129ee90411dd9c7cbdcf17464181d1a3c7b072e92070ea75a25cf0097e?s=96&d=mm&r=g\",\"contentUrl\":\"https:\\\/\\\/secure.gravatar.com\\\/avatar\\\/30cd06129ee90411dd9c7cbdcf17464181d1a3c7b072e92070ea75a25cf0097e?s=96&d=mm&r=g\",\"caption\":\"Redacci\u00f3n\"},\"url\":\"https:\\\/\\\/radiolitoral.com\\\/ca\\\/author\\\/kevin-carrio\\\/\"}]}<\/script>\n<!-- \/ Yoast SEO plugin. -->","yoast_head_json":{"title":"Detingut per utilitzar el m\u00e8tode de &quot;la sembra&quot; per estafar persones a Moraira | R\u00e0dio Litoral","description":"El sospit\u00f3s va intentar huir de les autoritats, perdent la peluca que portava per amagar la seva identitat","robots":{"index":"index","follow":"follow","max-snippet":"max-snippet:-1","max-image-preview":"max-image-preview:large","max-video-preview":"max-video-preview:-1"},"canonical":"https:\/\/radiolitoral.com\/ca\/2024\/10\/detingut-per-utilitzar-el-metode-de-la-sembra-per-estafar-persones-en-moraira\/","og_locale":"ca_ES","og_type":"article","og_title":"Detingut per usar el m\u00e8tode de \"la sembra\" per a estafar a persones en Moraira | R\u00e0dio Litoral","og_description":"El sospit\u00f3s va intentar fugir de les autoritats, perdent la perruca que portava per a ocultar la seua identitat","og_url":"https:\/\/radiolitoral.com\/ca\/2024\/10\/detingut-per-utilitzar-el-metode-de-la-sembra-per-estafar-persones-en-moraira\/","og_site_name":"R\u00e0dio Litoral","article_publisher":"https:\/\/www.facebook.com\/Laradiolitoral\/","article_published_time":"2024-10-07T09:39:03+00:00","og_image":[{"width":960,"height":720,"url":"https:\/\/media.radiolitoral.com\/wp-content\/uploads\/2024\/10\/07113658\/detenido-metodo-siembra-MORAIRA.jpg","type":"image\/jpeg"}],"author":"Redacci\u00f3n","twitter_card":"summary_large_image","twitter_misc":{"Escrit per":"Redacci\u00f3n","Temps estimat de lectura":"3 minuts"},"schema":{"@context":"https:\/\/schema.org","@graph":[{"@type":"NewsArticle","@id":"https:\/\/radiolitoral.com\/2024\/10\/detingut-per-usar-el-metode-de-la-sembra-per-a-estafar-a-persones-en-moraira\/#article","isPartOf":{"@id":"https:\/\/radiolitoral.com\/2024\/10\/detingut-per-usar-el-metode-de-la-sembra-per-a-estafar-a-persones-en-moraira\/"},"author":{"name":"Redacci\u00f3n","@id":"https:\/\/radiolitoral.com\/#\/schema\/person\/96b739642eb3bedb532aac3812d23307"},"headline":"Detingut per usar el m\u00e8tode de \u00abla sembra\u00bb per a estafar a persones en Moraira","datePublished":"2024-10-07T09:39:03+00:00","mainEntityOfPage":{"@id":"https:\/\/radiolitoral.com\/2024\/10\/detingut-per-usar-el-metode-de-la-sembra-per-a-estafar-a-persones-en-moraira\/"},"wordCount":525,"commentCount":0,"publisher":{"@id":"https:\/\/radiolitoral.com\/#organization"},"image":{"@id":"https:\/\/radiolitoral.com\/2024\/10\/detingut-per-usar-el-metode-de-la-sembra-per-a-estafar-a-persones-en-moraira\/#primaryimage"},"thumbnailUrl":"https:\/\/media.radiolitoral.com\/wp-content\/uploads\/2024\/10\/07113658\/detenido-metodo-siembra-MORAIRA.jpg","keywords":["detenido","la siembra","Moraira","sucesos"],"articleSection":["Sucesos"],"inLanguage":"ca","potentialAction":[{"@type":"CommentAction","name":"Comment","target":["https:\/\/radiolitoral.com\/2024\/10\/detingut-per-usar-el-metode-de-la-sembra-per-a-estafar-a-persones-en-moraira\/#respond"]}]},{"@type":["WebPage","ItemPage"],"@id":"https:\/\/radiolitoral.com\/2024\/10\/detingut-per-usar-el-metode-de-la-sembra-per-a-estafar-a-persones-en-moraira\/","url":"https:\/\/radiolitoral.com\/2024\/10\/detingut-per-usar-el-metode-de-la-sembra-per-a-estafar-a-persones-en-moraira\/","name":"Detingut per utilitzar el m\u00e8tode de &quot;la sembra&quot; per estafar persones a Moraira | R\u00e0dio Litoral","isPartOf":{"@id":"https:\/\/radiolitoral.com\/#website"},"primaryImageOfPage":{"@id":"https:\/\/radiolitoral.com\/2024\/10\/detingut-per-usar-el-metode-de-la-sembra-per-a-estafar-a-persones-en-moraira\/#primaryimage"},"image":{"@id":"https:\/\/radiolitoral.com\/2024\/10\/detingut-per-usar-el-metode-de-la-sembra-per-a-estafar-a-persones-en-moraira\/#primaryimage"},"thumbnailUrl":"https:\/\/media.radiolitoral.com\/wp-content\/uploads\/2024\/10\/07113658\/detenido-metodo-siembra-MORAIRA.jpg","datePublished":"2024-10-07T09:39:03+00:00","description":"El sospit\u00f3s va intentar huir de les autoritats, perdent la peluca que portava per amagar la seva identitat","breadcrumb":{"@id":"https:\/\/radiolitoral.com\/2024\/10\/detingut-per-usar-el-metode-de-la-sembra-per-a-estafar-a-persones-en-moraira\/#breadcrumb"},"inLanguage":"ca","potentialAction":[{"@type":"ReadAction","target":["https:\/\/radiolitoral.com\/2024\/10\/detingut-per-usar-el-metode-de-la-sembra-per-a-estafar-a-persones-en-moraira\/"]}]},{"@type":"ImageObject","inLanguage":"ca","@id":"https:\/\/radiolitoral.com\/2024\/10\/detingut-per-usar-el-metode-de-la-sembra-per-a-estafar-a-persones-en-moraira\/#primaryimage","url":"https:\/\/media.radiolitoral.com\/wp-content\/uploads\/2024\/10\/07113658\/detenido-metodo-siembra-MORAIRA.jpg","contentUrl":"https:\/\/media.radiolitoral.com\/wp-content\/uploads\/2024\/10\/07113658\/detenido-metodo-siembra-MORAIRA.jpg","width":960,"height":720},{"@type":"BreadcrumbList","@id":"https:\/\/radiolitoral.com\/2024\/10\/detingut-per-usar-el-metode-de-la-sembra-per-a-estafar-a-persones-en-moraira\/#breadcrumb","itemListElement":[{"@type":"ListItem","position":1,"name":"Portada","item":"https:\/\/radiolitoral.com\/"},{"@type":"ListItem","position":2,"name":"Detingut per usar el m\u00e8tode de \u00abla sembra\u00bb per a estafar a persones en Moraira"}]},{"@type":"WebSite","@id":"https:\/\/radiolitoral.com\/#website","url":"https:\/\/radiolitoral.com\/","name":"R\u00e0dio Litoral","description":"La r\u00e0dio local de la Marina Alta","publisher":{"@id":"https:\/\/radiolitoral.com\/#organization"},"alternateName":"Litoral FM","potentialAction":[{"@type":"SearchAction","target":{"@type":"EntryPoint","urlTemplate":"https:\/\/radiolitoral.com\/?s={search_term_string}"},"query-input":{"@type":"PropertyValueSpecification","valueRequired":true,"valueName":"search_term_string"}}],"inLanguage":"ca"},{"@type":"Organization","@id":"https:\/\/radiolitoral.com\/#organization","name":"R\u00e0dio Litoral","url":"https:\/\/radiolitoral.com\/","logo":{"@type":"ImageObject","inLanguage":"ca","@id":"https:\/\/radiolitoral.com\/#\/schema\/logo\/image\/","url":"https:\/\/media.radiolitoral.com\/wp-content\/uploads\/2023\/02\/24143238\/CL-V-RadioLitoral696.png","contentUrl":"https:\/\/media.radiolitoral.com\/wp-content\/uploads\/2023\/02\/24143238\/CL-V-RadioLitoral696.png","width":696,"height":696,"caption":"Radio Litoral"},"image":{"@id":"https:\/\/radiolitoral.com\/#\/schema\/logo\/image\/"},"sameAs":["https:\/\/www.facebook.com\/Laradiolitoral\/"]},{"@type":"Person","@id":"https:\/\/radiolitoral.com\/#\/schema\/person\/96b739642eb3bedb532aac3812d23307","name":"Redacci\u00f3","image":{"@type":"ImageObject","inLanguage":"ca","@id":"https:\/\/secure.gravatar.com\/avatar\/30cd06129ee90411dd9c7cbdcf17464181d1a3c7b072e92070ea75a25cf0097e?s=96&d=mm&r=g","url":"https:\/\/secure.gravatar.com\/avatar\/30cd06129ee90411dd9c7cbdcf17464181d1a3c7b072e92070ea75a25cf0097e?s=96&d=mm&r=g","contentUrl":"https:\/\/secure.gravatar.com\/avatar\/30cd06129ee90411dd9c7cbdcf17464181d1a3c7b072e92070ea75a25cf0097e?s=96&d=mm&r=g","caption":"Redacci\u00f3n"},"url":"https:\/\/radiolitoral.com\/ca\/author\/kevin-carrio\/"}]}},"_links":{"self":[{"href":"https:\/\/radiolitoral.com\/ca\/wp-json\/wp\/v2\/posts\/12171","targetHints":{"allow":["GET"]}}],"collection":[{"href":"https:\/\/radiolitoral.com\/ca\/wp-json\/wp\/v2\/posts"}],"about":[{"href":"https:\/\/radiolitoral.com\/ca\/wp-json\/wp\/v2\/types\/post"}],"author":[{"embeddable":true,"href":"https:\/\/radiolitoral.com\/ca\/wp-json\/wp\/v2\/users\/14"}],"replies":[{"embeddable":true,"href":"https:\/\/radiolitoral.com\/ca\/wp-json\/wp\/v2\/comments?post=12171"}],"version-history":[{"count":1,"href":"https:\/\/radiolitoral.com\/ca\/wp-json\/wp\/v2\/posts\/12171\/revisions"}],"predecessor-version":[{"id":12177,"href":"https:\/\/radiolitoral.com\/ca\/wp-json\/wp\/v2\/posts\/12171\/revisions\/12177"}],"wp:featuredmedia":[{"embeddable":true,"href":"https:\/\/radiolitoral.com\/ca\/wp-json\/wp\/v2\/media\/12175"}],"wp:attachment":[{"href":"https:\/\/radiolitoral.com\/ca\/wp-json\/wp\/v2\/media?parent=12171"}],"wp:term":[{"taxonomy":"category","embeddable":true,"href":"https:\/\/radiolitoral.com\/ca\/wp-json\/wp\/v2\/categories?post=12171"},{"taxonomy":"post_tag","embeddable":true,"href":"https:\/\/radiolitoral.com\/ca\/wp-json\/wp\/v2\/tags?post=12171"}],"curies":[{"name":"wp","href":"https:\/\/api.w.org\/{rel}","templated":true}]}}