{"id":1214,"date":"2023-03-10T13:59:43","date_gmt":"2023-03-10T12:59:43","guid":{"rendered":"https:\/\/radiolitoral.com\/?p=1214"},"modified":"2023-03-10T14:02:07","modified_gmt":"2023-03-10T13:02:07","slug":"espais-publics-de-coworking-la-nova-iniciativa-de-lajuntament-de-teulada-per-donar-suport-a-la-joventut","status":"publish","type":"post","link":"https:\/\/radiolitoral.com\/ca\/2023\/03\/espacios-publicos-de-coworking-la-nueva-iniciativa-del-ayuntamiento-de-teulada-para-apoyar-a-la-juventud\/","title":{"rendered":"Espais p\u00fablics de &#039;coworking&#039;, la nova iniciativa de l&#039;Ajuntament de Teulada per donar suport a la joventut"},"content":{"rendered":"<p>La Regidoria de\u00a0<strong>Joventut<\/strong>\u00a0de l&#039;Ajuntament de Teulada, delegada a Ver\u00f3nica Mart\u00ednez, presenta una nova iniciativa per al desenvolupament professional de joves emprenedors habilitant espais &#039;<strong>coworking<\/strong>&#039; en\u00a0<strong>Teulada Moraira<\/strong>.<\/p>\n<p>El principal objectiu d&#039;aquest projecte \u00e9s facilitar les eines necess\u00e0ries a tots els usuaris que ho necessitin perqu\u00e8 puguin desenvolupar la seva feina en un espai p\u00fablic, amb acc\u00e9s gratu\u00eft a internet i la tranquil\u00b7litat d&#039;una oficina. D&#039;aquesta manera, s&#039;habilitar\u00e0 primer l&#039;Aula 4 de l&#039;Espai La Senieta de Moraira per a aquest fi, a causa de la disponibilitat immediata.<\/p>\n<p>Posteriorment, un cop acabin les obres de millora d&#039;altres espais locals, s&#039;habilitar\u00e0 un segon coworking a Teulada.<\/p>\n<p>Ver\u00f3nica Mart\u00ednez ha descrit aquest projecte com una adaptaci\u00f3 a la situaci\u00f3 actual. \u201cPerqu\u00e8 estem en constant canvi i conviv\u00e8ncia amb les noves tecnologies i el teletreball i emprenedoria es desenvolupen cada cop m\u00e9s des d&#039;un simple ordinador i connexi\u00f3 a internet. Per\u00f2 no tots els joves emprenedors es poden permetre un espai de treball. Per aix\u00f2 hi hem pensat i en tots els residents i visitants que necessiten aquest tipus de servei, habilitant espais p\u00fablics per al seu creixement personal i professional\u201d.<\/p>\n<p>\u201cEls espais coworking a Teulada Moraira seran una realitat des de ja. Hem estat treballant i estudiant la forma de donar cabuda a una demanda tan important i en poques setmanes tindrem el primer en funcionament. Estem en constant escolta per donar resposta a les necessitats del nostre municipi i aquesta n&#039;\u00e9s una\u201d, ha assenyalat l&#039;alcalde de Teulada Moraira, Ra\u00fal Llobell.<\/p>","protected":false},"excerpt":{"rendered":"<p>La Concejal\u00eda de\u00a0Juventud\u00a0del Ayuntamiento de Teulada, delegada en Ver\u00f3nica Mart\u00ednez, presenta una nueva iniciativa para el desarrollo profesional de j\u00f3venes emprendedores habilitando espacios \u2018coworking\u2019 en\u00a0Teulada Moraira. El principal objetivo de este proyecto es facilitar las herramientas necesarias a todos los usuarios que lo necesiten, para que puedan desarrollar su trabajo en un espacio p\u00fablico, con [&#8230;]<\/p>\n<p><a class=\"btn btn-secondary understrap-read-more-link\" href=\"https:\/\/radiolitoral.com\/ca\/2023\/03\/espacios-publicos-de-coworking-la-nueva-iniciativa-del-ayuntamiento-de-teulada-para-apoyar-a-la-juventud\/\">Continua llegint&#8230;<span class=\"screen-reader-text\"> from Espacios p\u00fablicos de \u2018coworking\u2019, la nueva iniciativa del Ayuntamiento de Teulada para apoyar a la juventud<\/span><\/a><\/p>\n","protected":false},"author":13,"featured_media":1215,"comment_status":"open","ping_status":"closed","sticky":false,"template":"","format":"standard","meta":{"_acf_changed":false,"inline_featured_image":false,"footnotes":""},"categories":[85],"tags":[173,147,174],"class_list":["post-1214","post","type-post","status-publish","format-standard","has-post-thumbnail","hentry","category-servicios-publicos","tag-coworking","tag-moraira","tag-teula","cobertura-teulada-moraira"],"acf":[],"yoast_head":"<!-- This site is optimized with the Yoast SEO plugin v27.5 - https:\/\/yoast.com\/product\/yoast-seo-wordpress\/ -->\n<title>Espacios p\u00fablicos de \u2018coworking\u2019, la nueva iniciativa del Ayuntamiento de Teulada para apoyar a la juventud | R\u00e0dio Litoral<\/title>\n<meta name=\"description\" content=\"Est\u00e1 pensado para que puedan desarrollar su trabajo en un espacio p\u00fablico, con acceso gratuito a internet y \u201cla tranquilidad de una oficina\u201d\" \/>\n<meta name=\"robots\" content=\"index, follow, max-snippet:-1, max-image-preview:large, max-video-preview:-1\" \/>\n<link rel=\"canonical\" href=\"https:\/\/radiolitoral.com\/ca\/2023\/03\/espais-publics-de-coworking-la-nova-iniciativa-de-lajuntament-de-teulada-per-donar-suport-a-la-joventut\/\" \/>\n<meta property=\"og:locale\" content=\"ca_ES\" \/>\n<meta property=\"og:type\" content=\"article\" \/>\n<meta property=\"og:title\" content=\"Espacios p\u00fablicos de \u2018coworking\u2019, la nueva iniciativa del Ayuntamiento de Teulada para apoyar a la juventud | R\u00e0dio Litoral\" \/>\n<meta property=\"og:description\" content=\"Est\u00e1 pensado para que puedan desarrollar su trabajo en un espacio p\u00fablico, con acceso gratuito a internet y \u201cla tranquilidad de una oficina\u201d\" \/>\n<meta property=\"og:url\" content=\"https:\/\/radiolitoral.com\/ca\/2023\/03\/espais-publics-de-coworking-la-nova-iniciativa-de-lajuntament-de-teulada-per-donar-suport-a-la-joventut\/\" \/>\n<meta property=\"og:site_name\" content=\"R\u00e0dio Litoral\" \/>\n<meta property=\"article:publisher\" content=\"https:\/\/www.facebook.com\/Laradiolitoral\/\" \/>\n<meta property=\"article:published_time\" content=\"2023-03-10T12:59:43+00:00\" \/>\n<meta property=\"article:modified_time\" content=\"2023-03-10T13:02:07+00:00\" \/>\n<meta property=\"og:image\" content=\"https:\/\/media.radiolitoral.com\/wp-content\/uploads\/2023\/03\/10135936\/COWORKING-1-870x490-1.jpg\" \/>\n\t<meta property=\"og:image:width\" content=\"870\" \/>\n\t<meta property=\"og:image:height\" content=\"490\" \/>\n\t<meta property=\"og:image:type\" content=\"image\/jpeg\" \/>\n<meta name=\"author\" content=\"Redacci\u00f3n\" \/>\n<meta name=\"twitter:card\" content=\"summary_large_image\" \/>\n<meta name=\"twitter:label1\" content=\"Escrit per\" \/>\n\t<meta name=\"twitter:data1\" content=\"Redacci\u00f3n\" \/>\n\t<meta name=\"twitter:label2\" content=\"Temps estimat de lectura\" \/>\n\t<meta name=\"twitter:data2\" content=\"2 minuts\" \/>\n<script type=\"application\/ld+json\" class=\"yoast-schema-graph\">{\"@context\":\"https:\\\/\\\/schema.org\",\"@graph\":[{\"@type\":\"NewsArticle\",\"@id\":\"https:\\\/\\\/radiolitoral.com\\\/2023\\\/03\\\/espacios-publicos-de-coworking-la-nueva-iniciativa-del-ayuntamiento-de-teulada-para-apoyar-a-la-juventud\\\/#article\",\"isPartOf\":{\"@id\":\"https:\\\/\\\/radiolitoral.com\\\/2023\\\/03\\\/espacios-publicos-de-coworking-la-nueva-iniciativa-del-ayuntamiento-de-teulada-para-apoyar-a-la-juventud\\\/\"},\"author\":{\"name\":\"Redacci\u00f3n\",\"@id\":\"https:\\\/\\\/radiolitoral.com\\\/#\\\/schema\\\/person\\\/f2b2343c49b5d721857cc1002bfdb151\"},\"headline\":\"Espacios p\u00fablicos de \u2018coworking\u2019, la nueva iniciativa del Ayuntamiento de Teulada para apoyar a la juventud\",\"datePublished\":\"2023-03-10T12:59:43+00:00\",\"dateModified\":\"2023-03-10T13:02:07+00:00\",\"mainEntityOfPage\":{\"@id\":\"https:\\\/\\\/radiolitoral.com\\\/2023\\\/03\\\/espacios-publicos-de-coworking-la-nueva-iniciativa-del-ayuntamiento-de-teulada-para-apoyar-a-la-juventud\\\/\"},\"wordCount\":290,\"commentCount\":0,\"publisher\":{\"@id\":\"https:\\\/\\\/radiolitoral.com\\\/#organization\"},\"image\":{\"@id\":\"https:\\\/\\\/radiolitoral.com\\\/2023\\\/03\\\/espacios-publicos-de-coworking-la-nueva-iniciativa-del-ayuntamiento-de-teulada-para-apoyar-a-la-juventud\\\/#primaryimage\"},\"thumbnailUrl\":\"https:\\\/\\\/media.radiolitoral.com\\\/wp-content\\\/uploads\\\/2023\\\/03\\\/10135936\\\/COWORKING-1-870x490-1.jpg\",\"keywords\":[\"coworking\",\"Moraira\",\"Teula\"],\"articleSection\":[\"Servicios P\u00fablicos\"],\"inLanguage\":\"ca\",\"potentialAction\":[{\"@type\":\"CommentAction\",\"name\":\"Comment\",\"target\":[\"https:\\\/\\\/radiolitoral.com\\\/2023\\\/03\\\/espacios-publicos-de-coworking-la-nueva-iniciativa-del-ayuntamiento-de-teulada-para-apoyar-a-la-juventud\\\/#respond\"]}]},{\"@type\":[\"WebPage\",\"ItemPage\"],\"@id\":\"https:\\\/\\\/radiolitoral.com\\\/2023\\\/03\\\/espacios-publicos-de-coworking-la-nueva-iniciativa-del-ayuntamiento-de-teulada-para-apoyar-a-la-juventud\\\/\",\"url\":\"https:\\\/\\\/radiolitoral.com\\\/2023\\\/03\\\/espacios-publicos-de-coworking-la-nueva-iniciativa-del-ayuntamiento-de-teulada-para-apoyar-a-la-juventud\\\/\",\"name\":\"Espacios p\u00fablicos de \u2018coworking\u2019, la nueva iniciativa del Ayuntamiento de Teulada para apoyar a la juventud | R\u00e0dio Litoral\",\"isPartOf\":{\"@id\":\"https:\\\/\\\/radiolitoral.com\\\/#website\"},\"primaryImageOfPage\":{\"@id\":\"https:\\\/\\\/radiolitoral.com\\\/2023\\\/03\\\/espacios-publicos-de-coworking-la-nueva-iniciativa-del-ayuntamiento-de-teulada-para-apoyar-a-la-juventud\\\/#primaryimage\"},\"image\":{\"@id\":\"https:\\\/\\\/radiolitoral.com\\\/2023\\\/03\\\/espacios-publicos-de-coworking-la-nueva-iniciativa-del-ayuntamiento-de-teulada-para-apoyar-a-la-juventud\\\/#primaryimage\"},\"thumbnailUrl\":\"https:\\\/\\\/media.radiolitoral.com\\\/wp-content\\\/uploads\\\/2023\\\/03\\\/10135936\\\/COWORKING-1-870x490-1.jpg\",\"datePublished\":\"2023-03-10T12:59:43+00:00\",\"dateModified\":\"2023-03-10T13:02:07+00:00\",\"description\":\"Est\u00e1 pensado para que puedan desarrollar su trabajo en un espacio p\u00fablico, con acceso gratuito a internet y \u201cla tranquilidad de una oficina\u201d\",\"breadcrumb\":{\"@id\":\"https:\\\/\\\/radiolitoral.com\\\/2023\\\/03\\\/espacios-publicos-de-coworking-la-nueva-iniciativa-del-ayuntamiento-de-teulada-para-apoyar-a-la-juventud\\\/#breadcrumb\"},\"inLanguage\":\"ca\",\"potentialAction\":[{\"@type\":\"ReadAction\",\"target\":[\"https:\\\/\\\/radiolitoral.com\\\/2023\\\/03\\\/espacios-publicos-de-coworking-la-nueva-iniciativa-del-ayuntamiento-de-teulada-para-apoyar-a-la-juventud\\\/\"]}]},{\"@type\":\"ImageObject\",\"inLanguage\":\"ca\",\"@id\":\"https:\\\/\\\/radiolitoral.com\\\/2023\\\/03\\\/espacios-publicos-de-coworking-la-nueva-iniciativa-del-ayuntamiento-de-teulada-para-apoyar-a-la-juventud\\\/#primaryimage\",\"url\":\"https:\\\/\\\/media.radiolitoral.com\\\/wp-content\\\/uploads\\\/2023\\\/03\\\/10135936\\\/COWORKING-1-870x490-1.jpg\",\"contentUrl\":\"https:\\\/\\\/media.radiolitoral.com\\\/wp-content\\\/uploads\\\/2023\\\/03\\\/10135936\\\/COWORKING-1-870x490-1.jpg\",\"width\":870,\"height\":490},{\"@type\":\"BreadcrumbList\",\"@id\":\"https:\\\/\\\/radiolitoral.com\\\/2023\\\/03\\\/espacios-publicos-de-coworking-la-nueva-iniciativa-del-ayuntamiento-de-teulada-para-apoyar-a-la-juventud\\\/#breadcrumb\",\"itemListElement\":[{\"@type\":\"ListItem\",\"position\":1,\"name\":\"Portada\",\"item\":\"https:\\\/\\\/radiolitoral.com\\\/\"},{\"@type\":\"ListItem\",\"position\":2,\"name\":\"Espacios p\u00fablicos de \u2018coworking\u2019, la nueva iniciativa del Ayuntamiento de Teulada para apoyar a la juventud\"}]},{\"@type\":\"WebSite\",\"@id\":\"https:\\\/\\\/radiolitoral.com\\\/#website\",\"url\":\"https:\\\/\\\/radiolitoral.com\\\/\",\"name\":\"Radio Litoral\",\"description\":\"La radio local de la Marina Alta\",\"publisher\":{\"@id\":\"https:\\\/\\\/radiolitoral.com\\\/#organization\"},\"alternateName\":\"Litoral FM\",\"potentialAction\":[{\"@type\":\"SearchAction\",\"target\":{\"@type\":\"EntryPoint\",\"urlTemplate\":\"https:\\\/\\\/radiolitoral.com\\\/?s={search_term_string}\"},\"query-input\":{\"@type\":\"PropertyValueSpecification\",\"valueRequired\":true,\"valueName\":\"search_term_string\"}}],\"inLanguage\":\"ca\"},{\"@type\":\"Organization\",\"@id\":\"https:\\\/\\\/radiolitoral.com\\\/#organization\",\"name\":\"Radio Litoral\",\"url\":\"https:\\\/\\\/radiolitoral.com\\\/\",\"logo\":{\"@type\":\"ImageObject\",\"inLanguage\":\"ca\",\"@id\":\"https:\\\/\\\/radiolitoral.com\\\/#\\\/schema\\\/logo\\\/image\\\/\",\"url\":\"https:\\\/\\\/media.radiolitoral.com\\\/wp-content\\\/uploads\\\/2023\\\/02\\\/24143238\\\/CL-V-RadioLitoral696.png\",\"contentUrl\":\"https:\\\/\\\/media.radiolitoral.com\\\/wp-content\\\/uploads\\\/2023\\\/02\\\/24143238\\\/CL-V-RadioLitoral696.png\",\"width\":696,\"height\":696,\"caption\":\"Radio Litoral\"},\"image\":{\"@id\":\"https:\\\/\\\/radiolitoral.com\\\/#\\\/schema\\\/logo\\\/image\\\/\"},\"sameAs\":[\"https:\\\/\\\/www.facebook.com\\\/Laradiolitoral\\\/\"]},{\"@type\":\"Person\",\"@id\":\"https:\\\/\\\/radiolitoral.com\\\/#\\\/schema\\\/person\\\/f2b2343c49b5d721857cc1002bfdb151\",\"name\":\"Redacci\u00f3n\",\"image\":{\"@type\":\"ImageObject\",\"inLanguage\":\"ca\",\"@id\":\"https:\\\/\\\/secure.gravatar.com\\\/avatar\\\/f771d896c203ad8b3382d7905cfcce5a5c9b008b84b3cd9114e9b9f4cb63f789?s=96&d=mm&r=g\",\"url\":\"https:\\\/\\\/secure.gravatar.com\\\/avatar\\\/f771d896c203ad8b3382d7905cfcce5a5c9b008b84b3cd9114e9b9f4cb63f789?s=96&d=mm&r=g\",\"contentUrl\":\"https:\\\/\\\/secure.gravatar.com\\\/avatar\\\/f771d896c203ad8b3382d7905cfcce5a5c9b008b84b3cd9114e9b9f4cb63f789?s=96&d=mm&r=g\",\"caption\":\"Redacci\u00f3n\"},\"url\":\"https:\\\/\\\/radiolitoral.com\\\/ca\\\/author\\\/miriam-pagan\\\/\"}]}<\/script>\n<!-- \/ Yoast SEO plugin. -->","yoast_head_json":{"title":"Espais p\u00fablics de coworking, la nova iniciativa de l&#039;Ajuntament de Teulada per donar suport a la joventut | R\u00e0dio Litoral","description":"Est\u00e0 pensat perqu\u00e8 puguin desenvolupar la feina en un espai p\u00fablic, amb acc\u00e9s gratu\u00eft a internet i \u201cla tranquil\u00b7litat d&#039;una oficina\u201d","robots":{"index":"index","follow":"follow","max-snippet":"max-snippet:-1","max-image-preview":"max-image-preview:large","max-video-preview":"max-video-preview:-1"},"canonical":"https:\/\/radiolitoral.com\/ca\/2023\/03\/espais-publics-de-coworking-la-nova-iniciativa-de-lajuntament-de-teulada-per-donar-suport-a-la-joventut\/","og_locale":"ca_ES","og_type":"article","og_title":"Espacios p\u00fablicos de \u2018coworking\u2019, la nueva iniciativa del Ayuntamiento de Teulada para apoyar a la juventud | R\u00e0dio Litoral","og_description":"Est\u00e1 pensado para que puedan desarrollar su trabajo en un espacio p\u00fablico, con acceso gratuito a internet y \u201cla tranquilidad de una oficina\u201d","og_url":"https:\/\/radiolitoral.com\/ca\/2023\/03\/espais-publics-de-coworking-la-nova-iniciativa-de-lajuntament-de-teulada-per-donar-suport-a-la-joventut\/","og_site_name":"R\u00e0dio Litoral","article_publisher":"https:\/\/www.facebook.com\/Laradiolitoral\/","article_published_time":"2023-03-10T12:59:43+00:00","article_modified_time":"2023-03-10T13:02:07+00:00","og_image":[{"width":870,"height":490,"url":"https:\/\/media.radiolitoral.com\/wp-content\/uploads\/2023\/03\/10135936\/COWORKING-1-870x490-1.jpg","type":"image\/jpeg"}],"author":"Redacci\u00f3n","twitter_card":"summary_large_image","twitter_misc":{"Escrit per":"Redacci\u00f3n","Temps estimat de lectura":"2 minuts"},"schema":{"@context":"https:\/\/schema.org","@graph":[{"@type":"NewsArticle","@id":"https:\/\/radiolitoral.com\/2023\/03\/espacios-publicos-de-coworking-la-nueva-iniciativa-del-ayuntamiento-de-teulada-para-apoyar-a-la-juventud\/#article","isPartOf":{"@id":"https:\/\/radiolitoral.com\/2023\/03\/espacios-publicos-de-coworking-la-nueva-iniciativa-del-ayuntamiento-de-teulada-para-apoyar-a-la-juventud\/"},"author":{"name":"Redacci\u00f3n","@id":"https:\/\/radiolitoral.com\/#\/schema\/person\/f2b2343c49b5d721857cc1002bfdb151"},"headline":"Espacios p\u00fablicos de \u2018coworking\u2019, la nueva iniciativa del Ayuntamiento de Teulada para apoyar a la juventud","datePublished":"2023-03-10T12:59:43+00:00","dateModified":"2023-03-10T13:02:07+00:00","mainEntityOfPage":{"@id":"https:\/\/radiolitoral.com\/2023\/03\/espacios-publicos-de-coworking-la-nueva-iniciativa-del-ayuntamiento-de-teulada-para-apoyar-a-la-juventud\/"},"wordCount":290,"commentCount":0,"publisher":{"@id":"https:\/\/radiolitoral.com\/#organization"},"image":{"@id":"https:\/\/radiolitoral.com\/2023\/03\/espacios-publicos-de-coworking-la-nueva-iniciativa-del-ayuntamiento-de-teulada-para-apoyar-a-la-juventud\/#primaryimage"},"thumbnailUrl":"https:\/\/media.radiolitoral.com\/wp-content\/uploads\/2023\/03\/10135936\/COWORKING-1-870x490-1.jpg","keywords":["coworking","Moraira","Teula"],"articleSection":["Servicios P\u00fablicos"],"inLanguage":"ca","potentialAction":[{"@type":"CommentAction","name":"Comment","target":["https:\/\/radiolitoral.com\/2023\/03\/espacios-publicos-de-coworking-la-nueva-iniciativa-del-ayuntamiento-de-teulada-para-apoyar-a-la-juventud\/#respond"]}]},{"@type":["WebPage","ItemPage"],"@id":"https:\/\/radiolitoral.com\/2023\/03\/espacios-publicos-de-coworking-la-nueva-iniciativa-del-ayuntamiento-de-teulada-para-apoyar-a-la-juventud\/","url":"https:\/\/radiolitoral.com\/2023\/03\/espacios-publicos-de-coworking-la-nueva-iniciativa-del-ayuntamiento-de-teulada-para-apoyar-a-la-juventud\/","name":"Espais p\u00fablics de coworking, la nova iniciativa de l&#039;Ajuntament de Teulada per donar suport a la joventut | R\u00e0dio Litoral","isPartOf":{"@id":"https:\/\/radiolitoral.com\/#website"},"primaryImageOfPage":{"@id":"https:\/\/radiolitoral.com\/2023\/03\/espacios-publicos-de-coworking-la-nueva-iniciativa-del-ayuntamiento-de-teulada-para-apoyar-a-la-juventud\/#primaryimage"},"image":{"@id":"https:\/\/radiolitoral.com\/2023\/03\/espacios-publicos-de-coworking-la-nueva-iniciativa-del-ayuntamiento-de-teulada-para-apoyar-a-la-juventud\/#primaryimage"},"thumbnailUrl":"https:\/\/media.radiolitoral.com\/wp-content\/uploads\/2023\/03\/10135936\/COWORKING-1-870x490-1.jpg","datePublished":"2023-03-10T12:59:43+00:00","dateModified":"2023-03-10T13:02:07+00:00","description":"Est\u00e0 pensat perqu\u00e8 puguin desenvolupar la feina en un espai p\u00fablic, amb acc\u00e9s gratu\u00eft a internet i \u201cla tranquil\u00b7litat d&#039;una oficina\u201d","breadcrumb":{"@id":"https:\/\/radiolitoral.com\/2023\/03\/espacios-publicos-de-coworking-la-nueva-iniciativa-del-ayuntamiento-de-teulada-para-apoyar-a-la-juventud\/#breadcrumb"},"inLanguage":"ca","potentialAction":[{"@type":"ReadAction","target":["https:\/\/radiolitoral.com\/2023\/03\/espacios-publicos-de-coworking-la-nueva-iniciativa-del-ayuntamiento-de-teulada-para-apoyar-a-la-juventud\/"]}]},{"@type":"ImageObject","inLanguage":"ca","@id":"https:\/\/radiolitoral.com\/2023\/03\/espacios-publicos-de-coworking-la-nueva-iniciativa-del-ayuntamiento-de-teulada-para-apoyar-a-la-juventud\/#primaryimage","url":"https:\/\/media.radiolitoral.com\/wp-content\/uploads\/2023\/03\/10135936\/COWORKING-1-870x490-1.jpg","contentUrl":"https:\/\/media.radiolitoral.com\/wp-content\/uploads\/2023\/03\/10135936\/COWORKING-1-870x490-1.jpg","width":870,"height":490},{"@type":"BreadcrumbList","@id":"https:\/\/radiolitoral.com\/2023\/03\/espacios-publicos-de-coworking-la-nueva-iniciativa-del-ayuntamiento-de-teulada-para-apoyar-a-la-juventud\/#breadcrumb","itemListElement":[{"@type":"ListItem","position":1,"name":"Portada","item":"https:\/\/radiolitoral.com\/"},{"@type":"ListItem","position":2,"name":"Espacios p\u00fablicos de \u2018coworking\u2019, la nueva iniciativa del Ayuntamiento de Teulada para apoyar a la juventud"}]},{"@type":"WebSite","@id":"https:\/\/radiolitoral.com\/#website","url":"https:\/\/radiolitoral.com\/","name":"R\u00e0dio Litoral","description":"La r\u00e0dio local de la Marina Alta","publisher":{"@id":"https:\/\/radiolitoral.com\/#organization"},"alternateName":"Litoral FM","potentialAction":[{"@type":"SearchAction","target":{"@type":"EntryPoint","urlTemplate":"https:\/\/radiolitoral.com\/?s={search_term_string}"},"query-input":{"@type":"PropertyValueSpecification","valueRequired":true,"valueName":"search_term_string"}}],"inLanguage":"ca"},{"@type":"Organization","@id":"https:\/\/radiolitoral.com\/#organization","name":"R\u00e0dio Litoral","url":"https:\/\/radiolitoral.com\/","logo":{"@type":"ImageObject","inLanguage":"ca","@id":"https:\/\/radiolitoral.com\/#\/schema\/logo\/image\/","url":"https:\/\/media.radiolitoral.com\/wp-content\/uploads\/2023\/02\/24143238\/CL-V-RadioLitoral696.png","contentUrl":"https:\/\/media.radiolitoral.com\/wp-content\/uploads\/2023\/02\/24143238\/CL-V-RadioLitoral696.png","width":696,"height":696,"caption":"Radio Litoral"},"image":{"@id":"https:\/\/radiolitoral.com\/#\/schema\/logo\/image\/"},"sameAs":["https:\/\/www.facebook.com\/Laradiolitoral\/"]},{"@type":"Person","@id":"https:\/\/radiolitoral.com\/#\/schema\/person\/f2b2343c49b5d721857cc1002bfdb151","name":"Redacci\u00f3","image":{"@type":"ImageObject","inLanguage":"ca","@id":"https:\/\/secure.gravatar.com\/avatar\/f771d896c203ad8b3382d7905cfcce5a5c9b008b84b3cd9114e9b9f4cb63f789?s=96&d=mm&r=g","url":"https:\/\/secure.gravatar.com\/avatar\/f771d896c203ad8b3382d7905cfcce5a5c9b008b84b3cd9114e9b9f4cb63f789?s=96&d=mm&r=g","contentUrl":"https:\/\/secure.gravatar.com\/avatar\/f771d896c203ad8b3382d7905cfcce5a5c9b008b84b3cd9114e9b9f4cb63f789?s=96&d=mm&r=g","caption":"Redacci\u00f3n"},"url":"https:\/\/radiolitoral.com\/ca\/author\/miriam-pagan\/"}]}},"_links":{"self":[{"href":"https:\/\/radiolitoral.com\/ca\/wp-json\/wp\/v2\/posts\/1214","targetHints":{"allow":["GET"]}}],"collection":[{"href":"https:\/\/radiolitoral.com\/ca\/wp-json\/wp\/v2\/posts"}],"about":[{"href":"https:\/\/radiolitoral.com\/ca\/wp-json\/wp\/v2\/types\/post"}],"author":[{"embeddable":true,"href":"https:\/\/radiolitoral.com\/ca\/wp-json\/wp\/v2\/users\/13"}],"replies":[{"embeddable":true,"href":"https:\/\/radiolitoral.com\/ca\/wp-json\/wp\/v2\/comments?post=1214"}],"version-history":[{"count":1,"href":"https:\/\/radiolitoral.com\/ca\/wp-json\/wp\/v2\/posts\/1214\/revisions"}],"predecessor-version":[{"id":1216,"href":"https:\/\/radiolitoral.com\/ca\/wp-json\/wp\/v2\/posts\/1214\/revisions\/1216"}],"wp:featuredmedia":[{"embeddable":true,"href":"https:\/\/radiolitoral.com\/ca\/wp-json\/wp\/v2\/media\/1215"}],"wp:attachment":[{"href":"https:\/\/radiolitoral.com\/ca\/wp-json\/wp\/v2\/media?parent=1214"}],"wp:term":[{"taxonomy":"category","embeddable":true,"href":"https:\/\/radiolitoral.com\/ca\/wp-json\/wp\/v2\/categories?post=1214"},{"taxonomy":"post_tag","embeddable":true,"href":"https:\/\/radiolitoral.com\/ca\/wp-json\/wp\/v2\/tags?post=1214"}],"curies":[{"name":"wp","href":"https:\/\/api.w.org\/{rel}","templated":true}]}}