{"id":12126,"date":"2024-10-04T17:46:47","date_gmt":"2024-10-04T15:46:47","guid":{"rendered":"https:\/\/radiolitoral.com\/?p=12126"},"modified":"2024-10-04T17:52:36","modified_gmt":"2024-10-04T15:52:36","slug":"mes-de-400-persones-es-formaran-en-musica-danses-i-idiomes-aquest-curs-2024-2025-a-benitatxell","status":"publish","type":"post","link":"https:\/\/radiolitoral.com\/ca\/2024\/10\/mes-de-400-persones-es-formaran-en-musica-danses-i-idiomes-aquest-curs-2024-2025-a-benitatxell\/","title":{"rendered":"M\u00e9s de 400 persones es formaran en m\u00fasica, danses i idiomes aquest curs 2024-2025 a Benitatxell"},"content":{"rendered":"<p>El Poble Nou de Benitatxell ha aconseguit fer de les seves escoles municipals de <strong>Formaci\u00f3 de Persones Adults<\/strong> (FPA) i <strong>M\u00fasica i Dansa<\/strong> un dels pilars fonamentals de leducaci\u00f3 i la cultura local. Aquest curs 2024-2025, <strong>el nom de persones usu\u00e0ries ha superat les 400 per primera vegada<\/strong>, arribant a les 419, una xifra que demostra l&#039;\u00e8xit i la confian\u00e7a creixent en aquestes institucions per part de la comunitat. Aquests dades reflecteixen un increment del 67% en els darrers tres anys, una fita que consolida aquestes escoles com un referent educatiu a la localitat.<\/p>\n<h4>Formaci\u00f3 de Persones Adults<\/h4>\n<p><strong>L&#039;Escola de Formaci\u00f3 de Persones Adults<\/strong> ha estat un dels centres amb m\u00e9s increment de demanda. Els darrers tres anys han estat decisius per al seu creixement, ja que ha passat de 102 persones usu\u00e0ries a 200, gaireb\u00e9 duplicant-se. Nom\u00e9s a l&#039;\u00faltim any, el creixement ha estat del 25%, amb un augment de 40 alumnes. Aix\u00f2 s&#039;explica per l&#039;extensa oferta formativa que inclou des de cursos d&#039;espanyol per a estrangers amb diferents nivells (inicial, mitj\u00e0, avan\u00e7at i perfeccionament), fins a cursos de conversa i alfabetitzaci\u00f3, aix\u00ed com tamb\u00e9 classes de valenci\u00e0 A1 per a persones que volen integrar-se millor a la societat local.<\/p>\n<p>Aquesta diversitat de cursos ofereix una oportunitat per a molts ve\u00efns i ve\u00efnes de la localitat que volen ampliar els seus coneixements, millorar la comunicaci\u00f3 i participar de manera m\u00e9s activa a la vida comunit\u00e0ria. Aquest \u00e8xit \u00e9s tamb\u00e9 un reflex de l&#039;inter\u00e8s creixent per part de la poblaci\u00f3 a desenvolupar habilitats ling\u00fc\u00edstiques i per la import\u00e0ncia de facilitar la integraci\u00f3 cultural.<\/p>\n<figure id=\"attachment_12127\" aria-describedby=\"caption-attachment-12127\" style=\"width: 640px\" class=\"wp-caption aligncenter\"><a href=\"https:\/\/media.radiolitoral.com\/wp-content\/uploads\/2024\/10\/04172913\/IMG_3743-scaled.jpg\"><img loading=\"lazy\" decoding=\"async\" class=\"wp-image-12127 size-large\" src=\"https:\/\/media.radiolitoral.com\/wp-content\/uploads\/2024\/10\/04172913\/IMG_3743-1024x683.jpg\" alt=\"\" width=\"640\" height=\"427\" srcset=\"https:\/\/media.radiolitoral.com\/wp-content\/uploads\/2024\/10\/04172913\/IMG_3743-1024x683.jpg 1024w, https:\/\/media.radiolitoral.com\/wp-content\/uploads\/2024\/10\/04172913\/IMG_3743-300x200.jpg 300w, https:\/\/media.radiolitoral.com\/wp-content\/uploads\/2024\/10\/04172913\/IMG_3743-768x512.jpg 768w, https:\/\/media.radiolitoral.com\/wp-content\/uploads\/2024\/10\/04172913\/IMG_3743-1536x1024.jpg 1536w, https:\/\/media.radiolitoral.com\/wp-content\/uploads\/2024\/10\/04172913\/IMG_3743-2048x1365.jpg 2048w, https:\/\/media.radiolitoral.com\/wp-content\/uploads\/2024\/10\/04172913\/IMG_3743-18x12.jpg 18w, https:\/\/media.radiolitoral.com\/wp-content\/uploads\/2024\/10\/04172913\/IMG_3743-1000x667.jpg 1000w, https:\/\/media.radiolitoral.com\/wp-content\/uploads\/2024\/10\/04172913\/IMG_3743-100x67.jpg 100w, https:\/\/media.radiolitoral.com\/wp-content\/uploads\/2024\/10\/04172913\/IMG_3743-200x133.jpg 200w\" sizes=\"auto, (max-width: 640px) 100vw, 640px\" \/><\/a><figcaption id=\"caption-attachment-12127\" class=\"wp-caption-text\">Concert de l\u00b4Escola de M\u00fasica i Dansa | Aj. Benitatxell<\/figcaption><\/figure>\n<h4>M\u00fasica i Dansa<\/h4>\n<p>Pel que fa a <strong>l&#039;Escola de M\u00fasica i Dansa<\/strong>, el seu creixement tamb\u00e9 ha estat constant i notable. Fa tres anys comptava amb 143 alumnes, i aquest any ha arribat als 219, despr\u00e9s de passar pels 171 del curs 2022-2023 i els 204 del curs passat. Aquest augment del 67% en tres anys reflecteix la import\u00e0ncia de la m\u00fasica i les danses tradicionals per a la comunitat, que cada cop se sent m\u00e9s atreta per aquestes disciplines art\u00edstiques. L&#039;oferta educativa inclou des de Jard\u00ed musical i Iniciaci\u00f3 a la m\u00fasica fins a la formaci\u00f3 en instruments com la flauta, el clarinet, el tromb\u00f3, la dol\u00e7aina, aix\u00ed com la percussi\u00f3 i el cant.<\/p>\n<p>Un dels aspectes m\u00e9s destacables \u00e9s la modalitat de danses tradicionals, que ha guanyat adeptes els darrers anys, evidenciant l&#039;inter\u00e8s per mantenir viva la cultura i les tradicions valencianes. Aix\u00ed mateix, la formaci\u00f3 instrumental es consolida amb conjunts musicals que permeten als alumnes gaudir de l&#039;experi\u00e8ncia de tocar en grup, contribuint aix\u00ed a la creaci\u00f3 d&#039;un teixit cultural din\u00e0mic al municipi.<\/p>\n<p>En conjunt, <strong>419 persones es formaran aquest curs 2024-2025<\/strong> a les escoles municipals de Formaci\u00f3 de Persones Adultes i de M\u00fasica i Dansa del Poble Nou de Benitatxell, 55 m\u00e9s que el curs passat i 174 m\u00e9s que fa tres anys. Aquestes xifres no nom\u00e9s demostren la qualitat de l&#039;oferta educativa, sin\u00f3 tamb\u00e9 l&#039;encert de la pol\u00edtica municipal de fomentar una educaci\u00f3 cultural i accessible per a tots els sectors de la poblaci\u00f3.<\/p>","protected":false},"excerpt":{"rendered":"<p>El Poble Nou de Benitatxell ha aconseguit fer de les seues escoles municipals de Formaci\u00f3 de Persones Adultes (FPA) i M\u00fasica i Dansa un dels pilars fonamentals de l&#8217;educaci\u00f3 i la cultura local. Aquest curs 2024-2025, el nombre de persones usu\u00e0ries ha superat les 400 per primera vegada, arribant a les 419, una xifra que [&#8230;]<\/p>\n<p><a class=\"btn btn-secondary understrap-read-more-link\" href=\"https:\/\/radiolitoral.com\/ca\/2024\/10\/mes-de-400-persones-es-formaran-en-musica-danses-i-idiomes-aquest-curs-2024-2025-a-benitatxell\/\">Continua llegint&#8230;<span class=\"screen-reader-text\"> from M\u00e9s de 400 persones es formaran en m\u00fasica, danses i idiomes aquest curs 2024-2025 a Benitatxell<\/span><\/a><\/p>\n","protected":false},"author":14,"featured_media":12129,"comment_status":"open","ping_status":"closed","sticky":false,"template":"","format":"standard","meta":{"_acf_changed":false,"inline_featured_image":false,"footnotes":""},"categories":[130],"tags":[184,134,2475,2474],"class_list":["post-12126","post","type-post","status-publish","format-standard","has-post-thumbnail","hentry","category-educacion","tag-benitatxell","tag-educacion","tag-escuela-de-formacion","tag-escuela-de-musica-y-danza","cobertura-poble-nou-de-benitatxell"],"acf":[],"yoast_head":"<!-- This site is optimized with the Yoast SEO plugin v27.5 - https:\/\/yoast.com\/product\/yoast-seo-wordpress\/ -->\n<title>M\u00e9s de 400 persones es formaran en m\u00fasica, danses i idiomes aquest curs 2024-2025 a Benitatxell | R\u00e0dio Litoral<\/title>\n<meta name=\"description\" content=\"Les escoles municipals viuen un creixement continuat de l&#039;alumnat\" \/>\n<meta name=\"robots\" content=\"index, follow, max-snippet:-1, max-image-preview:large, max-video-preview:-1\" \/>\n<link rel=\"canonical\" href=\"https:\/\/radiolitoral.com\/ca\/2024\/10\/mes-de-400-persones-es-formaran-en-musica-danses-i-idiomes-aquest-curs-2024-2025-a-benitatxell\/\" \/>\n<meta property=\"og:locale\" content=\"ca_ES\" \/>\n<meta property=\"og:type\" content=\"article\" \/>\n<meta property=\"og:title\" content=\"M\u00e9s de 400 persones es formaran en m\u00fasica, danses i idiomes aquest curs 2024-2025 a Benitatxell | R\u00e0dio Litoral\" \/>\n<meta property=\"og:description\" content=\"Les escoles municipals viuen un creixement continuat de l&#039;alumnat\" \/>\n<meta property=\"og:url\" content=\"https:\/\/radiolitoral.com\/ca\/2024\/10\/mes-de-400-persones-es-formaran-en-musica-danses-i-idiomes-aquest-curs-2024-2025-a-benitatxell\/\" \/>\n<meta property=\"og:site_name\" content=\"R\u00e0dio Litoral\" \/>\n<meta property=\"article:publisher\" content=\"https:\/\/www.facebook.com\/Laradiolitoral\/\" \/>\n<meta property=\"article:published_time\" content=\"2024-10-04T15:46:47+00:00\" \/>\n<meta property=\"article:modified_time\" content=\"2024-10-04T15:52:36+00:00\" \/>\n<meta property=\"og:image\" content=\"https:\/\/media.radiolitoral.com\/wp-content\/uploads\/2024\/10\/04172935\/IMG_9781-scaled.jpg\" \/>\n\t<meta property=\"og:image:width\" content=\"2560\" \/>\n\t<meta property=\"og:image:height\" content=\"1920\" \/>\n\t<meta property=\"og:image:type\" content=\"image\/jpeg\" \/>\n<meta name=\"author\" content=\"Redacci\u00f3n\" \/>\n<meta name=\"twitter:card\" content=\"summary_large_image\" \/>\n<meta name=\"twitter:label1\" content=\"Escrit per\" \/>\n\t<meta name=\"twitter:data1\" content=\"Redacci\u00f3n\" \/>\n\t<meta name=\"twitter:label2\" content=\"Temps estimat de lectura\" \/>\n\t<meta name=\"twitter:data2\" content=\"3 minuts\" \/>\n<script type=\"application\/ld+json\" class=\"yoast-schema-graph\">{\"@context\":\"https:\\\/\\\/schema.org\",\"@graph\":[{\"@type\":\"NewsArticle\",\"@id\":\"https:\\\/\\\/radiolitoral.com\\\/2024\\\/10\\\/mes-de-400-persones-es-formaran-en-musica-danses-i-idiomes-aquest-curs-2024-2025-a-benitatxell\\\/#article\",\"isPartOf\":{\"@id\":\"https:\\\/\\\/radiolitoral.com\\\/2024\\\/10\\\/mes-de-400-persones-es-formaran-en-musica-danses-i-idiomes-aquest-curs-2024-2025-a-benitatxell\\\/\"},\"author\":{\"name\":\"Redacci\u00f3n\",\"@id\":\"https:\\\/\\\/radiolitoral.com\\\/#\\\/schema\\\/person\\\/96b739642eb3bedb532aac3812d23307\"},\"headline\":\"M\u00e9s de 400 persones es formaran en m\u00fasica, danses i idiomes aquest curs 2024-2025 a Benitatxell\",\"datePublished\":\"2024-10-04T15:46:47+00:00\",\"dateModified\":\"2024-10-04T15:52:36+00:00\",\"mainEntityOfPage\":{\"@id\":\"https:\\\/\\\/radiolitoral.com\\\/2024\\\/10\\\/mes-de-400-persones-es-formaran-en-musica-danses-i-idiomes-aquest-curs-2024-2025-a-benitatxell\\\/\"},\"wordCount\":580,\"commentCount\":0,\"publisher\":{\"@id\":\"https:\\\/\\\/radiolitoral.com\\\/#organization\"},\"image\":{\"@id\":\"https:\\\/\\\/radiolitoral.com\\\/2024\\\/10\\\/mes-de-400-persones-es-formaran-en-musica-danses-i-idiomes-aquest-curs-2024-2025-a-benitatxell\\\/#primaryimage\"},\"thumbnailUrl\":\"https:\\\/\\\/media.radiolitoral.com\\\/wp-content\\\/uploads\\\/2024\\\/10\\\/04172935\\\/IMG_9781-scaled.jpg\",\"keywords\":[\"Benitatxell\",\"educaci\u00f3n\",\"escuela de formaci\u00f3n\",\"escuela de m\u00fasica y danza\"],\"articleSection\":[\"Educaci\u00f3n\"],\"inLanguage\":\"ca\",\"potentialAction\":[{\"@type\":\"CommentAction\",\"name\":\"Comment\",\"target\":[\"https:\\\/\\\/radiolitoral.com\\\/2024\\\/10\\\/mes-de-400-persones-es-formaran-en-musica-danses-i-idiomes-aquest-curs-2024-2025-a-benitatxell\\\/#respond\"]}]},{\"@type\":[\"WebPage\",\"ItemPage\"],\"@id\":\"https:\\\/\\\/radiolitoral.com\\\/2024\\\/10\\\/mes-de-400-persones-es-formaran-en-musica-danses-i-idiomes-aquest-curs-2024-2025-a-benitatxell\\\/\",\"url\":\"https:\\\/\\\/radiolitoral.com\\\/2024\\\/10\\\/mes-de-400-persones-es-formaran-en-musica-danses-i-idiomes-aquest-curs-2024-2025-a-benitatxell\\\/\",\"name\":\"M\u00e9s de 400 persones es formaran en m\u00fasica, danses i idiomes aquest curs 2024-2025 a Benitatxell | R\u00e0dio Litoral\",\"isPartOf\":{\"@id\":\"https:\\\/\\\/radiolitoral.com\\\/#website\"},\"primaryImageOfPage\":{\"@id\":\"https:\\\/\\\/radiolitoral.com\\\/2024\\\/10\\\/mes-de-400-persones-es-formaran-en-musica-danses-i-idiomes-aquest-curs-2024-2025-a-benitatxell\\\/#primaryimage\"},\"image\":{\"@id\":\"https:\\\/\\\/radiolitoral.com\\\/2024\\\/10\\\/mes-de-400-persones-es-formaran-en-musica-danses-i-idiomes-aquest-curs-2024-2025-a-benitatxell\\\/#primaryimage\"},\"thumbnailUrl\":\"https:\\\/\\\/media.radiolitoral.com\\\/wp-content\\\/uploads\\\/2024\\\/10\\\/04172935\\\/IMG_9781-scaled.jpg\",\"datePublished\":\"2024-10-04T15:46:47+00:00\",\"dateModified\":\"2024-10-04T15:52:36+00:00\",\"description\":\"Les escoles municipals viuen un creixement continuat de l'alumnat\",\"breadcrumb\":{\"@id\":\"https:\\\/\\\/radiolitoral.com\\\/2024\\\/10\\\/mes-de-400-persones-es-formaran-en-musica-danses-i-idiomes-aquest-curs-2024-2025-a-benitatxell\\\/#breadcrumb\"},\"inLanguage\":\"ca\",\"potentialAction\":[{\"@type\":\"ReadAction\",\"target\":[\"https:\\\/\\\/radiolitoral.com\\\/2024\\\/10\\\/mes-de-400-persones-es-formaran-en-musica-danses-i-idiomes-aquest-curs-2024-2025-a-benitatxell\\\/\"]}]},{\"@type\":\"ImageObject\",\"inLanguage\":\"ca\",\"@id\":\"https:\\\/\\\/radiolitoral.com\\\/2024\\\/10\\\/mes-de-400-persones-es-formaran-en-musica-danses-i-idiomes-aquest-curs-2024-2025-a-benitatxell\\\/#primaryimage\",\"url\":\"https:\\\/\\\/media.radiolitoral.com\\\/wp-content\\\/uploads\\\/2024\\\/10\\\/04172935\\\/IMG_9781-scaled.jpg\",\"contentUrl\":\"https:\\\/\\\/media.radiolitoral.com\\\/wp-content\\\/uploads\\\/2024\\\/10\\\/04172935\\\/IMG_9781-scaled.jpg\",\"width\":2560,\"height\":1920},{\"@type\":\"BreadcrumbList\",\"@id\":\"https:\\\/\\\/radiolitoral.com\\\/2024\\\/10\\\/mes-de-400-persones-es-formaran-en-musica-danses-i-idiomes-aquest-curs-2024-2025-a-benitatxell\\\/#breadcrumb\",\"itemListElement\":[{\"@type\":\"ListItem\",\"position\":1,\"name\":\"Portada\",\"item\":\"https:\\\/\\\/radiolitoral.com\\\/\"},{\"@type\":\"ListItem\",\"position\":2,\"name\":\"M\u00e9s de 400 persones es formaran en m\u00fasica, danses i idiomes aquest curs 2024-2025 a Benitatxell\"}]},{\"@type\":\"WebSite\",\"@id\":\"https:\\\/\\\/radiolitoral.com\\\/#website\",\"url\":\"https:\\\/\\\/radiolitoral.com\\\/\",\"name\":\"Radio Litoral\",\"description\":\"La radio local de la Marina Alta\",\"publisher\":{\"@id\":\"https:\\\/\\\/radiolitoral.com\\\/#organization\"},\"alternateName\":\"Litoral FM\",\"potentialAction\":[{\"@type\":\"SearchAction\",\"target\":{\"@type\":\"EntryPoint\",\"urlTemplate\":\"https:\\\/\\\/radiolitoral.com\\\/?s={search_term_string}\"},\"query-input\":{\"@type\":\"PropertyValueSpecification\",\"valueRequired\":true,\"valueName\":\"search_term_string\"}}],\"inLanguage\":\"ca\"},{\"@type\":\"Organization\",\"@id\":\"https:\\\/\\\/radiolitoral.com\\\/#organization\",\"name\":\"Radio Litoral\",\"url\":\"https:\\\/\\\/radiolitoral.com\\\/\",\"logo\":{\"@type\":\"ImageObject\",\"inLanguage\":\"ca\",\"@id\":\"https:\\\/\\\/radiolitoral.com\\\/#\\\/schema\\\/logo\\\/image\\\/\",\"url\":\"https:\\\/\\\/media.radiolitoral.com\\\/wp-content\\\/uploads\\\/2023\\\/02\\\/24143238\\\/CL-V-RadioLitoral696.png\",\"contentUrl\":\"https:\\\/\\\/media.radiolitoral.com\\\/wp-content\\\/uploads\\\/2023\\\/02\\\/24143238\\\/CL-V-RadioLitoral696.png\",\"width\":696,\"height\":696,\"caption\":\"Radio Litoral\"},\"image\":{\"@id\":\"https:\\\/\\\/radiolitoral.com\\\/#\\\/schema\\\/logo\\\/image\\\/\"},\"sameAs\":[\"https:\\\/\\\/www.facebook.com\\\/Laradiolitoral\\\/\"]},{\"@type\":\"Person\",\"@id\":\"https:\\\/\\\/radiolitoral.com\\\/#\\\/schema\\\/person\\\/96b739642eb3bedb532aac3812d23307\",\"name\":\"Redacci\u00f3n\",\"image\":{\"@type\":\"ImageObject\",\"inLanguage\":\"ca\",\"@id\":\"https:\\\/\\\/secure.gravatar.com\\\/avatar\\\/30cd06129ee90411dd9c7cbdcf17464181d1a3c7b072e92070ea75a25cf0097e?s=96&d=mm&r=g\",\"url\":\"https:\\\/\\\/secure.gravatar.com\\\/avatar\\\/30cd06129ee90411dd9c7cbdcf17464181d1a3c7b072e92070ea75a25cf0097e?s=96&d=mm&r=g\",\"contentUrl\":\"https:\\\/\\\/secure.gravatar.com\\\/avatar\\\/30cd06129ee90411dd9c7cbdcf17464181d1a3c7b072e92070ea75a25cf0097e?s=96&d=mm&r=g\",\"caption\":\"Redacci\u00f3n\"},\"url\":\"https:\\\/\\\/radiolitoral.com\\\/ca\\\/author\\\/kevin-carrio\\\/\"}]}<\/script>\n<!-- \/ Yoast SEO plugin. -->","yoast_head_json":{"title":"M\u00e9s de 400 persones es formaran en m\u00fasica, danses i idiomes aquest curs 2024-2025 a Benitatxell | R\u00e0dio Litoral","description":"Les escoles municipals viuen un creixement continuat de l&#039;alumnat","robots":{"index":"index","follow":"follow","max-snippet":"max-snippet:-1","max-image-preview":"max-image-preview:large","max-video-preview":"max-video-preview:-1"},"canonical":"https:\/\/radiolitoral.com\/ca\/2024\/10\/mes-de-400-persones-es-formaran-en-musica-danses-i-idiomes-aquest-curs-2024-2025-a-benitatxell\/","og_locale":"ca_ES","og_type":"article","og_title":"M\u00e9s de 400 persones es formaran en m\u00fasica, danses i idiomes aquest curs 2024-2025 a Benitatxell | R\u00e0dio Litoral","og_description":"Les escoles municipals viuen un creixement continuat de l'alumnat","og_url":"https:\/\/radiolitoral.com\/ca\/2024\/10\/mes-de-400-persones-es-formaran-en-musica-danses-i-idiomes-aquest-curs-2024-2025-a-benitatxell\/","og_site_name":"R\u00e0dio Litoral","article_publisher":"https:\/\/www.facebook.com\/Laradiolitoral\/","article_published_time":"2024-10-04T15:46:47+00:00","article_modified_time":"2024-10-04T15:52:36+00:00","og_image":[{"width":2560,"height":1920,"url":"https:\/\/media.radiolitoral.com\/wp-content\/uploads\/2024\/10\/04172935\/IMG_9781-scaled.jpg","type":"image\/jpeg"}],"author":"Redacci\u00f3n","twitter_card":"summary_large_image","twitter_misc":{"Escrit per":"Redacci\u00f3n","Temps estimat de lectura":"3 minuts"},"schema":{"@context":"https:\/\/schema.org","@graph":[{"@type":"NewsArticle","@id":"https:\/\/radiolitoral.com\/2024\/10\/mes-de-400-persones-es-formaran-en-musica-danses-i-idiomes-aquest-curs-2024-2025-a-benitatxell\/#article","isPartOf":{"@id":"https:\/\/radiolitoral.com\/2024\/10\/mes-de-400-persones-es-formaran-en-musica-danses-i-idiomes-aquest-curs-2024-2025-a-benitatxell\/"},"author":{"name":"Redacci\u00f3n","@id":"https:\/\/radiolitoral.com\/#\/schema\/person\/96b739642eb3bedb532aac3812d23307"},"headline":"M\u00e9s de 400 persones es formaran en m\u00fasica, danses i idiomes aquest curs 2024-2025 a Benitatxell","datePublished":"2024-10-04T15:46:47+00:00","dateModified":"2024-10-04T15:52:36+00:00","mainEntityOfPage":{"@id":"https:\/\/radiolitoral.com\/2024\/10\/mes-de-400-persones-es-formaran-en-musica-danses-i-idiomes-aquest-curs-2024-2025-a-benitatxell\/"},"wordCount":580,"commentCount":0,"publisher":{"@id":"https:\/\/radiolitoral.com\/#organization"},"image":{"@id":"https:\/\/radiolitoral.com\/2024\/10\/mes-de-400-persones-es-formaran-en-musica-danses-i-idiomes-aquest-curs-2024-2025-a-benitatxell\/#primaryimage"},"thumbnailUrl":"https:\/\/media.radiolitoral.com\/wp-content\/uploads\/2024\/10\/04172935\/IMG_9781-scaled.jpg","keywords":["Benitatxell","educaci\u00f3n","escuela de formaci\u00f3n","escuela de m\u00fasica y danza"],"articleSection":["Educaci\u00f3n"],"inLanguage":"ca","potentialAction":[{"@type":"CommentAction","name":"Comment","target":["https:\/\/radiolitoral.com\/2024\/10\/mes-de-400-persones-es-formaran-en-musica-danses-i-idiomes-aquest-curs-2024-2025-a-benitatxell\/#respond"]}]},{"@type":["WebPage","ItemPage"],"@id":"https:\/\/radiolitoral.com\/2024\/10\/mes-de-400-persones-es-formaran-en-musica-danses-i-idiomes-aquest-curs-2024-2025-a-benitatxell\/","url":"https:\/\/radiolitoral.com\/2024\/10\/mes-de-400-persones-es-formaran-en-musica-danses-i-idiomes-aquest-curs-2024-2025-a-benitatxell\/","name":"M\u00e9s de 400 persones es formaran en m\u00fasica, danses i idiomes aquest curs 2024-2025 a Benitatxell | R\u00e0dio Litoral","isPartOf":{"@id":"https:\/\/radiolitoral.com\/#website"},"primaryImageOfPage":{"@id":"https:\/\/radiolitoral.com\/2024\/10\/mes-de-400-persones-es-formaran-en-musica-danses-i-idiomes-aquest-curs-2024-2025-a-benitatxell\/#primaryimage"},"image":{"@id":"https:\/\/radiolitoral.com\/2024\/10\/mes-de-400-persones-es-formaran-en-musica-danses-i-idiomes-aquest-curs-2024-2025-a-benitatxell\/#primaryimage"},"thumbnailUrl":"https:\/\/media.radiolitoral.com\/wp-content\/uploads\/2024\/10\/04172935\/IMG_9781-scaled.jpg","datePublished":"2024-10-04T15:46:47+00:00","dateModified":"2024-10-04T15:52:36+00:00","description":"Les escoles municipals viuen un creixement continuat de l&#039;alumnat","breadcrumb":{"@id":"https:\/\/radiolitoral.com\/2024\/10\/mes-de-400-persones-es-formaran-en-musica-danses-i-idiomes-aquest-curs-2024-2025-a-benitatxell\/#breadcrumb"},"inLanguage":"ca","potentialAction":[{"@type":"ReadAction","target":["https:\/\/radiolitoral.com\/2024\/10\/mes-de-400-persones-es-formaran-en-musica-danses-i-idiomes-aquest-curs-2024-2025-a-benitatxell\/"]}]},{"@type":"ImageObject","inLanguage":"ca","@id":"https:\/\/radiolitoral.com\/2024\/10\/mes-de-400-persones-es-formaran-en-musica-danses-i-idiomes-aquest-curs-2024-2025-a-benitatxell\/#primaryimage","url":"https:\/\/media.radiolitoral.com\/wp-content\/uploads\/2024\/10\/04172935\/IMG_9781-scaled.jpg","contentUrl":"https:\/\/media.radiolitoral.com\/wp-content\/uploads\/2024\/10\/04172935\/IMG_9781-scaled.jpg","width":2560,"height":1920},{"@type":"BreadcrumbList","@id":"https:\/\/radiolitoral.com\/2024\/10\/mes-de-400-persones-es-formaran-en-musica-danses-i-idiomes-aquest-curs-2024-2025-a-benitatxell\/#breadcrumb","itemListElement":[{"@type":"ListItem","position":1,"name":"Portada","item":"https:\/\/radiolitoral.com\/"},{"@type":"ListItem","position":2,"name":"M\u00e9s de 400 persones es formaran en m\u00fasica, danses i idiomes aquest curs 2024-2025 a Benitatxell"}]},{"@type":"WebSite","@id":"https:\/\/radiolitoral.com\/#website","url":"https:\/\/radiolitoral.com\/","name":"R\u00e0dio Litoral","description":"La r\u00e0dio local de la Marina Alta","publisher":{"@id":"https:\/\/radiolitoral.com\/#organization"},"alternateName":"Litoral FM","potentialAction":[{"@type":"SearchAction","target":{"@type":"EntryPoint","urlTemplate":"https:\/\/radiolitoral.com\/?s={search_term_string}"},"query-input":{"@type":"PropertyValueSpecification","valueRequired":true,"valueName":"search_term_string"}}],"inLanguage":"ca"},{"@type":"Organization","@id":"https:\/\/radiolitoral.com\/#organization","name":"R\u00e0dio Litoral","url":"https:\/\/radiolitoral.com\/","logo":{"@type":"ImageObject","inLanguage":"ca","@id":"https:\/\/radiolitoral.com\/#\/schema\/logo\/image\/","url":"https:\/\/media.radiolitoral.com\/wp-content\/uploads\/2023\/02\/24143238\/CL-V-RadioLitoral696.png","contentUrl":"https:\/\/media.radiolitoral.com\/wp-content\/uploads\/2023\/02\/24143238\/CL-V-RadioLitoral696.png","width":696,"height":696,"caption":"Radio Litoral"},"image":{"@id":"https:\/\/radiolitoral.com\/#\/schema\/logo\/image\/"},"sameAs":["https:\/\/www.facebook.com\/Laradiolitoral\/"]},{"@type":"Person","@id":"https:\/\/radiolitoral.com\/#\/schema\/person\/96b739642eb3bedb532aac3812d23307","name":"Redacci\u00f3","image":{"@type":"ImageObject","inLanguage":"ca","@id":"https:\/\/secure.gravatar.com\/avatar\/30cd06129ee90411dd9c7cbdcf17464181d1a3c7b072e92070ea75a25cf0097e?s=96&d=mm&r=g","url":"https:\/\/secure.gravatar.com\/avatar\/30cd06129ee90411dd9c7cbdcf17464181d1a3c7b072e92070ea75a25cf0097e?s=96&d=mm&r=g","contentUrl":"https:\/\/secure.gravatar.com\/avatar\/30cd06129ee90411dd9c7cbdcf17464181d1a3c7b072e92070ea75a25cf0097e?s=96&d=mm&r=g","caption":"Redacci\u00f3n"},"url":"https:\/\/radiolitoral.com\/ca\/author\/kevin-carrio\/"}]}},"_links":{"self":[{"href":"https:\/\/radiolitoral.com\/ca\/wp-json\/wp\/v2\/posts\/12126","targetHints":{"allow":["GET"]}}],"collection":[{"href":"https:\/\/radiolitoral.com\/ca\/wp-json\/wp\/v2\/posts"}],"about":[{"href":"https:\/\/radiolitoral.com\/ca\/wp-json\/wp\/v2\/types\/post"}],"author":[{"embeddable":true,"href":"https:\/\/radiolitoral.com\/ca\/wp-json\/wp\/v2\/users\/14"}],"replies":[{"embeddable":true,"href":"https:\/\/radiolitoral.com\/ca\/wp-json\/wp\/v2\/comments?post=12126"}],"version-history":[{"count":3,"href":"https:\/\/radiolitoral.com\/ca\/wp-json\/wp\/v2\/posts\/12126\/revisions"}],"predecessor-version":[{"id":12132,"href":"https:\/\/radiolitoral.com\/ca\/wp-json\/wp\/v2\/posts\/12126\/revisions\/12132"}],"wp:featuredmedia":[{"embeddable":true,"href":"https:\/\/radiolitoral.com\/ca\/wp-json\/wp\/v2\/media\/12129"}],"wp:attachment":[{"href":"https:\/\/radiolitoral.com\/ca\/wp-json\/wp\/v2\/media?parent=12126"}],"wp:term":[{"taxonomy":"category","embeddable":true,"href":"https:\/\/radiolitoral.com\/ca\/wp-json\/wp\/v2\/categories?post=12126"},{"taxonomy":"post_tag","embeddable":true,"href":"https:\/\/radiolitoral.com\/ca\/wp-json\/wp\/v2\/tags?post=12126"}],"curies":[{"name":"wp","href":"https:\/\/api.w.org\/{rel}","templated":true}]}}