{"id":12088,"date":"2024-10-03T13:20:19","date_gmt":"2024-10-03T11:20:19","guid":{"rendered":"https:\/\/radiolitoral.com\/?p=12088"},"modified":"2024-10-03T13:21:22","modified_gmt":"2024-10-03T11:21:22","slug":"concentracio-dels-treballadors-sanitaris-de-la-marina-alta-el-proper-10-doctubre","status":"publish","type":"post","link":"https:\/\/radiolitoral.com\/ca\/2024\/10\/concentracio-dels-treballadors-sanitaris-de-la-marina-alta-el-proxim-10-doctubre\/","title":{"rendered":"Concentraci\u00f3 dels treballadors sanitaris de la Marina Alta el proper 10 d&#039;octubre"},"content":{"rendered":"<p>El <strong>Comit\u00e8 d&#039;Empresa del Departament de Salut de D\u00e9nia<\/strong> ha convocat una <strong>concentraci\u00f3<\/strong> de <strong>treballadors sanitaris el proper 10 d&#039;octubre<\/strong>, a les 11 hores, a l&#039;entrada principal de cada <strong>Centres de Salut i<\/strong> a la porta principal de l<strong>&#039;Hospital de D\u00e9nia<\/strong>. <span class=\"hiddenSuggestion\">Aquesta<\/span> decisi\u00f3 s&#039;ha pres despr\u00e9s de la reuni\u00f3 mantenida el jueus 3 d&#039;octubre.<\/p>\n<p>El <strong>lema<\/strong> d&#039;<span class=\"hiddenSuggestion\">aquesta<\/span> concentraci\u00f3 \u00e9s: \u201c<strong>Exigim a la Conselleria l&#039;aplicaci\u00f3 del II conveni col\u00b7lectiu, guanyat per sent\u00e8ncia i signat l&#039;agost de 2022, i la subida salarial del 2% realitzada als empleats p\u00fablics el 2024\u201d.<\/strong><\/p>\n<p>Des del Comit\u00e8 d&#039;Empresa s&#039;indiquin els motius d&#039;<span class=\"hiddenSuggestion\">aquesta<\/span> mesura:<\/p>\n<p>\u00ab<strong>No aplicaci\u00f3 de la licitaci\u00f3 salarial pactada per als treballadors p\u00fablics del 2% p<\/strong>actat a l&#039;\u00e0mbit nacional, i s\u00ed aplicat al personal estatutari i laboral d&#039;altres \u00e0rees ja revertides\u00bb.<\/p>\n<p>\u00ab<strong>No tindre informaci\u00f3 respecte de la decisi\u00f3 per part de la Conselleria de <span class=\"hiddenSuggestion\">realitzar<\/span> recurs o no, sobre la sent\u00e8ncia guanyada sobre el II Conveni Col\u00b7lectiu<\/strong> signat el 2022\u2033.<\/p>\n<p>\u00abNo <span class=\"hiddenSuggestion\">tenir<\/span> dades ni calendari de reunions amb la Conselleria de Sanitat per pactar el conveni col\u00b7lectiu que permeti que el personal laboral del Departament homogene\u00eftze les condicions laborals amb el personal estatutari\u00bb.<\/p>\n<p>El <span class=\"hiddenSuggestion\">Comit\u00e8<\/span> d&#039;Empresa considera \u00abde manera ferma, que la no aplicaci\u00f3 d&#039;<span class=\"hiddenSuggestion\">aquestes<\/span> mesures i la no negociaci\u00f3 de l&#039;homogene\u00eftzaci\u00f3 de les condicions laborals, perqu\u00e8 no hi hagi sanitaris de 2a ni 3a categoria, \u00e9s ampliar la bretxa ja existent, i augmenta de forma injusta les desigualtats laborals dels treballadors d&#039;<span class=\"hiddenSuggestion\">aquest<\/span> Departament de Salut\u00bb.<\/p>\n<p>Amb <span class=\"hiddenSuggestion\">aquesta<\/span> concentraci\u00f3, els <strong>treballadors sanitaris de la Marina Alta busquen reivindicar els seus drets i reduir les desigualtats laborals<\/strong> que afrontin actualment.<\/p>","protected":false},"excerpt":{"rendered":"<p>El Comit\u00e9 d&#8217;Empresa del Departament de Salut de D\u00e9nia ha convocat una concentraci\u00f3 de treballadors sanitaris el pr\u00f2xim 10 d&#8217;octubre, a les 11 hores, a l&#8217;entrada principal de cadascun dels Centres de Salut i a la porta principal de l&#8216;Hospital de D\u00e9nia. Aquesta decisi\u00f3 s&#8217;ha pres despr\u00e9s de la reuni\u00f3 mantinguda el dijous 3 d&#8217;octubre. [&#8230;]<\/p>\n<p><a class=\"btn btn-secondary understrap-read-more-link\" href=\"https:\/\/radiolitoral.com\/ca\/2024\/10\/concentracio-dels-treballadors-sanitaris-de-la-marina-alta-el-proxim-10-doctubre\/\">Continua llegint&#8230;<span class=\"screen-reader-text\"> from Concentraci\u00f3 dels treballadors sanitaris de la Marina Alta el pr\u00f2xim 10 d&#8217;octubre<\/span><\/a><\/p>\n","protected":false},"author":13,"featured_media":12090,"comment_status":"open","ping_status":"closed","sticky":false,"template":"","format":"standard","meta":{"_acf_changed":false,"inline_featured_image":false,"footnotes":""},"categories":[380],"tags":[2469,191,26,65],"class_list":["post-12088","post","type-post","status-publish","format-standard","has-post-thumbnail","hentry","category-sanidad","tag-concentraciones","tag-denia","tag-protestas","tag-sanidad","cobertura-denia","cobertura-marina-alta"],"acf":[],"yoast_head":"<!-- This site is optimized with the Yoast SEO plugin v27.5 - https:\/\/yoast.com\/product\/yoast-seo-wordpress\/ -->\n<title>Concentraci\u00f3 dels treballadors sanitaris de la Marina Alta el pr\u00f2xim 10 d&#039;octubre | R\u00e0dio Litoral<\/title>\n<meta name=\"description\" content=\"Convocada pel Comit\u00e9 d&#039;Empresa per exigir l&#039;aplicaci\u00f3 del segon conveni col\u00b7lectiu i la pujada salarial Convocada pel Comit\u00e9 d&#039;Empresa per exigir l&#039;aplicaci\u00f3 del segon conveni col\u00b7lectiu i la pujada salarial\" \/>\n<meta name=\"robots\" content=\"index, follow, max-snippet:-1, max-image-preview:large, max-video-preview:-1\" \/>\n<link rel=\"canonical\" href=\"https:\/\/radiolitoral.com\/ca\/2024\/10\/concentracio-dels-treballadors-sanitaris-de-la-marina-alta-el-proper-10-doctubre\/\" \/>\n<meta property=\"og:locale\" content=\"ca_ES\" \/>\n<meta property=\"og:type\" content=\"article\" \/>\n<meta property=\"og:title\" content=\"Concentraci\u00f3 dels treballadors sanitaris de la Marina Alta el pr\u00f2xim 10 d&#039;octubre | R\u00e0dio Litoral\" \/>\n<meta property=\"og:description\" content=\"Convocada pel Comit\u00e9 d&#039;Empresa per exigir l&#039;aplicaci\u00f3 del segon conveni col\u00b7lectiu i la pujada salarial Convocada pel Comit\u00e9 d&#039;Empresa per exigir l&#039;aplicaci\u00f3 del segon conveni col\u00b7lectiu i la pujada salarial\" \/>\n<meta property=\"og:url\" content=\"https:\/\/radiolitoral.com\/ca\/2024\/10\/concentracio-dels-treballadors-sanitaris-de-la-marina-alta-el-proper-10-doctubre\/\" \/>\n<meta property=\"og:site_name\" content=\"R\u00e0dio Litoral\" \/>\n<meta property=\"article:publisher\" content=\"https:\/\/www.facebook.com\/Laradiolitoral\/\" \/>\n<meta property=\"article:published_time\" content=\"2024-10-03T11:20:19+00:00\" \/>\n<meta property=\"article:modified_time\" content=\"2024-10-03T11:21:22+00:00\" \/>\n<meta property=\"og:image\" content=\"https:\/\/media.radiolitoral.com\/wp-content\/uploads\/2024\/10\/03132050\/manifestacion-sanidad-21-abril-23-4.jpeg\" \/>\n\t<meta property=\"og:image:width\" content=\"1600\" \/>\n\t<meta property=\"og:image:height\" content=\"900\" \/>\n\t<meta property=\"og:image:type\" content=\"image\/jpeg\" \/>\n<meta name=\"author\" content=\"Redacci\u00f3n\" \/>\n<meta name=\"twitter:card\" content=\"summary_large_image\" \/>\n<meta name=\"twitter:label1\" content=\"Escrit per\" \/>\n\t<meta name=\"twitter:data1\" content=\"Redacci\u00f3n\" \/>\n\t<meta name=\"twitter:label2\" content=\"Temps estimat de lectura\" \/>\n\t<meta name=\"twitter:data2\" content=\"2 minuts\" \/>\n<script type=\"application\/ld+json\" class=\"yoast-schema-graph\">{\"@context\":\"https:\\\/\\\/schema.org\",\"@graph\":[{\"@type\":\"NewsArticle\",\"@id\":\"https:\\\/\\\/radiolitoral.com\\\/2024\\\/10\\\/concentracio-dels-treballadors-sanitaris-de-la-marina-alta-el-proxim-10-doctubre\\\/#article\",\"isPartOf\":{\"@id\":\"https:\\\/\\\/radiolitoral.com\\\/2024\\\/10\\\/concentracio-dels-treballadors-sanitaris-de-la-marina-alta-el-proxim-10-doctubre\\\/\"},\"author\":{\"name\":\"Redacci\u00f3n\",\"@id\":\"https:\\\/\\\/radiolitoral.com\\\/#\\\/schema\\\/person\\\/f2b2343c49b5d721857cc1002bfdb151\"},\"headline\":\"Concentraci\u00f3 dels treballadors sanitaris de la Marina Alta el pr\u00f2xim 10 d&#8217;octubre\",\"datePublished\":\"2024-10-03T11:20:19+00:00\",\"dateModified\":\"2024-10-03T11:21:22+00:00\",\"mainEntityOfPage\":{\"@id\":\"https:\\\/\\\/radiolitoral.com\\\/2024\\\/10\\\/concentracio-dels-treballadors-sanitaris-de-la-marina-alta-el-proxim-10-doctubre\\\/\"},\"wordCount\":300,\"commentCount\":0,\"publisher\":{\"@id\":\"https:\\\/\\\/radiolitoral.com\\\/#organization\"},\"image\":{\"@id\":\"https:\\\/\\\/radiolitoral.com\\\/2024\\\/10\\\/concentracio-dels-treballadors-sanitaris-de-la-marina-alta-el-proxim-10-doctubre\\\/#primaryimage\"},\"thumbnailUrl\":\"https:\\\/\\\/media.radiolitoral.com\\\/wp-content\\\/uploads\\\/2024\\\/10\\\/03132050\\\/manifestacion-sanidad-21-abril-23-4.jpeg\",\"keywords\":[\"concentraciones\",\"D\u00e9nia\",\"Protestas\",\"Sanidad\"],\"articleSection\":[\"Sanidad\"],\"inLanguage\":\"ca\",\"potentialAction\":[{\"@type\":\"CommentAction\",\"name\":\"Comment\",\"target\":[\"https:\\\/\\\/radiolitoral.com\\\/2024\\\/10\\\/concentracio-dels-treballadors-sanitaris-de-la-marina-alta-el-proxim-10-doctubre\\\/#respond\"]}]},{\"@type\":[\"WebPage\",\"ItemPage\"],\"@id\":\"https:\\\/\\\/radiolitoral.com\\\/2024\\\/10\\\/concentracio-dels-treballadors-sanitaris-de-la-marina-alta-el-proxim-10-doctubre\\\/\",\"url\":\"https:\\\/\\\/radiolitoral.com\\\/2024\\\/10\\\/concentracio-dels-treballadors-sanitaris-de-la-marina-alta-el-proxim-10-doctubre\\\/\",\"name\":\"Concentraci\u00f3 dels treballadors sanitaris de la Marina Alta el pr\u00f2xim 10 d'octubre | R\u00e0dio Litoral\",\"isPartOf\":{\"@id\":\"https:\\\/\\\/radiolitoral.com\\\/#website\"},\"primaryImageOfPage\":{\"@id\":\"https:\\\/\\\/radiolitoral.com\\\/2024\\\/10\\\/concentracio-dels-treballadors-sanitaris-de-la-marina-alta-el-proxim-10-doctubre\\\/#primaryimage\"},\"image\":{\"@id\":\"https:\\\/\\\/radiolitoral.com\\\/2024\\\/10\\\/concentracio-dels-treballadors-sanitaris-de-la-marina-alta-el-proxim-10-doctubre\\\/#primaryimage\"},\"thumbnailUrl\":\"https:\\\/\\\/media.radiolitoral.com\\\/wp-content\\\/uploads\\\/2024\\\/10\\\/03132050\\\/manifestacion-sanidad-21-abril-23-4.jpeg\",\"datePublished\":\"2024-10-03T11:20:19+00:00\",\"dateModified\":\"2024-10-03T11:21:22+00:00\",\"description\":\"Convocada pel Comit\u00e9 d'Empresa per exigir l'aplicaci\u00f3 del segon conveni col\u00b7lectiu i la pujada salarial Convocada pel Comit\u00e9 d'Empresa per exigir l'aplicaci\u00f3 del segon conveni col\u00b7lectiu i la pujada salarial\",\"breadcrumb\":{\"@id\":\"https:\\\/\\\/radiolitoral.com\\\/2024\\\/10\\\/concentracio-dels-treballadors-sanitaris-de-la-marina-alta-el-proxim-10-doctubre\\\/#breadcrumb\"},\"inLanguage\":\"ca\",\"potentialAction\":[{\"@type\":\"ReadAction\",\"target\":[\"https:\\\/\\\/radiolitoral.com\\\/2024\\\/10\\\/concentracio-dels-treballadors-sanitaris-de-la-marina-alta-el-proxim-10-doctubre\\\/\"]}]},{\"@type\":\"ImageObject\",\"inLanguage\":\"ca\",\"@id\":\"https:\\\/\\\/radiolitoral.com\\\/2024\\\/10\\\/concentracio-dels-treballadors-sanitaris-de-la-marina-alta-el-proxim-10-doctubre\\\/#primaryimage\",\"url\":\"https:\\\/\\\/media.radiolitoral.com\\\/wp-content\\\/uploads\\\/2024\\\/10\\\/03132050\\\/manifestacion-sanidad-21-abril-23-4.jpeg\",\"contentUrl\":\"https:\\\/\\\/media.radiolitoral.com\\\/wp-content\\\/uploads\\\/2024\\\/10\\\/03132050\\\/manifestacion-sanidad-21-abril-23-4.jpeg\",\"width\":1600,\"height\":900},{\"@type\":\"BreadcrumbList\",\"@id\":\"https:\\\/\\\/radiolitoral.com\\\/2024\\\/10\\\/concentracio-dels-treballadors-sanitaris-de-la-marina-alta-el-proxim-10-doctubre\\\/#breadcrumb\",\"itemListElement\":[{\"@type\":\"ListItem\",\"position\":1,\"name\":\"Portada\",\"item\":\"https:\\\/\\\/radiolitoral.com\\\/\"},{\"@type\":\"ListItem\",\"position\":2,\"name\":\"Concentraci\u00f3 dels treballadors sanitaris de la Marina Alta el pr\u00f2xim 10 d&#8217;octubre\"}]},{\"@type\":\"WebSite\",\"@id\":\"https:\\\/\\\/radiolitoral.com\\\/#website\",\"url\":\"https:\\\/\\\/radiolitoral.com\\\/\",\"name\":\"Radio Litoral\",\"description\":\"La radio local de la Marina Alta\",\"publisher\":{\"@id\":\"https:\\\/\\\/radiolitoral.com\\\/#organization\"},\"alternateName\":\"Litoral FM\",\"potentialAction\":[{\"@type\":\"SearchAction\",\"target\":{\"@type\":\"EntryPoint\",\"urlTemplate\":\"https:\\\/\\\/radiolitoral.com\\\/?s={search_term_string}\"},\"query-input\":{\"@type\":\"PropertyValueSpecification\",\"valueRequired\":true,\"valueName\":\"search_term_string\"}}],\"inLanguage\":\"ca\"},{\"@type\":\"Organization\",\"@id\":\"https:\\\/\\\/radiolitoral.com\\\/#organization\",\"name\":\"Radio Litoral\",\"url\":\"https:\\\/\\\/radiolitoral.com\\\/\",\"logo\":{\"@type\":\"ImageObject\",\"inLanguage\":\"ca\",\"@id\":\"https:\\\/\\\/radiolitoral.com\\\/#\\\/schema\\\/logo\\\/image\\\/\",\"url\":\"https:\\\/\\\/media.radiolitoral.com\\\/wp-content\\\/uploads\\\/2023\\\/02\\\/24143238\\\/CL-V-RadioLitoral696.png\",\"contentUrl\":\"https:\\\/\\\/media.radiolitoral.com\\\/wp-content\\\/uploads\\\/2023\\\/02\\\/24143238\\\/CL-V-RadioLitoral696.png\",\"width\":696,\"height\":696,\"caption\":\"Radio Litoral\"},\"image\":{\"@id\":\"https:\\\/\\\/radiolitoral.com\\\/#\\\/schema\\\/logo\\\/image\\\/\"},\"sameAs\":[\"https:\\\/\\\/www.facebook.com\\\/Laradiolitoral\\\/\"]},{\"@type\":\"Person\",\"@id\":\"https:\\\/\\\/radiolitoral.com\\\/#\\\/schema\\\/person\\\/f2b2343c49b5d721857cc1002bfdb151\",\"name\":\"Redacci\u00f3n\",\"image\":{\"@type\":\"ImageObject\",\"inLanguage\":\"ca\",\"@id\":\"https:\\\/\\\/secure.gravatar.com\\\/avatar\\\/f771d896c203ad8b3382d7905cfcce5a5c9b008b84b3cd9114e9b9f4cb63f789?s=96&d=mm&r=g\",\"url\":\"https:\\\/\\\/secure.gravatar.com\\\/avatar\\\/f771d896c203ad8b3382d7905cfcce5a5c9b008b84b3cd9114e9b9f4cb63f789?s=96&d=mm&r=g\",\"contentUrl\":\"https:\\\/\\\/secure.gravatar.com\\\/avatar\\\/f771d896c203ad8b3382d7905cfcce5a5c9b008b84b3cd9114e9b9f4cb63f789?s=96&d=mm&r=g\",\"caption\":\"Redacci\u00f3n\"},\"url\":\"https:\\\/\\\/radiolitoral.com\\\/ca\\\/author\\\/miriam-pagan\\\/\"}]}<\/script>\n<!-- \/ Yoast SEO plugin. -->","yoast_head_json":{"title":"Concentraci\u00f3 dels treballadors sanitaris de la Marina Alta el proper 10 d&#039;octubre | R\u00e0dio Litoral","description":"Convocada pel Comit\u00e8 d&#039;Empresa per exigir l&#039;aplicaci\u00f3 del segon conveni col\u00b7lectiu i la licitaci\u00f3 salarial Convocada pel Comit\u00e8 d&#039;Empresa per exigir l&#039;aplicaci\u00f3 del segon conveni col\u00b7lectiu i la licitaci\u00f3 salarial","robots":{"index":"index","follow":"follow","max-snippet":"max-snippet:-1","max-image-preview":"max-image-preview:large","max-video-preview":"max-video-preview:-1"},"canonical":"https:\/\/radiolitoral.com\/ca\/2024\/10\/concentracio-dels-treballadors-sanitaris-de-la-marina-alta-el-proper-10-doctubre\/","og_locale":"ca_ES","og_type":"article","og_title":"Concentraci\u00f3 dels treballadors sanitaris de la Marina Alta el pr\u00f2xim 10 d'octubre | R\u00e0dio Litoral","og_description":"Convocada pel Comit\u00e9 d'Empresa per exigir l'aplicaci\u00f3 del segon conveni col\u00b7lectiu i la pujada salarial Convocada pel Comit\u00e9 d'Empresa per exigir l'aplicaci\u00f3 del segon conveni col\u00b7lectiu i la pujada salarial","og_url":"https:\/\/radiolitoral.com\/ca\/2024\/10\/concentracio-dels-treballadors-sanitaris-de-la-marina-alta-el-proper-10-doctubre\/","og_site_name":"R\u00e0dio Litoral","article_publisher":"https:\/\/www.facebook.com\/Laradiolitoral\/","article_published_time":"2024-10-03T11:20:19+00:00","article_modified_time":"2024-10-03T11:21:22+00:00","og_image":[{"width":1600,"height":900,"url":"https:\/\/media.radiolitoral.com\/wp-content\/uploads\/2024\/10\/03132050\/manifestacion-sanidad-21-abril-23-4.jpeg","type":"image\/jpeg"}],"author":"Redacci\u00f3n","twitter_card":"summary_large_image","twitter_misc":{"Escrit per":"Redacci\u00f3n","Temps estimat de lectura":"2 minuts"},"schema":{"@context":"https:\/\/schema.org","@graph":[{"@type":"NewsArticle","@id":"https:\/\/radiolitoral.com\/2024\/10\/concentracio-dels-treballadors-sanitaris-de-la-marina-alta-el-proxim-10-doctubre\/#article","isPartOf":{"@id":"https:\/\/radiolitoral.com\/2024\/10\/concentracio-dels-treballadors-sanitaris-de-la-marina-alta-el-proxim-10-doctubre\/"},"author":{"name":"Redacci\u00f3n","@id":"https:\/\/radiolitoral.com\/#\/schema\/person\/f2b2343c49b5d721857cc1002bfdb151"},"headline":"Concentraci\u00f3 dels treballadors sanitaris de la Marina Alta el pr\u00f2xim 10 d&#8217;octubre","datePublished":"2024-10-03T11:20:19+00:00","dateModified":"2024-10-03T11:21:22+00:00","mainEntityOfPage":{"@id":"https:\/\/radiolitoral.com\/2024\/10\/concentracio-dels-treballadors-sanitaris-de-la-marina-alta-el-proxim-10-doctubre\/"},"wordCount":300,"commentCount":0,"publisher":{"@id":"https:\/\/radiolitoral.com\/#organization"},"image":{"@id":"https:\/\/radiolitoral.com\/2024\/10\/concentracio-dels-treballadors-sanitaris-de-la-marina-alta-el-proxim-10-doctubre\/#primaryimage"},"thumbnailUrl":"https:\/\/media.radiolitoral.com\/wp-content\/uploads\/2024\/10\/03132050\/manifestacion-sanidad-21-abril-23-4.jpeg","keywords":["concentraciones","D\u00e9nia","Protestas","Sanidad"],"articleSection":["Sanidad"],"inLanguage":"ca","potentialAction":[{"@type":"CommentAction","name":"Comment","target":["https:\/\/radiolitoral.com\/2024\/10\/concentracio-dels-treballadors-sanitaris-de-la-marina-alta-el-proxim-10-doctubre\/#respond"]}]},{"@type":["WebPage","ItemPage"],"@id":"https:\/\/radiolitoral.com\/2024\/10\/concentracio-dels-treballadors-sanitaris-de-la-marina-alta-el-proxim-10-doctubre\/","url":"https:\/\/radiolitoral.com\/2024\/10\/concentracio-dels-treballadors-sanitaris-de-la-marina-alta-el-proxim-10-doctubre\/","name":"Concentraci\u00f3 dels treballadors sanitaris de la Marina Alta el proper 10 d&#039;octubre | R\u00e0dio Litoral","isPartOf":{"@id":"https:\/\/radiolitoral.com\/#website"},"primaryImageOfPage":{"@id":"https:\/\/radiolitoral.com\/2024\/10\/concentracio-dels-treballadors-sanitaris-de-la-marina-alta-el-proxim-10-doctubre\/#primaryimage"},"image":{"@id":"https:\/\/radiolitoral.com\/2024\/10\/concentracio-dels-treballadors-sanitaris-de-la-marina-alta-el-proxim-10-doctubre\/#primaryimage"},"thumbnailUrl":"https:\/\/media.radiolitoral.com\/wp-content\/uploads\/2024\/10\/03132050\/manifestacion-sanidad-21-abril-23-4.jpeg","datePublished":"2024-10-03T11:20:19+00:00","dateModified":"2024-10-03T11:21:22+00:00","description":"Convocada pel Comit\u00e8 d&#039;Empresa per exigir l&#039;aplicaci\u00f3 del segon conveni col\u00b7lectiu i la licitaci\u00f3 salarial Convocada pel Comit\u00e8 d&#039;Empresa per exigir l&#039;aplicaci\u00f3 del segon conveni col\u00b7lectiu i la licitaci\u00f3 salarial","breadcrumb":{"@id":"https:\/\/radiolitoral.com\/2024\/10\/concentracio-dels-treballadors-sanitaris-de-la-marina-alta-el-proxim-10-doctubre\/#breadcrumb"},"inLanguage":"ca","potentialAction":[{"@type":"ReadAction","target":["https:\/\/radiolitoral.com\/2024\/10\/concentracio-dels-treballadors-sanitaris-de-la-marina-alta-el-proxim-10-doctubre\/"]}]},{"@type":"ImageObject","inLanguage":"ca","@id":"https:\/\/radiolitoral.com\/2024\/10\/concentracio-dels-treballadors-sanitaris-de-la-marina-alta-el-proxim-10-doctubre\/#primaryimage","url":"https:\/\/media.radiolitoral.com\/wp-content\/uploads\/2024\/10\/03132050\/manifestacion-sanidad-21-abril-23-4.jpeg","contentUrl":"https:\/\/media.radiolitoral.com\/wp-content\/uploads\/2024\/10\/03132050\/manifestacion-sanidad-21-abril-23-4.jpeg","width":1600,"height":900},{"@type":"BreadcrumbList","@id":"https:\/\/radiolitoral.com\/2024\/10\/concentracio-dels-treballadors-sanitaris-de-la-marina-alta-el-proxim-10-doctubre\/#breadcrumb","itemListElement":[{"@type":"ListItem","position":1,"name":"Portada","item":"https:\/\/radiolitoral.com\/"},{"@type":"ListItem","position":2,"name":"Concentraci\u00f3 dels treballadors sanitaris de la Marina Alta el pr\u00f2xim 10 d&#8217;octubre"}]},{"@type":"WebSite","@id":"https:\/\/radiolitoral.com\/#website","url":"https:\/\/radiolitoral.com\/","name":"R\u00e0dio Litoral","description":"La r\u00e0dio local de la Marina Alta","publisher":{"@id":"https:\/\/radiolitoral.com\/#organization"},"alternateName":"Litoral FM","potentialAction":[{"@type":"SearchAction","target":{"@type":"EntryPoint","urlTemplate":"https:\/\/radiolitoral.com\/?s={search_term_string}"},"query-input":{"@type":"PropertyValueSpecification","valueRequired":true,"valueName":"search_term_string"}}],"inLanguage":"ca"},{"@type":"Organization","@id":"https:\/\/radiolitoral.com\/#organization","name":"R\u00e0dio Litoral","url":"https:\/\/radiolitoral.com\/","logo":{"@type":"ImageObject","inLanguage":"ca","@id":"https:\/\/radiolitoral.com\/#\/schema\/logo\/image\/","url":"https:\/\/media.radiolitoral.com\/wp-content\/uploads\/2023\/02\/24143238\/CL-V-RadioLitoral696.png","contentUrl":"https:\/\/media.radiolitoral.com\/wp-content\/uploads\/2023\/02\/24143238\/CL-V-RadioLitoral696.png","width":696,"height":696,"caption":"Radio Litoral"},"image":{"@id":"https:\/\/radiolitoral.com\/#\/schema\/logo\/image\/"},"sameAs":["https:\/\/www.facebook.com\/Laradiolitoral\/"]},{"@type":"Person","@id":"https:\/\/radiolitoral.com\/#\/schema\/person\/f2b2343c49b5d721857cc1002bfdb151","name":"Redacci\u00f3","image":{"@type":"ImageObject","inLanguage":"ca","@id":"https:\/\/secure.gravatar.com\/avatar\/f771d896c203ad8b3382d7905cfcce5a5c9b008b84b3cd9114e9b9f4cb63f789?s=96&d=mm&r=g","url":"https:\/\/secure.gravatar.com\/avatar\/f771d896c203ad8b3382d7905cfcce5a5c9b008b84b3cd9114e9b9f4cb63f789?s=96&d=mm&r=g","contentUrl":"https:\/\/secure.gravatar.com\/avatar\/f771d896c203ad8b3382d7905cfcce5a5c9b008b84b3cd9114e9b9f4cb63f789?s=96&d=mm&r=g","caption":"Redacci\u00f3n"},"url":"https:\/\/radiolitoral.com\/ca\/author\/miriam-pagan\/"}]}},"_links":{"self":[{"href":"https:\/\/radiolitoral.com\/ca\/wp-json\/wp\/v2\/posts\/12088","targetHints":{"allow":["GET"]}}],"collection":[{"href":"https:\/\/radiolitoral.com\/ca\/wp-json\/wp\/v2\/posts"}],"about":[{"href":"https:\/\/radiolitoral.com\/ca\/wp-json\/wp\/v2\/types\/post"}],"author":[{"embeddable":true,"href":"https:\/\/radiolitoral.com\/ca\/wp-json\/wp\/v2\/users\/13"}],"replies":[{"embeddable":true,"href":"https:\/\/radiolitoral.com\/ca\/wp-json\/wp\/v2\/comments?post=12088"}],"version-history":[{"count":2,"href":"https:\/\/radiolitoral.com\/ca\/wp-json\/wp\/v2\/posts\/12088\/revisions"}],"predecessor-version":[{"id":12091,"href":"https:\/\/radiolitoral.com\/ca\/wp-json\/wp\/v2\/posts\/12088\/revisions\/12091"}],"wp:featuredmedia":[{"embeddable":true,"href":"https:\/\/radiolitoral.com\/ca\/wp-json\/wp\/v2\/media\/12090"}],"wp:attachment":[{"href":"https:\/\/radiolitoral.com\/ca\/wp-json\/wp\/v2\/media?parent=12088"}],"wp:term":[{"taxonomy":"category","embeddable":true,"href":"https:\/\/radiolitoral.com\/ca\/wp-json\/wp\/v2\/categories?post=12088"},{"taxonomy":"post_tag","embeddable":true,"href":"https:\/\/radiolitoral.com\/ca\/wp-json\/wp\/v2\/tags?post=12088"}],"curies":[{"name":"wp","href":"https:\/\/api.w.org\/{rel}","templated":true}]}}