{"id":12083,"date":"2024-10-03T12:54:43","date_gmt":"2024-10-03T10:54:43","guid":{"rendered":"https:\/\/radiolitoral.com\/?p=12083"},"modified":"2024-10-03T12:54:43","modified_gmt":"2024-10-03T10:54:43","slug":"teulada-moraira-es-prepara-per-celebrar-el-9-doctubre-amb-una-completa-programacio","status":"publish","type":"post","link":"https:\/\/radiolitoral.com\/ca\/2024\/10\/teulada-moraira-es-prepara-per-celebrar-el-9-doctubre-amb-una-completa-programacio\/","title":{"rendered":"Teulada Moraira es prepara per celebrar el 9 d&#039;octubre amb una completa programaci\u00f3"},"content":{"rendered":"<p>Teulada Moraira ha organitzat una amplia programaci\u00f3 cultural per celebrar el 9 d&#039;octubre, Dia de la Comunitat Valenciana. Els actes estan pensats per a persones de totes les edats i inclouen activitats variades, tant culturals com l\u00fadiques.<\/p>\n<p>Entre els dies previs, fins a l&#039;11 d&#039;octubre, la Biblioteca Municipal de Teulada i l&#039;Ag\u00e8ncia de Lectura de Moraira oferiran l&#039;Auca de Jaume I. A m\u00e9s, hi haur\u00e0 una exposici\u00f3 de llibres centrada en aquest personatge hist\u00f2ric valenci\u00e0.<\/p>\n<h4>Programaci\u00f3 especial per als m\u00e9s menuts<\/h4>\n<p>El 7 d&#039;octubre, els m\u00e9s petits podran participar al taller infantil Construint la ciutat Medieval de Jaume I tridimensional. Aquest taller es far\u00e0 a les 16.30 hores a la Biblioteca de Teulada ia les 18.00 hores a l&#039;Ag\u00e8ncia de Lectura de Moraira.<\/p>\n<p>El 8 d&#039;octubre, la programaci\u00f3 continua amb una desfilada i espectacle de Jaume I. Aquest esdeveniment comen\u00e7ar\u00e0 a les 18:30 hores a l&#039;avinguda de Las Palmas de Teulada, i culminar\u00e0 a la pla\u00e7a VI Centenari amb un emocionant combat medieval.<\/p>\n<h4>Celebraci\u00f3 del 9 d&#039;octubre<\/h4>\n<p>El 9 d&#039;octubre, dia gran de la festivitat, s&#039;iniciar\u00e0 amb un acte institucional a la pla\u00e7a de l&#039;Ajuntament de Teulada. Durant aquest acte, l&#039;alcalde Ra\u00fal Llobell far\u00e0 la lectura del manifest commemoratiu. A m\u00e9s, es comptar\u00e0 amb la participaci\u00f3 de les associacions culturals locals, com la Colla El Fal\u00e7\u00f3, la Coral Teuladina, les Danses Font Santa i l&#039;Associaci\u00f3 Musical Cultural de Teulada.<\/p>\n<p>A la tarda, a les 18.30 hores, la desfilada i espectacle de Jaume I es traslladar\u00e0 a Moraira. L\u00b4acte comen\u00e7ar\u00e0 al Fort\u00ed i acabar\u00e0 al\u00b4esplanada del Castell, on es realitzar\u00e0 un combat medieval.<\/p>\n<p>La regidora de Cultura de l&#039;<a href=\"https:\/\/www.teuladamoraira.com.es\/\">Ajuntament<\/a>, Ver\u00f3nica Mart\u00ednez, ha convidat la ciutadania a participar en els actes, agradent la col\u00b7laboraci\u00f3 de les associacions locals. L&#039;alcalde, Ra\u00fal Llobell, ha subratllat la import\u00e0ncia de mantenir vives les tradicions i la cultura valenciana en aquest dia tan especial.<\/p>","protected":false},"excerpt":{"rendered":"<p>Teulada Moraira ha organitzat una \u00e0mplia programaci\u00f3 cultural per celebrar el 9 d\u2019octubre, Dia de la Comunitat Valenciana. Els actes estan pensats per a persones de totes les edats i inclouen activitats variades, tant culturals com l\u00fadiques. Entre els dies previs, fins a l\u201911 d\u2019octubre, la Biblioteca Municipal de Teulada i la Ag\u00e8ncia de Lectura [&#8230;]<\/p>\n<p><a class=\"btn btn-secondary understrap-read-more-link\" href=\"https:\/\/radiolitoral.com\/ca\/2024\/10\/teulada-moraira-es-prepara-per-celebrar-el-9-doctubre-amb-una-completa-programacio\/\">Continua llegint&#8230;<span class=\"screen-reader-text\"> from Teulada Moraira es prepara per celebrar el 9 d\u2019octubre amb una completa programaci\u00f3<\/span><\/a><\/p>\n","protected":false},"author":13,"featured_media":12085,"comment_status":"open","ping_status":"closed","sticky":false,"template":"","format":"standard","meta":{"_acf_changed":false,"inline_featured_image":false,"footnotes":""},"categories":[55],"tags":[2463,2467,2464,2466,2465,2468,195],"class_list":["post-12083","post","type-post","status-publish","format-standard","has-post-thumbnail","hentry","category-cultura","tag-9-doctubre","tag-activitats-infantils","tag-celebracio-comunitat-valenciana","tag-combat-medieval","tag-jaume-i","tag-regidoria-de-cultura","tag-teulada-moraira","cobertura-teulada-moraira"],"acf":[],"yoast_head":"<!-- This site is optimized with the Yoast SEO plugin v27.5 - https:\/\/yoast.com\/product\/yoast-seo-wordpress\/ -->\n<title>El 9 d&#039;octubre a Teulada Moraira arriba amb moltes activitats | R\u00e0dio Litoral<\/title>\n<meta name=\"description\" content=\"Teulada Moraira, 9 d\u2019octubre, celebraci\u00f3 Comunitat Valenciana, Jaume I, combat medieval, activitats infantils, regidoria de Cultura\" \/>\n<meta name=\"robots\" content=\"index, follow, max-snippet:-1, max-image-preview:large, max-video-preview:-1\" \/>\n<link rel=\"canonical\" href=\"https:\/\/radiolitoral.com\/ca\/2024\/10\/teulada-moraira-es-prepara-per-celebrar-el-9-doctubre-amb-una-completa-programacio\/\" \/>\n<meta property=\"og:locale\" content=\"ca_ES\" \/>\n<meta property=\"og:type\" content=\"article\" \/>\n<meta property=\"og:title\" content=\"El 9 d&#039;octubre a Teulada Moraira arriba amb moltes activitats | R\u00e0dio Litoral\" \/>\n<meta property=\"og:description\" content=\"Teulada Moraira, 9 d\u2019octubre, celebraci\u00f3 Comunitat Valenciana, Jaume I, combat medieval, activitats infantils, regidoria de Cultura\" \/>\n<meta property=\"og:url\" content=\"https:\/\/radiolitoral.com\/ca\/2024\/10\/teulada-moraira-es-prepara-per-celebrar-el-9-doctubre-amb-una-completa-programacio\/\" \/>\n<meta property=\"og:site_name\" content=\"R\u00e0dio Litoral\" \/>\n<meta property=\"article:publisher\" content=\"https:\/\/www.facebook.com\/Laradiolitoral\/\" \/>\n<meta property=\"article:published_time\" content=\"2024-10-03T10:54:43+00:00\" \/>\n<meta property=\"og:image\" content=\"https:\/\/media.radiolitoral.com\/wp-content\/uploads\/2024\/10\/03125416\/Bandera_de_la_ciutat_de_Valencia_Senyera_Coronada_a_les_Torres_de_Serrans.jpg\" \/>\n\t<meta property=\"og:image:width\" content=\"666\" \/>\n\t<meta property=\"og:image:height\" content=\"448\" \/>\n\t<meta property=\"og:image:type\" content=\"image\/jpeg\" \/>\n<meta name=\"author\" content=\"Redacci\u00f3n\" \/>\n<meta name=\"twitter:card\" content=\"summary_large_image\" \/>\n<meta name=\"twitter:label1\" content=\"Escrit per\" \/>\n\t<meta name=\"twitter:data1\" content=\"Redacci\u00f3n\" \/>\n\t<meta name=\"twitter:label2\" content=\"Temps estimat de lectura\" \/>\n\t<meta name=\"twitter:data2\" content=\"2 minuts\" \/>\n<script type=\"application\/ld+json\" class=\"yoast-schema-graph\">{\"@context\":\"https:\\\/\\\/schema.org\",\"@graph\":[{\"@type\":\"NewsArticle\",\"@id\":\"https:\\\/\\\/radiolitoral.com\\\/2024\\\/10\\\/teulada-moraira-es-prepara-per-celebrar-el-9-doctubre-amb-una-completa-programacio\\\/#article\",\"isPartOf\":{\"@id\":\"https:\\\/\\\/radiolitoral.com\\\/2024\\\/10\\\/teulada-moraira-es-prepara-per-celebrar-el-9-doctubre-amb-una-completa-programacio\\\/\"},\"author\":{\"name\":\"Redacci\u00f3n\",\"@id\":\"https:\\\/\\\/radiolitoral.com\\\/#\\\/schema\\\/person\\\/f2b2343c49b5d721857cc1002bfdb151\"},\"headline\":\"Teulada Moraira es prepara per celebrar el 9 d\u2019octubre amb una completa programaci\u00f3\",\"datePublished\":\"2024-10-03T10:54:43+00:00\",\"mainEntityOfPage\":{\"@id\":\"https:\\\/\\\/radiolitoral.com\\\/2024\\\/10\\\/teulada-moraira-es-prepara-per-celebrar-el-9-doctubre-amb-una-completa-programacio\\\/\"},\"wordCount\":350,\"commentCount\":0,\"publisher\":{\"@id\":\"https:\\\/\\\/radiolitoral.com\\\/#organization\"},\"image\":{\"@id\":\"https:\\\/\\\/radiolitoral.com\\\/2024\\\/10\\\/teulada-moraira-es-prepara-per-celebrar-el-9-doctubre-amb-una-completa-programacio\\\/#primaryimage\"},\"thumbnailUrl\":\"https:\\\/\\\/media.radiolitoral.com\\\/wp-content\\\/uploads\\\/2024\\\/10\\\/03125416\\\/Bandera_de_la_ciutat_de_Valencia_Senyera_Coronada_a_les_Torres_de_Serrans.jpg\",\"keywords\":[\"9 d\u2019octubre\",\"activitats infantils\",\"celebraci\u00f3 Comunitat Valenciana\",\"combat medieval\",\"Jaume I\",\"regidoria de Cultura\",\"Teulada-Moraira\"],\"articleSection\":[\"Cultura\"],\"inLanguage\":\"ca\",\"potentialAction\":[{\"@type\":\"CommentAction\",\"name\":\"Comment\",\"target\":[\"https:\\\/\\\/radiolitoral.com\\\/2024\\\/10\\\/teulada-moraira-es-prepara-per-celebrar-el-9-doctubre-amb-una-completa-programacio\\\/#respond\"]}]},{\"@type\":[\"WebPage\",\"ItemPage\"],\"@id\":\"https:\\\/\\\/radiolitoral.com\\\/2024\\\/10\\\/teulada-moraira-es-prepara-per-celebrar-el-9-doctubre-amb-una-completa-programacio\\\/\",\"url\":\"https:\\\/\\\/radiolitoral.com\\\/2024\\\/10\\\/teulada-moraira-es-prepara-per-celebrar-el-9-doctubre-amb-una-completa-programacio\\\/\",\"name\":\"El 9 d'octubre a Teulada Moraira arriba amb moltes activitats | R\u00e0dio Litoral\",\"isPartOf\":{\"@id\":\"https:\\\/\\\/radiolitoral.com\\\/#website\"},\"primaryImageOfPage\":{\"@id\":\"https:\\\/\\\/radiolitoral.com\\\/2024\\\/10\\\/teulada-moraira-es-prepara-per-celebrar-el-9-doctubre-amb-una-completa-programacio\\\/#primaryimage\"},\"image\":{\"@id\":\"https:\\\/\\\/radiolitoral.com\\\/2024\\\/10\\\/teulada-moraira-es-prepara-per-celebrar-el-9-doctubre-amb-una-completa-programacio\\\/#primaryimage\"},\"thumbnailUrl\":\"https:\\\/\\\/media.radiolitoral.com\\\/wp-content\\\/uploads\\\/2024\\\/10\\\/03125416\\\/Bandera_de_la_ciutat_de_Valencia_Senyera_Coronada_a_les_Torres_de_Serrans.jpg\",\"datePublished\":\"2024-10-03T10:54:43+00:00\",\"description\":\"Teulada Moraira, 9 d\u2019octubre, celebraci\u00f3 Comunitat Valenciana, Jaume I, combat medieval, activitats infantils, regidoria de Cultura\",\"breadcrumb\":{\"@id\":\"https:\\\/\\\/radiolitoral.com\\\/2024\\\/10\\\/teulada-moraira-es-prepara-per-celebrar-el-9-doctubre-amb-una-completa-programacio\\\/#breadcrumb\"},\"inLanguage\":\"ca\",\"potentialAction\":[{\"@type\":\"ReadAction\",\"target\":[\"https:\\\/\\\/radiolitoral.com\\\/2024\\\/10\\\/teulada-moraira-es-prepara-per-celebrar-el-9-doctubre-amb-una-completa-programacio\\\/\"]}]},{\"@type\":\"ImageObject\",\"inLanguage\":\"ca\",\"@id\":\"https:\\\/\\\/radiolitoral.com\\\/2024\\\/10\\\/teulada-moraira-es-prepara-per-celebrar-el-9-doctubre-amb-una-completa-programacio\\\/#primaryimage\",\"url\":\"https:\\\/\\\/media.radiolitoral.com\\\/wp-content\\\/uploads\\\/2024\\\/10\\\/03125416\\\/Bandera_de_la_ciutat_de_Valencia_Senyera_Coronada_a_les_Torres_de_Serrans.jpg\",\"contentUrl\":\"https:\\\/\\\/media.radiolitoral.com\\\/wp-content\\\/uploads\\\/2024\\\/10\\\/03125416\\\/Bandera_de_la_ciutat_de_Valencia_Senyera_Coronada_a_les_Torres_de_Serrans.jpg\",\"width\":666,\"height\":448},{\"@type\":\"BreadcrumbList\",\"@id\":\"https:\\\/\\\/radiolitoral.com\\\/2024\\\/10\\\/teulada-moraira-es-prepara-per-celebrar-el-9-doctubre-amb-una-completa-programacio\\\/#breadcrumb\",\"itemListElement\":[{\"@type\":\"ListItem\",\"position\":1,\"name\":\"Portada\",\"item\":\"https:\\\/\\\/radiolitoral.com\\\/\"},{\"@type\":\"ListItem\",\"position\":2,\"name\":\"Teulada Moraira es prepara per celebrar el 9 d\u2019octubre amb una completa programaci\u00f3\"}]},{\"@type\":\"WebSite\",\"@id\":\"https:\\\/\\\/radiolitoral.com\\\/#website\",\"url\":\"https:\\\/\\\/radiolitoral.com\\\/\",\"name\":\"Radio Litoral\",\"description\":\"La radio local de la Marina Alta\",\"publisher\":{\"@id\":\"https:\\\/\\\/radiolitoral.com\\\/#organization\"},\"alternateName\":\"Litoral FM\",\"potentialAction\":[{\"@type\":\"SearchAction\",\"target\":{\"@type\":\"EntryPoint\",\"urlTemplate\":\"https:\\\/\\\/radiolitoral.com\\\/?s={search_term_string}\"},\"query-input\":{\"@type\":\"PropertyValueSpecification\",\"valueRequired\":true,\"valueName\":\"search_term_string\"}}],\"inLanguage\":\"ca\"},{\"@type\":\"Organization\",\"@id\":\"https:\\\/\\\/radiolitoral.com\\\/#organization\",\"name\":\"Radio Litoral\",\"url\":\"https:\\\/\\\/radiolitoral.com\\\/\",\"logo\":{\"@type\":\"ImageObject\",\"inLanguage\":\"ca\",\"@id\":\"https:\\\/\\\/radiolitoral.com\\\/#\\\/schema\\\/logo\\\/image\\\/\",\"url\":\"https:\\\/\\\/media.radiolitoral.com\\\/wp-content\\\/uploads\\\/2023\\\/02\\\/24143238\\\/CL-V-RadioLitoral696.png\",\"contentUrl\":\"https:\\\/\\\/media.radiolitoral.com\\\/wp-content\\\/uploads\\\/2023\\\/02\\\/24143238\\\/CL-V-RadioLitoral696.png\",\"width\":696,\"height\":696,\"caption\":\"Radio Litoral\"},\"image\":{\"@id\":\"https:\\\/\\\/radiolitoral.com\\\/#\\\/schema\\\/logo\\\/image\\\/\"},\"sameAs\":[\"https:\\\/\\\/www.facebook.com\\\/Laradiolitoral\\\/\"]},{\"@type\":\"Person\",\"@id\":\"https:\\\/\\\/radiolitoral.com\\\/#\\\/schema\\\/person\\\/f2b2343c49b5d721857cc1002bfdb151\",\"name\":\"Redacci\u00f3n\",\"image\":{\"@type\":\"ImageObject\",\"inLanguage\":\"ca\",\"@id\":\"https:\\\/\\\/secure.gravatar.com\\\/avatar\\\/f771d896c203ad8b3382d7905cfcce5a5c9b008b84b3cd9114e9b9f4cb63f789?s=96&d=mm&r=g\",\"url\":\"https:\\\/\\\/secure.gravatar.com\\\/avatar\\\/f771d896c203ad8b3382d7905cfcce5a5c9b008b84b3cd9114e9b9f4cb63f789?s=96&d=mm&r=g\",\"contentUrl\":\"https:\\\/\\\/secure.gravatar.com\\\/avatar\\\/f771d896c203ad8b3382d7905cfcce5a5c9b008b84b3cd9114e9b9f4cb63f789?s=96&d=mm&r=g\",\"caption\":\"Redacci\u00f3n\"},\"url\":\"https:\\\/\\\/radiolitoral.com\\\/ca\\\/author\\\/miriam-pagan\\\/\"}]}<\/script>\n<!-- \/ Yoast SEO plugin. -->","yoast_head_json":{"title":"El 9 d&#039;octubre Teulada Moraira arriba amb moltes activitats | R\u00e0dio Litoral","description":"Teulada Moraira, 9 d&#039;octubre, celebraci\u00f3 Comunitat Valenciana, Jaume I, combat medieval, activitats infantils, regidoria de Cultura","robots":{"index":"index","follow":"follow","max-snippet":"max-snippet:-1","max-image-preview":"max-image-preview:large","max-video-preview":"max-video-preview:-1"},"canonical":"https:\/\/radiolitoral.com\/ca\/2024\/10\/teulada-moraira-es-prepara-per-celebrar-el-9-doctubre-amb-una-completa-programacio\/","og_locale":"ca_ES","og_type":"article","og_title":"El 9 d'octubre a Teulada Moraira arriba amb moltes activitats | R\u00e0dio Litoral","og_description":"Teulada Moraira, 9 d\u2019octubre, celebraci\u00f3 Comunitat Valenciana, Jaume I, combat medieval, activitats infantils, regidoria de Cultura","og_url":"https:\/\/radiolitoral.com\/ca\/2024\/10\/teulada-moraira-es-prepara-per-celebrar-el-9-doctubre-amb-una-completa-programacio\/","og_site_name":"R\u00e0dio Litoral","article_publisher":"https:\/\/www.facebook.com\/Laradiolitoral\/","article_published_time":"2024-10-03T10:54:43+00:00","og_image":[{"width":666,"height":448,"url":"https:\/\/media.radiolitoral.com\/wp-content\/uploads\/2024\/10\/03125416\/Bandera_de_la_ciutat_de_Valencia_Senyera_Coronada_a_les_Torres_de_Serrans.jpg","type":"image\/jpeg"}],"author":"Redacci\u00f3n","twitter_card":"summary_large_image","twitter_misc":{"Escrit per":"Redacci\u00f3n","Temps estimat de lectura":"2 minuts"},"schema":{"@context":"https:\/\/schema.org","@graph":[{"@type":"NewsArticle","@id":"https:\/\/radiolitoral.com\/2024\/10\/teulada-moraira-es-prepara-per-celebrar-el-9-doctubre-amb-una-completa-programacio\/#article","isPartOf":{"@id":"https:\/\/radiolitoral.com\/2024\/10\/teulada-moraira-es-prepara-per-celebrar-el-9-doctubre-amb-una-completa-programacio\/"},"author":{"name":"Redacci\u00f3n","@id":"https:\/\/radiolitoral.com\/#\/schema\/person\/f2b2343c49b5d721857cc1002bfdb151"},"headline":"Teulada Moraira es prepara per celebrar el 9 d\u2019octubre amb una completa programaci\u00f3","datePublished":"2024-10-03T10:54:43+00:00","mainEntityOfPage":{"@id":"https:\/\/radiolitoral.com\/2024\/10\/teulada-moraira-es-prepara-per-celebrar-el-9-doctubre-amb-una-completa-programacio\/"},"wordCount":350,"commentCount":0,"publisher":{"@id":"https:\/\/radiolitoral.com\/#organization"},"image":{"@id":"https:\/\/radiolitoral.com\/2024\/10\/teulada-moraira-es-prepara-per-celebrar-el-9-doctubre-amb-una-completa-programacio\/#primaryimage"},"thumbnailUrl":"https:\/\/media.radiolitoral.com\/wp-content\/uploads\/2024\/10\/03125416\/Bandera_de_la_ciutat_de_Valencia_Senyera_Coronada_a_les_Torres_de_Serrans.jpg","keywords":["9 d\u2019octubre","activitats infantils","celebraci\u00f3 Comunitat Valenciana","combat medieval","Jaume I","regidoria de Cultura","Teulada-Moraira"],"articleSection":["Cultura"],"inLanguage":"ca","potentialAction":[{"@type":"CommentAction","name":"Comment","target":["https:\/\/radiolitoral.com\/2024\/10\/teulada-moraira-es-prepara-per-celebrar-el-9-doctubre-amb-una-completa-programacio\/#respond"]}]},{"@type":["WebPage","ItemPage"],"@id":"https:\/\/radiolitoral.com\/2024\/10\/teulada-moraira-es-prepara-per-celebrar-el-9-doctubre-amb-una-completa-programacio\/","url":"https:\/\/radiolitoral.com\/2024\/10\/teulada-moraira-es-prepara-per-celebrar-el-9-doctubre-amb-una-completa-programacio\/","name":"El 9 d&#039;octubre Teulada Moraira arriba amb moltes activitats | R\u00e0dio Litoral","isPartOf":{"@id":"https:\/\/radiolitoral.com\/#website"},"primaryImageOfPage":{"@id":"https:\/\/radiolitoral.com\/2024\/10\/teulada-moraira-es-prepara-per-celebrar-el-9-doctubre-amb-una-completa-programacio\/#primaryimage"},"image":{"@id":"https:\/\/radiolitoral.com\/2024\/10\/teulada-moraira-es-prepara-per-celebrar-el-9-doctubre-amb-una-completa-programacio\/#primaryimage"},"thumbnailUrl":"https:\/\/media.radiolitoral.com\/wp-content\/uploads\/2024\/10\/03125416\/Bandera_de_la_ciutat_de_Valencia_Senyera_Coronada_a_les_Torres_de_Serrans.jpg","datePublished":"2024-10-03T10:54:43+00:00","description":"Teulada Moraira, 9 d&#039;octubre, celebraci\u00f3 Comunitat Valenciana, Jaume I, combat medieval, activitats infantils, regidoria de Cultura","breadcrumb":{"@id":"https:\/\/radiolitoral.com\/2024\/10\/teulada-moraira-es-prepara-per-celebrar-el-9-doctubre-amb-una-completa-programacio\/#breadcrumb"},"inLanguage":"ca","potentialAction":[{"@type":"ReadAction","target":["https:\/\/radiolitoral.com\/2024\/10\/teulada-moraira-es-prepara-per-celebrar-el-9-doctubre-amb-una-completa-programacio\/"]}]},{"@type":"ImageObject","inLanguage":"ca","@id":"https:\/\/radiolitoral.com\/2024\/10\/teulada-moraira-es-prepara-per-celebrar-el-9-doctubre-amb-una-completa-programacio\/#primaryimage","url":"https:\/\/media.radiolitoral.com\/wp-content\/uploads\/2024\/10\/03125416\/Bandera_de_la_ciutat_de_Valencia_Senyera_Coronada_a_les_Torres_de_Serrans.jpg","contentUrl":"https:\/\/media.radiolitoral.com\/wp-content\/uploads\/2024\/10\/03125416\/Bandera_de_la_ciutat_de_Valencia_Senyera_Coronada_a_les_Torres_de_Serrans.jpg","width":666,"height":448},{"@type":"BreadcrumbList","@id":"https:\/\/radiolitoral.com\/2024\/10\/teulada-moraira-es-prepara-per-celebrar-el-9-doctubre-amb-una-completa-programacio\/#breadcrumb","itemListElement":[{"@type":"ListItem","position":1,"name":"Portada","item":"https:\/\/radiolitoral.com\/"},{"@type":"ListItem","position":2,"name":"Teulada Moraira es prepara per celebrar el 9 d\u2019octubre amb una completa programaci\u00f3"}]},{"@type":"WebSite","@id":"https:\/\/radiolitoral.com\/#website","url":"https:\/\/radiolitoral.com\/","name":"R\u00e0dio Litoral","description":"La r\u00e0dio local de la Marina Alta","publisher":{"@id":"https:\/\/radiolitoral.com\/#organization"},"alternateName":"Litoral FM","potentialAction":[{"@type":"SearchAction","target":{"@type":"EntryPoint","urlTemplate":"https:\/\/radiolitoral.com\/?s={search_term_string}"},"query-input":{"@type":"PropertyValueSpecification","valueRequired":true,"valueName":"search_term_string"}}],"inLanguage":"ca"},{"@type":"Organization","@id":"https:\/\/radiolitoral.com\/#organization","name":"R\u00e0dio Litoral","url":"https:\/\/radiolitoral.com\/","logo":{"@type":"ImageObject","inLanguage":"ca","@id":"https:\/\/radiolitoral.com\/#\/schema\/logo\/image\/","url":"https:\/\/media.radiolitoral.com\/wp-content\/uploads\/2023\/02\/24143238\/CL-V-RadioLitoral696.png","contentUrl":"https:\/\/media.radiolitoral.com\/wp-content\/uploads\/2023\/02\/24143238\/CL-V-RadioLitoral696.png","width":696,"height":696,"caption":"Radio Litoral"},"image":{"@id":"https:\/\/radiolitoral.com\/#\/schema\/logo\/image\/"},"sameAs":["https:\/\/www.facebook.com\/Laradiolitoral\/"]},{"@type":"Person","@id":"https:\/\/radiolitoral.com\/#\/schema\/person\/f2b2343c49b5d721857cc1002bfdb151","name":"Redacci\u00f3","image":{"@type":"ImageObject","inLanguage":"ca","@id":"https:\/\/secure.gravatar.com\/avatar\/f771d896c203ad8b3382d7905cfcce5a5c9b008b84b3cd9114e9b9f4cb63f789?s=96&d=mm&r=g","url":"https:\/\/secure.gravatar.com\/avatar\/f771d896c203ad8b3382d7905cfcce5a5c9b008b84b3cd9114e9b9f4cb63f789?s=96&d=mm&r=g","contentUrl":"https:\/\/secure.gravatar.com\/avatar\/f771d896c203ad8b3382d7905cfcce5a5c9b008b84b3cd9114e9b9f4cb63f789?s=96&d=mm&r=g","caption":"Redacci\u00f3n"},"url":"https:\/\/radiolitoral.com\/ca\/author\/miriam-pagan\/"}]}},"_links":{"self":[{"href":"https:\/\/radiolitoral.com\/ca\/wp-json\/wp\/v2\/posts\/12083","targetHints":{"allow":["GET"]}}],"collection":[{"href":"https:\/\/radiolitoral.com\/ca\/wp-json\/wp\/v2\/posts"}],"about":[{"href":"https:\/\/radiolitoral.com\/ca\/wp-json\/wp\/v2\/types\/post"}],"author":[{"embeddable":true,"href":"https:\/\/radiolitoral.com\/ca\/wp-json\/wp\/v2\/users\/13"}],"replies":[{"embeddable":true,"href":"https:\/\/radiolitoral.com\/ca\/wp-json\/wp\/v2\/comments?post=12083"}],"version-history":[{"count":2,"href":"https:\/\/radiolitoral.com\/ca\/wp-json\/wp\/v2\/posts\/12083\/revisions"}],"predecessor-version":[{"id":12086,"href":"https:\/\/radiolitoral.com\/ca\/wp-json\/wp\/v2\/posts\/12083\/revisions\/12086"}],"wp:featuredmedia":[{"embeddable":true,"href":"https:\/\/radiolitoral.com\/ca\/wp-json\/wp\/v2\/media\/12085"}],"wp:attachment":[{"href":"https:\/\/radiolitoral.com\/ca\/wp-json\/wp\/v2\/media?parent=12083"}],"wp:term":[{"taxonomy":"category","embeddable":true,"href":"https:\/\/radiolitoral.com\/ca\/wp-json\/wp\/v2\/categories?post=12083"},{"taxonomy":"post_tag","embeddable":true,"href":"https:\/\/radiolitoral.com\/ca\/wp-json\/wp\/v2\/tags?post=12083"}],"curies":[{"name":"wp","href":"https:\/\/api.w.org\/{rel}","templated":true}]}}