{"id":12002,"date":"2024-10-02T11:02:35","date_gmt":"2024-10-02T09:02:35","guid":{"rendered":"https:\/\/radiolitoral.com\/?p=12002"},"modified":"2024-10-02T11:02:35","modified_gmt":"2024-10-02T09:02:35","slug":"les-xiques-del-cb-ifach-calp-van-guanyar-el-torneig-vila-de-calp-2","status":"publish","type":"post","link":"https:\/\/radiolitoral.com\/ca\/2024\/10\/les-xiques-del-cb-ifach-calpe-van-guanyar-el-torneig-vila-de-calp-2\/","title":{"rendered":"Les xiques del CB Ifach Calp van guanyar el Torneig Vila de Calp"},"content":{"rendered":"<p>Al pavell\u00f3 Domingo Crespo de Calp es va disputar el cl\u00e0ssic <strong>Torneig Vila de Calp de b\u00e0squet<\/strong> que en aquesta edici\u00f3 va tindre com a protagonistes als equips femenins del <strong>CB Ifach Calp<\/strong> i el <strong>CB Joventut X\u00e0bia<\/strong>. El triomf final va ser per a l&#039;equip anfitri\u00e0 per 50 a 34, despr\u00e9s d&#039;un brillant partit.<\/p>\n<p>Les locals van comen\u00e7ar amb algunes dubtes que poc a poc van resolent amb solv\u00e8ncia davant un rival que va intentar frenar el joc ofensiu amb una bona feina defensiva. Amb el pas dels minuts, el CB Ifach Calp va imposant els seus esquemas d&#039;atac.<\/p>\n<p>Totes dues formacions evidenciaran que tenen molt de marge de millora tenen temps per aix\u00f2 abans del comen\u00e7ament de la competici\u00f3 de lliga. Els t\u00e8cnics dels dos combinats van aprofitar aquest partit per provar sistemes tant d&#039;atac com de defensa i sobretot perqu\u00e8 les seves noies vagin adquirint els conceptes de joc que posaran a practicar durant el campionat.<\/p>","protected":false},"excerpt":{"rendered":"<p>En el pavell\u00f3 Domingo Crespo de Calp es va disputar el cl\u00e0ssic Torneig Vila de Calp de b\u00e0squet que en esta edici\u00f3 va tindre com a protagonistes als equips femenins del CB Ifach Calpe i el CB Joventut X\u00e1bia. El triomf final va ser per a l&#8217;equip amfitri\u00f3 per 50 a 34, despr\u00e9s d&#8217;un brillant [&#8230;]<\/p>\n<p><a class=\"btn btn-secondary understrap-read-more-link\" href=\"https:\/\/radiolitoral.com\/ca\/2024\/10\/les-xiques-del-cb-ifach-calpe-van-guanyar-el-torneig-vila-de-calp-2\/\">Continua llegint&#8230;<span class=\"screen-reader-text\"> from Les xiques del CB Ifach Calpe van guanyar el Torneig Vila de Calp<\/span><\/a><\/p>\n","protected":false},"author":12,"featured_media":12003,"comment_status":"open","ping_status":"closed","sticky":false,"template":"","format":"standard","meta":{"_acf_changed":false,"inline_featured_image":false,"footnotes":""},"categories":[5],"tags":[952,1702,6,2405],"class_list":["post-12002","post","type-post","status-publish","format-standard","has-post-thumbnail","hentry","category-deportes","tag-cb-ifach-calpe","tag-cb-joventut-xabia","tag-deportes","tag-torneig-vila-de-calp-de-basquet","cobertura-calp"],"acf":[],"yoast_head":"<!-- This site is optimized with the Yoast SEO plugin v27.5 - https:\/\/yoast.com\/product\/yoast-seo-wordpress\/ -->\n<title>Les xiques del CB Ifach Calpe van guanyar el Torneig Vila de Calp | R\u00e0dio Litoral<\/title>\n<meta name=\"description\" content=\"Van derrotar en un gran partit al CB Joventut X\u00e0bia per 50 a 34 Van derrotar en un gran partit al CB Joventut X\u00e0bia per 50 a 34\" \/>\n<meta name=\"robots\" content=\"index, follow, max-snippet:-1, max-image-preview:large, max-video-preview:-1\" \/>\n<link rel=\"canonical\" href=\"https:\/\/radiolitoral.com\/ca\/2024\/10\/les-xiques-del-cb-ifach-calp-van-guanyar-el-torneig-vila-de-calp-2\/\" \/>\n<meta property=\"og:locale\" content=\"ca_ES\" \/>\n<meta property=\"og:type\" content=\"article\" \/>\n<meta property=\"og:title\" content=\"Les xiques del CB Ifach Calpe van guanyar el Torneig Vila de Calp | R\u00e0dio Litoral\" \/>\n<meta property=\"og:description\" content=\"Van derrotar en un gran partit al CB Joventut X\u00e0bia per 50 a 34 Van derrotar en un gran partit al CB Joventut X\u00e0bia per 50 a 34\" \/>\n<meta property=\"og:url\" content=\"https:\/\/radiolitoral.com\/ca\/2024\/10\/les-xiques-del-cb-ifach-calp-van-guanyar-el-torneig-vila-de-calp-2\/\" \/>\n<meta property=\"og:site_name\" content=\"R\u00e0dio Litoral\" \/>\n<meta property=\"article:publisher\" content=\"https:\/\/www.facebook.com\/Laradiolitoral\/\" \/>\n<meta property=\"article:published_time\" content=\"2024-10-02T09:02:35+00:00\" \/>\n<meta property=\"og:image\" content=\"https:\/\/media.radiolitoral.com\/wp-content\/uploads\/2024\/10\/01170454\/El-CB-Ifach-Calpe-con-su-trofeo.jpg\" \/>\n\t<meta property=\"og:image:width\" content=\"2048\" \/>\n\t<meta property=\"og:image:height\" content=\"1629\" \/>\n\t<meta property=\"og:image:type\" content=\"image\/jpeg\" \/>\n<meta name=\"author\" content=\"Javier Zamora\" \/>\n<meta name=\"twitter:card\" content=\"summary_large_image\" \/>\n<meta name=\"twitter:label1\" content=\"Escrit per\" \/>\n\t<meta name=\"twitter:data1\" content=\"Javier Zamora\" \/>\n\t<meta name=\"twitter:label2\" content=\"Temps estimat de lectura\" \/>\n\t<meta name=\"twitter:data2\" content=\"2 minuts\" \/>\n<script type=\"application\/ld+json\" class=\"yoast-schema-graph\">{\"@context\":\"https:\\\/\\\/schema.org\",\"@graph\":[{\"@type\":\"NewsArticle\",\"@id\":\"https:\\\/\\\/radiolitoral.com\\\/2024\\\/10\\\/les-xiques-del-cb-ifach-calpe-van-guanyar-el-torneig-vila-de-calp-2\\\/#article\",\"isPartOf\":{\"@id\":\"https:\\\/\\\/radiolitoral.com\\\/2024\\\/10\\\/les-xiques-del-cb-ifach-calpe-van-guanyar-el-torneig-vila-de-calp-2\\\/\"},\"author\":{\"name\":\"Javier Zamora\",\"@id\":\"https:\\\/\\\/radiolitoral.com\\\/#\\\/schema\\\/person\\\/7b1480b5caeb5acdd4ec6379caf62b22\"},\"headline\":\"Les xiques del CB Ifach Calpe van guanyar el Torneig Vila de Calp\",\"datePublished\":\"2024-10-02T09:02:35+00:00\",\"mainEntityOfPage\":{\"@id\":\"https:\\\/\\\/radiolitoral.com\\\/2024\\\/10\\\/les-xiques-del-cb-ifach-calpe-van-guanyar-el-torneig-vila-de-calp-2\\\/\"},\"wordCount\":189,\"commentCount\":0,\"publisher\":{\"@id\":\"https:\\\/\\\/radiolitoral.com\\\/#organization\"},\"image\":{\"@id\":\"https:\\\/\\\/radiolitoral.com\\\/2024\\\/10\\\/les-xiques-del-cb-ifach-calpe-van-guanyar-el-torneig-vila-de-calp-2\\\/#primaryimage\"},\"thumbnailUrl\":\"https:\\\/\\\/media.radiolitoral.com\\\/wp-content\\\/uploads\\\/2024\\\/10\\\/01170454\\\/El-CB-Ifach-Calpe-con-su-trofeo.jpg\",\"keywords\":[\"CB Ifach Calpe\",\"CB Joventut X\u00e0bia\",\"deportes\",\"Torneig Vila de Calp de b\u00e0squet\"],\"articleSection\":[\"Deportes\"],\"inLanguage\":\"ca\",\"potentialAction\":[{\"@type\":\"CommentAction\",\"name\":\"Comment\",\"target\":[\"https:\\\/\\\/radiolitoral.com\\\/2024\\\/10\\\/les-xiques-del-cb-ifach-calpe-van-guanyar-el-torneig-vila-de-calp-2\\\/#respond\"]}]},{\"@type\":[\"WebPage\",\"ItemPage\"],\"@id\":\"https:\\\/\\\/radiolitoral.com\\\/2024\\\/10\\\/les-xiques-del-cb-ifach-calpe-van-guanyar-el-torneig-vila-de-calp-2\\\/\",\"url\":\"https:\\\/\\\/radiolitoral.com\\\/2024\\\/10\\\/les-xiques-del-cb-ifach-calpe-van-guanyar-el-torneig-vila-de-calp-2\\\/\",\"name\":\"Les xiques del CB Ifach Calpe van guanyar el Torneig Vila de Calp | R\u00e0dio Litoral\",\"isPartOf\":{\"@id\":\"https:\\\/\\\/radiolitoral.com\\\/#website\"},\"primaryImageOfPage\":{\"@id\":\"https:\\\/\\\/radiolitoral.com\\\/2024\\\/10\\\/les-xiques-del-cb-ifach-calpe-van-guanyar-el-torneig-vila-de-calp-2\\\/#primaryimage\"},\"image\":{\"@id\":\"https:\\\/\\\/radiolitoral.com\\\/2024\\\/10\\\/les-xiques-del-cb-ifach-calpe-van-guanyar-el-torneig-vila-de-calp-2\\\/#primaryimage\"},\"thumbnailUrl\":\"https:\\\/\\\/media.radiolitoral.com\\\/wp-content\\\/uploads\\\/2024\\\/10\\\/01170454\\\/El-CB-Ifach-Calpe-con-su-trofeo.jpg\",\"datePublished\":\"2024-10-02T09:02:35+00:00\",\"description\":\"Van derrotar en un gran partit al CB Joventut X\u00e0bia per 50 a 34 Van derrotar en un gran partit al CB Joventut X\u00e0bia per 50 a 34\",\"breadcrumb\":{\"@id\":\"https:\\\/\\\/radiolitoral.com\\\/2024\\\/10\\\/les-xiques-del-cb-ifach-calpe-van-guanyar-el-torneig-vila-de-calp-2\\\/#breadcrumb\"},\"inLanguage\":\"ca\",\"potentialAction\":[{\"@type\":\"ReadAction\",\"target\":[\"https:\\\/\\\/radiolitoral.com\\\/2024\\\/10\\\/les-xiques-del-cb-ifach-calpe-van-guanyar-el-torneig-vila-de-calp-2\\\/\"]}]},{\"@type\":\"ImageObject\",\"inLanguage\":\"ca\",\"@id\":\"https:\\\/\\\/radiolitoral.com\\\/2024\\\/10\\\/les-xiques-del-cb-ifach-calpe-van-guanyar-el-torneig-vila-de-calp-2\\\/#primaryimage\",\"url\":\"https:\\\/\\\/media.radiolitoral.com\\\/wp-content\\\/uploads\\\/2024\\\/10\\\/01170454\\\/El-CB-Ifach-Calpe-con-su-trofeo.jpg\",\"contentUrl\":\"https:\\\/\\\/media.radiolitoral.com\\\/wp-content\\\/uploads\\\/2024\\\/10\\\/01170454\\\/El-CB-Ifach-Calpe-con-su-trofeo.jpg\",\"width\":2048,\"height\":1629},{\"@type\":\"BreadcrumbList\",\"@id\":\"https:\\\/\\\/radiolitoral.com\\\/2024\\\/10\\\/les-xiques-del-cb-ifach-calpe-van-guanyar-el-torneig-vila-de-calp-2\\\/#breadcrumb\",\"itemListElement\":[{\"@type\":\"ListItem\",\"position\":1,\"name\":\"Portada\",\"item\":\"https:\\\/\\\/radiolitoral.com\\\/\"},{\"@type\":\"ListItem\",\"position\":2,\"name\":\"Les xiques del CB Ifach Calpe van guanyar el Torneig Vila de Calp\"}]},{\"@type\":\"WebSite\",\"@id\":\"https:\\\/\\\/radiolitoral.com\\\/#website\",\"url\":\"https:\\\/\\\/radiolitoral.com\\\/\",\"name\":\"Radio Litoral\",\"description\":\"La radio local de la Marina Alta\",\"publisher\":{\"@id\":\"https:\\\/\\\/radiolitoral.com\\\/#organization\"},\"alternateName\":\"Litoral FM\",\"potentialAction\":[{\"@type\":\"SearchAction\",\"target\":{\"@type\":\"EntryPoint\",\"urlTemplate\":\"https:\\\/\\\/radiolitoral.com\\\/?s={search_term_string}\"},\"query-input\":{\"@type\":\"PropertyValueSpecification\",\"valueRequired\":true,\"valueName\":\"search_term_string\"}}],\"inLanguage\":\"ca\"},{\"@type\":\"Organization\",\"@id\":\"https:\\\/\\\/radiolitoral.com\\\/#organization\",\"name\":\"Radio Litoral\",\"url\":\"https:\\\/\\\/radiolitoral.com\\\/\",\"logo\":{\"@type\":\"ImageObject\",\"inLanguage\":\"ca\",\"@id\":\"https:\\\/\\\/radiolitoral.com\\\/#\\\/schema\\\/logo\\\/image\\\/\",\"url\":\"https:\\\/\\\/media.radiolitoral.com\\\/wp-content\\\/uploads\\\/2023\\\/02\\\/24143238\\\/CL-V-RadioLitoral696.png\",\"contentUrl\":\"https:\\\/\\\/media.radiolitoral.com\\\/wp-content\\\/uploads\\\/2023\\\/02\\\/24143238\\\/CL-V-RadioLitoral696.png\",\"width\":696,\"height\":696,\"caption\":\"Radio Litoral\"},\"image\":{\"@id\":\"https:\\\/\\\/radiolitoral.com\\\/#\\\/schema\\\/logo\\\/image\\\/\"},\"sameAs\":[\"https:\\\/\\\/www.facebook.com\\\/Laradiolitoral\\\/\"]},{\"@type\":\"Person\",\"@id\":\"https:\\\/\\\/radiolitoral.com\\\/#\\\/schema\\\/person\\\/7b1480b5caeb5acdd4ec6379caf62b22\",\"name\":\"Javier Zamora\",\"image\":{\"@type\":\"ImageObject\",\"inLanguage\":\"ca\",\"@id\":\"https:\\\/\\\/secure.gravatar.com\\\/avatar\\\/467a11f6918c7d619c4043fc6fa2d3853053107973f05b6e9c04ea6c4e3a7b3f?s=96&d=mm&r=g\",\"url\":\"https:\\\/\\\/secure.gravatar.com\\\/avatar\\\/467a11f6918c7d619c4043fc6fa2d3853053107973f05b6e9c04ea6c4e3a7b3f?s=96&d=mm&r=g\",\"contentUrl\":\"https:\\\/\\\/secure.gravatar.com\\\/avatar\\\/467a11f6918c7d619c4043fc6fa2d3853053107973f05b6e9c04ea6c4e3a7b3f?s=96&d=mm&r=g\",\"caption\":\"Javier Zamora\"},\"url\":\"https:\\\/\\\/radiolitoral.com\\\/ca\\\/author\\\/javier-zamora\\\/\"}]}<\/script>\n<!-- \/ Yoast SEO plugin. -->","yoast_head_json":{"title":"Les xiques del CB Ifach Calp van guanyar el Torneig Vila de Calp | R\u00e0dio Litoral","description":"Van derrotar en un gran partit el CB Joventut X\u00e0bia per 50 a 34 Van derrotar en un gran partit el CB Joventut X\u00e0bia per 50 a 34","robots":{"index":"index","follow":"follow","max-snippet":"max-snippet:-1","max-image-preview":"max-image-preview:large","max-video-preview":"max-video-preview:-1"},"canonical":"https:\/\/radiolitoral.com\/ca\/2024\/10\/les-xiques-del-cb-ifach-calp-van-guanyar-el-torneig-vila-de-calp-2\/","og_locale":"ca_ES","og_type":"article","og_title":"Les xiques del CB Ifach Calpe van guanyar el Torneig Vila de Calp | R\u00e0dio Litoral","og_description":"Van derrotar en un gran partit al CB Joventut X\u00e0bia per 50 a 34 Van derrotar en un gran partit al CB Joventut X\u00e0bia per 50 a 34","og_url":"https:\/\/radiolitoral.com\/ca\/2024\/10\/les-xiques-del-cb-ifach-calp-van-guanyar-el-torneig-vila-de-calp-2\/","og_site_name":"R\u00e0dio Litoral","article_publisher":"https:\/\/www.facebook.com\/Laradiolitoral\/","article_published_time":"2024-10-02T09:02:35+00:00","og_image":[{"width":2048,"height":1629,"url":"https:\/\/media.radiolitoral.com\/wp-content\/uploads\/2024\/10\/01170454\/El-CB-Ifach-Calpe-con-su-trofeo.jpg","type":"image\/jpeg"}],"author":"Javier Zamora","twitter_card":"summary_large_image","twitter_misc":{"Escrit per":"Javier Zamora","Temps estimat de lectura":"2 minuts"},"schema":{"@context":"https:\/\/schema.org","@graph":[{"@type":"NewsArticle","@id":"https:\/\/radiolitoral.com\/2024\/10\/les-xiques-del-cb-ifach-calpe-van-guanyar-el-torneig-vila-de-calp-2\/#article","isPartOf":{"@id":"https:\/\/radiolitoral.com\/2024\/10\/les-xiques-del-cb-ifach-calpe-van-guanyar-el-torneig-vila-de-calp-2\/"},"author":{"name":"Javier Zamora","@id":"https:\/\/radiolitoral.com\/#\/schema\/person\/7b1480b5caeb5acdd4ec6379caf62b22"},"headline":"Les xiques del CB Ifach Calpe van guanyar el Torneig Vila de Calp","datePublished":"2024-10-02T09:02:35+00:00","mainEntityOfPage":{"@id":"https:\/\/radiolitoral.com\/2024\/10\/les-xiques-del-cb-ifach-calpe-van-guanyar-el-torneig-vila-de-calp-2\/"},"wordCount":189,"commentCount":0,"publisher":{"@id":"https:\/\/radiolitoral.com\/#organization"},"image":{"@id":"https:\/\/radiolitoral.com\/2024\/10\/les-xiques-del-cb-ifach-calpe-van-guanyar-el-torneig-vila-de-calp-2\/#primaryimage"},"thumbnailUrl":"https:\/\/media.radiolitoral.com\/wp-content\/uploads\/2024\/10\/01170454\/El-CB-Ifach-Calpe-con-su-trofeo.jpg","keywords":["CB Ifach Calpe","CB Joventut X\u00e0bia","deportes","Torneig Vila de Calp de b\u00e0squet"],"articleSection":["Deportes"],"inLanguage":"ca","potentialAction":[{"@type":"CommentAction","name":"Comment","target":["https:\/\/radiolitoral.com\/2024\/10\/les-xiques-del-cb-ifach-calpe-van-guanyar-el-torneig-vila-de-calp-2\/#respond"]}]},{"@type":["WebPage","ItemPage"],"@id":"https:\/\/radiolitoral.com\/2024\/10\/les-xiques-del-cb-ifach-calpe-van-guanyar-el-torneig-vila-de-calp-2\/","url":"https:\/\/radiolitoral.com\/2024\/10\/les-xiques-del-cb-ifach-calpe-van-guanyar-el-torneig-vila-de-calp-2\/","name":"Les xiques del CB Ifach Calp van guanyar el Torneig Vila de Calp | R\u00e0dio Litoral","isPartOf":{"@id":"https:\/\/radiolitoral.com\/#website"},"primaryImageOfPage":{"@id":"https:\/\/radiolitoral.com\/2024\/10\/les-xiques-del-cb-ifach-calpe-van-guanyar-el-torneig-vila-de-calp-2\/#primaryimage"},"image":{"@id":"https:\/\/radiolitoral.com\/2024\/10\/les-xiques-del-cb-ifach-calpe-van-guanyar-el-torneig-vila-de-calp-2\/#primaryimage"},"thumbnailUrl":"https:\/\/media.radiolitoral.com\/wp-content\/uploads\/2024\/10\/01170454\/El-CB-Ifach-Calpe-con-su-trofeo.jpg","datePublished":"2024-10-02T09:02:35+00:00","description":"Van derrotar en un gran partit el CB Joventut X\u00e0bia per 50 a 34 Van derrotar en un gran partit el CB Joventut X\u00e0bia per 50 a 34","breadcrumb":{"@id":"https:\/\/radiolitoral.com\/2024\/10\/les-xiques-del-cb-ifach-calpe-van-guanyar-el-torneig-vila-de-calp-2\/#breadcrumb"},"inLanguage":"ca","potentialAction":[{"@type":"ReadAction","target":["https:\/\/radiolitoral.com\/2024\/10\/les-xiques-del-cb-ifach-calpe-van-guanyar-el-torneig-vila-de-calp-2\/"]}]},{"@type":"ImageObject","inLanguage":"ca","@id":"https:\/\/radiolitoral.com\/2024\/10\/les-xiques-del-cb-ifach-calpe-van-guanyar-el-torneig-vila-de-calp-2\/#primaryimage","url":"https:\/\/media.radiolitoral.com\/wp-content\/uploads\/2024\/10\/01170454\/El-CB-Ifach-Calpe-con-su-trofeo.jpg","contentUrl":"https:\/\/media.radiolitoral.com\/wp-content\/uploads\/2024\/10\/01170454\/El-CB-Ifach-Calpe-con-su-trofeo.jpg","width":2048,"height":1629},{"@type":"BreadcrumbList","@id":"https:\/\/radiolitoral.com\/2024\/10\/les-xiques-del-cb-ifach-calpe-van-guanyar-el-torneig-vila-de-calp-2\/#breadcrumb","itemListElement":[{"@type":"ListItem","position":1,"name":"Portada","item":"https:\/\/radiolitoral.com\/"},{"@type":"ListItem","position":2,"name":"Les xiques del CB Ifach Calpe van guanyar el Torneig Vila de Calp"}]},{"@type":"WebSite","@id":"https:\/\/radiolitoral.com\/#website","url":"https:\/\/radiolitoral.com\/","name":"R\u00e0dio Litoral","description":"La r\u00e0dio local de la Marina Alta","publisher":{"@id":"https:\/\/radiolitoral.com\/#organization"},"alternateName":"Litoral FM","potentialAction":[{"@type":"SearchAction","target":{"@type":"EntryPoint","urlTemplate":"https:\/\/radiolitoral.com\/?s={search_term_string}"},"query-input":{"@type":"PropertyValueSpecification","valueRequired":true,"valueName":"search_term_string"}}],"inLanguage":"ca"},{"@type":"Organization","@id":"https:\/\/radiolitoral.com\/#organization","name":"R\u00e0dio Litoral","url":"https:\/\/radiolitoral.com\/","logo":{"@type":"ImageObject","inLanguage":"ca","@id":"https:\/\/radiolitoral.com\/#\/schema\/logo\/image\/","url":"https:\/\/media.radiolitoral.com\/wp-content\/uploads\/2023\/02\/24143238\/CL-V-RadioLitoral696.png","contentUrl":"https:\/\/media.radiolitoral.com\/wp-content\/uploads\/2023\/02\/24143238\/CL-V-RadioLitoral696.png","width":696,"height":696,"caption":"Radio Litoral"},"image":{"@id":"https:\/\/radiolitoral.com\/#\/schema\/logo\/image\/"},"sameAs":["https:\/\/www.facebook.com\/Laradiolitoral\/"]},{"@type":"Person","@id":"https:\/\/radiolitoral.com\/#\/schema\/person\/7b1480b5caeb5acdd4ec6379caf62b22","name":"Javier Zamora","image":{"@type":"ImageObject","inLanguage":"ca","@id":"https:\/\/secure.gravatar.com\/avatar\/467a11f6918c7d619c4043fc6fa2d3853053107973f05b6e9c04ea6c4e3a7b3f?s=96&d=mm&r=g","url":"https:\/\/secure.gravatar.com\/avatar\/467a11f6918c7d619c4043fc6fa2d3853053107973f05b6e9c04ea6c4e3a7b3f?s=96&d=mm&r=g","contentUrl":"https:\/\/secure.gravatar.com\/avatar\/467a11f6918c7d619c4043fc6fa2d3853053107973f05b6e9c04ea6c4e3a7b3f?s=96&d=mm&r=g","caption":"Javier Zamora"},"url":"https:\/\/radiolitoral.com\/ca\/author\/javier-zamora\/"}]}},"_links":{"self":[{"href":"https:\/\/radiolitoral.com\/ca\/wp-json\/wp\/v2\/posts\/12002","targetHints":{"allow":["GET"]}}],"collection":[{"href":"https:\/\/radiolitoral.com\/ca\/wp-json\/wp\/v2\/posts"}],"about":[{"href":"https:\/\/radiolitoral.com\/ca\/wp-json\/wp\/v2\/types\/post"}],"author":[{"embeddable":true,"href":"https:\/\/radiolitoral.com\/ca\/wp-json\/wp\/v2\/users\/12"}],"replies":[{"embeddable":true,"href":"https:\/\/radiolitoral.com\/ca\/wp-json\/wp\/v2\/comments?post=12002"}],"version-history":[{"count":2,"href":"https:\/\/radiolitoral.com\/ca\/wp-json\/wp\/v2\/posts\/12002\/revisions"}],"predecessor-version":[{"id":12005,"href":"https:\/\/radiolitoral.com\/ca\/wp-json\/wp\/v2\/posts\/12002\/revisions\/12005"}],"wp:featuredmedia":[{"embeddable":true,"href":"https:\/\/radiolitoral.com\/ca\/wp-json\/wp\/v2\/media\/12003"}],"wp:attachment":[{"href":"https:\/\/radiolitoral.com\/ca\/wp-json\/wp\/v2\/media?parent=12002"}],"wp:term":[{"taxonomy":"category","embeddable":true,"href":"https:\/\/radiolitoral.com\/ca\/wp-json\/wp\/v2\/categories?post=12002"},{"taxonomy":"post_tag","embeddable":true,"href":"https:\/\/radiolitoral.com\/ca\/wp-json\/wp\/v2\/tags?post=12002"}],"curies":[{"name":"wp","href":"https:\/\/api.w.org\/{rel}","templated":true}]}}