{"id":11977,"date":"2024-10-01T12:55:16","date_gmt":"2024-10-01T10:55:16","guid":{"rendered":"https:\/\/radiolitoral.com\/?p=11977"},"modified":"2024-10-01T12:55:16","modified_gmt":"2024-10-01T10:55:16","slug":"el-cfs-dianenc-rte-mena-empatara-davant-el-far-santa-pola-2-2","status":"publish","type":"post","link":"https:\/\/radiolitoral.com\/ca\/2024\/10\/el-cfs-dianense-rte-mena-va-empatar-davant-el-faro-santa-pola-2-2\/","title":{"rendered":"El CFS Dianense-Rte Mena empatar\u00e0 davant el Faro Santa Pola (2-2)"},"content":{"rendered":"<p>El\u00a0 <strong>CFS Dianense- Rte Mena<\/strong> no va poder guanyar al <strong>CD Faro Santa Pola<\/strong> ja que en finalitzar el partit jugat al pavell\u00f3 de D\u00e9nia el marcador va senyalar un <strong>empat a 2<\/strong>.Bon ambient el que es va viure a la instal\u00b7laci\u00f3 del poliesportiu denier, ja que els seguidors del\u00a0<span class=\"hiddenSpellError\">CFS<\/span>\u00a0<span class=\"hiddenSpellError\">Dianenc-Rte Mena<\/span> \u00e9s van donar cita a un bon nombre. Abans del comen\u00e7ament del partit de la Primera Regional de Futbol Sala tindr\u00e0 lloc la presentaci\u00f3 de les formacions s\u00e8nior i juvenils. Els jugadors de cada equip\u00a0<span class=\"hiddenSpellError\">dianencs<\/span>\u00a0van saltar un per un a la pista arreplegant els aplaudiments de l&#039;afici\u00f3. Va ser una bona manera per anar coneixent els jugadors.<\/p>\n<p>Al partit el t\u00e8cnic local,\u00a0<strong><span class=\"hiddenSpellError\">Dani<\/span>\u00a0Franco<\/strong> va demanar als seus jugadors que isqueren amb concentraci\u00f3 i atents en defensa. Despr\u00e9s dels primers minuts de tanteig van ser els visitants els que es van avan\u00e7ar al marcador amb un gol d&#039;Hern\u00e1ndez.<\/p>\n<p>Els locals no van trobar la manera de trencar la defensa rival. Caldr\u00e0 esperar fins al minut 16 perqu\u00e8\u00a0<span class=\"hiddenSpellError\">Joan<\/span>\u00a0Ots aconseguir\u00e0 la igualada. Un gol que va revitalitzar l&#039;atac dels xavals de\u00a0<span class=\"hiddenSpellError\">Dani<\/span>\u00a0Franco, que abans del descans van anotar per mediaci\u00f3 de Cali.<\/p>\n<p>A la segona meitat el joc va estar molt igualat sense que cap dels dos equips super\u00e9s l&#039;altre. Els visitants van prendre la decisi\u00f3 d&#039;arriscar pel que van licitar la seva pressi\u00f3. Mancant 5 minuts per al final va arribar el punt de la igualada marcat per\u00a0<span class=\"hiddenSpellError\">Riquelme<\/span>. El partit va acabar amb el 2 a 2 i amb uns aficionats que van despedir els seus amb aplaudiments.<\/p>","protected":false},"excerpt":{"rendered":"<p>El\u00a0 CFS\u00a0 Dianense- Rte Mena no va poder guanyar al CD Faro Santa Pola ja que en finalitzar el partit jugat en el pavell\u00f3 de D\u00e9nia el marcador va assenyalar un empat a 2.Bon ambient el que es va viure en la instal\u00b7laci\u00f3 del poliesportiu\u00a0dianense, ja que\u00a0els seguidors del\u00a0CFS\u00a0Dianense-Rte Mena es van donar cita en [&#8230;]<\/p>\n<p><a class=\"btn btn-secondary understrap-read-more-link\" href=\"https:\/\/radiolitoral.com\/ca\/2024\/10\/el-cfs-dianense-rte-mena-va-empatar-davant-el-faro-santa-pola-2-2\/\">Continua llegint&#8230;<span class=\"screen-reader-text\"> from El CFS Dianense-Rte Mena va empatar davant el Faro Santa Pola (2-2)<\/span><\/a><\/p>\n","protected":false},"author":12,"featured_media":11978,"comment_status":"open","ping_status":"closed","sticky":false,"template":"","format":"standard","meta":{"_acf_changed":false,"inline_featured_image":false,"footnotes":""},"categories":[5],"tags":[2401,2325,2328,6],"class_list":["post-11977","post","type-post","status-publish","format-standard","has-post-thumbnail","hentry","category-deportes","tag-cd-faro-santa-pola","tag-cfs-dianense-rte-mena","tag-dani-franco","tag-deportes","cobertura-denia"],"acf":[],"yoast_head":"<!-- This site is optimized with the Yoast SEO plugin v27.5 - https:\/\/yoast.com\/product\/yoast-seo-wordpress\/ -->\n<title>El CFS Dianense-Rte Mena va empatar davant el Faro Santa Pola (2-2) | R\u00e0dio Litoral<\/title>\n<meta name=\"description\" content=\"En el pavell\u00f3 de D\u00e9nia es va viure un partit molt intens i emocionant amb dos equips que van mostrar un bon joc\" \/>\n<meta name=\"robots\" content=\"index, follow, max-snippet:-1, max-image-preview:large, max-video-preview:-1\" \/>\n<link rel=\"canonical\" href=\"https:\/\/radiolitoral.com\/ca\/2024\/10\/el-cfs-dianenc-rte-mena-empatara-davant-el-far-santa-pola-2-2\/\" \/>\n<meta property=\"og:locale\" content=\"ca_ES\" \/>\n<meta property=\"og:type\" content=\"article\" \/>\n<meta property=\"og:title\" content=\"El CFS Dianense-Rte Mena va empatar davant el Faro Santa Pola (2-2) | R\u00e0dio Litoral\" \/>\n<meta property=\"og:description\" content=\"En el pavell\u00f3 de D\u00e9nia es va viure un partit molt intens i emocionant amb dos equips que van mostrar un bon joc\" \/>\n<meta property=\"og:url\" content=\"https:\/\/radiolitoral.com\/ca\/2024\/10\/el-cfs-dianenc-rte-mena-empatara-davant-el-far-santa-pola-2-2\/\" \/>\n<meta property=\"og:site_name\" content=\"R\u00e0dio Litoral\" \/>\n<meta property=\"article:publisher\" content=\"https:\/\/www.facebook.com\/Laradiolitoral\/\" \/>\n<meta property=\"article:published_time\" content=\"2024-10-01T10:55:16+00:00\" \/>\n<meta property=\"og:image\" content=\"https:\/\/media.radiolitoral.com\/wp-content\/uploads\/2024\/10\/01125114\/Equipo-senior-del-CFS-Dianense.jpg\" \/>\n\t<meta property=\"og:image:width\" content=\"1270\" \/>\n\t<meta property=\"og:image:height\" content=\"949\" \/>\n\t<meta property=\"og:image:type\" content=\"image\/jpeg\" \/>\n<meta name=\"author\" content=\"Javier Zamora\" \/>\n<meta name=\"twitter:card\" content=\"summary_large_image\" \/>\n<meta name=\"twitter:label1\" content=\"Escrit per\" \/>\n\t<meta name=\"twitter:data1\" content=\"Javier Zamora\" \/>\n\t<meta name=\"twitter:label2\" content=\"Temps estimat de lectura\" \/>\n\t<meta name=\"twitter:data2\" content=\"2 minuts\" \/>\n<script type=\"application\/ld+json\" class=\"yoast-schema-graph\">{\"@context\":\"https:\\\/\\\/schema.org\",\"@graph\":[{\"@type\":\"NewsArticle\",\"@id\":\"https:\\\/\\\/radiolitoral.com\\\/2024\\\/10\\\/el-cfs-dianense-rte-mena-va-empatar-davant-el-faro-santa-pola-2-2\\\/#article\",\"isPartOf\":{\"@id\":\"https:\\\/\\\/radiolitoral.com\\\/2024\\\/10\\\/el-cfs-dianense-rte-mena-va-empatar-davant-el-faro-santa-pola-2-2\\\/\"},\"author\":{\"name\":\"Javier Zamora\",\"@id\":\"https:\\\/\\\/radiolitoral.com\\\/#\\\/schema\\\/person\\\/7b1480b5caeb5acdd4ec6379caf62b22\"},\"headline\":\"El CFS Dianense-Rte Mena va empatar davant el Faro Santa Pola (2-2)\",\"datePublished\":\"2024-10-01T10:55:16+00:00\",\"mainEntityOfPage\":{\"@id\":\"https:\\\/\\\/radiolitoral.com\\\/2024\\\/10\\\/el-cfs-dianense-rte-mena-va-empatar-davant-el-faro-santa-pola-2-2\\\/\"},\"wordCount\":297,\"commentCount\":0,\"publisher\":{\"@id\":\"https:\\\/\\\/radiolitoral.com\\\/#organization\"},\"image\":{\"@id\":\"https:\\\/\\\/radiolitoral.com\\\/2024\\\/10\\\/el-cfs-dianense-rte-mena-va-empatar-davant-el-faro-santa-pola-2-2\\\/#primaryimage\"},\"thumbnailUrl\":\"https:\\\/\\\/media.radiolitoral.com\\\/wp-content\\\/uploads\\\/2024\\\/10\\\/01125114\\\/Equipo-senior-del-CFS-Dianense.jpg\",\"keywords\":[\"CD Faro Santa Pola\",\"CFS\u00a0Dianense\u00a0Rte\u00a0Mena\",\"Dani\u00a0Franco\",\"deportes\"],\"articleSection\":[\"Deportes\"],\"inLanguage\":\"ca\",\"potentialAction\":[{\"@type\":\"CommentAction\",\"name\":\"Comment\",\"target\":[\"https:\\\/\\\/radiolitoral.com\\\/2024\\\/10\\\/el-cfs-dianense-rte-mena-va-empatar-davant-el-faro-santa-pola-2-2\\\/#respond\"]}]},{\"@type\":[\"WebPage\",\"ItemPage\"],\"@id\":\"https:\\\/\\\/radiolitoral.com\\\/2024\\\/10\\\/el-cfs-dianense-rte-mena-va-empatar-davant-el-faro-santa-pola-2-2\\\/\",\"url\":\"https:\\\/\\\/radiolitoral.com\\\/2024\\\/10\\\/el-cfs-dianense-rte-mena-va-empatar-davant-el-faro-santa-pola-2-2\\\/\",\"name\":\"El CFS Dianense-Rte Mena va empatar davant el Faro Santa Pola (2-2) | R\u00e0dio Litoral\",\"isPartOf\":{\"@id\":\"https:\\\/\\\/radiolitoral.com\\\/#website\"},\"primaryImageOfPage\":{\"@id\":\"https:\\\/\\\/radiolitoral.com\\\/2024\\\/10\\\/el-cfs-dianense-rte-mena-va-empatar-davant-el-faro-santa-pola-2-2\\\/#primaryimage\"},\"image\":{\"@id\":\"https:\\\/\\\/radiolitoral.com\\\/2024\\\/10\\\/el-cfs-dianense-rte-mena-va-empatar-davant-el-faro-santa-pola-2-2\\\/#primaryimage\"},\"thumbnailUrl\":\"https:\\\/\\\/media.radiolitoral.com\\\/wp-content\\\/uploads\\\/2024\\\/10\\\/01125114\\\/Equipo-senior-del-CFS-Dianense.jpg\",\"datePublished\":\"2024-10-01T10:55:16+00:00\",\"description\":\"En el pavell\u00f3 de D\u00e9nia es va viure un partit molt intens i emocionant amb dos equips que van mostrar un bon joc\",\"breadcrumb\":{\"@id\":\"https:\\\/\\\/radiolitoral.com\\\/2024\\\/10\\\/el-cfs-dianense-rte-mena-va-empatar-davant-el-faro-santa-pola-2-2\\\/#breadcrumb\"},\"inLanguage\":\"ca\",\"potentialAction\":[{\"@type\":\"ReadAction\",\"target\":[\"https:\\\/\\\/radiolitoral.com\\\/2024\\\/10\\\/el-cfs-dianense-rte-mena-va-empatar-davant-el-faro-santa-pola-2-2\\\/\"]}]},{\"@type\":\"ImageObject\",\"inLanguage\":\"ca\",\"@id\":\"https:\\\/\\\/radiolitoral.com\\\/2024\\\/10\\\/el-cfs-dianense-rte-mena-va-empatar-davant-el-faro-santa-pola-2-2\\\/#primaryimage\",\"url\":\"https:\\\/\\\/media.radiolitoral.com\\\/wp-content\\\/uploads\\\/2024\\\/10\\\/01125114\\\/Equipo-senior-del-CFS-Dianense.jpg\",\"contentUrl\":\"https:\\\/\\\/media.radiolitoral.com\\\/wp-content\\\/uploads\\\/2024\\\/10\\\/01125114\\\/Equipo-senior-del-CFS-Dianense.jpg\",\"width\":1270,\"height\":949},{\"@type\":\"BreadcrumbList\",\"@id\":\"https:\\\/\\\/radiolitoral.com\\\/2024\\\/10\\\/el-cfs-dianense-rte-mena-va-empatar-davant-el-faro-santa-pola-2-2\\\/#breadcrumb\",\"itemListElement\":[{\"@type\":\"ListItem\",\"position\":1,\"name\":\"Portada\",\"item\":\"https:\\\/\\\/radiolitoral.com\\\/\"},{\"@type\":\"ListItem\",\"position\":2,\"name\":\"El CFS Dianense-Rte Mena va empatar davant el Faro Santa Pola (2-2)\"}]},{\"@type\":\"WebSite\",\"@id\":\"https:\\\/\\\/radiolitoral.com\\\/#website\",\"url\":\"https:\\\/\\\/radiolitoral.com\\\/\",\"name\":\"Radio Litoral\",\"description\":\"La radio local de la Marina Alta\",\"publisher\":{\"@id\":\"https:\\\/\\\/radiolitoral.com\\\/#organization\"},\"alternateName\":\"Litoral FM\",\"potentialAction\":[{\"@type\":\"SearchAction\",\"target\":{\"@type\":\"EntryPoint\",\"urlTemplate\":\"https:\\\/\\\/radiolitoral.com\\\/?s={search_term_string}\"},\"query-input\":{\"@type\":\"PropertyValueSpecification\",\"valueRequired\":true,\"valueName\":\"search_term_string\"}}],\"inLanguage\":\"ca\"},{\"@type\":\"Organization\",\"@id\":\"https:\\\/\\\/radiolitoral.com\\\/#organization\",\"name\":\"Radio Litoral\",\"url\":\"https:\\\/\\\/radiolitoral.com\\\/\",\"logo\":{\"@type\":\"ImageObject\",\"inLanguage\":\"ca\",\"@id\":\"https:\\\/\\\/radiolitoral.com\\\/#\\\/schema\\\/logo\\\/image\\\/\",\"url\":\"https:\\\/\\\/media.radiolitoral.com\\\/wp-content\\\/uploads\\\/2023\\\/02\\\/24143238\\\/CL-V-RadioLitoral696.png\",\"contentUrl\":\"https:\\\/\\\/media.radiolitoral.com\\\/wp-content\\\/uploads\\\/2023\\\/02\\\/24143238\\\/CL-V-RadioLitoral696.png\",\"width\":696,\"height\":696,\"caption\":\"Radio Litoral\"},\"image\":{\"@id\":\"https:\\\/\\\/radiolitoral.com\\\/#\\\/schema\\\/logo\\\/image\\\/\"},\"sameAs\":[\"https:\\\/\\\/www.facebook.com\\\/Laradiolitoral\\\/\"]},{\"@type\":\"Person\",\"@id\":\"https:\\\/\\\/radiolitoral.com\\\/#\\\/schema\\\/person\\\/7b1480b5caeb5acdd4ec6379caf62b22\",\"name\":\"Javier Zamora\",\"image\":{\"@type\":\"ImageObject\",\"inLanguage\":\"ca\",\"@id\":\"https:\\\/\\\/secure.gravatar.com\\\/avatar\\\/467a11f6918c7d619c4043fc6fa2d3853053107973f05b6e9c04ea6c4e3a7b3f?s=96&d=mm&r=g\",\"url\":\"https:\\\/\\\/secure.gravatar.com\\\/avatar\\\/467a11f6918c7d619c4043fc6fa2d3853053107973f05b6e9c04ea6c4e3a7b3f?s=96&d=mm&r=g\",\"contentUrl\":\"https:\\\/\\\/secure.gravatar.com\\\/avatar\\\/467a11f6918c7d619c4043fc6fa2d3853053107973f05b6e9c04ea6c4e3a7b3f?s=96&d=mm&r=g\",\"caption\":\"Javier Zamora\"},\"url\":\"https:\\\/\\\/radiolitoral.com\\\/ca\\\/author\\\/javier-zamora\\\/\"}]}<\/script>\n<!-- \/ Yoast SEO plugin. -->","yoast_head_json":{"title":"El CFS Dianenc-Rte Mena empatar\u00e0 davant el Faro Santa Pola (2-2) | R\u00e0dio Litoral","description":"Al pavell\u00f3 de D\u00e9nia es va viure un partit molt intens i emocionant amb dos equips que van mostrar un bon joc","robots":{"index":"index","follow":"follow","max-snippet":"max-snippet:-1","max-image-preview":"max-image-preview:large","max-video-preview":"max-video-preview:-1"},"canonical":"https:\/\/radiolitoral.com\/ca\/2024\/10\/el-cfs-dianenc-rte-mena-empatara-davant-el-far-santa-pola-2-2\/","og_locale":"ca_ES","og_type":"article","og_title":"El CFS Dianense-Rte Mena va empatar davant el Faro Santa Pola (2-2) | R\u00e0dio Litoral","og_description":"En el pavell\u00f3 de D\u00e9nia es va viure un partit molt intens i emocionant amb dos equips que van mostrar un bon joc","og_url":"https:\/\/radiolitoral.com\/ca\/2024\/10\/el-cfs-dianenc-rte-mena-empatara-davant-el-far-santa-pola-2-2\/","og_site_name":"R\u00e0dio Litoral","article_publisher":"https:\/\/www.facebook.com\/Laradiolitoral\/","article_published_time":"2024-10-01T10:55:16+00:00","og_image":[{"width":1270,"height":949,"url":"https:\/\/media.radiolitoral.com\/wp-content\/uploads\/2024\/10\/01125114\/Equipo-senior-del-CFS-Dianense.jpg","type":"image\/jpeg"}],"author":"Javier Zamora","twitter_card":"summary_large_image","twitter_misc":{"Escrit per":"Javier Zamora","Temps estimat de lectura":"2 minuts"},"schema":{"@context":"https:\/\/schema.org","@graph":[{"@type":"NewsArticle","@id":"https:\/\/radiolitoral.com\/2024\/10\/el-cfs-dianense-rte-mena-va-empatar-davant-el-faro-santa-pola-2-2\/#article","isPartOf":{"@id":"https:\/\/radiolitoral.com\/2024\/10\/el-cfs-dianense-rte-mena-va-empatar-davant-el-faro-santa-pola-2-2\/"},"author":{"name":"Javier Zamora","@id":"https:\/\/radiolitoral.com\/#\/schema\/person\/7b1480b5caeb5acdd4ec6379caf62b22"},"headline":"El CFS Dianense-Rte Mena va empatar davant el Faro Santa Pola (2-2)","datePublished":"2024-10-01T10:55:16+00:00","mainEntityOfPage":{"@id":"https:\/\/radiolitoral.com\/2024\/10\/el-cfs-dianense-rte-mena-va-empatar-davant-el-faro-santa-pola-2-2\/"},"wordCount":297,"commentCount":0,"publisher":{"@id":"https:\/\/radiolitoral.com\/#organization"},"image":{"@id":"https:\/\/radiolitoral.com\/2024\/10\/el-cfs-dianense-rte-mena-va-empatar-davant-el-faro-santa-pola-2-2\/#primaryimage"},"thumbnailUrl":"https:\/\/media.radiolitoral.com\/wp-content\/uploads\/2024\/10\/01125114\/Equipo-senior-del-CFS-Dianense.jpg","keywords":["CD Faro Santa Pola","CFS\u00a0Dianense\u00a0Rte\u00a0Mena","Dani\u00a0Franco","deportes"],"articleSection":["Deportes"],"inLanguage":"ca","potentialAction":[{"@type":"CommentAction","name":"Comment","target":["https:\/\/radiolitoral.com\/2024\/10\/el-cfs-dianense-rte-mena-va-empatar-davant-el-faro-santa-pola-2-2\/#respond"]}]},{"@type":["WebPage","ItemPage"],"@id":"https:\/\/radiolitoral.com\/2024\/10\/el-cfs-dianense-rte-mena-va-empatar-davant-el-faro-santa-pola-2-2\/","url":"https:\/\/radiolitoral.com\/2024\/10\/el-cfs-dianense-rte-mena-va-empatar-davant-el-faro-santa-pola-2-2\/","name":"El CFS Dianenc-Rte Mena empatar\u00e0 davant el Faro Santa Pola (2-2) | R\u00e0dio Litoral","isPartOf":{"@id":"https:\/\/radiolitoral.com\/#website"},"primaryImageOfPage":{"@id":"https:\/\/radiolitoral.com\/2024\/10\/el-cfs-dianense-rte-mena-va-empatar-davant-el-faro-santa-pola-2-2\/#primaryimage"},"image":{"@id":"https:\/\/radiolitoral.com\/2024\/10\/el-cfs-dianense-rte-mena-va-empatar-davant-el-faro-santa-pola-2-2\/#primaryimage"},"thumbnailUrl":"https:\/\/media.radiolitoral.com\/wp-content\/uploads\/2024\/10\/01125114\/Equipo-senior-del-CFS-Dianense.jpg","datePublished":"2024-10-01T10:55:16+00:00","description":"Al pavell\u00f3 de D\u00e9nia es va viure un partit molt intens i emocionant amb dos equips que van mostrar un bon joc","breadcrumb":{"@id":"https:\/\/radiolitoral.com\/2024\/10\/el-cfs-dianense-rte-mena-va-empatar-davant-el-faro-santa-pola-2-2\/#breadcrumb"},"inLanguage":"ca","potentialAction":[{"@type":"ReadAction","target":["https:\/\/radiolitoral.com\/2024\/10\/el-cfs-dianense-rte-mena-va-empatar-davant-el-faro-santa-pola-2-2\/"]}]},{"@type":"ImageObject","inLanguage":"ca","@id":"https:\/\/radiolitoral.com\/2024\/10\/el-cfs-dianense-rte-mena-va-empatar-davant-el-faro-santa-pola-2-2\/#primaryimage","url":"https:\/\/media.radiolitoral.com\/wp-content\/uploads\/2024\/10\/01125114\/Equipo-senior-del-CFS-Dianense.jpg","contentUrl":"https:\/\/media.radiolitoral.com\/wp-content\/uploads\/2024\/10\/01125114\/Equipo-senior-del-CFS-Dianense.jpg","width":1270,"height":949},{"@type":"BreadcrumbList","@id":"https:\/\/radiolitoral.com\/2024\/10\/el-cfs-dianense-rte-mena-va-empatar-davant-el-faro-santa-pola-2-2\/#breadcrumb","itemListElement":[{"@type":"ListItem","position":1,"name":"Portada","item":"https:\/\/radiolitoral.com\/"},{"@type":"ListItem","position":2,"name":"El CFS Dianense-Rte Mena va empatar davant el Faro Santa Pola (2-2)"}]},{"@type":"WebSite","@id":"https:\/\/radiolitoral.com\/#website","url":"https:\/\/radiolitoral.com\/","name":"R\u00e0dio Litoral","description":"La r\u00e0dio local de la Marina Alta","publisher":{"@id":"https:\/\/radiolitoral.com\/#organization"},"alternateName":"Litoral FM","potentialAction":[{"@type":"SearchAction","target":{"@type":"EntryPoint","urlTemplate":"https:\/\/radiolitoral.com\/?s={search_term_string}"},"query-input":{"@type":"PropertyValueSpecification","valueRequired":true,"valueName":"search_term_string"}}],"inLanguage":"ca"},{"@type":"Organization","@id":"https:\/\/radiolitoral.com\/#organization","name":"R\u00e0dio Litoral","url":"https:\/\/radiolitoral.com\/","logo":{"@type":"ImageObject","inLanguage":"ca","@id":"https:\/\/radiolitoral.com\/#\/schema\/logo\/image\/","url":"https:\/\/media.radiolitoral.com\/wp-content\/uploads\/2023\/02\/24143238\/CL-V-RadioLitoral696.png","contentUrl":"https:\/\/media.radiolitoral.com\/wp-content\/uploads\/2023\/02\/24143238\/CL-V-RadioLitoral696.png","width":696,"height":696,"caption":"Radio Litoral"},"image":{"@id":"https:\/\/radiolitoral.com\/#\/schema\/logo\/image\/"},"sameAs":["https:\/\/www.facebook.com\/Laradiolitoral\/"]},{"@type":"Person","@id":"https:\/\/radiolitoral.com\/#\/schema\/person\/7b1480b5caeb5acdd4ec6379caf62b22","name":"Javier Zamora","image":{"@type":"ImageObject","inLanguage":"ca","@id":"https:\/\/secure.gravatar.com\/avatar\/467a11f6918c7d619c4043fc6fa2d3853053107973f05b6e9c04ea6c4e3a7b3f?s=96&d=mm&r=g","url":"https:\/\/secure.gravatar.com\/avatar\/467a11f6918c7d619c4043fc6fa2d3853053107973f05b6e9c04ea6c4e3a7b3f?s=96&d=mm&r=g","contentUrl":"https:\/\/secure.gravatar.com\/avatar\/467a11f6918c7d619c4043fc6fa2d3853053107973f05b6e9c04ea6c4e3a7b3f?s=96&d=mm&r=g","caption":"Javier Zamora"},"url":"https:\/\/radiolitoral.com\/ca\/author\/javier-zamora\/"}]}},"_links":{"self":[{"href":"https:\/\/radiolitoral.com\/ca\/wp-json\/wp\/v2\/posts\/11977","targetHints":{"allow":["GET"]}}],"collection":[{"href":"https:\/\/radiolitoral.com\/ca\/wp-json\/wp\/v2\/posts"}],"about":[{"href":"https:\/\/radiolitoral.com\/ca\/wp-json\/wp\/v2\/types\/post"}],"author":[{"embeddable":true,"href":"https:\/\/radiolitoral.com\/ca\/wp-json\/wp\/v2\/users\/12"}],"replies":[{"embeddable":true,"href":"https:\/\/radiolitoral.com\/ca\/wp-json\/wp\/v2\/comments?post=11977"}],"version-history":[{"count":2,"href":"https:\/\/radiolitoral.com\/ca\/wp-json\/wp\/v2\/posts\/11977\/revisions"}],"predecessor-version":[{"id":11980,"href":"https:\/\/radiolitoral.com\/ca\/wp-json\/wp\/v2\/posts\/11977\/revisions\/11980"}],"wp:featuredmedia":[{"embeddable":true,"href":"https:\/\/radiolitoral.com\/ca\/wp-json\/wp\/v2\/media\/11978"}],"wp:attachment":[{"href":"https:\/\/radiolitoral.com\/ca\/wp-json\/wp\/v2\/media?parent=11977"}],"wp:term":[{"taxonomy":"category","embeddable":true,"href":"https:\/\/radiolitoral.com\/ca\/wp-json\/wp\/v2\/categories?post=11977"},{"taxonomy":"post_tag","embeddable":true,"href":"https:\/\/radiolitoral.com\/ca\/wp-json\/wp\/v2\/tags?post=11977"}],"curies":[{"name":"wp","href":"https:\/\/api.w.org\/{rel}","templated":true}]}}