{"id":11768,"date":"2024-09-27T11:57:28","date_gmt":"2024-09-27T09:57:28","guid":{"rendered":"https:\/\/radiolitoral.com\/?p=11768"},"modified":"2024-09-27T11:57:28","modified_gmt":"2024-09-27T09:57:28","slug":"amunt-el-trofeu-vila-de-calp-de-basquet-femeni","status":"publish","type":"post","link":"https:\/\/radiolitoral.com\/ca\/2024\/09\/arriba-el-trofeu-vila-de-calp-de-basquet-femeni\/","title":{"rendered":"A dalt el Trofeu Vila de Calp de b\u00e0squet femen\u00ed"},"content":{"rendered":"<p>Un dels m\u00edtics trofeus de b\u00e0squet dels quals es juguen a la Marina Alta \u00e9s el Vila de Calp, que despr\u00e9s d&#039;uns anys de descans, torna aquest dissabte en versi\u00f3 b\u00e0squet femen\u00ed.<\/p>\n<p>El pavell\u00f3 Domingo Crespo ser\u00e0 l&#039;escenari del partit que juguessin el <strong>CB\u00a0<span class=\"hiddenSpellError\">Ifach<\/span>\u00a0<span class=\"hiddenSpellError\">Calp<\/span><\/strong>\u00a0i el <strong>CB Joventut X\u00e0bia<\/strong>. Aquest enfrontament entre els dos equips comarcals donar\u00e0 principi a les 19 hores i servir\u00e0 com a preparaci\u00f3 de cara a l&#039;inici de lliga el proper mes d&#039;octubre.<\/p>\n<p>Despr\u00e9s d&#039;uns anys en qu\u00e8 els equips de formaci\u00f3 del Club B\u00e0squet Ifach Calpe han tingut molt de protagonisme, l&#039;equip s\u00e8nior est\u00e0 compost \u00edntegrament per jugadors calpins.<\/p>\n<figure id=\"attachment_11770\" aria-describedby=\"caption-attachment-11770\" style=\"width: 1080px\" class=\"wp-caption alignnone\"><img loading=\"lazy\" decoding=\"async\" class=\"wp-image-11770 size-full\" src=\"https:\/\/media.radiolitoral.com\/wp-content\/uploads\/2024\/09\/27114612\/cartel-Trofeo-Villa-de-Calpe.jpg\" alt=\"\" width=\"1080\" height=\"1191\" srcset=\"https:\/\/media.radiolitoral.com\/wp-content\/uploads\/2024\/09\/27114612\/cartel-Trofeo-Villa-de-Calpe.jpg 1080w, https:\/\/media.radiolitoral.com\/wp-content\/uploads\/2024\/09\/27114612\/cartel-Trofeo-Villa-de-Calpe-272x300.jpg 272w, https:\/\/media.radiolitoral.com\/wp-content\/uploads\/2024\/09\/27114612\/cartel-Trofeo-Villa-de-Calpe-929x1024.jpg 929w, https:\/\/media.radiolitoral.com\/wp-content\/uploads\/2024\/09\/27114612\/cartel-Trofeo-Villa-de-Calpe-768x847.jpg 768w, https:\/\/media.radiolitoral.com\/wp-content\/uploads\/2024\/09\/27114612\/cartel-Trofeo-Villa-de-Calpe-11x12.jpg 11w, https:\/\/media.radiolitoral.com\/wp-content\/uploads\/2024\/09\/27114612\/cartel-Trofeo-Villa-de-Calpe-907x1000.jpg 907w, https:\/\/media.radiolitoral.com\/wp-content\/uploads\/2024\/09\/27114612\/cartel-Trofeo-Villa-de-Calpe-91x100.jpg 91w, https:\/\/media.radiolitoral.com\/wp-content\/uploads\/2024\/09\/27114612\/cartel-Trofeo-Villa-de-Calpe-181x200.jpg 181w\" sizes=\"auto, (max-width: 1080px) 100vw, 1080px\" \/><figcaption id=\"caption-attachment-11770\" class=\"wp-caption-text\">Cartell del torneig | CB Ifach Calp<\/figcaption><\/figure>\n<p>El CB Joventut X\u00e0bia aprofitar\u00e0 aquest partit per anar armant un bloc compacte per competir amb les millors garanties a la Lliga propera a comen\u00e7ar.<\/p>","protected":false},"excerpt":{"rendered":"<p>Un dels m\u00edtics trofeus de b\u00e0squet dels quals es juguen a la Marina Alta \u00e9s el Vila de Calp, que despr\u00e9s d&#8217;uns anys de descans, torna este dissabte en versi\u00f3 b\u00e0squet femen\u00ed. El pavell\u00f3 Domingo Crespo ser\u00e0 l&#8217;escenari del partit que jugaran el CB\u00a0Ifach\u00a0Calpe\u00a0i el CB Joventut X\u00e0bia. Este enfrontament entre els dos equips comarcals [&#8230;]<\/p>\n<p><a class=\"btn btn-secondary understrap-read-more-link\" href=\"https:\/\/radiolitoral.com\/ca\/2024\/09\/arriba-el-trofeu-vila-de-calp-de-basquet-femeni\/\">Continua llegint&#8230;<span class=\"screen-reader-text\"> from Arriba el Trofeu Vila de Calp de b\u00e0squet femen\u00ed<\/span><\/a><\/p>\n","protected":false},"author":12,"featured_media":11769,"comment_status":"open","ping_status":"closed","sticky":false,"template":"","format":"standard","meta":{"_acf_changed":false,"inline_featured_image":false,"footnotes":""},"categories":[5],"tags":[952,1702,6],"class_list":["post-11768","post","type-post","status-publish","format-standard","has-post-thumbnail","hentry","category-deportes","tag-cb-ifach-calpe","tag-cb-joventut-xabia","tag-deportes","cobertura-calp"],"acf":[],"yoast_head":"<!-- This site is optimized with the Yoast SEO plugin v27.5 - https:\/\/yoast.com\/product\/yoast-seo-wordpress\/ -->\n<title>Arriba el Trofeu Vila de Calp de b\u00e0squet femen\u00ed | R\u00e0dio Litoral<\/title>\n<meta name=\"description\" content=\"En este duel es veuran les cares el CB Ifach Calpe i el CB Joventut X\u00e0biaEn este duel es veuran les cares el CB Ifach Calpe i el CB Joventut X\u00e0bia\" \/>\n<meta name=\"robots\" content=\"index, follow, max-snippet:-1, max-image-preview:large, max-video-preview:-1\" \/>\n<link rel=\"canonical\" href=\"https:\/\/radiolitoral.com\/ca\/2024\/09\/amunt-el-trofeu-vila-de-calp-de-basquet-femeni\/\" \/>\n<meta property=\"og:locale\" content=\"ca_ES\" \/>\n<meta property=\"og:type\" content=\"article\" \/>\n<meta property=\"og:title\" content=\"Arriba el Trofeu Vila de Calp de b\u00e0squet femen\u00ed | R\u00e0dio Litoral\" \/>\n<meta property=\"og:description\" content=\"En este duel es veuran les cares el CB Ifach Calpe i el CB Joventut X\u00e0biaEn este duel es veuran les cares el CB Ifach Calpe i el CB Joventut X\u00e0bia\" \/>\n<meta property=\"og:url\" content=\"https:\/\/radiolitoral.com\/ca\/2024\/09\/amunt-el-trofeu-vila-de-calp-de-basquet-femeni\/\" \/>\n<meta property=\"og:site_name\" content=\"R\u00e0dio Litoral\" \/>\n<meta property=\"article:publisher\" content=\"https:\/\/www.facebook.com\/Laradiolitoral\/\" \/>\n<meta property=\"article:published_time\" content=\"2024-09-27T09:57:28+00:00\" \/>\n<meta property=\"og:image\" content=\"https:\/\/media.radiolitoral.com\/wp-content\/uploads\/2024\/09\/27114511\/Jugadoras-calpinas-durante-un-partido.jpg\" \/>\n\t<meta property=\"og:image:width\" content=\"1024\" \/>\n\t<meta property=\"og:image:height\" content=\"682\" \/>\n\t<meta property=\"og:image:type\" content=\"image\/jpeg\" \/>\n<meta name=\"author\" content=\"Javier Zamora\" \/>\n<meta name=\"twitter:card\" content=\"summary_large_image\" \/>\n<meta name=\"twitter:label1\" content=\"Escrit per\" \/>\n\t<meta name=\"twitter:data1\" content=\"Javier Zamora\" \/>\n\t<meta name=\"twitter:label2\" content=\"Temps estimat de lectura\" \/>\n\t<meta name=\"twitter:data2\" content=\"2 minuts\" \/>\n<script type=\"application\/ld+json\" class=\"yoast-schema-graph\">{\"@context\":\"https:\\\/\\\/schema.org\",\"@graph\":[{\"@type\":\"NewsArticle\",\"@id\":\"https:\\\/\\\/radiolitoral.com\\\/2024\\\/09\\\/arriba-el-trofeu-vila-de-calp-de-basquet-femeni\\\/#article\",\"isPartOf\":{\"@id\":\"https:\\\/\\\/radiolitoral.com\\\/2024\\\/09\\\/arriba-el-trofeu-vila-de-calp-de-basquet-femeni\\\/\"},\"author\":{\"name\":\"Javier Zamora\",\"@id\":\"https:\\\/\\\/radiolitoral.com\\\/#\\\/schema\\\/person\\\/7b1480b5caeb5acdd4ec6379caf62b22\"},\"headline\":\"Arriba el Trofeu Vila de Calp de b\u00e0squet femen\u00ed\",\"datePublished\":\"2024-09-27T09:57:28+00:00\",\"mainEntityOfPage\":{\"@id\":\"https:\\\/\\\/radiolitoral.com\\\/2024\\\/09\\\/arriba-el-trofeu-vila-de-calp-de-basquet-femeni\\\/\"},\"wordCount\":171,\"commentCount\":0,\"publisher\":{\"@id\":\"https:\\\/\\\/radiolitoral.com\\\/#organization\"},\"image\":{\"@id\":\"https:\\\/\\\/radiolitoral.com\\\/2024\\\/09\\\/arriba-el-trofeu-vila-de-calp-de-basquet-femeni\\\/#primaryimage\"},\"thumbnailUrl\":\"https:\\\/\\\/media.radiolitoral.com\\\/wp-content\\\/uploads\\\/2024\\\/09\\\/27114511\\\/Jugadoras-calpinas-durante-un-partido.jpg\",\"keywords\":[\"CB Ifach Calpe\",\"CB Joventut X\u00e0bia\",\"deportes\"],\"articleSection\":[\"Deportes\"],\"inLanguage\":\"ca\",\"potentialAction\":[{\"@type\":\"CommentAction\",\"name\":\"Comment\",\"target\":[\"https:\\\/\\\/radiolitoral.com\\\/2024\\\/09\\\/arriba-el-trofeu-vila-de-calp-de-basquet-femeni\\\/#respond\"]}]},{\"@type\":[\"WebPage\",\"ItemPage\"],\"@id\":\"https:\\\/\\\/radiolitoral.com\\\/2024\\\/09\\\/arriba-el-trofeu-vila-de-calp-de-basquet-femeni\\\/\",\"url\":\"https:\\\/\\\/radiolitoral.com\\\/2024\\\/09\\\/arriba-el-trofeu-vila-de-calp-de-basquet-femeni\\\/\",\"name\":\"Arriba el Trofeu Vila de Calp de b\u00e0squet femen\u00ed | R\u00e0dio Litoral\",\"isPartOf\":{\"@id\":\"https:\\\/\\\/radiolitoral.com\\\/#website\"},\"primaryImageOfPage\":{\"@id\":\"https:\\\/\\\/radiolitoral.com\\\/2024\\\/09\\\/arriba-el-trofeu-vila-de-calp-de-basquet-femeni\\\/#primaryimage\"},\"image\":{\"@id\":\"https:\\\/\\\/radiolitoral.com\\\/2024\\\/09\\\/arriba-el-trofeu-vila-de-calp-de-basquet-femeni\\\/#primaryimage\"},\"thumbnailUrl\":\"https:\\\/\\\/media.radiolitoral.com\\\/wp-content\\\/uploads\\\/2024\\\/09\\\/27114511\\\/Jugadoras-calpinas-durante-un-partido.jpg\",\"datePublished\":\"2024-09-27T09:57:28+00:00\",\"description\":\"En este duel es veuran les cares el CB Ifach Calpe i el CB Joventut X\u00e0biaEn este duel es veuran les cares el CB Ifach Calpe i el CB Joventut X\u00e0bia\",\"breadcrumb\":{\"@id\":\"https:\\\/\\\/radiolitoral.com\\\/2024\\\/09\\\/arriba-el-trofeu-vila-de-calp-de-basquet-femeni\\\/#breadcrumb\"},\"inLanguage\":\"ca\",\"potentialAction\":[{\"@type\":\"ReadAction\",\"target\":[\"https:\\\/\\\/radiolitoral.com\\\/2024\\\/09\\\/arriba-el-trofeu-vila-de-calp-de-basquet-femeni\\\/\"]}]},{\"@type\":\"ImageObject\",\"inLanguage\":\"ca\",\"@id\":\"https:\\\/\\\/radiolitoral.com\\\/2024\\\/09\\\/arriba-el-trofeu-vila-de-calp-de-basquet-femeni\\\/#primaryimage\",\"url\":\"https:\\\/\\\/media.radiolitoral.com\\\/wp-content\\\/uploads\\\/2024\\\/09\\\/27114511\\\/Jugadoras-calpinas-durante-un-partido.jpg\",\"contentUrl\":\"https:\\\/\\\/media.radiolitoral.com\\\/wp-content\\\/uploads\\\/2024\\\/09\\\/27114511\\\/Jugadoras-calpinas-durante-un-partido.jpg\",\"width\":1024,\"height\":682},{\"@type\":\"BreadcrumbList\",\"@id\":\"https:\\\/\\\/radiolitoral.com\\\/2024\\\/09\\\/arriba-el-trofeu-vila-de-calp-de-basquet-femeni\\\/#breadcrumb\",\"itemListElement\":[{\"@type\":\"ListItem\",\"position\":1,\"name\":\"Portada\",\"item\":\"https:\\\/\\\/radiolitoral.com\\\/\"},{\"@type\":\"ListItem\",\"position\":2,\"name\":\"Arriba el Trofeu Vila de Calp de b\u00e0squet femen\u00ed\"}]},{\"@type\":\"WebSite\",\"@id\":\"https:\\\/\\\/radiolitoral.com\\\/#website\",\"url\":\"https:\\\/\\\/radiolitoral.com\\\/\",\"name\":\"Radio Litoral\",\"description\":\"La radio local de la Marina Alta\",\"publisher\":{\"@id\":\"https:\\\/\\\/radiolitoral.com\\\/#organization\"},\"alternateName\":\"Litoral FM\",\"potentialAction\":[{\"@type\":\"SearchAction\",\"target\":{\"@type\":\"EntryPoint\",\"urlTemplate\":\"https:\\\/\\\/radiolitoral.com\\\/?s={search_term_string}\"},\"query-input\":{\"@type\":\"PropertyValueSpecification\",\"valueRequired\":true,\"valueName\":\"search_term_string\"}}],\"inLanguage\":\"ca\"},{\"@type\":\"Organization\",\"@id\":\"https:\\\/\\\/radiolitoral.com\\\/#organization\",\"name\":\"Radio Litoral\",\"url\":\"https:\\\/\\\/radiolitoral.com\\\/\",\"logo\":{\"@type\":\"ImageObject\",\"inLanguage\":\"ca\",\"@id\":\"https:\\\/\\\/radiolitoral.com\\\/#\\\/schema\\\/logo\\\/image\\\/\",\"url\":\"https:\\\/\\\/media.radiolitoral.com\\\/wp-content\\\/uploads\\\/2023\\\/02\\\/24143238\\\/CL-V-RadioLitoral696.png\",\"contentUrl\":\"https:\\\/\\\/media.radiolitoral.com\\\/wp-content\\\/uploads\\\/2023\\\/02\\\/24143238\\\/CL-V-RadioLitoral696.png\",\"width\":696,\"height\":696,\"caption\":\"Radio Litoral\"},\"image\":{\"@id\":\"https:\\\/\\\/radiolitoral.com\\\/#\\\/schema\\\/logo\\\/image\\\/\"},\"sameAs\":[\"https:\\\/\\\/www.facebook.com\\\/Laradiolitoral\\\/\"]},{\"@type\":\"Person\",\"@id\":\"https:\\\/\\\/radiolitoral.com\\\/#\\\/schema\\\/person\\\/7b1480b5caeb5acdd4ec6379caf62b22\",\"name\":\"Javier Zamora\",\"image\":{\"@type\":\"ImageObject\",\"inLanguage\":\"ca\",\"@id\":\"https:\\\/\\\/secure.gravatar.com\\\/avatar\\\/467a11f6918c7d619c4043fc6fa2d3853053107973f05b6e9c04ea6c4e3a7b3f?s=96&d=mm&r=g\",\"url\":\"https:\\\/\\\/secure.gravatar.com\\\/avatar\\\/467a11f6918c7d619c4043fc6fa2d3853053107973f05b6e9c04ea6c4e3a7b3f?s=96&d=mm&r=g\",\"contentUrl\":\"https:\\\/\\\/secure.gravatar.com\\\/avatar\\\/467a11f6918c7d619c4043fc6fa2d3853053107973f05b6e9c04ea6c4e3a7b3f?s=96&d=mm&r=g\",\"caption\":\"Javier Zamora\"},\"url\":\"https:\\\/\\\/radiolitoral.com\\\/ca\\\/author\\\/javier-zamora\\\/\"}]}<\/script>\n<!-- \/ Yoast SEO plugin. -->","yoast_head_json":{"title":"A dalt el Trofeu Vila de Calp de b\u00e0squet femen\u00ed | R\u00e0dio Litoral","description":"En aquest duel es veuran les cares el CB Ifach Calp i el CB Joventut X\u00e0biaEn aquest duel es veuran les cars el CB Ifach Calp i el CB Joventut X\u00e0bia","robots":{"index":"index","follow":"follow","max-snippet":"max-snippet:-1","max-image-preview":"max-image-preview:large","max-video-preview":"max-video-preview:-1"},"canonical":"https:\/\/radiolitoral.com\/ca\/2024\/09\/amunt-el-trofeu-vila-de-calp-de-basquet-femeni\/","og_locale":"ca_ES","og_type":"article","og_title":"Arriba el Trofeu Vila de Calp de b\u00e0squet femen\u00ed | R\u00e0dio Litoral","og_description":"En este duel es veuran les cares el CB Ifach Calpe i el CB Joventut X\u00e0biaEn este duel es veuran les cares el CB Ifach Calpe i el CB Joventut X\u00e0bia","og_url":"https:\/\/radiolitoral.com\/ca\/2024\/09\/amunt-el-trofeu-vila-de-calp-de-basquet-femeni\/","og_site_name":"R\u00e0dio Litoral","article_publisher":"https:\/\/www.facebook.com\/Laradiolitoral\/","article_published_time":"2024-09-27T09:57:28+00:00","og_image":[{"width":1024,"height":682,"url":"https:\/\/media.radiolitoral.com\/wp-content\/uploads\/2024\/09\/27114511\/Jugadoras-calpinas-durante-un-partido.jpg","type":"image\/jpeg"}],"author":"Javier Zamora","twitter_card":"summary_large_image","twitter_misc":{"Escrit per":"Javier Zamora","Temps estimat de lectura":"2 minuts"},"schema":{"@context":"https:\/\/schema.org","@graph":[{"@type":"NewsArticle","@id":"https:\/\/radiolitoral.com\/2024\/09\/arriba-el-trofeu-vila-de-calp-de-basquet-femeni\/#article","isPartOf":{"@id":"https:\/\/radiolitoral.com\/2024\/09\/arriba-el-trofeu-vila-de-calp-de-basquet-femeni\/"},"author":{"name":"Javier Zamora","@id":"https:\/\/radiolitoral.com\/#\/schema\/person\/7b1480b5caeb5acdd4ec6379caf62b22"},"headline":"Arriba el Trofeu Vila de Calp de b\u00e0squet femen\u00ed","datePublished":"2024-09-27T09:57:28+00:00","mainEntityOfPage":{"@id":"https:\/\/radiolitoral.com\/2024\/09\/arriba-el-trofeu-vila-de-calp-de-basquet-femeni\/"},"wordCount":171,"commentCount":0,"publisher":{"@id":"https:\/\/radiolitoral.com\/#organization"},"image":{"@id":"https:\/\/radiolitoral.com\/2024\/09\/arriba-el-trofeu-vila-de-calp-de-basquet-femeni\/#primaryimage"},"thumbnailUrl":"https:\/\/media.radiolitoral.com\/wp-content\/uploads\/2024\/09\/27114511\/Jugadoras-calpinas-durante-un-partido.jpg","keywords":["CB Ifach Calpe","CB Joventut X\u00e0bia","deportes"],"articleSection":["Deportes"],"inLanguage":"ca","potentialAction":[{"@type":"CommentAction","name":"Comment","target":["https:\/\/radiolitoral.com\/2024\/09\/arriba-el-trofeu-vila-de-calp-de-basquet-femeni\/#respond"]}]},{"@type":["WebPage","ItemPage"],"@id":"https:\/\/radiolitoral.com\/2024\/09\/arriba-el-trofeu-vila-de-calp-de-basquet-femeni\/","url":"https:\/\/radiolitoral.com\/2024\/09\/arriba-el-trofeu-vila-de-calp-de-basquet-femeni\/","name":"A dalt el Trofeu Vila de Calp de b\u00e0squet femen\u00ed | R\u00e0dio Litoral","isPartOf":{"@id":"https:\/\/radiolitoral.com\/#website"},"primaryImageOfPage":{"@id":"https:\/\/radiolitoral.com\/2024\/09\/arriba-el-trofeu-vila-de-calp-de-basquet-femeni\/#primaryimage"},"image":{"@id":"https:\/\/radiolitoral.com\/2024\/09\/arriba-el-trofeu-vila-de-calp-de-basquet-femeni\/#primaryimage"},"thumbnailUrl":"https:\/\/media.radiolitoral.com\/wp-content\/uploads\/2024\/09\/27114511\/Jugadoras-calpinas-durante-un-partido.jpg","datePublished":"2024-09-27T09:57:28+00:00","description":"En aquest duel es veuran les cares el CB Ifach Calp i el CB Joventut X\u00e0biaEn aquest duel es veuran les cars el CB Ifach Calp i el CB Joventut X\u00e0bia","breadcrumb":{"@id":"https:\/\/radiolitoral.com\/2024\/09\/arriba-el-trofeu-vila-de-calp-de-basquet-femeni\/#breadcrumb"},"inLanguage":"ca","potentialAction":[{"@type":"ReadAction","target":["https:\/\/radiolitoral.com\/2024\/09\/arriba-el-trofeu-vila-de-calp-de-basquet-femeni\/"]}]},{"@type":"ImageObject","inLanguage":"ca","@id":"https:\/\/radiolitoral.com\/2024\/09\/arriba-el-trofeu-vila-de-calp-de-basquet-femeni\/#primaryimage","url":"https:\/\/media.radiolitoral.com\/wp-content\/uploads\/2024\/09\/27114511\/Jugadoras-calpinas-durante-un-partido.jpg","contentUrl":"https:\/\/media.radiolitoral.com\/wp-content\/uploads\/2024\/09\/27114511\/Jugadoras-calpinas-durante-un-partido.jpg","width":1024,"height":682},{"@type":"BreadcrumbList","@id":"https:\/\/radiolitoral.com\/2024\/09\/arriba-el-trofeu-vila-de-calp-de-basquet-femeni\/#breadcrumb","itemListElement":[{"@type":"ListItem","position":1,"name":"Portada","item":"https:\/\/radiolitoral.com\/"},{"@type":"ListItem","position":2,"name":"Arriba el Trofeu Vila de Calp de b\u00e0squet femen\u00ed"}]},{"@type":"WebSite","@id":"https:\/\/radiolitoral.com\/#website","url":"https:\/\/radiolitoral.com\/","name":"R\u00e0dio Litoral","description":"La r\u00e0dio local de la Marina Alta","publisher":{"@id":"https:\/\/radiolitoral.com\/#organization"},"alternateName":"Litoral FM","potentialAction":[{"@type":"SearchAction","target":{"@type":"EntryPoint","urlTemplate":"https:\/\/radiolitoral.com\/?s={search_term_string}"},"query-input":{"@type":"PropertyValueSpecification","valueRequired":true,"valueName":"search_term_string"}}],"inLanguage":"ca"},{"@type":"Organization","@id":"https:\/\/radiolitoral.com\/#organization","name":"R\u00e0dio Litoral","url":"https:\/\/radiolitoral.com\/","logo":{"@type":"ImageObject","inLanguage":"ca","@id":"https:\/\/radiolitoral.com\/#\/schema\/logo\/image\/","url":"https:\/\/media.radiolitoral.com\/wp-content\/uploads\/2023\/02\/24143238\/CL-V-RadioLitoral696.png","contentUrl":"https:\/\/media.radiolitoral.com\/wp-content\/uploads\/2023\/02\/24143238\/CL-V-RadioLitoral696.png","width":696,"height":696,"caption":"Radio Litoral"},"image":{"@id":"https:\/\/radiolitoral.com\/#\/schema\/logo\/image\/"},"sameAs":["https:\/\/www.facebook.com\/Laradiolitoral\/"]},{"@type":"Person","@id":"https:\/\/radiolitoral.com\/#\/schema\/person\/7b1480b5caeb5acdd4ec6379caf62b22","name":"Javier Zamora","image":{"@type":"ImageObject","inLanguage":"ca","@id":"https:\/\/secure.gravatar.com\/avatar\/467a11f6918c7d619c4043fc6fa2d3853053107973f05b6e9c04ea6c4e3a7b3f?s=96&d=mm&r=g","url":"https:\/\/secure.gravatar.com\/avatar\/467a11f6918c7d619c4043fc6fa2d3853053107973f05b6e9c04ea6c4e3a7b3f?s=96&d=mm&r=g","contentUrl":"https:\/\/secure.gravatar.com\/avatar\/467a11f6918c7d619c4043fc6fa2d3853053107973f05b6e9c04ea6c4e3a7b3f?s=96&d=mm&r=g","caption":"Javier Zamora"},"url":"https:\/\/radiolitoral.com\/ca\/author\/javier-zamora\/"}]}},"_links":{"self":[{"href":"https:\/\/radiolitoral.com\/ca\/wp-json\/wp\/v2\/posts\/11768","targetHints":{"allow":["GET"]}}],"collection":[{"href":"https:\/\/radiolitoral.com\/ca\/wp-json\/wp\/v2\/posts"}],"about":[{"href":"https:\/\/radiolitoral.com\/ca\/wp-json\/wp\/v2\/types\/post"}],"author":[{"embeddable":true,"href":"https:\/\/radiolitoral.com\/ca\/wp-json\/wp\/v2\/users\/12"}],"replies":[{"embeddable":true,"href":"https:\/\/radiolitoral.com\/ca\/wp-json\/wp\/v2\/comments?post=11768"}],"version-history":[{"count":2,"href":"https:\/\/radiolitoral.com\/ca\/wp-json\/wp\/v2\/posts\/11768\/revisions"}],"predecessor-version":[{"id":11772,"href":"https:\/\/radiolitoral.com\/ca\/wp-json\/wp\/v2\/posts\/11768\/revisions\/11772"}],"wp:featuredmedia":[{"embeddable":true,"href":"https:\/\/radiolitoral.com\/ca\/wp-json\/wp\/v2\/media\/11769"}],"wp:attachment":[{"href":"https:\/\/radiolitoral.com\/ca\/wp-json\/wp\/v2\/media?parent=11768"}],"wp:term":[{"taxonomy":"category","embeddable":true,"href":"https:\/\/radiolitoral.com\/ca\/wp-json\/wp\/v2\/categories?post=11768"},{"taxonomy":"post_tag","embeddable":true,"href":"https:\/\/radiolitoral.com\/ca\/wp-json\/wp\/v2\/tags?post=11768"}],"curies":[{"name":"wp","href":"https:\/\/api.w.org\/{rel}","templated":true}]}}