{"id":11762,"date":"2024-09-27T11:34:53","date_gmt":"2024-09-27T09:34:53","guid":{"rendered":"https:\/\/radiolitoral.com\/?p=11762"},"modified":"2024-09-27T11:34:53","modified_gmt":"2024-09-27T09:34:53","slug":"els-millors-regatistes-de-vela-ligera-se-citen-a-calp","status":"publish","type":"post","link":"https:\/\/radiolitoral.com\/ca\/2024\/09\/els-millors-regatistes-de-vela-lleugera-se-citen-a-calp\/","title":{"rendered":"Els millors regatistes de vela ligera se citin a Calp"},"content":{"rendered":"<p>Aquest cap de setmana, 28 i 29 de setembre, el <strong>Reial Club\u00a0<span class=\"hiddenSpellError\">N\u00e0utic<\/span>\u00a0<span class=\"hiddenSpellError\">Calp<\/span><\/strong>\u00a0acollir\u00e0 el <strong>Trofeu\u00a0<span class=\"hiddenSpellError\">RCN<\/span>\u00a0<span class=\"hiddenSpellError\">CALP<\/span>\u00a0Copa Auton\u00f2mica de Vela Lleugera<\/strong>, comen\u00e7ant a la temporada 2024-2025 per a les classes\u00a0<span class=\"hiddenSpellError\">ILCA<\/span>\u00a04 i\u00a0<span class=\"hiddenSpellError\">ILCA<\/span>\u00a07. Aquest esdeveniment, de nivell 1 dins del calendari de la <strong>Federaci\u00f3 de Vela de la Comunitat Valenciana<\/strong>, reunir\u00e0 destacats regatistes de tota la regi\u00f3 i comptar\u00e0 amb la participaci\u00f3 de la<strong> Federaci\u00f3 Murciana<\/strong>, consolidant-se com un important punt de trobada per a la vela ligera.<\/p>\n<p>Les proves comen\u00e7aran el dissabte 28 a les 12.00 hores, amb seis regats programades al llarg del cap de setmana. S&#039;espera una competici\u00f3 emocionant a les aig\u00fces de Calp, on els vents moderats permetran als regatistes exhibir les seves habilitats i estrat\u00e8gies. Les condicions del dissabte es presentin favorables, mentre que el diumenge podria portar desafiaments addicionals a causa d&#039;una possible disminuci\u00f3 del vent.<\/p>\n<p>El Trofeu\u00a0<span class=\"hiddenSpellError\">RCN<\/span>\u00a0<span class=\"hiddenSpellError\">CALP<\/span>\u00a0s&#039;ha consolidat com una cita clau a l&#039;inici de la temporada de regats i juga un paper crucial en la selecci\u00f3 dels equips auton\u00f2mics que representaran la Comunitat Valenciana als campionats nacionals. Aquesta competici\u00f3 \u00e9s una plataforma fonamental per als joves talents que busquin consolidar el seu lloc a l&#039;elit de la vela espanyola.<\/p>","protected":false},"excerpt":{"rendered":"<p>Este cap de setmana, 28 i 29 de setembre, el Real Club\u00a0N\u00e1utico\u00a0Calpe\u00a0acollir\u00e0 el Trofeu\u00a0RCN\u00a0CALPE\u00a0Copa Auton\u00f2mica de Vela Lleugera,\u00a0comen\u00e7ant\u00a0a la temporada 2024-2025 per a les classes\u00a0ILCA\u00a04 i\u00a0ILCA\u00a07. Este esdeveniment, de nivell 1 dins del calendari de la Federaci\u00f3 de Vela de la Comunitat Valenciana, reunir\u00e0 a destacats regatistes de tota la regi\u00f3 i comptar\u00e0 amb la [&#8230;]<\/p>\n<p><a class=\"btn btn-secondary understrap-read-more-link\" href=\"https:\/\/radiolitoral.com\/ca\/2024\/09\/els-millors-regatistes-de-vela-lleugera-se-citen-a-calp\/\">Continua llegint&#8230;<span class=\"screen-reader-text\"> from Els millors regatistes de vela lleugera se citen a Calp<\/span><\/a><\/p>\n","protected":false},"author":12,"featured_media":11763,"comment_status":"open","ping_status":"closed","sticky":false,"template":"","format":"standard","meta":{"_acf_changed":false,"inline_featured_image":false,"footnotes":""},"categories":[5],"tags":[6,2196,2380,1048,2379],"class_list":["post-11762","post","type-post","status-publish","format-standard","has-post-thumbnail","hentry","category-deportes","tag-deportes","tag-federacio-de-vela-de-la-comunitat-valenciana","tag-federacio-murciana","tag-real-club-nautico-calpe","tag-trofeu-rcn-calpe-copa-autonomica-de-vela-lleugera","cobertura-calp"],"acf":[],"yoast_head":"<!-- This site is optimized with the Yoast SEO plugin v27.5 - https:\/\/yoast.com\/product\/yoast-seo-wordpress\/ -->\n<title>Els millors regatistes de vela lleugera se citen a Calp | R\u00e0dio Litoral<\/title>\n<meta name=\"description\" content=\"El Real Club N\u00e1utico Calpe acollir\u00e0 el Trofeu RCN CALPE Copa Auton\u00f2mica de Vela LleugeraEl Real Club N\u00e1utico Calpe acollir\u00e0 el Trofeu RCN CALPE Copa Auton\u00f2mica de Vela Lleugera\" \/>\n<meta name=\"robots\" content=\"index, follow, max-snippet:-1, max-image-preview:large, max-video-preview:-1\" \/>\n<link rel=\"canonical\" href=\"https:\/\/radiolitoral.com\/ca\/2024\/09\/els-millors-regatistes-de-vela-ligera-se-citen-a-calp\/\" \/>\n<meta property=\"og:locale\" content=\"ca_ES\" \/>\n<meta property=\"og:type\" content=\"article\" \/>\n<meta property=\"og:title\" content=\"Els millors regatistes de vela lleugera se citen a Calp | R\u00e0dio Litoral\" \/>\n<meta property=\"og:description\" content=\"El Real Club N\u00e1utico Calpe acollir\u00e0 el Trofeu RCN CALPE Copa Auton\u00f2mica de Vela LleugeraEl Real Club N\u00e1utico Calpe acollir\u00e0 el Trofeu RCN CALPE Copa Auton\u00f2mica de Vela Lleugera\" \/>\n<meta property=\"og:url\" content=\"https:\/\/radiolitoral.com\/ca\/2024\/09\/els-millors-regatistes-de-vela-ligera-se-citen-a-calp\/\" \/>\n<meta property=\"og:site_name\" content=\"R\u00e0dio Litoral\" \/>\n<meta property=\"article:publisher\" content=\"https:\/\/www.facebook.com\/Laradiolitoral\/\" \/>\n<meta property=\"article:published_time\" content=\"2024-09-27T09:34:53+00:00\" \/>\n<meta property=\"og:image\" content=\"https:\/\/media.radiolitoral.com\/wp-content\/uploads\/2024\/09\/27113250\/Barcos-de-vela-ligera-durante-una-regata.jpg\" \/>\n\t<meta property=\"og:image:width\" content=\"900\" \/>\n\t<meta property=\"og:image:height\" content=\"599\" \/>\n\t<meta property=\"og:image:type\" content=\"image\/jpeg\" \/>\n<meta name=\"author\" content=\"Javier Zamora\" \/>\n<meta name=\"twitter:card\" content=\"summary_large_image\" \/>\n<meta name=\"twitter:label1\" content=\"Escrit per\" \/>\n\t<meta name=\"twitter:data1\" content=\"Javier Zamora\" \/>\n\t<meta name=\"twitter:label2\" content=\"Temps estimat de lectura\" \/>\n\t<meta name=\"twitter:data2\" content=\"2 minuts\" \/>\n<script type=\"application\/ld+json\" class=\"yoast-schema-graph\">{\"@context\":\"https:\\\/\\\/schema.org\",\"@graph\":[{\"@type\":\"NewsArticle\",\"@id\":\"https:\\\/\\\/radiolitoral.com\\\/2024\\\/09\\\/els-millors-regatistes-de-vela-lleugera-se-citen-a-calp\\\/#article\",\"isPartOf\":{\"@id\":\"https:\\\/\\\/radiolitoral.com\\\/2024\\\/09\\\/els-millors-regatistes-de-vela-lleugera-se-citen-a-calp\\\/\"},\"author\":{\"name\":\"Javier Zamora\",\"@id\":\"https:\\\/\\\/radiolitoral.com\\\/#\\\/schema\\\/person\\\/7b1480b5caeb5acdd4ec6379caf62b22\"},\"headline\":\"Els millors regatistes de vela lleugera se citen a Calp\",\"datePublished\":\"2024-09-27T09:34:53+00:00\",\"mainEntityOfPage\":{\"@id\":\"https:\\\/\\\/radiolitoral.com\\\/2024\\\/09\\\/els-millors-regatistes-de-vela-lleugera-se-citen-a-calp\\\/\"},\"wordCount\":223,\"commentCount\":0,\"publisher\":{\"@id\":\"https:\\\/\\\/radiolitoral.com\\\/#organization\"},\"image\":{\"@id\":\"https:\\\/\\\/radiolitoral.com\\\/2024\\\/09\\\/els-millors-regatistes-de-vela-lleugera-se-citen-a-calp\\\/#primaryimage\"},\"thumbnailUrl\":\"https:\\\/\\\/media.radiolitoral.com\\\/wp-content\\\/uploads\\\/2024\\\/09\\\/27113250\\\/Barcos-de-vela-ligera-durante-una-regata.jpg\",\"keywords\":[\"deportes\",\"Federaci\u00f3 de Vela de la Comunitat Valenciana\",\"Federaci\u00f3 Murciana\",\"Real Club N\u00e1utico Calpe\",\"Trofeu\u00a0RCN\u00a0CALPE\u00a0Copa Auton\u00f2mica de Vela Lleugera\"],\"articleSection\":[\"Deportes\"],\"inLanguage\":\"ca\",\"potentialAction\":[{\"@type\":\"CommentAction\",\"name\":\"Comment\",\"target\":[\"https:\\\/\\\/radiolitoral.com\\\/2024\\\/09\\\/els-millors-regatistes-de-vela-lleugera-se-citen-a-calp\\\/#respond\"]}]},{\"@type\":[\"WebPage\",\"ItemPage\"],\"@id\":\"https:\\\/\\\/radiolitoral.com\\\/2024\\\/09\\\/els-millors-regatistes-de-vela-lleugera-se-citen-a-calp\\\/\",\"url\":\"https:\\\/\\\/radiolitoral.com\\\/2024\\\/09\\\/els-millors-regatistes-de-vela-lleugera-se-citen-a-calp\\\/\",\"name\":\"Els millors regatistes de vela lleugera se citen a Calp | R\u00e0dio Litoral\",\"isPartOf\":{\"@id\":\"https:\\\/\\\/radiolitoral.com\\\/#website\"},\"primaryImageOfPage\":{\"@id\":\"https:\\\/\\\/radiolitoral.com\\\/2024\\\/09\\\/els-millors-regatistes-de-vela-lleugera-se-citen-a-calp\\\/#primaryimage\"},\"image\":{\"@id\":\"https:\\\/\\\/radiolitoral.com\\\/2024\\\/09\\\/els-millors-regatistes-de-vela-lleugera-se-citen-a-calp\\\/#primaryimage\"},\"thumbnailUrl\":\"https:\\\/\\\/media.radiolitoral.com\\\/wp-content\\\/uploads\\\/2024\\\/09\\\/27113250\\\/Barcos-de-vela-ligera-durante-una-regata.jpg\",\"datePublished\":\"2024-09-27T09:34:53+00:00\",\"description\":\"El Real Club N\u00e1utico Calpe acollir\u00e0 el Trofeu RCN CALPE Copa Auton\u00f2mica de Vela LleugeraEl Real Club N\u00e1utico Calpe acollir\u00e0 el Trofeu RCN CALPE Copa Auton\u00f2mica de Vela Lleugera\",\"breadcrumb\":{\"@id\":\"https:\\\/\\\/radiolitoral.com\\\/2024\\\/09\\\/els-millors-regatistes-de-vela-lleugera-se-citen-a-calp\\\/#breadcrumb\"},\"inLanguage\":\"ca\",\"potentialAction\":[{\"@type\":\"ReadAction\",\"target\":[\"https:\\\/\\\/radiolitoral.com\\\/2024\\\/09\\\/els-millors-regatistes-de-vela-lleugera-se-citen-a-calp\\\/\"]}]},{\"@type\":\"ImageObject\",\"inLanguage\":\"ca\",\"@id\":\"https:\\\/\\\/radiolitoral.com\\\/2024\\\/09\\\/els-millors-regatistes-de-vela-lleugera-se-citen-a-calp\\\/#primaryimage\",\"url\":\"https:\\\/\\\/media.radiolitoral.com\\\/wp-content\\\/uploads\\\/2024\\\/09\\\/27113250\\\/Barcos-de-vela-ligera-durante-una-regata.jpg\",\"contentUrl\":\"https:\\\/\\\/media.radiolitoral.com\\\/wp-content\\\/uploads\\\/2024\\\/09\\\/27113250\\\/Barcos-de-vela-ligera-durante-una-regata.jpg\",\"width\":900,\"height\":599},{\"@type\":\"BreadcrumbList\",\"@id\":\"https:\\\/\\\/radiolitoral.com\\\/2024\\\/09\\\/els-millors-regatistes-de-vela-lleugera-se-citen-a-calp\\\/#breadcrumb\",\"itemListElement\":[{\"@type\":\"ListItem\",\"position\":1,\"name\":\"Portada\",\"item\":\"https:\\\/\\\/radiolitoral.com\\\/\"},{\"@type\":\"ListItem\",\"position\":2,\"name\":\"Els millors regatistes de vela lleugera se citen a Calp\"}]},{\"@type\":\"WebSite\",\"@id\":\"https:\\\/\\\/radiolitoral.com\\\/#website\",\"url\":\"https:\\\/\\\/radiolitoral.com\\\/\",\"name\":\"Radio Litoral\",\"description\":\"La radio local de la Marina Alta\",\"publisher\":{\"@id\":\"https:\\\/\\\/radiolitoral.com\\\/#organization\"},\"alternateName\":\"Litoral FM\",\"potentialAction\":[{\"@type\":\"SearchAction\",\"target\":{\"@type\":\"EntryPoint\",\"urlTemplate\":\"https:\\\/\\\/radiolitoral.com\\\/?s={search_term_string}\"},\"query-input\":{\"@type\":\"PropertyValueSpecification\",\"valueRequired\":true,\"valueName\":\"search_term_string\"}}],\"inLanguage\":\"ca\"},{\"@type\":\"Organization\",\"@id\":\"https:\\\/\\\/radiolitoral.com\\\/#organization\",\"name\":\"Radio Litoral\",\"url\":\"https:\\\/\\\/radiolitoral.com\\\/\",\"logo\":{\"@type\":\"ImageObject\",\"inLanguage\":\"ca\",\"@id\":\"https:\\\/\\\/radiolitoral.com\\\/#\\\/schema\\\/logo\\\/image\\\/\",\"url\":\"https:\\\/\\\/media.radiolitoral.com\\\/wp-content\\\/uploads\\\/2023\\\/02\\\/24143238\\\/CL-V-RadioLitoral696.png\",\"contentUrl\":\"https:\\\/\\\/media.radiolitoral.com\\\/wp-content\\\/uploads\\\/2023\\\/02\\\/24143238\\\/CL-V-RadioLitoral696.png\",\"width\":696,\"height\":696,\"caption\":\"Radio Litoral\"},\"image\":{\"@id\":\"https:\\\/\\\/radiolitoral.com\\\/#\\\/schema\\\/logo\\\/image\\\/\"},\"sameAs\":[\"https:\\\/\\\/www.facebook.com\\\/Laradiolitoral\\\/\"]},{\"@type\":\"Person\",\"@id\":\"https:\\\/\\\/radiolitoral.com\\\/#\\\/schema\\\/person\\\/7b1480b5caeb5acdd4ec6379caf62b22\",\"name\":\"Javier Zamora\",\"image\":{\"@type\":\"ImageObject\",\"inLanguage\":\"ca\",\"@id\":\"https:\\\/\\\/secure.gravatar.com\\\/avatar\\\/467a11f6918c7d619c4043fc6fa2d3853053107973f05b6e9c04ea6c4e3a7b3f?s=96&d=mm&r=g\",\"url\":\"https:\\\/\\\/secure.gravatar.com\\\/avatar\\\/467a11f6918c7d619c4043fc6fa2d3853053107973f05b6e9c04ea6c4e3a7b3f?s=96&d=mm&r=g\",\"contentUrl\":\"https:\\\/\\\/secure.gravatar.com\\\/avatar\\\/467a11f6918c7d619c4043fc6fa2d3853053107973f05b6e9c04ea6c4e3a7b3f?s=96&d=mm&r=g\",\"caption\":\"Javier Zamora\"},\"url\":\"https:\\\/\\\/radiolitoral.com\\\/ca\\\/author\\\/javier-zamora\\\/\"}]}<\/script>\n<!-- \/ Yoast SEO plugin. -->","yoast_head_json":{"title":"Els millors regatistes de vela ligera se citen a Calp | R\u00e0dio Litoral","description":"El Reial Club N\u00e0utic Calp acollir\u00e0 el Trofeu RCN CALPE Copa Auton\u00f2mica de Vela LleugeraEl Reial Club N\u00e0utic Calp acollir\u00e0 el Trofeu RCN CALPE Copa Auton\u00f2mica de Vela Lleugera","robots":{"index":"index","follow":"follow","max-snippet":"max-snippet:-1","max-image-preview":"max-image-preview:large","max-video-preview":"max-video-preview:-1"},"canonical":"https:\/\/radiolitoral.com\/ca\/2024\/09\/els-millors-regatistes-de-vela-ligera-se-citen-a-calp\/","og_locale":"ca_ES","og_type":"article","og_title":"Els millors regatistes de vela lleugera se citen a Calp | R\u00e0dio Litoral","og_description":"El Real Club N\u00e1utico Calpe acollir\u00e0 el Trofeu RCN CALPE Copa Auton\u00f2mica de Vela LleugeraEl Real Club N\u00e1utico Calpe acollir\u00e0 el Trofeu RCN CALPE Copa Auton\u00f2mica de Vela Lleugera","og_url":"https:\/\/radiolitoral.com\/ca\/2024\/09\/els-millors-regatistes-de-vela-ligera-se-citen-a-calp\/","og_site_name":"R\u00e0dio Litoral","article_publisher":"https:\/\/www.facebook.com\/Laradiolitoral\/","article_published_time":"2024-09-27T09:34:53+00:00","og_image":[{"width":900,"height":599,"url":"https:\/\/media.radiolitoral.com\/wp-content\/uploads\/2024\/09\/27113250\/Barcos-de-vela-ligera-durante-una-regata.jpg","type":"image\/jpeg"}],"author":"Javier Zamora","twitter_card":"summary_large_image","twitter_misc":{"Escrit per":"Javier Zamora","Temps estimat de lectura":"2 minuts"},"schema":{"@context":"https:\/\/schema.org","@graph":[{"@type":"NewsArticle","@id":"https:\/\/radiolitoral.com\/2024\/09\/els-millors-regatistes-de-vela-lleugera-se-citen-a-calp\/#article","isPartOf":{"@id":"https:\/\/radiolitoral.com\/2024\/09\/els-millors-regatistes-de-vela-lleugera-se-citen-a-calp\/"},"author":{"name":"Javier Zamora","@id":"https:\/\/radiolitoral.com\/#\/schema\/person\/7b1480b5caeb5acdd4ec6379caf62b22"},"headline":"Els millors regatistes de vela lleugera se citen a Calp","datePublished":"2024-09-27T09:34:53+00:00","mainEntityOfPage":{"@id":"https:\/\/radiolitoral.com\/2024\/09\/els-millors-regatistes-de-vela-lleugera-se-citen-a-calp\/"},"wordCount":223,"commentCount":0,"publisher":{"@id":"https:\/\/radiolitoral.com\/#organization"},"image":{"@id":"https:\/\/radiolitoral.com\/2024\/09\/els-millors-regatistes-de-vela-lleugera-se-citen-a-calp\/#primaryimage"},"thumbnailUrl":"https:\/\/media.radiolitoral.com\/wp-content\/uploads\/2024\/09\/27113250\/Barcos-de-vela-ligera-durante-una-regata.jpg","keywords":["deportes","Federaci\u00f3 de Vela de la Comunitat Valenciana","Federaci\u00f3 Murciana","Real Club N\u00e1utico Calpe","Trofeu\u00a0RCN\u00a0CALPE\u00a0Copa Auton\u00f2mica de Vela Lleugera"],"articleSection":["Deportes"],"inLanguage":"ca","potentialAction":[{"@type":"CommentAction","name":"Comment","target":["https:\/\/radiolitoral.com\/2024\/09\/els-millors-regatistes-de-vela-lleugera-se-citen-a-calp\/#respond"]}]},{"@type":["WebPage","ItemPage"],"@id":"https:\/\/radiolitoral.com\/2024\/09\/els-millors-regatistes-de-vela-lleugera-se-citen-a-calp\/","url":"https:\/\/radiolitoral.com\/2024\/09\/els-millors-regatistes-de-vela-lleugera-se-citen-a-calp\/","name":"Els millors regatistes de vela ligera se citen a Calp | R\u00e0dio Litoral","isPartOf":{"@id":"https:\/\/radiolitoral.com\/#website"},"primaryImageOfPage":{"@id":"https:\/\/radiolitoral.com\/2024\/09\/els-millors-regatistes-de-vela-lleugera-se-citen-a-calp\/#primaryimage"},"image":{"@id":"https:\/\/radiolitoral.com\/2024\/09\/els-millors-regatistes-de-vela-lleugera-se-citen-a-calp\/#primaryimage"},"thumbnailUrl":"https:\/\/media.radiolitoral.com\/wp-content\/uploads\/2024\/09\/27113250\/Barcos-de-vela-ligera-durante-una-regata.jpg","datePublished":"2024-09-27T09:34:53+00:00","description":"El Reial Club N\u00e0utic Calp acollir\u00e0 el Trofeu RCN CALPE Copa Auton\u00f2mica de Vela LleugeraEl Reial Club N\u00e0utic Calp acollir\u00e0 el Trofeu RCN CALPE Copa Auton\u00f2mica de Vela Lleugera","breadcrumb":{"@id":"https:\/\/radiolitoral.com\/2024\/09\/els-millors-regatistes-de-vela-lleugera-se-citen-a-calp\/#breadcrumb"},"inLanguage":"ca","potentialAction":[{"@type":"ReadAction","target":["https:\/\/radiolitoral.com\/2024\/09\/els-millors-regatistes-de-vela-lleugera-se-citen-a-calp\/"]}]},{"@type":"ImageObject","inLanguage":"ca","@id":"https:\/\/radiolitoral.com\/2024\/09\/els-millors-regatistes-de-vela-lleugera-se-citen-a-calp\/#primaryimage","url":"https:\/\/media.radiolitoral.com\/wp-content\/uploads\/2024\/09\/27113250\/Barcos-de-vela-ligera-durante-una-regata.jpg","contentUrl":"https:\/\/media.radiolitoral.com\/wp-content\/uploads\/2024\/09\/27113250\/Barcos-de-vela-ligera-durante-una-regata.jpg","width":900,"height":599},{"@type":"BreadcrumbList","@id":"https:\/\/radiolitoral.com\/2024\/09\/els-millors-regatistes-de-vela-lleugera-se-citen-a-calp\/#breadcrumb","itemListElement":[{"@type":"ListItem","position":1,"name":"Portada","item":"https:\/\/radiolitoral.com\/"},{"@type":"ListItem","position":2,"name":"Els millors regatistes de vela lleugera se citen a Calp"}]},{"@type":"WebSite","@id":"https:\/\/radiolitoral.com\/#website","url":"https:\/\/radiolitoral.com\/","name":"R\u00e0dio Litoral","description":"La r\u00e0dio local de la Marina Alta","publisher":{"@id":"https:\/\/radiolitoral.com\/#organization"},"alternateName":"Litoral FM","potentialAction":[{"@type":"SearchAction","target":{"@type":"EntryPoint","urlTemplate":"https:\/\/radiolitoral.com\/?s={search_term_string}"},"query-input":{"@type":"PropertyValueSpecification","valueRequired":true,"valueName":"search_term_string"}}],"inLanguage":"ca"},{"@type":"Organization","@id":"https:\/\/radiolitoral.com\/#organization","name":"R\u00e0dio Litoral","url":"https:\/\/radiolitoral.com\/","logo":{"@type":"ImageObject","inLanguage":"ca","@id":"https:\/\/radiolitoral.com\/#\/schema\/logo\/image\/","url":"https:\/\/media.radiolitoral.com\/wp-content\/uploads\/2023\/02\/24143238\/CL-V-RadioLitoral696.png","contentUrl":"https:\/\/media.radiolitoral.com\/wp-content\/uploads\/2023\/02\/24143238\/CL-V-RadioLitoral696.png","width":696,"height":696,"caption":"Radio Litoral"},"image":{"@id":"https:\/\/radiolitoral.com\/#\/schema\/logo\/image\/"},"sameAs":["https:\/\/www.facebook.com\/Laradiolitoral\/"]},{"@type":"Person","@id":"https:\/\/radiolitoral.com\/#\/schema\/person\/7b1480b5caeb5acdd4ec6379caf62b22","name":"Javier Zamora","image":{"@type":"ImageObject","inLanguage":"ca","@id":"https:\/\/secure.gravatar.com\/avatar\/467a11f6918c7d619c4043fc6fa2d3853053107973f05b6e9c04ea6c4e3a7b3f?s=96&d=mm&r=g","url":"https:\/\/secure.gravatar.com\/avatar\/467a11f6918c7d619c4043fc6fa2d3853053107973f05b6e9c04ea6c4e3a7b3f?s=96&d=mm&r=g","contentUrl":"https:\/\/secure.gravatar.com\/avatar\/467a11f6918c7d619c4043fc6fa2d3853053107973f05b6e9c04ea6c4e3a7b3f?s=96&d=mm&r=g","caption":"Javier Zamora"},"url":"https:\/\/radiolitoral.com\/ca\/author\/javier-zamora\/"}]}},"_links":{"self":[{"href":"https:\/\/radiolitoral.com\/ca\/wp-json\/wp\/v2\/posts\/11762","targetHints":{"allow":["GET"]}}],"collection":[{"href":"https:\/\/radiolitoral.com\/ca\/wp-json\/wp\/v2\/posts"}],"about":[{"href":"https:\/\/radiolitoral.com\/ca\/wp-json\/wp\/v2\/types\/post"}],"author":[{"embeddable":true,"href":"https:\/\/radiolitoral.com\/ca\/wp-json\/wp\/v2\/users\/12"}],"replies":[{"embeddable":true,"href":"https:\/\/radiolitoral.com\/ca\/wp-json\/wp\/v2\/comments?post=11762"}],"version-history":[{"count":2,"href":"https:\/\/radiolitoral.com\/ca\/wp-json\/wp\/v2\/posts\/11762\/revisions"}],"predecessor-version":[{"id":11765,"href":"https:\/\/radiolitoral.com\/ca\/wp-json\/wp\/v2\/posts\/11762\/revisions\/11765"}],"wp:featuredmedia":[{"embeddable":true,"href":"https:\/\/radiolitoral.com\/ca\/wp-json\/wp\/v2\/media\/11763"}],"wp:attachment":[{"href":"https:\/\/radiolitoral.com\/ca\/wp-json\/wp\/v2\/media?parent=11762"}],"wp:term":[{"taxonomy":"category","embeddable":true,"href":"https:\/\/radiolitoral.com\/ca\/wp-json\/wp\/v2\/categories?post=11762"},{"taxonomy":"post_tag","embeddable":true,"href":"https:\/\/radiolitoral.com\/ca\/wp-json\/wp\/v2\/tags?post=11762"}],"curies":[{"name":"wp","href":"https:\/\/api.w.org\/{rel}","templated":true}]}}