{"id":11687,"date":"2024-09-25T10:48:26","date_gmt":"2024-09-25T08:48:26","guid":{"rendered":"https:\/\/radiolitoral.com\/?p=11687"},"modified":"2024-09-25T10:48:26","modified_gmt":"2024-09-25T08:48:26","slug":"millor-comencament-de-lliga-per-al-cfs-denier-impossible-davant-el-sant-joan-5-11","status":"publish","type":"post","link":"https:\/\/radiolitoral.com\/ca\/2024\/09\/millor-comencament-de-lliga-per-al-cfs-dianense-impossible-davant-el-r-sant-joan-5-11\/","title":{"rendered":"Millor comen\u00e7ament de lliga per al CFS Dianense impossible davant el R. Sant Joan (5-11)"},"content":{"rendered":"<p>La lliga a <strong>Primera Regional de futbol sala<\/strong> no va poder comen\u00e7ar millor per al\u00a0<strong><span class=\"hiddenSpellError\">CFS<\/span>\u00a0<span class=\"hiddenSpellError\">Dianenc<\/span>\u00a0<span class=\"hiddenSpellError\">Rte<\/span>\u00a0Mena<\/strong>, ja que va guanyar amb molta solv\u00e8ncia a la pista del\u00a0<strong><span class=\"hiddenSpellError\">Racing<\/span>\u00a0Sant Joan<\/strong> per <strong>5 a 11<\/strong>.<\/p>\n<p>Totes dues formacions apostaran des de l&#039;arrencada del partit per un joc ofensiu, la qual cosa va propiciar que durant moltes fases el joc fos un anar i venir de porteria a porteria. En aquest joc tan desordenat, els jugadors que entrena\u00a0<strong><span class=\"hiddenSpellError\">Dani<\/span>\u00a0Franco<\/strong> es van moure com a peix a l&#039;aigua. Van acceptar el tu a tu i van sortir airosos gr\u00e0cies a la seva efectivitat de cara a la porteria contr\u00e0ria.<\/p>\n<p>Les dues expulsions locals van ser ben aprofitades pels\u00a0<span class=\"hiddenSpellError\">dianencs<\/span>\u00a0per obrir bretxa al marcador. Els golejadors del\u00a0<span class=\"hiddenSpellError\">CFS<\/span>\u00a0<span class=\"hiddenSpellError\">Dianenc<\/span>\u00a0en aquest partit van ser;\u00a0<span class=\"hiddenSpellError\">Joan<\/span>\u00a0Ots (3), Cali (3), Bustos (3) i\u00a0<span class=\"hiddenGrammarError\" style=\"padding-bottom: 2px; background-image: url('..\/..\/..\/..\/..\/images\/squiggle.png'); background-repeat: repeat-x; background-position: left bottom; vertical-align: text-top; cursor: default; color: #565353; font-family: Arial, Helvetica, Verdana, sans-serif; font-size: 18px; font-style: normal; font-variant-ligatures: normal; font-variant-caps: normal; font-weight: 400; letter-spacing: normal; orphans: 2; text-align: start; text-indent: 0px; text-transform: none; widows: 2; word-spacing: 0px; -webkit-text-stroke-width: 0px; white-space: normal; background-color: #ffffff; text-decoration-thickness: initial; text-decoration-style: initial; text-decoration-color: initial;\">Alvaret<\/span><\/p>\n<p><strong>Partits de Preparaci\u00f3<\/strong><\/p>\n<p>L&#039;equip juvenil del\u00a0<span class=\"hiddenSpellError\">CFS<\/span>\u00a0<span class=\"hiddenSpellError\">Dianenc<\/span>\u00a0va jugar al pavell\u00f3 de D\u00e9nia un partit amist\u00f3s davant el <strong>Nova Elda B<\/strong>, en el qual van sortir vencedors per <strong>6 a 4<\/strong>. En aquest enfrontament la imatge donada pels joves\u00a0<span class=\"hiddenSpellError\">dianencs<\/span>\u00a0va ser molt bona i els fa afrontar amb molta confian\u00e7a el seu inici de lliga que ser\u00e0 aquest dissabte al pavell\u00f3 de D\u00e9nia rebent la visita del <strong>CD La Vila\u00a0<span class=\"hiddenSpellError\">FS<\/span><\/strong>.<\/p>\n<p>Tamb\u00e9 van jugar partit de preparaci\u00f3 l&#039;equip infantil que va guanyar per 2 a 1 a l&#039;<strong>Sporting\u00a0<span class=\"hiddenSpellError\">FS<\/span>\u00a0La N\u00facia<\/strong>. L&#039;equip alev\u00ed va caure davant el <strong>CD\u00a0<span class=\"hiddenSpellError\">Paidos D\u00e9nia<\/span><\/strong><span style=\"background-color: var(--bs-body-bg); color: var(--bs-body-color); font-family: var(--bs-body-font-family); font-size: var(--bs-body-font-size); font-weight: var(--bs-body-font-weight); text-align: var(--bs-body-text-align);\">\u00a0per <strong>1 a 6<\/strong>. Els col\u00b7legials demostraren la seva superioritat en mostrar-se com una formaci\u00f3 m\u00e9s conjunta.<\/span><\/p>","protected":false},"excerpt":{"rendered":"<p>La lliga en Primera Regional de futbol sala no va poder comen\u00e7ar millor per al\u00a0CFS\u00a0Dianense\u00a0Rte\u00a0Mena, ja que va guanyar amb molta solv\u00e8ncia en la pista del\u00a0Racing\u00a0Sant Joan per 5 a 11. Totes dos formacions van apostar des de l&#8217;arrancada del partit per un joc ofensiu, la qual cosa va propiciar que durant moltes fases el [&#8230;]<\/p>\n<p><a class=\"btn btn-secondary understrap-read-more-link\" href=\"https:\/\/radiolitoral.com\/ca\/2024\/09\/millor-comencament-de-lliga-per-al-cfs-dianense-impossible-davant-el-r-sant-joan-5-11\/\">Continua llegint&#8230;<span class=\"screen-reader-text\"> from Millor comen\u00e7ament de lliga per al CFS Dianense impossible davant el R. Sant Joan (5-11)<\/span><\/a><\/p>\n","protected":false},"author":12,"featured_media":11688,"comment_status":"open","ping_status":"closed","sticky":false,"template":"","format":"standard","meta":{"_acf_changed":false,"inline_featured_image":false,"footnotes":""},"categories":[5],"tags":[2327,2329,916,2325,2328,6,2324,2326,2330],"class_list":["post-11687","post","type-post","status-publish","format-standard","has-post-thumbnail","hentry","category-deportes","tag-5-a-11","tag-cd-la-vila-fs","tag-cd-paidos-denia","tag-cfs-dianense-rte-mena","tag-dani-franco","tag-deportes","tag-primera-regional-de-futbol-sala","tag-racing-sant-joan","tag-sporting-fs-la-nucia","cobertura-denia"],"acf":[],"yoast_head":"<!-- This site is optimized with the Yoast SEO plugin v27.5 - https:\/\/yoast.com\/product\/yoast-seo-wordpress\/ -->\n<title>Millor comen\u00e7ament de lliga per al CFS Dianense impossible davant el R. Sant Joan (5-11) | R\u00e0dio Litoral<\/title>\n<meta name=\"description\" content=\"La formaci\u00f3 que entrena Dani Franco va v\u00e9ncer en la pista del Racing Sant Joan per 5 a 11 La formaci\u00f3 que entrena Dani Franco va v\u00e9ncer en la pista del Racing Sant Joan per 5 a 11\" \/>\n<meta name=\"robots\" content=\"index, follow, max-snippet:-1, max-image-preview:large, max-video-preview:-1\" \/>\n<link rel=\"canonical\" href=\"https:\/\/radiolitoral.com\/ca\/2024\/09\/millor-comencament-de-lliga-per-al-cfs-denier-impossible-davant-el-sant-joan-5-11\/\" \/>\n<meta property=\"og:locale\" content=\"ca_ES\" \/>\n<meta property=\"og:type\" content=\"article\" \/>\n<meta property=\"og:title\" content=\"Millor comen\u00e7ament de lliga per al CFS Dianense impossible davant el R. Sant Joan (5-11) | R\u00e0dio Litoral\" \/>\n<meta property=\"og:description\" content=\"La formaci\u00f3 que entrena Dani Franco va v\u00e9ncer en la pista del Racing Sant Joan per 5 a 11 La formaci\u00f3 que entrena Dani Franco va v\u00e9ncer en la pista del Racing Sant Joan per 5 a 11\" \/>\n<meta property=\"og:url\" content=\"https:\/\/radiolitoral.com\/ca\/2024\/09\/millor-comencament-de-lliga-per-al-cfs-denier-impossible-davant-el-sant-joan-5-11\/\" \/>\n<meta property=\"og:site_name\" content=\"R\u00e0dio Litoral\" \/>\n<meta property=\"article:publisher\" content=\"https:\/\/www.facebook.com\/Laradiolitoral\/\" \/>\n<meta property=\"article:published_time\" content=\"2024-09-25T08:48:26+00:00\" \/>\n<meta property=\"og:image\" content=\"https:\/\/media.radiolitoral.com\/wp-content\/uploads\/2024\/09\/24122233\/CFS-Dianense-Rte-Mena-2024.jpg\" \/>\n\t<meta property=\"og:image:width\" content=\"1071\" \/>\n\t<meta property=\"og:image:height\" content=\"760\" \/>\n\t<meta property=\"og:image:type\" content=\"image\/jpeg\" \/>\n<meta name=\"author\" content=\"Javier Zamora\" \/>\n<meta name=\"twitter:card\" content=\"summary_large_image\" \/>\n<meta name=\"twitter:label1\" content=\"Escrit per\" \/>\n\t<meta name=\"twitter:data1\" content=\"Javier Zamora\" \/>\n\t<meta name=\"twitter:label2\" content=\"Temps estimat de lectura\" \/>\n\t<meta name=\"twitter:data2\" content=\"2 minuts\" \/>\n<script type=\"application\/ld+json\" class=\"yoast-schema-graph\">{\"@context\":\"https:\\\/\\\/schema.org\",\"@graph\":[{\"@type\":\"NewsArticle\",\"@id\":\"https:\\\/\\\/radiolitoral.com\\\/2024\\\/09\\\/millor-comencament-de-lliga-per-al-cfs-dianense-impossible-davant-el-r-sant-joan-5-11\\\/#article\",\"isPartOf\":{\"@id\":\"https:\\\/\\\/radiolitoral.com\\\/2024\\\/09\\\/millor-comencament-de-lliga-per-al-cfs-dianense-impossible-davant-el-r-sant-joan-5-11\\\/\"},\"author\":{\"name\":\"Javier Zamora\",\"@id\":\"https:\\\/\\\/radiolitoral.com\\\/#\\\/schema\\\/person\\\/7b1480b5caeb5acdd4ec6379caf62b22\"},\"headline\":\"Millor comen\u00e7ament de lliga per al CFS Dianense impossible davant el R. Sant Joan (5-11)\",\"datePublished\":\"2024-09-25T08:48:26+00:00\",\"mainEntityOfPage\":{\"@id\":\"https:\\\/\\\/radiolitoral.com\\\/2024\\\/09\\\/millor-comencament-de-lliga-per-al-cfs-dianense-impossible-davant-el-r-sant-joan-5-11\\\/\"},\"wordCount\":291,\"commentCount\":0,\"publisher\":{\"@id\":\"https:\\\/\\\/radiolitoral.com\\\/#organization\"},\"image\":{\"@id\":\"https:\\\/\\\/radiolitoral.com\\\/2024\\\/09\\\/millor-comencament-de-lliga-per-al-cfs-dianense-impossible-davant-el-r-sant-joan-5-11\\\/#primaryimage\"},\"thumbnailUrl\":\"https:\\\/\\\/media.radiolitoral.com\\\/wp-content\\\/uploads\\\/2024\\\/09\\\/24122233\\\/CFS-Dianense-Rte-Mena-2024.jpg\",\"keywords\":[\"5 a 11\",\"CD La Vila\u00a0FS\",\"CD Paidos D\u00e9nia\",\"CFS\u00a0Dianense\u00a0Rte\u00a0Mena\",\"Dani\u00a0Franco\",\"deportes\",\"Primera Regional de futbol sala\",\"Racing\u00a0Sant Joan\",\"Sporting\u00a0FS\u00a0La Nucia\"],\"articleSection\":[\"Deportes\"],\"inLanguage\":\"ca\",\"potentialAction\":[{\"@type\":\"CommentAction\",\"name\":\"Comment\",\"target\":[\"https:\\\/\\\/radiolitoral.com\\\/2024\\\/09\\\/millor-comencament-de-lliga-per-al-cfs-dianense-impossible-davant-el-r-sant-joan-5-11\\\/#respond\"]}]},{\"@type\":[\"WebPage\",\"ItemPage\"],\"@id\":\"https:\\\/\\\/radiolitoral.com\\\/2024\\\/09\\\/millor-comencament-de-lliga-per-al-cfs-dianense-impossible-davant-el-r-sant-joan-5-11\\\/\",\"url\":\"https:\\\/\\\/radiolitoral.com\\\/2024\\\/09\\\/millor-comencament-de-lliga-per-al-cfs-dianense-impossible-davant-el-r-sant-joan-5-11\\\/\",\"name\":\"Millor comen\u00e7ament de lliga per al CFS Dianense impossible davant el R. Sant Joan (5-11) | R\u00e0dio Litoral\",\"isPartOf\":{\"@id\":\"https:\\\/\\\/radiolitoral.com\\\/#website\"},\"primaryImageOfPage\":{\"@id\":\"https:\\\/\\\/radiolitoral.com\\\/2024\\\/09\\\/millor-comencament-de-lliga-per-al-cfs-dianense-impossible-davant-el-r-sant-joan-5-11\\\/#primaryimage\"},\"image\":{\"@id\":\"https:\\\/\\\/radiolitoral.com\\\/2024\\\/09\\\/millor-comencament-de-lliga-per-al-cfs-dianense-impossible-davant-el-r-sant-joan-5-11\\\/#primaryimage\"},\"thumbnailUrl\":\"https:\\\/\\\/media.radiolitoral.com\\\/wp-content\\\/uploads\\\/2024\\\/09\\\/24122233\\\/CFS-Dianense-Rte-Mena-2024.jpg\",\"datePublished\":\"2024-09-25T08:48:26+00:00\",\"description\":\"La formaci\u00f3 que entrena Dani Franco va v\u00e9ncer en la pista del Racing Sant Joan per 5 a 11 La formaci\u00f3 que entrena Dani Franco va v\u00e9ncer en la pista del Racing Sant Joan per 5 a 11\",\"breadcrumb\":{\"@id\":\"https:\\\/\\\/radiolitoral.com\\\/2024\\\/09\\\/millor-comencament-de-lliga-per-al-cfs-dianense-impossible-davant-el-r-sant-joan-5-11\\\/#breadcrumb\"},\"inLanguage\":\"ca\",\"potentialAction\":[{\"@type\":\"ReadAction\",\"target\":[\"https:\\\/\\\/radiolitoral.com\\\/2024\\\/09\\\/millor-comencament-de-lliga-per-al-cfs-dianense-impossible-davant-el-r-sant-joan-5-11\\\/\"]}]},{\"@type\":\"ImageObject\",\"inLanguage\":\"ca\",\"@id\":\"https:\\\/\\\/radiolitoral.com\\\/2024\\\/09\\\/millor-comencament-de-lliga-per-al-cfs-dianense-impossible-davant-el-r-sant-joan-5-11\\\/#primaryimage\",\"url\":\"https:\\\/\\\/media.radiolitoral.com\\\/wp-content\\\/uploads\\\/2024\\\/09\\\/24122233\\\/CFS-Dianense-Rte-Mena-2024.jpg\",\"contentUrl\":\"https:\\\/\\\/media.radiolitoral.com\\\/wp-content\\\/uploads\\\/2024\\\/09\\\/24122233\\\/CFS-Dianense-Rte-Mena-2024.jpg\",\"width\":1071,\"height\":760},{\"@type\":\"BreadcrumbList\",\"@id\":\"https:\\\/\\\/radiolitoral.com\\\/2024\\\/09\\\/millor-comencament-de-lliga-per-al-cfs-dianense-impossible-davant-el-r-sant-joan-5-11\\\/#breadcrumb\",\"itemListElement\":[{\"@type\":\"ListItem\",\"position\":1,\"name\":\"Portada\",\"item\":\"https:\\\/\\\/radiolitoral.com\\\/\"},{\"@type\":\"ListItem\",\"position\":2,\"name\":\"Millor comen\u00e7ament de lliga per al CFS Dianense impossible davant el R. Sant Joan (5-11)\"}]},{\"@type\":\"WebSite\",\"@id\":\"https:\\\/\\\/radiolitoral.com\\\/#website\",\"url\":\"https:\\\/\\\/radiolitoral.com\\\/\",\"name\":\"Radio Litoral\",\"description\":\"La radio local de la Marina Alta\",\"publisher\":{\"@id\":\"https:\\\/\\\/radiolitoral.com\\\/#organization\"},\"alternateName\":\"Litoral FM\",\"potentialAction\":[{\"@type\":\"SearchAction\",\"target\":{\"@type\":\"EntryPoint\",\"urlTemplate\":\"https:\\\/\\\/radiolitoral.com\\\/?s={search_term_string}\"},\"query-input\":{\"@type\":\"PropertyValueSpecification\",\"valueRequired\":true,\"valueName\":\"search_term_string\"}}],\"inLanguage\":\"ca\"},{\"@type\":\"Organization\",\"@id\":\"https:\\\/\\\/radiolitoral.com\\\/#organization\",\"name\":\"Radio Litoral\",\"url\":\"https:\\\/\\\/radiolitoral.com\\\/\",\"logo\":{\"@type\":\"ImageObject\",\"inLanguage\":\"ca\",\"@id\":\"https:\\\/\\\/radiolitoral.com\\\/#\\\/schema\\\/logo\\\/image\\\/\",\"url\":\"https:\\\/\\\/media.radiolitoral.com\\\/wp-content\\\/uploads\\\/2023\\\/02\\\/24143238\\\/CL-V-RadioLitoral696.png\",\"contentUrl\":\"https:\\\/\\\/media.radiolitoral.com\\\/wp-content\\\/uploads\\\/2023\\\/02\\\/24143238\\\/CL-V-RadioLitoral696.png\",\"width\":696,\"height\":696,\"caption\":\"Radio Litoral\"},\"image\":{\"@id\":\"https:\\\/\\\/radiolitoral.com\\\/#\\\/schema\\\/logo\\\/image\\\/\"},\"sameAs\":[\"https:\\\/\\\/www.facebook.com\\\/Laradiolitoral\\\/\"]},{\"@type\":\"Person\",\"@id\":\"https:\\\/\\\/radiolitoral.com\\\/#\\\/schema\\\/person\\\/7b1480b5caeb5acdd4ec6379caf62b22\",\"name\":\"Javier Zamora\",\"image\":{\"@type\":\"ImageObject\",\"inLanguage\":\"ca\",\"@id\":\"https:\\\/\\\/secure.gravatar.com\\\/avatar\\\/467a11f6918c7d619c4043fc6fa2d3853053107973f05b6e9c04ea6c4e3a7b3f?s=96&d=mm&r=g\",\"url\":\"https:\\\/\\\/secure.gravatar.com\\\/avatar\\\/467a11f6918c7d619c4043fc6fa2d3853053107973f05b6e9c04ea6c4e3a7b3f?s=96&d=mm&r=g\",\"contentUrl\":\"https:\\\/\\\/secure.gravatar.com\\\/avatar\\\/467a11f6918c7d619c4043fc6fa2d3853053107973f05b6e9c04ea6c4e3a7b3f?s=96&d=mm&r=g\",\"caption\":\"Javier Zamora\"},\"url\":\"https:\\\/\\\/radiolitoral.com\\\/ca\\\/author\\\/javier-zamora\\\/\"}]}<\/script>\n<!-- \/ Yoast SEO plugin. -->","yoast_head_json":{"title":"Millor comen\u00e7ament de lliga per al CFS Dianense impossible davant el R. Sant Joan (5-11) | R\u00e0dio Litoral","description":"La formaci\u00f3 que entrena Dani Franco va v\u00e8ncer a la pista del Racing Sant Joan per 5 a 11 La formaci\u00f3 que entrena Dani Franco va v\u00e8ncer a la pista del Racing Sant Joan per 5 a 11","robots":{"index":"index","follow":"follow","max-snippet":"max-snippet:-1","max-image-preview":"max-image-preview:large","max-video-preview":"max-video-preview:-1"},"canonical":"https:\/\/radiolitoral.com\/ca\/2024\/09\/millor-comencament-de-lliga-per-al-cfs-denier-impossible-davant-el-sant-joan-5-11\/","og_locale":"ca_ES","og_type":"article","og_title":"Millor comen\u00e7ament de lliga per al CFS Dianense impossible davant el R. Sant Joan (5-11) | R\u00e0dio Litoral","og_description":"La formaci\u00f3 que entrena Dani Franco va v\u00e9ncer en la pista del Racing Sant Joan per 5 a 11 La formaci\u00f3 que entrena Dani Franco va v\u00e9ncer en la pista del Racing Sant Joan per 5 a 11","og_url":"https:\/\/radiolitoral.com\/ca\/2024\/09\/millor-comencament-de-lliga-per-al-cfs-denier-impossible-davant-el-sant-joan-5-11\/","og_site_name":"R\u00e0dio Litoral","article_publisher":"https:\/\/www.facebook.com\/Laradiolitoral\/","article_published_time":"2024-09-25T08:48:26+00:00","og_image":[{"width":1071,"height":760,"url":"https:\/\/media.radiolitoral.com\/wp-content\/uploads\/2024\/09\/24122233\/CFS-Dianense-Rte-Mena-2024.jpg","type":"image\/jpeg"}],"author":"Javier Zamora","twitter_card":"summary_large_image","twitter_misc":{"Escrit per":"Javier Zamora","Temps estimat de lectura":"2 minuts"},"schema":{"@context":"https:\/\/schema.org","@graph":[{"@type":"NewsArticle","@id":"https:\/\/radiolitoral.com\/2024\/09\/millor-comencament-de-lliga-per-al-cfs-dianense-impossible-davant-el-r-sant-joan-5-11\/#article","isPartOf":{"@id":"https:\/\/radiolitoral.com\/2024\/09\/millor-comencament-de-lliga-per-al-cfs-dianense-impossible-davant-el-r-sant-joan-5-11\/"},"author":{"name":"Javier Zamora","@id":"https:\/\/radiolitoral.com\/#\/schema\/person\/7b1480b5caeb5acdd4ec6379caf62b22"},"headline":"Millor comen\u00e7ament de lliga per al CFS Dianense impossible davant el R. Sant Joan (5-11)","datePublished":"2024-09-25T08:48:26+00:00","mainEntityOfPage":{"@id":"https:\/\/radiolitoral.com\/2024\/09\/millor-comencament-de-lliga-per-al-cfs-dianense-impossible-davant-el-r-sant-joan-5-11\/"},"wordCount":291,"commentCount":0,"publisher":{"@id":"https:\/\/radiolitoral.com\/#organization"},"image":{"@id":"https:\/\/radiolitoral.com\/2024\/09\/millor-comencament-de-lliga-per-al-cfs-dianense-impossible-davant-el-r-sant-joan-5-11\/#primaryimage"},"thumbnailUrl":"https:\/\/media.radiolitoral.com\/wp-content\/uploads\/2024\/09\/24122233\/CFS-Dianense-Rte-Mena-2024.jpg","keywords":["5 a 11","CD La Vila\u00a0FS","CD Paidos D\u00e9nia","CFS\u00a0Dianense\u00a0Rte\u00a0Mena","Dani\u00a0Franco","deportes","Primera Regional de futbol sala","Racing\u00a0Sant Joan","Sporting\u00a0FS\u00a0La Nucia"],"articleSection":["Deportes"],"inLanguage":"ca","potentialAction":[{"@type":"CommentAction","name":"Comment","target":["https:\/\/radiolitoral.com\/2024\/09\/millor-comencament-de-lliga-per-al-cfs-dianense-impossible-davant-el-r-sant-joan-5-11\/#respond"]}]},{"@type":["WebPage","ItemPage"],"@id":"https:\/\/radiolitoral.com\/2024\/09\/millor-comencament-de-lliga-per-al-cfs-dianense-impossible-davant-el-r-sant-joan-5-11\/","url":"https:\/\/radiolitoral.com\/2024\/09\/millor-comencament-de-lliga-per-al-cfs-dianense-impossible-davant-el-r-sant-joan-5-11\/","name":"Millor comen\u00e7ament de lliga per al CFS Dianense impossible davant el R. Sant Joan (5-11) | R\u00e0dio Litoral","isPartOf":{"@id":"https:\/\/radiolitoral.com\/#website"},"primaryImageOfPage":{"@id":"https:\/\/radiolitoral.com\/2024\/09\/millor-comencament-de-lliga-per-al-cfs-dianense-impossible-davant-el-r-sant-joan-5-11\/#primaryimage"},"image":{"@id":"https:\/\/radiolitoral.com\/2024\/09\/millor-comencament-de-lliga-per-al-cfs-dianense-impossible-davant-el-r-sant-joan-5-11\/#primaryimage"},"thumbnailUrl":"https:\/\/media.radiolitoral.com\/wp-content\/uploads\/2024\/09\/24122233\/CFS-Dianense-Rte-Mena-2024.jpg","datePublished":"2024-09-25T08:48:26+00:00","description":"La formaci\u00f3 que entrena Dani Franco va v\u00e8ncer a la pista del Racing Sant Joan per 5 a 11 La formaci\u00f3 que entrena Dani Franco va v\u00e8ncer a la pista del Racing Sant Joan per 5 a 11","breadcrumb":{"@id":"https:\/\/radiolitoral.com\/2024\/09\/millor-comencament-de-lliga-per-al-cfs-dianense-impossible-davant-el-r-sant-joan-5-11\/#breadcrumb"},"inLanguage":"ca","potentialAction":[{"@type":"ReadAction","target":["https:\/\/radiolitoral.com\/2024\/09\/millor-comencament-de-lliga-per-al-cfs-dianense-impossible-davant-el-r-sant-joan-5-11\/"]}]},{"@type":"ImageObject","inLanguage":"ca","@id":"https:\/\/radiolitoral.com\/2024\/09\/millor-comencament-de-lliga-per-al-cfs-dianense-impossible-davant-el-r-sant-joan-5-11\/#primaryimage","url":"https:\/\/media.radiolitoral.com\/wp-content\/uploads\/2024\/09\/24122233\/CFS-Dianense-Rte-Mena-2024.jpg","contentUrl":"https:\/\/media.radiolitoral.com\/wp-content\/uploads\/2024\/09\/24122233\/CFS-Dianense-Rte-Mena-2024.jpg","width":1071,"height":760},{"@type":"BreadcrumbList","@id":"https:\/\/radiolitoral.com\/2024\/09\/millor-comencament-de-lliga-per-al-cfs-dianense-impossible-davant-el-r-sant-joan-5-11\/#breadcrumb","itemListElement":[{"@type":"ListItem","position":1,"name":"Portada","item":"https:\/\/radiolitoral.com\/"},{"@type":"ListItem","position":2,"name":"Millor comen\u00e7ament de lliga per al CFS Dianense impossible davant el R. Sant Joan (5-11)"}]},{"@type":"WebSite","@id":"https:\/\/radiolitoral.com\/#website","url":"https:\/\/radiolitoral.com\/","name":"R\u00e0dio Litoral","description":"La r\u00e0dio local de la Marina Alta","publisher":{"@id":"https:\/\/radiolitoral.com\/#organization"},"alternateName":"Litoral FM","potentialAction":[{"@type":"SearchAction","target":{"@type":"EntryPoint","urlTemplate":"https:\/\/radiolitoral.com\/?s={search_term_string}"},"query-input":{"@type":"PropertyValueSpecification","valueRequired":true,"valueName":"search_term_string"}}],"inLanguage":"ca"},{"@type":"Organization","@id":"https:\/\/radiolitoral.com\/#organization","name":"R\u00e0dio Litoral","url":"https:\/\/radiolitoral.com\/","logo":{"@type":"ImageObject","inLanguage":"ca","@id":"https:\/\/radiolitoral.com\/#\/schema\/logo\/image\/","url":"https:\/\/media.radiolitoral.com\/wp-content\/uploads\/2023\/02\/24143238\/CL-V-RadioLitoral696.png","contentUrl":"https:\/\/media.radiolitoral.com\/wp-content\/uploads\/2023\/02\/24143238\/CL-V-RadioLitoral696.png","width":696,"height":696,"caption":"Radio Litoral"},"image":{"@id":"https:\/\/radiolitoral.com\/#\/schema\/logo\/image\/"},"sameAs":["https:\/\/www.facebook.com\/Laradiolitoral\/"]},{"@type":"Person","@id":"https:\/\/radiolitoral.com\/#\/schema\/person\/7b1480b5caeb5acdd4ec6379caf62b22","name":"Javier Zamora","image":{"@type":"ImageObject","inLanguage":"ca","@id":"https:\/\/secure.gravatar.com\/avatar\/467a11f6918c7d619c4043fc6fa2d3853053107973f05b6e9c04ea6c4e3a7b3f?s=96&d=mm&r=g","url":"https:\/\/secure.gravatar.com\/avatar\/467a11f6918c7d619c4043fc6fa2d3853053107973f05b6e9c04ea6c4e3a7b3f?s=96&d=mm&r=g","contentUrl":"https:\/\/secure.gravatar.com\/avatar\/467a11f6918c7d619c4043fc6fa2d3853053107973f05b6e9c04ea6c4e3a7b3f?s=96&d=mm&r=g","caption":"Javier Zamora"},"url":"https:\/\/radiolitoral.com\/ca\/author\/javier-zamora\/"}]}},"_links":{"self":[{"href":"https:\/\/radiolitoral.com\/ca\/wp-json\/wp\/v2\/posts\/11687","targetHints":{"allow":["GET"]}}],"collection":[{"href":"https:\/\/radiolitoral.com\/ca\/wp-json\/wp\/v2\/posts"}],"about":[{"href":"https:\/\/radiolitoral.com\/ca\/wp-json\/wp\/v2\/types\/post"}],"author":[{"embeddable":true,"href":"https:\/\/radiolitoral.com\/ca\/wp-json\/wp\/v2\/users\/12"}],"replies":[{"embeddable":true,"href":"https:\/\/radiolitoral.com\/ca\/wp-json\/wp\/v2\/comments?post=11687"}],"version-history":[{"count":2,"href":"https:\/\/radiolitoral.com\/ca\/wp-json\/wp\/v2\/posts\/11687\/revisions"}],"predecessor-version":[{"id":11690,"href":"https:\/\/radiolitoral.com\/ca\/wp-json\/wp\/v2\/posts\/11687\/revisions\/11690"}],"wp:featuredmedia":[{"embeddable":true,"href":"https:\/\/radiolitoral.com\/ca\/wp-json\/wp\/v2\/media\/11688"}],"wp:attachment":[{"href":"https:\/\/radiolitoral.com\/ca\/wp-json\/wp\/v2\/media?parent=11687"}],"wp:term":[{"taxonomy":"category","embeddable":true,"href":"https:\/\/radiolitoral.com\/ca\/wp-json\/wp\/v2\/categories?post=11687"},{"taxonomy":"post_tag","embeddable":true,"href":"https:\/\/radiolitoral.com\/ca\/wp-json\/wp\/v2\/tags?post=11687"}],"curies":[{"name":"wp","href":"https:\/\/api.w.org\/{rel}","templated":true}]}}