{"id":11668,"date":"2024-09-24T10:30:14","date_gmt":"2024-09-24T08:30:14","guid":{"rendered":"https:\/\/radiolitoral.com\/?p=11668"},"modified":"2024-09-24T10:31:27","modified_gmt":"2024-09-24T08:31:27","slug":"toni-lorente-tenim-un-local-a-linstitut-que-amb-unes-reformes-podriem-tenir-mes-cicles-formatius","status":"publish","type":"post","link":"https:\/\/radiolitoral.com\/ca\/2024\/09\/toni-lorente-tenim-un-local-a-linstitut-que-amb-unes-reformes-podriem-tenir-mes-cicles-formatius\/","title":{"rendered":"Toni Lorente: \u00abTenim un local a l&#039;institut que amb unes reformes podr\u00edem tenir m\u00e9s cicles formatius\u00bb"},"content":{"rendered":"<p>M\u00e9s de 1.000 alumnes han tornat a les aules a <strong>l&#039;IES Josep Iborra de Benissa<\/strong> en un nou curs que ha arrencat amb normalitat, per\u00f2 que inclou diverses novetats. Avui al <strong>Primer Caf\u00e8<\/strong> de\u00a0<strong>R\u00e0dio Litoral<\/strong>, hem conversat amb <strong>Carles Lliber\u00f3s<\/strong>, <strong>director de l&#039;IES Josep Iborra de Benissa<\/strong> i <strong>Toni\u00a0<span class=\"hiddenSpellError\">Lorente<\/span><\/strong>, <strong>Cap d&#039;Estudis<\/strong> del centre.<\/p>\n<p>Els dos membres de l&#039;equip directiu ens han parlat de <strong>la nova\u00a0<span class=\"hiddenSpellError\">EBAU<\/span><\/strong>, a l&#039;espera de rebre els esborranys de com seran les actualitzades proves PAU, de <strong>l&#039;oferta formativa<\/strong> que imparteix el centre, aprofitant per reclamar m\u00e9s espais per ampliar els <strong>cicles formatius<\/strong>, dels projectes per fomentar la conviv\u00e8ncia de l&#039;alumnat i completar la seva formaci\u00f3, a m\u00e9s, ens han donat alguns consells per completar el curs amb \u00e8xit.<\/p>\n<p>Aqu\u00ed podeu escortar l&#039;entrevista completa.<\/p>\n<audio class=\"wp-audio-shortcode\" id=\"audio-11668-1\" preload=\"none\" style=\"width: 100%;\" controls=\"controls\"><source type=\"audio\/mpeg\" src=\"https:\/\/media.radiolitoral.com\/wp-content\/uploads\/2024\/09\/24101314\/Entrevista-Carles-Lliberos-i-Toni-Lorente-Educacion-Bssa.mp3?_=1\" \/><a href=\"https:\/\/media.radiolitoral.com\/wp-content\/uploads\/2024\/09\/24101314\/Entrevista-Carles-Lliberos-i-Toni-Lorente-Educacion-Bssa.mp3\">https:\/\/media.radiolitoral.com\/wp-content\/uploads\/2024\/09\/24101314\/Entrevista-Carles-Lliberos-i-Toni-Lorente-Educacion-Bssa.mp3<\/a><\/audio>","protected":false},"excerpt":{"rendered":"<p>M\u00e9s de 1.000 alumnes han tornat a les aules a l&#8217;IES Josep Iborra de Benissa en un nou curs que ha\u00a0arrancat\u00a0amb normalitat, per\u00f2 que inclou diverses novetats. Hui en el Primer Caf\u00e9 de\u00a0R\u00e0dio\u00a0Litoral, hem conversat amb Carles Lliber\u00f3s, director de l&#8217;IES Josep Iborra de Benissa i Toni\u00a0Lorente, Cap d&#8217;Estudis del centre. Els dos membres de [&#8230;]<\/p>\n<p><a class=\"btn btn-secondary understrap-read-more-link\" href=\"https:\/\/radiolitoral.com\/ca\/2024\/09\/toni-lorente-tenim-un-local-a-linstitut-que-amb-unes-reformes-podriem-tenir-mes-cicles-formatius\/\">Continua llegint&#8230;<span class=\"screen-reader-text\"> from Toni Lorente: \u00abTenim un local a l&#8217;institut que amb unes reformes podr\u00edem tenir m\u00e9s cicles formatius\u00bb<\/span><\/a><\/p>\n","protected":false},"author":13,"featured_media":11670,"comment_status":"open","ping_status":"closed","sticky":false,"template":"","format":"standard","meta":{"_acf_changed":false,"inline_featured_image":false,"footnotes":""},"categories":[130],"tags":[126,2313,1523,2312,2314],"class_list":["post-11668","post","type-post","status-publish","format-standard","has-post-thumbnail","hentry","category-educacion","tag-benissa","tag-carles-lliberos","tag-ies-josep-iborra","tag-primer-cafe","tag-toni-lorente","cobertura-benissa"],"acf":[],"yoast_head":"<!-- This site is optimized with the Yoast SEO plugin v27.5 - https:\/\/yoast.com\/product\/yoast-seo-wordpress\/ -->\n<title>Toni Lorente: &quot;Tenim un local a l&#039;institut que amb unes reformes podr\u00edem tenir m\u00e9s cicles formatius&quot; | R\u00e0dio Litoral<\/title>\n<meta name=\"description\" content=\"L&#039;equip directiu de l&#039;IES de Benissa insta a la Conselleria a qu\u00e8 adeq\u00fce una de les seues instal\u00b7lacions per a ampliar l&#039;oferta educativa\" \/>\n<meta name=\"robots\" content=\"index, follow, max-snippet:-1, max-image-preview:large, max-video-preview:-1\" \/>\n<link rel=\"canonical\" href=\"https:\/\/radiolitoral.com\/ca\/2024\/09\/toni-lorente-tenim-un-local-a-linstitut-que-amb-unes-reformes-podriem-tenir-mes-cicles-formatius\/\" \/>\n<meta property=\"og:locale\" content=\"ca_ES\" \/>\n<meta property=\"og:type\" content=\"article\" \/>\n<meta property=\"og:title\" content=\"Toni Lorente: &quot;Tenim un local a l&#039;institut que amb unes reformes podr\u00edem tenir m\u00e9s cicles formatius&quot; | R\u00e0dio Litoral\" \/>\n<meta property=\"og:description\" content=\"L&#039;equip directiu de l&#039;IES de Benissa insta a la Conselleria a qu\u00e8 adeq\u00fce una de les seues instal\u00b7lacions per a ampliar l&#039;oferta educativa\" \/>\n<meta property=\"og:url\" content=\"https:\/\/radiolitoral.com\/ca\/2024\/09\/toni-lorente-tenim-un-local-a-linstitut-que-amb-unes-reformes-podriem-tenir-mes-cicles-formatius\/\" \/>\n<meta property=\"og:site_name\" content=\"R\u00e0dio Litoral\" \/>\n<meta property=\"article:publisher\" content=\"https:\/\/www.facebook.com\/Laradiolitoral\/\" \/>\n<meta property=\"article:published_time\" content=\"2024-09-24T08:30:14+00:00\" \/>\n<meta property=\"article:modified_time\" content=\"2024-09-24T08:31:27+00:00\" \/>\n<meta property=\"og:image\" content=\"https:\/\/media.radiolitoral.com\/wp-content\/uploads\/2024\/09\/24101435\/Toni-Lorente-i-Carles-Lliberos-IES-Josep-Iborra-en-el-Primer-Cafe-Radio-Litoral.jpeg\" \/>\n\t<meta property=\"og:image:width\" content=\"2000\" \/>\n\t<meta property=\"og:image:height\" content=\"1500\" \/>\n\t<meta property=\"og:image:type\" content=\"image\/jpeg\" \/>\n<meta name=\"author\" content=\"Redacci\u00f3n\" \/>\n<meta name=\"twitter:card\" content=\"summary_large_image\" \/>\n<meta name=\"twitter:label1\" content=\"Escrit per\" \/>\n\t<meta name=\"twitter:data1\" content=\"Redacci\u00f3n\" \/>\n\t<meta name=\"twitter:label2\" content=\"Temps estimat de lectura\" \/>\n\t<meta name=\"twitter:data2\" content=\"2 minuts\" \/>\n<script type=\"application\/ld+json\" class=\"yoast-schema-graph\">{\"@context\":\"https:\\\/\\\/schema.org\",\"@graph\":[{\"@type\":\"NewsArticle\",\"@id\":\"https:\\\/\\\/radiolitoral.com\\\/2024\\\/09\\\/toni-lorente-tenim-un-local-a-linstitut-que-amb-unes-reformes-podriem-tenir-mes-cicles-formatius\\\/#article\",\"isPartOf\":{\"@id\":\"https:\\\/\\\/radiolitoral.com\\\/2024\\\/09\\\/toni-lorente-tenim-un-local-a-linstitut-que-amb-unes-reformes-podriem-tenir-mes-cicles-formatius\\\/\"},\"author\":{\"name\":\"Redacci\u00f3n\",\"@id\":\"https:\\\/\\\/radiolitoral.com\\\/#\\\/schema\\\/person\\\/f2b2343c49b5d721857cc1002bfdb151\"},\"headline\":\"Toni Lorente: \u00abTenim un local a l&#8217;institut que amb unes reformes podr\u00edem tenir m\u00e9s cicles formatius\u00bb\",\"datePublished\":\"2024-09-24T08:30:14+00:00\",\"dateModified\":\"2024-09-24T08:31:27+00:00\",\"mainEntityOfPage\":{\"@id\":\"https:\\\/\\\/radiolitoral.com\\\/2024\\\/09\\\/toni-lorente-tenim-un-local-a-linstitut-que-amb-unes-reformes-podriem-tenir-mes-cicles-formatius\\\/\"},\"wordCount\":179,\"commentCount\":0,\"publisher\":{\"@id\":\"https:\\\/\\\/radiolitoral.com\\\/#organization\"},\"image\":{\"@id\":\"https:\\\/\\\/radiolitoral.com\\\/2024\\\/09\\\/toni-lorente-tenim-un-local-a-linstitut-que-amb-unes-reformes-podriem-tenir-mes-cicles-formatius\\\/#primaryimage\"},\"thumbnailUrl\":\"https:\\\/\\\/media.radiolitoral.com\\\/wp-content\\\/uploads\\\/2024\\\/09\\\/24101435\\\/Toni-Lorente-i-Carles-Lliberos-IES-Josep-Iborra-en-el-Primer-Cafe-Radio-Litoral.jpeg\",\"keywords\":[\"Benissa\",\"Carles Lliber\u00f3s\",\"IES Josep Iborra\",\"Primer Caf\u00e9\",\"Toni Lorente\"],\"articleSection\":[\"Educaci\u00f3n\"],\"inLanguage\":\"ca\",\"potentialAction\":[{\"@type\":\"CommentAction\",\"name\":\"Comment\",\"target\":[\"https:\\\/\\\/radiolitoral.com\\\/2024\\\/09\\\/toni-lorente-tenim-un-local-a-linstitut-que-amb-unes-reformes-podriem-tenir-mes-cicles-formatius\\\/#respond\"]}]},{\"@type\":[\"WebPage\",\"ItemPage\"],\"@id\":\"https:\\\/\\\/radiolitoral.com\\\/2024\\\/09\\\/toni-lorente-tenim-un-local-a-linstitut-que-amb-unes-reformes-podriem-tenir-mes-cicles-formatius\\\/\",\"url\":\"https:\\\/\\\/radiolitoral.com\\\/2024\\\/09\\\/toni-lorente-tenim-un-local-a-linstitut-que-amb-unes-reformes-podriem-tenir-mes-cicles-formatius\\\/\",\"name\":\"Toni Lorente: \\\"Tenim un local a l'institut que amb unes reformes podr\u00edem tenir m\u00e9s cicles formatius\\\" | R\u00e0dio Litoral\",\"isPartOf\":{\"@id\":\"https:\\\/\\\/radiolitoral.com\\\/#website\"},\"primaryImageOfPage\":{\"@id\":\"https:\\\/\\\/radiolitoral.com\\\/2024\\\/09\\\/toni-lorente-tenim-un-local-a-linstitut-que-amb-unes-reformes-podriem-tenir-mes-cicles-formatius\\\/#primaryimage\"},\"image\":{\"@id\":\"https:\\\/\\\/radiolitoral.com\\\/2024\\\/09\\\/toni-lorente-tenim-un-local-a-linstitut-que-amb-unes-reformes-podriem-tenir-mes-cicles-formatius\\\/#primaryimage\"},\"thumbnailUrl\":\"https:\\\/\\\/media.radiolitoral.com\\\/wp-content\\\/uploads\\\/2024\\\/09\\\/24101435\\\/Toni-Lorente-i-Carles-Lliberos-IES-Josep-Iborra-en-el-Primer-Cafe-Radio-Litoral.jpeg\",\"datePublished\":\"2024-09-24T08:30:14+00:00\",\"dateModified\":\"2024-09-24T08:31:27+00:00\",\"description\":\"L'equip directiu de l'IES de Benissa insta a la Conselleria a qu\u00e8 adeq\u00fce una de les seues instal\u00b7lacions per a ampliar l'oferta educativa\",\"breadcrumb\":{\"@id\":\"https:\\\/\\\/radiolitoral.com\\\/2024\\\/09\\\/toni-lorente-tenim-un-local-a-linstitut-que-amb-unes-reformes-podriem-tenir-mes-cicles-formatius\\\/#breadcrumb\"},\"inLanguage\":\"ca\",\"potentialAction\":[{\"@type\":\"ReadAction\",\"target\":[\"https:\\\/\\\/radiolitoral.com\\\/2024\\\/09\\\/toni-lorente-tenim-un-local-a-linstitut-que-amb-unes-reformes-podriem-tenir-mes-cicles-formatius\\\/\"]}]},{\"@type\":\"ImageObject\",\"inLanguage\":\"ca\",\"@id\":\"https:\\\/\\\/radiolitoral.com\\\/2024\\\/09\\\/toni-lorente-tenim-un-local-a-linstitut-que-amb-unes-reformes-podriem-tenir-mes-cicles-formatius\\\/#primaryimage\",\"url\":\"https:\\\/\\\/media.radiolitoral.com\\\/wp-content\\\/uploads\\\/2024\\\/09\\\/24101435\\\/Toni-Lorente-i-Carles-Lliberos-IES-Josep-Iborra-en-el-Primer-Cafe-Radio-Litoral.jpeg\",\"contentUrl\":\"https:\\\/\\\/media.radiolitoral.com\\\/wp-content\\\/uploads\\\/2024\\\/09\\\/24101435\\\/Toni-Lorente-i-Carles-Lliberos-IES-Josep-Iborra-en-el-Primer-Cafe-Radio-Litoral.jpeg\",\"width\":2000,\"height\":1500},{\"@type\":\"BreadcrumbList\",\"@id\":\"https:\\\/\\\/radiolitoral.com\\\/2024\\\/09\\\/toni-lorente-tenim-un-local-a-linstitut-que-amb-unes-reformes-podriem-tenir-mes-cicles-formatius\\\/#breadcrumb\",\"itemListElement\":[{\"@type\":\"ListItem\",\"position\":1,\"name\":\"Portada\",\"item\":\"https:\\\/\\\/radiolitoral.com\\\/\"},{\"@type\":\"ListItem\",\"position\":2,\"name\":\"Toni Lorente: \u00abTenim un local a l&#8217;institut que amb unes reformes podr\u00edem tenir m\u00e9s cicles formatius\u00bb\"}]},{\"@type\":\"WebSite\",\"@id\":\"https:\\\/\\\/radiolitoral.com\\\/#website\",\"url\":\"https:\\\/\\\/radiolitoral.com\\\/\",\"name\":\"Radio Litoral\",\"description\":\"La radio local de la Marina Alta\",\"publisher\":{\"@id\":\"https:\\\/\\\/radiolitoral.com\\\/#organization\"},\"alternateName\":\"Litoral FM\",\"potentialAction\":[{\"@type\":\"SearchAction\",\"target\":{\"@type\":\"EntryPoint\",\"urlTemplate\":\"https:\\\/\\\/radiolitoral.com\\\/?s={search_term_string}\"},\"query-input\":{\"@type\":\"PropertyValueSpecification\",\"valueRequired\":true,\"valueName\":\"search_term_string\"}}],\"inLanguage\":\"ca\"},{\"@type\":\"Organization\",\"@id\":\"https:\\\/\\\/radiolitoral.com\\\/#organization\",\"name\":\"Radio Litoral\",\"url\":\"https:\\\/\\\/radiolitoral.com\\\/\",\"logo\":{\"@type\":\"ImageObject\",\"inLanguage\":\"ca\",\"@id\":\"https:\\\/\\\/radiolitoral.com\\\/#\\\/schema\\\/logo\\\/image\\\/\",\"url\":\"https:\\\/\\\/media.radiolitoral.com\\\/wp-content\\\/uploads\\\/2023\\\/02\\\/24143238\\\/CL-V-RadioLitoral696.png\",\"contentUrl\":\"https:\\\/\\\/media.radiolitoral.com\\\/wp-content\\\/uploads\\\/2023\\\/02\\\/24143238\\\/CL-V-RadioLitoral696.png\",\"width\":696,\"height\":696,\"caption\":\"Radio Litoral\"},\"image\":{\"@id\":\"https:\\\/\\\/radiolitoral.com\\\/#\\\/schema\\\/logo\\\/image\\\/\"},\"sameAs\":[\"https:\\\/\\\/www.facebook.com\\\/Laradiolitoral\\\/\"]},{\"@type\":\"Person\",\"@id\":\"https:\\\/\\\/radiolitoral.com\\\/#\\\/schema\\\/person\\\/f2b2343c49b5d721857cc1002bfdb151\",\"name\":\"Redacci\u00f3n\",\"image\":{\"@type\":\"ImageObject\",\"inLanguage\":\"ca\",\"@id\":\"https:\\\/\\\/secure.gravatar.com\\\/avatar\\\/f771d896c203ad8b3382d7905cfcce5a5c9b008b84b3cd9114e9b9f4cb63f789?s=96&d=mm&r=g\",\"url\":\"https:\\\/\\\/secure.gravatar.com\\\/avatar\\\/f771d896c203ad8b3382d7905cfcce5a5c9b008b84b3cd9114e9b9f4cb63f789?s=96&d=mm&r=g\",\"contentUrl\":\"https:\\\/\\\/secure.gravatar.com\\\/avatar\\\/f771d896c203ad8b3382d7905cfcce5a5c9b008b84b3cd9114e9b9f4cb63f789?s=96&d=mm&r=g\",\"caption\":\"Redacci\u00f3n\"},\"url\":\"https:\\\/\\\/radiolitoral.com\\\/ca\\\/author\\\/miriam-pagan\\\/\"}]}<\/script>\n<!-- \/ Yoast SEO plugin. -->","yoast_head_json":{"title":"Toni Lorente: &quot;Tenim un local a l&#039;institut que amb unes reformes podr\u00edem tenir m\u00e9s cicles formatius&quot; | R\u00e0dio Litoral","description":"L&#039;equip directiu de l&#039;IES de Benissa insta la Conselleria a adequar una de les seves instal\u00b7lacions per ampliar l&#039;oferta educativa","robots":{"index":"index","follow":"follow","max-snippet":"max-snippet:-1","max-image-preview":"max-image-preview:large","max-video-preview":"max-video-preview:-1"},"canonical":"https:\/\/radiolitoral.com\/ca\/2024\/09\/toni-lorente-tenim-un-local-a-linstitut-que-amb-unes-reformes-podriem-tenir-mes-cicles-formatius\/","og_locale":"ca_ES","og_type":"article","og_title":"Toni Lorente: \"Tenim un local a l'institut que amb unes reformes podr\u00edem tenir m\u00e9s cicles formatius\" | R\u00e0dio Litoral","og_description":"L'equip directiu de l'IES de Benissa insta a la Conselleria a qu\u00e8 adeq\u00fce una de les seues instal\u00b7lacions per a ampliar l'oferta educativa","og_url":"https:\/\/radiolitoral.com\/ca\/2024\/09\/toni-lorente-tenim-un-local-a-linstitut-que-amb-unes-reformes-podriem-tenir-mes-cicles-formatius\/","og_site_name":"R\u00e0dio Litoral","article_publisher":"https:\/\/www.facebook.com\/Laradiolitoral\/","article_published_time":"2024-09-24T08:30:14+00:00","article_modified_time":"2024-09-24T08:31:27+00:00","og_image":[{"width":2000,"height":1500,"url":"https:\/\/media.radiolitoral.com\/wp-content\/uploads\/2024\/09\/24101435\/Toni-Lorente-i-Carles-Lliberos-IES-Josep-Iborra-en-el-Primer-Cafe-Radio-Litoral.jpeg","type":"image\/jpeg"}],"author":"Redacci\u00f3n","twitter_card":"summary_large_image","twitter_misc":{"Escrit per":"Redacci\u00f3n","Temps estimat de lectura":"2 minuts"},"schema":{"@context":"https:\/\/schema.org","@graph":[{"@type":"NewsArticle","@id":"https:\/\/radiolitoral.com\/2024\/09\/toni-lorente-tenim-un-local-a-linstitut-que-amb-unes-reformes-podriem-tenir-mes-cicles-formatius\/#article","isPartOf":{"@id":"https:\/\/radiolitoral.com\/2024\/09\/toni-lorente-tenim-un-local-a-linstitut-que-amb-unes-reformes-podriem-tenir-mes-cicles-formatius\/"},"author":{"name":"Redacci\u00f3n","@id":"https:\/\/radiolitoral.com\/#\/schema\/person\/f2b2343c49b5d721857cc1002bfdb151"},"headline":"Toni Lorente: \u00abTenim un local a l&#8217;institut que amb unes reformes podr\u00edem tenir m\u00e9s cicles formatius\u00bb","datePublished":"2024-09-24T08:30:14+00:00","dateModified":"2024-09-24T08:31:27+00:00","mainEntityOfPage":{"@id":"https:\/\/radiolitoral.com\/2024\/09\/toni-lorente-tenim-un-local-a-linstitut-que-amb-unes-reformes-podriem-tenir-mes-cicles-formatius\/"},"wordCount":179,"commentCount":0,"publisher":{"@id":"https:\/\/radiolitoral.com\/#organization"},"image":{"@id":"https:\/\/radiolitoral.com\/2024\/09\/toni-lorente-tenim-un-local-a-linstitut-que-amb-unes-reformes-podriem-tenir-mes-cicles-formatius\/#primaryimage"},"thumbnailUrl":"https:\/\/media.radiolitoral.com\/wp-content\/uploads\/2024\/09\/24101435\/Toni-Lorente-i-Carles-Lliberos-IES-Josep-Iborra-en-el-Primer-Cafe-Radio-Litoral.jpeg","keywords":["Benissa","Carles Lliber\u00f3s","IES Josep Iborra","Primer Caf\u00e9","Toni Lorente"],"articleSection":["Educaci\u00f3n"],"inLanguage":"ca","potentialAction":[{"@type":"CommentAction","name":"Comment","target":["https:\/\/radiolitoral.com\/2024\/09\/toni-lorente-tenim-un-local-a-linstitut-que-amb-unes-reformes-podriem-tenir-mes-cicles-formatius\/#respond"]}]},{"@type":["WebPage","ItemPage"],"@id":"https:\/\/radiolitoral.com\/2024\/09\/toni-lorente-tenim-un-local-a-linstitut-que-amb-unes-reformes-podriem-tenir-mes-cicles-formatius\/","url":"https:\/\/radiolitoral.com\/2024\/09\/toni-lorente-tenim-un-local-a-linstitut-que-amb-unes-reformes-podriem-tenir-mes-cicles-formatius\/","name":"Toni Lorente: &quot;Tenim un local a l&#039;institut que amb unes reformes podr\u00edem tenir m\u00e9s cicles formatius&quot; | R\u00e0dio Litoral","isPartOf":{"@id":"https:\/\/radiolitoral.com\/#website"},"primaryImageOfPage":{"@id":"https:\/\/radiolitoral.com\/2024\/09\/toni-lorente-tenim-un-local-a-linstitut-que-amb-unes-reformes-podriem-tenir-mes-cicles-formatius\/#primaryimage"},"image":{"@id":"https:\/\/radiolitoral.com\/2024\/09\/toni-lorente-tenim-un-local-a-linstitut-que-amb-unes-reformes-podriem-tenir-mes-cicles-formatius\/#primaryimage"},"thumbnailUrl":"https:\/\/media.radiolitoral.com\/wp-content\/uploads\/2024\/09\/24101435\/Toni-Lorente-i-Carles-Lliberos-IES-Josep-Iborra-en-el-Primer-Cafe-Radio-Litoral.jpeg","datePublished":"2024-09-24T08:30:14+00:00","dateModified":"2024-09-24T08:31:27+00:00","description":"L&#039;equip directiu de l&#039;IES de Benissa insta la Conselleria a adequar una de les seves instal\u00b7lacions per ampliar l&#039;oferta educativa","breadcrumb":{"@id":"https:\/\/radiolitoral.com\/2024\/09\/toni-lorente-tenim-un-local-a-linstitut-que-amb-unes-reformes-podriem-tenir-mes-cicles-formatius\/#breadcrumb"},"inLanguage":"ca","potentialAction":[{"@type":"ReadAction","target":["https:\/\/radiolitoral.com\/2024\/09\/toni-lorente-tenim-un-local-a-linstitut-que-amb-unes-reformes-podriem-tenir-mes-cicles-formatius\/"]}]},{"@type":"ImageObject","inLanguage":"ca","@id":"https:\/\/radiolitoral.com\/2024\/09\/toni-lorente-tenim-un-local-a-linstitut-que-amb-unes-reformes-podriem-tenir-mes-cicles-formatius\/#primaryimage","url":"https:\/\/media.radiolitoral.com\/wp-content\/uploads\/2024\/09\/24101435\/Toni-Lorente-i-Carles-Lliberos-IES-Josep-Iborra-en-el-Primer-Cafe-Radio-Litoral.jpeg","contentUrl":"https:\/\/media.radiolitoral.com\/wp-content\/uploads\/2024\/09\/24101435\/Toni-Lorente-i-Carles-Lliberos-IES-Josep-Iborra-en-el-Primer-Cafe-Radio-Litoral.jpeg","width":2000,"height":1500},{"@type":"BreadcrumbList","@id":"https:\/\/radiolitoral.com\/2024\/09\/toni-lorente-tenim-un-local-a-linstitut-que-amb-unes-reformes-podriem-tenir-mes-cicles-formatius\/#breadcrumb","itemListElement":[{"@type":"ListItem","position":1,"name":"Portada","item":"https:\/\/radiolitoral.com\/"},{"@type":"ListItem","position":2,"name":"Toni Lorente: \u00abTenim un local a l&#8217;institut que amb unes reformes podr\u00edem tenir m\u00e9s cicles formatius\u00bb"}]},{"@type":"WebSite","@id":"https:\/\/radiolitoral.com\/#website","url":"https:\/\/radiolitoral.com\/","name":"R\u00e0dio Litoral","description":"La r\u00e0dio local de la Marina Alta","publisher":{"@id":"https:\/\/radiolitoral.com\/#organization"},"alternateName":"Litoral FM","potentialAction":[{"@type":"SearchAction","target":{"@type":"EntryPoint","urlTemplate":"https:\/\/radiolitoral.com\/?s={search_term_string}"},"query-input":{"@type":"PropertyValueSpecification","valueRequired":true,"valueName":"search_term_string"}}],"inLanguage":"ca"},{"@type":"Organization","@id":"https:\/\/radiolitoral.com\/#organization","name":"R\u00e0dio Litoral","url":"https:\/\/radiolitoral.com\/","logo":{"@type":"ImageObject","inLanguage":"ca","@id":"https:\/\/radiolitoral.com\/#\/schema\/logo\/image\/","url":"https:\/\/media.radiolitoral.com\/wp-content\/uploads\/2023\/02\/24143238\/CL-V-RadioLitoral696.png","contentUrl":"https:\/\/media.radiolitoral.com\/wp-content\/uploads\/2023\/02\/24143238\/CL-V-RadioLitoral696.png","width":696,"height":696,"caption":"Radio Litoral"},"image":{"@id":"https:\/\/radiolitoral.com\/#\/schema\/logo\/image\/"},"sameAs":["https:\/\/www.facebook.com\/Laradiolitoral\/"]},{"@type":"Person","@id":"https:\/\/radiolitoral.com\/#\/schema\/person\/f2b2343c49b5d721857cc1002bfdb151","name":"Redacci\u00f3","image":{"@type":"ImageObject","inLanguage":"ca","@id":"https:\/\/secure.gravatar.com\/avatar\/f771d896c203ad8b3382d7905cfcce5a5c9b008b84b3cd9114e9b9f4cb63f789?s=96&d=mm&r=g","url":"https:\/\/secure.gravatar.com\/avatar\/f771d896c203ad8b3382d7905cfcce5a5c9b008b84b3cd9114e9b9f4cb63f789?s=96&d=mm&r=g","contentUrl":"https:\/\/secure.gravatar.com\/avatar\/f771d896c203ad8b3382d7905cfcce5a5c9b008b84b3cd9114e9b9f4cb63f789?s=96&d=mm&r=g","caption":"Redacci\u00f3n"},"url":"https:\/\/radiolitoral.com\/ca\/author\/miriam-pagan\/"}]}},"_links":{"self":[{"href":"https:\/\/radiolitoral.com\/ca\/wp-json\/wp\/v2\/posts\/11668","targetHints":{"allow":["GET"]}}],"collection":[{"href":"https:\/\/radiolitoral.com\/ca\/wp-json\/wp\/v2\/posts"}],"about":[{"href":"https:\/\/radiolitoral.com\/ca\/wp-json\/wp\/v2\/types\/post"}],"author":[{"embeddable":true,"href":"https:\/\/radiolitoral.com\/ca\/wp-json\/wp\/v2\/users\/13"}],"replies":[{"embeddable":true,"href":"https:\/\/radiolitoral.com\/ca\/wp-json\/wp\/v2\/comments?post=11668"}],"version-history":[{"count":5,"href":"https:\/\/radiolitoral.com\/ca\/wp-json\/wp\/v2\/posts\/11668\/revisions"}],"predecessor-version":[{"id":11678,"href":"https:\/\/radiolitoral.com\/ca\/wp-json\/wp\/v2\/posts\/11668\/revisions\/11678"}],"wp:featuredmedia":[{"embeddable":true,"href":"https:\/\/radiolitoral.com\/ca\/wp-json\/wp\/v2\/media\/11670"}],"wp:attachment":[{"href":"https:\/\/radiolitoral.com\/ca\/wp-json\/wp\/v2\/media?parent=11668"}],"wp:term":[{"taxonomy":"category","embeddable":true,"href":"https:\/\/radiolitoral.com\/ca\/wp-json\/wp\/v2\/categories?post=11668"},{"taxonomy":"post_tag","embeddable":true,"href":"https:\/\/radiolitoral.com\/ca\/wp-json\/wp\/v2\/tags?post=11668"}],"curies":[{"name":"wp","href":"https:\/\/api.w.org\/{rel}","templated":true}]}}