{"id":11664,"date":"2024-09-24T09:27:30","date_gmt":"2024-09-24T07:27:30","guid":{"rendered":"https:\/\/radiolitoral.com\/?p=11664"},"modified":"2024-09-24T09:27:30","modified_gmt":"2024-09-24T07:27:30","slug":"teulada-moraira-aprova-la-inversio-de-500-000-euros-per-al-museu-de-la-mar","status":"publish","type":"post","link":"https:\/\/radiolitoral.com\/ca\/2024\/09\/teulada-moraira-aprova-la-inversio-de-500-000-euros-per-al-museu-de-la-mar\/","title":{"rendered":"Teulada Moraira aprova la inversi\u00f3 de 500.000 euros per al Museu de la Mar"},"content":{"rendered":"<p>L&#039;<a href=\"https:\/\/www.teuladamoraira.com.es\/ayttm\/web_php\/index.php\">Ajuntament de Teulada Moraira<\/a> ha donat el vistiplau a una modificaci\u00f3 de cr\u00e8dit de 500.000 euros per crear el Museu de la Mar. Aquesta quantitat es destinar\u00e0 a comprar i condicionar el local que albergar\u00e0 aquesta nova infraestructura cultural.<\/p>\n<p>Durant la sessi\u00f3 plenaria de la setmana passada, es va tractar la necessitat de donar vida a aquest projecte, que respon a una demanda hist\u00f2rica del municipi. Segons l&#039;alcalde, Ra\u00fcl Llobell, el seu partit ha estat treballant durant molt de temps per trobar el lloc adequat per ubicar-hi el museu.<\/p>\n<p>L&#039;aprovaci\u00f3 de la finan\u00e7ament \u00e9s nom\u00e9s el primer pas en un proc\u00e9s m\u00e9s llarg. Llobell va recordar que la creaci\u00f3 del Museu de la Mar forma part del programa electoral del Partit Popular i \u00e9s una aposta clau per a la revitalitzaci\u00f3 cultural de la localitat.<\/p>\n<h4>L&#039;inici d&#039;un projecte cultural ambicioso<\/h4>\n<p>Llobell va indicar que l&#039;ajuntament no havia incl\u00f2s aquesta quantitat als pressupostos inicials perqu\u00e8 encara no s&#039;havia trobat l&#039;empla\u00e7ament ideal. \u00abPrimer cal trobar el lloc per poder invertir-hi\u00bb, va explicar l?alcalde. Ara, amb aquesta modificaci\u00f3 aprovada, es pot iniciar el proc\u00e9s per donar forma al projecte.<\/p>\n<p>Aquest Museu de la Mar pret\u00e9n ser un referent per a Teulada Moraira, reflectint el fort lligam del municipi amb la mar. Es preveu que no nom\u00e9s conservi el patrimoni mar\u00edtim local, sin\u00f3 que tamb\u00e9 contribueixi a l&#039;atractiu tur\u00edstic de la zona, atraient visitants i residents per igual.<\/p>\n<p>L&#039;alcalde va concloure que aquesta inversi\u00f3 \u00e9s nom\u00e9s el comen\u00e7ament d&#039;una s\u00e8rie de projectes culturals que l&#039;ajuntament t\u00e9 previst desenvolupar els propers anys.<\/p>","protected":false},"excerpt":{"rendered":"<p>L&#8217;Ajuntament de Teulada Moraira ha donat el vistiplau a una modificaci\u00f3 de cr\u00e8dit de 500.000 euros per crear el Museu de la Mar. Aquesta quantitat es destinar\u00e0 a comprar i condicionar el local que albergar\u00e0 aquesta nova infraestructura cultural. Durant la sessi\u00f3 plen\u00e0ria de la setmana passada, es va tractar la necessitat de donar vida [&#8230;]<\/p>\n<p><a class=\"btn btn-secondary understrap-read-more-link\" href=\"https:\/\/radiolitoral.com\/ca\/2024\/09\/teulada-moraira-aprova-la-inversio-de-500-000-euros-per-al-museu-de-la-mar\/\">Continua llegint&#8230;<span class=\"screen-reader-text\"> from Teulada Moraira aprova la inversi\u00f3 de 500.000 euros per al Museu de la Mar<\/span><\/a><\/p>\n","protected":false},"author":13,"featured_media":11665,"comment_status":"open","ping_status":"closed","sticky":false,"template":"","format":"standard","meta":{"_acf_changed":false,"inline_featured_image":false,"footnotes":""},"categories":[55],"tags":[1646,2311,2306,2305,2309,2307,2310,1282,195,2308],"class_list":["post-11664","post","type-post","status-publish","format-standard","has-post-thumbnail","hentry","category-cultura","tag-ajuntament-de-teulada","tag-infraestructura","tag-inversio-cultural","tag-museu-de-la-mar","tag-patrimoni-local","tag-patrimoni-maritim","tag-projecte-cultural","tag-raul-llobell","tag-teulada-moraira","tag-turisme-cultural","cobertura-teulada-moraira"],"acf":[],"yoast_head":"<!-- This site is optimized with the Yoast SEO plugin v27.5 - https:\/\/yoast.com\/product\/yoast-seo-wordpress\/ -->\n<title>Teulada Moraira aprova 500.000 euros per al Museu de la Mar | R\u00e0dio Litoral<\/title>\n<meta name=\"description\" content=\"Teulada Moraira destina 500.000 euros a la creaci\u00f3 del Museu de la Mar, una nova infraestructura per posar en valor el patrimoni mar\u00edtim.\" \/>\n<meta name=\"robots\" content=\"index, follow, max-snippet:-1, max-image-preview:large, max-video-preview:-1\" \/>\n<link rel=\"canonical\" href=\"https:\/\/radiolitoral.com\/ca\/2024\/09\/teulada-moraira-aprova-la-inversio-de-500-000-euros-per-al-museu-de-la-mar\/\" \/>\n<meta property=\"og:locale\" content=\"ca_ES\" \/>\n<meta property=\"og:type\" content=\"article\" \/>\n<meta property=\"og:title\" content=\"Teulada Moraira aprova 500.000 euros per al Museu de la Mar | R\u00e0dio Litoral\" \/>\n<meta property=\"og:description\" content=\"Teulada Moraira destina 500.000 euros a la creaci\u00f3 del Museu de la Mar, una nova infraestructura per posar en valor el patrimoni mar\u00edtim.\" \/>\n<meta property=\"og:url\" content=\"https:\/\/radiolitoral.com\/ca\/2024\/09\/teulada-moraira-aprova-la-inversio-de-500-000-euros-per-al-museu-de-la-mar\/\" \/>\n<meta property=\"og:site_name\" content=\"R\u00e0dio Litoral\" \/>\n<meta property=\"article:publisher\" content=\"https:\/\/www.facebook.com\/Laradiolitoral\/\" \/>\n<meta property=\"article:published_time\" content=\"2024-09-24T07:27:30+00:00\" \/>\n<meta property=\"og:image\" content=\"https:\/\/media.radiolitoral.com\/wp-content\/uploads\/2024\/09\/24092659\/mar-ajuntament-teulada-moraira-museu.jpg\" \/>\n\t<meta property=\"og:image:width\" content=\"1920\" \/>\n\t<meta property=\"og:image:height\" content=\"1080\" \/>\n\t<meta property=\"og:image:type\" content=\"image\/jpeg\" \/>\n<meta name=\"author\" content=\"Redacci\u00f3n\" \/>\n<meta name=\"twitter:card\" content=\"summary_large_image\" \/>\n<meta name=\"twitter:label1\" content=\"Escrit per\" \/>\n\t<meta name=\"twitter:data1\" content=\"Redacci\u00f3n\" \/>\n\t<meta name=\"twitter:label2\" content=\"Temps estimat de lectura\" \/>\n\t<meta name=\"twitter:data2\" content=\"2 minuts\" \/>\n<script type=\"application\/ld+json\" class=\"yoast-schema-graph\">{\"@context\":\"https:\\\/\\\/schema.org\",\"@graph\":[{\"@type\":\"NewsArticle\",\"@id\":\"https:\\\/\\\/radiolitoral.com\\\/2024\\\/09\\\/teulada-moraira-aprova-la-inversio-de-500-000-euros-per-al-museu-de-la-mar\\\/#article\",\"isPartOf\":{\"@id\":\"https:\\\/\\\/radiolitoral.com\\\/2024\\\/09\\\/teulada-moraira-aprova-la-inversio-de-500-000-euros-per-al-museu-de-la-mar\\\/\"},\"author\":{\"name\":\"Redacci\u00f3n\",\"@id\":\"https:\\\/\\\/radiolitoral.com\\\/#\\\/schema\\\/person\\\/f2b2343c49b5d721857cc1002bfdb151\"},\"headline\":\"Teulada Moraira aprova la inversi\u00f3 de 500.000 euros per al Museu de la Mar\",\"datePublished\":\"2024-09-24T07:27:30+00:00\",\"mainEntityOfPage\":{\"@id\":\"https:\\\/\\\/radiolitoral.com\\\/2024\\\/09\\\/teulada-moraira-aprova-la-inversio-de-500-000-euros-per-al-museu-de-la-mar\\\/\"},\"wordCount\":303,\"commentCount\":0,\"publisher\":{\"@id\":\"https:\\\/\\\/radiolitoral.com\\\/#organization\"},\"image\":{\"@id\":\"https:\\\/\\\/radiolitoral.com\\\/2024\\\/09\\\/teulada-moraira-aprova-la-inversio-de-500-000-euros-per-al-museu-de-la-mar\\\/#primaryimage\"},\"thumbnailUrl\":\"https:\\\/\\\/media.radiolitoral.com\\\/wp-content\\\/uploads\\\/2024\\\/09\\\/24092659\\\/mar-ajuntament-teulada-moraira-museu.jpg\",\"keywords\":[\"Ajuntament de Teulada\",\"infraestructura\",\"inversi\u00f3 cultural\",\"Museu de la Mar\",\"patrimoni local\",\"patrimoni mar\u00edtim\",\"projecte cultural\",\"Ra\u00fal Llobell\",\"Teulada-Moraira\",\"turisme cultural\"],\"articleSection\":[\"Cultura\"],\"inLanguage\":\"ca\",\"potentialAction\":[{\"@type\":\"CommentAction\",\"name\":\"Comment\",\"target\":[\"https:\\\/\\\/radiolitoral.com\\\/2024\\\/09\\\/teulada-moraira-aprova-la-inversio-de-500-000-euros-per-al-museu-de-la-mar\\\/#respond\"]}]},{\"@type\":[\"WebPage\",\"ItemPage\"],\"@id\":\"https:\\\/\\\/radiolitoral.com\\\/2024\\\/09\\\/teulada-moraira-aprova-la-inversio-de-500-000-euros-per-al-museu-de-la-mar\\\/\",\"url\":\"https:\\\/\\\/radiolitoral.com\\\/2024\\\/09\\\/teulada-moraira-aprova-la-inversio-de-500-000-euros-per-al-museu-de-la-mar\\\/\",\"name\":\"Teulada Moraira aprova 500.000 euros per al Museu de la Mar | R\u00e0dio Litoral\",\"isPartOf\":{\"@id\":\"https:\\\/\\\/radiolitoral.com\\\/#website\"},\"primaryImageOfPage\":{\"@id\":\"https:\\\/\\\/radiolitoral.com\\\/2024\\\/09\\\/teulada-moraira-aprova-la-inversio-de-500-000-euros-per-al-museu-de-la-mar\\\/#primaryimage\"},\"image\":{\"@id\":\"https:\\\/\\\/radiolitoral.com\\\/2024\\\/09\\\/teulada-moraira-aprova-la-inversio-de-500-000-euros-per-al-museu-de-la-mar\\\/#primaryimage\"},\"thumbnailUrl\":\"https:\\\/\\\/media.radiolitoral.com\\\/wp-content\\\/uploads\\\/2024\\\/09\\\/24092659\\\/mar-ajuntament-teulada-moraira-museu.jpg\",\"datePublished\":\"2024-09-24T07:27:30+00:00\",\"description\":\"Teulada Moraira destina 500.000 euros a la creaci\u00f3 del Museu de la Mar, una nova infraestructura per posar en valor el patrimoni mar\u00edtim.\",\"breadcrumb\":{\"@id\":\"https:\\\/\\\/radiolitoral.com\\\/2024\\\/09\\\/teulada-moraira-aprova-la-inversio-de-500-000-euros-per-al-museu-de-la-mar\\\/#breadcrumb\"},\"inLanguage\":\"ca\",\"potentialAction\":[{\"@type\":\"ReadAction\",\"target\":[\"https:\\\/\\\/radiolitoral.com\\\/2024\\\/09\\\/teulada-moraira-aprova-la-inversio-de-500-000-euros-per-al-museu-de-la-mar\\\/\"]}]},{\"@type\":\"ImageObject\",\"inLanguage\":\"ca\",\"@id\":\"https:\\\/\\\/radiolitoral.com\\\/2024\\\/09\\\/teulada-moraira-aprova-la-inversio-de-500-000-euros-per-al-museu-de-la-mar\\\/#primaryimage\",\"url\":\"https:\\\/\\\/media.radiolitoral.com\\\/wp-content\\\/uploads\\\/2024\\\/09\\\/24092659\\\/mar-ajuntament-teulada-moraira-museu.jpg\",\"contentUrl\":\"https:\\\/\\\/media.radiolitoral.com\\\/wp-content\\\/uploads\\\/2024\\\/09\\\/24092659\\\/mar-ajuntament-teulada-moraira-museu.jpg\",\"width\":1920,\"height\":1080},{\"@type\":\"BreadcrumbList\",\"@id\":\"https:\\\/\\\/radiolitoral.com\\\/2024\\\/09\\\/teulada-moraira-aprova-la-inversio-de-500-000-euros-per-al-museu-de-la-mar\\\/#breadcrumb\",\"itemListElement\":[{\"@type\":\"ListItem\",\"position\":1,\"name\":\"Portada\",\"item\":\"https:\\\/\\\/radiolitoral.com\\\/\"},{\"@type\":\"ListItem\",\"position\":2,\"name\":\"Teulada Moraira aprova la inversi\u00f3 de 500.000 euros per al Museu de la Mar\"}]},{\"@type\":\"WebSite\",\"@id\":\"https:\\\/\\\/radiolitoral.com\\\/#website\",\"url\":\"https:\\\/\\\/radiolitoral.com\\\/\",\"name\":\"Radio Litoral\",\"description\":\"La radio local de la Marina Alta\",\"publisher\":{\"@id\":\"https:\\\/\\\/radiolitoral.com\\\/#organization\"},\"alternateName\":\"Litoral FM\",\"potentialAction\":[{\"@type\":\"SearchAction\",\"target\":{\"@type\":\"EntryPoint\",\"urlTemplate\":\"https:\\\/\\\/radiolitoral.com\\\/?s={search_term_string}\"},\"query-input\":{\"@type\":\"PropertyValueSpecification\",\"valueRequired\":true,\"valueName\":\"search_term_string\"}}],\"inLanguage\":\"ca\"},{\"@type\":\"Organization\",\"@id\":\"https:\\\/\\\/radiolitoral.com\\\/#organization\",\"name\":\"Radio Litoral\",\"url\":\"https:\\\/\\\/radiolitoral.com\\\/\",\"logo\":{\"@type\":\"ImageObject\",\"inLanguage\":\"ca\",\"@id\":\"https:\\\/\\\/radiolitoral.com\\\/#\\\/schema\\\/logo\\\/image\\\/\",\"url\":\"https:\\\/\\\/media.radiolitoral.com\\\/wp-content\\\/uploads\\\/2023\\\/02\\\/24143238\\\/CL-V-RadioLitoral696.png\",\"contentUrl\":\"https:\\\/\\\/media.radiolitoral.com\\\/wp-content\\\/uploads\\\/2023\\\/02\\\/24143238\\\/CL-V-RadioLitoral696.png\",\"width\":696,\"height\":696,\"caption\":\"Radio Litoral\"},\"image\":{\"@id\":\"https:\\\/\\\/radiolitoral.com\\\/#\\\/schema\\\/logo\\\/image\\\/\"},\"sameAs\":[\"https:\\\/\\\/www.facebook.com\\\/Laradiolitoral\\\/\"]},{\"@type\":\"Person\",\"@id\":\"https:\\\/\\\/radiolitoral.com\\\/#\\\/schema\\\/person\\\/f2b2343c49b5d721857cc1002bfdb151\",\"name\":\"Redacci\u00f3n\",\"image\":{\"@type\":\"ImageObject\",\"inLanguage\":\"ca\",\"@id\":\"https:\\\/\\\/secure.gravatar.com\\\/avatar\\\/f771d896c203ad8b3382d7905cfcce5a5c9b008b84b3cd9114e9b9f4cb63f789?s=96&d=mm&r=g\",\"url\":\"https:\\\/\\\/secure.gravatar.com\\\/avatar\\\/f771d896c203ad8b3382d7905cfcce5a5c9b008b84b3cd9114e9b9f4cb63f789?s=96&d=mm&r=g\",\"contentUrl\":\"https:\\\/\\\/secure.gravatar.com\\\/avatar\\\/f771d896c203ad8b3382d7905cfcce5a5c9b008b84b3cd9114e9b9f4cb63f789?s=96&d=mm&r=g\",\"caption\":\"Redacci\u00f3n\"},\"url\":\"https:\\\/\\\/radiolitoral.com\\\/ca\\\/author\\\/miriam-pagan\\\/\"}]}<\/script>\n<!-- \/ Yoast SEO plugin. -->","yoast_head_json":{"title":"Teulada Moraira aprova 500.000 euros per al Museu de la Mar | R\u00e0dio Litoral","description":"Teulada Moraira destina 500.000 euros a la creaci\u00f3 del Museu de la Mar, una nova infraestructura per posar en valor el patrimoni mar\u00edtim.","robots":{"index":"index","follow":"follow","max-snippet":"max-snippet:-1","max-image-preview":"max-image-preview:large","max-video-preview":"max-video-preview:-1"},"canonical":"https:\/\/radiolitoral.com\/ca\/2024\/09\/teulada-moraira-aprova-la-inversio-de-500-000-euros-per-al-museu-de-la-mar\/","og_locale":"ca_ES","og_type":"article","og_title":"Teulada Moraira aprova 500.000 euros per al Museu de la Mar | R\u00e0dio Litoral","og_description":"Teulada Moraira destina 500.000 euros a la creaci\u00f3 del Museu de la Mar, una nova infraestructura per posar en valor el patrimoni mar\u00edtim.","og_url":"https:\/\/radiolitoral.com\/ca\/2024\/09\/teulada-moraira-aprova-la-inversio-de-500-000-euros-per-al-museu-de-la-mar\/","og_site_name":"R\u00e0dio Litoral","article_publisher":"https:\/\/www.facebook.com\/Laradiolitoral\/","article_published_time":"2024-09-24T07:27:30+00:00","og_image":[{"width":1920,"height":1080,"url":"https:\/\/media.radiolitoral.com\/wp-content\/uploads\/2024\/09\/24092659\/mar-ajuntament-teulada-moraira-museu.jpg","type":"image\/jpeg"}],"author":"Redacci\u00f3n","twitter_card":"summary_large_image","twitter_misc":{"Escrit per":"Redacci\u00f3n","Temps estimat de lectura":"2 minuts"},"schema":{"@context":"https:\/\/schema.org","@graph":[{"@type":"NewsArticle","@id":"https:\/\/radiolitoral.com\/2024\/09\/teulada-moraira-aprova-la-inversio-de-500-000-euros-per-al-museu-de-la-mar\/#article","isPartOf":{"@id":"https:\/\/radiolitoral.com\/2024\/09\/teulada-moraira-aprova-la-inversio-de-500-000-euros-per-al-museu-de-la-mar\/"},"author":{"name":"Redacci\u00f3n","@id":"https:\/\/radiolitoral.com\/#\/schema\/person\/f2b2343c49b5d721857cc1002bfdb151"},"headline":"Teulada Moraira aprova la inversi\u00f3 de 500.000 euros per al Museu de la Mar","datePublished":"2024-09-24T07:27:30+00:00","mainEntityOfPage":{"@id":"https:\/\/radiolitoral.com\/2024\/09\/teulada-moraira-aprova-la-inversio-de-500-000-euros-per-al-museu-de-la-mar\/"},"wordCount":303,"commentCount":0,"publisher":{"@id":"https:\/\/radiolitoral.com\/#organization"},"image":{"@id":"https:\/\/radiolitoral.com\/2024\/09\/teulada-moraira-aprova-la-inversio-de-500-000-euros-per-al-museu-de-la-mar\/#primaryimage"},"thumbnailUrl":"https:\/\/media.radiolitoral.com\/wp-content\/uploads\/2024\/09\/24092659\/mar-ajuntament-teulada-moraira-museu.jpg","keywords":["Ajuntament de Teulada","infraestructura","inversi\u00f3 cultural","Museu de la Mar","patrimoni local","patrimoni mar\u00edtim","projecte cultural","Ra\u00fal Llobell","Teulada-Moraira","turisme cultural"],"articleSection":["Cultura"],"inLanguage":"ca","potentialAction":[{"@type":"CommentAction","name":"Comment","target":["https:\/\/radiolitoral.com\/2024\/09\/teulada-moraira-aprova-la-inversio-de-500-000-euros-per-al-museu-de-la-mar\/#respond"]}]},{"@type":["WebPage","ItemPage"],"@id":"https:\/\/radiolitoral.com\/2024\/09\/teulada-moraira-aprova-la-inversio-de-500-000-euros-per-al-museu-de-la-mar\/","url":"https:\/\/radiolitoral.com\/2024\/09\/teulada-moraira-aprova-la-inversio-de-500-000-euros-per-al-museu-de-la-mar\/","name":"Teulada Moraira aprova 500.000 euros per al Museu de la Mar | R\u00e0dio Litoral","isPartOf":{"@id":"https:\/\/radiolitoral.com\/#website"},"primaryImageOfPage":{"@id":"https:\/\/radiolitoral.com\/2024\/09\/teulada-moraira-aprova-la-inversio-de-500-000-euros-per-al-museu-de-la-mar\/#primaryimage"},"image":{"@id":"https:\/\/radiolitoral.com\/2024\/09\/teulada-moraira-aprova-la-inversio-de-500-000-euros-per-al-museu-de-la-mar\/#primaryimage"},"thumbnailUrl":"https:\/\/media.radiolitoral.com\/wp-content\/uploads\/2024\/09\/24092659\/mar-ajuntament-teulada-moraira-museu.jpg","datePublished":"2024-09-24T07:27:30+00:00","description":"Teulada Moraira destina 500.000 euros a la creaci\u00f3 del Museu de la Mar, una nova infraestructura per posar en valor el patrimoni mar\u00edtim.","breadcrumb":{"@id":"https:\/\/radiolitoral.com\/2024\/09\/teulada-moraira-aprova-la-inversio-de-500-000-euros-per-al-museu-de-la-mar\/#breadcrumb"},"inLanguage":"ca","potentialAction":[{"@type":"ReadAction","target":["https:\/\/radiolitoral.com\/2024\/09\/teulada-moraira-aprova-la-inversio-de-500-000-euros-per-al-museu-de-la-mar\/"]}]},{"@type":"ImageObject","inLanguage":"ca","@id":"https:\/\/radiolitoral.com\/2024\/09\/teulada-moraira-aprova-la-inversio-de-500-000-euros-per-al-museu-de-la-mar\/#primaryimage","url":"https:\/\/media.radiolitoral.com\/wp-content\/uploads\/2024\/09\/24092659\/mar-ajuntament-teulada-moraira-museu.jpg","contentUrl":"https:\/\/media.radiolitoral.com\/wp-content\/uploads\/2024\/09\/24092659\/mar-ajuntament-teulada-moraira-museu.jpg","width":1920,"height":1080},{"@type":"BreadcrumbList","@id":"https:\/\/radiolitoral.com\/2024\/09\/teulada-moraira-aprova-la-inversio-de-500-000-euros-per-al-museu-de-la-mar\/#breadcrumb","itemListElement":[{"@type":"ListItem","position":1,"name":"Portada","item":"https:\/\/radiolitoral.com\/"},{"@type":"ListItem","position":2,"name":"Teulada Moraira aprova la inversi\u00f3 de 500.000 euros per al Museu de la Mar"}]},{"@type":"WebSite","@id":"https:\/\/radiolitoral.com\/#website","url":"https:\/\/radiolitoral.com\/","name":"R\u00e0dio Litoral","description":"La r\u00e0dio local de la Marina Alta","publisher":{"@id":"https:\/\/radiolitoral.com\/#organization"},"alternateName":"Litoral FM","potentialAction":[{"@type":"SearchAction","target":{"@type":"EntryPoint","urlTemplate":"https:\/\/radiolitoral.com\/?s={search_term_string}"},"query-input":{"@type":"PropertyValueSpecification","valueRequired":true,"valueName":"search_term_string"}}],"inLanguage":"ca"},{"@type":"Organization","@id":"https:\/\/radiolitoral.com\/#organization","name":"R\u00e0dio Litoral","url":"https:\/\/radiolitoral.com\/","logo":{"@type":"ImageObject","inLanguage":"ca","@id":"https:\/\/radiolitoral.com\/#\/schema\/logo\/image\/","url":"https:\/\/media.radiolitoral.com\/wp-content\/uploads\/2023\/02\/24143238\/CL-V-RadioLitoral696.png","contentUrl":"https:\/\/media.radiolitoral.com\/wp-content\/uploads\/2023\/02\/24143238\/CL-V-RadioLitoral696.png","width":696,"height":696,"caption":"Radio Litoral"},"image":{"@id":"https:\/\/radiolitoral.com\/#\/schema\/logo\/image\/"},"sameAs":["https:\/\/www.facebook.com\/Laradiolitoral\/"]},{"@type":"Person","@id":"https:\/\/radiolitoral.com\/#\/schema\/person\/f2b2343c49b5d721857cc1002bfdb151","name":"Redacci\u00f3","image":{"@type":"ImageObject","inLanguage":"ca","@id":"https:\/\/secure.gravatar.com\/avatar\/f771d896c203ad8b3382d7905cfcce5a5c9b008b84b3cd9114e9b9f4cb63f789?s=96&d=mm&r=g","url":"https:\/\/secure.gravatar.com\/avatar\/f771d896c203ad8b3382d7905cfcce5a5c9b008b84b3cd9114e9b9f4cb63f789?s=96&d=mm&r=g","contentUrl":"https:\/\/secure.gravatar.com\/avatar\/f771d896c203ad8b3382d7905cfcce5a5c9b008b84b3cd9114e9b9f4cb63f789?s=96&d=mm&r=g","caption":"Redacci\u00f3n"},"url":"https:\/\/radiolitoral.com\/ca\/author\/miriam-pagan\/"}]}},"_links":{"self":[{"href":"https:\/\/radiolitoral.com\/ca\/wp-json\/wp\/v2\/posts\/11664","targetHints":{"allow":["GET"]}}],"collection":[{"href":"https:\/\/radiolitoral.com\/ca\/wp-json\/wp\/v2\/posts"}],"about":[{"href":"https:\/\/radiolitoral.com\/ca\/wp-json\/wp\/v2\/types\/post"}],"author":[{"embeddable":true,"href":"https:\/\/radiolitoral.com\/ca\/wp-json\/wp\/v2\/users\/13"}],"replies":[{"embeddable":true,"href":"https:\/\/radiolitoral.com\/ca\/wp-json\/wp\/v2\/comments?post=11664"}],"version-history":[{"count":1,"href":"https:\/\/radiolitoral.com\/ca\/wp-json\/wp\/v2\/posts\/11664\/revisions"}],"predecessor-version":[{"id":11666,"href":"https:\/\/radiolitoral.com\/ca\/wp-json\/wp\/v2\/posts\/11664\/revisions\/11666"}],"wp:featuredmedia":[{"embeddable":true,"href":"https:\/\/radiolitoral.com\/ca\/wp-json\/wp\/v2\/media\/11665"}],"wp:attachment":[{"href":"https:\/\/radiolitoral.com\/ca\/wp-json\/wp\/v2\/media?parent=11664"}],"wp:term":[{"taxonomy":"category","embeddable":true,"href":"https:\/\/radiolitoral.com\/ca\/wp-json\/wp\/v2\/categories?post=11664"},{"taxonomy":"post_tag","embeddable":true,"href":"https:\/\/radiolitoral.com\/ca\/wp-json\/wp\/v2\/tags?post=11664"}],"curies":[{"name":"wp","href":"https:\/\/api.w.org\/{rel}","templated":true}]}}