{"id":11658,"date":"2024-09-23T17:15:25","date_gmt":"2024-09-23T15:15:25","guid":{"rendered":"https:\/\/radiolitoral.com\/?p=11658"},"modified":"2024-09-23T17:15:45","modified_gmt":"2024-09-23T15:15:45","slug":"teulada-moraira-entre-els-finalistes-del-concurs-30-pobles-mes-bonics-de-la-comunitat-valenciana","status":"publish","type":"post","link":"https:\/\/radiolitoral.com\/ca\/2024\/09\/teulada-moraira-entre-els-finalistes-del-concurs-30-pobles-mes-bonics-de-la-comunitat-valenciana\/","title":{"rendered":"Teulada Moraira, entre els finalistes del concurs &#039;30 pobles m\u00e9s bonics de la Comunitat Valenciana&#039;"},"content":{"rendered":"<p>El municipi de Teulada Moraira ha aconseguit situar-se entre els 30 pobles finalistes del concurs &#039;Poble M\u00e9s Bonic de la Comunitat Valenciana&#039;, una competici\u00f3 que busca destacar tant els encants hist\u00f2rics dels nuclis antics com la bellesa natural dels seus entorns. Des de hui, es convida els residents i visitants a participar a la votaci\u00f3 a trav\u00e9s de l&#039;aplicaci\u00f3 Espanya Turisme, oberta fins al proper 6 d&#039;octubre.<\/p>\n<p>Els quatre pobles que obtinguin m\u00e9s vots tindran l&#039;oportunitat de competir a l&#039;\u00e0mbit nacional, optant al t\u00edtol de poble m\u00e9s bonic d&#039;Espanya. Amb aquesta iniciativa es pret\u00e9n fomentar el turisme i donar visibilitat a les localitats valencianes.<\/p>\n<p>La regidora de Turisme, Veronica Mart\u00ednez, ha mostrat la seva satisfacci\u00f3 per la inclusi\u00f3 de Teulada Moraira entre els finalistes: \u201c\u00c9s un orgull per a nosaltres estar en aquesta selecci\u00f3. Continuarem treballant per posar el nostre municipi al mapa i atraure m\u00e9s visitants\u201d.<\/p>\n<p>Per participar a la votaci\u00f3, nom\u00e9s cal descarregar l&#039;app gratu\u00efta Espanya Turisme i seguir uns senzills passos. A m\u00e9s, els organitzadors animen a compartir l&#039;experi\u00e8ncia a les xarxes socials amb l&#039;etiqueta <strong>#poblesbonicscv2024<\/strong> i etiquetar a <strong>@espanaturisme.app<\/strong> i <strong>@teuladamorairatourism<\/strong>.<\/p>\n<h3><strong>Instruccions per votar<\/strong><\/h3>\n<p>Descarrega l&#039;app Espanya Turisme (gratu\u00efta):<\/p>\n<ul>\n<li style=\"list-style-type: none;\">\n<ul>\n<li><a href=\"https:\/\/play.google.com\/store\/apps\/details?id=com.noradoa.toptravel.espania\" target=\"_new\" rel=\"noopener\">Android<\/a><\/li>\n<li><a href=\"https:\/\/apps.apple.com\/es\/app\/espa%C3%B1a-turismo\/id1625477333\" target=\"_new\" rel=\"noopener\">iOS<\/a><\/li>\n<\/ul>\n<\/li>\n<\/ul>\n<p>Accedeix al concurs des del men\u00fa principal de l&#039;aplicaci\u00f3, on trobareu la secci\u00f3 &#039;Votaci\u00f3 del poble m\u00e9s bonic de la Comunitat Valenciana&#039;.<\/p>\n<p>Selecciona Teulada Moraira al r\u00e0nquing i prem la icona de la m\u00e0 per registrar el teu vot.<\/p>\n<p>Comparteix el teu suport a xarxes socials amb l&#039;etiqueta <strong>#poblesbonicscv2024<\/strong> per augmentar la visibilitat del municipi.<\/p>\n<p>La votaci\u00f3 romandr\u00e0 oberta fins al 6 d&#039;octubre, i cada vot compta per ajudar Teulada Moraira a avan\u00e7ar cap al t\u00edtol nacional.<\/p>","protected":false},"excerpt":{"rendered":"<p>El municipi de Teulada Moraira ha aconseguit situar-se entre els 30 pobles finalistes del concurs &#8216;Poble M\u00e9s Bonic de la Comunitat Valenciana&#8217;, una competici\u00f3 que busca destacar tant els encants hist\u00f2rics dels seus cascos antics com la bellesa natural dels seus entorns. Des de hui, es convida als residents i visitants a participar en la [&#8230;]<\/p>\n<p><a class=\"btn btn-secondary understrap-read-more-link\" href=\"https:\/\/radiolitoral.com\/ca\/2024\/09\/teulada-moraira-entre-els-finalistes-del-concurs-30-pobles-mes-bonics-de-la-comunitat-valenciana\/\">Continua llegint&#8230;<span class=\"screen-reader-text\"> from Teulada Moraira, entre els finalistes del concurs &#8217;30 pobles m\u00e9s bonics de la Comunitat Valenciana&#8217;<\/span><\/a><\/p>\n","protected":false},"author":14,"featured_media":3011,"comment_status":"open","ping_status":"closed","sticky":false,"template":"","format":"standard","meta":{"_acf_changed":false,"inline_featured_image":false,"footnotes":""},"categories":[46],"tags":[2304,1160,195],"class_list":["post-11658","post","type-post","status-publish","format-standard","has-post-thumbnail","hentry","category-sociedad","tag-pueblos-mas-bonitos-de-la-comunitat-valenciana","tag-sociedad","tag-teulada-moraira","cobertura-teulada-moraira"],"acf":[],"yoast_head":"<!-- This site is optimized with the Yoast SEO plugin v27.5 - https:\/\/yoast.com\/product\/yoast-seo-wordpress\/ -->\n<title>Teulada Moraira, entre els finalistes del concurs &#039;30 pobles m\u00e9s bonics de la Comunitat Valenciana&#039; | R\u00e0dio Litoral<\/title>\n<meta name=\"description\" content=\"Els ciutadans poden participar descarregant l&#039;app gratu\u00efta Espanya Turisme\" \/>\n<meta name=\"robots\" content=\"index, follow, max-snippet:-1, max-image-preview:large, max-video-preview:-1\" \/>\n<link rel=\"canonical\" href=\"https:\/\/radiolitoral.com\/ca\/2024\/09\/teulada-moraira-entre-els-finalistes-del-concurs-30-pobles-mes-bonics-de-la-comunitat-valenciana\/\" \/>\n<meta property=\"og:locale\" content=\"ca_ES\" \/>\n<meta property=\"og:type\" content=\"article\" \/>\n<meta property=\"og:title\" content=\"Teulada Moraira, entre els finalistes del concurs &#039;30 pobles m\u00e9s bonics de la Comunitat Valenciana&#039; | R\u00e0dio Litoral\" \/>\n<meta property=\"og:description\" content=\"Els ciutadans poden participar descarregant l&#039;app gratu\u00efta Espanya Turisme\" \/>\n<meta property=\"og:url\" content=\"https:\/\/radiolitoral.com\/ca\/2024\/09\/teulada-moraira-entre-els-finalistes-del-concurs-30-pobles-mes-bonics-de-la-comunitat-valenciana\/\" \/>\n<meta property=\"og:site_name\" content=\"R\u00e0dio Litoral\" \/>\n<meta property=\"article:publisher\" content=\"https:\/\/www.facebook.com\/Laradiolitoral\/\" \/>\n<meta property=\"article:published_time\" content=\"2024-09-23T15:15:25+00:00\" \/>\n<meta property=\"article:modified_time\" content=\"2024-09-23T15:15:45+00:00\" \/>\n<meta property=\"og:image\" content=\"https:\/\/media.radiolitoral.com\/wp-content\/uploads\/2023\/05\/11223326\/Cascourbano.jpg\" \/>\n\t<meta property=\"og:image:width\" content=\"1920\" \/>\n\t<meta property=\"og:image:height\" content=\"1280\" \/>\n\t<meta property=\"og:image:type\" content=\"image\/jpeg\" \/>\n<meta name=\"author\" content=\"Redacci\u00f3n\" \/>\n<meta name=\"twitter:card\" content=\"summary_large_image\" \/>\n<meta name=\"twitter:label1\" content=\"Escrit per\" \/>\n\t<meta name=\"twitter:data1\" content=\"Redacci\u00f3n\" \/>\n\t<meta name=\"twitter:label2\" content=\"Temps estimat de lectura\" \/>\n\t<meta name=\"twitter:data2\" content=\"2 minuts\" \/>\n<script type=\"application\/ld+json\" class=\"yoast-schema-graph\">{\"@context\":\"https:\\\/\\\/schema.org\",\"@graph\":[{\"@type\":\"NewsArticle\",\"@id\":\"https:\\\/\\\/radiolitoral.com\\\/2024\\\/09\\\/teulada-moraira-entre-els-finalistes-del-concurs-30-pobles-mes-bonics-de-la-comunitat-valenciana\\\/#article\",\"isPartOf\":{\"@id\":\"https:\\\/\\\/radiolitoral.com\\\/2024\\\/09\\\/teulada-moraira-entre-els-finalistes-del-concurs-30-pobles-mes-bonics-de-la-comunitat-valenciana\\\/\"},\"author\":{\"name\":\"Redacci\u00f3n\",\"@id\":\"https:\\\/\\\/radiolitoral.com\\\/#\\\/schema\\\/person\\\/96b739642eb3bedb532aac3812d23307\"},\"headline\":\"Teulada Moraira, entre els finalistes del concurs &#8217;30 pobles m\u00e9s bonics de la Comunitat Valenciana&#8217;\",\"datePublished\":\"2024-09-23T15:15:25+00:00\",\"dateModified\":\"2024-09-23T15:15:45+00:00\",\"mainEntityOfPage\":{\"@id\":\"https:\\\/\\\/radiolitoral.com\\\/2024\\\/09\\\/teulada-moraira-entre-els-finalistes-del-concurs-30-pobles-mes-bonics-de-la-comunitat-valenciana\\\/\"},\"wordCount\":326,\"commentCount\":0,\"publisher\":{\"@id\":\"https:\\\/\\\/radiolitoral.com\\\/#organization\"},\"image\":{\"@id\":\"https:\\\/\\\/radiolitoral.com\\\/2024\\\/09\\\/teulada-moraira-entre-els-finalistes-del-concurs-30-pobles-mes-bonics-de-la-comunitat-valenciana\\\/#primaryimage\"},\"thumbnailUrl\":\"https:\\\/\\\/media.radiolitoral.com\\\/wp-content\\\/uploads\\\/2023\\\/05\\\/11223326\\\/Cascourbano.jpg\",\"keywords\":[\"pueblos m\u00e1s bonitos de la Comunitat Valenciana\",\"sociedad\",\"Teulada-Moraira\"],\"articleSection\":[\"Sociedad\"],\"inLanguage\":\"ca\",\"potentialAction\":[{\"@type\":\"CommentAction\",\"name\":\"Comment\",\"target\":[\"https:\\\/\\\/radiolitoral.com\\\/2024\\\/09\\\/teulada-moraira-entre-els-finalistes-del-concurs-30-pobles-mes-bonics-de-la-comunitat-valenciana\\\/#respond\"]}]},{\"@type\":[\"WebPage\",\"ItemPage\"],\"@id\":\"https:\\\/\\\/radiolitoral.com\\\/2024\\\/09\\\/teulada-moraira-entre-els-finalistes-del-concurs-30-pobles-mes-bonics-de-la-comunitat-valenciana\\\/\",\"url\":\"https:\\\/\\\/radiolitoral.com\\\/2024\\\/09\\\/teulada-moraira-entre-els-finalistes-del-concurs-30-pobles-mes-bonics-de-la-comunitat-valenciana\\\/\",\"name\":\"Teulada Moraira, entre els finalistes del concurs '30 pobles m\u00e9s bonics de la Comunitat Valenciana' | R\u00e0dio Litoral\",\"isPartOf\":{\"@id\":\"https:\\\/\\\/radiolitoral.com\\\/#website\"},\"primaryImageOfPage\":{\"@id\":\"https:\\\/\\\/radiolitoral.com\\\/2024\\\/09\\\/teulada-moraira-entre-els-finalistes-del-concurs-30-pobles-mes-bonics-de-la-comunitat-valenciana\\\/#primaryimage\"},\"image\":{\"@id\":\"https:\\\/\\\/radiolitoral.com\\\/2024\\\/09\\\/teulada-moraira-entre-els-finalistes-del-concurs-30-pobles-mes-bonics-de-la-comunitat-valenciana\\\/#primaryimage\"},\"thumbnailUrl\":\"https:\\\/\\\/media.radiolitoral.com\\\/wp-content\\\/uploads\\\/2023\\\/05\\\/11223326\\\/Cascourbano.jpg\",\"datePublished\":\"2024-09-23T15:15:25+00:00\",\"dateModified\":\"2024-09-23T15:15:45+00:00\",\"description\":\"Els ciutadans poden participar descarregant l'app gratu\u00efta Espanya Turisme\",\"breadcrumb\":{\"@id\":\"https:\\\/\\\/radiolitoral.com\\\/2024\\\/09\\\/teulada-moraira-entre-els-finalistes-del-concurs-30-pobles-mes-bonics-de-la-comunitat-valenciana\\\/#breadcrumb\"},\"inLanguage\":\"ca\",\"potentialAction\":[{\"@type\":\"ReadAction\",\"target\":[\"https:\\\/\\\/radiolitoral.com\\\/2024\\\/09\\\/teulada-moraira-entre-els-finalistes-del-concurs-30-pobles-mes-bonics-de-la-comunitat-valenciana\\\/\"]}]},{\"@type\":\"ImageObject\",\"inLanguage\":\"ca\",\"@id\":\"https:\\\/\\\/radiolitoral.com\\\/2024\\\/09\\\/teulada-moraira-entre-els-finalistes-del-concurs-30-pobles-mes-bonics-de-la-comunitat-valenciana\\\/#primaryimage\",\"url\":\"https:\\\/\\\/media.radiolitoral.com\\\/wp-content\\\/uploads\\\/2023\\\/05\\\/11223326\\\/Cascourbano.jpg\",\"contentUrl\":\"https:\\\/\\\/media.radiolitoral.com\\\/wp-content\\\/uploads\\\/2023\\\/05\\\/11223326\\\/Cascourbano.jpg\",\"width\":1920,\"height\":1280,\"caption\":\"Teulada (Alicante),\"},{\"@type\":\"BreadcrumbList\",\"@id\":\"https:\\\/\\\/radiolitoral.com\\\/2024\\\/09\\\/teulada-moraira-entre-els-finalistes-del-concurs-30-pobles-mes-bonics-de-la-comunitat-valenciana\\\/#breadcrumb\",\"itemListElement\":[{\"@type\":\"ListItem\",\"position\":1,\"name\":\"Portada\",\"item\":\"https:\\\/\\\/radiolitoral.com\\\/\"},{\"@type\":\"ListItem\",\"position\":2,\"name\":\"Teulada Moraira, entre els finalistes del concurs &#8217;30 pobles m\u00e9s bonics de la Comunitat Valenciana&#8217;\"}]},{\"@type\":\"WebSite\",\"@id\":\"https:\\\/\\\/radiolitoral.com\\\/#website\",\"url\":\"https:\\\/\\\/radiolitoral.com\\\/\",\"name\":\"Radio Litoral\",\"description\":\"La radio local de la Marina Alta\",\"publisher\":{\"@id\":\"https:\\\/\\\/radiolitoral.com\\\/#organization\"},\"alternateName\":\"Litoral FM\",\"potentialAction\":[{\"@type\":\"SearchAction\",\"target\":{\"@type\":\"EntryPoint\",\"urlTemplate\":\"https:\\\/\\\/radiolitoral.com\\\/?s={search_term_string}\"},\"query-input\":{\"@type\":\"PropertyValueSpecification\",\"valueRequired\":true,\"valueName\":\"search_term_string\"}}],\"inLanguage\":\"ca\"},{\"@type\":\"Organization\",\"@id\":\"https:\\\/\\\/radiolitoral.com\\\/#organization\",\"name\":\"Radio Litoral\",\"url\":\"https:\\\/\\\/radiolitoral.com\\\/\",\"logo\":{\"@type\":\"ImageObject\",\"inLanguage\":\"ca\",\"@id\":\"https:\\\/\\\/radiolitoral.com\\\/#\\\/schema\\\/logo\\\/image\\\/\",\"url\":\"https:\\\/\\\/media.radiolitoral.com\\\/wp-content\\\/uploads\\\/2023\\\/02\\\/24143238\\\/CL-V-RadioLitoral696.png\",\"contentUrl\":\"https:\\\/\\\/media.radiolitoral.com\\\/wp-content\\\/uploads\\\/2023\\\/02\\\/24143238\\\/CL-V-RadioLitoral696.png\",\"width\":696,\"height\":696,\"caption\":\"Radio Litoral\"},\"image\":{\"@id\":\"https:\\\/\\\/radiolitoral.com\\\/#\\\/schema\\\/logo\\\/image\\\/\"},\"sameAs\":[\"https:\\\/\\\/www.facebook.com\\\/Laradiolitoral\\\/\"]},{\"@type\":\"Person\",\"@id\":\"https:\\\/\\\/radiolitoral.com\\\/#\\\/schema\\\/person\\\/96b739642eb3bedb532aac3812d23307\",\"name\":\"Redacci\u00f3n\",\"image\":{\"@type\":\"ImageObject\",\"inLanguage\":\"ca\",\"@id\":\"https:\\\/\\\/secure.gravatar.com\\\/avatar\\\/30cd06129ee90411dd9c7cbdcf17464181d1a3c7b072e92070ea75a25cf0097e?s=96&d=mm&r=g\",\"url\":\"https:\\\/\\\/secure.gravatar.com\\\/avatar\\\/30cd06129ee90411dd9c7cbdcf17464181d1a3c7b072e92070ea75a25cf0097e?s=96&d=mm&r=g\",\"contentUrl\":\"https:\\\/\\\/secure.gravatar.com\\\/avatar\\\/30cd06129ee90411dd9c7cbdcf17464181d1a3c7b072e92070ea75a25cf0097e?s=96&d=mm&r=g\",\"caption\":\"Redacci\u00f3n\"},\"url\":\"https:\\\/\\\/radiolitoral.com\\\/ca\\\/author\\\/kevin-carrio\\\/\"}]}<\/script>\n<!-- \/ Yoast SEO plugin. -->","yoast_head_json":{"title":"Teulada Moraira, entre els finalistes del concurs &#039;30 pobles m\u00e9s bonics de la Comunitat Valenciana&#039; | R\u00e0dio Litoral","description":"Els ciutadans poden participar-hi descarregant l&#039;app gratu\u00efta Espanya Turisme","robots":{"index":"index","follow":"follow","max-snippet":"max-snippet:-1","max-image-preview":"max-image-preview:large","max-video-preview":"max-video-preview:-1"},"canonical":"https:\/\/radiolitoral.com\/ca\/2024\/09\/teulada-moraira-entre-els-finalistes-del-concurs-30-pobles-mes-bonics-de-la-comunitat-valenciana\/","og_locale":"ca_ES","og_type":"article","og_title":"Teulada Moraira, entre els finalistes del concurs '30 pobles m\u00e9s bonics de la Comunitat Valenciana' | R\u00e0dio Litoral","og_description":"Els ciutadans poden participar descarregant l'app gratu\u00efta Espanya Turisme","og_url":"https:\/\/radiolitoral.com\/ca\/2024\/09\/teulada-moraira-entre-els-finalistes-del-concurs-30-pobles-mes-bonics-de-la-comunitat-valenciana\/","og_site_name":"R\u00e0dio Litoral","article_publisher":"https:\/\/www.facebook.com\/Laradiolitoral\/","article_published_time":"2024-09-23T15:15:25+00:00","article_modified_time":"2024-09-23T15:15:45+00:00","og_image":[{"width":1920,"height":1280,"url":"https:\/\/media.radiolitoral.com\/wp-content\/uploads\/2023\/05\/11223326\/Cascourbano.jpg","type":"image\/jpeg"}],"author":"Redacci\u00f3n","twitter_card":"summary_large_image","twitter_misc":{"Escrit per":"Redacci\u00f3n","Temps estimat de lectura":"2 minuts"},"schema":{"@context":"https:\/\/schema.org","@graph":[{"@type":"NewsArticle","@id":"https:\/\/radiolitoral.com\/2024\/09\/teulada-moraira-entre-els-finalistes-del-concurs-30-pobles-mes-bonics-de-la-comunitat-valenciana\/#article","isPartOf":{"@id":"https:\/\/radiolitoral.com\/2024\/09\/teulada-moraira-entre-els-finalistes-del-concurs-30-pobles-mes-bonics-de-la-comunitat-valenciana\/"},"author":{"name":"Redacci\u00f3n","@id":"https:\/\/radiolitoral.com\/#\/schema\/person\/96b739642eb3bedb532aac3812d23307"},"headline":"Teulada Moraira, entre els finalistes del concurs &#8217;30 pobles m\u00e9s bonics de la Comunitat Valenciana&#8217;","datePublished":"2024-09-23T15:15:25+00:00","dateModified":"2024-09-23T15:15:45+00:00","mainEntityOfPage":{"@id":"https:\/\/radiolitoral.com\/2024\/09\/teulada-moraira-entre-els-finalistes-del-concurs-30-pobles-mes-bonics-de-la-comunitat-valenciana\/"},"wordCount":326,"commentCount":0,"publisher":{"@id":"https:\/\/radiolitoral.com\/#organization"},"image":{"@id":"https:\/\/radiolitoral.com\/2024\/09\/teulada-moraira-entre-els-finalistes-del-concurs-30-pobles-mes-bonics-de-la-comunitat-valenciana\/#primaryimage"},"thumbnailUrl":"https:\/\/media.radiolitoral.com\/wp-content\/uploads\/2023\/05\/11223326\/Cascourbano.jpg","keywords":["pueblos m\u00e1s bonitos de la Comunitat Valenciana","sociedad","Teulada-Moraira"],"articleSection":["Sociedad"],"inLanguage":"ca","potentialAction":[{"@type":"CommentAction","name":"Comment","target":["https:\/\/radiolitoral.com\/2024\/09\/teulada-moraira-entre-els-finalistes-del-concurs-30-pobles-mes-bonics-de-la-comunitat-valenciana\/#respond"]}]},{"@type":["WebPage","ItemPage"],"@id":"https:\/\/radiolitoral.com\/2024\/09\/teulada-moraira-entre-els-finalistes-del-concurs-30-pobles-mes-bonics-de-la-comunitat-valenciana\/","url":"https:\/\/radiolitoral.com\/2024\/09\/teulada-moraira-entre-els-finalistes-del-concurs-30-pobles-mes-bonics-de-la-comunitat-valenciana\/","name":"Teulada Moraira, entre els finalistes del concurs &#039;30 pobles m\u00e9s bonics de la Comunitat Valenciana&#039; | R\u00e0dio Litoral","isPartOf":{"@id":"https:\/\/radiolitoral.com\/#website"},"primaryImageOfPage":{"@id":"https:\/\/radiolitoral.com\/2024\/09\/teulada-moraira-entre-els-finalistes-del-concurs-30-pobles-mes-bonics-de-la-comunitat-valenciana\/#primaryimage"},"image":{"@id":"https:\/\/radiolitoral.com\/2024\/09\/teulada-moraira-entre-els-finalistes-del-concurs-30-pobles-mes-bonics-de-la-comunitat-valenciana\/#primaryimage"},"thumbnailUrl":"https:\/\/media.radiolitoral.com\/wp-content\/uploads\/2023\/05\/11223326\/Cascourbano.jpg","datePublished":"2024-09-23T15:15:25+00:00","dateModified":"2024-09-23T15:15:45+00:00","description":"Els ciutadans poden participar-hi descarregant l&#039;app gratu\u00efta Espanya Turisme","breadcrumb":{"@id":"https:\/\/radiolitoral.com\/2024\/09\/teulada-moraira-entre-els-finalistes-del-concurs-30-pobles-mes-bonics-de-la-comunitat-valenciana\/#breadcrumb"},"inLanguage":"ca","potentialAction":[{"@type":"ReadAction","target":["https:\/\/radiolitoral.com\/2024\/09\/teulada-moraira-entre-els-finalistes-del-concurs-30-pobles-mes-bonics-de-la-comunitat-valenciana\/"]}]},{"@type":"ImageObject","inLanguage":"ca","@id":"https:\/\/radiolitoral.com\/2024\/09\/teulada-moraira-entre-els-finalistes-del-concurs-30-pobles-mes-bonics-de-la-comunitat-valenciana\/#primaryimage","url":"https:\/\/media.radiolitoral.com\/wp-content\/uploads\/2023\/05\/11223326\/Cascourbano.jpg","contentUrl":"https:\/\/media.radiolitoral.com\/wp-content\/uploads\/2023\/05\/11223326\/Cascourbano.jpg","width":1920,"height":1280,"caption":"Teulada (Alicante),"},{"@type":"BreadcrumbList","@id":"https:\/\/radiolitoral.com\/2024\/09\/teulada-moraira-entre-els-finalistes-del-concurs-30-pobles-mes-bonics-de-la-comunitat-valenciana\/#breadcrumb","itemListElement":[{"@type":"ListItem","position":1,"name":"Portada","item":"https:\/\/radiolitoral.com\/"},{"@type":"ListItem","position":2,"name":"Teulada Moraira, entre els finalistes del concurs &#8217;30 pobles m\u00e9s bonics de la Comunitat Valenciana&#8217;"}]},{"@type":"WebSite","@id":"https:\/\/radiolitoral.com\/#website","url":"https:\/\/radiolitoral.com\/","name":"R\u00e0dio Litoral","description":"La r\u00e0dio local de la Marina Alta","publisher":{"@id":"https:\/\/radiolitoral.com\/#organization"},"alternateName":"Litoral FM","potentialAction":[{"@type":"SearchAction","target":{"@type":"EntryPoint","urlTemplate":"https:\/\/radiolitoral.com\/?s={search_term_string}"},"query-input":{"@type":"PropertyValueSpecification","valueRequired":true,"valueName":"search_term_string"}}],"inLanguage":"ca"},{"@type":"Organization","@id":"https:\/\/radiolitoral.com\/#organization","name":"R\u00e0dio Litoral","url":"https:\/\/radiolitoral.com\/","logo":{"@type":"ImageObject","inLanguage":"ca","@id":"https:\/\/radiolitoral.com\/#\/schema\/logo\/image\/","url":"https:\/\/media.radiolitoral.com\/wp-content\/uploads\/2023\/02\/24143238\/CL-V-RadioLitoral696.png","contentUrl":"https:\/\/media.radiolitoral.com\/wp-content\/uploads\/2023\/02\/24143238\/CL-V-RadioLitoral696.png","width":696,"height":696,"caption":"Radio Litoral"},"image":{"@id":"https:\/\/radiolitoral.com\/#\/schema\/logo\/image\/"},"sameAs":["https:\/\/www.facebook.com\/Laradiolitoral\/"]},{"@type":"Person","@id":"https:\/\/radiolitoral.com\/#\/schema\/person\/96b739642eb3bedb532aac3812d23307","name":"Redacci\u00f3","image":{"@type":"ImageObject","inLanguage":"ca","@id":"https:\/\/secure.gravatar.com\/avatar\/30cd06129ee90411dd9c7cbdcf17464181d1a3c7b072e92070ea75a25cf0097e?s=96&d=mm&r=g","url":"https:\/\/secure.gravatar.com\/avatar\/30cd06129ee90411dd9c7cbdcf17464181d1a3c7b072e92070ea75a25cf0097e?s=96&d=mm&r=g","contentUrl":"https:\/\/secure.gravatar.com\/avatar\/30cd06129ee90411dd9c7cbdcf17464181d1a3c7b072e92070ea75a25cf0097e?s=96&d=mm&r=g","caption":"Redacci\u00f3n"},"url":"https:\/\/radiolitoral.com\/ca\/author\/kevin-carrio\/"}]}},"_links":{"self":[{"href":"https:\/\/radiolitoral.com\/ca\/wp-json\/wp\/v2\/posts\/11658","targetHints":{"allow":["GET"]}}],"collection":[{"href":"https:\/\/radiolitoral.com\/ca\/wp-json\/wp\/v2\/posts"}],"about":[{"href":"https:\/\/radiolitoral.com\/ca\/wp-json\/wp\/v2\/types\/post"}],"author":[{"embeddable":true,"href":"https:\/\/radiolitoral.com\/ca\/wp-json\/wp\/v2\/users\/14"}],"replies":[{"embeddable":true,"href":"https:\/\/radiolitoral.com\/ca\/wp-json\/wp\/v2\/comments?post=11658"}],"version-history":[{"count":2,"href":"https:\/\/radiolitoral.com\/ca\/wp-json\/wp\/v2\/posts\/11658\/revisions"}],"predecessor-version":[{"id":11660,"href":"https:\/\/radiolitoral.com\/ca\/wp-json\/wp\/v2\/posts\/11658\/revisions\/11660"}],"wp:featuredmedia":[{"embeddable":true,"href":"https:\/\/radiolitoral.com\/ca\/wp-json\/wp\/v2\/media\/3011"}],"wp:attachment":[{"href":"https:\/\/radiolitoral.com\/ca\/wp-json\/wp\/v2\/media?parent=11658"}],"wp:term":[{"taxonomy":"category","embeddable":true,"href":"https:\/\/radiolitoral.com\/ca\/wp-json\/wp\/v2\/categories?post=11658"},{"taxonomy":"post_tag","embeddable":true,"href":"https:\/\/radiolitoral.com\/ca\/wp-json\/wp\/v2\/tags?post=11658"}],"curies":[{"name":"wp","href":"https:\/\/api.w.org\/{rel}","templated":true}]}}