{"id":11655,"date":"2024-09-23T12:38:33","date_gmt":"2024-09-23T10:38:33","guid":{"rendered":"https:\/\/radiolitoral.com\/?p=11655"},"modified":"2024-09-23T12:38:33","modified_gmt":"2024-09-23T10:38:33","slug":"classiques-i-modernes-tanca-a-benitatxell-el-cicle-de-trobades-ho-recordava-la-mes-vella-del-poble","status":"publish","type":"post","link":"https:\/\/radiolitoral.com\/ca\/2024\/09\/clasicas-y-modernas-tanca-a-benitatxell-el-cicle-de-trobades-ho-recordava-la-mes-vella-del-poble\/","title":{"rendered":"&#039;Cl\u00e0ssiques i Modernes&#039; tanca a Benitatxell el cicle de trobades &#039;Ho recordava la m\u00e9s vella del poble&#039;"},"content":{"rendered":"<p>A la Biblioteca Municipal de <strong>Benitatxell<\/strong> \u00e9s va celebrar la <strong>tercera i \u00faltima sessi\u00f3 &#039;d&#039;Ho recordava la m\u00e9s vella del poble&#039;,<\/strong> una iniciativa original de l<strong>&#039;associaci\u00f3 per a la igualtat de g\u00e8nere en la cultura, <span class=\"hiddenSpellError\">Cl\u00e0ssiques<\/span> <span class=\"hiddenGrammarError\">i<\/span> <span class=\"hiddenSpellError\">Modernes<\/span>,<\/strong> que col\u00b7labora amb l&#039;Ajuntament del Poble Nou de Benitatxell mitjan\u00e7ant un conveni.<\/p>\n<p>L&#039;objectiu principal \u00e9s <strong>recuperar la mem\u00f2ria oral de les dones majors del municipi per enriquir la mem\u00f2ria col\u00b7lectiva des d&#039;una perspectiva femenina<\/strong>, hist\u00f2ricament invisibilitzada.<\/p>\n<p>A <span class=\"hiddenSuggestion\">aquesta<\/span> darrera jornada, oberta a dons i homes, es va escortar tant els <strong>testimonis de les dones majors com les opinions dels homes sobre el paper<\/strong> que <span class=\"hiddenSuggestion\">aquestes<\/span> dons tindran a la societat i la literatura.<\/p>\n<p>La sessi\u00f3 ser\u00e0 <strong>dirigida per Marina <span class=\"hiddenSpellError\">Gilabert<\/span>, vocal de <span class=\"hiddenSpellError\">Cl\u00e0ssiques<\/span> <span class=\"hiddenGrammarError\">i<\/span> <span class=\"hiddenSpellError\">Modernes<\/span><\/strong> i natural del poble, amb la col\u00b7laboraci\u00f3 de <strong>Pepita <span class=\"hiddenSpellError\">Garcia<\/span><\/strong>, tamb\u00e9 membre de l&#039;associaci\u00f3, i del <strong>regidor de Cultura, <span class=\"hiddenSpellError\">Jorge<\/span> <span class=\"hiddenSpellError\">Pasqual<\/span>.<\/strong><\/p>\n<div id='gallery-1' class='gallery galleryid-11655 gallery-columns-3 gallery-size-full'><figure class='gallery-item'>\n\t\t\t<div class='gallery-icon landscape'>\n\t\t\t\t<a href='https:\/\/radiolitoral.com\/ca\/benitatxell-fin-clasicas-y-modernas-2\/'><img loading=\"lazy\" decoding=\"async\" width=\"2560\" height=\"1707\" src=\"https:\/\/media.radiolitoral.com\/wp-content\/uploads\/2024\/09\/23122546\/Benitatxell-fin-clasicas-y-modernas-2-scaled.jpg\" class=\"attachment-full size-full\" alt=\"\" srcset=\"https:\/\/media.radiolitoral.com\/wp-content\/uploads\/2024\/09\/23122546\/Benitatxell-fin-clasicas-y-modernas-2-scaled.jpg 2560w, https:\/\/media.radiolitoral.com\/wp-content\/uploads\/2024\/09\/23122546\/Benitatxell-fin-clasicas-y-modernas-2-300x200.jpg 300w, https:\/\/media.radiolitoral.com\/wp-content\/uploads\/2024\/09\/23122546\/Benitatxell-fin-clasicas-y-modernas-2-1024x683.jpg 1024w, https:\/\/media.radiolitoral.com\/wp-content\/uploads\/2024\/09\/23122546\/Benitatxell-fin-clasicas-y-modernas-2-768x512.jpg 768w, https:\/\/media.radiolitoral.com\/wp-content\/uploads\/2024\/09\/23122546\/Benitatxell-fin-clasicas-y-modernas-2-1536x1024.jpg 1536w, https:\/\/media.radiolitoral.com\/wp-content\/uploads\/2024\/09\/23122546\/Benitatxell-fin-clasicas-y-modernas-2-2048x1365.jpg 2048w, https:\/\/media.radiolitoral.com\/wp-content\/uploads\/2024\/09\/23122546\/Benitatxell-fin-clasicas-y-modernas-2-18x12.jpg 18w, https:\/\/media.radiolitoral.com\/wp-content\/uploads\/2024\/09\/23122546\/Benitatxell-fin-clasicas-y-modernas-2-1000x667.jpg 1000w, https:\/\/media.radiolitoral.com\/wp-content\/uploads\/2024\/09\/23122546\/Benitatxell-fin-clasicas-y-modernas-2-100x67.jpg 100w, https:\/\/media.radiolitoral.com\/wp-content\/uploads\/2024\/09\/23122546\/Benitatxell-fin-clasicas-y-modernas-2-200x133.jpg 200w\" sizes=\"auto, (max-width: 2560px) 100vw, 2560px\" \/><\/a>\n\t\t\t<\/div><\/figure><figure class='gallery-item'>\n\t\t\t<div class='gallery-icon landscape'>\n\t\t\t\t<a href='https:\/\/radiolitoral.com\/ca\/benitatxell-fin-clasicas-y-modernas-3\/'><img loading=\"lazy\" decoding=\"async\" width=\"2560\" height=\"1707\" src=\"https:\/\/media.radiolitoral.com\/wp-content\/uploads\/2024\/09\/23122535\/Benitatxell-fin-clasicas-y-modernas-3-scaled.jpg\" class=\"attachment-full size-full\" alt=\"\" srcset=\"https:\/\/media.radiolitoral.com\/wp-content\/uploads\/2024\/09\/23122535\/Benitatxell-fin-clasicas-y-modernas-3-scaled.jpg 2560w, https:\/\/media.radiolitoral.com\/wp-content\/uploads\/2024\/09\/23122535\/Benitatxell-fin-clasicas-y-modernas-3-300x200.jpg 300w, https:\/\/media.radiolitoral.com\/wp-content\/uploads\/2024\/09\/23122535\/Benitatxell-fin-clasicas-y-modernas-3-1024x683.jpg 1024w, https:\/\/media.radiolitoral.com\/wp-content\/uploads\/2024\/09\/23122535\/Benitatxell-fin-clasicas-y-modernas-3-768x512.jpg 768w, https:\/\/media.radiolitoral.com\/wp-content\/uploads\/2024\/09\/23122535\/Benitatxell-fin-clasicas-y-modernas-3-1536x1024.jpg 1536w, https:\/\/media.radiolitoral.com\/wp-content\/uploads\/2024\/09\/23122535\/Benitatxell-fin-clasicas-y-modernas-3-2048x1365.jpg 2048w, https:\/\/media.radiolitoral.com\/wp-content\/uploads\/2024\/09\/23122535\/Benitatxell-fin-clasicas-y-modernas-3-18x12.jpg 18w, https:\/\/media.radiolitoral.com\/wp-content\/uploads\/2024\/09\/23122535\/Benitatxell-fin-clasicas-y-modernas-3-1000x667.jpg 1000w, https:\/\/media.radiolitoral.com\/wp-content\/uploads\/2024\/09\/23122535\/Benitatxell-fin-clasicas-y-modernas-3-100x67.jpg 100w, https:\/\/media.radiolitoral.com\/wp-content\/uploads\/2024\/09\/23122535\/Benitatxell-fin-clasicas-y-modernas-3-200x133.jpg 200w\" sizes=\"auto, (max-width: 2560px) 100vw, 2560px\" \/><\/a>\n\t\t\t<\/div><\/figure><figure class='gallery-item'>\n\t\t\t<div class='gallery-icon landscape'>\n\t\t\t\t<a href='https:\/\/radiolitoral.com\/ca\/benitatxell-fin-clasicas-y-modernas-4\/'><img loading=\"lazy\" decoding=\"async\" width=\"2560\" height=\"1707\" src=\"https:\/\/media.radiolitoral.com\/wp-content\/uploads\/2024\/09\/23122526\/Benitatxell-fin-clasicas-y-modernas-4-scaled.jpg\" class=\"attachment-full size-full\" alt=\"\" srcset=\"https:\/\/media.radiolitoral.com\/wp-content\/uploads\/2024\/09\/23122526\/Benitatxell-fin-clasicas-y-modernas-4-scaled.jpg 2560w, https:\/\/media.radiolitoral.com\/wp-content\/uploads\/2024\/09\/23122526\/Benitatxell-fin-clasicas-y-modernas-4-300x200.jpg 300w, https:\/\/media.radiolitoral.com\/wp-content\/uploads\/2024\/09\/23122526\/Benitatxell-fin-clasicas-y-modernas-4-1024x683.jpg 1024w, https:\/\/media.radiolitoral.com\/wp-content\/uploads\/2024\/09\/23122526\/Benitatxell-fin-clasicas-y-modernas-4-768x512.jpg 768w, https:\/\/media.radiolitoral.com\/wp-content\/uploads\/2024\/09\/23122526\/Benitatxell-fin-clasicas-y-modernas-4-1536x1024.jpg 1536w, https:\/\/media.radiolitoral.com\/wp-content\/uploads\/2024\/09\/23122526\/Benitatxell-fin-clasicas-y-modernas-4-2048x1365.jpg 2048w, https:\/\/media.radiolitoral.com\/wp-content\/uploads\/2024\/09\/23122526\/Benitatxell-fin-clasicas-y-modernas-4-18x12.jpg 18w, https:\/\/media.radiolitoral.com\/wp-content\/uploads\/2024\/09\/23122526\/Benitatxell-fin-clasicas-y-modernas-4-1000x667.jpg 1000w, https:\/\/media.radiolitoral.com\/wp-content\/uploads\/2024\/09\/23122526\/Benitatxell-fin-clasicas-y-modernas-4-100x67.jpg 100w, https:\/\/media.radiolitoral.com\/wp-content\/uploads\/2024\/09\/23122526\/Benitatxell-fin-clasicas-y-modernas-4-200x133.jpg 200w\" sizes=\"auto, (max-width: 2560px) 100vw, 2560px\" \/><\/a>\n\t\t\t<\/div><\/figure>\n\t\t<\/div>\n\n<p><em>&#039;Ho recordava la m\u00e9s vella del poble<\/em>&#039; \u00e9s un <strong>projecte<\/strong> que es porta a terme <strong>a escala estatal<\/strong> a diversos municipis com <strong><span class=\"hiddenGrammarError\">Ver\u00ed<\/span> (Ourense), <span class=\"hiddenSpellError\">Banagu\u00e0s<\/span> (<span class=\"hiddenSpellError\">Osca<\/span>), i altres pobles de Madrid i Andalusia.<\/strong> Tot el material recopilat \u00e9s plasmar\u00e0 en un treball que ser\u00e0 enviat al Ministeri de Cultura.<\/p>\n<p>L&#039;associaci\u00f3 <span class=\"hiddenSpellError\">Cl\u00e0ssiques<\/span> <span class=\"hiddenGrammarError\">i<\/span> <span class=\"hiddenSpellError\">Modernes<\/span> va agrader la implicaci\u00f3 de totes les persones que han participat a <span class=\"hiddenSuggestion\">aquest<\/span> projecte, aix\u00ed com la col\u00b7laboraci\u00f3 de l&#039;<span class=\"hiddenSpellError\">European<\/span> <span class=\"hiddenSpellError\">Uni\u00f3<\/span> <span class=\"hiddenSpellError\">of<\/span> <span class=\"hiddenSpellError\">Women<\/span> Marina Alta i Ajuntament del Poble Nou de Benitatxell.<\/p>","protected":false},"excerpt":{"rendered":"<p>A la Biblioteca Municipal de Benitatxell es va celebrar la tercera i \u00faltima sessi\u00f3 &#8216;d&#8217;Ho recordava la m\u00e9s vella del poble\u2019, una iniciativa original de l&#8216;associaci\u00f3 per a la igualtat de g\u00e8nere en la cultura, Cl\u00e1sicas y Modernas, que col\u00b7labora amb l&#8217;Ajuntament del Poble Nou de Benitatxell mitjan\u00e7ant un conveni. L&#8217;objectiu principal \u00e9s recuperar la [&#8230;]<\/p>\n<p><a class=\"btn btn-secondary understrap-read-more-link\" href=\"https:\/\/radiolitoral.com\/ca\/2024\/09\/clasicas-y-modernas-tanca-a-benitatxell-el-cicle-de-trobades-ho-recordava-la-mes-vella-del-poble\/\">Continua llegint&#8230;<span class=\"screen-reader-text\"> from &#8216;Cl\u00e1sicas y Modernas&#8217; tanca a Benitatxell el cicle de trobades \u2018Ho recordava la m\u00e9s vella del poble\u2019<\/span><\/a><\/p>\n","protected":false},"author":13,"featured_media":11654,"comment_status":"open","ping_status":"closed","sticky":false,"template":"","format":"standard","meta":{"_acf_changed":false,"inline_featured_image":false,"footnotes":""},"categories":[46],"tags":[185,119,1160],"class_list":["post-11655","post","type-post","status-publish","format-standard","has-post-thumbnail","hentry","category-sociedad","tag-el-poble-nou-de-benitatxell","tag-igualdad","tag-sociedad","cobertura-poble-nou-de-benitatxell"],"acf":[],"yoast_head":"<!-- This site is optimized with the Yoast SEO plugin v27.5 - https:\/\/yoast.com\/product\/yoast-seo-wordpress\/ -->\n<title>&#039;Cl\u00e1sicas y Modernas&#039; tanca a Benitatxell el cicle de trobades \u2018Ho recordava la m\u00e9s vella del poble\u2019 | R\u00e0dio Litoral<\/title>\n<meta name=\"description\" content=\"Aquesta iniciativa a escala estatal t\u00e9 com a objectiu recuperar la mem\u00f2ria oral de les dones majors de diversos municipis Aquesta iniciativa a escala estatal t\u00e9 com a objectiu recuperar la mem\u00f2ria oral de les dones majors de diversos municipis\" \/>\n<meta name=\"robots\" content=\"index, follow, max-snippet:-1, max-image-preview:large, max-video-preview:-1\" \/>\n<link rel=\"canonical\" href=\"https:\/\/radiolitoral.com\/ca\/2024\/09\/classiques-i-modernes-tanca-a-benitatxell-el-cicle-de-trobades-ho-recordava-la-mes-vella-del-poble\/\" \/>\n<meta property=\"og:locale\" content=\"ca_ES\" \/>\n<meta property=\"og:type\" content=\"article\" \/>\n<meta property=\"og:title\" content=\"&#039;Cl\u00e1sicas y Modernas&#039; tanca a Benitatxell el cicle de trobades \u2018Ho recordava la m\u00e9s vella del poble\u2019 | R\u00e0dio Litoral\" \/>\n<meta property=\"og:description\" content=\"Aquesta iniciativa a escala estatal t\u00e9 com a objectiu recuperar la mem\u00f2ria oral de les dones majors de diversos municipis Aquesta iniciativa a escala estatal t\u00e9 com a objectiu recuperar la mem\u00f2ria oral de les dones majors de diversos municipis\" \/>\n<meta property=\"og:url\" content=\"https:\/\/radiolitoral.com\/ca\/2024\/09\/classiques-i-modernes-tanca-a-benitatxell-el-cicle-de-trobades-ho-recordava-la-mes-vella-del-poble\/\" \/>\n<meta property=\"og:site_name\" content=\"R\u00e0dio Litoral\" \/>\n<meta property=\"article:publisher\" content=\"https:\/\/www.facebook.com\/Laradiolitoral\/\" \/>\n<meta property=\"article:published_time\" content=\"2024-09-23T10:38:33+00:00\" \/>\n<meta property=\"og:image\" content=\"https:\/\/media.radiolitoral.com\/wp-content\/uploads\/2024\/09\/23122557\/Benitatxell-fin-clasicas-y-modernas-1-scaled.jpg\" \/>\n\t<meta property=\"og:image:width\" content=\"2560\" \/>\n\t<meta property=\"og:image:height\" content=\"1707\" \/>\n\t<meta property=\"og:image:type\" content=\"image\/jpeg\" \/>\n<meta name=\"author\" content=\"Redacci\u00f3n\" \/>\n<meta name=\"twitter:card\" content=\"summary_large_image\" \/>\n<meta name=\"twitter:label1\" content=\"Escrit per\" \/>\n\t<meta name=\"twitter:data1\" content=\"Redacci\u00f3n\" \/>\n\t<meta name=\"twitter:label2\" content=\"Temps estimat de lectura\" \/>\n\t<meta name=\"twitter:data2\" content=\"2 minuts\" \/>\n<script type=\"application\/ld+json\" class=\"yoast-schema-graph\">{\"@context\":\"https:\\\/\\\/schema.org\",\"@graph\":[{\"@type\":\"NewsArticle\",\"@id\":\"https:\\\/\\\/radiolitoral.com\\\/2024\\\/09\\\/clasicas-y-modernas-tanca-a-benitatxell-el-cicle-de-trobades-ho-recordava-la-mes-vella-del-poble\\\/#article\",\"isPartOf\":{\"@id\":\"https:\\\/\\\/radiolitoral.com\\\/2024\\\/09\\\/clasicas-y-modernas-tanca-a-benitatxell-el-cicle-de-trobades-ho-recordava-la-mes-vella-del-poble\\\/\"},\"author\":{\"name\":\"Redacci\u00f3n\",\"@id\":\"https:\\\/\\\/radiolitoral.com\\\/#\\\/schema\\\/person\\\/f2b2343c49b5d721857cc1002bfdb151\"},\"headline\":\"&#8216;Cl\u00e1sicas y Modernas&#8217; tanca a Benitatxell el cicle de trobades \u2018Ho recordava la m\u00e9s vella del poble\u2019\",\"datePublished\":\"2024-09-23T10:38:33+00:00\",\"mainEntityOfPage\":{\"@id\":\"https:\\\/\\\/radiolitoral.com\\\/2024\\\/09\\\/clasicas-y-modernas-tanca-a-benitatxell-el-cicle-de-trobades-ho-recordava-la-mes-vella-del-poble\\\/\"},\"wordCount\":280,\"commentCount\":0,\"publisher\":{\"@id\":\"https:\\\/\\\/radiolitoral.com\\\/#organization\"},\"image\":{\"@id\":\"https:\\\/\\\/radiolitoral.com\\\/2024\\\/09\\\/clasicas-y-modernas-tanca-a-benitatxell-el-cicle-de-trobades-ho-recordava-la-mes-vella-del-poble\\\/#primaryimage\"},\"thumbnailUrl\":\"https:\\\/\\\/media.radiolitoral.com\\\/wp-content\\\/uploads\\\/2024\\\/09\\\/23122557\\\/Benitatxell-fin-clasicas-y-modernas-1-scaled.jpg\",\"keywords\":[\"El Poble Nou de Benitatxell\",\"igualdad\",\"sociedad\"],\"articleSection\":[\"Sociedad\"],\"inLanguage\":\"ca\",\"potentialAction\":[{\"@type\":\"CommentAction\",\"name\":\"Comment\",\"target\":[\"https:\\\/\\\/radiolitoral.com\\\/2024\\\/09\\\/clasicas-y-modernas-tanca-a-benitatxell-el-cicle-de-trobades-ho-recordava-la-mes-vella-del-poble\\\/#respond\"]}]},{\"@type\":[\"WebPage\",\"ItemPage\"],\"@id\":\"https:\\\/\\\/radiolitoral.com\\\/2024\\\/09\\\/clasicas-y-modernas-tanca-a-benitatxell-el-cicle-de-trobades-ho-recordava-la-mes-vella-del-poble\\\/\",\"url\":\"https:\\\/\\\/radiolitoral.com\\\/2024\\\/09\\\/clasicas-y-modernas-tanca-a-benitatxell-el-cicle-de-trobades-ho-recordava-la-mes-vella-del-poble\\\/\",\"name\":\"'Cl\u00e1sicas y Modernas' tanca a Benitatxell el cicle de trobades \u2018Ho recordava la m\u00e9s vella del poble\u2019 | R\u00e0dio Litoral\",\"isPartOf\":{\"@id\":\"https:\\\/\\\/radiolitoral.com\\\/#website\"},\"primaryImageOfPage\":{\"@id\":\"https:\\\/\\\/radiolitoral.com\\\/2024\\\/09\\\/clasicas-y-modernas-tanca-a-benitatxell-el-cicle-de-trobades-ho-recordava-la-mes-vella-del-poble\\\/#primaryimage\"},\"image\":{\"@id\":\"https:\\\/\\\/radiolitoral.com\\\/2024\\\/09\\\/clasicas-y-modernas-tanca-a-benitatxell-el-cicle-de-trobades-ho-recordava-la-mes-vella-del-poble\\\/#primaryimage\"},\"thumbnailUrl\":\"https:\\\/\\\/media.radiolitoral.com\\\/wp-content\\\/uploads\\\/2024\\\/09\\\/23122557\\\/Benitatxell-fin-clasicas-y-modernas-1-scaled.jpg\",\"datePublished\":\"2024-09-23T10:38:33+00:00\",\"description\":\"Aquesta iniciativa a escala estatal t\u00e9 com a objectiu recuperar la mem\u00f2ria oral de les dones majors de diversos municipis Aquesta iniciativa a escala estatal t\u00e9 com a objectiu recuperar la mem\u00f2ria oral de les dones majors de diversos municipis\",\"breadcrumb\":{\"@id\":\"https:\\\/\\\/radiolitoral.com\\\/2024\\\/09\\\/clasicas-y-modernas-tanca-a-benitatxell-el-cicle-de-trobades-ho-recordava-la-mes-vella-del-poble\\\/#breadcrumb\"},\"inLanguage\":\"ca\",\"potentialAction\":[{\"@type\":\"ReadAction\",\"target\":[\"https:\\\/\\\/radiolitoral.com\\\/2024\\\/09\\\/clasicas-y-modernas-tanca-a-benitatxell-el-cicle-de-trobades-ho-recordava-la-mes-vella-del-poble\\\/\"]}]},{\"@type\":\"ImageObject\",\"inLanguage\":\"ca\",\"@id\":\"https:\\\/\\\/radiolitoral.com\\\/2024\\\/09\\\/clasicas-y-modernas-tanca-a-benitatxell-el-cicle-de-trobades-ho-recordava-la-mes-vella-del-poble\\\/#primaryimage\",\"url\":\"https:\\\/\\\/media.radiolitoral.com\\\/wp-content\\\/uploads\\\/2024\\\/09\\\/23122557\\\/Benitatxell-fin-clasicas-y-modernas-1-scaled.jpg\",\"contentUrl\":\"https:\\\/\\\/media.radiolitoral.com\\\/wp-content\\\/uploads\\\/2024\\\/09\\\/23122557\\\/Benitatxell-fin-clasicas-y-modernas-1-scaled.jpg\",\"width\":2560,\"height\":1707},{\"@type\":\"BreadcrumbList\",\"@id\":\"https:\\\/\\\/radiolitoral.com\\\/2024\\\/09\\\/clasicas-y-modernas-tanca-a-benitatxell-el-cicle-de-trobades-ho-recordava-la-mes-vella-del-poble\\\/#breadcrumb\",\"itemListElement\":[{\"@type\":\"ListItem\",\"position\":1,\"name\":\"Portada\",\"item\":\"https:\\\/\\\/radiolitoral.com\\\/\"},{\"@type\":\"ListItem\",\"position\":2,\"name\":\"&#8216;Cl\u00e1sicas y Modernas&#8217; tanca a Benitatxell el cicle de trobades \u2018Ho recordava la m\u00e9s vella del poble\u2019\"}]},{\"@type\":\"WebSite\",\"@id\":\"https:\\\/\\\/radiolitoral.com\\\/#website\",\"url\":\"https:\\\/\\\/radiolitoral.com\\\/\",\"name\":\"Radio Litoral\",\"description\":\"La radio local de la Marina Alta\",\"publisher\":{\"@id\":\"https:\\\/\\\/radiolitoral.com\\\/#organization\"},\"alternateName\":\"Litoral FM\",\"potentialAction\":[{\"@type\":\"SearchAction\",\"target\":{\"@type\":\"EntryPoint\",\"urlTemplate\":\"https:\\\/\\\/radiolitoral.com\\\/?s={search_term_string}\"},\"query-input\":{\"@type\":\"PropertyValueSpecification\",\"valueRequired\":true,\"valueName\":\"search_term_string\"}}],\"inLanguage\":\"ca\"},{\"@type\":\"Organization\",\"@id\":\"https:\\\/\\\/radiolitoral.com\\\/#organization\",\"name\":\"Radio Litoral\",\"url\":\"https:\\\/\\\/radiolitoral.com\\\/\",\"logo\":{\"@type\":\"ImageObject\",\"inLanguage\":\"ca\",\"@id\":\"https:\\\/\\\/radiolitoral.com\\\/#\\\/schema\\\/logo\\\/image\\\/\",\"url\":\"https:\\\/\\\/media.radiolitoral.com\\\/wp-content\\\/uploads\\\/2023\\\/02\\\/24143238\\\/CL-V-RadioLitoral696.png\",\"contentUrl\":\"https:\\\/\\\/media.radiolitoral.com\\\/wp-content\\\/uploads\\\/2023\\\/02\\\/24143238\\\/CL-V-RadioLitoral696.png\",\"width\":696,\"height\":696,\"caption\":\"Radio Litoral\"},\"image\":{\"@id\":\"https:\\\/\\\/radiolitoral.com\\\/#\\\/schema\\\/logo\\\/image\\\/\"},\"sameAs\":[\"https:\\\/\\\/www.facebook.com\\\/Laradiolitoral\\\/\"]},{\"@type\":\"Person\",\"@id\":\"https:\\\/\\\/radiolitoral.com\\\/#\\\/schema\\\/person\\\/f2b2343c49b5d721857cc1002bfdb151\",\"name\":\"Redacci\u00f3n\",\"image\":{\"@type\":\"ImageObject\",\"inLanguage\":\"ca\",\"@id\":\"https:\\\/\\\/secure.gravatar.com\\\/avatar\\\/f771d896c203ad8b3382d7905cfcce5a5c9b008b84b3cd9114e9b9f4cb63f789?s=96&d=mm&r=g\",\"url\":\"https:\\\/\\\/secure.gravatar.com\\\/avatar\\\/f771d896c203ad8b3382d7905cfcce5a5c9b008b84b3cd9114e9b9f4cb63f789?s=96&d=mm&r=g\",\"contentUrl\":\"https:\\\/\\\/secure.gravatar.com\\\/avatar\\\/f771d896c203ad8b3382d7905cfcce5a5c9b008b84b3cd9114e9b9f4cb63f789?s=96&d=mm&r=g\",\"caption\":\"Redacci\u00f3n\"},\"url\":\"https:\\\/\\\/radiolitoral.com\\\/ca\\\/author\\\/miriam-pagan\\\/\"}]}<\/script>\n<!-- \/ Yoast SEO plugin. -->","yoast_head_json":{"title":"&#039;Cl\u00e0ssiques i Modernes&#039; tanca a Benitatxell el cicle de trobades &#039;Ho recordava la m\u00e9s vella del poble&#039; | R\u00e0dio Litoral","description":"Aquesta iniciativa a escala estatal t\u00e9 com a objectiu recuperar la mem\u00f2ria oral de les dones majors de diversos municipis Aquesta iniciativa a escala estatal t\u00e9 com a objectiu recuperar la mem\u00f2ria oral de les dones majors de diversos municipis","robots":{"index":"index","follow":"follow","max-snippet":"max-snippet:-1","max-image-preview":"max-image-preview:large","max-video-preview":"max-video-preview:-1"},"canonical":"https:\/\/radiolitoral.com\/ca\/2024\/09\/classiques-i-modernes-tanca-a-benitatxell-el-cicle-de-trobades-ho-recordava-la-mes-vella-del-poble\/","og_locale":"ca_ES","og_type":"article","og_title":"'Cl\u00e1sicas y Modernas' tanca a Benitatxell el cicle de trobades \u2018Ho recordava la m\u00e9s vella del poble\u2019 | R\u00e0dio Litoral","og_description":"Aquesta iniciativa a escala estatal t\u00e9 com a objectiu recuperar la mem\u00f2ria oral de les dones majors de diversos municipis Aquesta iniciativa a escala estatal t\u00e9 com a objectiu recuperar la mem\u00f2ria oral de les dones majors de diversos municipis","og_url":"https:\/\/radiolitoral.com\/ca\/2024\/09\/classiques-i-modernes-tanca-a-benitatxell-el-cicle-de-trobades-ho-recordava-la-mes-vella-del-poble\/","og_site_name":"R\u00e0dio Litoral","article_publisher":"https:\/\/www.facebook.com\/Laradiolitoral\/","article_published_time":"2024-09-23T10:38:33+00:00","og_image":[{"width":2560,"height":1707,"url":"https:\/\/media.radiolitoral.com\/wp-content\/uploads\/2024\/09\/23122557\/Benitatxell-fin-clasicas-y-modernas-1-scaled.jpg","type":"image\/jpeg"}],"author":"Redacci\u00f3n","twitter_card":"summary_large_image","twitter_misc":{"Escrit per":"Redacci\u00f3n","Temps estimat de lectura":"2 minuts"},"schema":{"@context":"https:\/\/schema.org","@graph":[{"@type":"NewsArticle","@id":"https:\/\/radiolitoral.com\/2024\/09\/clasicas-y-modernas-tanca-a-benitatxell-el-cicle-de-trobades-ho-recordava-la-mes-vella-del-poble\/#article","isPartOf":{"@id":"https:\/\/radiolitoral.com\/2024\/09\/clasicas-y-modernas-tanca-a-benitatxell-el-cicle-de-trobades-ho-recordava-la-mes-vella-del-poble\/"},"author":{"name":"Redacci\u00f3n","@id":"https:\/\/radiolitoral.com\/#\/schema\/person\/f2b2343c49b5d721857cc1002bfdb151"},"headline":"&#8216;Cl\u00e1sicas y Modernas&#8217; tanca a Benitatxell el cicle de trobades \u2018Ho recordava la m\u00e9s vella del poble\u2019","datePublished":"2024-09-23T10:38:33+00:00","mainEntityOfPage":{"@id":"https:\/\/radiolitoral.com\/2024\/09\/clasicas-y-modernas-tanca-a-benitatxell-el-cicle-de-trobades-ho-recordava-la-mes-vella-del-poble\/"},"wordCount":280,"commentCount":0,"publisher":{"@id":"https:\/\/radiolitoral.com\/#organization"},"image":{"@id":"https:\/\/radiolitoral.com\/2024\/09\/clasicas-y-modernas-tanca-a-benitatxell-el-cicle-de-trobades-ho-recordava-la-mes-vella-del-poble\/#primaryimage"},"thumbnailUrl":"https:\/\/media.radiolitoral.com\/wp-content\/uploads\/2024\/09\/23122557\/Benitatxell-fin-clasicas-y-modernas-1-scaled.jpg","keywords":["El Poble Nou de Benitatxell","igualdad","sociedad"],"articleSection":["Sociedad"],"inLanguage":"ca","potentialAction":[{"@type":"CommentAction","name":"Comment","target":["https:\/\/radiolitoral.com\/2024\/09\/clasicas-y-modernas-tanca-a-benitatxell-el-cicle-de-trobades-ho-recordava-la-mes-vella-del-poble\/#respond"]}]},{"@type":["WebPage","ItemPage"],"@id":"https:\/\/radiolitoral.com\/2024\/09\/clasicas-y-modernas-tanca-a-benitatxell-el-cicle-de-trobades-ho-recordava-la-mes-vella-del-poble\/","url":"https:\/\/radiolitoral.com\/2024\/09\/clasicas-y-modernas-tanca-a-benitatxell-el-cicle-de-trobades-ho-recordava-la-mes-vella-del-poble\/","name":"&#039;Cl\u00e0ssiques i Modernes&#039; tanca a Benitatxell el cicle de trobades &#039;Ho recordava la m\u00e9s vella del poble&#039; | R\u00e0dio Litoral","isPartOf":{"@id":"https:\/\/radiolitoral.com\/#website"},"primaryImageOfPage":{"@id":"https:\/\/radiolitoral.com\/2024\/09\/clasicas-y-modernas-tanca-a-benitatxell-el-cicle-de-trobades-ho-recordava-la-mes-vella-del-poble\/#primaryimage"},"image":{"@id":"https:\/\/radiolitoral.com\/2024\/09\/clasicas-y-modernas-tanca-a-benitatxell-el-cicle-de-trobades-ho-recordava-la-mes-vella-del-poble\/#primaryimage"},"thumbnailUrl":"https:\/\/media.radiolitoral.com\/wp-content\/uploads\/2024\/09\/23122557\/Benitatxell-fin-clasicas-y-modernas-1-scaled.jpg","datePublished":"2024-09-23T10:38:33+00:00","description":"Aquesta iniciativa a escala estatal t\u00e9 com a objectiu recuperar la mem\u00f2ria oral de les dones majors de diversos municipis Aquesta iniciativa a escala estatal t\u00e9 com a objectiu recuperar la mem\u00f2ria oral de les dones majors de diversos municipis","breadcrumb":{"@id":"https:\/\/radiolitoral.com\/2024\/09\/clasicas-y-modernas-tanca-a-benitatxell-el-cicle-de-trobades-ho-recordava-la-mes-vella-del-poble\/#breadcrumb"},"inLanguage":"ca","potentialAction":[{"@type":"ReadAction","target":["https:\/\/radiolitoral.com\/2024\/09\/clasicas-y-modernas-tanca-a-benitatxell-el-cicle-de-trobades-ho-recordava-la-mes-vella-del-poble\/"]}]},{"@type":"ImageObject","inLanguage":"ca","@id":"https:\/\/radiolitoral.com\/2024\/09\/clasicas-y-modernas-tanca-a-benitatxell-el-cicle-de-trobades-ho-recordava-la-mes-vella-del-poble\/#primaryimage","url":"https:\/\/media.radiolitoral.com\/wp-content\/uploads\/2024\/09\/23122557\/Benitatxell-fin-clasicas-y-modernas-1-scaled.jpg","contentUrl":"https:\/\/media.radiolitoral.com\/wp-content\/uploads\/2024\/09\/23122557\/Benitatxell-fin-clasicas-y-modernas-1-scaled.jpg","width":2560,"height":1707},{"@type":"BreadcrumbList","@id":"https:\/\/radiolitoral.com\/2024\/09\/clasicas-y-modernas-tanca-a-benitatxell-el-cicle-de-trobades-ho-recordava-la-mes-vella-del-poble\/#breadcrumb","itemListElement":[{"@type":"ListItem","position":1,"name":"Portada","item":"https:\/\/radiolitoral.com\/"},{"@type":"ListItem","position":2,"name":"&#8216;Cl\u00e1sicas y Modernas&#8217; tanca a Benitatxell el cicle de trobades \u2018Ho recordava la m\u00e9s vella del poble\u2019"}]},{"@type":"WebSite","@id":"https:\/\/radiolitoral.com\/#website","url":"https:\/\/radiolitoral.com\/","name":"R\u00e0dio Litoral","description":"La r\u00e0dio local de la Marina Alta","publisher":{"@id":"https:\/\/radiolitoral.com\/#organization"},"alternateName":"Litoral FM","potentialAction":[{"@type":"SearchAction","target":{"@type":"EntryPoint","urlTemplate":"https:\/\/radiolitoral.com\/?s={search_term_string}"},"query-input":{"@type":"PropertyValueSpecification","valueRequired":true,"valueName":"search_term_string"}}],"inLanguage":"ca"},{"@type":"Organization","@id":"https:\/\/radiolitoral.com\/#organization","name":"R\u00e0dio Litoral","url":"https:\/\/radiolitoral.com\/","logo":{"@type":"ImageObject","inLanguage":"ca","@id":"https:\/\/radiolitoral.com\/#\/schema\/logo\/image\/","url":"https:\/\/media.radiolitoral.com\/wp-content\/uploads\/2023\/02\/24143238\/CL-V-RadioLitoral696.png","contentUrl":"https:\/\/media.radiolitoral.com\/wp-content\/uploads\/2023\/02\/24143238\/CL-V-RadioLitoral696.png","width":696,"height":696,"caption":"Radio Litoral"},"image":{"@id":"https:\/\/radiolitoral.com\/#\/schema\/logo\/image\/"},"sameAs":["https:\/\/www.facebook.com\/Laradiolitoral\/"]},{"@type":"Person","@id":"https:\/\/radiolitoral.com\/#\/schema\/person\/f2b2343c49b5d721857cc1002bfdb151","name":"Redacci\u00f3","image":{"@type":"ImageObject","inLanguage":"ca","@id":"https:\/\/secure.gravatar.com\/avatar\/f771d896c203ad8b3382d7905cfcce5a5c9b008b84b3cd9114e9b9f4cb63f789?s=96&d=mm&r=g","url":"https:\/\/secure.gravatar.com\/avatar\/f771d896c203ad8b3382d7905cfcce5a5c9b008b84b3cd9114e9b9f4cb63f789?s=96&d=mm&r=g","contentUrl":"https:\/\/secure.gravatar.com\/avatar\/f771d896c203ad8b3382d7905cfcce5a5c9b008b84b3cd9114e9b9f4cb63f789?s=96&d=mm&r=g","caption":"Redacci\u00f3n"},"url":"https:\/\/radiolitoral.com\/ca\/author\/miriam-pagan\/"}]}},"_links":{"self":[{"href":"https:\/\/radiolitoral.com\/ca\/wp-json\/wp\/v2\/posts\/11655","targetHints":{"allow":["GET"]}}],"collection":[{"href":"https:\/\/radiolitoral.com\/ca\/wp-json\/wp\/v2\/posts"}],"about":[{"href":"https:\/\/radiolitoral.com\/ca\/wp-json\/wp\/v2\/types\/post"}],"author":[{"embeddable":true,"href":"https:\/\/radiolitoral.com\/ca\/wp-json\/wp\/v2\/users\/13"}],"replies":[{"embeddable":true,"href":"https:\/\/radiolitoral.com\/ca\/wp-json\/wp\/v2\/comments?post=11655"}],"version-history":[{"count":1,"href":"https:\/\/radiolitoral.com\/ca\/wp-json\/wp\/v2\/posts\/11655\/revisions"}],"predecessor-version":[{"id":11656,"href":"https:\/\/radiolitoral.com\/ca\/wp-json\/wp\/v2\/posts\/11655\/revisions\/11656"}],"wp:featuredmedia":[{"embeddable":true,"href":"https:\/\/radiolitoral.com\/ca\/wp-json\/wp\/v2\/media\/11654"}],"wp:attachment":[{"href":"https:\/\/radiolitoral.com\/ca\/wp-json\/wp\/v2\/media?parent=11655"}],"wp:term":[{"taxonomy":"category","embeddable":true,"href":"https:\/\/radiolitoral.com\/ca\/wp-json\/wp\/v2\/categories?post=11655"},{"taxonomy":"post_tag","embeddable":true,"href":"https:\/\/radiolitoral.com\/ca\/wp-json\/wp\/v2\/tags?post=11655"}],"curies":[{"name":"wp","href":"https:\/\/api.w.org\/{rel}","templated":true}]}}