{"id":11642,"date":"2024-09-25T10:45:45","date_gmt":"2024-09-25T08:45:45","guid":{"rendered":"https:\/\/radiolitoral.com\/?p=11642"},"modified":"2024-09-25T10:45:45","modified_gmt":"2024-09-25T08:45:45","slug":"lescola-municipal-de-pilota-dondara-brilla-al-xxxiii-dia-de-la-pilota-valenciana","status":"publish","type":"post","link":"https:\/\/radiolitoral.com\/ca\/2024\/09\/lescola-municipal-de-pilota-dondara-brilla-en-el-xxxiii-dia-de-la-pilota-valenciana\/","title":{"rendered":"L&#039;Escola Municipal de Pilota d&#039;Ondara brilla al XXXIII Dia de la Pilota Valenciana"},"content":{"rendered":"<p>L&#039;<strong>Escola Municipal de Pilota d&#039;Ondara<\/strong> va destacar el passat dissabte 21 de setembre a Val\u00e8ncia, durant la celebraci\u00f3 del <strong>XXXIII Dia de la Pilota Valenciana<\/strong>, en qu\u00e8 es lliuraran els trofeus als millors equips de les fases finals auton\u00f2miques dels <strong>XLI Jocs Esportius de la Comunitat Valenciana<\/strong>, organitzats per la <strong>Federaci\u00f3 de Pilota Valenciana<\/strong>.<\/p>\n<p>La jornada, celebrada a l&#039;Alqueria del\u00a0<span class=\"hiddenSpellError\">B\u00e0squet<\/span>\u00a0de Val\u00e8ncia, va recon\u00e8ixer el gran \u00e8xit de l&#039;escola ondarenca, que a la temporada 2023-2024 va aconseguir un total de 10 guardons sota la coordinaci\u00f3 de\u00a0<strong><span class=\"hiddenSpellError\">Juanma<\/span>\u00a0Garrit<\/strong> i l&#039;entrenament de <strong>Ra\u00fal Blasco<\/strong>, qui va ser premiat com a millor entrenador en la modalitat de one wall.<\/p>\n<p>Entre els equips guardonats, cal destacar l&#039;equip benjam\u00ed, que va aconseguir la plata en llargues, aix\u00ed com els alevins, que van sumar quatre trofeus: or en front\u00f3 parells i llargues, plata i bronze a\u00a0<span class=\"hiddenSpellError\">one wall<\/span>\u00a0parells. L&#039;equip infantil es va dur, la plata en llargues, mentre que els cadets van brillar amb or en\u00a0<span class=\"hiddenSpellError\">one wall<\/span>\u00a0parells, plata a raspall i bronze a escala i corda. Finalment, l&#039;equip juvenil va sumar una plata a llargues.<\/p>\n<p>L&#039;alcalde d&#039;Ondara, <strong>Josep\u00a0<span class=\"hiddenSpellError\">Ramiro<\/span><\/strong>, i el regidor d&#039;Esports, <strong>Llu\u00eds\u00a0<span class=\"hiddenSpellError\">Forn\u00e8s<\/span><\/strong>, van felicitar els jugadors i entrenadors pels \u00e8xits aconseguits, i\u00a0<span class=\"hiddenSpellError\">Forn\u00e8s<\/span>\u00a0va acompanyar els membres de lescola durant la entrega de premis. A m\u00e9s, va destacar l&#039;orgull de la localitat per l&#039;\u00e8xit de l&#039;escola i va animar els seus integrants a continuar treballant de cara a la nova temporada.<\/p>\n<p>L&#039;Escola Municipal de Pilota d&#039;Ondara afronta aquest nou any esportiu amb\u00a0<span class=\"hiddenSpellError\">Juanma<\/span>\u00a0Garrido com a coordinador, Ra\u00fal Blasco com a entrenador principal i, com a novetat, <strong>Marc Terrades<\/strong> com a nou entrenador.<\/p>","protected":false},"excerpt":{"rendered":"<p>L\u2019Escola Municipal de Pilota d\u2019Ondara va destacar el passat dissabte 21 de setembre a Val\u00e8ncia, durant la celebraci\u00f3 del XXXIII Dia de la Pilota Valenciana, en qu\u00e8 es van lliurar els trofeus als millors equips de les fases finals auton\u00f2miques dels XLI Jocs Esportius de la Comunitat Valenciana, organitzats per la Federaci\u00f3 de Pilota Valenciana. [&#8230;]<\/p>\n<p><a class=\"btn btn-secondary understrap-read-more-link\" href=\"https:\/\/radiolitoral.com\/ca\/2024\/09\/lescola-municipal-de-pilota-dondara-brilla-en-el-xxxiii-dia-de-la-pilota-valenciana\/\">Continua llegint&#8230;<span class=\"screen-reader-text\"> from L\u2019Escola Municipal de Pilota d\u2019Ondara brilla en el XXXIII Dia de la Pilota Valenciana<\/span><\/a><\/p>\n","protected":false},"author":12,"featured_media":11643,"comment_status":"open","ping_status":"closed","sticky":false,"template":"","format":"standard","meta":{"_acf_changed":false,"inline_featured_image":false,"footnotes":""},"categories":[5],"tags":[6,2292,1212,771,2294,1375,2296,2295,2293],"class_list":["post-11642","post","type-post","status-publish","format-standard","has-post-thumbnail","hentry","category-deportes","tag-deportes","tag-escola-municipal-de-pilota-dondara","tag-federacio-de-pilota-valenciana","tag-jose-ramiro","tag-juanma-garrido","tag-lluis-fornes","tag-marc-terrades","tag-raul-blasco","tag-xxxiii-dia-de-la-pilota-valenciana","cobertura-ondara"],"acf":[],"yoast_head":"<!-- This site is optimized with the Yoast SEO plugin v27.5 - https:\/\/yoast.com\/product\/yoast-seo-wordpress\/ -->\n<title>L\u2019Escola Municipal de Pilota d\u2019Ondara brilla en el XXXIII Dia de la Pilota Valenciana | R\u00e0dio Litoral<\/title>\n<meta name=\"description\" content=\"L&#039;entrenador Ra\u00fal Blasco va ser triat com a millor entrenador en la modalitat d&#039;one wall L&#039;entrenador Ra\u00fal Blasco va ser triat com a millor entrenador en la modalitat d&#039;one wall\" \/>\n<meta name=\"robots\" content=\"index, follow, max-snippet:-1, max-image-preview:large, max-video-preview:-1\" \/>\n<link rel=\"canonical\" href=\"https:\/\/radiolitoral.com\/ca\/2024\/09\/lescola-municipal-de-pilota-dondara-brilla-al-xxxiii-dia-de-la-pilota-valenciana\/\" \/>\n<meta property=\"og:locale\" content=\"ca_ES\" \/>\n<meta property=\"og:type\" content=\"article\" \/>\n<meta property=\"og:title\" content=\"L\u2019Escola Municipal de Pilota d\u2019Ondara brilla en el XXXIII Dia de la Pilota Valenciana | R\u00e0dio Litoral\" \/>\n<meta property=\"og:description\" content=\"L&#039;entrenador Ra\u00fal Blasco va ser triat com a millor entrenador en la modalitat d&#039;one wall L&#039;entrenador Ra\u00fal Blasco va ser triat com a millor entrenador en la modalitat d&#039;one wall\" \/>\n<meta property=\"og:url\" content=\"https:\/\/radiolitoral.com\/ca\/2024\/09\/lescola-municipal-de-pilota-dondara-brilla-al-xxxiii-dia-de-la-pilota-valenciana\/\" \/>\n<meta property=\"og:site_name\" content=\"R\u00e0dio Litoral\" \/>\n<meta property=\"article:publisher\" content=\"https:\/\/www.facebook.com\/Laradiolitoral\/\" \/>\n<meta property=\"article:published_time\" content=\"2024-09-25T08:45:45+00:00\" \/>\n<meta property=\"og:image\" content=\"https:\/\/media.radiolitoral.com\/wp-content\/uploads\/2024\/09\/23114021\/Expedicion-de-Ondara-en-Valencia.jpg\" \/>\n\t<meta property=\"og:image:width\" content=\"1600\" \/>\n\t<meta property=\"og:image:height\" content=\"1200\" \/>\n\t<meta property=\"og:image:type\" content=\"image\/jpeg\" \/>\n<meta name=\"author\" content=\"Javier Zamora\" \/>\n<meta name=\"twitter:card\" content=\"summary_large_image\" \/>\n<meta name=\"twitter:label1\" content=\"Escrit per\" \/>\n\t<meta name=\"twitter:data1\" content=\"Javier Zamora\" \/>\n\t<meta name=\"twitter:label2\" content=\"Temps estimat de lectura\" \/>\n\t<meta name=\"twitter:data2\" content=\"2 minuts\" \/>\n<script type=\"application\/ld+json\" class=\"yoast-schema-graph\">{\"@context\":\"https:\\\/\\\/schema.org\",\"@graph\":[{\"@type\":\"NewsArticle\",\"@id\":\"https:\\\/\\\/radiolitoral.com\\\/2024\\\/09\\\/lescola-municipal-de-pilota-dondara-brilla-en-el-xxxiii-dia-de-la-pilota-valenciana\\\/#article\",\"isPartOf\":{\"@id\":\"https:\\\/\\\/radiolitoral.com\\\/2024\\\/09\\\/lescola-municipal-de-pilota-dondara-brilla-en-el-xxxiii-dia-de-la-pilota-valenciana\\\/\"},\"author\":{\"name\":\"Javier Zamora\",\"@id\":\"https:\\\/\\\/radiolitoral.com\\\/#\\\/schema\\\/person\\\/7b1480b5caeb5acdd4ec6379caf62b22\"},\"headline\":\"L\u2019Escola Municipal de Pilota d\u2019Ondara brilla en el XXXIII Dia de la Pilota Valenciana\",\"datePublished\":\"2024-09-25T08:45:45+00:00\",\"mainEntityOfPage\":{\"@id\":\"https:\\\/\\\/radiolitoral.com\\\/2024\\\/09\\\/lescola-municipal-de-pilota-dondara-brilla-en-el-xxxiii-dia-de-la-pilota-valenciana\\\/\"},\"wordCount\":318,\"commentCount\":0,\"publisher\":{\"@id\":\"https:\\\/\\\/radiolitoral.com\\\/#organization\"},\"image\":{\"@id\":\"https:\\\/\\\/radiolitoral.com\\\/2024\\\/09\\\/lescola-municipal-de-pilota-dondara-brilla-en-el-xxxiii-dia-de-la-pilota-valenciana\\\/#primaryimage\"},\"thumbnailUrl\":\"https:\\\/\\\/media.radiolitoral.com\\\/wp-content\\\/uploads\\\/2024\\\/09\\\/23114021\\\/Expedicion-de-Ondara-en-Valencia.jpg\",\"keywords\":[\"deportes\",\"Escola Municipal de Pilota d\u2019Ondara\",\"Federaci\u00f3 de Pilota Valenciana\",\"Jos\u00e9 Ramiro\",\"Juanma\u00a0Garrido\",\"Llu\u00eds Forn\u00e9s\",\"Marc Terrades\",\"Ra\u00fal Blasco\",\"XXXIII Dia de la Pilota Valenciana\"],\"articleSection\":[\"Deportes\"],\"inLanguage\":\"ca\",\"potentialAction\":[{\"@type\":\"CommentAction\",\"name\":\"Comment\",\"target\":[\"https:\\\/\\\/radiolitoral.com\\\/2024\\\/09\\\/lescola-municipal-de-pilota-dondara-brilla-en-el-xxxiii-dia-de-la-pilota-valenciana\\\/#respond\"]}]},{\"@type\":[\"WebPage\",\"ItemPage\"],\"@id\":\"https:\\\/\\\/radiolitoral.com\\\/2024\\\/09\\\/lescola-municipal-de-pilota-dondara-brilla-en-el-xxxiii-dia-de-la-pilota-valenciana\\\/\",\"url\":\"https:\\\/\\\/radiolitoral.com\\\/2024\\\/09\\\/lescola-municipal-de-pilota-dondara-brilla-en-el-xxxiii-dia-de-la-pilota-valenciana\\\/\",\"name\":\"L\u2019Escola Municipal de Pilota d\u2019Ondara brilla en el XXXIII Dia de la Pilota Valenciana | R\u00e0dio Litoral\",\"isPartOf\":{\"@id\":\"https:\\\/\\\/radiolitoral.com\\\/#website\"},\"primaryImageOfPage\":{\"@id\":\"https:\\\/\\\/radiolitoral.com\\\/2024\\\/09\\\/lescola-municipal-de-pilota-dondara-brilla-en-el-xxxiii-dia-de-la-pilota-valenciana\\\/#primaryimage\"},\"image\":{\"@id\":\"https:\\\/\\\/radiolitoral.com\\\/2024\\\/09\\\/lescola-municipal-de-pilota-dondara-brilla-en-el-xxxiii-dia-de-la-pilota-valenciana\\\/#primaryimage\"},\"thumbnailUrl\":\"https:\\\/\\\/media.radiolitoral.com\\\/wp-content\\\/uploads\\\/2024\\\/09\\\/23114021\\\/Expedicion-de-Ondara-en-Valencia.jpg\",\"datePublished\":\"2024-09-25T08:45:45+00:00\",\"description\":\"L'entrenador Ra\u00fal Blasco va ser triat com a millor entrenador en la modalitat d'one wall L'entrenador Ra\u00fal Blasco va ser triat com a millor entrenador en la modalitat d'one wall\",\"breadcrumb\":{\"@id\":\"https:\\\/\\\/radiolitoral.com\\\/2024\\\/09\\\/lescola-municipal-de-pilota-dondara-brilla-en-el-xxxiii-dia-de-la-pilota-valenciana\\\/#breadcrumb\"},\"inLanguage\":\"ca\",\"potentialAction\":[{\"@type\":\"ReadAction\",\"target\":[\"https:\\\/\\\/radiolitoral.com\\\/2024\\\/09\\\/lescola-municipal-de-pilota-dondara-brilla-en-el-xxxiii-dia-de-la-pilota-valenciana\\\/\"]}]},{\"@type\":\"ImageObject\",\"inLanguage\":\"ca\",\"@id\":\"https:\\\/\\\/radiolitoral.com\\\/2024\\\/09\\\/lescola-municipal-de-pilota-dondara-brilla-en-el-xxxiii-dia-de-la-pilota-valenciana\\\/#primaryimage\",\"url\":\"https:\\\/\\\/media.radiolitoral.com\\\/wp-content\\\/uploads\\\/2024\\\/09\\\/23114021\\\/Expedicion-de-Ondara-en-Valencia.jpg\",\"contentUrl\":\"https:\\\/\\\/media.radiolitoral.com\\\/wp-content\\\/uploads\\\/2024\\\/09\\\/23114021\\\/Expedicion-de-Ondara-en-Valencia.jpg\",\"width\":1600,\"height\":1200},{\"@type\":\"BreadcrumbList\",\"@id\":\"https:\\\/\\\/radiolitoral.com\\\/2024\\\/09\\\/lescola-municipal-de-pilota-dondara-brilla-en-el-xxxiii-dia-de-la-pilota-valenciana\\\/#breadcrumb\",\"itemListElement\":[{\"@type\":\"ListItem\",\"position\":1,\"name\":\"Portada\",\"item\":\"https:\\\/\\\/radiolitoral.com\\\/\"},{\"@type\":\"ListItem\",\"position\":2,\"name\":\"L\u2019Escola Municipal de Pilota d\u2019Ondara brilla en el XXXIII Dia de la Pilota Valenciana\"}]},{\"@type\":\"WebSite\",\"@id\":\"https:\\\/\\\/radiolitoral.com\\\/#website\",\"url\":\"https:\\\/\\\/radiolitoral.com\\\/\",\"name\":\"Radio Litoral\",\"description\":\"La radio local de la Marina Alta\",\"publisher\":{\"@id\":\"https:\\\/\\\/radiolitoral.com\\\/#organization\"},\"alternateName\":\"Litoral FM\",\"potentialAction\":[{\"@type\":\"SearchAction\",\"target\":{\"@type\":\"EntryPoint\",\"urlTemplate\":\"https:\\\/\\\/radiolitoral.com\\\/?s={search_term_string}\"},\"query-input\":{\"@type\":\"PropertyValueSpecification\",\"valueRequired\":true,\"valueName\":\"search_term_string\"}}],\"inLanguage\":\"ca\"},{\"@type\":\"Organization\",\"@id\":\"https:\\\/\\\/radiolitoral.com\\\/#organization\",\"name\":\"Radio Litoral\",\"url\":\"https:\\\/\\\/radiolitoral.com\\\/\",\"logo\":{\"@type\":\"ImageObject\",\"inLanguage\":\"ca\",\"@id\":\"https:\\\/\\\/radiolitoral.com\\\/#\\\/schema\\\/logo\\\/image\\\/\",\"url\":\"https:\\\/\\\/media.radiolitoral.com\\\/wp-content\\\/uploads\\\/2023\\\/02\\\/24143238\\\/CL-V-RadioLitoral696.png\",\"contentUrl\":\"https:\\\/\\\/media.radiolitoral.com\\\/wp-content\\\/uploads\\\/2023\\\/02\\\/24143238\\\/CL-V-RadioLitoral696.png\",\"width\":696,\"height\":696,\"caption\":\"Radio Litoral\"},\"image\":{\"@id\":\"https:\\\/\\\/radiolitoral.com\\\/#\\\/schema\\\/logo\\\/image\\\/\"},\"sameAs\":[\"https:\\\/\\\/www.facebook.com\\\/Laradiolitoral\\\/\"]},{\"@type\":\"Person\",\"@id\":\"https:\\\/\\\/radiolitoral.com\\\/#\\\/schema\\\/person\\\/7b1480b5caeb5acdd4ec6379caf62b22\",\"name\":\"Javier Zamora\",\"image\":{\"@type\":\"ImageObject\",\"inLanguage\":\"ca\",\"@id\":\"https:\\\/\\\/secure.gravatar.com\\\/avatar\\\/467a11f6918c7d619c4043fc6fa2d3853053107973f05b6e9c04ea6c4e3a7b3f?s=96&d=mm&r=g\",\"url\":\"https:\\\/\\\/secure.gravatar.com\\\/avatar\\\/467a11f6918c7d619c4043fc6fa2d3853053107973f05b6e9c04ea6c4e3a7b3f?s=96&d=mm&r=g\",\"contentUrl\":\"https:\\\/\\\/secure.gravatar.com\\\/avatar\\\/467a11f6918c7d619c4043fc6fa2d3853053107973f05b6e9c04ea6c4e3a7b3f?s=96&d=mm&r=g\",\"caption\":\"Javier Zamora\"},\"url\":\"https:\\\/\\\/radiolitoral.com\\\/ca\\\/author\\\/javier-zamora\\\/\"}]}<\/script>\n<!-- \/ Yoast SEO plugin. -->","yoast_head_json":{"title":"L&#039;Escola Municipal de Pilota d&#039;Ondara brilla al XXXIII Dia de la Pilota Valenciana | R\u00e0dio Litoral","description":"L&#039;entrenador Ra\u00fal Blasco va ser triat com a millor entrenador a la modalitat d&#039;one wall L&#039;entrenador Ra\u00fal Blasco va ser triat com a millor entrenador a la modalitat d&#039;one wall","robots":{"index":"index","follow":"follow","max-snippet":"max-snippet:-1","max-image-preview":"max-image-preview:large","max-video-preview":"max-video-preview:-1"},"canonical":"https:\/\/radiolitoral.com\/ca\/2024\/09\/lescola-municipal-de-pilota-dondara-brilla-al-xxxiii-dia-de-la-pilota-valenciana\/","og_locale":"ca_ES","og_type":"article","og_title":"L\u2019Escola Municipal de Pilota d\u2019Ondara brilla en el XXXIII Dia de la Pilota Valenciana | R\u00e0dio Litoral","og_description":"L'entrenador Ra\u00fal Blasco va ser triat com a millor entrenador en la modalitat d'one wall L'entrenador Ra\u00fal Blasco va ser triat com a millor entrenador en la modalitat d'one wall","og_url":"https:\/\/radiolitoral.com\/ca\/2024\/09\/lescola-municipal-de-pilota-dondara-brilla-al-xxxiii-dia-de-la-pilota-valenciana\/","og_site_name":"R\u00e0dio Litoral","article_publisher":"https:\/\/www.facebook.com\/Laradiolitoral\/","article_published_time":"2024-09-25T08:45:45+00:00","og_image":[{"width":1600,"height":1200,"url":"https:\/\/media.radiolitoral.com\/wp-content\/uploads\/2024\/09\/23114021\/Expedicion-de-Ondara-en-Valencia.jpg","type":"image\/jpeg"}],"author":"Javier Zamora","twitter_card":"summary_large_image","twitter_misc":{"Escrit per":"Javier Zamora","Temps estimat de lectura":"2 minuts"},"schema":{"@context":"https:\/\/schema.org","@graph":[{"@type":"NewsArticle","@id":"https:\/\/radiolitoral.com\/2024\/09\/lescola-municipal-de-pilota-dondara-brilla-en-el-xxxiii-dia-de-la-pilota-valenciana\/#article","isPartOf":{"@id":"https:\/\/radiolitoral.com\/2024\/09\/lescola-municipal-de-pilota-dondara-brilla-en-el-xxxiii-dia-de-la-pilota-valenciana\/"},"author":{"name":"Javier Zamora","@id":"https:\/\/radiolitoral.com\/#\/schema\/person\/7b1480b5caeb5acdd4ec6379caf62b22"},"headline":"L\u2019Escola Municipal de Pilota d\u2019Ondara brilla en el XXXIII Dia de la Pilota Valenciana","datePublished":"2024-09-25T08:45:45+00:00","mainEntityOfPage":{"@id":"https:\/\/radiolitoral.com\/2024\/09\/lescola-municipal-de-pilota-dondara-brilla-en-el-xxxiii-dia-de-la-pilota-valenciana\/"},"wordCount":318,"commentCount":0,"publisher":{"@id":"https:\/\/radiolitoral.com\/#organization"},"image":{"@id":"https:\/\/radiolitoral.com\/2024\/09\/lescola-municipal-de-pilota-dondara-brilla-en-el-xxxiii-dia-de-la-pilota-valenciana\/#primaryimage"},"thumbnailUrl":"https:\/\/media.radiolitoral.com\/wp-content\/uploads\/2024\/09\/23114021\/Expedicion-de-Ondara-en-Valencia.jpg","keywords":["deportes","Escola Municipal de Pilota d\u2019Ondara","Federaci\u00f3 de Pilota Valenciana","Jos\u00e9 Ramiro","Juanma\u00a0Garrido","Llu\u00eds Forn\u00e9s","Marc Terrades","Ra\u00fal Blasco","XXXIII Dia de la Pilota Valenciana"],"articleSection":["Deportes"],"inLanguage":"ca","potentialAction":[{"@type":"CommentAction","name":"Comment","target":["https:\/\/radiolitoral.com\/2024\/09\/lescola-municipal-de-pilota-dondara-brilla-en-el-xxxiii-dia-de-la-pilota-valenciana\/#respond"]}]},{"@type":["WebPage","ItemPage"],"@id":"https:\/\/radiolitoral.com\/2024\/09\/lescola-municipal-de-pilota-dondara-brilla-en-el-xxxiii-dia-de-la-pilota-valenciana\/","url":"https:\/\/radiolitoral.com\/2024\/09\/lescola-municipal-de-pilota-dondara-brilla-en-el-xxxiii-dia-de-la-pilota-valenciana\/","name":"L&#039;Escola Municipal de Pilota d&#039;Ondara brilla al XXXIII Dia de la Pilota Valenciana | R\u00e0dio Litoral","isPartOf":{"@id":"https:\/\/radiolitoral.com\/#website"},"primaryImageOfPage":{"@id":"https:\/\/radiolitoral.com\/2024\/09\/lescola-municipal-de-pilota-dondara-brilla-en-el-xxxiii-dia-de-la-pilota-valenciana\/#primaryimage"},"image":{"@id":"https:\/\/radiolitoral.com\/2024\/09\/lescola-municipal-de-pilota-dondara-brilla-en-el-xxxiii-dia-de-la-pilota-valenciana\/#primaryimage"},"thumbnailUrl":"https:\/\/media.radiolitoral.com\/wp-content\/uploads\/2024\/09\/23114021\/Expedicion-de-Ondara-en-Valencia.jpg","datePublished":"2024-09-25T08:45:45+00:00","description":"L&#039;entrenador Ra\u00fal Blasco va ser triat com a millor entrenador a la modalitat d&#039;one wall L&#039;entrenador Ra\u00fal Blasco va ser triat com a millor entrenador a la modalitat d&#039;one wall","breadcrumb":{"@id":"https:\/\/radiolitoral.com\/2024\/09\/lescola-municipal-de-pilota-dondara-brilla-en-el-xxxiii-dia-de-la-pilota-valenciana\/#breadcrumb"},"inLanguage":"ca","potentialAction":[{"@type":"ReadAction","target":["https:\/\/radiolitoral.com\/2024\/09\/lescola-municipal-de-pilota-dondara-brilla-en-el-xxxiii-dia-de-la-pilota-valenciana\/"]}]},{"@type":"ImageObject","inLanguage":"ca","@id":"https:\/\/radiolitoral.com\/2024\/09\/lescola-municipal-de-pilota-dondara-brilla-en-el-xxxiii-dia-de-la-pilota-valenciana\/#primaryimage","url":"https:\/\/media.radiolitoral.com\/wp-content\/uploads\/2024\/09\/23114021\/Expedicion-de-Ondara-en-Valencia.jpg","contentUrl":"https:\/\/media.radiolitoral.com\/wp-content\/uploads\/2024\/09\/23114021\/Expedicion-de-Ondara-en-Valencia.jpg","width":1600,"height":1200},{"@type":"BreadcrumbList","@id":"https:\/\/radiolitoral.com\/2024\/09\/lescola-municipal-de-pilota-dondara-brilla-en-el-xxxiii-dia-de-la-pilota-valenciana\/#breadcrumb","itemListElement":[{"@type":"ListItem","position":1,"name":"Portada","item":"https:\/\/radiolitoral.com\/"},{"@type":"ListItem","position":2,"name":"L\u2019Escola Municipal de Pilota d\u2019Ondara brilla en el XXXIII Dia de la Pilota Valenciana"}]},{"@type":"WebSite","@id":"https:\/\/radiolitoral.com\/#website","url":"https:\/\/radiolitoral.com\/","name":"R\u00e0dio Litoral","description":"La r\u00e0dio local de la Marina Alta","publisher":{"@id":"https:\/\/radiolitoral.com\/#organization"},"alternateName":"Litoral FM","potentialAction":[{"@type":"SearchAction","target":{"@type":"EntryPoint","urlTemplate":"https:\/\/radiolitoral.com\/?s={search_term_string}"},"query-input":{"@type":"PropertyValueSpecification","valueRequired":true,"valueName":"search_term_string"}}],"inLanguage":"ca"},{"@type":"Organization","@id":"https:\/\/radiolitoral.com\/#organization","name":"R\u00e0dio Litoral","url":"https:\/\/radiolitoral.com\/","logo":{"@type":"ImageObject","inLanguage":"ca","@id":"https:\/\/radiolitoral.com\/#\/schema\/logo\/image\/","url":"https:\/\/media.radiolitoral.com\/wp-content\/uploads\/2023\/02\/24143238\/CL-V-RadioLitoral696.png","contentUrl":"https:\/\/media.radiolitoral.com\/wp-content\/uploads\/2023\/02\/24143238\/CL-V-RadioLitoral696.png","width":696,"height":696,"caption":"Radio Litoral"},"image":{"@id":"https:\/\/radiolitoral.com\/#\/schema\/logo\/image\/"},"sameAs":["https:\/\/www.facebook.com\/Laradiolitoral\/"]},{"@type":"Person","@id":"https:\/\/radiolitoral.com\/#\/schema\/person\/7b1480b5caeb5acdd4ec6379caf62b22","name":"Javier Zamora","image":{"@type":"ImageObject","inLanguage":"ca","@id":"https:\/\/secure.gravatar.com\/avatar\/467a11f6918c7d619c4043fc6fa2d3853053107973f05b6e9c04ea6c4e3a7b3f?s=96&d=mm&r=g","url":"https:\/\/secure.gravatar.com\/avatar\/467a11f6918c7d619c4043fc6fa2d3853053107973f05b6e9c04ea6c4e3a7b3f?s=96&d=mm&r=g","contentUrl":"https:\/\/secure.gravatar.com\/avatar\/467a11f6918c7d619c4043fc6fa2d3853053107973f05b6e9c04ea6c4e3a7b3f?s=96&d=mm&r=g","caption":"Javier Zamora"},"url":"https:\/\/radiolitoral.com\/ca\/author\/javier-zamora\/"}]}},"_links":{"self":[{"href":"https:\/\/radiolitoral.com\/ca\/wp-json\/wp\/v2\/posts\/11642","targetHints":{"allow":["GET"]}}],"collection":[{"href":"https:\/\/radiolitoral.com\/ca\/wp-json\/wp\/v2\/posts"}],"about":[{"href":"https:\/\/radiolitoral.com\/ca\/wp-json\/wp\/v2\/types\/post"}],"author":[{"embeddable":true,"href":"https:\/\/radiolitoral.com\/ca\/wp-json\/wp\/v2\/users\/12"}],"replies":[{"embeddable":true,"href":"https:\/\/radiolitoral.com\/ca\/wp-json\/wp\/v2\/comments?post=11642"}],"version-history":[{"count":2,"href":"https:\/\/radiolitoral.com\/ca\/wp-json\/wp\/v2\/posts\/11642\/revisions"}],"predecessor-version":[{"id":11645,"href":"https:\/\/radiolitoral.com\/ca\/wp-json\/wp\/v2\/posts\/11642\/revisions\/11645"}],"wp:featuredmedia":[{"embeddable":true,"href":"https:\/\/radiolitoral.com\/ca\/wp-json\/wp\/v2\/media\/11643"}],"wp:attachment":[{"href":"https:\/\/radiolitoral.com\/ca\/wp-json\/wp\/v2\/media?parent=11642"}],"wp:term":[{"taxonomy":"category","embeddable":true,"href":"https:\/\/radiolitoral.com\/ca\/wp-json\/wp\/v2\/categories?post=11642"},{"taxonomy":"post_tag","embeddable":true,"href":"https:\/\/radiolitoral.com\/ca\/wp-json\/wp\/v2\/tags?post=11642"}],"curies":[{"name":"wp","href":"https:\/\/api.w.org\/{rel}","templated":true}]}}