{"id":11631,"date":"2024-09-24T10:22:13","date_gmt":"2024-09-24T08:22:13","guid":{"rendered":"https:\/\/radiolitoral.com\/?p=11631"},"modified":"2024-09-24T10:22:13","modified_gmt":"2024-09-24T08:22:13","slug":"francisc-jose-hervas-va-ser-el-ganador-de-la-volta-nedant-al-penyal-difach","status":"publish","type":"post","link":"https:\/\/radiolitoral.com\/ca\/2024\/09\/francisco-jose-hervas-va-ser-el-guanyador-de-la-volta-nadant-al-penyal-difach\/","title":{"rendered":"Francisco Jos\u00e9 Herv\u00e1s va ser el vencedor de la Volta nedant al Penyal d&#039;Ifach"},"content":{"rendered":"<p>El <strong>Reial Club N\u00e0utic Calp<\/strong> va celebrar amb \u00e8xit la X edici\u00f3 de la <strong>Volta nedant al Penyal d&#039;<span class=\"hiddenSpellError\">Ifach<\/span><\/strong>. A primera hora de la matinada, 670 nedadors es van llan\u00e7ar a la mar des de la platja del Cantal Roig per envoltar el majestu\u00f3s i emblem\u00e0tic Penyal d&#039;<span class=\"hiddenSpellError\">Ifach<\/span>, completant un recorregut de 3.800 metres fins a la platja de la Fossa.<\/p>\n<p>El vencedor absolut ser\u00e0\u00a0<strong><span class=\"hiddenSpellError\">Francesc<\/span>\u00a0Josep\u00a0<span class=\"hiddenSpellError\">Herv\u00e1s<\/span><\/strong>\u00a0que va emprar un temps de <strong>49:07<\/strong>. <strong>Jes\u00fas\u00a0<span class=\"hiddenSpellError\">Bergua<\/span><\/strong>, va ser el segon nedador a arribar a meta, amb un registre de <strong>51:00<\/strong>. La tercera pla\u00e7a ser\u00e0 per a <strong>Aaron <span class=\"hiddenSpellError\">Ledesma<\/span><\/strong> amb una marca de\u00a0<strong>51:04<\/strong>.<\/p>\n<figure id=\"attachment_11633\" aria-describedby=\"caption-attachment-11633\" style=\"width: 2000px\" class=\"wp-caption alignnone\"><img loading=\"lazy\" decoding=\"async\" class=\"wp-image-11633 size-full\" src=\"https:\/\/media.radiolitoral.com\/wp-content\/uploads\/2024\/09\/23104529\/Vencedoras-en-el-podio.jpg\" alt=\"\" width=\"2000\" height=\"1345\" srcset=\"https:\/\/media.radiolitoral.com\/wp-content\/uploads\/2024\/09\/23104529\/Vencedoras-en-el-podio.jpg 2000w, https:\/\/media.radiolitoral.com\/wp-content\/uploads\/2024\/09\/23104529\/Vencedoras-en-el-podio-300x202.jpg 300w, https:\/\/media.radiolitoral.com\/wp-content\/uploads\/2024\/09\/23104529\/Vencedoras-en-el-podio-1024x689.jpg 1024w, https:\/\/media.radiolitoral.com\/wp-content\/uploads\/2024\/09\/23104529\/Vencedoras-en-el-podio-768x516.jpg 768w, https:\/\/media.radiolitoral.com\/wp-content\/uploads\/2024\/09\/23104529\/Vencedoras-en-el-podio-1536x1033.jpg 1536w, https:\/\/media.radiolitoral.com\/wp-content\/uploads\/2024\/09\/23104529\/Vencedoras-en-el-podio-18x12.jpg 18w, https:\/\/media.radiolitoral.com\/wp-content\/uploads\/2024\/09\/23104529\/Vencedoras-en-el-podio-1000x673.jpg 1000w, https:\/\/media.radiolitoral.com\/wp-content\/uploads\/2024\/09\/23104529\/Vencedoras-en-el-podio-100x67.jpg 100w, https:\/\/media.radiolitoral.com\/wp-content\/uploads\/2024\/09\/23104529\/Vencedoras-en-el-podio-200x135.jpg 200w\" sizes=\"auto, (max-width: 2000px) 100vw, 2000px\" \/><figcaption id=\"caption-attachment-11633\" class=\"wp-caption-text\">Els millors nedadors al podi | RCN Calp<\/figcaption><\/figure>\n<p>En dons la gran triomfadora va ser,\u00a0<strong><span class=\"hiddenSpellError\">Leyre<\/span>\u00a0<span class=\"hiddenSpellError\">Garcia<\/span><\/strong>\u00a0que va aconseguir la meta despr\u00e9s de nedar <strong>56:05<\/strong>. La segona a arribar ser\u00e0 <strong>Andrea\u00a0<span class=\"hiddenSpellError\">Smycek<\/span><\/strong>\u00a0amb un temps de <strong>58:45<\/strong>. El podi el va completar, <strong>Isabel Moragues<\/strong> que va realitzar una marca de <strong>59:48<\/strong>.<\/p>\n<p>Les condicions per als nedadors no podrien haver estat millors, la mar estava en calma, el cel buidat i la temperatura oscil\u00b7lava entre els 20\u00b0 i 24\u00b0C, creant un ambient id\u00edl\u00b7lic per a tots els participants en aquesta desena edici\u00f3 La jornada va concloure amb l&#039;arribada de la nedadora\u00a0<strong><span class=\"hiddenSpellError\">Evgeniya<\/span>\u00a0<span class=\"hiddenSpellError\">Markov<\/span><\/strong>, qui va completar el recorregut en 2 hores i 8 minuts.<\/p>\n<p>Al llarg de la prova, els nedadors van ser rebuts a la l\u00ednia de meta amb l&#039;animat ritme d&#039;una batucada que, a m\u00e9s d&#039;entretindre els espectadors, va donar l&#039;impuls final a molts participants per aconseguir la meta.<\/p>\n<figure id=\"attachment_11634\" aria-describedby=\"caption-attachment-11634\" style=\"width: 2000px\" class=\"wp-caption alignnone\"><img loading=\"lazy\" decoding=\"async\" class=\"wp-image-11634 size-full\" src=\"https:\/\/media.radiolitoral.com\/wp-content\/uploads\/2024\/09\/23104630\/Nadadores-en-el-mar.jpg\" alt=\"\" width=\"2000\" height=\"1334\" srcset=\"https:\/\/media.radiolitoral.com\/wp-content\/uploads\/2024\/09\/23104630\/Nadadores-en-el-mar.jpg 2000w, https:\/\/media.radiolitoral.com\/wp-content\/uploads\/2024\/09\/23104630\/Nadadores-en-el-mar-300x200.jpg 300w, https:\/\/media.radiolitoral.com\/wp-content\/uploads\/2024\/09\/23104630\/Nadadores-en-el-mar-1024x683.jpg 1024w, https:\/\/media.radiolitoral.com\/wp-content\/uploads\/2024\/09\/23104630\/Nadadores-en-el-mar-768x512.jpg 768w, https:\/\/media.radiolitoral.com\/wp-content\/uploads\/2024\/09\/23104630\/Nadadores-en-el-mar-1536x1025.jpg 1536w, https:\/\/media.radiolitoral.com\/wp-content\/uploads\/2024\/09\/23104630\/Nadadores-en-el-mar-18x12.jpg 18w, https:\/\/media.radiolitoral.com\/wp-content\/uploads\/2024\/09\/23104630\/Nadadores-en-el-mar-1000x667.jpg 1000w, https:\/\/media.radiolitoral.com\/wp-content\/uploads\/2024\/09\/23104630\/Nadadores-en-el-mar-100x67.jpg 100w, https:\/\/media.radiolitoral.com\/wp-content\/uploads\/2024\/09\/23104630\/Nadadores-en-el-mar-200x133.jpg 200w\" sizes=\"auto, (max-width: 2000px) 100vw, 2000px\" \/><figcaption id=\"caption-attachment-11634\" class=\"wp-caption-text\">Nedadors a la mar | RCN Calp<\/figcaption><\/figure>\n<p>El Reial Club N\u00e0utic\u00a0<span class=\"hiddenSpellError\">Calp<\/span>, va expressar el seu m\u00e9s sincer agra\u00efment a tots els nedadors, col\u00b7laboradors i voluntaris que van fer possible aquesta espectacular jornada.<\/p>","protected":false},"excerpt":{"rendered":"<p>El Real Club N\u00e1utico Calpe va celebrar amb \u00e8xit la X edici\u00f3 de la Volta nadant al Penyal d&#8217;Ifach. A primera hora del mat\u00ed, 670 nadadors es van llan\u00e7ar a la mar des de la platja del Cantal Roig per a envoltar el majestu\u00f3s i emblem\u00e0tic Penyal d&#8217;Ifach, completant un recorregut de 3.800 metres fins [&#8230;]<\/p>\n<p><a class=\"btn btn-secondary understrap-read-more-link\" href=\"https:\/\/radiolitoral.com\/ca\/2024\/09\/francisco-jose-hervas-va-ser-el-guanyador-de-la-volta-nadant-al-penyal-difach\/\">Continua llegint&#8230;<span class=\"screen-reader-text\"> from Francisco Jos\u00e9 Herv\u00e1s va ser el guanyador de la Volta nadant al Penyal d&#8217;Ifach<\/span><\/a><\/p>\n","protected":false},"author":12,"featured_media":11632,"comment_status":"open","ping_status":"closed","sticky":false,"template":"","format":"standard","meta":{"_acf_changed":false,"inline_featured_image":false,"footnotes":""},"categories":[5],"tags":[2287,2289,6,2291,2285,2290,2286,2288,1048,2284],"class_list":["post-11631","post","type-post","status-publish","format-standard","has-post-thumbnail","hentry","category-deportes","tag-aaron-ledesma","tag-andrea-smycek","tag-deportes","tag-evgeniya-markov","tag-francisco-jose-hervas","tag-isabel-moragues","tag-jesus-bergua","tag-leyre-garcia","tag-real-club-nautico-calpe","tag-volta-nadant-al-penyal-difach","cobertura-calp"],"acf":[],"yoast_head":"<!-- This site is optimized with the Yoast SEO plugin v27.5 - https:\/\/yoast.com\/product\/yoast-seo-wordpress\/ -->\n<title>Francisco Jos\u00e9 Herv\u00e1s va ser el guanyador de la Volta nadant al Penyal d&#039;Ifach | R\u00e0dio Litoral<\/title>\n<meta name=\"description\" content=\"En dones la vencedora va ser Leyre Garc\u00eda despr\u00e9s de nadar en les millors condicions amb una mar en calma En dones la vencedora va ser Leyre Garc\u00eda despr\u00e9s de nadar en les millors condicions amb una mar en calma\" \/>\n<meta name=\"robots\" content=\"index, follow, max-snippet:-1, max-image-preview:large, max-video-preview:-1\" \/>\n<link rel=\"canonical\" href=\"https:\/\/radiolitoral.com\/ca\/2024\/09\/francisc-jose-hervas-va-ser-el-ganador-de-la-volta-nedant-al-penyal-difach\/\" \/>\n<meta property=\"og:locale\" content=\"ca_ES\" \/>\n<meta property=\"og:type\" content=\"article\" \/>\n<meta property=\"og:title\" content=\"Francisco Jos\u00e9 Herv\u00e1s va ser el guanyador de la Volta nadant al Penyal d&#039;Ifach | R\u00e0dio Litoral\" \/>\n<meta property=\"og:description\" content=\"En dones la vencedora va ser Leyre Garc\u00eda despr\u00e9s de nadar en les millors condicions amb una mar en calma En dones la vencedora va ser Leyre Garc\u00eda despr\u00e9s de nadar en les millors condicions amb una mar en calma\" \/>\n<meta property=\"og:url\" content=\"https:\/\/radiolitoral.com\/ca\/2024\/09\/francisc-jose-hervas-va-ser-el-ganador-de-la-volta-nedant-al-penyal-difach\/\" \/>\n<meta property=\"og:site_name\" content=\"R\u00e0dio Litoral\" \/>\n<meta property=\"article:publisher\" content=\"https:\/\/www.facebook.com\/Laradiolitoral\/\" \/>\n<meta property=\"article:published_time\" content=\"2024-09-24T08:22:13+00:00\" \/>\n<meta property=\"og:image\" content=\"https:\/\/media.radiolitoral.com\/wp-content\/uploads\/2024\/09\/23103447\/Ganador-en-el-podio.jpg\" \/>\n\t<meta property=\"og:image:width\" content=\"2000\" \/>\n\t<meta property=\"og:image:height\" content=\"1334\" \/>\n\t<meta property=\"og:image:type\" content=\"image\/jpeg\" \/>\n<meta name=\"author\" content=\"Javier Zamora\" \/>\n<meta name=\"twitter:card\" content=\"summary_large_image\" \/>\n<meta name=\"twitter:label1\" content=\"Escrit per\" \/>\n\t<meta name=\"twitter:data1\" content=\"Javier Zamora\" \/>\n\t<meta name=\"twitter:label2\" content=\"Temps estimat de lectura\" \/>\n\t<meta name=\"twitter:data2\" content=\"3 minuts\" \/>\n<script type=\"application\/ld+json\" class=\"yoast-schema-graph\">{\"@context\":\"https:\\\/\\\/schema.org\",\"@graph\":[{\"@type\":\"NewsArticle\",\"@id\":\"https:\\\/\\\/radiolitoral.com\\\/2024\\\/09\\\/francisco-jose-hervas-va-ser-el-guanyador-de-la-volta-nadant-al-penyal-difach\\\/#article\",\"isPartOf\":{\"@id\":\"https:\\\/\\\/radiolitoral.com\\\/2024\\\/09\\\/francisco-jose-hervas-va-ser-el-guanyador-de-la-volta-nadant-al-penyal-difach\\\/\"},\"author\":{\"name\":\"Javier Zamora\",\"@id\":\"https:\\\/\\\/radiolitoral.com\\\/#\\\/schema\\\/person\\\/7b1480b5caeb5acdd4ec6379caf62b22\"},\"headline\":\"Francisco Jos\u00e9 Herv\u00e1s va ser el guanyador de la Volta nadant al Penyal d&#8217;Ifach\",\"datePublished\":\"2024-09-24T08:22:13+00:00\",\"mainEntityOfPage\":{\"@id\":\"https:\\\/\\\/radiolitoral.com\\\/2024\\\/09\\\/francisco-jose-hervas-va-ser-el-guanyador-de-la-volta-nadant-al-penyal-difach\\\/\"},\"wordCount\":336,\"commentCount\":0,\"publisher\":{\"@id\":\"https:\\\/\\\/radiolitoral.com\\\/#organization\"},\"image\":{\"@id\":\"https:\\\/\\\/radiolitoral.com\\\/2024\\\/09\\\/francisco-jose-hervas-va-ser-el-guanyador-de-la-volta-nadant-al-penyal-difach\\\/#primaryimage\"},\"thumbnailUrl\":\"https:\\\/\\\/media.radiolitoral.com\\\/wp-content\\\/uploads\\\/2024\\\/09\\\/23103447\\\/Ganador-en-el-podio.jpg\",\"keywords\":[\"Aar\u00f3n Ledesma\",\"Andrea\u00a0Smycek\",\"deportes\",\"Evgeniya\u00a0Markov\",\"Francisco\u00a0Jos\u00e9\u00a0Herv\u00e1s\",\"Isabel Moragues\",\"Jes\u00fas\u00a0Bergua\",\"Leyre\u00a0Garc\u00eda\",\"Real Club N\u00e1utico Calpe\",\"Volta nadant al Penyal d'Ifach\"],\"articleSection\":[\"Deportes\"],\"inLanguage\":\"ca\",\"potentialAction\":[{\"@type\":\"CommentAction\",\"name\":\"Comment\",\"target\":[\"https:\\\/\\\/radiolitoral.com\\\/2024\\\/09\\\/francisco-jose-hervas-va-ser-el-guanyador-de-la-volta-nadant-al-penyal-difach\\\/#respond\"]}]},{\"@type\":[\"WebPage\",\"ItemPage\"],\"@id\":\"https:\\\/\\\/radiolitoral.com\\\/2024\\\/09\\\/francisco-jose-hervas-va-ser-el-guanyador-de-la-volta-nadant-al-penyal-difach\\\/\",\"url\":\"https:\\\/\\\/radiolitoral.com\\\/2024\\\/09\\\/francisco-jose-hervas-va-ser-el-guanyador-de-la-volta-nadant-al-penyal-difach\\\/\",\"name\":\"Francisco Jos\u00e9 Herv\u00e1s va ser el guanyador de la Volta nadant al Penyal d'Ifach | R\u00e0dio Litoral\",\"isPartOf\":{\"@id\":\"https:\\\/\\\/radiolitoral.com\\\/#website\"},\"primaryImageOfPage\":{\"@id\":\"https:\\\/\\\/radiolitoral.com\\\/2024\\\/09\\\/francisco-jose-hervas-va-ser-el-guanyador-de-la-volta-nadant-al-penyal-difach\\\/#primaryimage\"},\"image\":{\"@id\":\"https:\\\/\\\/radiolitoral.com\\\/2024\\\/09\\\/francisco-jose-hervas-va-ser-el-guanyador-de-la-volta-nadant-al-penyal-difach\\\/#primaryimage\"},\"thumbnailUrl\":\"https:\\\/\\\/media.radiolitoral.com\\\/wp-content\\\/uploads\\\/2024\\\/09\\\/23103447\\\/Ganador-en-el-podio.jpg\",\"datePublished\":\"2024-09-24T08:22:13+00:00\",\"description\":\"En dones la vencedora va ser Leyre Garc\u00eda despr\u00e9s de nadar en les millors condicions amb una mar en calma En dones la vencedora va ser Leyre Garc\u00eda despr\u00e9s de nadar en les millors condicions amb una mar en calma\",\"breadcrumb\":{\"@id\":\"https:\\\/\\\/radiolitoral.com\\\/2024\\\/09\\\/francisco-jose-hervas-va-ser-el-guanyador-de-la-volta-nadant-al-penyal-difach\\\/#breadcrumb\"},\"inLanguage\":\"ca\",\"potentialAction\":[{\"@type\":\"ReadAction\",\"target\":[\"https:\\\/\\\/radiolitoral.com\\\/2024\\\/09\\\/francisco-jose-hervas-va-ser-el-guanyador-de-la-volta-nadant-al-penyal-difach\\\/\"]}]},{\"@type\":\"ImageObject\",\"inLanguage\":\"ca\",\"@id\":\"https:\\\/\\\/radiolitoral.com\\\/2024\\\/09\\\/francisco-jose-hervas-va-ser-el-guanyador-de-la-volta-nadant-al-penyal-difach\\\/#primaryimage\",\"url\":\"https:\\\/\\\/media.radiolitoral.com\\\/wp-content\\\/uploads\\\/2024\\\/09\\\/23103447\\\/Ganador-en-el-podio.jpg\",\"contentUrl\":\"https:\\\/\\\/media.radiolitoral.com\\\/wp-content\\\/uploads\\\/2024\\\/09\\\/23103447\\\/Ganador-en-el-podio.jpg\",\"width\":2000,\"height\":1334},{\"@type\":\"BreadcrumbList\",\"@id\":\"https:\\\/\\\/radiolitoral.com\\\/2024\\\/09\\\/francisco-jose-hervas-va-ser-el-guanyador-de-la-volta-nadant-al-penyal-difach\\\/#breadcrumb\",\"itemListElement\":[{\"@type\":\"ListItem\",\"position\":1,\"name\":\"Portada\",\"item\":\"https:\\\/\\\/radiolitoral.com\\\/\"},{\"@type\":\"ListItem\",\"position\":2,\"name\":\"Francisco Jos\u00e9 Herv\u00e1s va ser el guanyador de la Volta nadant al Penyal d&#8217;Ifach\"}]},{\"@type\":\"WebSite\",\"@id\":\"https:\\\/\\\/radiolitoral.com\\\/#website\",\"url\":\"https:\\\/\\\/radiolitoral.com\\\/\",\"name\":\"Radio Litoral\",\"description\":\"La radio local de la Marina Alta\",\"publisher\":{\"@id\":\"https:\\\/\\\/radiolitoral.com\\\/#organization\"},\"alternateName\":\"Litoral FM\",\"potentialAction\":[{\"@type\":\"SearchAction\",\"target\":{\"@type\":\"EntryPoint\",\"urlTemplate\":\"https:\\\/\\\/radiolitoral.com\\\/?s={search_term_string}\"},\"query-input\":{\"@type\":\"PropertyValueSpecification\",\"valueRequired\":true,\"valueName\":\"search_term_string\"}}],\"inLanguage\":\"ca\"},{\"@type\":\"Organization\",\"@id\":\"https:\\\/\\\/radiolitoral.com\\\/#organization\",\"name\":\"Radio Litoral\",\"url\":\"https:\\\/\\\/radiolitoral.com\\\/\",\"logo\":{\"@type\":\"ImageObject\",\"inLanguage\":\"ca\",\"@id\":\"https:\\\/\\\/radiolitoral.com\\\/#\\\/schema\\\/logo\\\/image\\\/\",\"url\":\"https:\\\/\\\/media.radiolitoral.com\\\/wp-content\\\/uploads\\\/2023\\\/02\\\/24143238\\\/CL-V-RadioLitoral696.png\",\"contentUrl\":\"https:\\\/\\\/media.radiolitoral.com\\\/wp-content\\\/uploads\\\/2023\\\/02\\\/24143238\\\/CL-V-RadioLitoral696.png\",\"width\":696,\"height\":696,\"caption\":\"Radio Litoral\"},\"image\":{\"@id\":\"https:\\\/\\\/radiolitoral.com\\\/#\\\/schema\\\/logo\\\/image\\\/\"},\"sameAs\":[\"https:\\\/\\\/www.facebook.com\\\/Laradiolitoral\\\/\"]},{\"@type\":\"Person\",\"@id\":\"https:\\\/\\\/radiolitoral.com\\\/#\\\/schema\\\/person\\\/7b1480b5caeb5acdd4ec6379caf62b22\",\"name\":\"Javier Zamora\",\"image\":{\"@type\":\"ImageObject\",\"inLanguage\":\"ca\",\"@id\":\"https:\\\/\\\/secure.gravatar.com\\\/avatar\\\/467a11f6918c7d619c4043fc6fa2d3853053107973f05b6e9c04ea6c4e3a7b3f?s=96&d=mm&r=g\",\"url\":\"https:\\\/\\\/secure.gravatar.com\\\/avatar\\\/467a11f6918c7d619c4043fc6fa2d3853053107973f05b6e9c04ea6c4e3a7b3f?s=96&d=mm&r=g\",\"contentUrl\":\"https:\\\/\\\/secure.gravatar.com\\\/avatar\\\/467a11f6918c7d619c4043fc6fa2d3853053107973f05b6e9c04ea6c4e3a7b3f?s=96&d=mm&r=g\",\"caption\":\"Javier Zamora\"},\"url\":\"https:\\\/\\\/radiolitoral.com\\\/ca\\\/author\\\/javier-zamora\\\/\"}]}<\/script>\n<!-- \/ Yoast SEO plugin. -->","yoast_head_json":{"title":"Francisco Jos\u00e9 Herv\u00e1s va ser el ganador de la Volta nedant al Penyal d&#039;Ifach | R\u00e0dio Litoral","description":"En dons la vencedora va ser Leyre Garc\u00eda despr\u00e9s de nedar en les millors condicions amb una mar en calma En dons la vencedora va ser Leyre Garc\u00eda despr\u00e9s de nedar en les millors condicions amb una mar en calma","robots":{"index":"index","follow":"follow","max-snippet":"max-snippet:-1","max-image-preview":"max-image-preview:large","max-video-preview":"max-video-preview:-1"},"canonical":"https:\/\/radiolitoral.com\/ca\/2024\/09\/francisc-jose-hervas-va-ser-el-ganador-de-la-volta-nedant-al-penyal-difach\/","og_locale":"ca_ES","og_type":"article","og_title":"Francisco Jos\u00e9 Herv\u00e1s va ser el guanyador de la Volta nadant al Penyal d'Ifach | R\u00e0dio Litoral","og_description":"En dones la vencedora va ser Leyre Garc\u00eda despr\u00e9s de nadar en les millors condicions amb una mar en calma En dones la vencedora va ser Leyre Garc\u00eda despr\u00e9s de nadar en les millors condicions amb una mar en calma","og_url":"https:\/\/radiolitoral.com\/ca\/2024\/09\/francisc-jose-hervas-va-ser-el-ganador-de-la-volta-nedant-al-penyal-difach\/","og_site_name":"R\u00e0dio Litoral","article_publisher":"https:\/\/www.facebook.com\/Laradiolitoral\/","article_published_time":"2024-09-24T08:22:13+00:00","og_image":[{"width":2000,"height":1334,"url":"https:\/\/media.radiolitoral.com\/wp-content\/uploads\/2024\/09\/23103447\/Ganador-en-el-podio.jpg","type":"image\/jpeg"}],"author":"Javier Zamora","twitter_card":"summary_large_image","twitter_misc":{"Escrit per":"Javier Zamora","Temps estimat de lectura":"3 minuts"},"schema":{"@context":"https:\/\/schema.org","@graph":[{"@type":"NewsArticle","@id":"https:\/\/radiolitoral.com\/2024\/09\/francisco-jose-hervas-va-ser-el-guanyador-de-la-volta-nadant-al-penyal-difach\/#article","isPartOf":{"@id":"https:\/\/radiolitoral.com\/2024\/09\/francisco-jose-hervas-va-ser-el-guanyador-de-la-volta-nadant-al-penyal-difach\/"},"author":{"name":"Javier Zamora","@id":"https:\/\/radiolitoral.com\/#\/schema\/person\/7b1480b5caeb5acdd4ec6379caf62b22"},"headline":"Francisco Jos\u00e9 Herv\u00e1s va ser el guanyador de la Volta nadant al Penyal d&#8217;Ifach","datePublished":"2024-09-24T08:22:13+00:00","mainEntityOfPage":{"@id":"https:\/\/radiolitoral.com\/2024\/09\/francisco-jose-hervas-va-ser-el-guanyador-de-la-volta-nadant-al-penyal-difach\/"},"wordCount":336,"commentCount":0,"publisher":{"@id":"https:\/\/radiolitoral.com\/#organization"},"image":{"@id":"https:\/\/radiolitoral.com\/2024\/09\/francisco-jose-hervas-va-ser-el-guanyador-de-la-volta-nadant-al-penyal-difach\/#primaryimage"},"thumbnailUrl":"https:\/\/media.radiolitoral.com\/wp-content\/uploads\/2024\/09\/23103447\/Ganador-en-el-podio.jpg","keywords":["Aar\u00f3n Ledesma","Andrea\u00a0Smycek","deportes","Evgeniya\u00a0Markov","Francisco\u00a0Jos\u00e9\u00a0Herv\u00e1s","Isabel Moragues","Jes\u00fas\u00a0Bergua","Leyre\u00a0Garc\u00eda","Real Club N\u00e1utico Calpe","Volta nadant al Penyal d'Ifach"],"articleSection":["Deportes"],"inLanguage":"ca","potentialAction":[{"@type":"CommentAction","name":"Comment","target":["https:\/\/radiolitoral.com\/2024\/09\/francisco-jose-hervas-va-ser-el-guanyador-de-la-volta-nadant-al-penyal-difach\/#respond"]}]},{"@type":["WebPage","ItemPage"],"@id":"https:\/\/radiolitoral.com\/2024\/09\/francisco-jose-hervas-va-ser-el-guanyador-de-la-volta-nadant-al-penyal-difach\/","url":"https:\/\/radiolitoral.com\/2024\/09\/francisco-jose-hervas-va-ser-el-guanyador-de-la-volta-nadant-al-penyal-difach\/","name":"Francisco Jos\u00e9 Herv\u00e1s va ser el ganador de la Volta nedant al Penyal d&#039;Ifach | R\u00e0dio Litoral","isPartOf":{"@id":"https:\/\/radiolitoral.com\/#website"},"primaryImageOfPage":{"@id":"https:\/\/radiolitoral.com\/2024\/09\/francisco-jose-hervas-va-ser-el-guanyador-de-la-volta-nadant-al-penyal-difach\/#primaryimage"},"image":{"@id":"https:\/\/radiolitoral.com\/2024\/09\/francisco-jose-hervas-va-ser-el-guanyador-de-la-volta-nadant-al-penyal-difach\/#primaryimage"},"thumbnailUrl":"https:\/\/media.radiolitoral.com\/wp-content\/uploads\/2024\/09\/23103447\/Ganador-en-el-podio.jpg","datePublished":"2024-09-24T08:22:13+00:00","description":"En dons la vencedora va ser Leyre Garc\u00eda despr\u00e9s de nedar en les millors condicions amb una mar en calma En dons la vencedora va ser Leyre Garc\u00eda despr\u00e9s de nedar en les millors condicions amb una mar en calma","breadcrumb":{"@id":"https:\/\/radiolitoral.com\/2024\/09\/francisco-jose-hervas-va-ser-el-guanyador-de-la-volta-nadant-al-penyal-difach\/#breadcrumb"},"inLanguage":"ca","potentialAction":[{"@type":"ReadAction","target":["https:\/\/radiolitoral.com\/2024\/09\/francisco-jose-hervas-va-ser-el-guanyador-de-la-volta-nadant-al-penyal-difach\/"]}]},{"@type":"ImageObject","inLanguage":"ca","@id":"https:\/\/radiolitoral.com\/2024\/09\/francisco-jose-hervas-va-ser-el-guanyador-de-la-volta-nadant-al-penyal-difach\/#primaryimage","url":"https:\/\/media.radiolitoral.com\/wp-content\/uploads\/2024\/09\/23103447\/Ganador-en-el-podio.jpg","contentUrl":"https:\/\/media.radiolitoral.com\/wp-content\/uploads\/2024\/09\/23103447\/Ganador-en-el-podio.jpg","width":2000,"height":1334},{"@type":"BreadcrumbList","@id":"https:\/\/radiolitoral.com\/2024\/09\/francisco-jose-hervas-va-ser-el-guanyador-de-la-volta-nadant-al-penyal-difach\/#breadcrumb","itemListElement":[{"@type":"ListItem","position":1,"name":"Portada","item":"https:\/\/radiolitoral.com\/"},{"@type":"ListItem","position":2,"name":"Francisco Jos\u00e9 Herv\u00e1s va ser el guanyador de la Volta nadant al Penyal d&#8217;Ifach"}]},{"@type":"WebSite","@id":"https:\/\/radiolitoral.com\/#website","url":"https:\/\/radiolitoral.com\/","name":"R\u00e0dio Litoral","description":"La r\u00e0dio local de la Marina Alta","publisher":{"@id":"https:\/\/radiolitoral.com\/#organization"},"alternateName":"Litoral FM","potentialAction":[{"@type":"SearchAction","target":{"@type":"EntryPoint","urlTemplate":"https:\/\/radiolitoral.com\/?s={search_term_string}"},"query-input":{"@type":"PropertyValueSpecification","valueRequired":true,"valueName":"search_term_string"}}],"inLanguage":"ca"},{"@type":"Organization","@id":"https:\/\/radiolitoral.com\/#organization","name":"R\u00e0dio Litoral","url":"https:\/\/radiolitoral.com\/","logo":{"@type":"ImageObject","inLanguage":"ca","@id":"https:\/\/radiolitoral.com\/#\/schema\/logo\/image\/","url":"https:\/\/media.radiolitoral.com\/wp-content\/uploads\/2023\/02\/24143238\/CL-V-RadioLitoral696.png","contentUrl":"https:\/\/media.radiolitoral.com\/wp-content\/uploads\/2023\/02\/24143238\/CL-V-RadioLitoral696.png","width":696,"height":696,"caption":"Radio Litoral"},"image":{"@id":"https:\/\/radiolitoral.com\/#\/schema\/logo\/image\/"},"sameAs":["https:\/\/www.facebook.com\/Laradiolitoral\/"]},{"@type":"Person","@id":"https:\/\/radiolitoral.com\/#\/schema\/person\/7b1480b5caeb5acdd4ec6379caf62b22","name":"Javier Zamora","image":{"@type":"ImageObject","inLanguage":"ca","@id":"https:\/\/secure.gravatar.com\/avatar\/467a11f6918c7d619c4043fc6fa2d3853053107973f05b6e9c04ea6c4e3a7b3f?s=96&d=mm&r=g","url":"https:\/\/secure.gravatar.com\/avatar\/467a11f6918c7d619c4043fc6fa2d3853053107973f05b6e9c04ea6c4e3a7b3f?s=96&d=mm&r=g","contentUrl":"https:\/\/secure.gravatar.com\/avatar\/467a11f6918c7d619c4043fc6fa2d3853053107973f05b6e9c04ea6c4e3a7b3f?s=96&d=mm&r=g","caption":"Javier Zamora"},"url":"https:\/\/radiolitoral.com\/ca\/author\/javier-zamora\/"}]}},"_links":{"self":[{"href":"https:\/\/radiolitoral.com\/ca\/wp-json\/wp\/v2\/posts\/11631","targetHints":{"allow":["GET"]}}],"collection":[{"href":"https:\/\/radiolitoral.com\/ca\/wp-json\/wp\/v2\/posts"}],"about":[{"href":"https:\/\/radiolitoral.com\/ca\/wp-json\/wp\/v2\/types\/post"}],"author":[{"embeddable":true,"href":"https:\/\/radiolitoral.com\/ca\/wp-json\/wp\/v2\/users\/12"}],"replies":[{"embeddable":true,"href":"https:\/\/radiolitoral.com\/ca\/wp-json\/wp\/v2\/comments?post=11631"}],"version-history":[{"count":2,"href":"https:\/\/radiolitoral.com\/ca\/wp-json\/wp\/v2\/posts\/11631\/revisions"}],"predecessor-version":[{"id":11636,"href":"https:\/\/radiolitoral.com\/ca\/wp-json\/wp\/v2\/posts\/11631\/revisions\/11636"}],"wp:featuredmedia":[{"embeddable":true,"href":"https:\/\/radiolitoral.com\/ca\/wp-json\/wp\/v2\/media\/11632"}],"wp:attachment":[{"href":"https:\/\/radiolitoral.com\/ca\/wp-json\/wp\/v2\/media?parent=11631"}],"wp:term":[{"taxonomy":"category","embeddable":true,"href":"https:\/\/radiolitoral.com\/ca\/wp-json\/wp\/v2\/categories?post=11631"},{"taxonomy":"post_tag","embeddable":true,"href":"https:\/\/radiolitoral.com\/ca\/wp-json\/wp\/v2\/tags?post=11631"}],"curies":[{"name":"wp","href":"https:\/\/api.w.org\/{rel}","templated":true}]}}