{"id":11619,"date":"2024-09-23T00:03:39","date_gmt":"2024-09-22T22:03:39","guid":{"rendered":"https:\/\/radiolitoral.com\/?p=11619"},"modified":"2024-09-23T00:03:39","modified_gmt":"2024-09-22T22:03:39","slug":"golejada-del-cd-javea-a-casa-del-benferri-cf-2-5","status":"publish","type":"post","link":"https:\/\/radiolitoral.com\/ca\/2024\/09\/golejada-del-cd-javea-a-casa-del-benferri-cf-2-5\/","title":{"rendered":"Golejada del CD X\u00e0bia a casa del Benferri CF (2-5)"},"content":{"rendered":"<p>Important vict\u00f2ria aconseguida pel <strong>CD\u00a0<span class=\"hiddenSpellError\">X\u00e0bia<\/span><\/strong>\u00a0en la seva visita al feu del <strong>Benferri CF<\/strong> per <strong>2 a 5<\/strong>. Aquest partit va estar marcat pel joc ofensiu mostrat per totes dues escuadres. Els locals van comen\u00e7ar amb bon piule amb el punt de Serrano al minut 21. La reacci\u00f3 visitant va ser bona ia poc a poc el combinat que dirigeix\u00a0<strong><span class=\"hiddenSpellError\">Juliol<\/span>\u00a0Ivorra<\/strong> va arribant amb perill sobre la porteria rival. El Benferri CF va assestar un altre cop dur al minut 40 en marcar\u00a0<span class=\"hiddenSpellError\">Camil<\/span>\u00a0el 2 a 0.<\/p>\n<p>Els \u00faltims minuts abans del descans van ser de locura, Cabo va\u00a0<span class=\"hiddenSuggestion\" style=\"padding-bottom: 2px; background-image: url('..\/..\/..\/..\/..\/images\/squiggle_green.png'); background-repeat: repeat-x; background-position: left bottom; vertical-align: text-top; cursor: default; color: #565353; font-family: Arial, Helvetica, Verdana, sans-serif; font-size: 18px; font-style: normal; font-variant-ligatures: normal; font-variant-caps: normal; font-weight: 400; letter-spacing: normal; orphans: 2; text-align: start; text-indent: 0px; text-transform: none; widows: 2; word-spacing: 0px; -webkit-text-stroke-width: 0px; white-space: normal; background-color: #ffffff; text-decoration-thickness: initial; text-decoration-style: initial; text-decoration-color: initial;\">aconseguir<\/span>\u00a0l&#039;1 a 2 i instants despr\u00e9s,\u00a0<span class=\"hiddenSpellError\">Marcilla<\/span>\u00a0va aconseguir l&#039;empat amb qu\u00e8 es va aconseguir el descans.<\/p>\n<p>A la segona meitat els visitants es van mostrar m\u00e9s ofensius i Cabo va avan\u00e7ar els blanc-i-vermells al quart d&#039;hora. Els jugadors de\u00a0<span class=\"hiddenSpellError\">Juliol<\/span>\u00a0Ivorra no tindran dubtes i seguiran amb la seva pressi\u00f3 alta. Al minut 67, Cabo va marcar el 2 a 4, tercer a la seva compte particular.<\/p>\n<p>El festival golejador dels visitants el va tancar\u00a0<span class=\"hiddenSpellError\">Tom\u00e0s<\/span>, jugador que s&#039;ha incorporat fa pocs dies a la disciplina\u00a0<span class=\"hiddenSpellError\">xabiera<\/span>.<br \/>\nGran triomf del CD X\u00e0bia que ha de servir per donar molta confian\u00e7a a la plantilla a veure&#039;s a la part alta de la classificaci\u00f3.<\/p>\n<p><strong>Partit sense gols per al Pego CF<\/strong><\/p>\n<p>Partit sense gols el disputat a la Pur\u00edssima entre un <strong>CDS Ontinyent<\/strong> que continua imbatut i un <strong>Pego CF<\/strong> que va buscar el seu primer triomf, per\u00f2 que no va ser capa\u00e7 de superar els de Rafa\u00a0<span class=\"hiddenSpellError\">Cebrian<\/span>, que van estar molt plantats al terreny de joc.<\/p>\n<p>Un partit que va tenir al seu inici un Pego CF, que buscava sorprendre una defensa ontinyentina molt plantada. Amb un\u00a0<span class=\"hiddenSpellError\">Andoni<\/span>\u00a0expeditiu a cada jugada de perill, als de\u00a0<span class=\"hiddenSpellError\">Cebrian<\/span>\u00a0els ha costat enlla\u00e7ar jugades de perill, els millors eixint dels peus de Ricard. No obstant\u00a0<span class=\"hiddenGrammarError\" style=\"padding-bottom: 2px; background-image: url('..\/..\/..\/..\/..\/images\/squiggle.png'); background-repeat: repeat-x; background-position: left bottom; vertical-align: text-top; cursor: default; color: #565353; font-family: Arial, Helvetica, Verdana, sans-serif; font-size: 18px; font-style: normal; font-variant-ligatures: normal; font-variant-caps: normal; font-weight: 400; letter-spacing: normal; orphans: 2; text-align: start; text-indent: 0px; text-transform: none; widows: 2; word-spacing: 0px; -webkit-text-stroke-width: 0px; white-space: normal; background-color: #ffffff; text-decoration-thickness: initial; text-decoration-style: initial; text-decoration-color: initial;\">aix\u00f2<\/span>\u00a0eren els visitants els qui ficaven m\u00e9s a prova els porters, mostrant-se segur\u00a0<span class=\"hiddenSpellError\">Josemi<\/span>\u00a0en tot moment, el que va portar els jugadors al descans amb l&#039;empat\u00a0<span class=\"hiddenGrammarError\" style=\"padding-bottom: 2px; background-image: url('..\/..\/..\/..\/..\/images\/squiggle.png'); background-repeat: repeat-x; background-position: left bottom; vertical-align: text-top; cursor: default; color: #565353; font-family: Arial, Helvetica, Verdana, sans-serif; font-size: 18px; font-style: normal; font-variant-ligatures: normal; font-variant-caps: normal; font-weight: 400; letter-spacing: normal; orphans: 2; text-align: start; text-indent: 0px; text-transform: none; widows: 2; word-spacing: 0px; -webkit-text-stroke-width: 0px; white-space: normal; background-color: #ffffff; text-decoration-thickness: initial; text-decoration-style: initial; text-decoration-color: initial;\">inicial<\/span><\/p>\n<p>L&#039;CDS Ontinyent tornava a la represa amb la intenci\u00f3 d&#039;obrir la batega, per\u00f2 les substitucions del t\u00e8cnic aieloner no trobaven la resposta desitjada. Amb el pas dels minuts el Pego CF volia tamb\u00e9\u00a0<span class=\"hiddenSuggestion\">eix<\/span>\u00a0gol que els don\u00e9s els tres punts, per\u00f2 cap dels dos equips aconseguia el seu objectiu i aquest tercer partit de lliga acabava amb el 0-0 en qu\u00e8 havia comen\u00e7at.<\/p>","protected":false},"excerpt":{"rendered":"<p>Important vict\u00f2ria aconseguida pel CD\u00a0J\u00e1vea\u00a0en la seua visita al feu del Benferri CF per 2 a 5. Este partit va estar marcat pel joc ofensiu mostrat per totes dos esquadres. Els locals van comen\u00e7ar amb bon piule amb el punt de Serrano en el minut 21. La reacci\u00f3 visitant va ser bona i a poc [&#8230;]<\/p>\n<p><a class=\"btn btn-secondary understrap-read-more-link\" href=\"https:\/\/radiolitoral.com\/ca\/2024\/09\/golejada-del-cd-javea-a-casa-del-benferri-cf-2-5\/\">Continua llegint&#8230;<span class=\"screen-reader-text\"> from Golejada del CD J\u00e1vea a casa del Benferri CF (2-5)<\/span><\/a><\/p>\n","protected":false},"author":12,"featured_media":11620,"comment_status":"open","ping_status":"closed","sticky":false,"template":"","format":"standard","meta":{"_acf_changed":false,"inline_featured_image":false,"footnotes":""},"categories":[5],"tags":[2279,1332,2280,6,1503,1984],"class_list":["post-11619","post","type-post","status-publish","format-standard","has-post-thumbnail","hentry","category-deportes","tag-benferri-cf","tag-cd-javea","tag-cds-ontinyent","tag-deportes","tag-julio-ivorra","tag-pego-cf","cobertura-xabia"],"acf":[],"yoast_head":"<!-- This site is optimized with the Yoast SEO plugin v27.5 - https:\/\/yoast.com\/product\/yoast-seo-wordpress\/ -->\n<title>Golejada del CD J\u00e1vea a casa del Benferri CF (2-5) | R\u00e0dio Litoral<\/title>\n<meta name=\"description\" content=\"El Pego CF va tornar d&#039;Ontinyent amb un empat a zero en un partit sense massa ocasions de gol\" \/>\n<meta name=\"robots\" content=\"index, follow, max-snippet:-1, max-image-preview:large, max-video-preview:-1\" \/>\n<link rel=\"canonical\" href=\"https:\/\/radiolitoral.com\/ca\/2024\/09\/golejada-del-cd-javea-a-casa-del-benferri-cf-2-5\/\" \/>\n<meta property=\"og:locale\" content=\"ca_ES\" \/>\n<meta property=\"og:type\" content=\"article\" \/>\n<meta property=\"og:title\" content=\"Golejada del CD J\u00e1vea a casa del Benferri CF (2-5) | R\u00e0dio Litoral\" \/>\n<meta property=\"og:description\" content=\"El Pego CF va tornar d&#039;Ontinyent amb un empat a zero en un partit sense massa ocasions de gol\" \/>\n<meta property=\"og:url\" content=\"https:\/\/radiolitoral.com\/ca\/2024\/09\/golejada-del-cd-javea-a-casa-del-benferri-cf-2-5\/\" \/>\n<meta property=\"og:site_name\" content=\"R\u00e0dio Litoral\" \/>\n<meta property=\"article:publisher\" content=\"https:\/\/www.facebook.com\/Laradiolitoral\/\" \/>\n<meta property=\"article:published_time\" content=\"2024-09-22T22:03:39+00:00\" \/>\n<meta property=\"og:image\" content=\"https:\/\/media.radiolitoral.com\/wp-content\/uploads\/2024\/09\/22211636\/Tomas-tras-el-partido-ante-el-Benferri-CF.jpg\" \/>\n\t<meta property=\"og:image:width\" content=\"900\" \/>\n\t<meta property=\"og:image:height\" content=\"554\" \/>\n\t<meta property=\"og:image:type\" content=\"image\/jpeg\" \/>\n<meta name=\"author\" content=\"Javier Zamora\" \/>\n<meta name=\"twitter:card\" content=\"summary_large_image\" \/>\n<meta name=\"twitter:label1\" content=\"Escrit per\" \/>\n\t<meta name=\"twitter:data1\" content=\"Javier Zamora\" \/>\n\t<meta name=\"twitter:label2\" content=\"Temps estimat de lectura\" \/>\n\t<meta name=\"twitter:data2\" content=\"3 minuts\" \/>\n<script type=\"application\/ld+json\" class=\"yoast-schema-graph\">{\"@context\":\"https:\\\/\\\/schema.org\",\"@graph\":[{\"@type\":\"NewsArticle\",\"@id\":\"https:\\\/\\\/radiolitoral.com\\\/2024\\\/09\\\/golejada-del-cd-javea-a-casa-del-benferri-cf-2-5\\\/#article\",\"isPartOf\":{\"@id\":\"https:\\\/\\\/radiolitoral.com\\\/2024\\\/09\\\/golejada-del-cd-javea-a-casa-del-benferri-cf-2-5\\\/\"},\"author\":{\"name\":\"Javier Zamora\",\"@id\":\"https:\\\/\\\/radiolitoral.com\\\/#\\\/schema\\\/person\\\/7b1480b5caeb5acdd4ec6379caf62b22\"},\"headline\":\"Golejada del CD J\u00e1vea a casa del Benferri CF (2-5)\",\"datePublished\":\"2024-09-22T22:03:39+00:00\",\"mainEntityOfPage\":{\"@id\":\"https:\\\/\\\/radiolitoral.com\\\/2024\\\/09\\\/golejada-del-cd-javea-a-casa-del-benferri-cf-2-5\\\/\"},\"wordCount\":444,\"commentCount\":0,\"publisher\":{\"@id\":\"https:\\\/\\\/radiolitoral.com\\\/#organization\"},\"image\":{\"@id\":\"https:\\\/\\\/radiolitoral.com\\\/2024\\\/09\\\/golejada-del-cd-javea-a-casa-del-benferri-cf-2-5\\\/#primaryimage\"},\"thumbnailUrl\":\"https:\\\/\\\/media.radiolitoral.com\\\/wp-content\\\/uploads\\\/2024\\\/09\\\/22211636\\\/Tomas-tras-el-partido-ante-el-Benferri-CF.jpg\",\"keywords\":[\"Benferri CF\",\"CD J\u00e1vea\",\"CDS Ontinyent\",\"deportes\",\"Julio Ivorra\",\"Pego CF\"],\"articleSection\":[\"Deportes\"],\"inLanguage\":\"ca\",\"potentialAction\":[{\"@type\":\"CommentAction\",\"name\":\"Comment\",\"target\":[\"https:\\\/\\\/radiolitoral.com\\\/2024\\\/09\\\/golejada-del-cd-javea-a-casa-del-benferri-cf-2-5\\\/#respond\"]}]},{\"@type\":[\"WebPage\",\"ItemPage\"],\"@id\":\"https:\\\/\\\/radiolitoral.com\\\/2024\\\/09\\\/golejada-del-cd-javea-a-casa-del-benferri-cf-2-5\\\/\",\"url\":\"https:\\\/\\\/radiolitoral.com\\\/2024\\\/09\\\/golejada-del-cd-javea-a-casa-del-benferri-cf-2-5\\\/\",\"name\":\"Golejada del CD J\u00e1vea a casa del Benferri CF (2-5) | R\u00e0dio Litoral\",\"isPartOf\":{\"@id\":\"https:\\\/\\\/radiolitoral.com\\\/#website\"},\"primaryImageOfPage\":{\"@id\":\"https:\\\/\\\/radiolitoral.com\\\/2024\\\/09\\\/golejada-del-cd-javea-a-casa-del-benferri-cf-2-5\\\/#primaryimage\"},\"image\":{\"@id\":\"https:\\\/\\\/radiolitoral.com\\\/2024\\\/09\\\/golejada-del-cd-javea-a-casa-del-benferri-cf-2-5\\\/#primaryimage\"},\"thumbnailUrl\":\"https:\\\/\\\/media.radiolitoral.com\\\/wp-content\\\/uploads\\\/2024\\\/09\\\/22211636\\\/Tomas-tras-el-partido-ante-el-Benferri-CF.jpg\",\"datePublished\":\"2024-09-22T22:03:39+00:00\",\"description\":\"El Pego CF va tornar d'Ontinyent amb un empat a zero en un partit sense massa ocasions de gol\",\"breadcrumb\":{\"@id\":\"https:\\\/\\\/radiolitoral.com\\\/2024\\\/09\\\/golejada-del-cd-javea-a-casa-del-benferri-cf-2-5\\\/#breadcrumb\"},\"inLanguage\":\"ca\",\"potentialAction\":[{\"@type\":\"ReadAction\",\"target\":[\"https:\\\/\\\/radiolitoral.com\\\/2024\\\/09\\\/golejada-del-cd-javea-a-casa-del-benferri-cf-2-5\\\/\"]}]},{\"@type\":\"ImageObject\",\"inLanguage\":\"ca\",\"@id\":\"https:\\\/\\\/radiolitoral.com\\\/2024\\\/09\\\/golejada-del-cd-javea-a-casa-del-benferri-cf-2-5\\\/#primaryimage\",\"url\":\"https:\\\/\\\/media.radiolitoral.com\\\/wp-content\\\/uploads\\\/2024\\\/09\\\/22211636\\\/Tomas-tras-el-partido-ante-el-Benferri-CF.jpg\",\"contentUrl\":\"https:\\\/\\\/media.radiolitoral.com\\\/wp-content\\\/uploads\\\/2024\\\/09\\\/22211636\\\/Tomas-tras-el-partido-ante-el-Benferri-CF.jpg\",\"width\":900,\"height\":554},{\"@type\":\"BreadcrumbList\",\"@id\":\"https:\\\/\\\/radiolitoral.com\\\/2024\\\/09\\\/golejada-del-cd-javea-a-casa-del-benferri-cf-2-5\\\/#breadcrumb\",\"itemListElement\":[{\"@type\":\"ListItem\",\"position\":1,\"name\":\"Portada\",\"item\":\"https:\\\/\\\/radiolitoral.com\\\/\"},{\"@type\":\"ListItem\",\"position\":2,\"name\":\"Golejada del CD J\u00e1vea a casa del Benferri CF (2-5)\"}]},{\"@type\":\"WebSite\",\"@id\":\"https:\\\/\\\/radiolitoral.com\\\/#website\",\"url\":\"https:\\\/\\\/radiolitoral.com\\\/\",\"name\":\"Radio Litoral\",\"description\":\"La radio local de la Marina Alta\",\"publisher\":{\"@id\":\"https:\\\/\\\/radiolitoral.com\\\/#organization\"},\"alternateName\":\"Litoral FM\",\"potentialAction\":[{\"@type\":\"SearchAction\",\"target\":{\"@type\":\"EntryPoint\",\"urlTemplate\":\"https:\\\/\\\/radiolitoral.com\\\/?s={search_term_string}\"},\"query-input\":{\"@type\":\"PropertyValueSpecification\",\"valueRequired\":true,\"valueName\":\"search_term_string\"}}],\"inLanguage\":\"ca\"},{\"@type\":\"Organization\",\"@id\":\"https:\\\/\\\/radiolitoral.com\\\/#organization\",\"name\":\"Radio Litoral\",\"url\":\"https:\\\/\\\/radiolitoral.com\\\/\",\"logo\":{\"@type\":\"ImageObject\",\"inLanguage\":\"ca\",\"@id\":\"https:\\\/\\\/radiolitoral.com\\\/#\\\/schema\\\/logo\\\/image\\\/\",\"url\":\"https:\\\/\\\/media.radiolitoral.com\\\/wp-content\\\/uploads\\\/2023\\\/02\\\/24143238\\\/CL-V-RadioLitoral696.png\",\"contentUrl\":\"https:\\\/\\\/media.radiolitoral.com\\\/wp-content\\\/uploads\\\/2023\\\/02\\\/24143238\\\/CL-V-RadioLitoral696.png\",\"width\":696,\"height\":696,\"caption\":\"Radio Litoral\"},\"image\":{\"@id\":\"https:\\\/\\\/radiolitoral.com\\\/#\\\/schema\\\/logo\\\/image\\\/\"},\"sameAs\":[\"https:\\\/\\\/www.facebook.com\\\/Laradiolitoral\\\/\"]},{\"@type\":\"Person\",\"@id\":\"https:\\\/\\\/radiolitoral.com\\\/#\\\/schema\\\/person\\\/7b1480b5caeb5acdd4ec6379caf62b22\",\"name\":\"Javier Zamora\",\"image\":{\"@type\":\"ImageObject\",\"inLanguage\":\"ca\",\"@id\":\"https:\\\/\\\/secure.gravatar.com\\\/avatar\\\/467a11f6918c7d619c4043fc6fa2d3853053107973f05b6e9c04ea6c4e3a7b3f?s=96&d=mm&r=g\",\"url\":\"https:\\\/\\\/secure.gravatar.com\\\/avatar\\\/467a11f6918c7d619c4043fc6fa2d3853053107973f05b6e9c04ea6c4e3a7b3f?s=96&d=mm&r=g\",\"contentUrl\":\"https:\\\/\\\/secure.gravatar.com\\\/avatar\\\/467a11f6918c7d619c4043fc6fa2d3853053107973f05b6e9c04ea6c4e3a7b3f?s=96&d=mm&r=g\",\"caption\":\"Javier Zamora\"},\"url\":\"https:\\\/\\\/radiolitoral.com\\\/ca\\\/author\\\/javier-zamora\\\/\"}]}<\/script>\n<!-- \/ Yoast SEO plugin. -->","yoast_head_json":{"title":"Golejada del CD X\u00e0bia a casa del Benferri CF (2-5) | R\u00e0dio Litoral","description":"El Pego CF va tornar d&#039;Ontinyent amb un empat a zero en un partit sense gaires ocasions de gol","robots":{"index":"index","follow":"follow","max-snippet":"max-snippet:-1","max-image-preview":"max-image-preview:large","max-video-preview":"max-video-preview:-1"},"canonical":"https:\/\/radiolitoral.com\/ca\/2024\/09\/golejada-del-cd-javea-a-casa-del-benferri-cf-2-5\/","og_locale":"ca_ES","og_type":"article","og_title":"Golejada del CD J\u00e1vea a casa del Benferri CF (2-5) | R\u00e0dio Litoral","og_description":"El Pego CF va tornar d'Ontinyent amb un empat a zero en un partit sense massa ocasions de gol","og_url":"https:\/\/radiolitoral.com\/ca\/2024\/09\/golejada-del-cd-javea-a-casa-del-benferri-cf-2-5\/","og_site_name":"R\u00e0dio Litoral","article_publisher":"https:\/\/www.facebook.com\/Laradiolitoral\/","article_published_time":"2024-09-22T22:03:39+00:00","og_image":[{"width":900,"height":554,"url":"https:\/\/media.radiolitoral.com\/wp-content\/uploads\/2024\/09\/22211636\/Tomas-tras-el-partido-ante-el-Benferri-CF.jpg","type":"image\/jpeg"}],"author":"Javier Zamora","twitter_card":"summary_large_image","twitter_misc":{"Escrit per":"Javier Zamora","Temps estimat de lectura":"3 minuts"},"schema":{"@context":"https:\/\/schema.org","@graph":[{"@type":"NewsArticle","@id":"https:\/\/radiolitoral.com\/2024\/09\/golejada-del-cd-javea-a-casa-del-benferri-cf-2-5\/#article","isPartOf":{"@id":"https:\/\/radiolitoral.com\/2024\/09\/golejada-del-cd-javea-a-casa-del-benferri-cf-2-5\/"},"author":{"name":"Javier Zamora","@id":"https:\/\/radiolitoral.com\/#\/schema\/person\/7b1480b5caeb5acdd4ec6379caf62b22"},"headline":"Golejada del CD J\u00e1vea a casa del Benferri CF (2-5)","datePublished":"2024-09-22T22:03:39+00:00","mainEntityOfPage":{"@id":"https:\/\/radiolitoral.com\/2024\/09\/golejada-del-cd-javea-a-casa-del-benferri-cf-2-5\/"},"wordCount":444,"commentCount":0,"publisher":{"@id":"https:\/\/radiolitoral.com\/#organization"},"image":{"@id":"https:\/\/radiolitoral.com\/2024\/09\/golejada-del-cd-javea-a-casa-del-benferri-cf-2-5\/#primaryimage"},"thumbnailUrl":"https:\/\/media.radiolitoral.com\/wp-content\/uploads\/2024\/09\/22211636\/Tomas-tras-el-partido-ante-el-Benferri-CF.jpg","keywords":["Benferri CF","CD J\u00e1vea","CDS Ontinyent","deportes","Julio Ivorra","Pego CF"],"articleSection":["Deportes"],"inLanguage":"ca","potentialAction":[{"@type":"CommentAction","name":"Comment","target":["https:\/\/radiolitoral.com\/2024\/09\/golejada-del-cd-javea-a-casa-del-benferri-cf-2-5\/#respond"]}]},{"@type":["WebPage","ItemPage"],"@id":"https:\/\/radiolitoral.com\/2024\/09\/golejada-del-cd-javea-a-casa-del-benferri-cf-2-5\/","url":"https:\/\/radiolitoral.com\/2024\/09\/golejada-del-cd-javea-a-casa-del-benferri-cf-2-5\/","name":"Golejada del CD X\u00e0bia a casa del Benferri CF (2-5) | R\u00e0dio Litoral","isPartOf":{"@id":"https:\/\/radiolitoral.com\/#website"},"primaryImageOfPage":{"@id":"https:\/\/radiolitoral.com\/2024\/09\/golejada-del-cd-javea-a-casa-del-benferri-cf-2-5\/#primaryimage"},"image":{"@id":"https:\/\/radiolitoral.com\/2024\/09\/golejada-del-cd-javea-a-casa-del-benferri-cf-2-5\/#primaryimage"},"thumbnailUrl":"https:\/\/media.radiolitoral.com\/wp-content\/uploads\/2024\/09\/22211636\/Tomas-tras-el-partido-ante-el-Benferri-CF.jpg","datePublished":"2024-09-22T22:03:39+00:00","description":"El Pego CF va tornar d&#039;Ontinyent amb un empat a zero en un partit sense gaires ocasions de gol","breadcrumb":{"@id":"https:\/\/radiolitoral.com\/2024\/09\/golejada-del-cd-javea-a-casa-del-benferri-cf-2-5\/#breadcrumb"},"inLanguage":"ca","potentialAction":[{"@type":"ReadAction","target":["https:\/\/radiolitoral.com\/2024\/09\/golejada-del-cd-javea-a-casa-del-benferri-cf-2-5\/"]}]},{"@type":"ImageObject","inLanguage":"ca","@id":"https:\/\/radiolitoral.com\/2024\/09\/golejada-del-cd-javea-a-casa-del-benferri-cf-2-5\/#primaryimage","url":"https:\/\/media.radiolitoral.com\/wp-content\/uploads\/2024\/09\/22211636\/Tomas-tras-el-partido-ante-el-Benferri-CF.jpg","contentUrl":"https:\/\/media.radiolitoral.com\/wp-content\/uploads\/2024\/09\/22211636\/Tomas-tras-el-partido-ante-el-Benferri-CF.jpg","width":900,"height":554},{"@type":"BreadcrumbList","@id":"https:\/\/radiolitoral.com\/2024\/09\/golejada-del-cd-javea-a-casa-del-benferri-cf-2-5\/#breadcrumb","itemListElement":[{"@type":"ListItem","position":1,"name":"Portada","item":"https:\/\/radiolitoral.com\/"},{"@type":"ListItem","position":2,"name":"Golejada del CD J\u00e1vea a casa del Benferri CF (2-5)"}]},{"@type":"WebSite","@id":"https:\/\/radiolitoral.com\/#website","url":"https:\/\/radiolitoral.com\/","name":"R\u00e0dio Litoral","description":"La r\u00e0dio local de la Marina Alta","publisher":{"@id":"https:\/\/radiolitoral.com\/#organization"},"alternateName":"Litoral FM","potentialAction":[{"@type":"SearchAction","target":{"@type":"EntryPoint","urlTemplate":"https:\/\/radiolitoral.com\/?s={search_term_string}"},"query-input":{"@type":"PropertyValueSpecification","valueRequired":true,"valueName":"search_term_string"}}],"inLanguage":"ca"},{"@type":"Organization","@id":"https:\/\/radiolitoral.com\/#organization","name":"R\u00e0dio Litoral","url":"https:\/\/radiolitoral.com\/","logo":{"@type":"ImageObject","inLanguage":"ca","@id":"https:\/\/radiolitoral.com\/#\/schema\/logo\/image\/","url":"https:\/\/media.radiolitoral.com\/wp-content\/uploads\/2023\/02\/24143238\/CL-V-RadioLitoral696.png","contentUrl":"https:\/\/media.radiolitoral.com\/wp-content\/uploads\/2023\/02\/24143238\/CL-V-RadioLitoral696.png","width":696,"height":696,"caption":"Radio Litoral"},"image":{"@id":"https:\/\/radiolitoral.com\/#\/schema\/logo\/image\/"},"sameAs":["https:\/\/www.facebook.com\/Laradiolitoral\/"]},{"@type":"Person","@id":"https:\/\/radiolitoral.com\/#\/schema\/person\/7b1480b5caeb5acdd4ec6379caf62b22","name":"Javier Zamora","image":{"@type":"ImageObject","inLanguage":"ca","@id":"https:\/\/secure.gravatar.com\/avatar\/467a11f6918c7d619c4043fc6fa2d3853053107973f05b6e9c04ea6c4e3a7b3f?s=96&d=mm&r=g","url":"https:\/\/secure.gravatar.com\/avatar\/467a11f6918c7d619c4043fc6fa2d3853053107973f05b6e9c04ea6c4e3a7b3f?s=96&d=mm&r=g","contentUrl":"https:\/\/secure.gravatar.com\/avatar\/467a11f6918c7d619c4043fc6fa2d3853053107973f05b6e9c04ea6c4e3a7b3f?s=96&d=mm&r=g","caption":"Javier Zamora"},"url":"https:\/\/radiolitoral.com\/ca\/author\/javier-zamora\/"}]}},"_links":{"self":[{"href":"https:\/\/radiolitoral.com\/ca\/wp-json\/wp\/v2\/posts\/11619","targetHints":{"allow":["GET"]}}],"collection":[{"href":"https:\/\/radiolitoral.com\/ca\/wp-json\/wp\/v2\/posts"}],"about":[{"href":"https:\/\/radiolitoral.com\/ca\/wp-json\/wp\/v2\/types\/post"}],"author":[{"embeddable":true,"href":"https:\/\/radiolitoral.com\/ca\/wp-json\/wp\/v2\/users\/12"}],"replies":[{"embeddable":true,"href":"https:\/\/radiolitoral.com\/ca\/wp-json\/wp\/v2\/comments?post=11619"}],"version-history":[{"count":2,"href":"https:\/\/radiolitoral.com\/ca\/wp-json\/wp\/v2\/posts\/11619\/revisions"}],"predecessor-version":[{"id":11622,"href":"https:\/\/radiolitoral.com\/ca\/wp-json\/wp\/v2\/posts\/11619\/revisions\/11622"}],"wp:featuredmedia":[{"embeddable":true,"href":"https:\/\/radiolitoral.com\/ca\/wp-json\/wp\/v2\/media\/11620"}],"wp:attachment":[{"href":"https:\/\/radiolitoral.com\/ca\/wp-json\/wp\/v2\/media?parent=11619"}],"wp:term":[{"taxonomy":"category","embeddable":true,"href":"https:\/\/radiolitoral.com\/ca\/wp-json\/wp\/v2\/categories?post=11619"},{"taxonomy":"post_tag","embeddable":true,"href":"https:\/\/radiolitoral.com\/ca\/wp-json\/wp\/v2\/tags?post=11619"}],"curies":[{"name":"wp","href":"https:\/\/api.w.org\/{rel}","templated":true}]}}